{"id":28248,"date":"2011-06-30T07:53:26","date_gmt":"2011-06-30T06:53:26","guid":{"rendered":"http:\/\/www.bellunopress.it\/?p=28248"},"modified":"2011-06-30T07:53:57","modified_gmt":"2011-06-30T06:53:57","slug":"linea-ferroviaria-padova-calalzo-informazioni-insufficienti-di-trenitalia-sulla-chiusura-dal-4-al-17-luglio","status":"publish","type":"post","link":"https:\/\/www.bellunopress.it\/fr\/2011\/06\/30\/linea-ferroviaria-padova-calalzo-informazioni-insufficienti-di-trenitalia-sulla-chiusura-dal-4-al-17-luglio\/","title":{"rendered":"Linea ferroviaria Padova-Calalzo. Informazioni insufficienti di Trenitalia sulla chiusura dal 4 al 17 luglio"},"content":{"rendered":"<p><a href=\"http:\/\/www.bellunopress.it\/wp-content\/uploads\/2011\/06\/treno.jpg\"><img loading=\"lazy\" decoding=\"async\" class=\"alignleft size-full wp-image-27955\" title=\"treno\" src=\"http:\/\/www.bellunopress.it\/wp-content\/uploads\/2011\/06\/treno.jpg\" alt=\"\" width=\"290\" height=\"193\" \/><\/a>Vorrei segnalare alcune cose riguardanti la temporanea chiusura della linea ferroviaria Padova &#8211; Calalzo da Montebelluna in su prevista dal 4 al 17 luglio.<\/p>\n<p>Le informazioni che Trenitalia e RFI hanno fornito fino ad ora sono scarse e confusionarie e credo che l&#8217;utente occasionale o turista si potrebbe trovare a disagio.<br \/>\nNella quotidianit\u00e0 di pendolari, io ed altri, abbiamo chiesto a pi\u00f9 persone di Trenitalia e guardato i tabelloni o avvisi.<br \/>\nIn sintesi:<br \/>\n&#8211; nelle stazioni non vi sono cartelli informativi che richiamino l&#8217;attenzione sui temporanei cambiamenti di servizio e chiusura linea<br \/>\n&#8211; le variazioni sono riportate sui nuovi tabelloni gialli dell&#8217;orario valido dal 12\/6 al 11\/12\/2011<br \/>\n&#8211; queste variazioni nei tabelloni non sono chiare da capire e immediate e in caso di stazione senza personale a cui chiedere \u00e8 impossibile programmarsi il viaggio<br \/>\n&#8211; i nuovi tabelloni gialli aggiornati ad oggi 30\/6 non sono ancora presenti in tutte le stazioni (mancano sicuramente a Fener e Cornuda)<br \/>\n&#8211; nei tabelloni a Padova i treni sono indicati fino a Montebelluna, non c&#8217;\u00e8 riferimento che da Montebelluna a Belluno c&#8217;\u00e8 bus<br \/>\nLeggendo i tabelloni, consultando l&#8217;orario in internet e chiedendo siamo riusciti a capire che:<br \/>\n&#8211; la linea \u00e8 chiusa solo durante i giorni lavorativi, sabato e domenica i treni circolano regolarmente con gli orari festivi<br \/>\n&#8211; le corriere sostitutive coprono la tratta Belluno-Montebelluna, ma in alcune fasce orarie Belluno &#8211; Castelfranco Veneto (e viceversa ovviamente)<br \/>\n&#8211; non tutti i treni hanno il bus sostitutivo<br \/>\n&#8211; mediamente per la tratta Feltre-Padova il tempo di percorrenza \u00e8 aumentato di mezzora circa<br \/>\n&#8211; i treni verso Padova sono previsti in arrivo a Padova di una decina di minuti pi\u00f9 tardi dell&#8217;attuale orario<br \/>\n&#8211; il bus ferma in tutte le stazioni, ma in realt\u00e0 per le stazioni pi\u00f9 piccole (Bribano, Santa Giustina, Busche, Fener, Pederobba, Levada) non arriva fino davanti alla stazione ma si ferma al generico &#8220;Strada statale bivio FS&#8221; (esistono ancora le strade statali? Ci sar\u00e0 un cartello informativo che indica il punto dove si ferma il bus? Si deve andare in stazione a fare il bilgietto e poi portarsi al bivio della statale?)<br \/>\n&#8211; da Feltre mediamente il bus parte con una decina di minuti di anticipo rispetto al treno programmato e dovrebbe arrivare a Montebelluna con circa 10 minuti di anticipo rispetto alla partenza del treno<br \/>\n&#8211; a Montebelluna (o Castelfranco) non ci sar\u00e0 comunicazione tra autista bus e capotreno, quindi se il bus \u00e8 in ritardo ed \u00e8 l&#8217;orario di partenza del treno il capotreno fa partire perch\u00e8 non ha motivo e autorizzazione di far ritardo e non \u00e8 informato se l&#8217;autobus \u00e8 arrivato o no. Ovviamente sar\u00e0 anche il contrario per il ritorno, ma forse con meno disagio.<br \/>\nRicordando che queste sono informazioni carpite qua e la e che non sono esaustive e forse neanche precisissime si spera di aver offerto almeno uno stimolo ad informarsi molto bene e per tempo.<\/p>\n<p>Lucio D&#8217;Alberto e una decina di altri pendolari bellunesi<\/p>","protected":false},"excerpt":{"rendered":"<p>Vorrei segnalare alcune cose riguardanti la temporanea chiusura della linea ferroviaria Padova &#8211; Calalzo da Montebelluna in su prevista dal 4 al 17 luglio. Le informazioni che Trenitalia e RFI hanno fornito fino ad ora sono scarse e confusionarie e credo che l&#8217;utente occasionale o turista si potrebbe trovare a disagio. Nella quotidianit\u00e0 di pendolari, [&hellip;]<\/p>\n","protected":false},"author":2,"featured_media":0,"comment_status":"closed","ping_status":"open","sticky":false,"template":"","format":"standard","meta":{"footnotes":""},"categories":[1,26],"tags":[],"class_list":["post-28248","post","type-post","status-publish","format-standard","category-leo","category-prima-pagina"],"yoast_head":"<!-- This site is optimized with the Yoast SEO plugin v28.4 - https:\/\/yoast.com\/product\/yoast-seo-wordpress\/ -->\n<title>Linea ferroviaria Padova-Calalzo. Informazioni insufficienti di Trenitalia sulla chiusura dal 4 al 17 luglio - Bellunopress - Dolomiti<\/title>\n<meta name=\"robots\" content=\"index, follow, max-snippet:-1, max-image-preview:large, max-video-preview:-1\" \/>\n<link rel=\"canonical\" href=\"https:\/\/www.bellunopress.it\/fr\/2011\/06\/30\/linea-ferroviaria-padova-calalzo-informazioni-insufficienti-di-trenitalia-sulla-chiusura-dal-4-al-17-luglio\/\" \/>\n<meta property=\"og:locale\" content=\"fr_FR\" \/>\n<meta property=\"og:type\" content=\"article\" \/>\n<meta property=\"og:title\" content=\"Linea ferroviaria Padova-Calalzo. Informazioni insufficienti di Trenitalia sulla chiusura dal 4 al 17 luglio - Bellunopress - Dolomiti\" \/>\n<meta property=\"og:description\" content=\"Vorrei segnalare alcune cose riguardanti la temporanea chiusura della linea ferroviaria Padova &#8211; Calalzo da Montebelluna in su prevista dal 4 al 17 luglio. Le informazioni che Trenitalia e RFI hanno fornito fino ad ora sono scarse e confusionarie e credo che l&#8217;utente occasionale o turista si potrebbe trovare a disagio. Nella quotidianit\u00e0 di pendolari, [&hellip;]\" \/>\n<meta property=\"og:url\" content=\"https:\/\/www.bellunopress.it\/fr\/2011\/06\/30\/linea-ferroviaria-padova-calalzo-informazioni-insufficienti-di-trenitalia-sulla-chiusura-dal-4-al-17-luglio\/\" \/>\n<meta property=\"og:site_name\" content=\"Bellunopress - Dolomiti\" \/>\n<meta property=\"article:publisher\" content=\"https:\/\/www.facebook.com\/profile.php?id=100008943462799\" \/>\n<meta property=\"article:published_time\" content=\"2011-06-30T06:53:26+00:00\" \/>\n<meta property=\"article:modified_time\" content=\"2011-06-30T06:53:57+00:00\" \/>\n<meta property=\"og:image\" content=\"http:\/\/www.bellunopress.it\/wp-content\/uploads\/2011\/06\/treno.jpg\" \/>\n<meta name=\"author\" content=\"redazione\" \/>\n<meta name=\"twitter:card\" content=\"summary_large_image\" \/>\n<meta name=\"twitter:creator\" content=\"@bellunopress\" \/>\n<meta name=\"twitter:site\" content=\"@bellunopress\" \/>\n<meta name=\"twitter:label1\" content=\"\u00c9crit par\" \/>\n\t<meta name=\"twitter:data1\" content=\"redazione\" \/>\n\t<meta name=\"twitter:label2\" content=\"Dur\u00e9e de lecture estim\u00e9e\" \/>\n\t<meta name=\"twitter:data2\" content=\"2 minutes\" \/>\n<script type=\"application\/ld+json\" class=\"yoast-schema-graph\">{\"@context\":\"https:\\\/\\\/schema.org\",\"@graph\":[{\"@type\":\"Article\",\"@id\":\"https:\\\/\\\/www.bellunopress.it\\\/2011\\\/06\\\/30\\\/linea-ferroviaria-padova-calalzo-informazioni-insufficienti-di-trenitalia-sulla-chiusura-dal-4-al-17-luglio\\\/#article\",\"isPartOf\":{\"@id\":\"https:\\\/\\\/www.bellunopress.it\\\/2011\\\/06\\\/30\\\/linea-ferroviaria-padova-calalzo-informazioni-insufficienti-di-trenitalia-sulla-chiusura-dal-4-al-17-luglio\\\/\"},\"author\":{\"name\":\"redazione\",\"@id\":\"https:\\\/\\\/www.bellunopress.it\\\/#\\\/schema\\\/person\\\/79bb06722b37ece1c03d3e94beb30d73\"},\"headline\":\"Linea ferroviaria Padova-Calalzo. Informazioni insufficienti di Trenitalia sulla chiusura dal 4 al 17 luglio\",\"datePublished\":\"2011-06-30T06:53:26+00:00\",\"dateModified\":\"2011-06-30T06:53:57+00:00\",\"mainEntityOfPage\":{\"@id\":\"https:\\\/\\\/www.bellunopress.it\\\/2011\\\/06\\\/30\\\/linea-ferroviaria-padova-calalzo-informazioni-insufficienti-di-trenitalia-sulla-chiusura-dal-4-al-17-luglio\\\/\"},\"wordCount\":498,\"publisher\":{\"@id\":\"https:\\\/\\\/www.bellunopress.it\\\/#organization\"},\"image\":{\"@id\":\"https:\\\/\\\/www.bellunopress.it\\\/2011\\\/06\\\/30\\\/linea-ferroviaria-padova-calalzo-informazioni-insufficienti-di-trenitalia-sulla-chiusura-dal-4-al-17-luglio\\\/#primaryimage\"},\"thumbnailUrl\":\"http:\\\/\\\/www.bellunopress.it\\\/wp-content\\\/uploads\\\/2011\\\/06\\\/treno.jpg\",\"articleSection\":[\"Lettere Opinioni\",\"Prima Pagina\"],\"inLanguage\":\"fr-FR\"},{\"@type\":\"WebPage\",\"@id\":\"https:\\\/\\\/www.bellunopress.it\\\/2011\\\/06\\\/30\\\/linea-ferroviaria-padova-calalzo-informazioni-insufficienti-di-trenitalia-sulla-chiusura-dal-4-al-17-luglio\\\/\",\"url\":\"https:\\\/\\\/www.bellunopress.it\\\/2011\\\/06\\\/30\\\/linea-ferroviaria-padova-calalzo-informazioni-insufficienti-di-trenitalia-sulla-chiusura-dal-4-al-17-luglio\\\/\",\"name\":\"Linea ferroviaria Padova-Calalzo. Informazioni insufficienti di Trenitalia sulla chiusura dal 4 al 17 luglio - Bellunopress - Dolomiti\",\"isPartOf\":{\"@id\":\"https:\\\/\\\/www.bellunopress.it\\\/#website\"},\"primaryImageOfPage\":{\"@id\":\"https:\\\/\\\/www.bellunopress.it\\\/2011\\\/06\\\/30\\\/linea-ferroviaria-padova-calalzo-informazioni-insufficienti-di-trenitalia-sulla-chiusura-dal-4-al-17-luglio\\\/#primaryimage\"},\"image\":{\"@id\":\"https:\\\/\\\/www.bellunopress.it\\\/2011\\\/06\\\/30\\\/linea-ferroviaria-padova-calalzo-informazioni-insufficienti-di-trenitalia-sulla-chiusura-dal-4-al-17-luglio\\\/#primaryimage\"},\"thumbnailUrl\":\"http:\\\/\\\/www.bellunopress.it\\\/wp-content\\\/uploads\\\/2011\\\/06\\\/treno.jpg\",\"datePublished\":\"2011-06-30T06:53:26+00:00\",\"dateModified\":\"2011-06-30T06:53:57+00:00\",\"breadcrumb\":{\"@id\":\"https:\\\/\\\/www.bellunopress.it\\\/2011\\\/06\\\/30\\\/linea-ferroviaria-padova-calalzo-informazioni-insufficienti-di-trenitalia-sulla-chiusura-dal-4-al-17-luglio\\\/#breadcrumb\"},\"inLanguage\":\"fr-FR\",\"potentialAction\":[{\"@type\":\"ReadAction\",\"target\":[\"https:\\\/\\\/www.bellunopress.it\\\/2011\\\/06\\\/30\\\/linea-ferroviaria-padova-calalzo-informazioni-insufficienti-di-trenitalia-sulla-chiusura-dal-4-al-17-luglio\\\/\"]}]},{\"@type\":\"ImageObject\",\"inLanguage\":\"fr-FR\",\"@id\":\"https:\\\/\\\/www.bellunopress.it\\\/2011\\\/06\\\/30\\\/linea-ferroviaria-padova-calalzo-informazioni-insufficienti-di-trenitalia-sulla-chiusura-dal-4-al-17-luglio\\\/#primaryimage\",\"url\":\"http:\\\/\\\/www.bellunopress.it\\\/wp-content\\\/uploads\\\/2011\\\/06\\\/treno.jpg\",\"contentUrl\":\"http:\\\/\\\/www.bellunopress.it\\\/wp-content\\\/uploads\\\/2011\\\/06\\\/treno.jpg\"},{\"@type\":\"BreadcrumbList\",\"@id\":\"https:\\\/\\\/www.bellunopress.it\\\/2011\\\/06\\\/30\\\/linea-ferroviaria-padova-calalzo-informazioni-insufficienti-di-trenitalia-sulla-chiusura-dal-4-al-17-luglio\\\/#breadcrumb\",\"itemListElement\":[{\"@type\":\"ListItem\",\"position\":1,\"name\":\"Home\",\"item\":\"https:\\\/\\\/www.bellunopress.it\\\/\"},{\"@type\":\"ListItem\",\"position\":2,\"name\":\"Linea ferroviaria Padova-Calalzo. Informazioni insufficienti di Trenitalia sulla chiusura dal 4 al 17 luglio\"}]},{\"@type\":\"WebSite\",\"@id\":\"https:\\\/\\\/www.bellunopress.it\\\/#website\",\"url\":\"https:\\\/\\\/www.bellunopress.it\\\/\",\"name\":\"Bellunopress - Dolomiti\",\"description\":\"e-mail: redazione@bellunopress.it\",\"publisher\":{\"@id\":\"https:\\\/\\\/www.bellunopress.it\\\/#organization\"},\"potentialAction\":[{\"@type\":\"SearchAction\",\"target\":{\"@type\":\"EntryPoint\",\"urlTemplate\":\"https:\\\/\\\/www.bellunopress.it\\\/?s={search_term_string}\"},\"query-input\":{\"@type\":\"PropertyValueSpecification\",\"valueRequired\":true,\"valueName\":\"search_term_string\"}}],\"inLanguage\":\"fr-FR\"},{\"@type\":\"Organization\",\"@id\":\"https:\\\/\\\/www.bellunopress.it\\\/#organization\",\"name\":\"Bellunopress\",\"url\":\"https:\\\/\\\/www.bellunopress.it\\\/\",\"logo\":{\"@type\":\"ImageObject\",\"inLanguage\":\"fr-FR\",\"@id\":\"https:\\\/\\\/www.bellunopress.it\\\/#\\\/schema\\\/logo\\\/image\\\/\",\"url\":\"https:\\\/\\\/www.bellunopress.it\\\/wp-content\\\/uploads\\\/2011\\\/05\\\/cropped-logo-bellunopress-.jpg\",\"contentUrl\":\"https:\\\/\\\/www.bellunopress.it\\\/wp-content\\\/uploads\\\/2011\\\/05\\\/cropped-logo-bellunopress-.jpg\",\"width\":512,\"height\":512,\"caption\":\"Bellunopress\"},\"image\":{\"@id\":\"https:\\\/\\\/www.bellunopress.it\\\/#\\\/schema\\\/logo\\\/image\\\/\"},\"sameAs\":[\"https:\\\/\\\/www.facebook.com\\\/profile.php?id=100008943462799\",\"https:\\\/\\\/x.com\\\/bellunopress\",\"https:\\\/\\\/www.linkedin.com\\\/hp\\\/?dnr=JBzUWaJfMUw8vbXJJ2tVW5-I3jZKvC4wsoxE&amp;amp;amp;amp;amp;amp;trk=nav_responsive_tab_home\",\"https:\\\/\\\/www.youtube.com\\\/channel\\\/UCxL0wu1uN0_3_7hGG0306cw\"]},{\"@type\":\"Person\",\"@id\":\"https:\\\/\\\/www.bellunopress.it\\\/#\\\/schema\\\/person\\\/79bb06722b37ece1c03d3e94beb30d73\",\"name\":\"redazione\",\"image\":{\"@type\":\"ImageObject\",\"inLanguage\":\"fr-FR\",\"@id\":\"https:\\\/\\\/secure.gravatar.com\\\/avatar\\\/37d968a2e67a6fd04c169c4bdef102d0bc5d31b2546345219e348575eb80e9a0?s=96&d=mm&r=g\",\"url\":\"https:\\\/\\\/secure.gravatar.com\\\/avatar\\\/37d968a2e67a6fd04c169c4bdef102d0bc5d31b2546345219e348575eb80e9a0?s=96&d=mm&r=g\",\"contentUrl\":\"https:\\\/\\\/secure.gravatar.com\\\/avatar\\\/37d968a2e67a6fd04c169c4bdef102d0bc5d31b2546345219e348575eb80e9a0?s=96&d=mm&r=g\",\"caption\":\"redazione\"},\"sameAs\":[\"http:\\\/\\\/www.bellunopress.it\",\"https:\\\/\\\/x.com\\\/bellunopress\"],\"url\":\"https:\\\/\\\/www.bellunopress.it\\\/fr\\\/author\\\/redazione\\\/\"}]}<\/script>\n<!-- \/ Yoast SEO plugin. -->","yoast_head_json":{"title":"Linea ferroviaria Padova-Calalzo. Informazioni insufficienti di Trenitalia sulla chiusura dal 4 al 17 luglio - Bellunopress - Dolomiti","robots":{"index":"index","follow":"follow","max-snippet":"max-snippet:-1","max-image-preview":"max-image-preview:large","max-video-preview":"max-video-preview:-1"},"canonical":"https:\/\/www.bellunopress.it\/fr\/2011\/06\/30\/linea-ferroviaria-padova-calalzo-informazioni-insufficienti-di-trenitalia-sulla-chiusura-dal-4-al-17-luglio\/","og_locale":"fr_FR","og_type":"article","og_title":"Linea ferroviaria Padova-Calalzo. Informazioni insufficienti di Trenitalia sulla chiusura dal 4 al 17 luglio - Bellunopress - Dolomiti","og_description":"Vorrei segnalare alcune cose riguardanti la temporanea chiusura della linea ferroviaria Padova &#8211; Calalzo da Montebelluna in su prevista dal 4 al 17 luglio. Le informazioni che Trenitalia e RFI hanno fornito fino ad ora sono scarse e confusionarie e credo che l&#8217;utente occasionale o turista si potrebbe trovare a disagio. Nella quotidianit\u00e0 di pendolari, [&hellip;]","og_url":"https:\/\/www.bellunopress.it\/fr\/2011\/06\/30\/linea-ferroviaria-padova-calalzo-informazioni-insufficienti-di-trenitalia-sulla-chiusura-dal-4-al-17-luglio\/","og_site_name":"Bellunopress - Dolomiti","article_publisher":"https:\/\/www.facebook.com\/profile.php?id=100008943462799","article_published_time":"2011-06-30T06:53:26+00:00","article_modified_time":"2011-06-30T06:53:57+00:00","og_image":[{"url":"http:\/\/www.bellunopress.it\/wp-content\/uploads\/2011\/06\/treno.jpg","type":"","width":"","height":""}],"author":"redazione","twitter_card":"summary_large_image","twitter_creator":"@bellunopress","twitter_site":"@bellunopress","twitter_misc":{"\u00c9crit par":"redazione","Dur\u00e9e de lecture estim\u00e9e":"2 minutes"},"schema":{"@context":"https:\/\/schema.org","@graph":[{"@type":"Article","@id":"https:\/\/www.bellunopress.it\/2011\/06\/30\/linea-ferroviaria-padova-calalzo-informazioni-insufficienti-di-trenitalia-sulla-chiusura-dal-4-al-17-luglio\/#article","isPartOf":{"@id":"https:\/\/www.bellunopress.it\/2011\/06\/30\/linea-ferroviaria-padova-calalzo-informazioni-insufficienti-di-trenitalia-sulla-chiusura-dal-4-al-17-luglio\/"},"author":{"name":"redazione","@id":"https:\/\/www.bellunopress.it\/#\/schema\/person\/79bb06722b37ece1c03d3e94beb30d73"},"headline":"Linea ferroviaria Padova-Calalzo. Informazioni insufficienti di Trenitalia sulla chiusura dal 4 al 17 luglio","datePublished":"2011-06-30T06:53:26+00:00","dateModified":"2011-06-30T06:53:57+00:00","mainEntityOfPage":{"@id":"https:\/\/www.bellunopress.it\/2011\/06\/30\/linea-ferroviaria-padova-calalzo-informazioni-insufficienti-di-trenitalia-sulla-chiusura-dal-4-al-17-luglio\/"},"wordCount":498,"publisher":{"@id":"https:\/\/www.bellunopress.it\/#organization"},"image":{"@id":"https:\/\/www.bellunopress.it\/2011\/06\/30\/linea-ferroviaria-padova-calalzo-informazioni-insufficienti-di-trenitalia-sulla-chiusura-dal-4-al-17-luglio\/#primaryimage"},"thumbnailUrl":"http:\/\/www.bellunopress.it\/wp-content\/uploads\/2011\/06\/treno.jpg","articleSection":["Lettere Opinioni","Prima Pagina"],"inLanguage":"fr-FR"},{"@type":"WebPage","@id":"https:\/\/www.bellunopress.it\/2011\/06\/30\/linea-ferroviaria-padova-calalzo-informazioni-insufficienti-di-trenitalia-sulla-chiusura-dal-4-al-17-luglio\/","url":"https:\/\/www.bellunopress.it\/2011\/06\/30\/linea-ferroviaria-padova-calalzo-informazioni-insufficienti-di-trenitalia-sulla-chiusura-dal-4-al-17-luglio\/","name":"Linea ferroviaria Padova-Calalzo. Informazioni insufficienti di Trenitalia sulla chiusura dal 4 al 17 luglio - Bellunopress - Dolomiti","isPartOf":{"@id":"https:\/\/www.bellunopress.it\/#website"},"primaryImageOfPage":{"@id":"https:\/\/www.bellunopress.it\/2011\/06\/30\/linea-ferroviaria-padova-calalzo-informazioni-insufficienti-di-trenitalia-sulla-chiusura-dal-4-al-17-luglio\/#primaryimage"},"image":{"@id":"https:\/\/www.bellunopress.it\/2011\/06\/30\/linea-ferroviaria-padova-calalzo-informazioni-insufficienti-di-trenitalia-sulla-chiusura-dal-4-al-17-luglio\/#primaryimage"},"thumbnailUrl":"http:\/\/www.bellunopress.it\/wp-content\/uploads\/2011\/06\/treno.jpg","datePublished":"2011-06-30T06:53:26+00:00","dateModified":"2011-06-30T06:53:57+00:00","breadcrumb":{"@id":"https:\/\/www.bellunopress.it\/2011\/06\/30\/linea-ferroviaria-padova-calalzo-informazioni-insufficienti-di-trenitalia-sulla-chiusura-dal-4-al-17-luglio\/#breadcrumb"},"inLanguage":"fr-FR","potentialAction":[{"@type":"ReadAction","target":["https:\/\/www.bellunopress.it\/2011\/06\/30\/linea-ferroviaria-padova-calalzo-informazioni-insufficienti-di-trenitalia-sulla-chiusura-dal-4-al-17-luglio\/"]}]},{"@type":"ImageObject","inLanguage":"fr-FR","@id":"https:\/\/www.bellunopress.it\/2011\/06\/30\/linea-ferroviaria-padova-calalzo-informazioni-insufficienti-di-trenitalia-sulla-chiusura-dal-4-al-17-luglio\/#primaryimage","url":"http:\/\/www.bellunopress.it\/wp-content\/uploads\/2011\/06\/treno.jpg","contentUrl":"http:\/\/www.bellunopress.it\/wp-content\/uploads\/2011\/06\/treno.jpg"},{"@type":"BreadcrumbList","@id":"https:\/\/www.bellunopress.it\/2011\/06\/30\/linea-ferroviaria-padova-calalzo-informazioni-insufficienti-di-trenitalia-sulla-chiusura-dal-4-al-17-luglio\/#breadcrumb","itemListElement":[{"@type":"ListItem","position":1,"name":"Home","item":"https:\/\/www.bellunopress.it\/"},{"@type":"ListItem","position":2,"name":"Linea ferroviaria Padova-Calalzo. Informazioni insufficienti di Trenitalia sulla chiusura dal 4 al 17 luglio"}]},{"@type":"WebSite","@id":"https:\/\/www.bellunopress.it\/#website","url":"https:\/\/www.bellunopress.it\/","name":"Bellunopress - Dolomiti","description":"e-mail: redazione@bellunopress.it","publisher":{"@id":"https:\/\/www.bellunopress.it\/#organization"},"potentialAction":[{"@type":"SearchAction","target":{"@type":"EntryPoint","urlTemplate":"https:\/\/www.bellunopress.it\/?s={search_term_string}"},"query-input":{"@type":"PropertyValueSpecification","valueRequired":true,"valueName":"search_term_string"}}],"inLanguage":"fr-FR"},{"@type":"Organization","@id":"https:\/\/www.bellunopress.it\/#organization","name":"Bellunopress","url":"https:\/\/www.bellunopress.it\/","logo":{"@type":"ImageObject","inLanguage":"fr-FR","@id":"https:\/\/www.bellunopress.it\/#\/schema\/logo\/image\/","url":"https:\/\/www.bellunopress.it\/wp-content\/uploads\/2011\/05\/cropped-logo-bellunopress-.jpg","contentUrl":"https:\/\/www.bellunopress.it\/wp-content\/uploads\/2011\/05\/cropped-logo-bellunopress-.jpg","width":512,"height":512,"caption":"Bellunopress"},"image":{"@id":"https:\/\/www.bellunopress.it\/#\/schema\/logo\/image\/"},"sameAs":["https:\/\/www.facebook.com\/profile.php?id=100008943462799","https:\/\/x.com\/bellunopress","https:\/\/www.linkedin.com\/hp\/?dnr=JBzUWaJfMUw8vbXJJ2tVW5-I3jZKvC4wsoxE&amp;amp;amp;amp;amp;amp;trk=nav_responsive_tab_home","https:\/\/www.youtube.com\/channel\/UCxL0wu1uN0_3_7hGG0306cw"]},{"@type":"Person","@id":"https:\/\/www.bellunopress.it\/#\/schema\/person\/79bb06722b37ece1c03d3e94beb30d73","name":"r\u00e9daction","image":{"@type":"ImageObject","inLanguage":"fr-FR","@id":"https:\/\/secure.gravatar.com\/avatar\/37d968a2e67a6fd04c169c4bdef102d0bc5d31b2546345219e348575eb80e9a0?s=96&d=mm&r=g","url":"https:\/\/secure.gravatar.com\/avatar\/37d968a2e67a6fd04c169c4bdef102d0bc5d31b2546345219e348575eb80e9a0?s=96&d=mm&r=g","contentUrl":"https:\/\/secure.gravatar.com\/avatar\/37d968a2e67a6fd04c169c4bdef102d0bc5d31b2546345219e348575eb80e9a0?s=96&d=mm&r=g","caption":"redazione"},"sameAs":["http:\/\/www.bellunopress.it","https:\/\/x.com\/bellunopress"],"url":"https:\/\/www.bellunopress.it\/fr\/author\/redazione\/"}]}},"_links":{"self":[{"href":"https:\/\/www.bellunopress.it\/fr\/wp-json\/wp\/v2\/posts\/28248","targetHints":{"allow":["GET"]}}],"collection":[{"href":"https:\/\/www.bellunopress.it\/fr\/wp-json\/wp\/v2\/posts"}],"about":[{"href":"https:\/\/www.bellunopress.it\/fr\/wp-json\/wp\/v2\/types\/post"}],"author":[{"embeddable":true,"href":"https:\/\/www.bellunopress.it\/fr\/wp-json\/wp\/v2\/users\/2"}],"replies":[{"embeddable":true,"href":"https:\/\/www.bellunopress.it\/fr\/wp-json\/wp\/v2\/comments?post=28248"}],"version-history":[{"count":3,"href":"https:\/\/www.bellunopress.it\/fr\/wp-json\/wp\/v2\/posts\/28248\/revisions"}],"predecessor-version":[{"id":28251,"href":"https:\/\/www.bellunopress.it\/fr\/wp-json\/wp\/v2\/posts\/28248\/revisions\/28251"}],"wp:attachment":[{"href":"https:\/\/www.bellunopress.it\/fr\/wp-json\/wp\/v2\/media?parent=28248"}],"wp:term":[{"taxonomy":"category","embeddable":true,"href":"https:\/\/www.bellunopress.it\/fr\/wp-json\/wp\/v2\/categories?post=28248"},{"taxonomy":"post_tag","embeddable":true,"href":"https:\/\/www.bellunopress.it\/fr\/wp-json\/wp\/v2\/tags?post=28248"}],"curies":[{"name":"wp","href":"https:\/\/api.w.org\/{rel}","templated":true}]}}