{"id":28246,"date":"2011-06-30T07:34:48","date_gmt":"2011-06-30T06:34:48","guid":{"rendered":"http:\/\/www.bellunopress.it\/?p=28246"},"modified":"2011-06-30T07:34:48","modified_gmt":"2011-06-30T06:34:48","slug":"green-volley-estivo-memorial-bolina-fino-a-venerdi-le-iscrizioni","status":"publish","type":"post","link":"https:\/\/www.bellunopress.it\/fr\/2011\/06\/30\/green-volley-estivo-memorial-bolina-fino-a-venerdi-le-iscrizioni\/","title":{"rendered":"Green volley estivo Memorial Bolina: fino a venerd\u00ec le iscrizioni"},"content":{"rendered":"<p><a href=\"http:\/\/www.bellunopress.it\/wp-content\/uploads\/2009\/11\/volley-leggeriss.jpg\"><img loading=\"lazy\" decoding=\"async\" class=\"alignleft size-full wp-image-10017\" title=\"volley-leggeriss\" src=\"http:\/\/www.bellunopress.it\/wp-content\/uploads\/2009\/11\/volley-leggeriss.jpg\" alt=\"\" width=\"130\" height=\"130\" \/><\/a>Venerdi sera si chiudono le iscrizioni per la seconda tappa della GVL 2011, il circuito del green volley estivo. Si va a Sedico per la terza edizione del &#8220;Memorial Bolina&#8221; ospitato presso la Sagra degli Alpini di Sedico. Si tratta sempre di un 3&#215;3 misto con inizio sabato 2 luglio alle ore 14.00 e le iscrizioni si effettuano online all&#8217;indirizzo <a href=\"http:\/\/www.greenvolleyleague.it\">www.greenvolleyleague.it<\/a> entro venerdi 1 luglio alle ore 20.30. L&#8217;organizzazione aspetta tutti gli atleti che hanno partecipato alla prima tappa, il Trofeo Otim Sport, per continuare sul campo la battagla per la scalata della classifica finale. La novit\u00e0 di quest&#8217;anno prevede classifiche divise fra tesserati e non tesserati, sia in campo maschile che femminile.<br \/>\nDi seguito le classifiche aggioranate dopo la prima tappa.<br \/>\nClassifica Maschile Tesserati<br \/>\n1. Mattia Murer : 25 punti<br \/>\n2. Marco Volpato : 25 punti<br \/>\n3. Alessandro Lotto : 20 punti<br \/>\n4. Giovanni Candeago : 20 punti<br \/>\n5. Marco Milani : 20 punti<br \/>\n6. Luca Val : 16 punti<br \/>\n7. Roberto Da Pian : 16 punti<br \/>\n8. Michele Bernard : 15 punti<br \/>\n9. Luca Dell&#8217;Andrea : 15 punti<br \/>\n10. Emanuele Feltrin : 15 punti<br \/>\n11. Tommaso Pavan : 14 punti<br \/>\n12. Luca Reali : 14 punti<br \/>\n13. Luca Gallina : 13 punti<br \/>\n14. Thomas Fabris : 12 punti<br \/>\n15. Omar Dal Pont : 12 punti<br \/>\n16. Alessandro Forcellini : 11 punti<br \/>\n17. Matteo Piazzetta : 10 punti<br \/>\n18. Alessandro Da Rold : 10 punti<br \/>\n19. Gabriele D&#8217;Inca&#8217; : 9 punti<br \/>\n20. Stefano Colferai : 9 punti<br \/>\n21. Alex Paganin : 8 punti<br \/>\n22. Luca Carlin : 8 punti<br \/>\n23. Maurizio Da Rold : 6 punti<br \/>\n24. Fabio Reolon : 6 punti<br \/>\n25. Giacomo Bianchini : 5 punti<br \/>\n26. Alessandro Pasquali : 5 punti<br \/>\n27. Roberto Donadel : 4 punti<br \/>\n28. Roberto Dassi : 3 punti<br \/>\n29. Luca Ferigo : 3 punti<br \/>\nClassifica Femminile Tesserate<br \/>\n1. Lisa Savietto : 25 punti<br \/>\n2. Serena Susanna : 20 punti<br \/>\n3. Martina Bonata : 20 punti<br \/>\n4. Sara De Faveri : 16 punti<br \/>\n5. Beatrice Della Vedova : 15 punti<br \/>\n6. Marta Bianchini : 14 punti<br \/>\n7. Marta Mongillo : 13 punti<br \/>\n8. Alessia Gallio : 12 punti<br \/>\n9. Elisabetta Gava : 12 punti<br \/>\n10. Francesca Minute : 10 punti<br \/>\n11. Annalaura Canova : 10 punti<br \/>\n12. Sabrina Gardelliniano Vattolo : 9 punti<br \/>\n13. Valentina Dalla Cort : 8 punti<br \/>\n14. Alessia Da Rold : 6 punti<br \/>\n15. Beatrice Da Via : 5 punti<br \/>\n16. Giada Donadel : 4 punti<br \/>\n17. Melanie Vallet : 3 punti<br \/>\nClassifica Maschile Non Tesserati<br \/>\n1. Francesco Arreghini : 13 punti<br \/>\n2. Claudio Comelli : 11 punti<br \/>\n3. Alvio Bernard : 7 punti<br \/>\n4. Roberto Fama&#8217; : 7 punti<br \/>\n5. Roberto Marta : 4 punti<br \/>\nClassifica Femminile Non Tesserate<br \/>\n1. Michela Forcellini : 16 punti<br \/>\n2. Marta Paris : 13 punti<br \/>\n3. Mariaelena Capovilla : 11 punti<br \/>\n4. Carlotta Dal Fior : 7 punti<br \/>\n5. Laura Da Gioz : 4 punti<\/p>\n<p>&nbsp;<\/p>\n<p>&nbsp;<\/p>","protected":false},"excerpt":{"rendered":"<p>Venerdi sera si chiudono le iscrizioni per la seconda tappa della GVL 2011, il circuito del green volley estivo. Si va a Sedico per la terza edizione del &#8220;Memorial Bolina&#8221; ospitato presso la Sagra degli Alpini di Sedico. Si tratta sempre di un 3&#215;3 misto con inizio sabato 2 luglio alle ore 14.00 e le [&hellip;]<\/p>\n","protected":false},"author":2,"featured_media":0,"comment_status":"closed","ping_status":"open","sticky":false,"template":"","format":"standard","meta":{"footnotes":""},"categories":[26,4],"tags":[],"class_list":["post-28246","post","type-post","status-publish","format-standard","category-prima-pagina","category-sport"],"yoast_head":"<!-- This site is optimized with the Yoast SEO plugin v28.4 - https:\/\/yoast.com\/product\/yoast-seo-wordpress\/ -->\n<title>Green volley estivo Memorial Bolina: fino a venerd\u00ec le iscrizioni - Bellunopress - Dolomiti<\/title>\n<meta name=\"robots\" content=\"index, follow, max-snippet:-1, max-image-preview:large, max-video-preview:-1\" \/>\n<link rel=\"canonical\" href=\"https:\/\/www.bellunopress.it\/fr\/2011\/06\/30\/green-volley-estivo-memorial-bolina-fino-a-venerdi-le-iscrizioni\/\" \/>\n<meta property=\"og:locale\" content=\"fr_FR\" \/>\n<meta property=\"og:type\" content=\"article\" \/>\n<meta property=\"og:title\" content=\"Green volley estivo Memorial Bolina: fino a venerd\u00ec le iscrizioni - Bellunopress - Dolomiti\" \/>\n<meta property=\"og:description\" content=\"Venerdi sera si chiudono le iscrizioni per la seconda tappa della GVL 2011, il circuito del green volley estivo. Si va a Sedico per la terza edizione del &#8220;Memorial Bolina&#8221; ospitato presso la Sagra degli Alpini di Sedico. Si tratta sempre di un 3&#215;3 misto con inizio sabato 2 luglio alle ore 14.00 e le [&hellip;]\" \/>\n<meta property=\"og:url\" content=\"https:\/\/www.bellunopress.it\/fr\/2011\/06\/30\/green-volley-estivo-memorial-bolina-fino-a-venerdi-le-iscrizioni\/\" \/>\n<meta property=\"og:site_name\" content=\"Bellunopress - Dolomiti\" \/>\n<meta property=\"article:publisher\" content=\"https:\/\/www.facebook.com\/profile.php?id=100008943462799\" \/>\n<meta property=\"article:published_time\" content=\"2011-06-30T06:34:48+00:00\" \/>\n<meta property=\"og:image\" content=\"http:\/\/www.bellunopress.it\/wp-content\/uploads\/2009\/11\/volley-leggeriss.jpg\" \/>\n<meta name=\"author\" content=\"redazione\" \/>\n<meta name=\"twitter:card\" content=\"summary_large_image\" \/>\n<meta name=\"twitter:creator\" content=\"@bellunopress\" \/>\n<meta name=\"twitter:site\" content=\"@bellunopress\" \/>\n<meta name=\"twitter:label1\" content=\"\u00c9crit par\" \/>\n\t<meta name=\"twitter:data1\" content=\"redazione\" \/>\n\t<meta name=\"twitter:label2\" content=\"Dur\u00e9e de lecture estim\u00e9e\" \/>\n\t<meta name=\"twitter:data2\" content=\"2 minutes\" \/>\n<script type=\"application\/ld+json\" class=\"yoast-schema-graph\">{\"@context\":\"https:\\\/\\\/schema.org\",\"@graph\":[{\"@type\":\"Article\",\"@id\":\"https:\\\/\\\/www.bellunopress.it\\\/2011\\\/06\\\/30\\\/green-volley-estivo-memorial-bolina-fino-a-venerdi-le-iscrizioni\\\/#article\",\"isPartOf\":{\"@id\":\"https:\\\/\\\/www.bellunopress.it\\\/2011\\\/06\\\/30\\\/green-volley-estivo-memorial-bolina-fino-a-venerdi-le-iscrizioni\\\/\"},\"author\":{\"name\":\"redazione\",\"@id\":\"https:\\\/\\\/www.bellunopress.it\\\/#\\\/schema\\\/person\\\/79bb06722b37ece1c03d3e94beb30d73\"},\"headline\":\"Green volley estivo Memorial Bolina: fino a venerd\u00ec le iscrizioni\",\"datePublished\":\"2011-06-30T06:34:48+00:00\",\"mainEntityOfPage\":{\"@id\":\"https:\\\/\\\/www.bellunopress.it\\\/2011\\\/06\\\/30\\\/green-volley-estivo-memorial-bolina-fino-a-venerdi-le-iscrizioni\\\/\"},\"wordCount\":330,\"publisher\":{\"@id\":\"https:\\\/\\\/www.bellunopress.it\\\/#organization\"},\"image\":{\"@id\":\"https:\\\/\\\/www.bellunopress.it\\\/2011\\\/06\\\/30\\\/green-volley-estivo-memorial-bolina-fino-a-venerdi-le-iscrizioni\\\/#primaryimage\"},\"thumbnailUrl\":\"http:\\\/\\\/www.bellunopress.it\\\/wp-content\\\/uploads\\\/2009\\\/11\\\/volley-leggeriss.jpg\",\"articleSection\":[\"Prima Pagina\",\"Sport, tempo libero\"],\"inLanguage\":\"fr-FR\"},{\"@type\":\"WebPage\",\"@id\":\"https:\\\/\\\/www.bellunopress.it\\\/2011\\\/06\\\/30\\\/green-volley-estivo-memorial-bolina-fino-a-venerdi-le-iscrizioni\\\/\",\"url\":\"https:\\\/\\\/www.bellunopress.it\\\/2011\\\/06\\\/30\\\/green-volley-estivo-memorial-bolina-fino-a-venerdi-le-iscrizioni\\\/\",\"name\":\"Green volley estivo Memorial Bolina: fino a venerd\u00ec le iscrizioni - Bellunopress - Dolomiti\",\"isPartOf\":{\"@id\":\"https:\\\/\\\/www.bellunopress.it\\\/#website\"},\"primaryImageOfPage\":{\"@id\":\"https:\\\/\\\/www.bellunopress.it\\\/2011\\\/06\\\/30\\\/green-volley-estivo-memorial-bolina-fino-a-venerdi-le-iscrizioni\\\/#primaryimage\"},\"image\":{\"@id\":\"https:\\\/\\\/www.bellunopress.it\\\/2011\\\/06\\\/30\\\/green-volley-estivo-memorial-bolina-fino-a-venerdi-le-iscrizioni\\\/#primaryimage\"},\"thumbnailUrl\":\"http:\\\/\\\/www.bellunopress.it\\\/wp-content\\\/uploads\\\/2009\\\/11\\\/volley-leggeriss.jpg\",\"datePublished\":\"2011-06-30T06:34:48+00:00\",\"breadcrumb\":{\"@id\":\"https:\\\/\\\/www.bellunopress.it\\\/2011\\\/06\\\/30\\\/green-volley-estivo-memorial-bolina-fino-a-venerdi-le-iscrizioni\\\/#breadcrumb\"},\"inLanguage\":\"fr-FR\",\"potentialAction\":[{\"@type\":\"ReadAction\",\"target\":[\"https:\\\/\\\/www.bellunopress.it\\\/2011\\\/06\\\/30\\\/green-volley-estivo-memorial-bolina-fino-a-venerdi-le-iscrizioni\\\/\"]}]},{\"@type\":\"ImageObject\",\"inLanguage\":\"fr-FR\",\"@id\":\"https:\\\/\\\/www.bellunopress.it\\\/2011\\\/06\\\/30\\\/green-volley-estivo-memorial-bolina-fino-a-venerdi-le-iscrizioni\\\/#primaryimage\",\"url\":\"http:\\\/\\\/www.bellunopress.it\\\/wp-content\\\/uploads\\\/2009\\\/11\\\/volley-leggeriss.jpg\",\"contentUrl\":\"http:\\\/\\\/www.bellunopress.it\\\/wp-content\\\/uploads\\\/2009\\\/11\\\/volley-leggeriss.jpg\"},{\"@type\":\"BreadcrumbList\",\"@id\":\"https:\\\/\\\/www.bellunopress.it\\\/2011\\\/06\\\/30\\\/green-volley-estivo-memorial-bolina-fino-a-venerdi-le-iscrizioni\\\/#breadcrumb\",\"itemListElement\":[{\"@type\":\"ListItem\",\"position\":1,\"name\":\"Home\",\"item\":\"https:\\\/\\\/www.bellunopress.it\\\/\"},{\"@type\":\"ListItem\",\"position\":2,\"name\":\"Green volley estivo Memorial Bolina: fino a venerd\u00ec le iscrizioni\"}]},{\"@type\":\"WebSite\",\"@id\":\"https:\\\/\\\/www.bellunopress.it\\\/#website\",\"url\":\"https:\\\/\\\/www.bellunopress.it\\\/\",\"name\":\"Bellunopress - Dolomiti\",\"description\":\"e-mail: redazione@bellunopress.it\",\"publisher\":{\"@id\":\"https:\\\/\\\/www.bellunopress.it\\\/#organization\"},\"potentialAction\":[{\"@type\":\"SearchAction\",\"target\":{\"@type\":\"EntryPoint\",\"urlTemplate\":\"https:\\\/\\\/www.bellunopress.it\\\/?s={search_term_string}\"},\"query-input\":{\"@type\":\"PropertyValueSpecification\",\"valueRequired\":true,\"valueName\":\"search_term_string\"}}],\"inLanguage\":\"fr-FR\"},{\"@type\":\"Organization\",\"@id\":\"https:\\\/\\\/www.bellunopress.it\\\/#organization\",\"name\":\"Bellunopress\",\"url\":\"https:\\\/\\\/www.bellunopress.it\\\/\",\"logo\":{\"@type\":\"ImageObject\",\"inLanguage\":\"fr-FR\",\"@id\":\"https:\\\/\\\/www.bellunopress.it\\\/#\\\/schema\\\/logo\\\/image\\\/\",\"url\":\"https:\\\/\\\/www.bellunopress.it\\\/wp-content\\\/uploads\\\/2011\\\/05\\\/cropped-logo-bellunopress-.jpg\",\"contentUrl\":\"https:\\\/\\\/www.bellunopress.it\\\/wp-content\\\/uploads\\\/2011\\\/05\\\/cropped-logo-bellunopress-.jpg\",\"width\":512,\"height\":512,\"caption\":\"Bellunopress\"},\"image\":{\"@id\":\"https:\\\/\\\/www.bellunopress.it\\\/#\\\/schema\\\/logo\\\/image\\\/\"},\"sameAs\":[\"https:\\\/\\\/www.facebook.com\\\/profile.php?id=100008943462799\",\"https:\\\/\\\/x.com\\\/bellunopress\",\"https:\\\/\\\/www.linkedin.com\\\/hp\\\/?dnr=JBzUWaJfMUw8vbXJJ2tVW5-I3jZKvC4wsoxE&amp;amp;amp;amp;amp;amp;trk=nav_responsive_tab_home\",\"https:\\\/\\\/www.youtube.com\\\/channel\\\/UCxL0wu1uN0_3_7hGG0306cw\"]},{\"@type\":\"Person\",\"@id\":\"https:\\\/\\\/www.bellunopress.it\\\/#\\\/schema\\\/person\\\/79bb06722b37ece1c03d3e94beb30d73\",\"name\":\"redazione\",\"image\":{\"@type\":\"ImageObject\",\"inLanguage\":\"fr-FR\",\"@id\":\"https:\\\/\\\/secure.gravatar.com\\\/avatar\\\/37d968a2e67a6fd04c169c4bdef102d0bc5d31b2546345219e348575eb80e9a0?s=96&d=mm&r=g\",\"url\":\"https:\\\/\\\/secure.gravatar.com\\\/avatar\\\/37d968a2e67a6fd04c169c4bdef102d0bc5d31b2546345219e348575eb80e9a0?s=96&d=mm&r=g\",\"contentUrl\":\"https:\\\/\\\/secure.gravatar.com\\\/avatar\\\/37d968a2e67a6fd04c169c4bdef102d0bc5d31b2546345219e348575eb80e9a0?s=96&d=mm&r=g\",\"caption\":\"redazione\"},\"sameAs\":[\"http:\\\/\\\/www.bellunopress.it\",\"https:\\\/\\\/x.com\\\/bellunopress\"],\"url\":\"https:\\\/\\\/www.bellunopress.it\\\/fr\\\/author\\\/redazione\\\/\"}]}<\/script>\n<!-- \/ Yoast SEO plugin. -->","yoast_head_json":{"title":"Green volley estivo Memorial Bolina: fino a venerd\u00ec le iscrizioni - Bellunopress - Dolomiti","robots":{"index":"index","follow":"follow","max-snippet":"max-snippet:-1","max-image-preview":"max-image-preview:large","max-video-preview":"max-video-preview:-1"},"canonical":"https:\/\/www.bellunopress.it\/fr\/2011\/06\/30\/green-volley-estivo-memorial-bolina-fino-a-venerdi-le-iscrizioni\/","og_locale":"fr_FR","og_type":"article","og_title":"Green volley estivo Memorial Bolina: fino a venerd\u00ec le iscrizioni - Bellunopress - Dolomiti","og_description":"Venerdi sera si chiudono le iscrizioni per la seconda tappa della GVL 2011, il circuito del green volley estivo. Si va a Sedico per la terza edizione del &#8220;Memorial Bolina&#8221; ospitato presso la Sagra degli Alpini di Sedico. Si tratta sempre di un 3&#215;3 misto con inizio sabato 2 luglio alle ore 14.00 e le [&hellip;]","og_url":"https:\/\/www.bellunopress.it\/fr\/2011\/06\/30\/green-volley-estivo-memorial-bolina-fino-a-venerdi-le-iscrizioni\/","og_site_name":"Bellunopress - Dolomiti","article_publisher":"https:\/\/www.facebook.com\/profile.php?id=100008943462799","article_published_time":"2011-06-30T06:34:48+00:00","og_image":[{"url":"http:\/\/www.bellunopress.it\/wp-content\/uploads\/2009\/11\/volley-leggeriss.jpg","type":"","width":"","height":""}],"author":"redazione","twitter_card":"summary_large_image","twitter_creator":"@bellunopress","twitter_site":"@bellunopress","twitter_misc":{"\u00c9crit par":"redazione","Dur\u00e9e de lecture estim\u00e9e":"2 minutes"},"schema":{"@context":"https:\/\/schema.org","@graph":[{"@type":"Article","@id":"https:\/\/www.bellunopress.it\/2011\/06\/30\/green-volley-estivo-memorial-bolina-fino-a-venerdi-le-iscrizioni\/#article","isPartOf":{"@id":"https:\/\/www.bellunopress.it\/2011\/06\/30\/green-volley-estivo-memorial-bolina-fino-a-venerdi-le-iscrizioni\/"},"author":{"name":"redazione","@id":"https:\/\/www.bellunopress.it\/#\/schema\/person\/79bb06722b37ece1c03d3e94beb30d73"},"headline":"Green volley estivo Memorial Bolina: fino a venerd\u00ec le iscrizioni","datePublished":"2011-06-30T06:34:48+00:00","mainEntityOfPage":{"@id":"https:\/\/www.bellunopress.it\/2011\/06\/30\/green-volley-estivo-memorial-bolina-fino-a-venerdi-le-iscrizioni\/"},"wordCount":330,"publisher":{"@id":"https:\/\/www.bellunopress.it\/#organization"},"image":{"@id":"https:\/\/www.bellunopress.it\/2011\/06\/30\/green-volley-estivo-memorial-bolina-fino-a-venerdi-le-iscrizioni\/#primaryimage"},"thumbnailUrl":"http:\/\/www.bellunopress.it\/wp-content\/uploads\/2009\/11\/volley-leggeriss.jpg","articleSection":["Prima Pagina","Sport, tempo libero"],"inLanguage":"fr-FR"},{"@type":"WebPage","@id":"https:\/\/www.bellunopress.it\/2011\/06\/30\/green-volley-estivo-memorial-bolina-fino-a-venerdi-le-iscrizioni\/","url":"https:\/\/www.bellunopress.it\/2011\/06\/30\/green-volley-estivo-memorial-bolina-fino-a-venerdi-le-iscrizioni\/","name":"Green volley estivo Memorial Bolina: fino a venerd\u00ec le iscrizioni - Bellunopress - Dolomiti","isPartOf":{"@id":"https:\/\/www.bellunopress.it\/#website"},"primaryImageOfPage":{"@id":"https:\/\/www.bellunopress.it\/2011\/06\/30\/green-volley-estivo-memorial-bolina-fino-a-venerdi-le-iscrizioni\/#primaryimage"},"image":{"@id":"https:\/\/www.bellunopress.it\/2011\/06\/30\/green-volley-estivo-memorial-bolina-fino-a-venerdi-le-iscrizioni\/#primaryimage"},"thumbnailUrl":"http:\/\/www.bellunopress.it\/wp-content\/uploads\/2009\/11\/volley-leggeriss.jpg","datePublished":"2011-06-30T06:34:48+00:00","breadcrumb":{"@id":"https:\/\/www.bellunopress.it\/2011\/06\/30\/green-volley-estivo-memorial-bolina-fino-a-venerdi-le-iscrizioni\/#breadcrumb"},"inLanguage":"fr-FR","potentialAction":[{"@type":"ReadAction","target":["https:\/\/www.bellunopress.it\/2011\/06\/30\/green-volley-estivo-memorial-bolina-fino-a-venerdi-le-iscrizioni\/"]}]},{"@type":"ImageObject","inLanguage":"fr-FR","@id":"https:\/\/www.bellunopress.it\/2011\/06\/30\/green-volley-estivo-memorial-bolina-fino-a-venerdi-le-iscrizioni\/#primaryimage","url":"http:\/\/www.bellunopress.it\/wp-content\/uploads\/2009\/11\/volley-leggeriss.jpg","contentUrl":"http:\/\/www.bellunopress.it\/wp-content\/uploads\/2009\/11\/volley-leggeriss.jpg"},{"@type":"BreadcrumbList","@id":"https:\/\/www.bellunopress.it\/2011\/06\/30\/green-volley-estivo-memorial-bolina-fino-a-venerdi-le-iscrizioni\/#breadcrumb","itemListElement":[{"@type":"ListItem","position":1,"name":"Home","item":"https:\/\/www.bellunopress.it\/"},{"@type":"ListItem","position":2,"name":"Green volley estivo Memorial Bolina: fino a venerd\u00ec le iscrizioni"}]},{"@type":"WebSite","@id":"https:\/\/www.bellunopress.it\/#website","url":"https:\/\/www.bellunopress.it\/","name":"Bellunopress - Dolomiti","description":"e-mail: redazione@bellunopress.it","publisher":{"@id":"https:\/\/www.bellunopress.it\/#organization"},"potentialAction":[{"@type":"SearchAction","target":{"@type":"EntryPoint","urlTemplate":"https:\/\/www.bellunopress.it\/?s={search_term_string}"},"query-input":{"@type":"PropertyValueSpecification","valueRequired":true,"valueName":"search_term_string"}}],"inLanguage":"fr-FR"},{"@type":"Organization","@id":"https:\/\/www.bellunopress.it\/#organization","name":"Bellunopress","url":"https:\/\/www.bellunopress.it\/","logo":{"@type":"ImageObject","inLanguage":"fr-FR","@id":"https:\/\/www.bellunopress.it\/#\/schema\/logo\/image\/","url":"https:\/\/www.bellunopress.it\/wp-content\/uploads\/2011\/05\/cropped-logo-bellunopress-.jpg","contentUrl":"https:\/\/www.bellunopress.it\/wp-content\/uploads\/2011\/05\/cropped-logo-bellunopress-.jpg","width":512,"height":512,"caption":"Bellunopress"},"image":{"@id":"https:\/\/www.bellunopress.it\/#\/schema\/logo\/image\/"},"sameAs":["https:\/\/www.facebook.com\/profile.php?id=100008943462799","https:\/\/x.com\/bellunopress","https:\/\/www.linkedin.com\/hp\/?dnr=JBzUWaJfMUw8vbXJJ2tVW5-I3jZKvC4wsoxE&amp;amp;amp;amp;amp;amp;trk=nav_responsive_tab_home","https:\/\/www.youtube.com\/channel\/UCxL0wu1uN0_3_7hGG0306cw"]},{"@type":"Person","@id":"https:\/\/www.bellunopress.it\/#\/schema\/person\/79bb06722b37ece1c03d3e94beb30d73","name":"r\u00e9daction","image":{"@type":"ImageObject","inLanguage":"fr-FR","@id":"https:\/\/secure.gravatar.com\/avatar\/37d968a2e67a6fd04c169c4bdef102d0bc5d31b2546345219e348575eb80e9a0?s=96&d=mm&r=g","url":"https:\/\/secure.gravatar.com\/avatar\/37d968a2e67a6fd04c169c4bdef102d0bc5d31b2546345219e348575eb80e9a0?s=96&d=mm&r=g","contentUrl":"https:\/\/secure.gravatar.com\/avatar\/37d968a2e67a6fd04c169c4bdef102d0bc5d31b2546345219e348575eb80e9a0?s=96&d=mm&r=g","caption":"redazione"},"sameAs":["http:\/\/www.bellunopress.it","https:\/\/x.com\/bellunopress"],"url":"https:\/\/www.bellunopress.it\/fr\/author\/redazione\/"}]}},"_links":{"self":[{"href":"https:\/\/www.bellunopress.it\/fr\/wp-json\/wp\/v2\/posts\/28246","targetHints":{"allow":["GET"]}}],"collection":[{"href":"https:\/\/www.bellunopress.it\/fr\/wp-json\/wp\/v2\/posts"}],"about":[{"href":"https:\/\/www.bellunopress.it\/fr\/wp-json\/wp\/v2\/types\/post"}],"author":[{"embeddable":true,"href":"https:\/\/www.bellunopress.it\/fr\/wp-json\/wp\/v2\/users\/2"}],"replies":[{"embeddable":true,"href":"https:\/\/www.bellunopress.it\/fr\/wp-json\/wp\/v2\/comments?post=28246"}],"version-history":[{"count":1,"href":"https:\/\/www.bellunopress.it\/fr\/wp-json\/wp\/v2\/posts\/28246\/revisions"}],"predecessor-version":[{"id":28247,"href":"https:\/\/www.bellunopress.it\/fr\/wp-json\/wp\/v2\/posts\/28246\/revisions\/28247"}],"wp:attachment":[{"href":"https:\/\/www.bellunopress.it\/fr\/wp-json\/wp\/v2\/media?parent=28246"}],"wp:term":[{"taxonomy":"category","embeddable":true,"href":"https:\/\/www.bellunopress.it\/fr\/wp-json\/wp\/v2\/categories?post=28246"},{"taxonomy":"post_tag","embeddable":true,"href":"https:\/\/www.bellunopress.it\/fr\/wp-json\/wp\/v2\/tags?post=28246"}],"curies":[{"name":"wp","href":"https:\/\/api.w.org\/{rel}","templated":true}]}}