{"id":2824,"date":"2009-04-18T21:34:22","date_gmt":"2009-04-18T20:34:22","guid":{"rendered":"http:\/\/www.bellunopress.it\/?p=2824"},"modified":"2009-04-18T21:34:22","modified_gmt":"2009-04-18T20:34:22","slug":"col-cavalier-lintervento-del-coordinatore-pd-valerio-tabacchi-sugli-svarioni-dellassessore-regionale-chisso","status":"publish","type":"post","link":"https:\/\/www.bellunopress.it\/fr\/2009\/04\/18\/col-cavalier-lintervento-del-coordinatore-pd-valerio-tabacchi-sugli-svarioni-dellassessore-regionale-chisso\/","title":{"rendered":"Col Cavalier: l&#8217;intervento del coordinatore Pd Valerio Tabacchi sugli svarioni dell&#8217;assessore regionale Chisso"},"content":{"rendered":"<p><a href=\"http:\/\/www.bellunopress.it\/wp-content\/uploads\/2009\/03\/valerio-tabacchi-80x80.jpg\"><img loading=\"lazy\" decoding=\"async\" class=\"alignleft size-medium wp-image-1225\" title=\"valerio-tabacchi-80x80\" src=\"http:\/\/www.bellunopress.it\/wp-content\/uploads\/2009\/03\/valerio-tabacchi-80x80.jpg\" alt=\"\" width=\"80\" height=\"80\" \/><\/a>&#8220;Ma non era Renato Chisso il politico che lo scorso luglio si scagli\u00f2 contro \u201cle polemiche che portano soltanto via tempo alla politica del fare\u201d? A chiederselo \u00e8 il coordinatore provinciale del Pd Valerio Tabacchi, che interviene su quanto ha affermato l&#8217;assessore regionale Chisso &#8220;Capisco che siamo prossimi alla campagna elettorale- prosegue Tabacchi &#8211;\u00a0 ma l\u2019assessore regionale ieri, nella passerella propagandistica anti Provincia organizzata dal Bim, ha esagerato tacciando il Presidente Reolon di slogan, proclami e chiacchiere vuote. L\u2019assessore Chisso sa benissimo che oggi il Col Cavalier \u00e8 una realt\u00e0 grazie al lavoro svolto da Reolon. Senza i numerosi incontri sollecitati e tenuti a Venezia con lo stesso assessore Chisso e i vari gruppi consiliari e a Roma con i vertici del Governo di allora, aiutati in ci\u00f2 dai parlamentari del centro sinistra bellunese, oggi quest\u2019opera non sarebbe stata finanziata. Il Presidente Reolon ancora una volta ha saputo farsi portavoce degli interessi dei bellunesi e portare a casa un risultato storico, per questo i bellunesi, sia di destra che di sinistra, lo apprezzano&#8221;.<\/p>","protected":false},"excerpt":{"rendered":"<p>&#8220;Ma non era Renato Chisso il politico che lo scorso luglio si scagli\u00f2 contro \u201cle polemiche che portano soltanto via tempo alla politica del fare\u201d? A chiederselo \u00e8 il coordinatore provinciale del Pd Valerio Tabacchi, che interviene su quanto ha affermato l&#8217;assessore regionale Chisso &#8220;Capisco che siamo prossimi alla campagna elettorale- prosegue Tabacchi &#8211;\u00a0 ma [&hellip;]<\/p>\n","protected":false},"author":2,"featured_media":0,"comment_status":"closed","ping_status":"open","sticky":false,"template":"","format":"standard","meta":{"footnotes":""},"categories":[5,26],"tags":[139],"class_list":["post-2824","post","type-post","status-publish","format-standard","category-cronaca","category-prima-pagina","tag-belluno"],"yoast_head":"<!-- This site is optimized with the Yoast SEO plugin v28.4 - https:\/\/yoast.com\/product\/yoast-seo-wordpress\/ -->\n<title>Col Cavalier: l&#039;intervento del coordinatore Pd Valerio Tabacchi sugli svarioni dell&#039;assessore regionale Chisso - Bellunopress - Dolomiti<\/title>\n<meta name=\"robots\" content=\"index, follow, max-snippet:-1, max-image-preview:large, max-video-preview:-1\" \/>\n<link rel=\"canonical\" href=\"https:\/\/www.bellunopress.it\/fr\/2009\/04\/18\/col-cavalier-lintervento-del-coordinatore-pd-valerio-tabacchi-sugli-svarioni-dellassessore-regionale-chisso\/\" \/>\n<meta property=\"og:locale\" content=\"fr_FR\" \/>\n<meta property=\"og:type\" content=\"article\" \/>\n<meta property=\"og:title\" content=\"Col Cavalier: l&#039;intervento del coordinatore Pd Valerio Tabacchi sugli svarioni dell&#039;assessore regionale Chisso - Bellunopress - Dolomiti\" \/>\n<meta property=\"og:description\" content=\"&#8220;Ma non era Renato Chisso il politico che lo scorso luglio si scagli\u00f2 contro \u201cle polemiche che portano soltanto via tempo alla politica del fare\u201d? A chiederselo \u00e8 il coordinatore provinciale del Pd Valerio Tabacchi, che interviene su quanto ha affermato l&#8217;assessore regionale Chisso &#8220;Capisco che siamo prossimi alla campagna elettorale- prosegue Tabacchi &#8211;\u00a0 ma [&hellip;]\" \/>\n<meta property=\"og:url\" content=\"https:\/\/www.bellunopress.it\/fr\/2009\/04\/18\/col-cavalier-lintervento-del-coordinatore-pd-valerio-tabacchi-sugli-svarioni-dellassessore-regionale-chisso\/\" \/>\n<meta property=\"og:site_name\" content=\"Bellunopress - Dolomiti\" \/>\n<meta property=\"article:publisher\" content=\"https:\/\/www.facebook.com\/profile.php?id=100008943462799\" \/>\n<meta property=\"article:published_time\" content=\"2009-04-18T20:34:22+00:00\" \/>\n<meta property=\"og:image\" content=\"http:\/\/www.bellunopress.it\/wp-content\/uploads\/2009\/03\/valerio-tabacchi-80x80.jpg\" \/>\n<meta name=\"author\" content=\"redazione\" \/>\n<meta name=\"twitter:card\" content=\"summary_large_image\" \/>\n<meta name=\"twitter:creator\" content=\"@bellunopress\" \/>\n<meta name=\"twitter:site\" content=\"@bellunopress\" \/>\n<meta name=\"twitter:label1\" content=\"\u00c9crit par\" \/>\n\t<meta name=\"twitter:data1\" content=\"redazione\" \/>\n\t<meta name=\"twitter:label2\" content=\"Dur\u00e9e de lecture estim\u00e9e\" \/>\n\t<meta name=\"twitter:data2\" content=\"1 minute\" \/>\n<script type=\"application\/ld+json\" class=\"yoast-schema-graph\">{\"@context\":\"https:\\\/\\\/schema.org\",\"@graph\":[{\"@type\":\"Article\",\"@id\":\"https:\\\/\\\/www.bellunopress.it\\\/2009\\\/04\\\/18\\\/col-cavalier-lintervento-del-coordinatore-pd-valerio-tabacchi-sugli-svarioni-dellassessore-regionale-chisso\\\/#article\",\"isPartOf\":{\"@id\":\"https:\\\/\\\/www.bellunopress.it\\\/2009\\\/04\\\/18\\\/col-cavalier-lintervento-del-coordinatore-pd-valerio-tabacchi-sugli-svarioni-dellassessore-regionale-chisso\\\/\"},\"author\":{\"name\":\"redazione\",\"@id\":\"https:\\\/\\\/www.bellunopress.it\\\/#\\\/schema\\\/person\\\/79bb06722b37ece1c03d3e94beb30d73\"},\"headline\":\"Col Cavalier: l&#8217;intervento del coordinatore Pd Valerio Tabacchi sugli svarioni dell&#8217;assessore regionale Chisso\",\"datePublished\":\"2009-04-18T20:34:22+00:00\",\"mainEntityOfPage\":{\"@id\":\"https:\\\/\\\/www.bellunopress.it\\\/2009\\\/04\\\/18\\\/col-cavalier-lintervento-del-coordinatore-pd-valerio-tabacchi-sugli-svarioni-dellassessore-regionale-chisso\\\/\"},\"wordCount\":190,\"publisher\":{\"@id\":\"https:\\\/\\\/www.bellunopress.it\\\/#organization\"},\"image\":{\"@id\":\"https:\\\/\\\/www.bellunopress.it\\\/2009\\\/04\\\/18\\\/col-cavalier-lintervento-del-coordinatore-pd-valerio-tabacchi-sugli-svarioni-dellassessore-regionale-chisso\\\/#primaryimage\"},\"thumbnailUrl\":\"http:\\\/\\\/www.bellunopress.it\\\/wp-content\\\/uploads\\\/2009\\\/03\\\/valerio-tabacchi-80x80.jpg\",\"keywords\":[\"Belluno\"],\"articleSection\":[\"Cronaca\\\/Politica\",\"Prima Pagina\"],\"inLanguage\":\"fr-FR\"},{\"@type\":\"WebPage\",\"@id\":\"https:\\\/\\\/www.bellunopress.it\\\/2009\\\/04\\\/18\\\/col-cavalier-lintervento-del-coordinatore-pd-valerio-tabacchi-sugli-svarioni-dellassessore-regionale-chisso\\\/\",\"url\":\"https:\\\/\\\/www.bellunopress.it\\\/2009\\\/04\\\/18\\\/col-cavalier-lintervento-del-coordinatore-pd-valerio-tabacchi-sugli-svarioni-dellassessore-regionale-chisso\\\/\",\"name\":\"Col Cavalier: l'intervento del coordinatore Pd Valerio Tabacchi sugli svarioni dell'assessore regionale Chisso - Bellunopress - Dolomiti\",\"isPartOf\":{\"@id\":\"https:\\\/\\\/www.bellunopress.it\\\/#website\"},\"primaryImageOfPage\":{\"@id\":\"https:\\\/\\\/www.bellunopress.it\\\/2009\\\/04\\\/18\\\/col-cavalier-lintervento-del-coordinatore-pd-valerio-tabacchi-sugli-svarioni-dellassessore-regionale-chisso\\\/#primaryimage\"},\"image\":{\"@id\":\"https:\\\/\\\/www.bellunopress.it\\\/2009\\\/04\\\/18\\\/col-cavalier-lintervento-del-coordinatore-pd-valerio-tabacchi-sugli-svarioni-dellassessore-regionale-chisso\\\/#primaryimage\"},\"thumbnailUrl\":\"http:\\\/\\\/www.bellunopress.it\\\/wp-content\\\/uploads\\\/2009\\\/03\\\/valerio-tabacchi-80x80.jpg\",\"datePublished\":\"2009-04-18T20:34:22+00:00\",\"breadcrumb\":{\"@id\":\"https:\\\/\\\/www.bellunopress.it\\\/2009\\\/04\\\/18\\\/col-cavalier-lintervento-del-coordinatore-pd-valerio-tabacchi-sugli-svarioni-dellassessore-regionale-chisso\\\/#breadcrumb\"},\"inLanguage\":\"fr-FR\",\"potentialAction\":[{\"@type\":\"ReadAction\",\"target\":[\"https:\\\/\\\/www.bellunopress.it\\\/2009\\\/04\\\/18\\\/col-cavalier-lintervento-del-coordinatore-pd-valerio-tabacchi-sugli-svarioni-dellassessore-regionale-chisso\\\/\"]}]},{\"@type\":\"ImageObject\",\"inLanguage\":\"fr-FR\",\"@id\":\"https:\\\/\\\/www.bellunopress.it\\\/2009\\\/04\\\/18\\\/col-cavalier-lintervento-del-coordinatore-pd-valerio-tabacchi-sugli-svarioni-dellassessore-regionale-chisso\\\/#primaryimage\",\"url\":\"http:\\\/\\\/www.bellunopress.it\\\/wp-content\\\/uploads\\\/2009\\\/03\\\/valerio-tabacchi-80x80.jpg\",\"contentUrl\":\"http:\\\/\\\/www.bellunopress.it\\\/wp-content\\\/uploads\\\/2009\\\/03\\\/valerio-tabacchi-80x80.jpg\"},{\"@type\":\"BreadcrumbList\",\"@id\":\"https:\\\/\\\/www.bellunopress.it\\\/2009\\\/04\\\/18\\\/col-cavalier-lintervento-del-coordinatore-pd-valerio-tabacchi-sugli-svarioni-dellassessore-regionale-chisso\\\/#breadcrumb\",\"itemListElement\":[{\"@type\":\"ListItem\",\"position\":1,\"name\":\"Home\",\"item\":\"https:\\\/\\\/www.bellunopress.it\\\/\"},{\"@type\":\"ListItem\",\"position\":2,\"name\":\"Col Cavalier: l&#8217;intervento del coordinatore Pd Valerio Tabacchi sugli svarioni dell&#8217;assessore regionale Chisso\"}]},{\"@type\":\"WebSite\",\"@id\":\"https:\\\/\\\/www.bellunopress.it\\\/#website\",\"url\":\"https:\\\/\\\/www.bellunopress.it\\\/\",\"name\":\"Bellunopress - Dolomiti\",\"description\":\"e-mail: redazione@bellunopress.it\",\"publisher\":{\"@id\":\"https:\\\/\\\/www.bellunopress.it\\\/#organization\"},\"potentialAction\":[{\"@type\":\"SearchAction\",\"target\":{\"@type\":\"EntryPoint\",\"urlTemplate\":\"https:\\\/\\\/www.bellunopress.it\\\/?s={search_term_string}\"},\"query-input\":{\"@type\":\"PropertyValueSpecification\",\"valueRequired\":true,\"valueName\":\"search_term_string\"}}],\"inLanguage\":\"fr-FR\"},{\"@type\":\"Organization\",\"@id\":\"https:\\\/\\\/www.bellunopress.it\\\/#organization\",\"name\":\"Bellunopress\",\"url\":\"https:\\\/\\\/www.bellunopress.it\\\/\",\"logo\":{\"@type\":\"ImageObject\",\"inLanguage\":\"fr-FR\",\"@id\":\"https:\\\/\\\/www.bellunopress.it\\\/#\\\/schema\\\/logo\\\/image\\\/\",\"url\":\"https:\\\/\\\/www.bellunopress.it\\\/wp-content\\\/uploads\\\/2011\\\/05\\\/cropped-logo-bellunopress-.jpg\",\"contentUrl\":\"https:\\\/\\\/www.bellunopress.it\\\/wp-content\\\/uploads\\\/2011\\\/05\\\/cropped-logo-bellunopress-.jpg\",\"width\":512,\"height\":512,\"caption\":\"Bellunopress\"},\"image\":{\"@id\":\"https:\\\/\\\/www.bellunopress.it\\\/#\\\/schema\\\/logo\\\/image\\\/\"},\"sameAs\":[\"https:\\\/\\\/www.facebook.com\\\/profile.php?id=100008943462799\",\"https:\\\/\\\/x.com\\\/bellunopress\",\"https:\\\/\\\/www.linkedin.com\\\/hp\\\/?dnr=JBzUWaJfMUw8vbXJJ2tVW5-I3jZKvC4wsoxE&amp;amp;amp;amp;amp;amp;trk=nav_responsive_tab_home\",\"https:\\\/\\\/www.youtube.com\\\/channel\\\/UCxL0wu1uN0_3_7hGG0306cw\"]},{\"@type\":\"Person\",\"@id\":\"https:\\\/\\\/www.bellunopress.it\\\/#\\\/schema\\\/person\\\/79bb06722b37ece1c03d3e94beb30d73\",\"name\":\"redazione\",\"image\":{\"@type\":\"ImageObject\",\"inLanguage\":\"fr-FR\",\"@id\":\"https:\\\/\\\/secure.gravatar.com\\\/avatar\\\/37d968a2e67a6fd04c169c4bdef102d0bc5d31b2546345219e348575eb80e9a0?s=96&d=mm&r=g\",\"url\":\"https:\\\/\\\/secure.gravatar.com\\\/avatar\\\/37d968a2e67a6fd04c169c4bdef102d0bc5d31b2546345219e348575eb80e9a0?s=96&d=mm&r=g\",\"contentUrl\":\"https:\\\/\\\/secure.gravatar.com\\\/avatar\\\/37d968a2e67a6fd04c169c4bdef102d0bc5d31b2546345219e348575eb80e9a0?s=96&d=mm&r=g\",\"caption\":\"redazione\"},\"sameAs\":[\"http:\\\/\\\/www.bellunopress.it\",\"https:\\\/\\\/x.com\\\/bellunopress\"],\"url\":\"https:\\\/\\\/www.bellunopress.it\\\/fr\\\/author\\\/redazione\\\/\"}]}<\/script>\n<!-- \/ Yoast SEO plugin. -->","yoast_head_json":{"title":"Col Cavalier: l'intervento del coordinatore Pd Valerio Tabacchi sugli svarioni dell'assessore regionale Chisso - Bellunopress - Dolomiti","robots":{"index":"index","follow":"follow","max-snippet":"max-snippet:-1","max-image-preview":"max-image-preview:large","max-video-preview":"max-video-preview:-1"},"canonical":"https:\/\/www.bellunopress.it\/fr\/2009\/04\/18\/col-cavalier-lintervento-del-coordinatore-pd-valerio-tabacchi-sugli-svarioni-dellassessore-regionale-chisso\/","og_locale":"fr_FR","og_type":"article","og_title":"Col Cavalier: l'intervento del coordinatore Pd Valerio Tabacchi sugli svarioni dell'assessore regionale Chisso - Bellunopress - Dolomiti","og_description":"&#8220;Ma non era Renato Chisso il politico che lo scorso luglio si scagli\u00f2 contro \u201cle polemiche che portano soltanto via tempo alla politica del fare\u201d? A chiederselo \u00e8 il coordinatore provinciale del Pd Valerio Tabacchi, che interviene su quanto ha affermato l&#8217;assessore regionale Chisso &#8220;Capisco che siamo prossimi alla campagna elettorale- prosegue Tabacchi &#8211;\u00a0 ma [&hellip;]","og_url":"https:\/\/www.bellunopress.it\/fr\/2009\/04\/18\/col-cavalier-lintervento-del-coordinatore-pd-valerio-tabacchi-sugli-svarioni-dellassessore-regionale-chisso\/","og_site_name":"Bellunopress - Dolomiti","article_publisher":"https:\/\/www.facebook.com\/profile.php?id=100008943462799","article_published_time":"2009-04-18T20:34:22+00:00","og_image":[{"url":"http:\/\/www.bellunopress.it\/wp-content\/uploads\/2009\/03\/valerio-tabacchi-80x80.jpg","type":"","width":"","height":""}],"author":"redazione","twitter_card":"summary_large_image","twitter_creator":"@bellunopress","twitter_site":"@bellunopress","twitter_misc":{"\u00c9crit par":"redazione","Dur\u00e9e de lecture estim\u00e9e":"1 minute"},"schema":{"@context":"https:\/\/schema.org","@graph":[{"@type":"Article","@id":"https:\/\/www.bellunopress.it\/2009\/04\/18\/col-cavalier-lintervento-del-coordinatore-pd-valerio-tabacchi-sugli-svarioni-dellassessore-regionale-chisso\/#article","isPartOf":{"@id":"https:\/\/www.bellunopress.it\/2009\/04\/18\/col-cavalier-lintervento-del-coordinatore-pd-valerio-tabacchi-sugli-svarioni-dellassessore-regionale-chisso\/"},"author":{"name":"redazione","@id":"https:\/\/www.bellunopress.it\/#\/schema\/person\/79bb06722b37ece1c03d3e94beb30d73"},"headline":"Col Cavalier: l&#8217;intervento del coordinatore Pd Valerio Tabacchi sugli svarioni dell&#8217;assessore regionale Chisso","datePublished":"2009-04-18T20:34:22+00:00","mainEntityOfPage":{"@id":"https:\/\/www.bellunopress.it\/2009\/04\/18\/col-cavalier-lintervento-del-coordinatore-pd-valerio-tabacchi-sugli-svarioni-dellassessore-regionale-chisso\/"},"wordCount":190,"publisher":{"@id":"https:\/\/www.bellunopress.it\/#organization"},"image":{"@id":"https:\/\/www.bellunopress.it\/2009\/04\/18\/col-cavalier-lintervento-del-coordinatore-pd-valerio-tabacchi-sugli-svarioni-dellassessore-regionale-chisso\/#primaryimage"},"thumbnailUrl":"http:\/\/www.bellunopress.it\/wp-content\/uploads\/2009\/03\/valerio-tabacchi-80x80.jpg","keywords":["Belluno"],"articleSection":["Cronaca\/Politica","Prima Pagina"],"inLanguage":"fr-FR"},{"@type":"WebPage","@id":"https:\/\/www.bellunopress.it\/2009\/04\/18\/col-cavalier-lintervento-del-coordinatore-pd-valerio-tabacchi-sugli-svarioni-dellassessore-regionale-chisso\/","url":"https:\/\/www.bellunopress.it\/2009\/04\/18\/col-cavalier-lintervento-del-coordinatore-pd-valerio-tabacchi-sugli-svarioni-dellassessore-regionale-chisso\/","name":"Col Cavalier: l'intervento del coordinatore Pd Valerio Tabacchi sugli svarioni dell'assessore regionale Chisso - Bellunopress - Dolomiti","isPartOf":{"@id":"https:\/\/www.bellunopress.it\/#website"},"primaryImageOfPage":{"@id":"https:\/\/www.bellunopress.it\/2009\/04\/18\/col-cavalier-lintervento-del-coordinatore-pd-valerio-tabacchi-sugli-svarioni-dellassessore-regionale-chisso\/#primaryimage"},"image":{"@id":"https:\/\/www.bellunopress.it\/2009\/04\/18\/col-cavalier-lintervento-del-coordinatore-pd-valerio-tabacchi-sugli-svarioni-dellassessore-regionale-chisso\/#primaryimage"},"thumbnailUrl":"http:\/\/www.bellunopress.it\/wp-content\/uploads\/2009\/03\/valerio-tabacchi-80x80.jpg","datePublished":"2009-04-18T20:34:22+00:00","breadcrumb":{"@id":"https:\/\/www.bellunopress.it\/2009\/04\/18\/col-cavalier-lintervento-del-coordinatore-pd-valerio-tabacchi-sugli-svarioni-dellassessore-regionale-chisso\/#breadcrumb"},"inLanguage":"fr-FR","potentialAction":[{"@type":"ReadAction","target":["https:\/\/www.bellunopress.it\/2009\/04\/18\/col-cavalier-lintervento-del-coordinatore-pd-valerio-tabacchi-sugli-svarioni-dellassessore-regionale-chisso\/"]}]},{"@type":"ImageObject","inLanguage":"fr-FR","@id":"https:\/\/www.bellunopress.it\/2009\/04\/18\/col-cavalier-lintervento-del-coordinatore-pd-valerio-tabacchi-sugli-svarioni-dellassessore-regionale-chisso\/#primaryimage","url":"http:\/\/www.bellunopress.it\/wp-content\/uploads\/2009\/03\/valerio-tabacchi-80x80.jpg","contentUrl":"http:\/\/www.bellunopress.it\/wp-content\/uploads\/2009\/03\/valerio-tabacchi-80x80.jpg"},{"@type":"BreadcrumbList","@id":"https:\/\/www.bellunopress.it\/2009\/04\/18\/col-cavalier-lintervento-del-coordinatore-pd-valerio-tabacchi-sugli-svarioni-dellassessore-regionale-chisso\/#breadcrumb","itemListElement":[{"@type":"ListItem","position":1,"name":"Home","item":"https:\/\/www.bellunopress.it\/"},{"@type":"ListItem","position":2,"name":"Col Cavalier: l&#8217;intervento del coordinatore Pd Valerio Tabacchi sugli svarioni dell&#8217;assessore regionale Chisso"}]},{"@type":"WebSite","@id":"https:\/\/www.bellunopress.it\/#website","url":"https:\/\/www.bellunopress.it\/","name":"Bellunopress - Dolomiti","description":"e-mail: redazione@bellunopress.it","publisher":{"@id":"https:\/\/www.bellunopress.it\/#organization"},"potentialAction":[{"@type":"SearchAction","target":{"@type":"EntryPoint","urlTemplate":"https:\/\/www.bellunopress.it\/?s={search_term_string}"},"query-input":{"@type":"PropertyValueSpecification","valueRequired":true,"valueName":"search_term_string"}}],"inLanguage":"fr-FR"},{"@type":"Organization","@id":"https:\/\/www.bellunopress.it\/#organization","name":"Bellunopress","url":"https:\/\/www.bellunopress.it\/","logo":{"@type":"ImageObject","inLanguage":"fr-FR","@id":"https:\/\/www.bellunopress.it\/#\/schema\/logo\/image\/","url":"https:\/\/www.bellunopress.it\/wp-content\/uploads\/2011\/05\/cropped-logo-bellunopress-.jpg","contentUrl":"https:\/\/www.bellunopress.it\/wp-content\/uploads\/2011\/05\/cropped-logo-bellunopress-.jpg","width":512,"height":512,"caption":"Bellunopress"},"image":{"@id":"https:\/\/www.bellunopress.it\/#\/schema\/logo\/image\/"},"sameAs":["https:\/\/www.facebook.com\/profile.php?id=100008943462799","https:\/\/x.com\/bellunopress","https:\/\/www.linkedin.com\/hp\/?dnr=JBzUWaJfMUw8vbXJJ2tVW5-I3jZKvC4wsoxE&amp;amp;amp;amp;amp;amp;trk=nav_responsive_tab_home","https:\/\/www.youtube.com\/channel\/UCxL0wu1uN0_3_7hGG0306cw"]},{"@type":"Person","@id":"https:\/\/www.bellunopress.it\/#\/schema\/person\/79bb06722b37ece1c03d3e94beb30d73","name":"r\u00e9daction","image":{"@type":"ImageObject","inLanguage":"fr-FR","@id":"https:\/\/secure.gravatar.com\/avatar\/37d968a2e67a6fd04c169c4bdef102d0bc5d31b2546345219e348575eb80e9a0?s=96&d=mm&r=g","url":"https:\/\/secure.gravatar.com\/avatar\/37d968a2e67a6fd04c169c4bdef102d0bc5d31b2546345219e348575eb80e9a0?s=96&d=mm&r=g","contentUrl":"https:\/\/secure.gravatar.com\/avatar\/37d968a2e67a6fd04c169c4bdef102d0bc5d31b2546345219e348575eb80e9a0?s=96&d=mm&r=g","caption":"redazione"},"sameAs":["http:\/\/www.bellunopress.it","https:\/\/x.com\/bellunopress"],"url":"https:\/\/www.bellunopress.it\/fr\/author\/redazione\/"}]}},"_links":{"self":[{"href":"https:\/\/www.bellunopress.it\/fr\/wp-json\/wp\/v2\/posts\/2824","targetHints":{"allow":["GET"]}}],"collection":[{"href":"https:\/\/www.bellunopress.it\/fr\/wp-json\/wp\/v2\/posts"}],"about":[{"href":"https:\/\/www.bellunopress.it\/fr\/wp-json\/wp\/v2\/types\/post"}],"author":[{"embeddable":true,"href":"https:\/\/www.bellunopress.it\/fr\/wp-json\/wp\/v2\/users\/2"}],"replies":[{"embeddable":true,"href":"https:\/\/www.bellunopress.it\/fr\/wp-json\/wp\/v2\/comments?post=2824"}],"version-history":[{"count":1,"href":"https:\/\/www.bellunopress.it\/fr\/wp-json\/wp\/v2\/posts\/2824\/revisions"}],"predecessor-version":[{"id":2825,"href":"https:\/\/www.bellunopress.it\/fr\/wp-json\/wp\/v2\/posts\/2824\/revisions\/2825"}],"wp:attachment":[{"href":"https:\/\/www.bellunopress.it\/fr\/wp-json\/wp\/v2\/media?parent=2824"}],"wp:term":[{"taxonomy":"category","embeddable":true,"href":"https:\/\/www.bellunopress.it\/fr\/wp-json\/wp\/v2\/categories?post=2824"},{"taxonomy":"post_tag","embeddable":true,"href":"https:\/\/www.bellunopress.it\/fr\/wp-json\/wp\/v2\/tags?post=2824"}],"curies":[{"name":"wp","href":"https:\/\/api.w.org\/{rel}","templated":true}]}}