{"id":28225,"date":"2011-06-29T21:02:47","date_gmt":"2011-06-29T20:02:47","guid":{"rendered":"http:\/\/www.bellunopress.it\/?p=28225"},"modified":"2011-06-29T21:02:47","modified_gmt":"2011-06-29T20:02:47","slug":"dopo-le-miss-le-igieniste-dentali-e-le-soubrette-il-pdl-affronta-la-questione-della-formazione-%e2%80%9cla-classe-politica-deve-studiare-lobiettivo-e-una-scuola-di-formazione-per-i-futuri-ammini","status":"publish","type":"post","link":"https:\/\/www.bellunopress.it\/fr\/2011\/06\/29\/dopo-le-miss-le-igieniste-dentali-e-le-soubrette-il-pdl-affronta-la-questione-della-formazione-%e2%80%9cla-classe-politica-deve-studiare-lobiettivo-e-una-scuola-di-formazione-per-i-futuri-ammini\/","title":{"rendered":"Dopo le miss, le igieniste dentali e le soubrette, il Pdl affronta la questione della formazione: \u201cla classe politica deve studiare. L&#8217;obiettivo \u00e8 una scuola di formazione per i futuri amministratori del Nord-est\u201d"},"content":{"rendered":"<p><a href=\"http:\/\/www.bellunopress.it\/wp-content\/uploads\/2011\/06\/berlusconi-soubrette.jpg\"><img loading=\"lazy\" decoding=\"async\" class=\"alignleft size-full wp-image-28226\" title=\"berlusconi soubrette\" src=\"http:\/\/www.bellunopress.it\/wp-content\/uploads\/2011\/06\/berlusconi-soubrette.jpg\" alt=\"\" width=\"140\" height=\"140\" \/><\/a>&#8220;La prossima sfida sar\u00e0 la formazione di tutti i futuri amministratori del Nordest. Il nostro sogno \u00e8 che la Scuola di formazione politica del Circolo Veneto diventi regionale. La politica non si improvvisa perch\u00e8 senza una solida preparazione non si va da nessuna parte&#8221;.<br \/>\nCos\u00ec il vicepresidente della giunta regionale Marino Zorzato ha chiuso i lavori dell&#8217;ultima serata della Scuola di formazione politica nata all&#8217;interno del Circolo Veneto, la realt\u00e0 guidata dall&#8217;onorevole del Pdl Cesare Campa. Una realt\u00e0 importante che dal 1999 conta centinaia di iscritti e che quest&#8217;anno ha formato circa una novantina di aspiranti amministratori sul tema della Costituzione.<br \/>\nLa serata di consegna degli attestati &#8211; al Novotel di Mestre &#8211;\u00a0 \u00e8 stato il momento per fare il punto della situazione a Nordest, in particolare sul fronte della formazione della nuova classe politica moderata.<br \/>\nA gettare il cuore oltre l&#8217;ostacolo \u00e8 stato proprio il vicepresidente della giunta regionale Zorzato convinto della necessit\u00e0 di estendere questo modello vincente a tutto il Veneto, prospettiva lanciata e condivisa dallo stesso capogruppo del Pdl in Consiglio regionale Dario Bond. &#8220;Abbiamo bisogno di amici critici con cui dialogare e confrontarci, per questo bisogna mettersi in discussione e studiare. In questi mesi, al di l\u00e0 delle diverse letture politiche, mi sono reso conto che \u00e8 riesplosa la voglia di partecipazione. E&#8217; un segnale positivo, da coltivare&#8221;, ha affermato il vicepresidente della giunta.<br \/>\nCome esempio da imitare per le nuove leve Zorzato ha citato i sindaci veneti del Pdl: &#8220;Lavorano spesso nell&#8217;ombra, senza proclami, ma lavorano sodo. Diciamolo una volta per tutte che i nostri sindaci, oltre a essere la maggioranza dei primi cittadini veneti, sono bravi. Hanno la cultura del fare&#8221;.<br \/>\nE dell&#8217;esigenza di tornare al territorio ha parlato il consigliere regionale del Pdl Moreno Teso: &#8220;C&#8217;\u00e8 la necessit\u00e0 per i politici di stare con i piedi per terra. Oggi, in tanti casi, c&#8217;\u00e8 troppa presunzione. Anche per questo una scuola di formazione regionale \u00e8 una scommessa che dobbiamo vincere&#8221;.<br \/>\nMa Teso ha proposto di compiere un passo successivo: &#8220;L&#8217;ideale sarebbe arrivare a una selezione dei migliori anche in vista della formazione delle liste, magari proprio attraverso la frequenza a questi corsi&#8221;.<br \/>\nE di politica e giovani ha parlato l&#8217;assessore regionale alla mobilit\u00e0 Renato Chisso, che ha fatto leva su due concetti per lui basilari: &#8220;Passione e voglia di imparare. Senza non si va da nessuna parte. La politica non \u00e8 improvvisazione, ma comprensione del territorio e ascolto&#8221;.<br \/>\nVisibilmente emozionato per il successo dell&#8217;iniziativa l&#8217;onorevole Cesare Campa: &#8220;Non c&#8217;\u00e8 politica senza confronto, anche per questo durante le nostre lezioni abbiamo invitato studiosi ed esperti di diverse sensibilit\u00e0. Adesso siamo pronti a nuove sfide. La regionalizzazione della formazione per i futuri amministratori di area moderata \u00e8 un nostra sfida precisa, condivisa dallo stesso capogruppo del Pdl Dario Bond&#8221;.<br \/>\nLe lezioni si sono snodate in tutto l&#8217;arco dell&#8217;anno: 17 appuntamenti per conoscere la Costituzione, i suoi fondamenti etico-filosofici e i suoi risvolti pratici. Illustri gli ospiti: tra gli altri, il professor Nino Olivetti Rason (gi\u00e0 professore di diritto comparato all&#8217;universit\u00e0 di Padova), Stefano Zecchi, Magdi Cristiano Allam, Maurizio Paniz, Massimo Cacciari e Mario Bertolissi.<\/p>","protected":false},"excerpt":{"rendered":"<p>&#8220;La prossima sfida sar\u00e0 la formazione di tutti i futuri amministratori del Nordest. Il nostro sogno \u00e8 che la Scuola di formazione politica del Circolo Veneto diventi regionale. La politica non si improvvisa perch\u00e8 senza una solida preparazione non si va da nessuna parte&#8221;. Cos\u00ec il vicepresidente della giunta regionale Marino Zorzato ha chiuso i [&hellip;]<\/p>\n","protected":false},"author":2,"featured_media":0,"comment_status":"closed","ping_status":"open","sticky":false,"template":"","format":"standard","meta":{"footnotes":""},"categories":[5,26],"tags":[],"class_list":["post-28225","post","type-post","status-publish","format-standard","category-cronaca","category-prima-pagina"],"yoast_head":"<!-- This site is optimized with the Yoast SEO plugin v28.4 - https:\/\/yoast.com\/product\/yoast-seo-wordpress\/ -->\n<title>Dopo le miss, le igieniste dentali e le soubrette, il Pdl affronta la questione della formazione: \u201cla classe politica deve studiare. L&#039;obiettivo \u00e8 una scuola di formazione per i futuri amministratori del Nord-est\u201d - Bellunopress - Dolomiti<\/title>\n<meta name=\"robots\" content=\"index, follow, max-snippet:-1, max-image-preview:large, max-video-preview:-1\" \/>\n<link rel=\"canonical\" href=\"https:\/\/www.bellunopress.it\/fr\/2011\/06\/29\/dopo-le-miss-le-igieniste-dentali-e-le-soubrette-il-pdl-affronta-la-questione-della-formazione-\u201cla-classe-politica-deve-studiare-lobiettivo-e-una-scuola-di-formazione-per-i-futuri-ammini\/\" \/>\n<meta property=\"og:locale\" content=\"fr_FR\" \/>\n<meta property=\"og:type\" content=\"article\" \/>\n<meta property=\"og:title\" content=\"Dopo le miss, le igieniste dentali e le soubrette, il Pdl affronta la questione della formazione: \u201cla classe politica deve studiare. L&#039;obiettivo \u00e8 una scuola di formazione per i futuri amministratori del Nord-est\u201d - Bellunopress - Dolomiti\" \/>\n<meta property=\"og:description\" content=\"&#8220;La prossima sfida sar\u00e0 la formazione di tutti i futuri amministratori del Nordest. Il nostro sogno \u00e8 che la Scuola di formazione politica del Circolo Veneto diventi regionale. La politica non si improvvisa perch\u00e8 senza una solida preparazione non si va da nessuna parte&#8221;. Cos\u00ec il vicepresidente della giunta regionale Marino Zorzato ha chiuso i [&hellip;]\" \/>\n<meta property=\"og:url\" content=\"https:\/\/www.bellunopress.it\/fr\/2011\/06\/29\/dopo-le-miss-le-igieniste-dentali-e-le-soubrette-il-pdl-affronta-la-questione-della-formazione-\u201cla-classe-politica-deve-studiare-lobiettivo-e-una-scuola-di-formazione-per-i-futuri-ammini\/\" \/>\n<meta property=\"og:site_name\" content=\"Bellunopress - Dolomiti\" \/>\n<meta property=\"article:publisher\" content=\"https:\/\/www.facebook.com\/profile.php?id=100008943462799\" \/>\n<meta property=\"article:published_time\" content=\"2011-06-29T20:02:47+00:00\" \/>\n<meta property=\"og:image\" content=\"http:\/\/www.bellunopress.it\/wp-content\/uploads\/2011\/06\/berlusconi-soubrette.jpg\" \/>\n<meta name=\"author\" content=\"redazione\" \/>\n<meta name=\"twitter:card\" content=\"summary_large_image\" \/>\n<meta name=\"twitter:creator\" content=\"@bellunopress\" \/>\n<meta name=\"twitter:site\" content=\"@bellunopress\" \/>\n<meta name=\"twitter:label1\" content=\"\u00c9crit par\" \/>\n\t<meta name=\"twitter:data1\" content=\"redazione\" \/>\n\t<meta name=\"twitter:label2\" content=\"Dur\u00e9e de lecture estim\u00e9e\" \/>\n\t<meta name=\"twitter:data2\" content=\"3 minutes\" \/>\n<script type=\"application\/ld+json\" class=\"yoast-schema-graph\">{\"@context\":\"https:\\\/\\\/schema.org\",\"@graph\":[{\"@type\":\"Article\",\"@id\":\"https:\\\/\\\/www.bellunopress.it\\\/2011\\\/06\\\/29\\\/dopo-le-miss-le-igieniste-dentali-e-le-soubrette-il-pdl-affronta-la-questione-della-formazione-%e2%80%9cla-classe-politica-deve-studiare-lobiettivo-e-una-scuola-di-formazione-per-i-futuri-ammini\\\/#article\",\"isPartOf\":{\"@id\":\"https:\\\/\\\/www.bellunopress.it\\\/2011\\\/06\\\/29\\\/dopo-le-miss-le-igieniste-dentali-e-le-soubrette-il-pdl-affronta-la-questione-della-formazione-%e2%80%9cla-classe-politica-deve-studiare-lobiettivo-e-una-scuola-di-formazione-per-i-futuri-ammini\\\/\"},\"author\":{\"name\":\"redazione\",\"@id\":\"https:\\\/\\\/www.bellunopress.it\\\/#\\\/schema\\\/person\\\/79bb06722b37ece1c03d3e94beb30d73\"},\"headline\":\"Dopo le miss, le igieniste dentali e le soubrette, il Pdl affronta la questione della formazione: \u201cla classe politica deve studiare. L&#8217;obiettivo \u00e8 una scuola di formazione per i futuri amministratori del Nord-est\u201d\",\"datePublished\":\"2011-06-29T20:02:47+00:00\",\"mainEntityOfPage\":{\"@id\":\"https:\\\/\\\/www.bellunopress.it\\\/2011\\\/06\\\/29\\\/dopo-le-miss-le-igieniste-dentali-e-le-soubrette-il-pdl-affronta-la-questione-della-formazione-%e2%80%9cla-classe-politica-deve-studiare-lobiettivo-e-una-scuola-di-formazione-per-i-futuri-ammini\\\/\"},\"wordCount\":556,\"publisher\":{\"@id\":\"https:\\\/\\\/www.bellunopress.it\\\/#organization\"},\"image\":{\"@id\":\"https:\\\/\\\/www.bellunopress.it\\\/2011\\\/06\\\/29\\\/dopo-le-miss-le-igieniste-dentali-e-le-soubrette-il-pdl-affronta-la-questione-della-formazione-%e2%80%9cla-classe-politica-deve-studiare-lobiettivo-e-una-scuola-di-formazione-per-i-futuri-ammini\\\/#primaryimage\"},\"thumbnailUrl\":\"http:\\\/\\\/www.bellunopress.it\\\/wp-content\\\/uploads\\\/2011\\\/06\\\/berlusconi-soubrette.jpg\",\"articleSection\":[\"Cronaca\\\/Politica\",\"Prima Pagina\"],\"inLanguage\":\"fr-FR\"},{\"@type\":\"WebPage\",\"@id\":\"https:\\\/\\\/www.bellunopress.it\\\/2011\\\/06\\\/29\\\/dopo-le-miss-le-igieniste-dentali-e-le-soubrette-il-pdl-affronta-la-questione-della-formazione-%e2%80%9cla-classe-politica-deve-studiare-lobiettivo-e-una-scuola-di-formazione-per-i-futuri-ammini\\\/\",\"url\":\"https:\\\/\\\/www.bellunopress.it\\\/2011\\\/06\\\/29\\\/dopo-le-miss-le-igieniste-dentali-e-le-soubrette-il-pdl-affronta-la-questione-della-formazione-%e2%80%9cla-classe-politica-deve-studiare-lobiettivo-e-una-scuola-di-formazione-per-i-futuri-ammini\\\/\",\"name\":\"Dopo le miss, le igieniste dentali e le soubrette, il Pdl affronta la questione della formazione: \u201cla classe politica deve studiare. L'obiettivo \u00e8 una scuola di formazione per i futuri amministratori del Nord-est\u201d - Bellunopress - Dolomiti\",\"isPartOf\":{\"@id\":\"https:\\\/\\\/www.bellunopress.it\\\/#website\"},\"primaryImageOfPage\":{\"@id\":\"https:\\\/\\\/www.bellunopress.it\\\/2011\\\/06\\\/29\\\/dopo-le-miss-le-igieniste-dentali-e-le-soubrette-il-pdl-affronta-la-questione-della-formazione-%e2%80%9cla-classe-politica-deve-studiare-lobiettivo-e-una-scuola-di-formazione-per-i-futuri-ammini\\\/#primaryimage\"},\"image\":{\"@id\":\"https:\\\/\\\/www.bellunopress.it\\\/2011\\\/06\\\/29\\\/dopo-le-miss-le-igieniste-dentali-e-le-soubrette-il-pdl-affronta-la-questione-della-formazione-%e2%80%9cla-classe-politica-deve-studiare-lobiettivo-e-una-scuola-di-formazione-per-i-futuri-ammini\\\/#primaryimage\"},\"thumbnailUrl\":\"http:\\\/\\\/www.bellunopress.it\\\/wp-content\\\/uploads\\\/2011\\\/06\\\/berlusconi-soubrette.jpg\",\"datePublished\":\"2011-06-29T20:02:47+00:00\",\"breadcrumb\":{\"@id\":\"https:\\\/\\\/www.bellunopress.it\\\/2011\\\/06\\\/29\\\/dopo-le-miss-le-igieniste-dentali-e-le-soubrette-il-pdl-affronta-la-questione-della-formazione-%e2%80%9cla-classe-politica-deve-studiare-lobiettivo-e-una-scuola-di-formazione-per-i-futuri-ammini\\\/#breadcrumb\"},\"inLanguage\":\"fr-FR\",\"potentialAction\":[{\"@type\":\"ReadAction\",\"target\":[\"https:\\\/\\\/www.bellunopress.it\\\/2011\\\/06\\\/29\\\/dopo-le-miss-le-igieniste-dentali-e-le-soubrette-il-pdl-affronta-la-questione-della-formazione-%e2%80%9cla-classe-politica-deve-studiare-lobiettivo-e-una-scuola-di-formazione-per-i-futuri-ammini\\\/\"]}]},{\"@type\":\"ImageObject\",\"inLanguage\":\"fr-FR\",\"@id\":\"https:\\\/\\\/www.bellunopress.it\\\/2011\\\/06\\\/29\\\/dopo-le-miss-le-igieniste-dentali-e-le-soubrette-il-pdl-affronta-la-questione-della-formazione-%e2%80%9cla-classe-politica-deve-studiare-lobiettivo-e-una-scuola-di-formazione-per-i-futuri-ammini\\\/#primaryimage\",\"url\":\"http:\\\/\\\/www.bellunopress.it\\\/wp-content\\\/uploads\\\/2011\\\/06\\\/berlusconi-soubrette.jpg\",\"contentUrl\":\"http:\\\/\\\/www.bellunopress.it\\\/wp-content\\\/uploads\\\/2011\\\/06\\\/berlusconi-soubrette.jpg\"},{\"@type\":\"BreadcrumbList\",\"@id\":\"https:\\\/\\\/www.bellunopress.it\\\/2011\\\/06\\\/29\\\/dopo-le-miss-le-igieniste-dentali-e-le-soubrette-il-pdl-affronta-la-questione-della-formazione-%e2%80%9cla-classe-politica-deve-studiare-lobiettivo-e-una-scuola-di-formazione-per-i-futuri-ammini\\\/#breadcrumb\",\"itemListElement\":[{\"@type\":\"ListItem\",\"position\":1,\"name\":\"Home\",\"item\":\"https:\\\/\\\/www.bellunopress.it\\\/\"},{\"@type\":\"ListItem\",\"position\":2,\"name\":\"Dopo le miss, le igieniste dentali e le soubrette, il Pdl affronta la questione della formazione: \u201cla classe politica deve studiare. L&#8217;obiettivo \u00e8 una scuola di formazione per i futuri amministratori del Nord-est\u201d\"}]},{\"@type\":\"WebSite\",\"@id\":\"https:\\\/\\\/www.bellunopress.it\\\/#website\",\"url\":\"https:\\\/\\\/www.bellunopress.it\\\/\",\"name\":\"Bellunopress - Dolomiti\",\"description\":\"e-mail: redazione@bellunopress.it\",\"publisher\":{\"@id\":\"https:\\\/\\\/www.bellunopress.it\\\/#organization\"},\"potentialAction\":[{\"@type\":\"SearchAction\",\"target\":{\"@type\":\"EntryPoint\",\"urlTemplate\":\"https:\\\/\\\/www.bellunopress.it\\\/?s={search_term_string}\"},\"query-input\":{\"@type\":\"PropertyValueSpecification\",\"valueRequired\":true,\"valueName\":\"search_term_string\"}}],\"inLanguage\":\"fr-FR\"},{\"@type\":\"Organization\",\"@id\":\"https:\\\/\\\/www.bellunopress.it\\\/#organization\",\"name\":\"Bellunopress\",\"url\":\"https:\\\/\\\/www.bellunopress.it\\\/\",\"logo\":{\"@type\":\"ImageObject\",\"inLanguage\":\"fr-FR\",\"@id\":\"https:\\\/\\\/www.bellunopress.it\\\/#\\\/schema\\\/logo\\\/image\\\/\",\"url\":\"https:\\\/\\\/www.bellunopress.it\\\/wp-content\\\/uploads\\\/2011\\\/05\\\/cropped-logo-bellunopress-.jpg\",\"contentUrl\":\"https:\\\/\\\/www.bellunopress.it\\\/wp-content\\\/uploads\\\/2011\\\/05\\\/cropped-logo-bellunopress-.jpg\",\"width\":512,\"height\":512,\"caption\":\"Bellunopress\"},\"image\":{\"@id\":\"https:\\\/\\\/www.bellunopress.it\\\/#\\\/schema\\\/logo\\\/image\\\/\"},\"sameAs\":[\"https:\\\/\\\/www.facebook.com\\\/profile.php?id=100008943462799\",\"https:\\\/\\\/x.com\\\/bellunopress\",\"https:\\\/\\\/www.linkedin.com\\\/hp\\\/?dnr=JBzUWaJfMUw8vbXJJ2tVW5-I3jZKvC4wsoxE&amp;amp;amp;amp;amp;amp;trk=nav_responsive_tab_home\",\"https:\\\/\\\/www.youtube.com\\\/channel\\\/UCxL0wu1uN0_3_7hGG0306cw\"]},{\"@type\":\"Person\",\"@id\":\"https:\\\/\\\/www.bellunopress.it\\\/#\\\/schema\\\/person\\\/79bb06722b37ece1c03d3e94beb30d73\",\"name\":\"redazione\",\"image\":{\"@type\":\"ImageObject\",\"inLanguage\":\"fr-FR\",\"@id\":\"https:\\\/\\\/secure.gravatar.com\\\/avatar\\\/37d968a2e67a6fd04c169c4bdef102d0bc5d31b2546345219e348575eb80e9a0?s=96&d=mm&r=g\",\"url\":\"https:\\\/\\\/secure.gravatar.com\\\/avatar\\\/37d968a2e67a6fd04c169c4bdef102d0bc5d31b2546345219e348575eb80e9a0?s=96&d=mm&r=g\",\"contentUrl\":\"https:\\\/\\\/secure.gravatar.com\\\/avatar\\\/37d968a2e67a6fd04c169c4bdef102d0bc5d31b2546345219e348575eb80e9a0?s=96&d=mm&r=g\",\"caption\":\"redazione\"},\"sameAs\":[\"http:\\\/\\\/www.bellunopress.it\",\"https:\\\/\\\/x.com\\\/bellunopress\"],\"url\":\"https:\\\/\\\/www.bellunopress.it\\\/fr\\\/author\\\/redazione\\\/\"}]}<\/script>\n<!-- \/ Yoast SEO plugin. -->","yoast_head_json":{"title":"Dopo le miss, le igieniste dentali e le soubrette, il Pdl affronta la questione della formazione: \u201cla classe politica deve studiare. L'obiettivo \u00e8 una scuola di formazione per i futuri amministratori del Nord-est\u201d - Bellunopress - Dolomiti","robots":{"index":"index","follow":"follow","max-snippet":"max-snippet:-1","max-image-preview":"max-image-preview:large","max-video-preview":"max-video-preview:-1"},"canonical":"https:\/\/www.bellunopress.it\/fr\/2011\/06\/29\/dopo-le-miss-le-igieniste-dentali-e-le-soubrette-il-pdl-affronta-la-questione-della-formazione-\u201cla-classe-politica-deve-studiare-lobiettivo-e-una-scuola-di-formazione-per-i-futuri-ammini\/","og_locale":"fr_FR","og_type":"article","og_title":"Dopo le miss, le igieniste dentali e le soubrette, il Pdl affronta la questione della formazione: \u201cla classe politica deve studiare. L'obiettivo \u00e8 una scuola di formazione per i futuri amministratori del Nord-est\u201d - Bellunopress - Dolomiti","og_description":"&#8220;La prossima sfida sar\u00e0 la formazione di tutti i futuri amministratori del Nordest. Il nostro sogno \u00e8 che la Scuola di formazione politica del Circolo Veneto diventi regionale. La politica non si improvvisa perch\u00e8 senza una solida preparazione non si va da nessuna parte&#8221;. Cos\u00ec il vicepresidente della giunta regionale Marino Zorzato ha chiuso i [&hellip;]","og_url":"https:\/\/www.bellunopress.it\/fr\/2011\/06\/29\/dopo-le-miss-le-igieniste-dentali-e-le-soubrette-il-pdl-affronta-la-questione-della-formazione-\u201cla-classe-politica-deve-studiare-lobiettivo-e-una-scuola-di-formazione-per-i-futuri-ammini\/","og_site_name":"Bellunopress - Dolomiti","article_publisher":"https:\/\/www.facebook.com\/profile.php?id=100008943462799","article_published_time":"2011-06-29T20:02:47+00:00","og_image":[{"url":"http:\/\/www.bellunopress.it\/wp-content\/uploads\/2011\/06\/berlusconi-soubrette.jpg","type":"","width":"","height":""}],"author":"redazione","twitter_card":"summary_large_image","twitter_creator":"@bellunopress","twitter_site":"@bellunopress","twitter_misc":{"\u00c9crit par":"redazione","Dur\u00e9e de lecture estim\u00e9e":"3 minutes"},"schema":{"@context":"https:\/\/schema.org","@graph":[{"@type":"Article","@id":"https:\/\/www.bellunopress.it\/2011\/06\/29\/dopo-le-miss-le-igieniste-dentali-e-le-soubrette-il-pdl-affronta-la-questione-della-formazione-%e2%80%9cla-classe-politica-deve-studiare-lobiettivo-e-una-scuola-di-formazione-per-i-futuri-ammini\/#article","isPartOf":{"@id":"https:\/\/www.bellunopress.it\/2011\/06\/29\/dopo-le-miss-le-igieniste-dentali-e-le-soubrette-il-pdl-affronta-la-questione-della-formazione-%e2%80%9cla-classe-politica-deve-studiare-lobiettivo-e-una-scuola-di-formazione-per-i-futuri-ammini\/"},"author":{"name":"redazione","@id":"https:\/\/www.bellunopress.it\/#\/schema\/person\/79bb06722b37ece1c03d3e94beb30d73"},"headline":"Dopo le miss, le igieniste dentali e le soubrette, il Pdl affronta la questione della formazione: \u201cla classe politica deve studiare. L&#8217;obiettivo \u00e8 una scuola di formazione per i futuri amministratori del Nord-est\u201d","datePublished":"2011-06-29T20:02:47+00:00","mainEntityOfPage":{"@id":"https:\/\/www.bellunopress.it\/2011\/06\/29\/dopo-le-miss-le-igieniste-dentali-e-le-soubrette-il-pdl-affronta-la-questione-della-formazione-%e2%80%9cla-classe-politica-deve-studiare-lobiettivo-e-una-scuola-di-formazione-per-i-futuri-ammini\/"},"wordCount":556,"publisher":{"@id":"https:\/\/www.bellunopress.it\/#organization"},"image":{"@id":"https:\/\/www.bellunopress.it\/2011\/06\/29\/dopo-le-miss-le-igieniste-dentali-e-le-soubrette-il-pdl-affronta-la-questione-della-formazione-%e2%80%9cla-classe-politica-deve-studiare-lobiettivo-e-una-scuola-di-formazione-per-i-futuri-ammini\/#primaryimage"},"thumbnailUrl":"http:\/\/www.bellunopress.it\/wp-content\/uploads\/2011\/06\/berlusconi-soubrette.jpg","articleSection":["Cronaca\/Politica","Prima Pagina"],"inLanguage":"fr-FR"},{"@type":"WebPage","@id":"https:\/\/www.bellunopress.it\/2011\/06\/29\/dopo-le-miss-le-igieniste-dentali-e-le-soubrette-il-pdl-affronta-la-questione-della-formazione-%e2%80%9cla-classe-politica-deve-studiare-lobiettivo-e-una-scuola-di-formazione-per-i-futuri-ammini\/","url":"https:\/\/www.bellunopress.it\/2011\/06\/29\/dopo-le-miss-le-igieniste-dentali-e-le-soubrette-il-pdl-affronta-la-questione-della-formazione-%e2%80%9cla-classe-politica-deve-studiare-lobiettivo-e-una-scuola-di-formazione-per-i-futuri-ammini\/","name":"Dopo le miss, le igieniste dentali e le soubrette, il Pdl affronta la questione della formazione: \u201cla classe politica deve studiare. L'obiettivo \u00e8 una scuola di formazione per i futuri amministratori del Nord-est\u201d - Bellunopress - Dolomiti","isPartOf":{"@id":"https:\/\/www.bellunopress.it\/#website"},"primaryImageOfPage":{"@id":"https:\/\/www.bellunopress.it\/2011\/06\/29\/dopo-le-miss-le-igieniste-dentali-e-le-soubrette-il-pdl-affronta-la-questione-della-formazione-%e2%80%9cla-classe-politica-deve-studiare-lobiettivo-e-una-scuola-di-formazione-per-i-futuri-ammini\/#primaryimage"},"image":{"@id":"https:\/\/www.bellunopress.it\/2011\/06\/29\/dopo-le-miss-le-igieniste-dentali-e-le-soubrette-il-pdl-affronta-la-questione-della-formazione-%e2%80%9cla-classe-politica-deve-studiare-lobiettivo-e-una-scuola-di-formazione-per-i-futuri-ammini\/#primaryimage"},"thumbnailUrl":"http:\/\/www.bellunopress.it\/wp-content\/uploads\/2011\/06\/berlusconi-soubrette.jpg","datePublished":"2011-06-29T20:02:47+00:00","breadcrumb":{"@id":"https:\/\/www.bellunopress.it\/2011\/06\/29\/dopo-le-miss-le-igieniste-dentali-e-le-soubrette-il-pdl-affronta-la-questione-della-formazione-%e2%80%9cla-classe-politica-deve-studiare-lobiettivo-e-una-scuola-di-formazione-per-i-futuri-ammini\/#breadcrumb"},"inLanguage":"fr-FR","potentialAction":[{"@type":"ReadAction","target":["https:\/\/www.bellunopress.it\/2011\/06\/29\/dopo-le-miss-le-igieniste-dentali-e-le-soubrette-il-pdl-affronta-la-questione-della-formazione-%e2%80%9cla-classe-politica-deve-studiare-lobiettivo-e-una-scuola-di-formazione-per-i-futuri-ammini\/"]}]},{"@type":"ImageObject","inLanguage":"fr-FR","@id":"https:\/\/www.bellunopress.it\/2011\/06\/29\/dopo-le-miss-le-igieniste-dentali-e-le-soubrette-il-pdl-affronta-la-questione-della-formazione-%e2%80%9cla-classe-politica-deve-studiare-lobiettivo-e-una-scuola-di-formazione-per-i-futuri-ammini\/#primaryimage","url":"http:\/\/www.bellunopress.it\/wp-content\/uploads\/2011\/06\/berlusconi-soubrette.jpg","contentUrl":"http:\/\/www.bellunopress.it\/wp-content\/uploads\/2011\/06\/berlusconi-soubrette.jpg"},{"@type":"BreadcrumbList","@id":"https:\/\/www.bellunopress.it\/2011\/06\/29\/dopo-le-miss-le-igieniste-dentali-e-le-soubrette-il-pdl-affronta-la-questione-della-formazione-%e2%80%9cla-classe-politica-deve-studiare-lobiettivo-e-una-scuola-di-formazione-per-i-futuri-ammini\/#breadcrumb","itemListElement":[{"@type":"ListItem","position":1,"name":"Home","item":"https:\/\/www.bellunopress.it\/"},{"@type":"ListItem","position":2,"name":"Dopo le miss, le igieniste dentali e le soubrette, il Pdl affronta la questione della formazione: \u201cla classe politica deve studiare. L&#8217;obiettivo \u00e8 una scuola di formazione per i futuri amministratori del Nord-est\u201d"}]},{"@type":"WebSite","@id":"https:\/\/www.bellunopress.it\/#website","url":"https:\/\/www.bellunopress.it\/","name":"Bellunopress - Dolomiti","description":"e-mail: redazione@bellunopress.it","publisher":{"@id":"https:\/\/www.bellunopress.it\/#organization"},"potentialAction":[{"@type":"SearchAction","target":{"@type":"EntryPoint","urlTemplate":"https:\/\/www.bellunopress.it\/?s={search_term_string}"},"query-input":{"@type":"PropertyValueSpecification","valueRequired":true,"valueName":"search_term_string"}}],"inLanguage":"fr-FR"},{"@type":"Organization","@id":"https:\/\/www.bellunopress.it\/#organization","name":"Bellunopress","url":"https:\/\/www.bellunopress.it\/","logo":{"@type":"ImageObject","inLanguage":"fr-FR","@id":"https:\/\/www.bellunopress.it\/#\/schema\/logo\/image\/","url":"https:\/\/www.bellunopress.it\/wp-content\/uploads\/2011\/05\/cropped-logo-bellunopress-.jpg","contentUrl":"https:\/\/www.bellunopress.it\/wp-content\/uploads\/2011\/05\/cropped-logo-bellunopress-.jpg","width":512,"height":512,"caption":"Bellunopress"},"image":{"@id":"https:\/\/www.bellunopress.it\/#\/schema\/logo\/image\/"},"sameAs":["https:\/\/www.facebook.com\/profile.php?id=100008943462799","https:\/\/x.com\/bellunopress","https:\/\/www.linkedin.com\/hp\/?dnr=JBzUWaJfMUw8vbXJJ2tVW5-I3jZKvC4wsoxE&amp;amp;amp;amp;amp;amp;trk=nav_responsive_tab_home","https:\/\/www.youtube.com\/channel\/UCxL0wu1uN0_3_7hGG0306cw"]},{"@type":"Person","@id":"https:\/\/www.bellunopress.it\/#\/schema\/person\/79bb06722b37ece1c03d3e94beb30d73","name":"r\u00e9daction","image":{"@type":"ImageObject","inLanguage":"fr-FR","@id":"https:\/\/secure.gravatar.com\/avatar\/37d968a2e67a6fd04c169c4bdef102d0bc5d31b2546345219e348575eb80e9a0?s=96&d=mm&r=g","url":"https:\/\/secure.gravatar.com\/avatar\/37d968a2e67a6fd04c169c4bdef102d0bc5d31b2546345219e348575eb80e9a0?s=96&d=mm&r=g","contentUrl":"https:\/\/secure.gravatar.com\/avatar\/37d968a2e67a6fd04c169c4bdef102d0bc5d31b2546345219e348575eb80e9a0?s=96&d=mm&r=g","caption":"redazione"},"sameAs":["http:\/\/www.bellunopress.it","https:\/\/x.com\/bellunopress"],"url":"https:\/\/www.bellunopress.it\/fr\/author\/redazione\/"}]}},"_links":{"self":[{"href":"https:\/\/www.bellunopress.it\/fr\/wp-json\/wp\/v2\/posts\/28225","targetHints":{"allow":["GET"]}}],"collection":[{"href":"https:\/\/www.bellunopress.it\/fr\/wp-json\/wp\/v2\/posts"}],"about":[{"href":"https:\/\/www.bellunopress.it\/fr\/wp-json\/wp\/v2\/types\/post"}],"author":[{"embeddable":true,"href":"https:\/\/www.bellunopress.it\/fr\/wp-json\/wp\/v2\/users\/2"}],"replies":[{"embeddable":true,"href":"https:\/\/www.bellunopress.it\/fr\/wp-json\/wp\/v2\/comments?post=28225"}],"version-history":[{"count":1,"href":"https:\/\/www.bellunopress.it\/fr\/wp-json\/wp\/v2\/posts\/28225\/revisions"}],"predecessor-version":[{"id":28227,"href":"https:\/\/www.bellunopress.it\/fr\/wp-json\/wp\/v2\/posts\/28225\/revisions\/28227"}],"wp:attachment":[{"href":"https:\/\/www.bellunopress.it\/fr\/wp-json\/wp\/v2\/media?parent=28225"}],"wp:term":[{"taxonomy":"category","embeddable":true,"href":"https:\/\/www.bellunopress.it\/fr\/wp-json\/wp\/v2\/categories?post=28225"},{"taxonomy":"post_tag","embeddable":true,"href":"https:\/\/www.bellunopress.it\/fr\/wp-json\/wp\/v2\/tags?post=28225"}],"curies":[{"name":"wp","href":"https:\/\/api.w.org\/{rel}","templated":true}]}}