{"id":28223,"date":"2011-06-29T20:40:56","date_gmt":"2011-06-29T19:40:56","guid":{"rendered":"http:\/\/www.bellunopress.it\/?p=28223"},"modified":"2011-06-29T20:40:56","modified_gmt":"2011-06-29T19:40:56","slug":"la-passione-del-clochard-sabato-a-lozzo-di-cadore","status":"publish","type":"post","link":"https:\/\/www.bellunopress.it\/fr\/2011\/06\/29\/la-passione-del-clochard-sabato-a-lozzo-di-cadore\/","title":{"rendered":"La passione del clochard, sabato a Lozzo di Cadore"},"content":{"rendered":"<p>Sabato 2 luglio a Lozzo di Cadore a Palazzo Pellegrini alle ore 18 si terr\u00e0 la presentazione della mostra \u201cLa passione del clochard\u201d del pittore Domenico Castaldi presentata da Boris Brollo e a seguire la proiezione del docufilm \u201cOSPITI\u201d di Serena Nono girato alla Casa dell\u2019Ospitalit\u00e0 di<br \/>\nSant\u2019Alvise e commentato da monsignor Giacomo Mazzorana.<br \/>\nLa manifestazione va sotto il titolo di VAGABONDO D\u2019AMORE da un testo della poetessa Alda Merini da poco scomparsa e vuole essere un omaggio a tutti i diseredati del mondo che l\u2019amore come quello di Francesco ha riscattato. Qui il pittore castaldi parte da una fotografia scattata a Parigi su un rifugio improvvisato di un barbone (clochard, in francese) per fare un ciclo di opere pittore dove il mutamento del colore diviene elemento di drammatizzazione della situazione che si va via via stemperando fino a scomparire in una pittura astratta di puri segni e ombre quasi a concedersi un\u2019idea di sublimazione spirituale. Il documento filmico (docufilm) della Nono, invece, \u00e8 girato all\u2019interno della Fondazione Casa dell\u2019Ospitalit\u00e0 ed \u00e8 girato con i senza casa che il Comune di Venezia ha raccolto dentro questa Comunit\u00e0. E dalle voci dei racconti si evince che c\u2019\u00e8 ancora speranza per questi \u201cderelitti\u201d ora acquisiti ad una vita civile e impegnata. I quali in un secondo<br \/>\nmomento saranno attori bravissimi per un vero film che \u00e8 LA VIA DELLA CROCE gi\u00e0 ospitato con successo al Festival del Cinema di Venezia nel 2009 e che si proietter\u00e0 a Feltre alla presenza dell\u2019artista nel Museo Diocesano.<br \/>\nLa mostra durer\u00e0 sino al 30 luglio 2011.<br \/>\nEntrata libera.<br \/>\nMOSTRA DAL TITOLO: \u201cLA PASSIONE DEL CLOCHARD\u201d DI CASTALDI DOMENICO<br \/>\nPROIEZIONE DOCUFILM DI SERENA NONO DAL TITOLO \u201cOSPITI\u201d<br \/>\nPALAZZO PELLEGRINI LOZZO DI CADORE<br \/>\ndal 2 al 30 luglio 2011<br \/>\nInaugurazione sabato 2 luglio ore 18,00<\/p>","protected":false},"excerpt":{"rendered":"<p>Sabato 2 luglio a Lozzo di Cadore a Palazzo Pellegrini alle ore 18 si terr\u00e0 la presentazione della mostra \u201cLa passione del clochard\u201d del pittore Domenico Castaldi presentata da Boris Brollo e a seguire la proiezione del docufilm \u201cOSPITI\u201d di Serena Nono girato alla Casa dell\u2019Ospitalit\u00e0 di Sant\u2019Alvise e commentato da monsignor Giacomo Mazzorana. La [&hellip;]<\/p>\n","protected":false},"author":2,"featured_media":0,"comment_status":"closed","ping_status":"open","sticky":false,"template":"","format":"standard","meta":{"footnotes":""},"categories":[27,3,25],"tags":[],"class_list":["post-28223","post","type-post","status-publish","format-standard","category-appuntamenti","category-arte-cultura-spettacoli-scienza-archivi","category-pausa-caffe"],"yoast_head":"<!-- This site is optimized with the Yoast SEO plugin v28.4 - https:\/\/yoast.com\/product\/yoast-seo-wordpress\/ -->\n<title>La passione del clochard, sabato a Lozzo di Cadore - Bellunopress - Dolomiti<\/title>\n<meta name=\"robots\" content=\"index, follow, max-snippet:-1, max-image-preview:large, max-video-preview:-1\" \/>\n<link rel=\"canonical\" href=\"https:\/\/www.bellunopress.it\/fr\/2011\/06\/29\/la-passione-del-clochard-sabato-a-lozzo-di-cadore\/\" \/>\n<meta property=\"og:locale\" content=\"fr_FR\" \/>\n<meta property=\"og:type\" content=\"article\" \/>\n<meta property=\"og:title\" content=\"La passione del clochard, sabato a Lozzo di Cadore - Bellunopress - Dolomiti\" \/>\n<meta property=\"og:description\" content=\"Sabato 2 luglio a Lozzo di Cadore a Palazzo Pellegrini alle ore 18 si terr\u00e0 la presentazione della mostra \u201cLa passione del clochard\u201d del pittore Domenico Castaldi presentata da Boris Brollo e a seguire la proiezione del docufilm \u201cOSPITI\u201d di Serena Nono girato alla Casa dell\u2019Ospitalit\u00e0 di Sant\u2019Alvise e commentato da monsignor Giacomo Mazzorana. La [&hellip;]\" \/>\n<meta property=\"og:url\" content=\"https:\/\/www.bellunopress.it\/fr\/2011\/06\/29\/la-passione-del-clochard-sabato-a-lozzo-di-cadore\/\" \/>\n<meta property=\"og:site_name\" content=\"Bellunopress - Dolomiti\" \/>\n<meta property=\"article:publisher\" content=\"https:\/\/www.facebook.com\/profile.php?id=100008943462799\" \/>\n<meta property=\"article:published_time\" content=\"2011-06-29T19:40:56+00:00\" \/>\n<meta property=\"og:image\" content=\"http:\/\/www.bellunopress.it\/wp-content\/uploads\/2012\/07\/logo-bellunopress-250x250-2012.jpg\" \/>\n<meta name=\"author\" content=\"redazione\" \/>\n<meta name=\"twitter:card\" content=\"summary_large_image\" \/>\n<meta name=\"twitter:creator\" content=\"@bellunopress\" \/>\n<meta name=\"twitter:site\" content=\"@bellunopress\" \/>\n<meta name=\"twitter:label1\" content=\"\u00c9crit par\" \/>\n\t<meta name=\"twitter:data1\" content=\"redazione\" \/>\n\t<meta name=\"twitter:label2\" content=\"Dur\u00e9e de lecture estim\u00e9e\" \/>\n\t<meta name=\"twitter:data2\" content=\"1 minute\" \/>\n<script type=\"application\/ld+json\" class=\"yoast-schema-graph\">{\"@context\":\"https:\\\/\\\/schema.org\",\"@graph\":[{\"@type\":\"Article\",\"@id\":\"https:\\\/\\\/www.bellunopress.it\\\/2011\\\/06\\\/29\\\/la-passione-del-clochard-sabato-a-lozzo-di-cadore\\\/#article\",\"isPartOf\":{\"@id\":\"https:\\\/\\\/www.bellunopress.it\\\/2011\\\/06\\\/29\\\/la-passione-del-clochard-sabato-a-lozzo-di-cadore\\\/\"},\"author\":{\"name\":\"redazione\",\"@id\":\"https:\\\/\\\/www.bellunopress.it\\\/#\\\/schema\\\/person\\\/79bb06722b37ece1c03d3e94beb30d73\"},\"headline\":\"La passione del clochard, sabato a Lozzo di Cadore\",\"datePublished\":\"2011-06-29T19:40:56+00:00\",\"mainEntityOfPage\":{\"@id\":\"https:\\\/\\\/www.bellunopress.it\\\/2011\\\/06\\\/29\\\/la-passione-del-clochard-sabato-a-lozzo-di-cadore\\\/\"},\"wordCount\":301,\"publisher\":{\"@id\":\"https:\\\/\\\/www.bellunopress.it\\\/#organization\"},\"articleSection\":[\"Appuntamenti, Eventi\",\"Arte, Cultura, Spettacoli, Scienza\",\"Pausa Caff\u00e8\"],\"inLanguage\":\"fr-FR\"},{\"@type\":\"WebPage\",\"@id\":\"https:\\\/\\\/www.bellunopress.it\\\/2011\\\/06\\\/29\\\/la-passione-del-clochard-sabato-a-lozzo-di-cadore\\\/\",\"url\":\"https:\\\/\\\/www.bellunopress.it\\\/2011\\\/06\\\/29\\\/la-passione-del-clochard-sabato-a-lozzo-di-cadore\\\/\",\"name\":\"La passione del clochard, sabato a Lozzo di Cadore - Bellunopress - Dolomiti\",\"isPartOf\":{\"@id\":\"https:\\\/\\\/www.bellunopress.it\\\/#website\"},\"datePublished\":\"2011-06-29T19:40:56+00:00\",\"breadcrumb\":{\"@id\":\"https:\\\/\\\/www.bellunopress.it\\\/2011\\\/06\\\/29\\\/la-passione-del-clochard-sabato-a-lozzo-di-cadore\\\/#breadcrumb\"},\"inLanguage\":\"fr-FR\",\"potentialAction\":[{\"@type\":\"ReadAction\",\"target\":[\"https:\\\/\\\/www.bellunopress.it\\\/2011\\\/06\\\/29\\\/la-passione-del-clochard-sabato-a-lozzo-di-cadore\\\/\"]}]},{\"@type\":\"BreadcrumbList\",\"@id\":\"https:\\\/\\\/www.bellunopress.it\\\/2011\\\/06\\\/29\\\/la-passione-del-clochard-sabato-a-lozzo-di-cadore\\\/#breadcrumb\",\"itemListElement\":[{\"@type\":\"ListItem\",\"position\":1,\"name\":\"Home\",\"item\":\"https:\\\/\\\/www.bellunopress.it\\\/\"},{\"@type\":\"ListItem\",\"position\":2,\"name\":\"La passione del clochard, sabato a Lozzo di Cadore\"}]},{\"@type\":\"WebSite\",\"@id\":\"https:\\\/\\\/www.bellunopress.it\\\/#website\",\"url\":\"https:\\\/\\\/www.bellunopress.it\\\/\",\"name\":\"Bellunopress - Dolomiti\",\"description\":\"e-mail: redazione@bellunopress.it\",\"publisher\":{\"@id\":\"https:\\\/\\\/www.bellunopress.it\\\/#organization\"},\"potentialAction\":[{\"@type\":\"SearchAction\",\"target\":{\"@type\":\"EntryPoint\",\"urlTemplate\":\"https:\\\/\\\/www.bellunopress.it\\\/?s={search_term_string}\"},\"query-input\":{\"@type\":\"PropertyValueSpecification\",\"valueRequired\":true,\"valueName\":\"search_term_string\"}}],\"inLanguage\":\"fr-FR\"},{\"@type\":\"Organization\",\"@id\":\"https:\\\/\\\/www.bellunopress.it\\\/#organization\",\"name\":\"Bellunopress\",\"url\":\"https:\\\/\\\/www.bellunopress.it\\\/\",\"logo\":{\"@type\":\"ImageObject\",\"inLanguage\":\"fr-FR\",\"@id\":\"https:\\\/\\\/www.bellunopress.it\\\/#\\\/schema\\\/logo\\\/image\\\/\",\"url\":\"https:\\\/\\\/www.bellunopress.it\\\/wp-content\\\/uploads\\\/2011\\\/05\\\/cropped-logo-bellunopress-.jpg\",\"contentUrl\":\"https:\\\/\\\/www.bellunopress.it\\\/wp-content\\\/uploads\\\/2011\\\/05\\\/cropped-logo-bellunopress-.jpg\",\"width\":512,\"height\":512,\"caption\":\"Bellunopress\"},\"image\":{\"@id\":\"https:\\\/\\\/www.bellunopress.it\\\/#\\\/schema\\\/logo\\\/image\\\/\"},\"sameAs\":[\"https:\\\/\\\/www.facebook.com\\\/profile.php?id=100008943462799\",\"https:\\\/\\\/x.com\\\/bellunopress\",\"https:\\\/\\\/www.linkedin.com\\\/hp\\\/?dnr=JBzUWaJfMUw8vbXJJ2tVW5-I3jZKvC4wsoxE&amp;amp;amp;amp;amp;amp;trk=nav_responsive_tab_home\",\"https:\\\/\\\/www.youtube.com\\\/channel\\\/UCxL0wu1uN0_3_7hGG0306cw\"]},{\"@type\":\"Person\",\"@id\":\"https:\\\/\\\/www.bellunopress.it\\\/#\\\/schema\\\/person\\\/79bb06722b37ece1c03d3e94beb30d73\",\"name\":\"redazione\",\"image\":{\"@type\":\"ImageObject\",\"inLanguage\":\"fr-FR\",\"@id\":\"https:\\\/\\\/secure.gravatar.com\\\/avatar\\\/37d968a2e67a6fd04c169c4bdef102d0bc5d31b2546345219e348575eb80e9a0?s=96&d=mm&r=g\",\"url\":\"https:\\\/\\\/secure.gravatar.com\\\/avatar\\\/37d968a2e67a6fd04c169c4bdef102d0bc5d31b2546345219e348575eb80e9a0?s=96&d=mm&r=g\",\"contentUrl\":\"https:\\\/\\\/secure.gravatar.com\\\/avatar\\\/37d968a2e67a6fd04c169c4bdef102d0bc5d31b2546345219e348575eb80e9a0?s=96&d=mm&r=g\",\"caption\":\"redazione\"},\"sameAs\":[\"http:\\\/\\\/www.bellunopress.it\",\"https:\\\/\\\/x.com\\\/bellunopress\"],\"url\":\"https:\\\/\\\/www.bellunopress.it\\\/fr\\\/author\\\/redazione\\\/\"}]}<\/script>\n<!-- \/ Yoast SEO plugin. -->","yoast_head_json":{"title":"La passione del clochard, sabato a Lozzo di Cadore - Bellunopress - Dolomiti","robots":{"index":"index","follow":"follow","max-snippet":"max-snippet:-1","max-image-preview":"max-image-preview:large","max-video-preview":"max-video-preview:-1"},"canonical":"https:\/\/www.bellunopress.it\/fr\/2011\/06\/29\/la-passione-del-clochard-sabato-a-lozzo-di-cadore\/","og_locale":"fr_FR","og_type":"article","og_title":"La passione del clochard, sabato a Lozzo di Cadore - Bellunopress - Dolomiti","og_description":"Sabato 2 luglio a Lozzo di Cadore a Palazzo Pellegrini alle ore 18 si terr\u00e0 la presentazione della mostra \u201cLa passione del clochard\u201d del pittore Domenico Castaldi presentata da Boris Brollo e a seguire la proiezione del docufilm \u201cOSPITI\u201d di Serena Nono girato alla Casa dell\u2019Ospitalit\u00e0 di Sant\u2019Alvise e commentato da monsignor Giacomo Mazzorana. La [&hellip;]","og_url":"https:\/\/www.bellunopress.it\/fr\/2011\/06\/29\/la-passione-del-clochard-sabato-a-lozzo-di-cadore\/","og_site_name":"Bellunopress - Dolomiti","article_publisher":"https:\/\/www.facebook.com\/profile.php?id=100008943462799","article_published_time":"2011-06-29T19:40:56+00:00","og_image":[{"url":"http:\/\/www.bellunopress.it\/wp-content\/uploads\/2012\/07\/logo-bellunopress-250x250-2012.jpg","type":"","width":"","height":""}],"author":"redazione","twitter_card":"summary_large_image","twitter_creator":"@bellunopress","twitter_site":"@bellunopress","twitter_misc":{"\u00c9crit par":"redazione","Dur\u00e9e de lecture estim\u00e9e":"1 minute"},"schema":{"@context":"https:\/\/schema.org","@graph":[{"@type":"Article","@id":"https:\/\/www.bellunopress.it\/2011\/06\/29\/la-passione-del-clochard-sabato-a-lozzo-di-cadore\/#article","isPartOf":{"@id":"https:\/\/www.bellunopress.it\/2011\/06\/29\/la-passione-del-clochard-sabato-a-lozzo-di-cadore\/"},"author":{"name":"redazione","@id":"https:\/\/www.bellunopress.it\/#\/schema\/person\/79bb06722b37ece1c03d3e94beb30d73"},"headline":"La passione del clochard, sabato a Lozzo di Cadore","datePublished":"2011-06-29T19:40:56+00:00","mainEntityOfPage":{"@id":"https:\/\/www.bellunopress.it\/2011\/06\/29\/la-passione-del-clochard-sabato-a-lozzo-di-cadore\/"},"wordCount":301,"publisher":{"@id":"https:\/\/www.bellunopress.it\/#organization"},"articleSection":["Appuntamenti, Eventi","Arte, Cultura, Spettacoli, Scienza","Pausa Caff\u00e8"],"inLanguage":"fr-FR"},{"@type":"WebPage","@id":"https:\/\/www.bellunopress.it\/2011\/06\/29\/la-passione-del-clochard-sabato-a-lozzo-di-cadore\/","url":"https:\/\/www.bellunopress.it\/2011\/06\/29\/la-passione-del-clochard-sabato-a-lozzo-di-cadore\/","name":"La passione del clochard, sabato a Lozzo di Cadore - Bellunopress - Dolomiti","isPartOf":{"@id":"https:\/\/www.bellunopress.it\/#website"},"datePublished":"2011-06-29T19:40:56+00:00","breadcrumb":{"@id":"https:\/\/www.bellunopress.it\/2011\/06\/29\/la-passione-del-clochard-sabato-a-lozzo-di-cadore\/#breadcrumb"},"inLanguage":"fr-FR","potentialAction":[{"@type":"ReadAction","target":["https:\/\/www.bellunopress.it\/2011\/06\/29\/la-passione-del-clochard-sabato-a-lozzo-di-cadore\/"]}]},{"@type":"BreadcrumbList","@id":"https:\/\/www.bellunopress.it\/2011\/06\/29\/la-passione-del-clochard-sabato-a-lozzo-di-cadore\/#breadcrumb","itemListElement":[{"@type":"ListItem","position":1,"name":"Home","item":"https:\/\/www.bellunopress.it\/"},{"@type":"ListItem","position":2,"name":"La passione del clochard, sabato a Lozzo di Cadore"}]},{"@type":"WebSite","@id":"https:\/\/www.bellunopress.it\/#website","url":"https:\/\/www.bellunopress.it\/","name":"Bellunopress - Dolomiti","description":"e-mail: redazione@bellunopress.it","publisher":{"@id":"https:\/\/www.bellunopress.it\/#organization"},"potentialAction":[{"@type":"SearchAction","target":{"@type":"EntryPoint","urlTemplate":"https:\/\/www.bellunopress.it\/?s={search_term_string}"},"query-input":{"@type":"PropertyValueSpecification","valueRequired":true,"valueName":"search_term_string"}}],"inLanguage":"fr-FR"},{"@type":"Organization","@id":"https:\/\/www.bellunopress.it\/#organization","name":"Bellunopress","url":"https:\/\/www.bellunopress.it\/","logo":{"@type":"ImageObject","inLanguage":"fr-FR","@id":"https:\/\/www.bellunopress.it\/#\/schema\/logo\/image\/","url":"https:\/\/www.bellunopress.it\/wp-content\/uploads\/2011\/05\/cropped-logo-bellunopress-.jpg","contentUrl":"https:\/\/www.bellunopress.it\/wp-content\/uploads\/2011\/05\/cropped-logo-bellunopress-.jpg","width":512,"height":512,"caption":"Bellunopress"},"image":{"@id":"https:\/\/www.bellunopress.it\/#\/schema\/logo\/image\/"},"sameAs":["https:\/\/www.facebook.com\/profile.php?id=100008943462799","https:\/\/x.com\/bellunopress","https:\/\/www.linkedin.com\/hp\/?dnr=JBzUWaJfMUw8vbXJJ2tVW5-I3jZKvC4wsoxE&amp;amp;amp;amp;amp;amp;trk=nav_responsive_tab_home","https:\/\/www.youtube.com\/channel\/UCxL0wu1uN0_3_7hGG0306cw"]},{"@type":"Person","@id":"https:\/\/www.bellunopress.it\/#\/schema\/person\/79bb06722b37ece1c03d3e94beb30d73","name":"r\u00e9daction","image":{"@type":"ImageObject","inLanguage":"fr-FR","@id":"https:\/\/secure.gravatar.com\/avatar\/37d968a2e67a6fd04c169c4bdef102d0bc5d31b2546345219e348575eb80e9a0?s=96&d=mm&r=g","url":"https:\/\/secure.gravatar.com\/avatar\/37d968a2e67a6fd04c169c4bdef102d0bc5d31b2546345219e348575eb80e9a0?s=96&d=mm&r=g","contentUrl":"https:\/\/secure.gravatar.com\/avatar\/37d968a2e67a6fd04c169c4bdef102d0bc5d31b2546345219e348575eb80e9a0?s=96&d=mm&r=g","caption":"redazione"},"sameAs":["http:\/\/www.bellunopress.it","https:\/\/x.com\/bellunopress"],"url":"https:\/\/www.bellunopress.it\/fr\/author\/redazione\/"}]}},"_links":{"self":[{"href":"https:\/\/www.bellunopress.it\/fr\/wp-json\/wp\/v2\/posts\/28223","targetHints":{"allow":["GET"]}}],"collection":[{"href":"https:\/\/www.bellunopress.it\/fr\/wp-json\/wp\/v2\/posts"}],"about":[{"href":"https:\/\/www.bellunopress.it\/fr\/wp-json\/wp\/v2\/types\/post"}],"author":[{"embeddable":true,"href":"https:\/\/www.bellunopress.it\/fr\/wp-json\/wp\/v2\/users\/2"}],"replies":[{"embeddable":true,"href":"https:\/\/www.bellunopress.it\/fr\/wp-json\/wp\/v2\/comments?post=28223"}],"version-history":[{"count":1,"href":"https:\/\/www.bellunopress.it\/fr\/wp-json\/wp\/v2\/posts\/28223\/revisions"}],"predecessor-version":[{"id":28224,"href":"https:\/\/www.bellunopress.it\/fr\/wp-json\/wp\/v2\/posts\/28223\/revisions\/28224"}],"wp:attachment":[{"href":"https:\/\/www.bellunopress.it\/fr\/wp-json\/wp\/v2\/media?parent=28223"}],"wp:term":[{"taxonomy":"category","embeddable":true,"href":"https:\/\/www.bellunopress.it\/fr\/wp-json\/wp\/v2\/categories?post=28223"},{"taxonomy":"post_tag","embeddable":true,"href":"https:\/\/www.bellunopress.it\/fr\/wp-json\/wp\/v2\/tags?post=28223"}],"curies":[{"name":"wp","href":"https:\/\/api.w.org\/{rel}","templated":true}]}}