{"id":28191,"date":"2011-06-29T22:21:57","date_gmt":"2011-06-29T21:21:57","guid":{"rendered":"http:\/\/www.bellunopress.it\/?p=28191"},"modified":"2011-06-30T08:42:09","modified_gmt":"2011-06-30T07:42:09","slug":"barnaba-ha-presentato-%e2%80%9cil-ventre-del-pitone%e2%80%9d","status":"publish","type":"post","link":"https:\/\/www.bellunopress.it\/fr\/2011\/06\/29\/barnaba-ha-presentato-%e2%80%9cil-ventre-del-pitone%e2%80%9d\/","title":{"rendered":"Barnab\u00e0 ha presentato \u201cIl ventre del Pitone\u201d"},"content":{"rendered":"<p><a href=\"http:\/\/www.bellunopress.it\/wp-content\/uploads\/2011\/06\/franchi-barbonetti-barnab\u00e0.jpg\"><img loading=\"lazy\" decoding=\"async\" class=\"alignleft size-full wp-image-28192\" title=\"franchi barbonetti barnab\u00e0\" src=\"http:\/\/www.bellunopress.it\/wp-content\/uploads\/2011\/06\/franchi-barbonetti-barnab\u00e0.jpg\" alt=\"\" width=\"300\" height=\"164\" \/><\/a>Nasce dall&#8217;incontro fortuito in Costa d&#8217;Avorio con la protagonista Cun\u00e9gonde, l&#8217;ultimo libro di Enzo Barnab\u00e0 \u201cIl Ventre del Pitone\u201d (Editrice Missionaria Italiana, 2010), presentato lunedi 27 giugno all&#8217;Itis \u201cSegato\u201d di Belluno dal professor Francesco Piero Franchi. Addetto culturale all&#8217;Ambasciata italiana in Costa d&#8217;Avorio, Barnab\u00e0 decide di visitare il Parco per vedere gli elefanti. In un villaggio in prossimit\u00e0 del Parco chiede delle informazioni a un uomo bianco che scopre essere suo conterraneo, siciliano, il quale ha un&#8217;affascinante compagna, Cun\u00e9gonde. L&#8217;intervista con la ragazza diventa poi ispirazione per il romanzo. Ovvero la storia di Cun\u00e9gonde, nome fantasia che l&#8217;autore d\u00e0 alla sua protagonista, che sbarca a Palermo, dopo un viaggio avventuroso di due anni, intriso di ostacoli e traversie, attraverso molti paesi africani. Il romanzo ruota intorno a una domanda che Barnab\u00e0 rivolge alla ragazza: \u00abTu credi agli stregoni\u00bb? \u00abQuando sono in Africa s\u00ec. In Europa no\u00bb risponde Cun\u00e9gonde. Ed \u00e8 come se i geni, la magia, il mondo invisibile dell&#8217;Africa \u2013 spiega l&#8217;autore \u2013 fossero stati imprigionati nel \u201cventre del pitone\u201d. C&#8217;\u00e8 un aneddoto divertente riportato da Barnab\u00e0 sull&#8217;icontro che avviene in Mauritania tra Cun\u00e9gonde e David, un uomo di successo che teneva sempre un bastoncino tra i denti. La protagonista racconta di questa sua relazione con l&#8217;uomo, e di questi bastoncini magici che appoggiati verticalmente alla parete della stanza assicuravano a David prolungati rapporti sessuali. Che cessavano solo quando Cun\u00e9gonde allungava una mano e faceva cadere a terra il magico legnetto. L&#8217;incontro con l&#8217;autore \u00e8 stato organizzato organizzato dall\u2019Associazione culturale Verba Volant, presieduta da Mirta Amanda Barbonetti.<\/p>","protected":false},"excerpt":{"rendered":"<p>Nasce dall&#8217;incontro fortuito in Costa d&#8217;Avorio con la protagonista Cun\u00e9gonde, l&#8217;ultimo libro di Enzo Barnab\u00e0 \u201cIl Ventre del Pitone\u201d (Editrice Missionaria Italiana, 2010), presentato lunedi 27 giugno all&#8217;Itis \u201cSegato\u201d di Belluno dal professor Francesco Piero Franchi. Addetto culturale all&#8217;Ambasciata italiana in Costa d&#8217;Avorio, Barnab\u00e0 decide di visitare il Parco per vedere gli elefanti. In un [&hellip;]<\/p>\n","protected":false},"author":2,"featured_media":0,"comment_status":"closed","ping_status":"open","sticky":false,"template":"","format":"standard","meta":{"footnotes":""},"categories":[3,26],"tags":[],"class_list":["post-28191","post","type-post","status-publish","format-standard","category-arte-cultura-spettacoli-scienza-archivi","category-prima-pagina"],"yoast_head":"<!-- This site is optimized with the Yoast SEO plugin v28.4 - https:\/\/yoast.com\/product\/yoast-seo-wordpress\/ -->\n<title>Barnab\u00e0 ha presentato \u201cIl ventre del Pitone\u201d - Bellunopress - Dolomiti<\/title>\n<meta name=\"robots\" content=\"index, follow, max-snippet:-1, max-image-preview:large, max-video-preview:-1\" \/>\n<link rel=\"canonical\" href=\"https:\/\/www.bellunopress.it\/fr\/2011\/06\/29\/barnaba-ha-presentato-\u201cil-ventre-del-pitone\u201d\/\" \/>\n<meta property=\"og:locale\" content=\"fr_FR\" \/>\n<meta property=\"og:type\" content=\"article\" \/>\n<meta property=\"og:title\" content=\"Barnab\u00e0 ha presentato \u201cIl ventre del Pitone\u201d - Bellunopress - Dolomiti\" \/>\n<meta property=\"og:description\" content=\"Nasce dall&#8217;incontro fortuito in Costa d&#8217;Avorio con la protagonista Cun\u00e9gonde, l&#8217;ultimo libro di Enzo Barnab\u00e0 \u201cIl Ventre del Pitone\u201d (Editrice Missionaria Italiana, 2010), presentato lunedi 27 giugno all&#8217;Itis \u201cSegato\u201d di Belluno dal professor Francesco Piero Franchi. Addetto culturale all&#8217;Ambasciata italiana in Costa d&#8217;Avorio, Barnab\u00e0 decide di visitare il Parco per vedere gli elefanti. In un [&hellip;]\" \/>\n<meta property=\"og:url\" content=\"https:\/\/www.bellunopress.it\/fr\/2011\/06\/29\/barnaba-ha-presentato-\u201cil-ventre-del-pitone\u201d\/\" \/>\n<meta property=\"og:site_name\" content=\"Bellunopress - Dolomiti\" \/>\n<meta property=\"article:publisher\" content=\"https:\/\/www.facebook.com\/profile.php?id=100008943462799\" \/>\n<meta property=\"article:published_time\" content=\"2011-06-29T21:21:57+00:00\" \/>\n<meta property=\"article:modified_time\" content=\"2011-06-30T07:42:09+00:00\" \/>\n<meta property=\"og:image\" content=\"http:\/\/www.bellunopress.it\/wp-content\/uploads\/2011\/06\/franchi-barbonetti-barnab\u00e0.jpg\" \/>\n<meta name=\"author\" content=\"redazione\" \/>\n<meta name=\"twitter:card\" content=\"summary_large_image\" \/>\n<meta name=\"twitter:creator\" content=\"@bellunopress\" \/>\n<meta name=\"twitter:site\" content=\"@bellunopress\" \/>\n<meta name=\"twitter:label1\" content=\"\u00c9crit par\" \/>\n\t<meta name=\"twitter:data1\" content=\"redazione\" \/>\n\t<meta name=\"twitter:label2\" content=\"Dur\u00e9e de lecture estim\u00e9e\" \/>\n\t<meta name=\"twitter:data2\" content=\"1 minute\" \/>\n<script type=\"application\/ld+json\" class=\"yoast-schema-graph\">{\"@context\":\"https:\\\/\\\/schema.org\",\"@graph\":[{\"@type\":\"Article\",\"@id\":\"https:\\\/\\\/www.bellunopress.it\\\/2011\\\/06\\\/29\\\/barnaba-ha-presentato-%e2%80%9cil-ventre-del-pitone%e2%80%9d\\\/#article\",\"isPartOf\":{\"@id\":\"https:\\\/\\\/www.bellunopress.it\\\/2011\\\/06\\\/29\\\/barnaba-ha-presentato-%e2%80%9cil-ventre-del-pitone%e2%80%9d\\\/\"},\"author\":{\"name\":\"redazione\",\"@id\":\"https:\\\/\\\/www.bellunopress.it\\\/#\\\/schema\\\/person\\\/79bb06722b37ece1c03d3e94beb30d73\"},\"headline\":\"Barnab\u00e0 ha presentato \u201cIl ventre del Pitone\u201d\",\"datePublished\":\"2011-06-29T21:21:57+00:00\",\"dateModified\":\"2011-06-30T07:42:09+00:00\",\"mainEntityOfPage\":{\"@id\":\"https:\\\/\\\/www.bellunopress.it\\\/2011\\\/06\\\/29\\\/barnaba-ha-presentato-%e2%80%9cil-ventre-del-pitone%e2%80%9d\\\/\"},\"wordCount\":281,\"publisher\":{\"@id\":\"https:\\\/\\\/www.bellunopress.it\\\/#organization\"},\"articleSection\":[\"Arte, Cultura, Spettacoli, Scienza\",\"Prima Pagina\"],\"inLanguage\":\"fr-FR\"},{\"@type\":\"WebPage\",\"@id\":\"https:\\\/\\\/www.bellunopress.it\\\/2011\\\/06\\\/29\\\/barnaba-ha-presentato-%e2%80%9cil-ventre-del-pitone%e2%80%9d\\\/\",\"url\":\"https:\\\/\\\/www.bellunopress.it\\\/2011\\\/06\\\/29\\\/barnaba-ha-presentato-%e2%80%9cil-ventre-del-pitone%e2%80%9d\\\/\",\"name\":\"Barnab\u00e0 ha presentato \u201cIl ventre del Pitone\u201d - Bellunopress - Dolomiti\",\"isPartOf\":{\"@id\":\"https:\\\/\\\/www.bellunopress.it\\\/#website\"},\"datePublished\":\"2011-06-29T21:21:57+00:00\",\"dateModified\":\"2011-06-30T07:42:09+00:00\",\"breadcrumb\":{\"@id\":\"https:\\\/\\\/www.bellunopress.it\\\/2011\\\/06\\\/29\\\/barnaba-ha-presentato-%e2%80%9cil-ventre-del-pitone%e2%80%9d\\\/#breadcrumb\"},\"inLanguage\":\"fr-FR\",\"potentialAction\":[{\"@type\":\"ReadAction\",\"target\":[\"https:\\\/\\\/www.bellunopress.it\\\/2011\\\/06\\\/29\\\/barnaba-ha-presentato-%e2%80%9cil-ventre-del-pitone%e2%80%9d\\\/\"]}]},{\"@type\":\"BreadcrumbList\",\"@id\":\"https:\\\/\\\/www.bellunopress.it\\\/2011\\\/06\\\/29\\\/barnaba-ha-presentato-%e2%80%9cil-ventre-del-pitone%e2%80%9d\\\/#breadcrumb\",\"itemListElement\":[{\"@type\":\"ListItem\",\"position\":1,\"name\":\"Home\",\"item\":\"https:\\\/\\\/www.bellunopress.it\\\/\"},{\"@type\":\"ListItem\",\"position\":2,\"name\":\"Barnab\u00e0 ha presentato \u201cIl ventre del Pitone\u201d\"}]},{\"@type\":\"WebSite\",\"@id\":\"https:\\\/\\\/www.bellunopress.it\\\/#website\",\"url\":\"https:\\\/\\\/www.bellunopress.it\\\/\",\"name\":\"Bellunopress - Dolomiti\",\"description\":\"e-mail: redazione@bellunopress.it\",\"publisher\":{\"@id\":\"https:\\\/\\\/www.bellunopress.it\\\/#organization\"},\"potentialAction\":[{\"@type\":\"SearchAction\",\"target\":{\"@type\":\"EntryPoint\",\"urlTemplate\":\"https:\\\/\\\/www.bellunopress.it\\\/?s={search_term_string}\"},\"query-input\":{\"@type\":\"PropertyValueSpecification\",\"valueRequired\":true,\"valueName\":\"search_term_string\"}}],\"inLanguage\":\"fr-FR\"},{\"@type\":\"Organization\",\"@id\":\"https:\\\/\\\/www.bellunopress.it\\\/#organization\",\"name\":\"Bellunopress\",\"url\":\"https:\\\/\\\/www.bellunopress.it\\\/\",\"logo\":{\"@type\":\"ImageObject\",\"inLanguage\":\"fr-FR\",\"@id\":\"https:\\\/\\\/www.bellunopress.it\\\/#\\\/schema\\\/logo\\\/image\\\/\",\"url\":\"https:\\\/\\\/www.bellunopress.it\\\/wp-content\\\/uploads\\\/2011\\\/05\\\/cropped-logo-bellunopress-.jpg\",\"contentUrl\":\"https:\\\/\\\/www.bellunopress.it\\\/wp-content\\\/uploads\\\/2011\\\/05\\\/cropped-logo-bellunopress-.jpg\",\"width\":512,\"height\":512,\"caption\":\"Bellunopress\"},\"image\":{\"@id\":\"https:\\\/\\\/www.bellunopress.it\\\/#\\\/schema\\\/logo\\\/image\\\/\"},\"sameAs\":[\"https:\\\/\\\/www.facebook.com\\\/profile.php?id=100008943462799\",\"https:\\\/\\\/x.com\\\/bellunopress\",\"https:\\\/\\\/www.linkedin.com\\\/hp\\\/?dnr=JBzUWaJfMUw8vbXJJ2tVW5-I3jZKvC4wsoxE&amp;amp;amp;amp;amp;amp;trk=nav_responsive_tab_home\",\"https:\\\/\\\/www.youtube.com\\\/channel\\\/UCxL0wu1uN0_3_7hGG0306cw\"]},{\"@type\":\"Person\",\"@id\":\"https:\\\/\\\/www.bellunopress.it\\\/#\\\/schema\\\/person\\\/79bb06722b37ece1c03d3e94beb30d73\",\"name\":\"redazione\",\"image\":{\"@type\":\"ImageObject\",\"inLanguage\":\"fr-FR\",\"@id\":\"https:\\\/\\\/secure.gravatar.com\\\/avatar\\\/37d968a2e67a6fd04c169c4bdef102d0bc5d31b2546345219e348575eb80e9a0?s=96&d=mm&r=g\",\"url\":\"https:\\\/\\\/secure.gravatar.com\\\/avatar\\\/37d968a2e67a6fd04c169c4bdef102d0bc5d31b2546345219e348575eb80e9a0?s=96&d=mm&r=g\",\"contentUrl\":\"https:\\\/\\\/secure.gravatar.com\\\/avatar\\\/37d968a2e67a6fd04c169c4bdef102d0bc5d31b2546345219e348575eb80e9a0?s=96&d=mm&r=g\",\"caption\":\"redazione\"},\"sameAs\":[\"http:\\\/\\\/www.bellunopress.it\",\"https:\\\/\\\/x.com\\\/bellunopress\"],\"url\":\"https:\\\/\\\/www.bellunopress.it\\\/fr\\\/author\\\/redazione\\\/\"}]}<\/script>\n<!-- \/ Yoast SEO plugin. -->","yoast_head_json":{"title":"Barnab\u00e0 ha presentato \u201cIl ventre del Pitone\u201d - Bellunopress - Dolomiti","robots":{"index":"index","follow":"follow","max-snippet":"max-snippet:-1","max-image-preview":"max-image-preview:large","max-video-preview":"max-video-preview:-1"},"canonical":"https:\/\/www.bellunopress.it\/fr\/2011\/06\/29\/barnaba-ha-presentato-\u201cil-ventre-del-pitone\u201d\/","og_locale":"fr_FR","og_type":"article","og_title":"Barnab\u00e0 ha presentato \u201cIl ventre del Pitone\u201d - Bellunopress - Dolomiti","og_description":"Nasce dall&#8217;incontro fortuito in Costa d&#8217;Avorio con la protagonista Cun\u00e9gonde, l&#8217;ultimo libro di Enzo Barnab\u00e0 \u201cIl Ventre del Pitone\u201d (Editrice Missionaria Italiana, 2010), presentato lunedi 27 giugno all&#8217;Itis \u201cSegato\u201d di Belluno dal professor Francesco Piero Franchi. Addetto culturale all&#8217;Ambasciata italiana in Costa d&#8217;Avorio, Barnab\u00e0 decide di visitare il Parco per vedere gli elefanti. In un [&hellip;]","og_url":"https:\/\/www.bellunopress.it\/fr\/2011\/06\/29\/barnaba-ha-presentato-\u201cil-ventre-del-pitone\u201d\/","og_site_name":"Bellunopress - Dolomiti","article_publisher":"https:\/\/www.facebook.com\/profile.php?id=100008943462799","article_published_time":"2011-06-29T21:21:57+00:00","article_modified_time":"2011-06-30T07:42:09+00:00","og_image":[{"url":"http:\/\/www.bellunopress.it\/wp-content\/uploads\/2011\/06\/franchi-barbonetti-barnab\u00e0.jpg","type":"","width":"","height":""}],"author":"redazione","twitter_card":"summary_large_image","twitter_creator":"@bellunopress","twitter_site":"@bellunopress","twitter_misc":{"\u00c9crit par":"redazione","Dur\u00e9e de lecture estim\u00e9e":"1 minute"},"schema":{"@context":"https:\/\/schema.org","@graph":[{"@type":"Article","@id":"https:\/\/www.bellunopress.it\/2011\/06\/29\/barnaba-ha-presentato-%e2%80%9cil-ventre-del-pitone%e2%80%9d\/#article","isPartOf":{"@id":"https:\/\/www.bellunopress.it\/2011\/06\/29\/barnaba-ha-presentato-%e2%80%9cil-ventre-del-pitone%e2%80%9d\/"},"author":{"name":"redazione","@id":"https:\/\/www.bellunopress.it\/#\/schema\/person\/79bb06722b37ece1c03d3e94beb30d73"},"headline":"Barnab\u00e0 ha presentato \u201cIl ventre del Pitone\u201d","datePublished":"2011-06-29T21:21:57+00:00","dateModified":"2011-06-30T07:42:09+00:00","mainEntityOfPage":{"@id":"https:\/\/www.bellunopress.it\/2011\/06\/29\/barnaba-ha-presentato-%e2%80%9cil-ventre-del-pitone%e2%80%9d\/"},"wordCount":281,"publisher":{"@id":"https:\/\/www.bellunopress.it\/#organization"},"articleSection":["Arte, Cultura, Spettacoli, Scienza","Prima Pagina"],"inLanguage":"fr-FR"},{"@type":"WebPage","@id":"https:\/\/www.bellunopress.it\/2011\/06\/29\/barnaba-ha-presentato-%e2%80%9cil-ventre-del-pitone%e2%80%9d\/","url":"https:\/\/www.bellunopress.it\/2011\/06\/29\/barnaba-ha-presentato-%e2%80%9cil-ventre-del-pitone%e2%80%9d\/","name":"Barnab\u00e0 ha presentato \u201cIl ventre del Pitone\u201d - Bellunopress - Dolomiti","isPartOf":{"@id":"https:\/\/www.bellunopress.it\/#website"},"datePublished":"2011-06-29T21:21:57+00:00","dateModified":"2011-06-30T07:42:09+00:00","breadcrumb":{"@id":"https:\/\/www.bellunopress.it\/2011\/06\/29\/barnaba-ha-presentato-%e2%80%9cil-ventre-del-pitone%e2%80%9d\/#breadcrumb"},"inLanguage":"fr-FR","potentialAction":[{"@type":"ReadAction","target":["https:\/\/www.bellunopress.it\/2011\/06\/29\/barnaba-ha-presentato-%e2%80%9cil-ventre-del-pitone%e2%80%9d\/"]}]},{"@type":"BreadcrumbList","@id":"https:\/\/www.bellunopress.it\/2011\/06\/29\/barnaba-ha-presentato-%e2%80%9cil-ventre-del-pitone%e2%80%9d\/#breadcrumb","itemListElement":[{"@type":"ListItem","position":1,"name":"Home","item":"https:\/\/www.bellunopress.it\/"},{"@type":"ListItem","position":2,"name":"Barnab\u00e0 ha presentato \u201cIl ventre del Pitone\u201d"}]},{"@type":"WebSite","@id":"https:\/\/www.bellunopress.it\/#website","url":"https:\/\/www.bellunopress.it\/","name":"Bellunopress - Dolomiti","description":"e-mail: redazione@bellunopress.it","publisher":{"@id":"https:\/\/www.bellunopress.it\/#organization"},"potentialAction":[{"@type":"SearchAction","target":{"@type":"EntryPoint","urlTemplate":"https:\/\/www.bellunopress.it\/?s={search_term_string}"},"query-input":{"@type":"PropertyValueSpecification","valueRequired":true,"valueName":"search_term_string"}}],"inLanguage":"fr-FR"},{"@type":"Organization","@id":"https:\/\/www.bellunopress.it\/#organization","name":"Bellunopress","url":"https:\/\/www.bellunopress.it\/","logo":{"@type":"ImageObject","inLanguage":"fr-FR","@id":"https:\/\/www.bellunopress.it\/#\/schema\/logo\/image\/","url":"https:\/\/www.bellunopress.it\/wp-content\/uploads\/2011\/05\/cropped-logo-bellunopress-.jpg","contentUrl":"https:\/\/www.bellunopress.it\/wp-content\/uploads\/2011\/05\/cropped-logo-bellunopress-.jpg","width":512,"height":512,"caption":"Bellunopress"},"image":{"@id":"https:\/\/www.bellunopress.it\/#\/schema\/logo\/image\/"},"sameAs":["https:\/\/www.facebook.com\/profile.php?id=100008943462799","https:\/\/x.com\/bellunopress","https:\/\/www.linkedin.com\/hp\/?dnr=JBzUWaJfMUw8vbXJJ2tVW5-I3jZKvC4wsoxE&amp;amp;amp;amp;amp;amp;trk=nav_responsive_tab_home","https:\/\/www.youtube.com\/channel\/UCxL0wu1uN0_3_7hGG0306cw"]},{"@type":"Person","@id":"https:\/\/www.bellunopress.it\/#\/schema\/person\/79bb06722b37ece1c03d3e94beb30d73","name":"r\u00e9daction","image":{"@type":"ImageObject","inLanguage":"fr-FR","@id":"https:\/\/secure.gravatar.com\/avatar\/37d968a2e67a6fd04c169c4bdef102d0bc5d31b2546345219e348575eb80e9a0?s=96&d=mm&r=g","url":"https:\/\/secure.gravatar.com\/avatar\/37d968a2e67a6fd04c169c4bdef102d0bc5d31b2546345219e348575eb80e9a0?s=96&d=mm&r=g","contentUrl":"https:\/\/secure.gravatar.com\/avatar\/37d968a2e67a6fd04c169c4bdef102d0bc5d31b2546345219e348575eb80e9a0?s=96&d=mm&r=g","caption":"redazione"},"sameAs":["http:\/\/www.bellunopress.it","https:\/\/x.com\/bellunopress"],"url":"https:\/\/www.bellunopress.it\/fr\/author\/redazione\/"}]}},"_links":{"self":[{"href":"https:\/\/www.bellunopress.it\/fr\/wp-json\/wp\/v2\/posts\/28191","targetHints":{"allow":["GET"]}}],"collection":[{"href":"https:\/\/www.bellunopress.it\/fr\/wp-json\/wp\/v2\/posts"}],"about":[{"href":"https:\/\/www.bellunopress.it\/fr\/wp-json\/wp\/v2\/types\/post"}],"author":[{"embeddable":true,"href":"https:\/\/www.bellunopress.it\/fr\/wp-json\/wp\/v2\/users\/2"}],"replies":[{"embeddable":true,"href":"https:\/\/www.bellunopress.it\/fr\/wp-json\/wp\/v2\/comments?post=28191"}],"version-history":[{"count":4,"href":"https:\/\/www.bellunopress.it\/fr\/wp-json\/wp\/v2\/posts\/28191\/revisions"}],"predecessor-version":[{"id":28254,"href":"https:\/\/www.bellunopress.it\/fr\/wp-json\/wp\/v2\/posts\/28191\/revisions\/28254"}],"wp:attachment":[{"href":"https:\/\/www.bellunopress.it\/fr\/wp-json\/wp\/v2\/media?parent=28191"}],"wp:term":[{"taxonomy":"category","embeddable":true,"href":"https:\/\/www.bellunopress.it\/fr\/wp-json\/wp\/v2\/categories?post=28191"},{"taxonomy":"post_tag","embeddable":true,"href":"https:\/\/www.bellunopress.it\/fr\/wp-json\/wp\/v2\/tags?post=28191"}],"curies":[{"name":"wp","href":"https:\/\/api.w.org\/{rel}","templated":true}]}}