{"id":2796,"date":"2009-04-18T08:38:39","date_gmt":"2009-04-18T07:38:39","guid":{"rendered":"http:\/\/www.bellunopress.it\/?p=2796"},"modified":"2009-04-18T08:41:06","modified_gmt":"2009-04-18T07:41:06","slug":"avvistato-lorso-nel-comune-di-gosaldo","status":"publish","type":"post","link":"https:\/\/www.bellunopress.it\/fr\/2009\/04\/18\/avvistato-lorso-nel-comune-di-gosaldo\/","title":{"rendered":"Avvistato l&#8217;orso nel Comune di Gosaldo"},"content":{"rendered":"<p><a href=\"http:\/\/www.bellunopress.it\/wp-content\/uploads\/2009\/04\/orso-foto-di-cfs-comando-stazione-sospirolo-asscapo-maurizio-guardiano-270x180.jpg\"><img loading=\"lazy\" decoding=\"async\" class=\"alignleft size-medium wp-image-2798\" title=\"orso-foto-di-cfs-comando-stazione-sospirolo-asscapo-maurizio-guardiano-270x180\" src=\"http:\/\/www.bellunopress.it\/wp-content\/uploads\/2009\/04\/orso-foto-di-cfs-comando-stazione-sospirolo-asscapo-maurizio-guardiano-270x180.jpg\" alt=\"\" width=\"270\" height=\"180\" \/><\/a>Gioved\u00ec 16 aprile, grazie alla segnalazione degli operatori di Veneto strade e il successivo sopralluogo di una pattuglia del CTA\/Corpo forestale dello stato\u00a0 guidata dall&#8217;ispettore capo Andrea Ferroni e composta dall&#8217;assistente Alberto Dal Farra e dall&#8217;agente Francesca Vilena \u00e8 stato avvistato un esemplare di orso nella zona dei Bitti in Valle del Mis. Successivamente,\u00a0 la pattuglia del CTA-CFS del Parco Nazionale delle Dolomiti Bellunesi, composta dall&#8217;assistente capo Maurizio Guardiano e dall&#8217;assistente Marco Barbaresi, ha raggiunto l&#8217;area di casera Renzin (comune di Gosaldo), nel cuore del Parco. Da casera Renzin i forestali si sono appostati per poter osservare l&#8217;area di casera Bitti e la Crocetta. E intorno alle ore 17,30 hanno potuto vedere l&#8221;orso che si \u00e8 alzato in piedi da dietro una pianta di pino nero dov&#8217;era sdraiato a riposare. Le foto testimoniano l&#8217;eccezionale avvistamento che conferma il lungo lavoro svolto in questi giorni per accertare gli spostamenti del plantigrado. La Polizia Provinciale ed il CTA-CFS raccoglieranno peli e feci dell&#8217;esemplare per poterne indagare il DNA. Questa procedura serve a verificare se si tratti, come si pensa, dello stesso esemplare segnalato nei giorni scorsi nell&#8217;area di Zoldo. I Forestali ritengono che si tratti di un animale sub-adulto e maschio. La tal cosa \u00e8 probabile in quanto gli orsi maschi girovagano spesso alla ricerca delle femmine e di nuovi territori. L&#8217;Ente Parco e il CTA-CFS continueranno, nei prossimi giorni, a monitorare l&#8217;area sperando di poter seguire gli spostamenti dell&#8217;orso. (Foto: CFS Comando Stazione di Sospirolo \u2013 Ass.Capo Maurizio Guardiano)<\/p>","protected":false},"excerpt":{"rendered":"<p>Gioved\u00ec 16 aprile, grazie alla segnalazione degli operatori di Veneto strade e il successivo sopralluogo di una pattuglia del CTA\/Corpo forestale dello stato\u00a0 guidata dall&#8217;ispettore capo Andrea Ferroni e composta dall&#8217;assistente Alberto Dal Farra e dall&#8217;agente Francesca Vilena \u00e8 stato avvistato un esemplare di orso nella zona dei Bitti in Valle del Mis. Successivamente,\u00a0 la [&hellip;]<\/p>\n","protected":false},"author":2,"featured_media":0,"comment_status":"closed","ping_status":"open","sticky":false,"template":"","format":"standard","meta":{"footnotes":""},"categories":[5,26],"tags":[139,63,2262],"class_list":["post-2796","post","type-post","status-publish","format-standard","category-cronaca","category-prima-pagina","tag-belluno","tag-dolomiti","tag-zoldo"],"yoast_head":"<!-- This site is optimized with the Yoast SEO plugin v28.4 - https:\/\/yoast.com\/product\/yoast-seo-wordpress\/ -->\n<title>Avvistato l&#039;orso nel Comune di Gosaldo - Bellunopress - Dolomiti<\/title>\n<meta name=\"robots\" content=\"index, follow, max-snippet:-1, max-image-preview:large, max-video-preview:-1\" \/>\n<link rel=\"canonical\" href=\"https:\/\/www.bellunopress.it\/fr\/2009\/04\/18\/avvistato-lorso-nel-comune-di-gosaldo\/\" \/>\n<meta property=\"og:locale\" content=\"fr_FR\" \/>\n<meta property=\"og:type\" content=\"article\" \/>\n<meta property=\"og:title\" content=\"Avvistato l&#039;orso nel Comune di Gosaldo - Bellunopress - Dolomiti\" \/>\n<meta property=\"og:description\" content=\"Gioved\u00ec 16 aprile, grazie alla segnalazione degli operatori di Veneto strade e il successivo sopralluogo di una pattuglia del CTA\/Corpo forestale dello stato\u00a0 guidata dall&#8217;ispettore capo Andrea Ferroni e composta dall&#8217;assistente Alberto Dal Farra e dall&#8217;agente Francesca Vilena \u00e8 stato avvistato un esemplare di orso nella zona dei Bitti in Valle del Mis. Successivamente,\u00a0 la [&hellip;]\" \/>\n<meta property=\"og:url\" content=\"https:\/\/www.bellunopress.it\/fr\/2009\/04\/18\/avvistato-lorso-nel-comune-di-gosaldo\/\" \/>\n<meta property=\"og:site_name\" content=\"Bellunopress - Dolomiti\" \/>\n<meta property=\"article:publisher\" content=\"https:\/\/www.facebook.com\/profile.php?id=100008943462799\" \/>\n<meta property=\"article:published_time\" content=\"2009-04-18T07:38:39+00:00\" \/>\n<meta property=\"article:modified_time\" content=\"2009-04-18T07:41:06+00:00\" \/>\n<meta property=\"og:image\" content=\"http:\/\/www.bellunopress.it\/wp-content\/uploads\/2009\/04\/orso-foto-di-cfs-comando-stazione-sospirolo-asscapo-maurizio-guardiano-270x180.jpg\" \/>\n<meta name=\"author\" content=\"redazione\" \/>\n<meta name=\"twitter:card\" content=\"summary_large_image\" \/>\n<meta name=\"twitter:creator\" content=\"@bellunopress\" \/>\n<meta name=\"twitter:site\" content=\"@bellunopress\" \/>\n<meta name=\"twitter:label1\" content=\"\u00c9crit par\" \/>\n\t<meta name=\"twitter:data1\" content=\"redazione\" \/>\n\t<meta name=\"twitter:label2\" content=\"Dur\u00e9e de lecture estim\u00e9e\" \/>\n\t<meta name=\"twitter:data2\" content=\"1 minute\" \/>\n<script type=\"application\/ld+json\" class=\"yoast-schema-graph\">{\"@context\":\"https:\\\/\\\/schema.org\",\"@graph\":[{\"@type\":\"Article\",\"@id\":\"https:\\\/\\\/www.bellunopress.it\\\/2009\\\/04\\\/18\\\/avvistato-lorso-nel-comune-di-gosaldo\\\/#article\",\"isPartOf\":{\"@id\":\"https:\\\/\\\/www.bellunopress.it\\\/2009\\\/04\\\/18\\\/avvistato-lorso-nel-comune-di-gosaldo\\\/\"},\"author\":{\"name\":\"redazione\",\"@id\":\"https:\\\/\\\/www.bellunopress.it\\\/#\\\/schema\\\/person\\\/79bb06722b37ece1c03d3e94beb30d73\"},\"headline\":\"Avvistato l&#8217;orso nel Comune di Gosaldo\",\"datePublished\":\"2009-04-18T07:38:39+00:00\",\"dateModified\":\"2009-04-18T07:41:06+00:00\",\"mainEntityOfPage\":{\"@id\":\"https:\\\/\\\/www.bellunopress.it\\\/2009\\\/04\\\/18\\\/avvistato-lorso-nel-comune-di-gosaldo\\\/\"},\"wordCount\":266,\"publisher\":{\"@id\":\"https:\\\/\\\/www.bellunopress.it\\\/#organization\"},\"image\":{\"@id\":\"https:\\\/\\\/www.bellunopress.it\\\/2009\\\/04\\\/18\\\/avvistato-lorso-nel-comune-di-gosaldo\\\/#primaryimage\"},\"thumbnailUrl\":\"http:\\\/\\\/www.bellunopress.it\\\/wp-content\\\/uploads\\\/2009\\\/04\\\/orso-foto-di-cfs-comando-stazione-sospirolo-asscapo-maurizio-guardiano-270x180.jpg\",\"keywords\":[\"Belluno\",\"Dolomiti\",\"zoldo\"],\"articleSection\":[\"Cronaca\\\/Politica\",\"Prima Pagina\"],\"inLanguage\":\"fr-FR\"},{\"@type\":\"WebPage\",\"@id\":\"https:\\\/\\\/www.bellunopress.it\\\/2009\\\/04\\\/18\\\/avvistato-lorso-nel-comune-di-gosaldo\\\/\",\"url\":\"https:\\\/\\\/www.bellunopress.it\\\/2009\\\/04\\\/18\\\/avvistato-lorso-nel-comune-di-gosaldo\\\/\",\"name\":\"Avvistato l'orso nel Comune di Gosaldo - Bellunopress - Dolomiti\",\"isPartOf\":{\"@id\":\"https:\\\/\\\/www.bellunopress.it\\\/#website\"},\"primaryImageOfPage\":{\"@id\":\"https:\\\/\\\/www.bellunopress.it\\\/2009\\\/04\\\/18\\\/avvistato-lorso-nel-comune-di-gosaldo\\\/#primaryimage\"},\"image\":{\"@id\":\"https:\\\/\\\/www.bellunopress.it\\\/2009\\\/04\\\/18\\\/avvistato-lorso-nel-comune-di-gosaldo\\\/#primaryimage\"},\"thumbnailUrl\":\"http:\\\/\\\/www.bellunopress.it\\\/wp-content\\\/uploads\\\/2009\\\/04\\\/orso-foto-di-cfs-comando-stazione-sospirolo-asscapo-maurizio-guardiano-270x180.jpg\",\"datePublished\":\"2009-04-18T07:38:39+00:00\",\"dateModified\":\"2009-04-18T07:41:06+00:00\",\"breadcrumb\":{\"@id\":\"https:\\\/\\\/www.bellunopress.it\\\/2009\\\/04\\\/18\\\/avvistato-lorso-nel-comune-di-gosaldo\\\/#breadcrumb\"},\"inLanguage\":\"fr-FR\",\"potentialAction\":[{\"@type\":\"ReadAction\",\"target\":[\"https:\\\/\\\/www.bellunopress.it\\\/2009\\\/04\\\/18\\\/avvistato-lorso-nel-comune-di-gosaldo\\\/\"]}]},{\"@type\":\"ImageObject\",\"inLanguage\":\"fr-FR\",\"@id\":\"https:\\\/\\\/www.bellunopress.it\\\/2009\\\/04\\\/18\\\/avvistato-lorso-nel-comune-di-gosaldo\\\/#primaryimage\",\"url\":\"http:\\\/\\\/www.bellunopress.it\\\/wp-content\\\/uploads\\\/2009\\\/04\\\/orso-foto-di-cfs-comando-stazione-sospirolo-asscapo-maurizio-guardiano-270x180.jpg\",\"contentUrl\":\"http:\\\/\\\/www.bellunopress.it\\\/wp-content\\\/uploads\\\/2009\\\/04\\\/orso-foto-di-cfs-comando-stazione-sospirolo-asscapo-maurizio-guardiano-270x180.jpg\"},{\"@type\":\"BreadcrumbList\",\"@id\":\"https:\\\/\\\/www.bellunopress.it\\\/2009\\\/04\\\/18\\\/avvistato-lorso-nel-comune-di-gosaldo\\\/#breadcrumb\",\"itemListElement\":[{\"@type\":\"ListItem\",\"position\":1,\"name\":\"Home\",\"item\":\"https:\\\/\\\/www.bellunopress.it\\\/\"},{\"@type\":\"ListItem\",\"position\":2,\"name\":\"Avvistato l&#8217;orso nel Comune di Gosaldo\"}]},{\"@type\":\"WebSite\",\"@id\":\"https:\\\/\\\/www.bellunopress.it\\\/#website\",\"url\":\"https:\\\/\\\/www.bellunopress.it\\\/\",\"name\":\"Bellunopress - Dolomiti\",\"description\":\"e-mail: redazione@bellunopress.it\",\"publisher\":{\"@id\":\"https:\\\/\\\/www.bellunopress.it\\\/#organization\"},\"potentialAction\":[{\"@type\":\"SearchAction\",\"target\":{\"@type\":\"EntryPoint\",\"urlTemplate\":\"https:\\\/\\\/www.bellunopress.it\\\/?s={search_term_string}\"},\"query-input\":{\"@type\":\"PropertyValueSpecification\",\"valueRequired\":true,\"valueName\":\"search_term_string\"}}],\"inLanguage\":\"fr-FR\"},{\"@type\":\"Organization\",\"@id\":\"https:\\\/\\\/www.bellunopress.it\\\/#organization\",\"name\":\"Bellunopress\",\"url\":\"https:\\\/\\\/www.bellunopress.it\\\/\",\"logo\":{\"@type\":\"ImageObject\",\"inLanguage\":\"fr-FR\",\"@id\":\"https:\\\/\\\/www.bellunopress.it\\\/#\\\/schema\\\/logo\\\/image\\\/\",\"url\":\"https:\\\/\\\/www.bellunopress.it\\\/wp-content\\\/uploads\\\/2011\\\/05\\\/cropped-logo-bellunopress-.jpg\",\"contentUrl\":\"https:\\\/\\\/www.bellunopress.it\\\/wp-content\\\/uploads\\\/2011\\\/05\\\/cropped-logo-bellunopress-.jpg\",\"width\":512,\"height\":512,\"caption\":\"Bellunopress\"},\"image\":{\"@id\":\"https:\\\/\\\/www.bellunopress.it\\\/#\\\/schema\\\/logo\\\/image\\\/\"},\"sameAs\":[\"https:\\\/\\\/www.facebook.com\\\/profile.php?id=100008943462799\",\"https:\\\/\\\/x.com\\\/bellunopress\",\"https:\\\/\\\/www.linkedin.com\\\/hp\\\/?dnr=JBzUWaJfMUw8vbXJJ2tVW5-I3jZKvC4wsoxE&amp;amp;amp;amp;amp;amp;trk=nav_responsive_tab_home\",\"https:\\\/\\\/www.youtube.com\\\/channel\\\/UCxL0wu1uN0_3_7hGG0306cw\"]},{\"@type\":\"Person\",\"@id\":\"https:\\\/\\\/www.bellunopress.it\\\/#\\\/schema\\\/person\\\/79bb06722b37ece1c03d3e94beb30d73\",\"name\":\"redazione\",\"image\":{\"@type\":\"ImageObject\",\"inLanguage\":\"fr-FR\",\"@id\":\"https:\\\/\\\/secure.gravatar.com\\\/avatar\\\/37d968a2e67a6fd04c169c4bdef102d0bc5d31b2546345219e348575eb80e9a0?s=96&d=mm&r=g\",\"url\":\"https:\\\/\\\/secure.gravatar.com\\\/avatar\\\/37d968a2e67a6fd04c169c4bdef102d0bc5d31b2546345219e348575eb80e9a0?s=96&d=mm&r=g\",\"contentUrl\":\"https:\\\/\\\/secure.gravatar.com\\\/avatar\\\/37d968a2e67a6fd04c169c4bdef102d0bc5d31b2546345219e348575eb80e9a0?s=96&d=mm&r=g\",\"caption\":\"redazione\"},\"sameAs\":[\"http:\\\/\\\/www.bellunopress.it\",\"https:\\\/\\\/x.com\\\/bellunopress\"],\"url\":\"https:\\\/\\\/www.bellunopress.it\\\/fr\\\/author\\\/redazione\\\/\"}]}<\/script>\n<!-- \/ Yoast SEO plugin. -->","yoast_head_json":{"title":"Avvistato l'orso nel Comune di Gosaldo - Bellunopress - Dolomiti","robots":{"index":"index","follow":"follow","max-snippet":"max-snippet:-1","max-image-preview":"max-image-preview:large","max-video-preview":"max-video-preview:-1"},"canonical":"https:\/\/www.bellunopress.it\/fr\/2009\/04\/18\/avvistato-lorso-nel-comune-di-gosaldo\/","og_locale":"fr_FR","og_type":"article","og_title":"Avvistato l'orso nel Comune di Gosaldo - Bellunopress - Dolomiti","og_description":"Gioved\u00ec 16 aprile, grazie alla segnalazione degli operatori di Veneto strade e il successivo sopralluogo di una pattuglia del CTA\/Corpo forestale dello stato\u00a0 guidata dall&#8217;ispettore capo Andrea Ferroni e composta dall&#8217;assistente Alberto Dal Farra e dall&#8217;agente Francesca Vilena \u00e8 stato avvistato un esemplare di orso nella zona dei Bitti in Valle del Mis. Successivamente,\u00a0 la [&hellip;]","og_url":"https:\/\/www.bellunopress.it\/fr\/2009\/04\/18\/avvistato-lorso-nel-comune-di-gosaldo\/","og_site_name":"Bellunopress - Dolomiti","article_publisher":"https:\/\/www.facebook.com\/profile.php?id=100008943462799","article_published_time":"2009-04-18T07:38:39+00:00","article_modified_time":"2009-04-18T07:41:06+00:00","og_image":[{"url":"http:\/\/www.bellunopress.it\/wp-content\/uploads\/2009\/04\/orso-foto-di-cfs-comando-stazione-sospirolo-asscapo-maurizio-guardiano-270x180.jpg","type":"","width":"","height":""}],"author":"redazione","twitter_card":"summary_large_image","twitter_creator":"@bellunopress","twitter_site":"@bellunopress","twitter_misc":{"\u00c9crit par":"redazione","Dur\u00e9e de lecture estim\u00e9e":"1 minute"},"schema":{"@context":"https:\/\/schema.org","@graph":[{"@type":"Article","@id":"https:\/\/www.bellunopress.it\/2009\/04\/18\/avvistato-lorso-nel-comune-di-gosaldo\/#article","isPartOf":{"@id":"https:\/\/www.bellunopress.it\/2009\/04\/18\/avvistato-lorso-nel-comune-di-gosaldo\/"},"author":{"name":"redazione","@id":"https:\/\/www.bellunopress.it\/#\/schema\/person\/79bb06722b37ece1c03d3e94beb30d73"},"headline":"Avvistato l&#8217;orso nel Comune di Gosaldo","datePublished":"2009-04-18T07:38:39+00:00","dateModified":"2009-04-18T07:41:06+00:00","mainEntityOfPage":{"@id":"https:\/\/www.bellunopress.it\/2009\/04\/18\/avvistato-lorso-nel-comune-di-gosaldo\/"},"wordCount":266,"publisher":{"@id":"https:\/\/www.bellunopress.it\/#organization"},"image":{"@id":"https:\/\/www.bellunopress.it\/2009\/04\/18\/avvistato-lorso-nel-comune-di-gosaldo\/#primaryimage"},"thumbnailUrl":"http:\/\/www.bellunopress.it\/wp-content\/uploads\/2009\/04\/orso-foto-di-cfs-comando-stazione-sospirolo-asscapo-maurizio-guardiano-270x180.jpg","keywords":["Belluno","Dolomiti","zoldo"],"articleSection":["Cronaca\/Politica","Prima Pagina"],"inLanguage":"fr-FR"},{"@type":"WebPage","@id":"https:\/\/www.bellunopress.it\/2009\/04\/18\/avvistato-lorso-nel-comune-di-gosaldo\/","url":"https:\/\/www.bellunopress.it\/2009\/04\/18\/avvistato-lorso-nel-comune-di-gosaldo\/","name":"Avvistato l'orso nel Comune di Gosaldo - Bellunopress - Dolomiti","isPartOf":{"@id":"https:\/\/www.bellunopress.it\/#website"},"primaryImageOfPage":{"@id":"https:\/\/www.bellunopress.it\/2009\/04\/18\/avvistato-lorso-nel-comune-di-gosaldo\/#primaryimage"},"image":{"@id":"https:\/\/www.bellunopress.it\/2009\/04\/18\/avvistato-lorso-nel-comune-di-gosaldo\/#primaryimage"},"thumbnailUrl":"http:\/\/www.bellunopress.it\/wp-content\/uploads\/2009\/04\/orso-foto-di-cfs-comando-stazione-sospirolo-asscapo-maurizio-guardiano-270x180.jpg","datePublished":"2009-04-18T07:38:39+00:00","dateModified":"2009-04-18T07:41:06+00:00","breadcrumb":{"@id":"https:\/\/www.bellunopress.it\/2009\/04\/18\/avvistato-lorso-nel-comune-di-gosaldo\/#breadcrumb"},"inLanguage":"fr-FR","potentialAction":[{"@type":"ReadAction","target":["https:\/\/www.bellunopress.it\/2009\/04\/18\/avvistato-lorso-nel-comune-di-gosaldo\/"]}]},{"@type":"ImageObject","inLanguage":"fr-FR","@id":"https:\/\/www.bellunopress.it\/2009\/04\/18\/avvistato-lorso-nel-comune-di-gosaldo\/#primaryimage","url":"http:\/\/www.bellunopress.it\/wp-content\/uploads\/2009\/04\/orso-foto-di-cfs-comando-stazione-sospirolo-asscapo-maurizio-guardiano-270x180.jpg","contentUrl":"http:\/\/www.bellunopress.it\/wp-content\/uploads\/2009\/04\/orso-foto-di-cfs-comando-stazione-sospirolo-asscapo-maurizio-guardiano-270x180.jpg"},{"@type":"BreadcrumbList","@id":"https:\/\/www.bellunopress.it\/2009\/04\/18\/avvistato-lorso-nel-comune-di-gosaldo\/#breadcrumb","itemListElement":[{"@type":"ListItem","position":1,"name":"Home","item":"https:\/\/www.bellunopress.it\/"},{"@type":"ListItem","position":2,"name":"Avvistato l&#8217;orso nel Comune di Gosaldo"}]},{"@type":"WebSite","@id":"https:\/\/www.bellunopress.it\/#website","url":"https:\/\/www.bellunopress.it\/","name":"Bellunopress - Dolomiti","description":"e-mail: redazione@bellunopress.it","publisher":{"@id":"https:\/\/www.bellunopress.it\/#organization"},"potentialAction":[{"@type":"SearchAction","target":{"@type":"EntryPoint","urlTemplate":"https:\/\/www.bellunopress.it\/?s={search_term_string}"},"query-input":{"@type":"PropertyValueSpecification","valueRequired":true,"valueName":"search_term_string"}}],"inLanguage":"fr-FR"},{"@type":"Organization","@id":"https:\/\/www.bellunopress.it\/#organization","name":"Bellunopress","url":"https:\/\/www.bellunopress.it\/","logo":{"@type":"ImageObject","inLanguage":"fr-FR","@id":"https:\/\/www.bellunopress.it\/#\/schema\/logo\/image\/","url":"https:\/\/www.bellunopress.it\/wp-content\/uploads\/2011\/05\/cropped-logo-bellunopress-.jpg","contentUrl":"https:\/\/www.bellunopress.it\/wp-content\/uploads\/2011\/05\/cropped-logo-bellunopress-.jpg","width":512,"height":512,"caption":"Bellunopress"},"image":{"@id":"https:\/\/www.bellunopress.it\/#\/schema\/logo\/image\/"},"sameAs":["https:\/\/www.facebook.com\/profile.php?id=100008943462799","https:\/\/x.com\/bellunopress","https:\/\/www.linkedin.com\/hp\/?dnr=JBzUWaJfMUw8vbXJJ2tVW5-I3jZKvC4wsoxE&amp;amp;amp;amp;amp;amp;trk=nav_responsive_tab_home","https:\/\/www.youtube.com\/channel\/UCxL0wu1uN0_3_7hGG0306cw"]},{"@type":"Person","@id":"https:\/\/www.bellunopress.it\/#\/schema\/person\/79bb06722b37ece1c03d3e94beb30d73","name":"r\u00e9daction","image":{"@type":"ImageObject","inLanguage":"fr-FR","@id":"https:\/\/secure.gravatar.com\/avatar\/37d968a2e67a6fd04c169c4bdef102d0bc5d31b2546345219e348575eb80e9a0?s=96&d=mm&r=g","url":"https:\/\/secure.gravatar.com\/avatar\/37d968a2e67a6fd04c169c4bdef102d0bc5d31b2546345219e348575eb80e9a0?s=96&d=mm&r=g","contentUrl":"https:\/\/secure.gravatar.com\/avatar\/37d968a2e67a6fd04c169c4bdef102d0bc5d31b2546345219e348575eb80e9a0?s=96&d=mm&r=g","caption":"redazione"},"sameAs":["http:\/\/www.bellunopress.it","https:\/\/x.com\/bellunopress"],"url":"https:\/\/www.bellunopress.it\/fr\/author\/redazione\/"}]}},"_links":{"self":[{"href":"https:\/\/www.bellunopress.it\/fr\/wp-json\/wp\/v2\/posts\/2796","targetHints":{"allow":["GET"]}}],"collection":[{"href":"https:\/\/www.bellunopress.it\/fr\/wp-json\/wp\/v2\/posts"}],"about":[{"href":"https:\/\/www.bellunopress.it\/fr\/wp-json\/wp\/v2\/types\/post"}],"author":[{"embeddable":true,"href":"https:\/\/www.bellunopress.it\/fr\/wp-json\/wp\/v2\/users\/2"}],"replies":[{"embeddable":true,"href":"https:\/\/www.bellunopress.it\/fr\/wp-json\/wp\/v2\/comments?post=2796"}],"version-history":[{"count":2,"href":"https:\/\/www.bellunopress.it\/fr\/wp-json\/wp\/v2\/posts\/2796\/revisions"}],"predecessor-version":[{"id":2801,"href":"https:\/\/www.bellunopress.it\/fr\/wp-json\/wp\/v2\/posts\/2796\/revisions\/2801"}],"wp:attachment":[{"href":"https:\/\/www.bellunopress.it\/fr\/wp-json\/wp\/v2\/media?parent=2796"}],"wp:term":[{"taxonomy":"category","embeddable":true,"href":"https:\/\/www.bellunopress.it\/fr\/wp-json\/wp\/v2\/categories?post=2796"},{"taxonomy":"post_tag","embeddable":true,"href":"https:\/\/www.bellunopress.it\/fr\/wp-json\/wp\/v2\/tags?post=2796"}],"curies":[{"name":"wp","href":"https:\/\/api.w.org\/{rel}","templated":true}]}}