{"id":2751,"date":"2009-04-16T18:13:24","date_gmt":"2009-04-16T17:13:24","guid":{"rendered":"http:\/\/www.bellunopress.it\/?p=2751"},"modified":"2009-04-16T18:13:24","modified_gmt":"2009-04-16T17:13:24","slug":"michele-reolon-udc-sostituire-le-comunita-montane-con-unioni-dei-servizi-comunali","status":"publish","type":"post","link":"https:\/\/www.bellunopress.it\/fr\/2009\/04\/16\/michele-reolon-udc-sostituire-le-comunita-montane-con-unioni-dei-servizi-comunali\/","title":{"rendered":"Michele Reolon (Udc): &#8220;Sostituire le Comunit\u00e0 Montane con Unioni dei Servizi Comunali&#8221;"},"content":{"rendered":"<p>&#8220;Le Comunit\u00e0 Montane della provincia hanno svolto fino ad oggi un ruolo importante soprattutto per la gestione di servizi in modo pi\u00f9 efficace ed economico rispetto ai singoli comuni. Oggi lo strumento Comunit\u00e0 Montana \u00e8 superato, con bilanci ridotti a zero e rischia di diventare un semplice centro di spartizione di poltrone. Rimangono comunque i problemi di una gestione consorziale di servizi: alcuni gi\u00e0 funzionano in modo soddisfacente come la raccolta dei rifiuti nellaComunit\u00e0 Valbelluna. Rimane il personale, qualificato e preparato, delle stesse Comunit\u00e0: oltre duecento persone oggi a rischio di rimanere senza stipendio che invece possono essere opportunamente di nuovo valorizzate nel contesto di Unioni di Comuni, strumento istituzionale molto interessante che consentirebbe il mantenimento di servizi e personale comunitario oltre al lancio di altre gestioni consorziate, parallelamente alla conservazione degli sportelli sul territorio e delle varie municipalit\u00e0, il tutto senza creare poltrone gettonate. In questo momento di difficolt\u00e0 e di profondo cambiamento Nuova Pagina ritiene che i Sindaci siano i protagonisti istituzionali in grado di valutare seriamente le unioni dei servizi comunali per dare risposte pi\u00f9 efficaci ai cittadini in un?ottica di contenimento della spesa. La copertura territoriale potr\u00e0 senz?altro essere oggetto di una nuova valutazione: non \u00e8 detto che le Unioni debbano necessariamente coprire lo stesso territorio delle Comunit\u00e0 Montane, anzi, sar\u00e0 possibile rendere ancora pi\u00f9 adeguata ai problemi locali la copertura territoriale tenuto conto della logistica, viabilit\u00e0 e morfologia del territorio&#8221;.<br \/>\nMichele Reolon<\/p>","protected":false},"excerpt":{"rendered":"<p>&#8220;Le Comunit\u00e0 Montane della provincia hanno svolto fino ad oggi un ruolo importante soprattutto per la gestione di servizi in modo pi\u00f9 efficace ed economico rispetto ai singoli comuni. Oggi lo strumento Comunit\u00e0 Montana \u00e8 superato, con bilanci ridotti a zero e rischia di diventare un semplice centro di spartizione di poltrone. Rimangono comunque i [&hellip;]<\/p>\n","protected":false},"author":2,"featured_media":0,"comment_status":"closed","ping_status":"open","sticky":false,"template":"","format":"standard","meta":{"footnotes":""},"categories":[5,26],"tags":[],"class_list":["post-2751","post","type-post","status-publish","format-standard","category-cronaca","category-prima-pagina"],"yoast_head":"<!-- This site is optimized with the Yoast SEO plugin v28.4 - https:\/\/yoast.com\/product\/yoast-seo-wordpress\/ -->\n<title>Michele Reolon (Udc): &quot;Sostituire le Comunit\u00e0 Montane con Unioni dei Servizi Comunali&quot; - Bellunopress - Dolomiti<\/title>\n<meta name=\"robots\" content=\"index, follow, max-snippet:-1, max-image-preview:large, max-video-preview:-1\" \/>\n<link rel=\"canonical\" href=\"https:\/\/www.bellunopress.it\/fr\/2009\/04\/16\/michele-reolon-udc-sostituire-le-comunita-montane-con-unioni-dei-servizi-comunali\/\" \/>\n<meta property=\"og:locale\" content=\"fr_FR\" \/>\n<meta property=\"og:type\" content=\"article\" \/>\n<meta property=\"og:title\" content=\"Michele Reolon (Udc): &quot;Sostituire le Comunit\u00e0 Montane con Unioni dei Servizi Comunali&quot; - Bellunopress - Dolomiti\" \/>\n<meta property=\"og:description\" content=\"&#8220;Le Comunit\u00e0 Montane della provincia hanno svolto fino ad oggi un ruolo importante soprattutto per la gestione di servizi in modo pi\u00f9 efficace ed economico rispetto ai singoli comuni. Oggi lo strumento Comunit\u00e0 Montana \u00e8 superato, con bilanci ridotti a zero e rischia di diventare un semplice centro di spartizione di poltrone. Rimangono comunque i [&hellip;]\" \/>\n<meta property=\"og:url\" content=\"https:\/\/www.bellunopress.it\/fr\/2009\/04\/16\/michele-reolon-udc-sostituire-le-comunita-montane-con-unioni-dei-servizi-comunali\/\" \/>\n<meta property=\"og:site_name\" content=\"Bellunopress - Dolomiti\" \/>\n<meta property=\"article:publisher\" content=\"https:\/\/www.facebook.com\/profile.php?id=100008943462799\" \/>\n<meta property=\"article:published_time\" content=\"2009-04-16T17:13:24+00:00\" \/>\n<meta property=\"og:image\" content=\"http:\/\/www.bellunopress.it\/wp-content\/uploads\/2012\/07\/logo-bellunopress-250x250-2012.jpg\" \/>\n<meta name=\"author\" content=\"redazione\" \/>\n<meta name=\"twitter:card\" content=\"summary_large_image\" \/>\n<meta name=\"twitter:creator\" content=\"@bellunopress\" \/>\n<meta name=\"twitter:site\" content=\"@bellunopress\" \/>\n<meta name=\"twitter:label1\" content=\"\u00c9crit par\" \/>\n\t<meta name=\"twitter:data1\" content=\"redazione\" \/>\n\t<meta name=\"twitter:label2\" content=\"Dur\u00e9e de lecture estim\u00e9e\" \/>\n\t<meta name=\"twitter:data2\" content=\"1 minute\" \/>\n<script type=\"application\/ld+json\" class=\"yoast-schema-graph\">{\"@context\":\"https:\\\/\\\/schema.org\",\"@graph\":[{\"@type\":\"Article\",\"@id\":\"https:\\\/\\\/www.bellunopress.it\\\/2009\\\/04\\\/16\\\/michele-reolon-udc-sostituire-le-comunita-montane-con-unioni-dei-servizi-comunali\\\/#article\",\"isPartOf\":{\"@id\":\"https:\\\/\\\/www.bellunopress.it\\\/2009\\\/04\\\/16\\\/michele-reolon-udc-sostituire-le-comunita-montane-con-unioni-dei-servizi-comunali\\\/\"},\"author\":{\"name\":\"redazione\",\"@id\":\"https:\\\/\\\/www.bellunopress.it\\\/#\\\/schema\\\/person\\\/79bb06722b37ece1c03d3e94beb30d73\"},\"headline\":\"Michele Reolon (Udc): &#8220;Sostituire le Comunit\u00e0 Montane con Unioni dei Servizi Comunali&#8221;\",\"datePublished\":\"2009-04-16T17:13:24+00:00\",\"mainEntityOfPage\":{\"@id\":\"https:\\\/\\\/www.bellunopress.it\\\/2009\\\/04\\\/16\\\/michele-reolon-udc-sostituire-le-comunita-montane-con-unioni-dei-servizi-comunali\\\/\"},\"wordCount\":249,\"publisher\":{\"@id\":\"https:\\\/\\\/www.bellunopress.it\\\/#organization\"},\"articleSection\":[\"Cronaca\\\/Politica\",\"Prima Pagina\"],\"inLanguage\":\"fr-FR\"},{\"@type\":\"WebPage\",\"@id\":\"https:\\\/\\\/www.bellunopress.it\\\/2009\\\/04\\\/16\\\/michele-reolon-udc-sostituire-le-comunita-montane-con-unioni-dei-servizi-comunali\\\/\",\"url\":\"https:\\\/\\\/www.bellunopress.it\\\/2009\\\/04\\\/16\\\/michele-reolon-udc-sostituire-le-comunita-montane-con-unioni-dei-servizi-comunali\\\/\",\"name\":\"Michele Reolon (Udc): \\\"Sostituire le Comunit\u00e0 Montane con Unioni dei Servizi Comunali\\\" - Bellunopress - Dolomiti\",\"isPartOf\":{\"@id\":\"https:\\\/\\\/www.bellunopress.it\\\/#website\"},\"datePublished\":\"2009-04-16T17:13:24+00:00\",\"breadcrumb\":{\"@id\":\"https:\\\/\\\/www.bellunopress.it\\\/2009\\\/04\\\/16\\\/michele-reolon-udc-sostituire-le-comunita-montane-con-unioni-dei-servizi-comunali\\\/#breadcrumb\"},\"inLanguage\":\"fr-FR\",\"potentialAction\":[{\"@type\":\"ReadAction\",\"target\":[\"https:\\\/\\\/www.bellunopress.it\\\/2009\\\/04\\\/16\\\/michele-reolon-udc-sostituire-le-comunita-montane-con-unioni-dei-servizi-comunali\\\/\"]}]},{\"@type\":\"BreadcrumbList\",\"@id\":\"https:\\\/\\\/www.bellunopress.it\\\/2009\\\/04\\\/16\\\/michele-reolon-udc-sostituire-le-comunita-montane-con-unioni-dei-servizi-comunali\\\/#breadcrumb\",\"itemListElement\":[{\"@type\":\"ListItem\",\"position\":1,\"name\":\"Home\",\"item\":\"https:\\\/\\\/www.bellunopress.it\\\/\"},{\"@type\":\"ListItem\",\"position\":2,\"name\":\"Michele Reolon (Udc): &#8220;Sostituire le Comunit\u00e0 Montane con Unioni dei Servizi Comunali&#8221;\"}]},{\"@type\":\"WebSite\",\"@id\":\"https:\\\/\\\/www.bellunopress.it\\\/#website\",\"url\":\"https:\\\/\\\/www.bellunopress.it\\\/\",\"name\":\"Bellunopress - Dolomiti\",\"description\":\"e-mail: redazione@bellunopress.it\",\"publisher\":{\"@id\":\"https:\\\/\\\/www.bellunopress.it\\\/#organization\"},\"potentialAction\":[{\"@type\":\"SearchAction\",\"target\":{\"@type\":\"EntryPoint\",\"urlTemplate\":\"https:\\\/\\\/www.bellunopress.it\\\/?s={search_term_string}\"},\"query-input\":{\"@type\":\"PropertyValueSpecification\",\"valueRequired\":true,\"valueName\":\"search_term_string\"}}],\"inLanguage\":\"fr-FR\"},{\"@type\":\"Organization\",\"@id\":\"https:\\\/\\\/www.bellunopress.it\\\/#organization\",\"name\":\"Bellunopress\",\"url\":\"https:\\\/\\\/www.bellunopress.it\\\/\",\"logo\":{\"@type\":\"ImageObject\",\"inLanguage\":\"fr-FR\",\"@id\":\"https:\\\/\\\/www.bellunopress.it\\\/#\\\/schema\\\/logo\\\/image\\\/\",\"url\":\"https:\\\/\\\/www.bellunopress.it\\\/wp-content\\\/uploads\\\/2011\\\/05\\\/cropped-logo-bellunopress-.jpg\",\"contentUrl\":\"https:\\\/\\\/www.bellunopress.it\\\/wp-content\\\/uploads\\\/2011\\\/05\\\/cropped-logo-bellunopress-.jpg\",\"width\":512,\"height\":512,\"caption\":\"Bellunopress\"},\"image\":{\"@id\":\"https:\\\/\\\/www.bellunopress.it\\\/#\\\/schema\\\/logo\\\/image\\\/\"},\"sameAs\":[\"https:\\\/\\\/www.facebook.com\\\/profile.php?id=100008943462799\",\"https:\\\/\\\/x.com\\\/bellunopress\",\"https:\\\/\\\/www.linkedin.com\\\/hp\\\/?dnr=JBzUWaJfMUw8vbXJJ2tVW5-I3jZKvC4wsoxE&amp;amp;amp;amp;amp;amp;trk=nav_responsive_tab_home\",\"https:\\\/\\\/www.youtube.com\\\/channel\\\/UCxL0wu1uN0_3_7hGG0306cw\"]},{\"@type\":\"Person\",\"@id\":\"https:\\\/\\\/www.bellunopress.it\\\/#\\\/schema\\\/person\\\/79bb06722b37ece1c03d3e94beb30d73\",\"name\":\"redazione\",\"image\":{\"@type\":\"ImageObject\",\"inLanguage\":\"fr-FR\",\"@id\":\"https:\\\/\\\/secure.gravatar.com\\\/avatar\\\/37d968a2e67a6fd04c169c4bdef102d0bc5d31b2546345219e348575eb80e9a0?s=96&d=mm&r=g\",\"url\":\"https:\\\/\\\/secure.gravatar.com\\\/avatar\\\/37d968a2e67a6fd04c169c4bdef102d0bc5d31b2546345219e348575eb80e9a0?s=96&d=mm&r=g\",\"contentUrl\":\"https:\\\/\\\/secure.gravatar.com\\\/avatar\\\/37d968a2e67a6fd04c169c4bdef102d0bc5d31b2546345219e348575eb80e9a0?s=96&d=mm&r=g\",\"caption\":\"redazione\"},\"sameAs\":[\"http:\\\/\\\/www.bellunopress.it\",\"https:\\\/\\\/x.com\\\/bellunopress\"],\"url\":\"https:\\\/\\\/www.bellunopress.it\\\/fr\\\/author\\\/redazione\\\/\"}]}<\/script>\n<!-- \/ Yoast SEO plugin. -->","yoast_head_json":{"title":"Michele Reolon (Udc): \"Sostituire le Comunit\u00e0 Montane con Unioni dei Servizi Comunali\" - Bellunopress - Dolomiti","robots":{"index":"index","follow":"follow","max-snippet":"max-snippet:-1","max-image-preview":"max-image-preview:large","max-video-preview":"max-video-preview:-1"},"canonical":"https:\/\/www.bellunopress.it\/fr\/2009\/04\/16\/michele-reolon-udc-sostituire-le-comunita-montane-con-unioni-dei-servizi-comunali\/","og_locale":"fr_FR","og_type":"article","og_title":"Michele Reolon (Udc): \"Sostituire le Comunit\u00e0 Montane con Unioni dei Servizi Comunali\" - Bellunopress - Dolomiti","og_description":"&#8220;Le Comunit\u00e0 Montane della provincia hanno svolto fino ad oggi un ruolo importante soprattutto per la gestione di servizi in modo pi\u00f9 efficace ed economico rispetto ai singoli comuni. Oggi lo strumento Comunit\u00e0 Montana \u00e8 superato, con bilanci ridotti a zero e rischia di diventare un semplice centro di spartizione di poltrone. Rimangono comunque i [&hellip;]","og_url":"https:\/\/www.bellunopress.it\/fr\/2009\/04\/16\/michele-reolon-udc-sostituire-le-comunita-montane-con-unioni-dei-servizi-comunali\/","og_site_name":"Bellunopress - Dolomiti","article_publisher":"https:\/\/www.facebook.com\/profile.php?id=100008943462799","article_published_time":"2009-04-16T17:13:24+00:00","og_image":[{"url":"http:\/\/www.bellunopress.it\/wp-content\/uploads\/2012\/07\/logo-bellunopress-250x250-2012.jpg","type":"","width":"","height":""}],"author":"redazione","twitter_card":"summary_large_image","twitter_creator":"@bellunopress","twitter_site":"@bellunopress","twitter_misc":{"\u00c9crit par":"redazione","Dur\u00e9e de lecture estim\u00e9e":"1 minute"},"schema":{"@context":"https:\/\/schema.org","@graph":[{"@type":"Article","@id":"https:\/\/www.bellunopress.it\/2009\/04\/16\/michele-reolon-udc-sostituire-le-comunita-montane-con-unioni-dei-servizi-comunali\/#article","isPartOf":{"@id":"https:\/\/www.bellunopress.it\/2009\/04\/16\/michele-reolon-udc-sostituire-le-comunita-montane-con-unioni-dei-servizi-comunali\/"},"author":{"name":"redazione","@id":"https:\/\/www.bellunopress.it\/#\/schema\/person\/79bb06722b37ece1c03d3e94beb30d73"},"headline":"Michele Reolon (Udc): &#8220;Sostituire le Comunit\u00e0 Montane con Unioni dei Servizi Comunali&#8221;","datePublished":"2009-04-16T17:13:24+00:00","mainEntityOfPage":{"@id":"https:\/\/www.bellunopress.it\/2009\/04\/16\/michele-reolon-udc-sostituire-le-comunita-montane-con-unioni-dei-servizi-comunali\/"},"wordCount":249,"publisher":{"@id":"https:\/\/www.bellunopress.it\/#organization"},"articleSection":["Cronaca\/Politica","Prima Pagina"],"inLanguage":"fr-FR"},{"@type":"WebPage","@id":"https:\/\/www.bellunopress.it\/2009\/04\/16\/michele-reolon-udc-sostituire-le-comunita-montane-con-unioni-dei-servizi-comunali\/","url":"https:\/\/www.bellunopress.it\/2009\/04\/16\/michele-reolon-udc-sostituire-le-comunita-montane-con-unioni-dei-servizi-comunali\/","name":"Michele Reolon (Udc): \"Sostituire le Comunit\u00e0 Montane con Unioni dei Servizi Comunali\" - Bellunopress - Dolomiti","isPartOf":{"@id":"https:\/\/www.bellunopress.it\/#website"},"datePublished":"2009-04-16T17:13:24+00:00","breadcrumb":{"@id":"https:\/\/www.bellunopress.it\/2009\/04\/16\/michele-reolon-udc-sostituire-le-comunita-montane-con-unioni-dei-servizi-comunali\/#breadcrumb"},"inLanguage":"fr-FR","potentialAction":[{"@type":"ReadAction","target":["https:\/\/www.bellunopress.it\/2009\/04\/16\/michele-reolon-udc-sostituire-le-comunita-montane-con-unioni-dei-servizi-comunali\/"]}]},{"@type":"BreadcrumbList","@id":"https:\/\/www.bellunopress.it\/2009\/04\/16\/michele-reolon-udc-sostituire-le-comunita-montane-con-unioni-dei-servizi-comunali\/#breadcrumb","itemListElement":[{"@type":"ListItem","position":1,"name":"Home","item":"https:\/\/www.bellunopress.it\/"},{"@type":"ListItem","position":2,"name":"Michele Reolon (Udc): &#8220;Sostituire le Comunit\u00e0 Montane con Unioni dei Servizi Comunali&#8221;"}]},{"@type":"WebSite","@id":"https:\/\/www.bellunopress.it\/#website","url":"https:\/\/www.bellunopress.it\/","name":"Bellunopress - Dolomiti","description":"e-mail: redazione@bellunopress.it","publisher":{"@id":"https:\/\/www.bellunopress.it\/#organization"},"potentialAction":[{"@type":"SearchAction","target":{"@type":"EntryPoint","urlTemplate":"https:\/\/www.bellunopress.it\/?s={search_term_string}"},"query-input":{"@type":"PropertyValueSpecification","valueRequired":true,"valueName":"search_term_string"}}],"inLanguage":"fr-FR"},{"@type":"Organization","@id":"https:\/\/www.bellunopress.it\/#organization","name":"Bellunopress","url":"https:\/\/www.bellunopress.it\/","logo":{"@type":"ImageObject","inLanguage":"fr-FR","@id":"https:\/\/www.bellunopress.it\/#\/schema\/logo\/image\/","url":"https:\/\/www.bellunopress.it\/wp-content\/uploads\/2011\/05\/cropped-logo-bellunopress-.jpg","contentUrl":"https:\/\/www.bellunopress.it\/wp-content\/uploads\/2011\/05\/cropped-logo-bellunopress-.jpg","width":512,"height":512,"caption":"Bellunopress"},"image":{"@id":"https:\/\/www.bellunopress.it\/#\/schema\/logo\/image\/"},"sameAs":["https:\/\/www.facebook.com\/profile.php?id=100008943462799","https:\/\/x.com\/bellunopress","https:\/\/www.linkedin.com\/hp\/?dnr=JBzUWaJfMUw8vbXJJ2tVW5-I3jZKvC4wsoxE&amp;amp;amp;amp;amp;amp;trk=nav_responsive_tab_home","https:\/\/www.youtube.com\/channel\/UCxL0wu1uN0_3_7hGG0306cw"]},{"@type":"Person","@id":"https:\/\/www.bellunopress.it\/#\/schema\/person\/79bb06722b37ece1c03d3e94beb30d73","name":"r\u00e9daction","image":{"@type":"ImageObject","inLanguage":"fr-FR","@id":"https:\/\/secure.gravatar.com\/avatar\/37d968a2e67a6fd04c169c4bdef102d0bc5d31b2546345219e348575eb80e9a0?s=96&d=mm&r=g","url":"https:\/\/secure.gravatar.com\/avatar\/37d968a2e67a6fd04c169c4bdef102d0bc5d31b2546345219e348575eb80e9a0?s=96&d=mm&r=g","contentUrl":"https:\/\/secure.gravatar.com\/avatar\/37d968a2e67a6fd04c169c4bdef102d0bc5d31b2546345219e348575eb80e9a0?s=96&d=mm&r=g","caption":"redazione"},"sameAs":["http:\/\/www.bellunopress.it","https:\/\/x.com\/bellunopress"],"url":"https:\/\/www.bellunopress.it\/fr\/author\/redazione\/"}]}},"_links":{"self":[{"href":"https:\/\/www.bellunopress.it\/fr\/wp-json\/wp\/v2\/posts\/2751","targetHints":{"allow":["GET"]}}],"collection":[{"href":"https:\/\/www.bellunopress.it\/fr\/wp-json\/wp\/v2\/posts"}],"about":[{"href":"https:\/\/www.bellunopress.it\/fr\/wp-json\/wp\/v2\/types\/post"}],"author":[{"embeddable":true,"href":"https:\/\/www.bellunopress.it\/fr\/wp-json\/wp\/v2\/users\/2"}],"replies":[{"embeddable":true,"href":"https:\/\/www.bellunopress.it\/fr\/wp-json\/wp\/v2\/comments?post=2751"}],"version-history":[{"count":1,"href":"https:\/\/www.bellunopress.it\/fr\/wp-json\/wp\/v2\/posts\/2751\/revisions"}],"predecessor-version":[{"id":2753,"href":"https:\/\/www.bellunopress.it\/fr\/wp-json\/wp\/v2\/posts\/2751\/revisions\/2753"}],"wp:attachment":[{"href":"https:\/\/www.bellunopress.it\/fr\/wp-json\/wp\/v2\/media?parent=2751"}],"wp:term":[{"taxonomy":"category","embeddable":true,"href":"https:\/\/www.bellunopress.it\/fr\/wp-json\/wp\/v2\/categories?post=2751"},{"taxonomy":"post_tag","embeddable":true,"href":"https:\/\/www.bellunopress.it\/fr\/wp-json\/wp\/v2\/tags?post=2751"}],"curies":[{"name":"wp","href":"https:\/\/api.w.org\/{rel}","templated":true}]}}