{"id":2727,"date":"2009-04-16T13:14:29","date_gmt":"2009-04-16T12:14:29","guid":{"rendered":"http:\/\/www.bellunopress.it\/?p=2727"},"modified":"2009-04-16T13:14:29","modified_gmt":"2009-04-16T12:14:29","slug":"oscar-de-bona-a-domodossola-per-la-conferenza-sulla-cooperazione-transfrontaliera-delle-alpi","status":"publish","type":"post","link":"https:\/\/www.bellunopress.it\/fr\/2009\/04\/16\/oscar-de-bona-a-domodossola-per-la-conferenza-sulla-cooperazione-transfrontaliera-delle-alpi\/","title":{"rendered":"Oscar De Bona a Domodossola per la conferenza sulla cooperazione transfrontaliera delle Alpi"},"content":{"rendered":"<p><a href=\"http:\/\/www.bellunopress.it\/wp-content\/uploads\/2009\/03\/de_bona_oscar-leggerissima.jpg\"><img loading=\"lazy\" decoding=\"async\" class=\"alignleft size-medium wp-image-2005\" title=\"de_bona_oscar-leggerissima\" src=\"http:\/\/www.bellunopress.it\/wp-content\/uploads\/2009\/03\/de_bona_oscar-leggerissima.jpg\" alt=\"\" width=\"90\" height=\"77\" \/><\/a>Oscar De Bona, presidente della Consulta Stato Regioni dell\u2019Arco alpino, domani (venerd\u00ec 17 aprile), partecipa in rappresentanza della Regione Veneto alla conferenza tematica su \u201cLa cooperazione transfrontaliera tra le aree protette alpine\u201d che si svolge a Domodossola. Organizzato dal ministero dell\u2019Ambiente e della Tutela del territorio e del mare, con il sostegno dell\u2019Universit\u00e0 cattolica del Sacro Cuore \u2013 Centro studi Val d\u2019Ossola &#8211; e dall\u2019Accademia europea di Bolzano, l\u2019incontro ha in programma interventi di spessore sia nelle relazioni tematiche e sia nello svolgimento della tavola rotonda alla quale partecipano l\u2019assessore De Bona per il Veneto, Silvia Jost per l\u2019Ufficio federale dell\u2019Ambiente della Svizzera, Giovanni Vetritto del dipartimento Affari regionali della Presidenza del Consiglio dei ministri, Riccardo Santolini dell\u2019Universit\u00e0 di Urbino e Paolo Angelini del ministero dell\u2019Ambiente. \u00a0I temi su cui verter\u00e0 la conferenza, che vuole porre in primo piano gli aspetti giuridici della cooperazione transfrontaliera tra le aree protette delle Alpi, sono incentri sulle relazioni d\u2019apertura del convegno, quali \u201cL\u2019esperienza dei parchi transfrontalieri Alpi Marittime e Mercantour\u201d di Patrizia Rossi del Parco delle Alpi Marittime; \u201cGli strumenti tradizionali: un excursus storico\u201d di Enrico Milano dell\u2019Universit\u00e0 di Verona, \u201cIl gruppo europeo di cooperazione territoriale\u201d di Gianluca Spinaci del Comitato delle Regioni dell\u2019Unione Europea.<\/p>","protected":false},"excerpt":{"rendered":"<p>Oscar De Bona, presidente della Consulta Stato Regioni dell\u2019Arco alpino, domani (venerd\u00ec 17 aprile), partecipa in rappresentanza della Regione Veneto alla conferenza tematica su \u201cLa cooperazione transfrontaliera tra le aree protette alpine\u201d che si svolge a Domodossola. Organizzato dal ministero dell\u2019Ambiente e della Tutela del territorio e del mare, con il sostegno dell\u2019Universit\u00e0 cattolica del [&hellip;]<\/p>\n","protected":false},"author":2,"featured_media":0,"comment_status":"closed","ping_status":"open","sticky":false,"template":"","format":"standard","meta":{"footnotes":""},"categories":[5,26],"tags":[139],"class_list":["post-2727","post","type-post","status-publish","format-standard","category-cronaca","category-prima-pagina","tag-belluno"],"yoast_head":"<!-- This site is optimized with the Yoast SEO plugin v28.4 - https:\/\/yoast.com\/product\/yoast-seo-wordpress\/ -->\n<title>Oscar De Bona a Domodossola per la conferenza sulla cooperazione transfrontaliera delle Alpi - Bellunopress - Dolomiti<\/title>\n<meta name=\"robots\" content=\"index, follow, max-snippet:-1, max-image-preview:large, max-video-preview:-1\" \/>\n<link rel=\"canonical\" href=\"https:\/\/www.bellunopress.it\/fr\/2009\/04\/16\/oscar-de-bona-a-domodossola-per-la-conferenza-sulla-cooperazione-transfrontaliera-delle-alpi\/\" \/>\n<meta property=\"og:locale\" content=\"fr_FR\" \/>\n<meta property=\"og:type\" content=\"article\" \/>\n<meta property=\"og:title\" content=\"Oscar De Bona a Domodossola per la conferenza sulla cooperazione transfrontaliera delle Alpi - Bellunopress - Dolomiti\" \/>\n<meta property=\"og:description\" content=\"Oscar De Bona, presidente della Consulta Stato Regioni dell\u2019Arco alpino, domani (venerd\u00ec 17 aprile), partecipa in rappresentanza della Regione Veneto alla conferenza tematica su \u201cLa cooperazione transfrontaliera tra le aree protette alpine\u201d che si svolge a Domodossola. Organizzato dal ministero dell\u2019Ambiente e della Tutela del territorio e del mare, con il sostegno dell\u2019Universit\u00e0 cattolica del [&hellip;]\" \/>\n<meta property=\"og:url\" content=\"https:\/\/www.bellunopress.it\/fr\/2009\/04\/16\/oscar-de-bona-a-domodossola-per-la-conferenza-sulla-cooperazione-transfrontaliera-delle-alpi\/\" \/>\n<meta property=\"og:site_name\" content=\"Bellunopress - Dolomiti\" \/>\n<meta property=\"article:publisher\" content=\"https:\/\/www.facebook.com\/profile.php?id=100008943462799\" \/>\n<meta property=\"article:published_time\" content=\"2009-04-16T12:14:29+00:00\" \/>\n<meta property=\"og:image\" content=\"http:\/\/www.bellunopress.it\/wp-content\/uploads\/2009\/03\/de_bona_oscar-leggerissima.jpg\" \/>\n<meta name=\"author\" content=\"redazione\" \/>\n<meta name=\"twitter:card\" content=\"summary_large_image\" \/>\n<meta name=\"twitter:creator\" content=\"@bellunopress\" \/>\n<meta name=\"twitter:site\" content=\"@bellunopress\" \/>\n<meta name=\"twitter:label1\" content=\"\u00c9crit par\" \/>\n\t<meta name=\"twitter:data1\" content=\"redazione\" \/>\n\t<meta name=\"twitter:label2\" content=\"Dur\u00e9e de lecture estim\u00e9e\" \/>\n\t<meta name=\"twitter:data2\" content=\"1 minute\" \/>\n<script type=\"application\/ld+json\" class=\"yoast-schema-graph\">{\"@context\":\"https:\\\/\\\/schema.org\",\"@graph\":[{\"@type\":\"Article\",\"@id\":\"https:\\\/\\\/www.bellunopress.it\\\/2009\\\/04\\\/16\\\/oscar-de-bona-a-domodossola-per-la-conferenza-sulla-cooperazione-transfrontaliera-delle-alpi\\\/#article\",\"isPartOf\":{\"@id\":\"https:\\\/\\\/www.bellunopress.it\\\/2009\\\/04\\\/16\\\/oscar-de-bona-a-domodossola-per-la-conferenza-sulla-cooperazione-transfrontaliera-delle-alpi\\\/\"},\"author\":{\"name\":\"redazione\",\"@id\":\"https:\\\/\\\/www.bellunopress.it\\\/#\\\/schema\\\/person\\\/79bb06722b37ece1c03d3e94beb30d73\"},\"headline\":\"Oscar De Bona a Domodossola per la conferenza sulla cooperazione transfrontaliera delle Alpi\",\"datePublished\":\"2009-04-16T12:14:29+00:00\",\"mainEntityOfPage\":{\"@id\":\"https:\\\/\\\/www.bellunopress.it\\\/2009\\\/04\\\/16\\\/oscar-de-bona-a-domodossola-per-la-conferenza-sulla-cooperazione-transfrontaliera-delle-alpi\\\/\"},\"wordCount\":228,\"publisher\":{\"@id\":\"https:\\\/\\\/www.bellunopress.it\\\/#organization\"},\"image\":{\"@id\":\"https:\\\/\\\/www.bellunopress.it\\\/2009\\\/04\\\/16\\\/oscar-de-bona-a-domodossola-per-la-conferenza-sulla-cooperazione-transfrontaliera-delle-alpi\\\/#primaryimage\"},\"thumbnailUrl\":\"http:\\\/\\\/www.bellunopress.it\\\/wp-content\\\/uploads\\\/2009\\\/03\\\/de_bona_oscar-leggerissima.jpg\",\"keywords\":[\"Belluno\"],\"articleSection\":[\"Cronaca\\\/Politica\",\"Prima Pagina\"],\"inLanguage\":\"fr-FR\"},{\"@type\":\"WebPage\",\"@id\":\"https:\\\/\\\/www.bellunopress.it\\\/2009\\\/04\\\/16\\\/oscar-de-bona-a-domodossola-per-la-conferenza-sulla-cooperazione-transfrontaliera-delle-alpi\\\/\",\"url\":\"https:\\\/\\\/www.bellunopress.it\\\/2009\\\/04\\\/16\\\/oscar-de-bona-a-domodossola-per-la-conferenza-sulla-cooperazione-transfrontaliera-delle-alpi\\\/\",\"name\":\"Oscar De Bona a Domodossola per la conferenza sulla cooperazione transfrontaliera delle Alpi - Bellunopress - Dolomiti\",\"isPartOf\":{\"@id\":\"https:\\\/\\\/www.bellunopress.it\\\/#website\"},\"primaryImageOfPage\":{\"@id\":\"https:\\\/\\\/www.bellunopress.it\\\/2009\\\/04\\\/16\\\/oscar-de-bona-a-domodossola-per-la-conferenza-sulla-cooperazione-transfrontaliera-delle-alpi\\\/#primaryimage\"},\"image\":{\"@id\":\"https:\\\/\\\/www.bellunopress.it\\\/2009\\\/04\\\/16\\\/oscar-de-bona-a-domodossola-per-la-conferenza-sulla-cooperazione-transfrontaliera-delle-alpi\\\/#primaryimage\"},\"thumbnailUrl\":\"http:\\\/\\\/www.bellunopress.it\\\/wp-content\\\/uploads\\\/2009\\\/03\\\/de_bona_oscar-leggerissima.jpg\",\"datePublished\":\"2009-04-16T12:14:29+00:00\",\"breadcrumb\":{\"@id\":\"https:\\\/\\\/www.bellunopress.it\\\/2009\\\/04\\\/16\\\/oscar-de-bona-a-domodossola-per-la-conferenza-sulla-cooperazione-transfrontaliera-delle-alpi\\\/#breadcrumb\"},\"inLanguage\":\"fr-FR\",\"potentialAction\":[{\"@type\":\"ReadAction\",\"target\":[\"https:\\\/\\\/www.bellunopress.it\\\/2009\\\/04\\\/16\\\/oscar-de-bona-a-domodossola-per-la-conferenza-sulla-cooperazione-transfrontaliera-delle-alpi\\\/\"]}]},{\"@type\":\"ImageObject\",\"inLanguage\":\"fr-FR\",\"@id\":\"https:\\\/\\\/www.bellunopress.it\\\/2009\\\/04\\\/16\\\/oscar-de-bona-a-domodossola-per-la-conferenza-sulla-cooperazione-transfrontaliera-delle-alpi\\\/#primaryimage\",\"url\":\"http:\\\/\\\/www.bellunopress.it\\\/wp-content\\\/uploads\\\/2009\\\/03\\\/de_bona_oscar-leggerissima.jpg\",\"contentUrl\":\"http:\\\/\\\/www.bellunopress.it\\\/wp-content\\\/uploads\\\/2009\\\/03\\\/de_bona_oscar-leggerissima.jpg\"},{\"@type\":\"BreadcrumbList\",\"@id\":\"https:\\\/\\\/www.bellunopress.it\\\/2009\\\/04\\\/16\\\/oscar-de-bona-a-domodossola-per-la-conferenza-sulla-cooperazione-transfrontaliera-delle-alpi\\\/#breadcrumb\",\"itemListElement\":[{\"@type\":\"ListItem\",\"position\":1,\"name\":\"Home\",\"item\":\"https:\\\/\\\/www.bellunopress.it\\\/\"},{\"@type\":\"ListItem\",\"position\":2,\"name\":\"Oscar De Bona a Domodossola per la conferenza sulla cooperazione transfrontaliera delle Alpi\"}]},{\"@type\":\"WebSite\",\"@id\":\"https:\\\/\\\/www.bellunopress.it\\\/#website\",\"url\":\"https:\\\/\\\/www.bellunopress.it\\\/\",\"name\":\"Bellunopress - Dolomiti\",\"description\":\"e-mail: redazione@bellunopress.it\",\"publisher\":{\"@id\":\"https:\\\/\\\/www.bellunopress.it\\\/#organization\"},\"potentialAction\":[{\"@type\":\"SearchAction\",\"target\":{\"@type\":\"EntryPoint\",\"urlTemplate\":\"https:\\\/\\\/www.bellunopress.it\\\/?s={search_term_string}\"},\"query-input\":{\"@type\":\"PropertyValueSpecification\",\"valueRequired\":true,\"valueName\":\"search_term_string\"}}],\"inLanguage\":\"fr-FR\"},{\"@type\":\"Organization\",\"@id\":\"https:\\\/\\\/www.bellunopress.it\\\/#organization\",\"name\":\"Bellunopress\",\"url\":\"https:\\\/\\\/www.bellunopress.it\\\/\",\"logo\":{\"@type\":\"ImageObject\",\"inLanguage\":\"fr-FR\",\"@id\":\"https:\\\/\\\/www.bellunopress.it\\\/#\\\/schema\\\/logo\\\/image\\\/\",\"url\":\"https:\\\/\\\/www.bellunopress.it\\\/wp-content\\\/uploads\\\/2011\\\/05\\\/cropped-logo-bellunopress-.jpg\",\"contentUrl\":\"https:\\\/\\\/www.bellunopress.it\\\/wp-content\\\/uploads\\\/2011\\\/05\\\/cropped-logo-bellunopress-.jpg\",\"width\":512,\"height\":512,\"caption\":\"Bellunopress\"},\"image\":{\"@id\":\"https:\\\/\\\/www.bellunopress.it\\\/#\\\/schema\\\/logo\\\/image\\\/\"},\"sameAs\":[\"https:\\\/\\\/www.facebook.com\\\/profile.php?id=100008943462799\",\"https:\\\/\\\/x.com\\\/bellunopress\",\"https:\\\/\\\/www.linkedin.com\\\/hp\\\/?dnr=JBzUWaJfMUw8vbXJJ2tVW5-I3jZKvC4wsoxE&amp;amp;amp;amp;amp;amp;trk=nav_responsive_tab_home\",\"https:\\\/\\\/www.youtube.com\\\/channel\\\/UCxL0wu1uN0_3_7hGG0306cw\"]},{\"@type\":\"Person\",\"@id\":\"https:\\\/\\\/www.bellunopress.it\\\/#\\\/schema\\\/person\\\/79bb06722b37ece1c03d3e94beb30d73\",\"name\":\"redazione\",\"image\":{\"@type\":\"ImageObject\",\"inLanguage\":\"fr-FR\",\"@id\":\"https:\\\/\\\/secure.gravatar.com\\\/avatar\\\/37d968a2e67a6fd04c169c4bdef102d0bc5d31b2546345219e348575eb80e9a0?s=96&d=mm&r=g\",\"url\":\"https:\\\/\\\/secure.gravatar.com\\\/avatar\\\/37d968a2e67a6fd04c169c4bdef102d0bc5d31b2546345219e348575eb80e9a0?s=96&d=mm&r=g\",\"contentUrl\":\"https:\\\/\\\/secure.gravatar.com\\\/avatar\\\/37d968a2e67a6fd04c169c4bdef102d0bc5d31b2546345219e348575eb80e9a0?s=96&d=mm&r=g\",\"caption\":\"redazione\"},\"sameAs\":[\"http:\\\/\\\/www.bellunopress.it\",\"https:\\\/\\\/x.com\\\/bellunopress\"],\"url\":\"https:\\\/\\\/www.bellunopress.it\\\/fr\\\/author\\\/redazione\\\/\"}]}<\/script>\n<!-- \/ Yoast SEO plugin. -->","yoast_head_json":{"title":"Oscar De Bona a Domodossola per la conferenza sulla cooperazione transfrontaliera delle Alpi - Bellunopress - Dolomiti","robots":{"index":"index","follow":"follow","max-snippet":"max-snippet:-1","max-image-preview":"max-image-preview:large","max-video-preview":"max-video-preview:-1"},"canonical":"https:\/\/www.bellunopress.it\/fr\/2009\/04\/16\/oscar-de-bona-a-domodossola-per-la-conferenza-sulla-cooperazione-transfrontaliera-delle-alpi\/","og_locale":"fr_FR","og_type":"article","og_title":"Oscar De Bona a Domodossola per la conferenza sulla cooperazione transfrontaliera delle Alpi - Bellunopress - Dolomiti","og_description":"Oscar De Bona, presidente della Consulta Stato Regioni dell\u2019Arco alpino, domani (venerd\u00ec 17 aprile), partecipa in rappresentanza della Regione Veneto alla conferenza tematica su \u201cLa cooperazione transfrontaliera tra le aree protette alpine\u201d che si svolge a Domodossola. Organizzato dal ministero dell\u2019Ambiente e della Tutela del territorio e del mare, con il sostegno dell\u2019Universit\u00e0 cattolica del [&hellip;]","og_url":"https:\/\/www.bellunopress.it\/fr\/2009\/04\/16\/oscar-de-bona-a-domodossola-per-la-conferenza-sulla-cooperazione-transfrontaliera-delle-alpi\/","og_site_name":"Bellunopress - Dolomiti","article_publisher":"https:\/\/www.facebook.com\/profile.php?id=100008943462799","article_published_time":"2009-04-16T12:14:29+00:00","og_image":[{"url":"http:\/\/www.bellunopress.it\/wp-content\/uploads\/2009\/03\/de_bona_oscar-leggerissima.jpg","type":"","width":"","height":""}],"author":"redazione","twitter_card":"summary_large_image","twitter_creator":"@bellunopress","twitter_site":"@bellunopress","twitter_misc":{"\u00c9crit par":"redazione","Dur\u00e9e de lecture estim\u00e9e":"1 minute"},"schema":{"@context":"https:\/\/schema.org","@graph":[{"@type":"Article","@id":"https:\/\/www.bellunopress.it\/2009\/04\/16\/oscar-de-bona-a-domodossola-per-la-conferenza-sulla-cooperazione-transfrontaliera-delle-alpi\/#article","isPartOf":{"@id":"https:\/\/www.bellunopress.it\/2009\/04\/16\/oscar-de-bona-a-domodossola-per-la-conferenza-sulla-cooperazione-transfrontaliera-delle-alpi\/"},"author":{"name":"redazione","@id":"https:\/\/www.bellunopress.it\/#\/schema\/person\/79bb06722b37ece1c03d3e94beb30d73"},"headline":"Oscar De Bona a Domodossola per la conferenza sulla cooperazione transfrontaliera delle Alpi","datePublished":"2009-04-16T12:14:29+00:00","mainEntityOfPage":{"@id":"https:\/\/www.bellunopress.it\/2009\/04\/16\/oscar-de-bona-a-domodossola-per-la-conferenza-sulla-cooperazione-transfrontaliera-delle-alpi\/"},"wordCount":228,"publisher":{"@id":"https:\/\/www.bellunopress.it\/#organization"},"image":{"@id":"https:\/\/www.bellunopress.it\/2009\/04\/16\/oscar-de-bona-a-domodossola-per-la-conferenza-sulla-cooperazione-transfrontaliera-delle-alpi\/#primaryimage"},"thumbnailUrl":"http:\/\/www.bellunopress.it\/wp-content\/uploads\/2009\/03\/de_bona_oscar-leggerissima.jpg","keywords":["Belluno"],"articleSection":["Cronaca\/Politica","Prima Pagina"],"inLanguage":"fr-FR"},{"@type":"WebPage","@id":"https:\/\/www.bellunopress.it\/2009\/04\/16\/oscar-de-bona-a-domodossola-per-la-conferenza-sulla-cooperazione-transfrontaliera-delle-alpi\/","url":"https:\/\/www.bellunopress.it\/2009\/04\/16\/oscar-de-bona-a-domodossola-per-la-conferenza-sulla-cooperazione-transfrontaliera-delle-alpi\/","name":"Oscar De Bona a Domodossola per la conferenza sulla cooperazione transfrontaliera delle Alpi - Bellunopress - Dolomiti","isPartOf":{"@id":"https:\/\/www.bellunopress.it\/#website"},"primaryImageOfPage":{"@id":"https:\/\/www.bellunopress.it\/2009\/04\/16\/oscar-de-bona-a-domodossola-per-la-conferenza-sulla-cooperazione-transfrontaliera-delle-alpi\/#primaryimage"},"image":{"@id":"https:\/\/www.bellunopress.it\/2009\/04\/16\/oscar-de-bona-a-domodossola-per-la-conferenza-sulla-cooperazione-transfrontaliera-delle-alpi\/#primaryimage"},"thumbnailUrl":"http:\/\/www.bellunopress.it\/wp-content\/uploads\/2009\/03\/de_bona_oscar-leggerissima.jpg","datePublished":"2009-04-16T12:14:29+00:00","breadcrumb":{"@id":"https:\/\/www.bellunopress.it\/2009\/04\/16\/oscar-de-bona-a-domodossola-per-la-conferenza-sulla-cooperazione-transfrontaliera-delle-alpi\/#breadcrumb"},"inLanguage":"fr-FR","potentialAction":[{"@type":"ReadAction","target":["https:\/\/www.bellunopress.it\/2009\/04\/16\/oscar-de-bona-a-domodossola-per-la-conferenza-sulla-cooperazione-transfrontaliera-delle-alpi\/"]}]},{"@type":"ImageObject","inLanguage":"fr-FR","@id":"https:\/\/www.bellunopress.it\/2009\/04\/16\/oscar-de-bona-a-domodossola-per-la-conferenza-sulla-cooperazione-transfrontaliera-delle-alpi\/#primaryimage","url":"http:\/\/www.bellunopress.it\/wp-content\/uploads\/2009\/03\/de_bona_oscar-leggerissima.jpg","contentUrl":"http:\/\/www.bellunopress.it\/wp-content\/uploads\/2009\/03\/de_bona_oscar-leggerissima.jpg"},{"@type":"BreadcrumbList","@id":"https:\/\/www.bellunopress.it\/2009\/04\/16\/oscar-de-bona-a-domodossola-per-la-conferenza-sulla-cooperazione-transfrontaliera-delle-alpi\/#breadcrumb","itemListElement":[{"@type":"ListItem","position":1,"name":"Home","item":"https:\/\/www.bellunopress.it\/"},{"@type":"ListItem","position":2,"name":"Oscar De Bona a Domodossola per la conferenza sulla cooperazione transfrontaliera delle Alpi"}]},{"@type":"WebSite","@id":"https:\/\/www.bellunopress.it\/#website","url":"https:\/\/www.bellunopress.it\/","name":"Bellunopress - Dolomiti","description":"e-mail: redazione@bellunopress.it","publisher":{"@id":"https:\/\/www.bellunopress.it\/#organization"},"potentialAction":[{"@type":"SearchAction","target":{"@type":"EntryPoint","urlTemplate":"https:\/\/www.bellunopress.it\/?s={search_term_string}"},"query-input":{"@type":"PropertyValueSpecification","valueRequired":true,"valueName":"search_term_string"}}],"inLanguage":"fr-FR"},{"@type":"Organization","@id":"https:\/\/www.bellunopress.it\/#organization","name":"Bellunopress","url":"https:\/\/www.bellunopress.it\/","logo":{"@type":"ImageObject","inLanguage":"fr-FR","@id":"https:\/\/www.bellunopress.it\/#\/schema\/logo\/image\/","url":"https:\/\/www.bellunopress.it\/wp-content\/uploads\/2011\/05\/cropped-logo-bellunopress-.jpg","contentUrl":"https:\/\/www.bellunopress.it\/wp-content\/uploads\/2011\/05\/cropped-logo-bellunopress-.jpg","width":512,"height":512,"caption":"Bellunopress"},"image":{"@id":"https:\/\/www.bellunopress.it\/#\/schema\/logo\/image\/"},"sameAs":["https:\/\/www.facebook.com\/profile.php?id=100008943462799","https:\/\/x.com\/bellunopress","https:\/\/www.linkedin.com\/hp\/?dnr=JBzUWaJfMUw8vbXJJ2tVW5-I3jZKvC4wsoxE&amp;amp;amp;amp;amp;amp;trk=nav_responsive_tab_home","https:\/\/www.youtube.com\/channel\/UCxL0wu1uN0_3_7hGG0306cw"]},{"@type":"Person","@id":"https:\/\/www.bellunopress.it\/#\/schema\/person\/79bb06722b37ece1c03d3e94beb30d73","name":"r\u00e9daction","image":{"@type":"ImageObject","inLanguage":"fr-FR","@id":"https:\/\/secure.gravatar.com\/avatar\/37d968a2e67a6fd04c169c4bdef102d0bc5d31b2546345219e348575eb80e9a0?s=96&d=mm&r=g","url":"https:\/\/secure.gravatar.com\/avatar\/37d968a2e67a6fd04c169c4bdef102d0bc5d31b2546345219e348575eb80e9a0?s=96&d=mm&r=g","contentUrl":"https:\/\/secure.gravatar.com\/avatar\/37d968a2e67a6fd04c169c4bdef102d0bc5d31b2546345219e348575eb80e9a0?s=96&d=mm&r=g","caption":"redazione"},"sameAs":["http:\/\/www.bellunopress.it","https:\/\/x.com\/bellunopress"],"url":"https:\/\/www.bellunopress.it\/fr\/author\/redazione\/"}]}},"_links":{"self":[{"href":"https:\/\/www.bellunopress.it\/fr\/wp-json\/wp\/v2\/posts\/2727","targetHints":{"allow":["GET"]}}],"collection":[{"href":"https:\/\/www.bellunopress.it\/fr\/wp-json\/wp\/v2\/posts"}],"about":[{"href":"https:\/\/www.bellunopress.it\/fr\/wp-json\/wp\/v2\/types\/post"}],"author":[{"embeddable":true,"href":"https:\/\/www.bellunopress.it\/fr\/wp-json\/wp\/v2\/users\/2"}],"replies":[{"embeddable":true,"href":"https:\/\/www.bellunopress.it\/fr\/wp-json\/wp\/v2\/comments?post=2727"}],"version-history":[{"count":1,"href":"https:\/\/www.bellunopress.it\/fr\/wp-json\/wp\/v2\/posts\/2727\/revisions"}],"predecessor-version":[{"id":2728,"href":"https:\/\/www.bellunopress.it\/fr\/wp-json\/wp\/v2\/posts\/2727\/revisions\/2728"}],"wp:attachment":[{"href":"https:\/\/www.bellunopress.it\/fr\/wp-json\/wp\/v2\/media?parent=2727"}],"wp:term":[{"taxonomy":"category","embeddable":true,"href":"https:\/\/www.bellunopress.it\/fr\/wp-json\/wp\/v2\/categories?post=2727"},{"taxonomy":"post_tag","embeddable":true,"href":"https:\/\/www.bellunopress.it\/fr\/wp-json\/wp\/v2\/tags?post=2727"}],"curies":[{"name":"wp","href":"https:\/\/api.w.org\/{rel}","templated":true}]}}