{"id":2722,"date":"2009-04-16T12:51:08","date_gmt":"2009-04-16T11:51:08","guid":{"rendered":"http:\/\/www.bellunopress.it\/?p=2722"},"modified":"2009-04-16T17:56:05","modified_gmt":"2009-04-16T16:56:05","slug":"la-protesta-dei-cittadini-per-i-canoni-dellanas","status":"publish","type":"post","link":"https:\/\/www.bellunopress.it\/fr\/2009\/04\/16\/la-protesta-dei-cittadini-per-i-canoni-dellanas\/","title":{"rendered":"La protesta dei cittadini per i canoni dell&#8217;Anas"},"content":{"rendered":"<p>Mercoled\u00ec sera presso il Municipio di Ponte nelle Alpi a Cadola si \u00e8 svolto un incontro sull&#8217;annoso problema dei canoni Anas promosso dal Sindaco Fulvio De Pasqual e da Walter Azzalini, responsabile provinciale del neonato comitato \u201cVittime Anas\u201d. Dal 2001 i cittadini di Ponte nelle Alpi che hanno il loro accesso dalle strade Anas hanno visto un assurdo ed iniquo aumento dei canoni. Una e vera e propria gabella che interessa singoli cittadini ed aziende che, in particolare momento di difficolt\u00e0, dovrebbero pagare migliaia di euro semplicemente per poter accedere alle loro abitazioni. Queste considerazioni sono state fatte proprie dai rappresentanti delle istituzioni oltre che comunali, anche dall&#8217;Assessore Provinciale Quinto Piol, dal Consigliere Regionale Gianpaolo Bottacin e dal Sen. Maurizio Fistarol. Tutti hanno garantito il proprio impegno personale\u00a0 e\u00a0 politico affinch\u00e9 le loro rappresentanze in Parlamento modifichino la legge 449\/97. La modifica della legge statale \u00e8 l&#8217;unico percorso che permette la soluzione del problema. In questi anni le amministrazioni comunali che si sono succedute a Ponte nelle Alpi non sono riuscite a risolvere il problema ( a parte per la frazione di Cadola, che \u00e8 stata definita\u00a0 centro abitato dal 1\u00b0 gennaio 2009) perch\u00e8 la materia \u00e8 di competenza legislativa e quindi non risolvibile con atti amministrativi. Un consenso unanime ha ottenuto la proposta del Responsabile Regionale del \u201cComitato Vittime Anas\u201d Luciano Soffiato presente all&#8217;incontro, del ricorso alla Corte Europea per violazione delle norme sulla concorrenza. Per risolvere il problema \u00e8 stata da tutti sottolineata la necessit\u00e0 di una forte mobilitazione dei diversi livelli istituzionali (il Consiglio Comunale di Ponte nelle Alpi approver\u00e0 un apposito Ordine del giorno nelle seduta di mercoled\u00ec 22) e dei cittadini. Per questo \u00e8 stata indetta dal coordinatore provinciale Walter Azzalini un&#8217;incontro presso l&#8217;Albergo Dante il giorno 22 aprile 2009 alle ore 20,00 nel quale sar\u00e0 possibile aderire al COMITATO VITTIME ANAS . L&#8217;invito \u00e8 quindi ad una forte mobilitazione sia dei singoli cittadini e rappresentanti della attivit\u00e0 produttive di tutta la provincia di Belluno ad essere presenti e preparare una forte iniziativa pubblica con una manifestazione regionale che il responsabile Soffiato ha annunciato essere in fase di organizzazione. Dobbiamo porre fine a questa impropria tassa che penalizza i cittadini veneti e in particolare i bellunesi in maniera esosa e, soprattutto, ingiusta.<\/p>","protected":false},"excerpt":{"rendered":"<p>Mercoled\u00ec sera presso il Municipio di Ponte nelle Alpi a Cadola si \u00e8 svolto un incontro sull&#8217;annoso problema dei canoni Anas promosso dal Sindaco Fulvio De Pasqual e da Walter Azzalini, responsabile provinciale del neonato comitato \u201cVittime Anas\u201d. Dal 2001 i cittadini di Ponte nelle Alpi che hanno il loro accesso dalle strade Anas hanno [&hellip;]<\/p>\n","protected":false},"author":2,"featured_media":0,"comment_status":"closed","ping_status":"open","sticky":false,"template":"","format":"standard","meta":{"footnotes":""},"categories":[5,26],"tags":[139],"class_list":["post-2722","post","type-post","status-publish","format-standard","category-cronaca","category-prima-pagina","tag-belluno"],"yoast_head":"<!-- This site is optimized with the Yoast SEO plugin v28.4 - https:\/\/yoast.com\/product\/yoast-seo-wordpress\/ -->\n<title>La protesta dei cittadini per i canoni dell&#039;Anas - Bellunopress - Dolomiti<\/title>\n<meta name=\"robots\" content=\"index, follow, max-snippet:-1, max-image-preview:large, max-video-preview:-1\" \/>\n<link rel=\"canonical\" href=\"https:\/\/www.bellunopress.it\/fr\/2009\/04\/16\/la-protesta-dei-cittadini-per-i-canoni-dellanas\/\" \/>\n<meta property=\"og:locale\" content=\"fr_FR\" \/>\n<meta property=\"og:type\" content=\"article\" \/>\n<meta property=\"og:title\" content=\"La protesta dei cittadini per i canoni dell&#039;Anas - Bellunopress - Dolomiti\" \/>\n<meta property=\"og:description\" content=\"Mercoled\u00ec sera presso il Municipio di Ponte nelle Alpi a Cadola si \u00e8 svolto un incontro sull&#8217;annoso problema dei canoni Anas promosso dal Sindaco Fulvio De Pasqual e da Walter Azzalini, responsabile provinciale del neonato comitato \u201cVittime Anas\u201d. Dal 2001 i cittadini di Ponte nelle Alpi che hanno il loro accesso dalle strade Anas hanno [&hellip;]\" \/>\n<meta property=\"og:url\" content=\"https:\/\/www.bellunopress.it\/fr\/2009\/04\/16\/la-protesta-dei-cittadini-per-i-canoni-dellanas\/\" \/>\n<meta property=\"og:site_name\" content=\"Bellunopress - Dolomiti\" \/>\n<meta property=\"article:publisher\" content=\"https:\/\/www.facebook.com\/profile.php?id=100008943462799\" \/>\n<meta property=\"article:published_time\" content=\"2009-04-16T11:51:08+00:00\" \/>\n<meta property=\"article:modified_time\" content=\"2009-04-16T16:56:05+00:00\" \/>\n<meta property=\"og:image\" content=\"http:\/\/www.bellunopress.it\/wp-content\/uploads\/2012\/07\/logo-bellunopress-250x250-2012.jpg\" \/>\n<meta name=\"author\" content=\"redazione\" \/>\n<meta name=\"twitter:card\" content=\"summary_large_image\" \/>\n<meta name=\"twitter:creator\" content=\"@bellunopress\" \/>\n<meta name=\"twitter:site\" content=\"@bellunopress\" \/>\n<meta name=\"twitter:label1\" content=\"\u00c9crit par\" \/>\n\t<meta name=\"twitter:data1\" content=\"redazione\" \/>\n\t<meta name=\"twitter:label2\" content=\"Dur\u00e9e de lecture estim\u00e9e\" \/>\n\t<meta name=\"twitter:data2\" content=\"2 minutes\" \/>\n<script type=\"application\/ld+json\" class=\"yoast-schema-graph\">{\"@context\":\"https:\\\/\\\/schema.org\",\"@graph\":[{\"@type\":\"Article\",\"@id\":\"https:\\\/\\\/www.bellunopress.it\\\/2009\\\/04\\\/16\\\/la-protesta-dei-cittadini-per-i-canoni-dellanas\\\/#article\",\"isPartOf\":{\"@id\":\"https:\\\/\\\/www.bellunopress.it\\\/2009\\\/04\\\/16\\\/la-protesta-dei-cittadini-per-i-canoni-dellanas\\\/\"},\"author\":{\"name\":\"redazione\",\"@id\":\"https:\\\/\\\/www.bellunopress.it\\\/#\\\/schema\\\/person\\\/79bb06722b37ece1c03d3e94beb30d73\"},\"headline\":\"La protesta dei cittadini per i canoni dell&#8217;Anas\",\"datePublished\":\"2009-04-16T11:51:08+00:00\",\"dateModified\":\"2009-04-16T16:56:05+00:00\",\"mainEntityOfPage\":{\"@id\":\"https:\\\/\\\/www.bellunopress.it\\\/2009\\\/04\\\/16\\\/la-protesta-dei-cittadini-per-i-canoni-dellanas\\\/\"},\"wordCount\":376,\"publisher\":{\"@id\":\"https:\\\/\\\/www.bellunopress.it\\\/#organization\"},\"keywords\":[\"Belluno\"],\"articleSection\":[\"Cronaca\\\/Politica\",\"Prima Pagina\"],\"inLanguage\":\"fr-FR\"},{\"@type\":\"WebPage\",\"@id\":\"https:\\\/\\\/www.bellunopress.it\\\/2009\\\/04\\\/16\\\/la-protesta-dei-cittadini-per-i-canoni-dellanas\\\/\",\"url\":\"https:\\\/\\\/www.bellunopress.it\\\/2009\\\/04\\\/16\\\/la-protesta-dei-cittadini-per-i-canoni-dellanas\\\/\",\"name\":\"La protesta dei cittadini per i canoni dell'Anas - Bellunopress - Dolomiti\",\"isPartOf\":{\"@id\":\"https:\\\/\\\/www.bellunopress.it\\\/#website\"},\"datePublished\":\"2009-04-16T11:51:08+00:00\",\"dateModified\":\"2009-04-16T16:56:05+00:00\",\"breadcrumb\":{\"@id\":\"https:\\\/\\\/www.bellunopress.it\\\/2009\\\/04\\\/16\\\/la-protesta-dei-cittadini-per-i-canoni-dellanas\\\/#breadcrumb\"},\"inLanguage\":\"fr-FR\",\"potentialAction\":[{\"@type\":\"ReadAction\",\"target\":[\"https:\\\/\\\/www.bellunopress.it\\\/2009\\\/04\\\/16\\\/la-protesta-dei-cittadini-per-i-canoni-dellanas\\\/\"]}]},{\"@type\":\"BreadcrumbList\",\"@id\":\"https:\\\/\\\/www.bellunopress.it\\\/2009\\\/04\\\/16\\\/la-protesta-dei-cittadini-per-i-canoni-dellanas\\\/#breadcrumb\",\"itemListElement\":[{\"@type\":\"ListItem\",\"position\":1,\"name\":\"Home\",\"item\":\"https:\\\/\\\/www.bellunopress.it\\\/\"},{\"@type\":\"ListItem\",\"position\":2,\"name\":\"La protesta dei cittadini per i canoni dell&#8217;Anas\"}]},{\"@type\":\"WebSite\",\"@id\":\"https:\\\/\\\/www.bellunopress.it\\\/#website\",\"url\":\"https:\\\/\\\/www.bellunopress.it\\\/\",\"name\":\"Bellunopress - Dolomiti\",\"description\":\"e-mail: redazione@bellunopress.it\",\"publisher\":{\"@id\":\"https:\\\/\\\/www.bellunopress.it\\\/#organization\"},\"potentialAction\":[{\"@type\":\"SearchAction\",\"target\":{\"@type\":\"EntryPoint\",\"urlTemplate\":\"https:\\\/\\\/www.bellunopress.it\\\/?s={search_term_string}\"},\"query-input\":{\"@type\":\"PropertyValueSpecification\",\"valueRequired\":true,\"valueName\":\"search_term_string\"}}],\"inLanguage\":\"fr-FR\"},{\"@type\":\"Organization\",\"@id\":\"https:\\\/\\\/www.bellunopress.it\\\/#organization\",\"name\":\"Bellunopress\",\"url\":\"https:\\\/\\\/www.bellunopress.it\\\/\",\"logo\":{\"@type\":\"ImageObject\",\"inLanguage\":\"fr-FR\",\"@id\":\"https:\\\/\\\/www.bellunopress.it\\\/#\\\/schema\\\/logo\\\/image\\\/\",\"url\":\"https:\\\/\\\/www.bellunopress.it\\\/wp-content\\\/uploads\\\/2011\\\/05\\\/cropped-logo-bellunopress-.jpg\",\"contentUrl\":\"https:\\\/\\\/www.bellunopress.it\\\/wp-content\\\/uploads\\\/2011\\\/05\\\/cropped-logo-bellunopress-.jpg\",\"width\":512,\"height\":512,\"caption\":\"Bellunopress\"},\"image\":{\"@id\":\"https:\\\/\\\/www.bellunopress.it\\\/#\\\/schema\\\/logo\\\/image\\\/\"},\"sameAs\":[\"https:\\\/\\\/www.facebook.com\\\/profile.php?id=100008943462799\",\"https:\\\/\\\/x.com\\\/bellunopress\",\"https:\\\/\\\/www.linkedin.com\\\/hp\\\/?dnr=JBzUWaJfMUw8vbXJJ2tVW5-I3jZKvC4wsoxE&amp;amp;amp;amp;amp;amp;trk=nav_responsive_tab_home\",\"https:\\\/\\\/www.youtube.com\\\/channel\\\/UCxL0wu1uN0_3_7hGG0306cw\"]},{\"@type\":\"Person\",\"@id\":\"https:\\\/\\\/www.bellunopress.it\\\/#\\\/schema\\\/person\\\/79bb06722b37ece1c03d3e94beb30d73\",\"name\":\"redazione\",\"image\":{\"@type\":\"ImageObject\",\"inLanguage\":\"fr-FR\",\"@id\":\"https:\\\/\\\/secure.gravatar.com\\\/avatar\\\/37d968a2e67a6fd04c169c4bdef102d0bc5d31b2546345219e348575eb80e9a0?s=96&d=mm&r=g\",\"url\":\"https:\\\/\\\/secure.gravatar.com\\\/avatar\\\/37d968a2e67a6fd04c169c4bdef102d0bc5d31b2546345219e348575eb80e9a0?s=96&d=mm&r=g\",\"contentUrl\":\"https:\\\/\\\/secure.gravatar.com\\\/avatar\\\/37d968a2e67a6fd04c169c4bdef102d0bc5d31b2546345219e348575eb80e9a0?s=96&d=mm&r=g\",\"caption\":\"redazione\"},\"sameAs\":[\"http:\\\/\\\/www.bellunopress.it\",\"https:\\\/\\\/x.com\\\/bellunopress\"],\"url\":\"https:\\\/\\\/www.bellunopress.it\\\/fr\\\/author\\\/redazione\\\/\"}]}<\/script>\n<!-- \/ Yoast SEO plugin. -->","yoast_head_json":{"title":"La protesta dei cittadini per i canoni dell'Anas - Bellunopress - Dolomiti","robots":{"index":"index","follow":"follow","max-snippet":"max-snippet:-1","max-image-preview":"max-image-preview:large","max-video-preview":"max-video-preview:-1"},"canonical":"https:\/\/www.bellunopress.it\/fr\/2009\/04\/16\/la-protesta-dei-cittadini-per-i-canoni-dellanas\/","og_locale":"fr_FR","og_type":"article","og_title":"La protesta dei cittadini per i canoni dell'Anas - Bellunopress - Dolomiti","og_description":"Mercoled\u00ec sera presso il Municipio di Ponte nelle Alpi a Cadola si \u00e8 svolto un incontro sull&#8217;annoso problema dei canoni Anas promosso dal Sindaco Fulvio De Pasqual e da Walter Azzalini, responsabile provinciale del neonato comitato \u201cVittime Anas\u201d. Dal 2001 i cittadini di Ponte nelle Alpi che hanno il loro accesso dalle strade Anas hanno [&hellip;]","og_url":"https:\/\/www.bellunopress.it\/fr\/2009\/04\/16\/la-protesta-dei-cittadini-per-i-canoni-dellanas\/","og_site_name":"Bellunopress - Dolomiti","article_publisher":"https:\/\/www.facebook.com\/profile.php?id=100008943462799","article_published_time":"2009-04-16T11:51:08+00:00","article_modified_time":"2009-04-16T16:56:05+00:00","og_image":[{"url":"http:\/\/www.bellunopress.it\/wp-content\/uploads\/2012\/07\/logo-bellunopress-250x250-2012.jpg","type":"","width":"","height":""}],"author":"redazione","twitter_card":"summary_large_image","twitter_creator":"@bellunopress","twitter_site":"@bellunopress","twitter_misc":{"\u00c9crit par":"redazione","Dur\u00e9e de lecture estim\u00e9e":"2 minutes"},"schema":{"@context":"https:\/\/schema.org","@graph":[{"@type":"Article","@id":"https:\/\/www.bellunopress.it\/2009\/04\/16\/la-protesta-dei-cittadini-per-i-canoni-dellanas\/#article","isPartOf":{"@id":"https:\/\/www.bellunopress.it\/2009\/04\/16\/la-protesta-dei-cittadini-per-i-canoni-dellanas\/"},"author":{"name":"redazione","@id":"https:\/\/www.bellunopress.it\/#\/schema\/person\/79bb06722b37ece1c03d3e94beb30d73"},"headline":"La protesta dei cittadini per i canoni dell&#8217;Anas","datePublished":"2009-04-16T11:51:08+00:00","dateModified":"2009-04-16T16:56:05+00:00","mainEntityOfPage":{"@id":"https:\/\/www.bellunopress.it\/2009\/04\/16\/la-protesta-dei-cittadini-per-i-canoni-dellanas\/"},"wordCount":376,"publisher":{"@id":"https:\/\/www.bellunopress.it\/#organization"},"keywords":["Belluno"],"articleSection":["Cronaca\/Politica","Prima Pagina"],"inLanguage":"fr-FR"},{"@type":"WebPage","@id":"https:\/\/www.bellunopress.it\/2009\/04\/16\/la-protesta-dei-cittadini-per-i-canoni-dellanas\/","url":"https:\/\/www.bellunopress.it\/2009\/04\/16\/la-protesta-dei-cittadini-per-i-canoni-dellanas\/","name":"La protesta dei cittadini per i canoni dell'Anas - Bellunopress - Dolomiti","isPartOf":{"@id":"https:\/\/www.bellunopress.it\/#website"},"datePublished":"2009-04-16T11:51:08+00:00","dateModified":"2009-04-16T16:56:05+00:00","breadcrumb":{"@id":"https:\/\/www.bellunopress.it\/2009\/04\/16\/la-protesta-dei-cittadini-per-i-canoni-dellanas\/#breadcrumb"},"inLanguage":"fr-FR","potentialAction":[{"@type":"ReadAction","target":["https:\/\/www.bellunopress.it\/2009\/04\/16\/la-protesta-dei-cittadini-per-i-canoni-dellanas\/"]}]},{"@type":"BreadcrumbList","@id":"https:\/\/www.bellunopress.it\/2009\/04\/16\/la-protesta-dei-cittadini-per-i-canoni-dellanas\/#breadcrumb","itemListElement":[{"@type":"ListItem","position":1,"name":"Home","item":"https:\/\/www.bellunopress.it\/"},{"@type":"ListItem","position":2,"name":"La protesta dei cittadini per i canoni dell&#8217;Anas"}]},{"@type":"WebSite","@id":"https:\/\/www.bellunopress.it\/#website","url":"https:\/\/www.bellunopress.it\/","name":"Bellunopress - Dolomiti","description":"e-mail: redazione@bellunopress.it","publisher":{"@id":"https:\/\/www.bellunopress.it\/#organization"},"potentialAction":[{"@type":"SearchAction","target":{"@type":"EntryPoint","urlTemplate":"https:\/\/www.bellunopress.it\/?s={search_term_string}"},"query-input":{"@type":"PropertyValueSpecification","valueRequired":true,"valueName":"search_term_string"}}],"inLanguage":"fr-FR"},{"@type":"Organization","@id":"https:\/\/www.bellunopress.it\/#organization","name":"Bellunopress","url":"https:\/\/www.bellunopress.it\/","logo":{"@type":"ImageObject","inLanguage":"fr-FR","@id":"https:\/\/www.bellunopress.it\/#\/schema\/logo\/image\/","url":"https:\/\/www.bellunopress.it\/wp-content\/uploads\/2011\/05\/cropped-logo-bellunopress-.jpg","contentUrl":"https:\/\/www.bellunopress.it\/wp-content\/uploads\/2011\/05\/cropped-logo-bellunopress-.jpg","width":512,"height":512,"caption":"Bellunopress"},"image":{"@id":"https:\/\/www.bellunopress.it\/#\/schema\/logo\/image\/"},"sameAs":["https:\/\/www.facebook.com\/profile.php?id=100008943462799","https:\/\/x.com\/bellunopress","https:\/\/www.linkedin.com\/hp\/?dnr=JBzUWaJfMUw8vbXJJ2tVW5-I3jZKvC4wsoxE&amp;amp;amp;amp;amp;amp;trk=nav_responsive_tab_home","https:\/\/www.youtube.com\/channel\/UCxL0wu1uN0_3_7hGG0306cw"]},{"@type":"Person","@id":"https:\/\/www.bellunopress.it\/#\/schema\/person\/79bb06722b37ece1c03d3e94beb30d73","name":"r\u00e9daction","image":{"@type":"ImageObject","inLanguage":"fr-FR","@id":"https:\/\/secure.gravatar.com\/avatar\/37d968a2e67a6fd04c169c4bdef102d0bc5d31b2546345219e348575eb80e9a0?s=96&d=mm&r=g","url":"https:\/\/secure.gravatar.com\/avatar\/37d968a2e67a6fd04c169c4bdef102d0bc5d31b2546345219e348575eb80e9a0?s=96&d=mm&r=g","contentUrl":"https:\/\/secure.gravatar.com\/avatar\/37d968a2e67a6fd04c169c4bdef102d0bc5d31b2546345219e348575eb80e9a0?s=96&d=mm&r=g","caption":"redazione"},"sameAs":["http:\/\/www.bellunopress.it","https:\/\/x.com\/bellunopress"],"url":"https:\/\/www.bellunopress.it\/fr\/author\/redazione\/"}]}},"_links":{"self":[{"href":"https:\/\/www.bellunopress.it\/fr\/wp-json\/wp\/v2\/posts\/2722","targetHints":{"allow":["GET"]}}],"collection":[{"href":"https:\/\/www.bellunopress.it\/fr\/wp-json\/wp\/v2\/posts"}],"about":[{"href":"https:\/\/www.bellunopress.it\/fr\/wp-json\/wp\/v2\/types\/post"}],"author":[{"embeddable":true,"href":"https:\/\/www.bellunopress.it\/fr\/wp-json\/wp\/v2\/users\/2"}],"replies":[{"embeddable":true,"href":"https:\/\/www.bellunopress.it\/fr\/wp-json\/wp\/v2\/comments?post=2722"}],"version-history":[{"count":3,"href":"https:\/\/www.bellunopress.it\/fr\/wp-json\/wp\/v2\/posts\/2722\/revisions"}],"predecessor-version":[{"id":2747,"href":"https:\/\/www.bellunopress.it\/fr\/wp-json\/wp\/v2\/posts\/2722\/revisions\/2747"}],"wp:attachment":[{"href":"https:\/\/www.bellunopress.it\/fr\/wp-json\/wp\/v2\/media?parent=2722"}],"wp:term":[{"taxonomy":"category","embeddable":true,"href":"https:\/\/www.bellunopress.it\/fr\/wp-json\/wp\/v2\/categories?post=2722"},{"taxonomy":"post_tag","embeddable":true,"href":"https:\/\/www.bellunopress.it\/fr\/wp-json\/wp\/v2\/tags?post=2722"}],"curies":[{"name":"wp","href":"https:\/\/api.w.org\/{rel}","templated":true}]}}