{"id":2700,"date":"2009-04-15T12:22:09","date_gmt":"2009-04-15T11:22:09","guid":{"rendered":"http:\/\/www.bellunopress.it\/?p=2700"},"modified":"2009-04-15T20:30:58","modified_gmt":"2009-04-15T19:30:58","slug":"impotentia-coeundi-la-lega-e-incapace-di-generare-il-proprio-candidato-per-la-provincia","status":"publish","type":"post","link":"https:\/\/www.bellunopress.it\/fr\/2009\/04\/15\/impotentia-coeundi-la-lega-e-incapace-di-generare-il-proprio-candidato-per-la-provincia\/","title":{"rendered":"&#8220;Impotentia coeundi&#8221;, La Lega \u00e8 incapace di generare il proprio candidato per la Provincia"},"content":{"rendered":"<p><a href=\"http:\/\/www.bellunopress.it\/wp-content\/uploads\/2009\/03\/palazzo-piloni-sede-provincia.jpg\"><img loading=\"lazy\" decoding=\"async\" class=\"alignleft size-medium wp-image-1866\" title=\"palazzo-piloni-sede-provincia\" src=\"http:\/\/www.bellunopress.it\/wp-content\/uploads\/2009\/03\/palazzo-piloni-sede-provincia.jpg\" alt=\"\" width=\"270\" height=\"180\" \/><\/a>&#8220;Impotentia coeundi&#8221; \u00e8 l&#8217;inesorabile diagnosi di coloro che fino all&#8217;altro ieri non perdevano occasione per proclamare &#8220;ce l&#8217;abbiamo duro&#8221;! I vertici bellunesi della Lega, infatti, anche oggi a ventidue giorni dalla scadenza per la presentazione delle liste, tacciono. Incapaci di dare alla luce un candidato legittimo, un loro figlio, una camicia verde, un uomo dal pedigr\u00e9e padano, che riesca a fronteggiare Sergio Reolon. La riunione di ieri pomeriggio in via Bellerio a Milano dello Stato maggiore della Lega, del resto, non ha messo in discussione il &#8220;Patto di Arcore&#8221; secondo il quale le Province di Venezia, Rovigo e Belluno sono state assegnate al candidato della Lega. Mentre le Province di Padova e Verona e il Comune di di Padova va al candidato del Pdl.\u00a0 Ancora ventidue giorni per decidere l&#8217;uomo che rappresenter\u00e0 il centrodestra. Per la campagna elettorale oramai il ritardo \u00e8 conclamato. Una situazione grottesca, che scredita la classe dirigente della Lega bellunese nei confronti dei vertici milanesi. D&#8217;ora in avanti nessuno potr\u00e0 pi\u00f9 lamentarsi se i candidati bellunesi verranno estratti a Milano! Per manifesta incapacit\u00e0 dei dolomitici.<\/p>","protected":false},"excerpt":{"rendered":"<p>&#8220;Impotentia coeundi&#8221; \u00e8 l&#8217;inesorabile diagnosi di coloro che fino all&#8217;altro ieri non perdevano occasione per proclamare &#8220;ce l&#8217;abbiamo duro&#8221;! I vertici bellunesi della Lega, infatti, anche oggi a ventidue giorni dalla scadenza per la presentazione delle liste, tacciono. Incapaci di dare alla luce un candidato legittimo, un loro figlio, una camicia verde, un uomo dal [&hellip;]<\/p>\n","protected":false},"author":2,"featured_media":0,"comment_status":"closed","ping_status":"open","sticky":false,"template":"","format":"standard","meta":{"footnotes":""},"categories":[5],"tags":[139,63],"class_list":["post-2700","post","type-post","status-publish","format-standard","category-cronaca","tag-belluno","tag-dolomiti"],"yoast_head":"<!-- This site is optimized with the Yoast SEO plugin v28.4 - https:\/\/yoast.com\/product\/yoast-seo-wordpress\/ -->\n<title>&quot;Impotentia coeundi&quot;, La Lega \u00e8 incapace di generare il proprio candidato per la Provincia - Bellunopress - Dolomiti<\/title>\n<meta name=\"robots\" content=\"index, follow, max-snippet:-1, max-image-preview:large, max-video-preview:-1\" \/>\n<link rel=\"canonical\" href=\"https:\/\/www.bellunopress.it\/fr\/2009\/04\/15\/impotentia-coeundi-la-lega-e-incapace-di-generare-il-proprio-candidato-per-la-provincia\/\" \/>\n<meta property=\"og:locale\" content=\"fr_FR\" \/>\n<meta property=\"og:type\" content=\"article\" \/>\n<meta property=\"og:title\" content=\"&quot;Impotentia coeundi&quot;, La Lega \u00e8 incapace di generare il proprio candidato per la Provincia - Bellunopress - Dolomiti\" \/>\n<meta property=\"og:description\" content=\"&#8220;Impotentia coeundi&#8221; \u00e8 l&#8217;inesorabile diagnosi di coloro che fino all&#8217;altro ieri non perdevano occasione per proclamare &#8220;ce l&#8217;abbiamo duro&#8221;! I vertici bellunesi della Lega, infatti, anche oggi a ventidue giorni dalla scadenza per la presentazione delle liste, tacciono. Incapaci di dare alla luce un candidato legittimo, un loro figlio, una camicia verde, un uomo dal [&hellip;]\" \/>\n<meta property=\"og:url\" content=\"https:\/\/www.bellunopress.it\/fr\/2009\/04\/15\/impotentia-coeundi-la-lega-e-incapace-di-generare-il-proprio-candidato-per-la-provincia\/\" \/>\n<meta property=\"og:site_name\" content=\"Bellunopress - Dolomiti\" \/>\n<meta property=\"article:publisher\" content=\"https:\/\/www.facebook.com\/profile.php?id=100008943462799\" \/>\n<meta property=\"article:published_time\" content=\"2009-04-15T11:22:09+00:00\" \/>\n<meta property=\"article:modified_time\" content=\"2009-04-15T19:30:58+00:00\" \/>\n<meta property=\"og:image\" content=\"http:\/\/www.bellunopress.it\/wp-content\/uploads\/2009\/03\/palazzo-piloni-sede-provincia.jpg\" \/>\n<meta name=\"author\" content=\"redazione\" \/>\n<meta name=\"twitter:card\" content=\"summary_large_image\" \/>\n<meta name=\"twitter:creator\" content=\"@bellunopress\" \/>\n<meta name=\"twitter:site\" content=\"@bellunopress\" \/>\n<meta name=\"twitter:label1\" content=\"\u00c9crit par\" \/>\n\t<meta name=\"twitter:data1\" content=\"redazione\" \/>\n\t<meta name=\"twitter:label2\" content=\"Dur\u00e9e de lecture estim\u00e9e\" \/>\n\t<meta name=\"twitter:data2\" content=\"1 minute\" \/>\n<script type=\"application\/ld+json\" class=\"yoast-schema-graph\">{\"@context\":\"https:\\\/\\\/schema.org\",\"@graph\":[{\"@type\":\"Article\",\"@id\":\"https:\\\/\\\/www.bellunopress.it\\\/2009\\\/04\\\/15\\\/impotentia-coeundi-la-lega-e-incapace-di-generare-il-proprio-candidato-per-la-provincia\\\/#article\",\"isPartOf\":{\"@id\":\"https:\\\/\\\/www.bellunopress.it\\\/2009\\\/04\\\/15\\\/impotentia-coeundi-la-lega-e-incapace-di-generare-il-proprio-candidato-per-la-provincia\\\/\"},\"author\":{\"name\":\"redazione\",\"@id\":\"https:\\\/\\\/www.bellunopress.it\\\/#\\\/schema\\\/person\\\/79bb06722b37ece1c03d3e94beb30d73\"},\"headline\":\"&#8220;Impotentia coeundi&#8221;, La Lega \u00e8 incapace di generare il proprio candidato per la Provincia\",\"datePublished\":\"2009-04-15T11:22:09+00:00\",\"dateModified\":\"2009-04-15T19:30:58+00:00\",\"mainEntityOfPage\":{\"@id\":\"https:\\\/\\\/www.bellunopress.it\\\/2009\\\/04\\\/15\\\/impotentia-coeundi-la-lega-e-incapace-di-generare-il-proprio-candidato-per-la-provincia\\\/\"},\"wordCount\":196,\"publisher\":{\"@id\":\"https:\\\/\\\/www.bellunopress.it\\\/#organization\"},\"image\":{\"@id\":\"https:\\\/\\\/www.bellunopress.it\\\/2009\\\/04\\\/15\\\/impotentia-coeundi-la-lega-e-incapace-di-generare-il-proprio-candidato-per-la-provincia\\\/#primaryimage\"},\"thumbnailUrl\":\"http:\\\/\\\/www.bellunopress.it\\\/wp-content\\\/uploads\\\/2009\\\/03\\\/palazzo-piloni-sede-provincia.jpg\",\"keywords\":[\"Belluno\",\"Dolomiti\"],\"articleSection\":[\"Cronaca\\\/Politica\"],\"inLanguage\":\"fr-FR\"},{\"@type\":\"WebPage\",\"@id\":\"https:\\\/\\\/www.bellunopress.it\\\/2009\\\/04\\\/15\\\/impotentia-coeundi-la-lega-e-incapace-di-generare-il-proprio-candidato-per-la-provincia\\\/\",\"url\":\"https:\\\/\\\/www.bellunopress.it\\\/2009\\\/04\\\/15\\\/impotentia-coeundi-la-lega-e-incapace-di-generare-il-proprio-candidato-per-la-provincia\\\/\",\"name\":\"\\\"Impotentia coeundi\\\", La Lega \u00e8 incapace di generare il proprio candidato per la Provincia - Bellunopress - Dolomiti\",\"isPartOf\":{\"@id\":\"https:\\\/\\\/www.bellunopress.it\\\/#website\"},\"primaryImageOfPage\":{\"@id\":\"https:\\\/\\\/www.bellunopress.it\\\/2009\\\/04\\\/15\\\/impotentia-coeundi-la-lega-e-incapace-di-generare-il-proprio-candidato-per-la-provincia\\\/#primaryimage\"},\"image\":{\"@id\":\"https:\\\/\\\/www.bellunopress.it\\\/2009\\\/04\\\/15\\\/impotentia-coeundi-la-lega-e-incapace-di-generare-il-proprio-candidato-per-la-provincia\\\/#primaryimage\"},\"thumbnailUrl\":\"http:\\\/\\\/www.bellunopress.it\\\/wp-content\\\/uploads\\\/2009\\\/03\\\/palazzo-piloni-sede-provincia.jpg\",\"datePublished\":\"2009-04-15T11:22:09+00:00\",\"dateModified\":\"2009-04-15T19:30:58+00:00\",\"breadcrumb\":{\"@id\":\"https:\\\/\\\/www.bellunopress.it\\\/2009\\\/04\\\/15\\\/impotentia-coeundi-la-lega-e-incapace-di-generare-il-proprio-candidato-per-la-provincia\\\/#breadcrumb\"},\"inLanguage\":\"fr-FR\",\"potentialAction\":[{\"@type\":\"ReadAction\",\"target\":[\"https:\\\/\\\/www.bellunopress.it\\\/2009\\\/04\\\/15\\\/impotentia-coeundi-la-lega-e-incapace-di-generare-il-proprio-candidato-per-la-provincia\\\/\"]}]},{\"@type\":\"ImageObject\",\"inLanguage\":\"fr-FR\",\"@id\":\"https:\\\/\\\/www.bellunopress.it\\\/2009\\\/04\\\/15\\\/impotentia-coeundi-la-lega-e-incapace-di-generare-il-proprio-candidato-per-la-provincia\\\/#primaryimage\",\"url\":\"http:\\\/\\\/www.bellunopress.it\\\/wp-content\\\/uploads\\\/2009\\\/03\\\/palazzo-piloni-sede-provincia.jpg\",\"contentUrl\":\"http:\\\/\\\/www.bellunopress.it\\\/wp-content\\\/uploads\\\/2009\\\/03\\\/palazzo-piloni-sede-provincia.jpg\"},{\"@type\":\"BreadcrumbList\",\"@id\":\"https:\\\/\\\/www.bellunopress.it\\\/2009\\\/04\\\/15\\\/impotentia-coeundi-la-lega-e-incapace-di-generare-il-proprio-candidato-per-la-provincia\\\/#breadcrumb\",\"itemListElement\":[{\"@type\":\"ListItem\",\"position\":1,\"name\":\"Home\",\"item\":\"https:\\\/\\\/www.bellunopress.it\\\/\"},{\"@type\":\"ListItem\",\"position\":2,\"name\":\"&#8220;Impotentia coeundi&#8221;, La Lega \u00e8 incapace di generare il proprio candidato per la Provincia\"}]},{\"@type\":\"WebSite\",\"@id\":\"https:\\\/\\\/www.bellunopress.it\\\/#website\",\"url\":\"https:\\\/\\\/www.bellunopress.it\\\/\",\"name\":\"Bellunopress - Dolomiti\",\"description\":\"e-mail: redazione@bellunopress.it\",\"publisher\":{\"@id\":\"https:\\\/\\\/www.bellunopress.it\\\/#organization\"},\"potentialAction\":[{\"@type\":\"SearchAction\",\"target\":{\"@type\":\"EntryPoint\",\"urlTemplate\":\"https:\\\/\\\/www.bellunopress.it\\\/?s={search_term_string}\"},\"query-input\":{\"@type\":\"PropertyValueSpecification\",\"valueRequired\":true,\"valueName\":\"search_term_string\"}}],\"inLanguage\":\"fr-FR\"},{\"@type\":\"Organization\",\"@id\":\"https:\\\/\\\/www.bellunopress.it\\\/#organization\",\"name\":\"Bellunopress\",\"url\":\"https:\\\/\\\/www.bellunopress.it\\\/\",\"logo\":{\"@type\":\"ImageObject\",\"inLanguage\":\"fr-FR\",\"@id\":\"https:\\\/\\\/www.bellunopress.it\\\/#\\\/schema\\\/logo\\\/image\\\/\",\"url\":\"https:\\\/\\\/www.bellunopress.it\\\/wp-content\\\/uploads\\\/2011\\\/05\\\/cropped-logo-bellunopress-.jpg\",\"contentUrl\":\"https:\\\/\\\/www.bellunopress.it\\\/wp-content\\\/uploads\\\/2011\\\/05\\\/cropped-logo-bellunopress-.jpg\",\"width\":512,\"height\":512,\"caption\":\"Bellunopress\"},\"image\":{\"@id\":\"https:\\\/\\\/www.bellunopress.it\\\/#\\\/schema\\\/logo\\\/image\\\/\"},\"sameAs\":[\"https:\\\/\\\/www.facebook.com\\\/profile.php?id=100008943462799\",\"https:\\\/\\\/x.com\\\/bellunopress\",\"https:\\\/\\\/www.linkedin.com\\\/hp\\\/?dnr=JBzUWaJfMUw8vbXJJ2tVW5-I3jZKvC4wsoxE&amp;amp;amp;amp;amp;amp;trk=nav_responsive_tab_home\",\"https:\\\/\\\/www.youtube.com\\\/channel\\\/UCxL0wu1uN0_3_7hGG0306cw\"]},{\"@type\":\"Person\",\"@id\":\"https:\\\/\\\/www.bellunopress.it\\\/#\\\/schema\\\/person\\\/79bb06722b37ece1c03d3e94beb30d73\",\"name\":\"redazione\",\"image\":{\"@type\":\"ImageObject\",\"inLanguage\":\"fr-FR\",\"@id\":\"https:\\\/\\\/secure.gravatar.com\\\/avatar\\\/37d968a2e67a6fd04c169c4bdef102d0bc5d31b2546345219e348575eb80e9a0?s=96&d=mm&r=g\",\"url\":\"https:\\\/\\\/secure.gravatar.com\\\/avatar\\\/37d968a2e67a6fd04c169c4bdef102d0bc5d31b2546345219e348575eb80e9a0?s=96&d=mm&r=g\",\"contentUrl\":\"https:\\\/\\\/secure.gravatar.com\\\/avatar\\\/37d968a2e67a6fd04c169c4bdef102d0bc5d31b2546345219e348575eb80e9a0?s=96&d=mm&r=g\",\"caption\":\"redazione\"},\"sameAs\":[\"http:\\\/\\\/www.bellunopress.it\",\"https:\\\/\\\/x.com\\\/bellunopress\"],\"url\":\"https:\\\/\\\/www.bellunopress.it\\\/fr\\\/author\\\/redazione\\\/\"}]}<\/script>\n<!-- \/ Yoast SEO plugin. -->","yoast_head_json":{"title":"\"Impotentia coeundi\", La Lega \u00e8 incapace di generare il proprio candidato per la Provincia - Bellunopress - Dolomiti","robots":{"index":"index","follow":"follow","max-snippet":"max-snippet:-1","max-image-preview":"max-image-preview:large","max-video-preview":"max-video-preview:-1"},"canonical":"https:\/\/www.bellunopress.it\/fr\/2009\/04\/15\/impotentia-coeundi-la-lega-e-incapace-di-generare-il-proprio-candidato-per-la-provincia\/","og_locale":"fr_FR","og_type":"article","og_title":"\"Impotentia coeundi\", La Lega \u00e8 incapace di generare il proprio candidato per la Provincia - Bellunopress - Dolomiti","og_description":"&#8220;Impotentia coeundi&#8221; \u00e8 l&#8217;inesorabile diagnosi di coloro che fino all&#8217;altro ieri non perdevano occasione per proclamare &#8220;ce l&#8217;abbiamo duro&#8221;! I vertici bellunesi della Lega, infatti, anche oggi a ventidue giorni dalla scadenza per la presentazione delle liste, tacciono. Incapaci di dare alla luce un candidato legittimo, un loro figlio, una camicia verde, un uomo dal [&hellip;]","og_url":"https:\/\/www.bellunopress.it\/fr\/2009\/04\/15\/impotentia-coeundi-la-lega-e-incapace-di-generare-il-proprio-candidato-per-la-provincia\/","og_site_name":"Bellunopress - Dolomiti","article_publisher":"https:\/\/www.facebook.com\/profile.php?id=100008943462799","article_published_time":"2009-04-15T11:22:09+00:00","article_modified_time":"2009-04-15T19:30:58+00:00","og_image":[{"url":"http:\/\/www.bellunopress.it\/wp-content\/uploads\/2009\/03\/palazzo-piloni-sede-provincia.jpg","type":"","width":"","height":""}],"author":"redazione","twitter_card":"summary_large_image","twitter_creator":"@bellunopress","twitter_site":"@bellunopress","twitter_misc":{"\u00c9crit par":"redazione","Dur\u00e9e de lecture estim\u00e9e":"1 minute"},"schema":{"@context":"https:\/\/schema.org","@graph":[{"@type":"Article","@id":"https:\/\/www.bellunopress.it\/2009\/04\/15\/impotentia-coeundi-la-lega-e-incapace-di-generare-il-proprio-candidato-per-la-provincia\/#article","isPartOf":{"@id":"https:\/\/www.bellunopress.it\/2009\/04\/15\/impotentia-coeundi-la-lega-e-incapace-di-generare-il-proprio-candidato-per-la-provincia\/"},"author":{"name":"redazione","@id":"https:\/\/www.bellunopress.it\/#\/schema\/person\/79bb06722b37ece1c03d3e94beb30d73"},"headline":"&#8220;Impotentia coeundi&#8221;, La Lega \u00e8 incapace di generare il proprio candidato per la Provincia","datePublished":"2009-04-15T11:22:09+00:00","dateModified":"2009-04-15T19:30:58+00:00","mainEntityOfPage":{"@id":"https:\/\/www.bellunopress.it\/2009\/04\/15\/impotentia-coeundi-la-lega-e-incapace-di-generare-il-proprio-candidato-per-la-provincia\/"},"wordCount":196,"publisher":{"@id":"https:\/\/www.bellunopress.it\/#organization"},"image":{"@id":"https:\/\/www.bellunopress.it\/2009\/04\/15\/impotentia-coeundi-la-lega-e-incapace-di-generare-il-proprio-candidato-per-la-provincia\/#primaryimage"},"thumbnailUrl":"http:\/\/www.bellunopress.it\/wp-content\/uploads\/2009\/03\/palazzo-piloni-sede-provincia.jpg","keywords":["Belluno","Dolomiti"],"articleSection":["Cronaca\/Politica"],"inLanguage":"fr-FR"},{"@type":"WebPage","@id":"https:\/\/www.bellunopress.it\/2009\/04\/15\/impotentia-coeundi-la-lega-e-incapace-di-generare-il-proprio-candidato-per-la-provincia\/","url":"https:\/\/www.bellunopress.it\/2009\/04\/15\/impotentia-coeundi-la-lega-e-incapace-di-generare-il-proprio-candidato-per-la-provincia\/","name":"\"Impotentia coeundi\", La Lega \u00e8 incapace di generare il proprio candidato per la Provincia - Bellunopress - Dolomiti","isPartOf":{"@id":"https:\/\/www.bellunopress.it\/#website"},"primaryImageOfPage":{"@id":"https:\/\/www.bellunopress.it\/2009\/04\/15\/impotentia-coeundi-la-lega-e-incapace-di-generare-il-proprio-candidato-per-la-provincia\/#primaryimage"},"image":{"@id":"https:\/\/www.bellunopress.it\/2009\/04\/15\/impotentia-coeundi-la-lega-e-incapace-di-generare-il-proprio-candidato-per-la-provincia\/#primaryimage"},"thumbnailUrl":"http:\/\/www.bellunopress.it\/wp-content\/uploads\/2009\/03\/palazzo-piloni-sede-provincia.jpg","datePublished":"2009-04-15T11:22:09+00:00","dateModified":"2009-04-15T19:30:58+00:00","breadcrumb":{"@id":"https:\/\/www.bellunopress.it\/2009\/04\/15\/impotentia-coeundi-la-lega-e-incapace-di-generare-il-proprio-candidato-per-la-provincia\/#breadcrumb"},"inLanguage":"fr-FR","potentialAction":[{"@type":"ReadAction","target":["https:\/\/www.bellunopress.it\/2009\/04\/15\/impotentia-coeundi-la-lega-e-incapace-di-generare-il-proprio-candidato-per-la-provincia\/"]}]},{"@type":"ImageObject","inLanguage":"fr-FR","@id":"https:\/\/www.bellunopress.it\/2009\/04\/15\/impotentia-coeundi-la-lega-e-incapace-di-generare-il-proprio-candidato-per-la-provincia\/#primaryimage","url":"http:\/\/www.bellunopress.it\/wp-content\/uploads\/2009\/03\/palazzo-piloni-sede-provincia.jpg","contentUrl":"http:\/\/www.bellunopress.it\/wp-content\/uploads\/2009\/03\/palazzo-piloni-sede-provincia.jpg"},{"@type":"BreadcrumbList","@id":"https:\/\/www.bellunopress.it\/2009\/04\/15\/impotentia-coeundi-la-lega-e-incapace-di-generare-il-proprio-candidato-per-la-provincia\/#breadcrumb","itemListElement":[{"@type":"ListItem","position":1,"name":"Home","item":"https:\/\/www.bellunopress.it\/"},{"@type":"ListItem","position":2,"name":"&#8220;Impotentia coeundi&#8221;, La Lega \u00e8 incapace di generare il proprio candidato per la Provincia"}]},{"@type":"WebSite","@id":"https:\/\/www.bellunopress.it\/#website","url":"https:\/\/www.bellunopress.it\/","name":"Bellunopress - Dolomiti","description":"e-mail: redazione@bellunopress.it","publisher":{"@id":"https:\/\/www.bellunopress.it\/#organization"},"potentialAction":[{"@type":"SearchAction","target":{"@type":"EntryPoint","urlTemplate":"https:\/\/www.bellunopress.it\/?s={search_term_string}"},"query-input":{"@type":"PropertyValueSpecification","valueRequired":true,"valueName":"search_term_string"}}],"inLanguage":"fr-FR"},{"@type":"Organization","@id":"https:\/\/www.bellunopress.it\/#organization","name":"Bellunopress","url":"https:\/\/www.bellunopress.it\/","logo":{"@type":"ImageObject","inLanguage":"fr-FR","@id":"https:\/\/www.bellunopress.it\/#\/schema\/logo\/image\/","url":"https:\/\/www.bellunopress.it\/wp-content\/uploads\/2011\/05\/cropped-logo-bellunopress-.jpg","contentUrl":"https:\/\/www.bellunopress.it\/wp-content\/uploads\/2011\/05\/cropped-logo-bellunopress-.jpg","width":512,"height":512,"caption":"Bellunopress"},"image":{"@id":"https:\/\/www.bellunopress.it\/#\/schema\/logo\/image\/"},"sameAs":["https:\/\/www.facebook.com\/profile.php?id=100008943462799","https:\/\/x.com\/bellunopress","https:\/\/www.linkedin.com\/hp\/?dnr=JBzUWaJfMUw8vbXJJ2tVW5-I3jZKvC4wsoxE&amp;amp;amp;amp;amp;amp;trk=nav_responsive_tab_home","https:\/\/www.youtube.com\/channel\/UCxL0wu1uN0_3_7hGG0306cw"]},{"@type":"Person","@id":"https:\/\/www.bellunopress.it\/#\/schema\/person\/79bb06722b37ece1c03d3e94beb30d73","name":"r\u00e9daction","image":{"@type":"ImageObject","inLanguage":"fr-FR","@id":"https:\/\/secure.gravatar.com\/avatar\/37d968a2e67a6fd04c169c4bdef102d0bc5d31b2546345219e348575eb80e9a0?s=96&d=mm&r=g","url":"https:\/\/secure.gravatar.com\/avatar\/37d968a2e67a6fd04c169c4bdef102d0bc5d31b2546345219e348575eb80e9a0?s=96&d=mm&r=g","contentUrl":"https:\/\/secure.gravatar.com\/avatar\/37d968a2e67a6fd04c169c4bdef102d0bc5d31b2546345219e348575eb80e9a0?s=96&d=mm&r=g","caption":"redazione"},"sameAs":["http:\/\/www.bellunopress.it","https:\/\/x.com\/bellunopress"],"url":"https:\/\/www.bellunopress.it\/fr\/author\/redazione\/"}]}},"_links":{"self":[{"href":"https:\/\/www.bellunopress.it\/fr\/wp-json\/wp\/v2\/posts\/2700","targetHints":{"allow":["GET"]}}],"collection":[{"href":"https:\/\/www.bellunopress.it\/fr\/wp-json\/wp\/v2\/posts"}],"about":[{"href":"https:\/\/www.bellunopress.it\/fr\/wp-json\/wp\/v2\/types\/post"}],"author":[{"embeddable":true,"href":"https:\/\/www.bellunopress.it\/fr\/wp-json\/wp\/v2\/users\/2"}],"replies":[{"embeddable":true,"href":"https:\/\/www.bellunopress.it\/fr\/wp-json\/wp\/v2\/comments?post=2700"}],"version-history":[{"count":2,"href":"https:\/\/www.bellunopress.it\/fr\/wp-json\/wp\/v2\/posts\/2700\/revisions"}],"predecessor-version":[{"id":2714,"href":"https:\/\/www.bellunopress.it\/fr\/wp-json\/wp\/v2\/posts\/2700\/revisions\/2714"}],"wp:attachment":[{"href":"https:\/\/www.bellunopress.it\/fr\/wp-json\/wp\/v2\/media?parent=2700"}],"wp:term":[{"taxonomy":"category","embeddable":true,"href":"https:\/\/www.bellunopress.it\/fr\/wp-json\/wp\/v2\/categories?post=2700"},{"taxonomy":"post_tag","embeddable":true,"href":"https:\/\/www.bellunopress.it\/fr\/wp-json\/wp\/v2\/tags?post=2700"}],"curies":[{"name":"wp","href":"https:\/\/api.w.org\/{rel}","templated":true}]}}