{"id":2689,"date":"2009-04-15T09:51:23","date_gmt":"2009-04-15T08:51:23","guid":{"rendered":"http:\/\/www.bellunopress.it\/?p=2689"},"modified":"2009-04-15T11:02:54","modified_gmt":"2009-04-15T10:02:54","slug":"villa-zuppani-resta-alla-provincia","status":"publish","type":"post","link":"https:\/\/www.bellunopress.it\/fr\/2009\/04\/15\/villa-zuppani-resta-alla-provincia\/","title":{"rendered":"Villa Zuppani resta alla Provincia"},"content":{"rendered":"<figure id=\"attachment_2693\" aria-describedby=\"caption-attachment-2693\" style=\"width: 221px\" class=\"wp-caption alignleft\"><a href=\"http:\/\/www.bellunopress.it\/wp-content\/uploads\/2009\/04\/villazuppani-leggera.jpg\"><img loading=\"lazy\" decoding=\"async\" class=\"size-medium wp-image-2693\" title=\"villazuppani-leggera\" src=\"http:\/\/www.bellunopress.it\/wp-content\/uploads\/2009\/04\/villazuppani-leggera.jpg\" alt=\"Villa Zuppani da Belluno Virtuale\" width=\"221\" height=\"140\" \/><\/a><figcaption id=\"caption-attachment-2693\" class=\"wp-caption-text\">Villa Zuppani da Belluno Virtuale<\/figcaption><\/figure>\n<p>E\u2019 favorevole all\u2019Amministrazione provinciale la sentenza civile di primo grado relativa al lascito di Villa Passa (nota anche come Villa Zuppani) da parte della contessa Francesca Zuppani alla Provincia. Il giudice monocratico Gabriella Zanon non ha accolto le richieste degli eredi che chiedevano l\u2019annullamento dei contratti di donazione per incapacit\u00e0 naturale della donante all\u2019atto della decisione. Si chiude in maniera positiva per la Provincia una disputa legale durata otto anni, che ha visto gli eredi di Francesca Zuppani impugnare i due distinti atti di donazione della villa di famiglia, firmati dalla contessa il 27 giugno 1995 e il 27 febbraio 1997. Sostenendo l\u2019incapacit\u00e0 naturale di intendere e volere di Francesca Zuppani all\u2019atto delle donazioni, a causa delle sue condizioni di salute non brillanti, gli eredi chiedevano anche la restituzione da parte della Provincia di tutti gli arredi presenti nella villa. Il giudice Gabriella Zanon ha rigettato in toto le richieste di restituzione, sentenziando, in base ai risultati della perizia del consulente tecnico d\u2019ufficio, Sergio Celletti (direttore del dipartimento di salute mentale dell\u2019Ulss 2 di Feltre) la lucidit\u00e0 di Francesca Zuppani all\u2019atto delle donazioni. Il giudice ha condannato gli eredi della contessa anche a rifondere alla Provincia le spese sostenute per la vertenza legale. Le argomentazioni avanzate dagli eredi di Francesca Zuppani si basavano su una sua presunta forma di incapacit\u00e0 naturale di intendere a volere, realizzatasi in seguito a due ricoveri ospedalieri avvenuti in prossimit\u00e0 temporale della decisione di donare la villa alla Provincia. In particolare, tra il 1994 e il 1995 Francesca Zuppani aveva sofferto di problemi cardiaci, mentre al momento della seconda donazione era ricoverata in neurologia.<br \/>\nLa fase istruttoria si \u00e8 avvalsa di una perizia analitica sulla documentazione medica relativa a Francesca Zuppani, deceduta il 23 maggio 2000. Come riportato nella sentenza, Sergio Celletti, consulente tecnico d\u2019ufficio del tribunale di Belluno, ha rilevato, nella consulenza depositata il 4 febbraio 2005, come \u201cdalla documentazione esaminata \u2013 sanitaria e non \u2013 non emerge alcun elemento probativo in ordine al sussistere, nella signora Zuppani, nelle specifiche contingenze temporali dei due atti di donazione dalla stessa sottoscritti, altres\u00ec nei periodi a quelle cronologicamente prossimi, di alcuna infermit\u00e0 somatica o psichica tale da comprometterne significativamente le capacit\u00e0 di intendere e volere e impedirle di effettuare una efficace valutazione dei propri atti\u201d. Il giudice Gabriella Zanon ha accolto la tesi del consulente tecnico d\u2019ufficio, anche in base ai risultati di tre diverse consulenze specialistiche (neurologica, psichiatrica e medico \u2013 legale) effettuate nell\u2019ottobre \u2013 novembre 1999 da tre differenti medici, che ritennero all\u2019epoca Francesca Zuppani perfettamente in grado di intendere e volere. \u201cData la natura specificamente patoevolutiva del processo demenziale\u201d , scrive Zanon nella sentenza di primo grado, \u201cse una compromissione neuropsichica di tipo demenziale avesse affetto la Zuppani nel periodo gennaio \u2013 febbraio 1997, due anni pi\u00f9 tardi essa avrebbe dovuto presentarsi in maniera ben pi\u00f9 avanzata, conclamata\u00a0 e devastante, mentre la Zuppani risultava afflitta, neuropsicologicamente, solo dagli acciacchi propri dell\u2019et\u00e0\u201d. Ora gli eredi di Francesca Zuppani hanno 30 giorni di tempo per ricorrere in appello, in caso di notifica della sentenza.<br \/>\nDa parte sua la Provincia di Belluno vede sbloccarsi una vertenza che ha impedito di fatto di intervenire sull\u2019immobile. In questi dieci anni, stante l\u2019incertezza sull\u2019esito della donazione, sono stati effettuati solo gli urgenti e necessari interventi di messa in sicurezza del tetto di Villa Passa.<\/p>","protected":false},"excerpt":{"rendered":"<p>E\u2019 favorevole all\u2019Amministrazione provinciale la sentenza civile di primo grado relativa al lascito di Villa Passa (nota anche come Villa Zuppani) da parte della contessa Francesca Zuppani alla Provincia. Il giudice monocratico Gabriella Zanon non ha accolto le richieste degli eredi che chiedevano l\u2019annullamento dei contratti di donazione per incapacit\u00e0 naturale della donante all\u2019atto della [&hellip;]<\/p>\n","protected":false},"author":2,"featured_media":0,"comment_status":"closed","ping_status":"open","sticky":false,"template":"","format":"standard","meta":{"footnotes":""},"categories":[5,26],"tags":[139,302],"class_list":["post-2689","post","type-post","status-publish","format-standard","category-cronaca","category-prima-pagina","tag-belluno","tag-feltre"],"yoast_head":"<!-- This site is optimized with the Yoast SEO plugin v28.4 - https:\/\/yoast.com\/product\/yoast-seo-wordpress\/ -->\n<title>Villa Zuppani resta alla Provincia - Bellunopress - Dolomiti<\/title>\n<meta name=\"robots\" content=\"index, follow, max-snippet:-1, max-image-preview:large, max-video-preview:-1\" \/>\n<link rel=\"canonical\" href=\"https:\/\/www.bellunopress.it\/fr\/2009\/04\/15\/villa-zuppani-resta-alla-provincia\/\" \/>\n<meta property=\"og:locale\" content=\"fr_FR\" \/>\n<meta property=\"og:type\" content=\"article\" \/>\n<meta property=\"og:title\" content=\"Villa Zuppani resta alla Provincia - Bellunopress - Dolomiti\" \/>\n<meta property=\"og:description\" content=\"E\u2019 favorevole all\u2019Amministrazione provinciale la sentenza civile di primo grado relativa al lascito di Villa Passa (nota anche come Villa Zuppani) da parte della contessa Francesca Zuppani alla Provincia. Il giudice monocratico Gabriella Zanon non ha accolto le richieste degli eredi che chiedevano l\u2019annullamento dei contratti di donazione per incapacit\u00e0 naturale della donante all\u2019atto della [&hellip;]\" \/>\n<meta property=\"og:url\" content=\"https:\/\/www.bellunopress.it\/fr\/2009\/04\/15\/villa-zuppani-resta-alla-provincia\/\" \/>\n<meta property=\"og:site_name\" content=\"Bellunopress - Dolomiti\" \/>\n<meta property=\"article:publisher\" content=\"https:\/\/www.facebook.com\/profile.php?id=100008943462799\" \/>\n<meta property=\"article:published_time\" content=\"2009-04-15T08:51:23+00:00\" \/>\n<meta property=\"article:modified_time\" content=\"2009-04-15T10:02:54+00:00\" \/>\n<meta property=\"og:image\" content=\"http:\/\/www.bellunopress.it\/wp-content\/uploads\/2009\/04\/villazuppani-leggera.jpg\" \/>\n<meta name=\"author\" content=\"redazione\" \/>\n<meta name=\"twitter:card\" content=\"summary_large_image\" \/>\n<meta name=\"twitter:creator\" content=\"@bellunopress\" \/>\n<meta name=\"twitter:site\" content=\"@bellunopress\" \/>\n<meta name=\"twitter:label1\" content=\"\u00c9crit par\" \/>\n\t<meta name=\"twitter:data1\" content=\"redazione\" \/>\n\t<meta name=\"twitter:label2\" content=\"Dur\u00e9e de lecture estim\u00e9e\" \/>\n\t<meta name=\"twitter:data2\" content=\"3 minutes\" \/>\n<script type=\"application\/ld+json\" class=\"yoast-schema-graph\">{\"@context\":\"https:\\\/\\\/schema.org\",\"@graph\":[{\"@type\":\"Article\",\"@id\":\"https:\\\/\\\/www.bellunopress.it\\\/2009\\\/04\\\/15\\\/villa-zuppani-resta-alla-provincia\\\/#article\",\"isPartOf\":{\"@id\":\"https:\\\/\\\/www.bellunopress.it\\\/2009\\\/04\\\/15\\\/villa-zuppani-resta-alla-provincia\\\/\"},\"author\":{\"name\":\"redazione\",\"@id\":\"https:\\\/\\\/www.bellunopress.it\\\/#\\\/schema\\\/person\\\/79bb06722b37ece1c03d3e94beb30d73\"},\"headline\":\"Villa Zuppani resta alla Provincia\",\"datePublished\":\"2009-04-15T08:51:23+00:00\",\"dateModified\":\"2009-04-15T10:02:54+00:00\",\"mainEntityOfPage\":{\"@id\":\"https:\\\/\\\/www.bellunopress.it\\\/2009\\\/04\\\/15\\\/villa-zuppani-resta-alla-provincia\\\/\"},\"wordCount\":568,\"publisher\":{\"@id\":\"https:\\\/\\\/www.bellunopress.it\\\/#organization\"},\"image\":{\"@id\":\"https:\\\/\\\/www.bellunopress.it\\\/2009\\\/04\\\/15\\\/villa-zuppani-resta-alla-provincia\\\/#primaryimage\"},\"thumbnailUrl\":\"http:\\\/\\\/www.bellunopress.it\\\/wp-content\\\/uploads\\\/2009\\\/04\\\/villazuppani-leggera.jpg\",\"keywords\":[\"Belluno\",\"Feltre\"],\"articleSection\":[\"Cronaca\\\/Politica\",\"Prima Pagina\"],\"inLanguage\":\"fr-FR\"},{\"@type\":\"WebPage\",\"@id\":\"https:\\\/\\\/www.bellunopress.it\\\/2009\\\/04\\\/15\\\/villa-zuppani-resta-alla-provincia\\\/\",\"url\":\"https:\\\/\\\/www.bellunopress.it\\\/2009\\\/04\\\/15\\\/villa-zuppani-resta-alla-provincia\\\/\",\"name\":\"Villa Zuppani resta alla Provincia - Bellunopress - Dolomiti\",\"isPartOf\":{\"@id\":\"https:\\\/\\\/www.bellunopress.it\\\/#website\"},\"primaryImageOfPage\":{\"@id\":\"https:\\\/\\\/www.bellunopress.it\\\/2009\\\/04\\\/15\\\/villa-zuppani-resta-alla-provincia\\\/#primaryimage\"},\"image\":{\"@id\":\"https:\\\/\\\/www.bellunopress.it\\\/2009\\\/04\\\/15\\\/villa-zuppani-resta-alla-provincia\\\/#primaryimage\"},\"thumbnailUrl\":\"http:\\\/\\\/www.bellunopress.it\\\/wp-content\\\/uploads\\\/2009\\\/04\\\/villazuppani-leggera.jpg\",\"datePublished\":\"2009-04-15T08:51:23+00:00\",\"dateModified\":\"2009-04-15T10:02:54+00:00\",\"breadcrumb\":{\"@id\":\"https:\\\/\\\/www.bellunopress.it\\\/2009\\\/04\\\/15\\\/villa-zuppani-resta-alla-provincia\\\/#breadcrumb\"},\"inLanguage\":\"fr-FR\",\"potentialAction\":[{\"@type\":\"ReadAction\",\"target\":[\"https:\\\/\\\/www.bellunopress.it\\\/2009\\\/04\\\/15\\\/villa-zuppani-resta-alla-provincia\\\/\"]}]},{\"@type\":\"ImageObject\",\"inLanguage\":\"fr-FR\",\"@id\":\"https:\\\/\\\/www.bellunopress.it\\\/2009\\\/04\\\/15\\\/villa-zuppani-resta-alla-provincia\\\/#primaryimage\",\"url\":\"http:\\\/\\\/www.bellunopress.it\\\/wp-content\\\/uploads\\\/2009\\\/04\\\/villazuppani-leggera.jpg\",\"contentUrl\":\"http:\\\/\\\/www.bellunopress.it\\\/wp-content\\\/uploads\\\/2009\\\/04\\\/villazuppani-leggera.jpg\"},{\"@type\":\"BreadcrumbList\",\"@id\":\"https:\\\/\\\/www.bellunopress.it\\\/2009\\\/04\\\/15\\\/villa-zuppani-resta-alla-provincia\\\/#breadcrumb\",\"itemListElement\":[{\"@type\":\"ListItem\",\"position\":1,\"name\":\"Home\",\"item\":\"https:\\\/\\\/www.bellunopress.it\\\/\"},{\"@type\":\"ListItem\",\"position\":2,\"name\":\"Villa Zuppani resta alla Provincia\"}]},{\"@type\":\"WebSite\",\"@id\":\"https:\\\/\\\/www.bellunopress.it\\\/#website\",\"url\":\"https:\\\/\\\/www.bellunopress.it\\\/\",\"name\":\"Bellunopress - Dolomiti\",\"description\":\"e-mail: redazione@bellunopress.it\",\"publisher\":{\"@id\":\"https:\\\/\\\/www.bellunopress.it\\\/#organization\"},\"potentialAction\":[{\"@type\":\"SearchAction\",\"target\":{\"@type\":\"EntryPoint\",\"urlTemplate\":\"https:\\\/\\\/www.bellunopress.it\\\/?s={search_term_string}\"},\"query-input\":{\"@type\":\"PropertyValueSpecification\",\"valueRequired\":true,\"valueName\":\"search_term_string\"}}],\"inLanguage\":\"fr-FR\"},{\"@type\":\"Organization\",\"@id\":\"https:\\\/\\\/www.bellunopress.it\\\/#organization\",\"name\":\"Bellunopress\",\"url\":\"https:\\\/\\\/www.bellunopress.it\\\/\",\"logo\":{\"@type\":\"ImageObject\",\"inLanguage\":\"fr-FR\",\"@id\":\"https:\\\/\\\/www.bellunopress.it\\\/#\\\/schema\\\/logo\\\/image\\\/\",\"url\":\"https:\\\/\\\/www.bellunopress.it\\\/wp-content\\\/uploads\\\/2011\\\/05\\\/cropped-logo-bellunopress-.jpg\",\"contentUrl\":\"https:\\\/\\\/www.bellunopress.it\\\/wp-content\\\/uploads\\\/2011\\\/05\\\/cropped-logo-bellunopress-.jpg\",\"width\":512,\"height\":512,\"caption\":\"Bellunopress\"},\"image\":{\"@id\":\"https:\\\/\\\/www.bellunopress.it\\\/#\\\/schema\\\/logo\\\/image\\\/\"},\"sameAs\":[\"https:\\\/\\\/www.facebook.com\\\/profile.php?id=100008943462799\",\"https:\\\/\\\/x.com\\\/bellunopress\",\"https:\\\/\\\/www.linkedin.com\\\/hp\\\/?dnr=JBzUWaJfMUw8vbXJJ2tVW5-I3jZKvC4wsoxE&amp;amp;amp;amp;amp;amp;trk=nav_responsive_tab_home\",\"https:\\\/\\\/www.youtube.com\\\/channel\\\/UCxL0wu1uN0_3_7hGG0306cw\"]},{\"@type\":\"Person\",\"@id\":\"https:\\\/\\\/www.bellunopress.it\\\/#\\\/schema\\\/person\\\/79bb06722b37ece1c03d3e94beb30d73\",\"name\":\"redazione\",\"image\":{\"@type\":\"ImageObject\",\"inLanguage\":\"fr-FR\",\"@id\":\"https:\\\/\\\/secure.gravatar.com\\\/avatar\\\/37d968a2e67a6fd04c169c4bdef102d0bc5d31b2546345219e348575eb80e9a0?s=96&d=mm&r=g\",\"url\":\"https:\\\/\\\/secure.gravatar.com\\\/avatar\\\/37d968a2e67a6fd04c169c4bdef102d0bc5d31b2546345219e348575eb80e9a0?s=96&d=mm&r=g\",\"contentUrl\":\"https:\\\/\\\/secure.gravatar.com\\\/avatar\\\/37d968a2e67a6fd04c169c4bdef102d0bc5d31b2546345219e348575eb80e9a0?s=96&d=mm&r=g\",\"caption\":\"redazione\"},\"sameAs\":[\"http:\\\/\\\/www.bellunopress.it\",\"https:\\\/\\\/x.com\\\/bellunopress\"],\"url\":\"https:\\\/\\\/www.bellunopress.it\\\/fr\\\/author\\\/redazione\\\/\"}]}<\/script>\n<!-- \/ Yoast SEO plugin. -->","yoast_head_json":{"title":"Villa Zuppani resta alla Provincia - Bellunopress - Dolomiti","robots":{"index":"index","follow":"follow","max-snippet":"max-snippet:-1","max-image-preview":"max-image-preview:large","max-video-preview":"max-video-preview:-1"},"canonical":"https:\/\/www.bellunopress.it\/fr\/2009\/04\/15\/villa-zuppani-resta-alla-provincia\/","og_locale":"fr_FR","og_type":"article","og_title":"Villa Zuppani resta alla Provincia - Bellunopress - Dolomiti","og_description":"E\u2019 favorevole all\u2019Amministrazione provinciale la sentenza civile di primo grado relativa al lascito di Villa Passa (nota anche come Villa Zuppani) da parte della contessa Francesca Zuppani alla Provincia. Il giudice monocratico Gabriella Zanon non ha accolto le richieste degli eredi che chiedevano l\u2019annullamento dei contratti di donazione per incapacit\u00e0 naturale della donante all\u2019atto della [&hellip;]","og_url":"https:\/\/www.bellunopress.it\/fr\/2009\/04\/15\/villa-zuppani-resta-alla-provincia\/","og_site_name":"Bellunopress - Dolomiti","article_publisher":"https:\/\/www.facebook.com\/profile.php?id=100008943462799","article_published_time":"2009-04-15T08:51:23+00:00","article_modified_time":"2009-04-15T10:02:54+00:00","og_image":[{"url":"http:\/\/www.bellunopress.it\/wp-content\/uploads\/2009\/04\/villazuppani-leggera.jpg","type":"","width":"","height":""}],"author":"redazione","twitter_card":"summary_large_image","twitter_creator":"@bellunopress","twitter_site":"@bellunopress","twitter_misc":{"\u00c9crit par":"redazione","Dur\u00e9e de lecture estim\u00e9e":"3 minutes"},"schema":{"@context":"https:\/\/schema.org","@graph":[{"@type":"Article","@id":"https:\/\/www.bellunopress.it\/2009\/04\/15\/villa-zuppani-resta-alla-provincia\/#article","isPartOf":{"@id":"https:\/\/www.bellunopress.it\/2009\/04\/15\/villa-zuppani-resta-alla-provincia\/"},"author":{"name":"redazione","@id":"https:\/\/www.bellunopress.it\/#\/schema\/person\/79bb06722b37ece1c03d3e94beb30d73"},"headline":"Villa Zuppani resta alla Provincia","datePublished":"2009-04-15T08:51:23+00:00","dateModified":"2009-04-15T10:02:54+00:00","mainEntityOfPage":{"@id":"https:\/\/www.bellunopress.it\/2009\/04\/15\/villa-zuppani-resta-alla-provincia\/"},"wordCount":568,"publisher":{"@id":"https:\/\/www.bellunopress.it\/#organization"},"image":{"@id":"https:\/\/www.bellunopress.it\/2009\/04\/15\/villa-zuppani-resta-alla-provincia\/#primaryimage"},"thumbnailUrl":"http:\/\/www.bellunopress.it\/wp-content\/uploads\/2009\/04\/villazuppani-leggera.jpg","keywords":["Belluno","Feltre"],"articleSection":["Cronaca\/Politica","Prima Pagina"],"inLanguage":"fr-FR"},{"@type":"WebPage","@id":"https:\/\/www.bellunopress.it\/2009\/04\/15\/villa-zuppani-resta-alla-provincia\/","url":"https:\/\/www.bellunopress.it\/2009\/04\/15\/villa-zuppani-resta-alla-provincia\/","name":"Villa Zuppani resta alla Provincia - Bellunopress - Dolomiti","isPartOf":{"@id":"https:\/\/www.bellunopress.it\/#website"},"primaryImageOfPage":{"@id":"https:\/\/www.bellunopress.it\/2009\/04\/15\/villa-zuppani-resta-alla-provincia\/#primaryimage"},"image":{"@id":"https:\/\/www.bellunopress.it\/2009\/04\/15\/villa-zuppani-resta-alla-provincia\/#primaryimage"},"thumbnailUrl":"http:\/\/www.bellunopress.it\/wp-content\/uploads\/2009\/04\/villazuppani-leggera.jpg","datePublished":"2009-04-15T08:51:23+00:00","dateModified":"2009-04-15T10:02:54+00:00","breadcrumb":{"@id":"https:\/\/www.bellunopress.it\/2009\/04\/15\/villa-zuppani-resta-alla-provincia\/#breadcrumb"},"inLanguage":"fr-FR","potentialAction":[{"@type":"ReadAction","target":["https:\/\/www.bellunopress.it\/2009\/04\/15\/villa-zuppani-resta-alla-provincia\/"]}]},{"@type":"ImageObject","inLanguage":"fr-FR","@id":"https:\/\/www.bellunopress.it\/2009\/04\/15\/villa-zuppani-resta-alla-provincia\/#primaryimage","url":"http:\/\/www.bellunopress.it\/wp-content\/uploads\/2009\/04\/villazuppani-leggera.jpg","contentUrl":"http:\/\/www.bellunopress.it\/wp-content\/uploads\/2009\/04\/villazuppani-leggera.jpg"},{"@type":"BreadcrumbList","@id":"https:\/\/www.bellunopress.it\/2009\/04\/15\/villa-zuppani-resta-alla-provincia\/#breadcrumb","itemListElement":[{"@type":"ListItem","position":1,"name":"Home","item":"https:\/\/www.bellunopress.it\/"},{"@type":"ListItem","position":2,"name":"Villa Zuppani resta alla Provincia"}]},{"@type":"WebSite","@id":"https:\/\/www.bellunopress.it\/#website","url":"https:\/\/www.bellunopress.it\/","name":"Bellunopress - Dolomiti","description":"e-mail: redazione@bellunopress.it","publisher":{"@id":"https:\/\/www.bellunopress.it\/#organization"},"potentialAction":[{"@type":"SearchAction","target":{"@type":"EntryPoint","urlTemplate":"https:\/\/www.bellunopress.it\/?s={search_term_string}"},"query-input":{"@type":"PropertyValueSpecification","valueRequired":true,"valueName":"search_term_string"}}],"inLanguage":"fr-FR"},{"@type":"Organization","@id":"https:\/\/www.bellunopress.it\/#organization","name":"Bellunopress","url":"https:\/\/www.bellunopress.it\/","logo":{"@type":"ImageObject","inLanguage":"fr-FR","@id":"https:\/\/www.bellunopress.it\/#\/schema\/logo\/image\/","url":"https:\/\/www.bellunopress.it\/wp-content\/uploads\/2011\/05\/cropped-logo-bellunopress-.jpg","contentUrl":"https:\/\/www.bellunopress.it\/wp-content\/uploads\/2011\/05\/cropped-logo-bellunopress-.jpg","width":512,"height":512,"caption":"Bellunopress"},"image":{"@id":"https:\/\/www.bellunopress.it\/#\/schema\/logo\/image\/"},"sameAs":["https:\/\/www.facebook.com\/profile.php?id=100008943462799","https:\/\/x.com\/bellunopress","https:\/\/www.linkedin.com\/hp\/?dnr=JBzUWaJfMUw8vbXJJ2tVW5-I3jZKvC4wsoxE&amp;amp;amp;amp;amp;amp;trk=nav_responsive_tab_home","https:\/\/www.youtube.com\/channel\/UCxL0wu1uN0_3_7hGG0306cw"]},{"@type":"Person","@id":"https:\/\/www.bellunopress.it\/#\/schema\/person\/79bb06722b37ece1c03d3e94beb30d73","name":"r\u00e9daction","image":{"@type":"ImageObject","inLanguage":"fr-FR","@id":"https:\/\/secure.gravatar.com\/avatar\/37d968a2e67a6fd04c169c4bdef102d0bc5d31b2546345219e348575eb80e9a0?s=96&d=mm&r=g","url":"https:\/\/secure.gravatar.com\/avatar\/37d968a2e67a6fd04c169c4bdef102d0bc5d31b2546345219e348575eb80e9a0?s=96&d=mm&r=g","contentUrl":"https:\/\/secure.gravatar.com\/avatar\/37d968a2e67a6fd04c169c4bdef102d0bc5d31b2546345219e348575eb80e9a0?s=96&d=mm&r=g","caption":"redazione"},"sameAs":["http:\/\/www.bellunopress.it","https:\/\/x.com\/bellunopress"],"url":"https:\/\/www.bellunopress.it\/fr\/author\/redazione\/"}]}},"_links":{"self":[{"href":"https:\/\/www.bellunopress.it\/fr\/wp-json\/wp\/v2\/posts\/2689","targetHints":{"allow":["GET"]}}],"collection":[{"href":"https:\/\/www.bellunopress.it\/fr\/wp-json\/wp\/v2\/posts"}],"about":[{"href":"https:\/\/www.bellunopress.it\/fr\/wp-json\/wp\/v2\/types\/post"}],"author":[{"embeddable":true,"href":"https:\/\/www.bellunopress.it\/fr\/wp-json\/wp\/v2\/users\/2"}],"replies":[{"embeddable":true,"href":"https:\/\/www.bellunopress.it\/fr\/wp-json\/wp\/v2\/comments?post=2689"}],"version-history":[{"count":3,"href":"https:\/\/www.bellunopress.it\/fr\/wp-json\/wp\/v2\/posts\/2689\/revisions"}],"predecessor-version":[{"id":2696,"href":"https:\/\/www.bellunopress.it\/fr\/wp-json\/wp\/v2\/posts\/2689\/revisions\/2696"}],"wp:attachment":[{"href":"https:\/\/www.bellunopress.it\/fr\/wp-json\/wp\/v2\/media?parent=2689"}],"wp:term":[{"taxonomy":"category","embeddable":true,"href":"https:\/\/www.bellunopress.it\/fr\/wp-json\/wp\/v2\/categories?post=2689"},{"taxonomy":"post_tag","embeddable":true,"href":"https:\/\/www.bellunopress.it\/fr\/wp-json\/wp\/v2\/tags?post=2689"}],"curies":[{"name":"wp","href":"https:\/\/api.w.org\/{rel}","templated":true}]}}