{"id":2660,"date":"2009-04-14T19:29:29","date_gmt":"2009-04-14T18:29:29","guid":{"rendered":"http:\/\/www.bellunopress.it\/?p=2660"},"modified":"2009-04-14T19:29:29","modified_gmt":"2009-04-14T18:29:29","slug":"brustolon-buon-afflusso-nella-settimana-di-pasqua-il-picco-a-pasquetta-con-524-visitatori","status":"publish","type":"post","link":"https:\/\/www.bellunopress.it\/fr\/2009\/04\/14\/brustolon-buon-afflusso-nella-settimana-di-pasqua-il-picco-a-pasquetta-con-524-visitatori\/","title":{"rendered":"Brustolon: buon afflusso nella settimana di Pasqua. Il picco a Pasquetta con 524 visitatori"},"content":{"rendered":"<p><a href=\"http:\/\/www.bellunopress.it\/wp-content\/uploads\/2009\/03\/mostra-brustolon-80x82.jpg\"><img loading=\"lazy\" decoding=\"async\" class=\"alignleft size-medium wp-image-1925\" title=\"mostra-brustolon-80x82\" src=\"http:\/\/www.bellunopress.it\/wp-content\/uploads\/2009\/03\/mostra-brustolon-80x82.jpg\" alt=\"\" width=\"80\" height=\"82\" \/><\/a>La settimana di Pasqua ha visto la mostra \u201cAndrea Brustolon\u201d superare i 1500 visitatori, con il picco a Pasquetta di 524 ingressi. Un risultato molto buono, raggiunto grazie alle visite di singoli, coppie, famiglie o piccoli gruppi. Sempre molti i turisti stranieri e di fuori citt\u00e0. Molto frequentato anche il Museo Civico il cui biglietto di ingresso \u00e8 compreso in quello della mostra: ben 800 visitatori nella settimana, ad attestare che vi si reca pi\u00f9 del 50 % di quanti hanno visitato l&#8217;esposizione di Palazzo Crepadona. Il Museo sta facendo anche registrare buoni incassi con la vendita delle cartoline dei disegni di Brustolon e soprattutto con il DVD \u201cIn viaggio con Andrea Brustolon nei luoghi bellunesi del genio del legno\u201d. Il documentario riscuote molto successo anche grazie alle presentazioni che si sono succedute nel territorio e che continuano ad essere riproposte, come quella di gioved\u00ec 17 aprile, alle 18.00, in sala Bianchi, a cura del Circolo culturale bellunese e aperta alla cittadinanza. Anche la chiesa di S.Pietro che custodisce le due pale di Brustolon e parte integrante dell&#8217;itinerario della mostra viene raggiunta e visitata da una buona met\u00e0 di quanti hanno acquistato il biglietto. I commenti sul libro delle firme testimoniano un generale, a volte entusiastico, apprezzamento della mostra e anche della citt\u00e0. Con una punta quasi di stupore che conferma la bont\u00e0 della scommessa fatta su Andrea Brustolon. Nel fine settimana, tra gli appuntamenti collaterali, ricordiamo il concerto per organo di Gustav Leonhart che si terr\u00e0 domenica 19 aprile, alle ore 17.30 nella Chiesa di San Floriano a Pieve di Zoldo.<\/p>","protected":false},"excerpt":{"rendered":"<p>La settimana di Pasqua ha visto la mostra \u201cAndrea Brustolon\u201d superare i 1500 visitatori, con il picco a Pasquetta di 524 ingressi. Un risultato molto buono, raggiunto grazie alle visite di singoli, coppie, famiglie o piccoli gruppi. Sempre molti i turisti stranieri e di fuori citt\u00e0. Molto frequentato anche il Museo Civico il cui biglietto [&hellip;]<\/p>\n","protected":false},"author":2,"featured_media":0,"comment_status":"closed","ping_status":"open","sticky":false,"template":"","format":"standard","meta":{"footnotes":""},"categories":[5,26],"tags":[139,2262],"class_list":["post-2660","post","type-post","status-publish","format-standard","category-cronaca","category-prima-pagina","tag-belluno","tag-zoldo"],"yoast_head":"<!-- This site is optimized with the Yoast SEO plugin v28.4 - https:\/\/yoast.com\/product\/yoast-seo-wordpress\/ -->\n<title>Brustolon: buon afflusso nella settimana di Pasqua. Il picco a Pasquetta con 524 visitatori - Bellunopress - Dolomiti<\/title>\n<meta name=\"robots\" content=\"index, follow, max-snippet:-1, max-image-preview:large, max-video-preview:-1\" \/>\n<link rel=\"canonical\" href=\"https:\/\/www.bellunopress.it\/fr\/2009\/04\/14\/brustolon-buon-afflusso-nella-settimana-di-pasqua-il-picco-a-pasquetta-con-524-visitatori\/\" \/>\n<meta property=\"og:locale\" content=\"fr_FR\" \/>\n<meta property=\"og:type\" content=\"article\" \/>\n<meta property=\"og:title\" content=\"Brustolon: buon afflusso nella settimana di Pasqua. Il picco a Pasquetta con 524 visitatori - Bellunopress - Dolomiti\" \/>\n<meta property=\"og:description\" content=\"La settimana di Pasqua ha visto la mostra \u201cAndrea Brustolon\u201d superare i 1500 visitatori, con il picco a Pasquetta di 524 ingressi. Un risultato molto buono, raggiunto grazie alle visite di singoli, coppie, famiglie o piccoli gruppi. Sempre molti i turisti stranieri e di fuori citt\u00e0. Molto frequentato anche il Museo Civico il cui biglietto [&hellip;]\" \/>\n<meta property=\"og:url\" content=\"https:\/\/www.bellunopress.it\/fr\/2009\/04\/14\/brustolon-buon-afflusso-nella-settimana-di-pasqua-il-picco-a-pasquetta-con-524-visitatori\/\" \/>\n<meta property=\"og:site_name\" content=\"Bellunopress - Dolomiti\" \/>\n<meta property=\"article:publisher\" content=\"https:\/\/www.facebook.com\/profile.php?id=100008943462799\" \/>\n<meta property=\"article:published_time\" content=\"2009-04-14T18:29:29+00:00\" \/>\n<meta property=\"og:image\" content=\"http:\/\/www.bellunopress.it\/wp-content\/uploads\/2009\/03\/mostra-brustolon-80x82.jpg\" \/>\n<meta name=\"author\" content=\"redazione\" \/>\n<meta name=\"twitter:card\" content=\"summary_large_image\" \/>\n<meta name=\"twitter:creator\" content=\"@bellunopress\" \/>\n<meta name=\"twitter:site\" content=\"@bellunopress\" \/>\n<meta name=\"twitter:label1\" content=\"\u00c9crit par\" \/>\n\t<meta name=\"twitter:data1\" content=\"redazione\" \/>\n\t<meta name=\"twitter:label2\" content=\"Dur\u00e9e de lecture estim\u00e9e\" \/>\n\t<meta name=\"twitter:data2\" content=\"1 minute\" \/>\n<script type=\"application\/ld+json\" class=\"yoast-schema-graph\">{\"@context\":\"https:\\\/\\\/schema.org\",\"@graph\":[{\"@type\":\"Article\",\"@id\":\"https:\\\/\\\/www.bellunopress.it\\\/2009\\\/04\\\/14\\\/brustolon-buon-afflusso-nella-settimana-di-pasqua-il-picco-a-pasquetta-con-524-visitatori\\\/#article\",\"isPartOf\":{\"@id\":\"https:\\\/\\\/www.bellunopress.it\\\/2009\\\/04\\\/14\\\/brustolon-buon-afflusso-nella-settimana-di-pasqua-il-picco-a-pasquetta-con-524-visitatori\\\/\"},\"author\":{\"name\":\"redazione\",\"@id\":\"https:\\\/\\\/www.bellunopress.it\\\/#\\\/schema\\\/person\\\/79bb06722b37ece1c03d3e94beb30d73\"},\"headline\":\"Brustolon: buon afflusso nella settimana di Pasqua. Il picco a Pasquetta con 524 visitatori\",\"datePublished\":\"2009-04-14T18:29:29+00:00\",\"mainEntityOfPage\":{\"@id\":\"https:\\\/\\\/www.bellunopress.it\\\/2009\\\/04\\\/14\\\/brustolon-buon-afflusso-nella-settimana-di-pasqua-il-picco-a-pasquetta-con-524-visitatori\\\/\"},\"wordCount\":268,\"publisher\":{\"@id\":\"https:\\\/\\\/www.bellunopress.it\\\/#organization\"},\"image\":{\"@id\":\"https:\\\/\\\/www.bellunopress.it\\\/2009\\\/04\\\/14\\\/brustolon-buon-afflusso-nella-settimana-di-pasqua-il-picco-a-pasquetta-con-524-visitatori\\\/#primaryimage\"},\"thumbnailUrl\":\"http:\\\/\\\/www.bellunopress.it\\\/wp-content\\\/uploads\\\/2009\\\/03\\\/mostra-brustolon-80x82.jpg\",\"keywords\":[\"Belluno\",\"zoldo\"],\"articleSection\":[\"Cronaca\\\/Politica\",\"Prima Pagina\"],\"inLanguage\":\"fr-FR\"},{\"@type\":\"WebPage\",\"@id\":\"https:\\\/\\\/www.bellunopress.it\\\/2009\\\/04\\\/14\\\/brustolon-buon-afflusso-nella-settimana-di-pasqua-il-picco-a-pasquetta-con-524-visitatori\\\/\",\"url\":\"https:\\\/\\\/www.bellunopress.it\\\/2009\\\/04\\\/14\\\/brustolon-buon-afflusso-nella-settimana-di-pasqua-il-picco-a-pasquetta-con-524-visitatori\\\/\",\"name\":\"Brustolon: buon afflusso nella settimana di Pasqua. Il picco a Pasquetta con 524 visitatori - Bellunopress - Dolomiti\",\"isPartOf\":{\"@id\":\"https:\\\/\\\/www.bellunopress.it\\\/#website\"},\"primaryImageOfPage\":{\"@id\":\"https:\\\/\\\/www.bellunopress.it\\\/2009\\\/04\\\/14\\\/brustolon-buon-afflusso-nella-settimana-di-pasqua-il-picco-a-pasquetta-con-524-visitatori\\\/#primaryimage\"},\"image\":{\"@id\":\"https:\\\/\\\/www.bellunopress.it\\\/2009\\\/04\\\/14\\\/brustolon-buon-afflusso-nella-settimana-di-pasqua-il-picco-a-pasquetta-con-524-visitatori\\\/#primaryimage\"},\"thumbnailUrl\":\"http:\\\/\\\/www.bellunopress.it\\\/wp-content\\\/uploads\\\/2009\\\/03\\\/mostra-brustolon-80x82.jpg\",\"datePublished\":\"2009-04-14T18:29:29+00:00\",\"breadcrumb\":{\"@id\":\"https:\\\/\\\/www.bellunopress.it\\\/2009\\\/04\\\/14\\\/brustolon-buon-afflusso-nella-settimana-di-pasqua-il-picco-a-pasquetta-con-524-visitatori\\\/#breadcrumb\"},\"inLanguage\":\"fr-FR\",\"potentialAction\":[{\"@type\":\"ReadAction\",\"target\":[\"https:\\\/\\\/www.bellunopress.it\\\/2009\\\/04\\\/14\\\/brustolon-buon-afflusso-nella-settimana-di-pasqua-il-picco-a-pasquetta-con-524-visitatori\\\/\"]}]},{\"@type\":\"ImageObject\",\"inLanguage\":\"fr-FR\",\"@id\":\"https:\\\/\\\/www.bellunopress.it\\\/2009\\\/04\\\/14\\\/brustolon-buon-afflusso-nella-settimana-di-pasqua-il-picco-a-pasquetta-con-524-visitatori\\\/#primaryimage\",\"url\":\"http:\\\/\\\/www.bellunopress.it\\\/wp-content\\\/uploads\\\/2009\\\/03\\\/mostra-brustolon-80x82.jpg\",\"contentUrl\":\"http:\\\/\\\/www.bellunopress.it\\\/wp-content\\\/uploads\\\/2009\\\/03\\\/mostra-brustolon-80x82.jpg\"},{\"@type\":\"BreadcrumbList\",\"@id\":\"https:\\\/\\\/www.bellunopress.it\\\/2009\\\/04\\\/14\\\/brustolon-buon-afflusso-nella-settimana-di-pasqua-il-picco-a-pasquetta-con-524-visitatori\\\/#breadcrumb\",\"itemListElement\":[{\"@type\":\"ListItem\",\"position\":1,\"name\":\"Home\",\"item\":\"https:\\\/\\\/www.bellunopress.it\\\/\"},{\"@type\":\"ListItem\",\"position\":2,\"name\":\"Brustolon: buon afflusso nella settimana di Pasqua. Il picco a Pasquetta con 524 visitatori\"}]},{\"@type\":\"WebSite\",\"@id\":\"https:\\\/\\\/www.bellunopress.it\\\/#website\",\"url\":\"https:\\\/\\\/www.bellunopress.it\\\/\",\"name\":\"Bellunopress - Dolomiti\",\"description\":\"e-mail: redazione@bellunopress.it\",\"publisher\":{\"@id\":\"https:\\\/\\\/www.bellunopress.it\\\/#organization\"},\"potentialAction\":[{\"@type\":\"SearchAction\",\"target\":{\"@type\":\"EntryPoint\",\"urlTemplate\":\"https:\\\/\\\/www.bellunopress.it\\\/?s={search_term_string}\"},\"query-input\":{\"@type\":\"PropertyValueSpecification\",\"valueRequired\":true,\"valueName\":\"search_term_string\"}}],\"inLanguage\":\"fr-FR\"},{\"@type\":\"Organization\",\"@id\":\"https:\\\/\\\/www.bellunopress.it\\\/#organization\",\"name\":\"Bellunopress\",\"url\":\"https:\\\/\\\/www.bellunopress.it\\\/\",\"logo\":{\"@type\":\"ImageObject\",\"inLanguage\":\"fr-FR\",\"@id\":\"https:\\\/\\\/www.bellunopress.it\\\/#\\\/schema\\\/logo\\\/image\\\/\",\"url\":\"https:\\\/\\\/www.bellunopress.it\\\/wp-content\\\/uploads\\\/2011\\\/05\\\/cropped-logo-bellunopress-.jpg\",\"contentUrl\":\"https:\\\/\\\/www.bellunopress.it\\\/wp-content\\\/uploads\\\/2011\\\/05\\\/cropped-logo-bellunopress-.jpg\",\"width\":512,\"height\":512,\"caption\":\"Bellunopress\"},\"image\":{\"@id\":\"https:\\\/\\\/www.bellunopress.it\\\/#\\\/schema\\\/logo\\\/image\\\/\"},\"sameAs\":[\"https:\\\/\\\/www.facebook.com\\\/profile.php?id=100008943462799\",\"https:\\\/\\\/x.com\\\/bellunopress\",\"https:\\\/\\\/www.linkedin.com\\\/hp\\\/?dnr=JBzUWaJfMUw8vbXJJ2tVW5-I3jZKvC4wsoxE&amp;amp;amp;amp;amp;amp;trk=nav_responsive_tab_home\",\"https:\\\/\\\/www.youtube.com\\\/channel\\\/UCxL0wu1uN0_3_7hGG0306cw\"]},{\"@type\":\"Person\",\"@id\":\"https:\\\/\\\/www.bellunopress.it\\\/#\\\/schema\\\/person\\\/79bb06722b37ece1c03d3e94beb30d73\",\"name\":\"redazione\",\"image\":{\"@type\":\"ImageObject\",\"inLanguage\":\"fr-FR\",\"@id\":\"https:\\\/\\\/secure.gravatar.com\\\/avatar\\\/37d968a2e67a6fd04c169c4bdef102d0bc5d31b2546345219e348575eb80e9a0?s=96&d=mm&r=g\",\"url\":\"https:\\\/\\\/secure.gravatar.com\\\/avatar\\\/37d968a2e67a6fd04c169c4bdef102d0bc5d31b2546345219e348575eb80e9a0?s=96&d=mm&r=g\",\"contentUrl\":\"https:\\\/\\\/secure.gravatar.com\\\/avatar\\\/37d968a2e67a6fd04c169c4bdef102d0bc5d31b2546345219e348575eb80e9a0?s=96&d=mm&r=g\",\"caption\":\"redazione\"},\"sameAs\":[\"http:\\\/\\\/www.bellunopress.it\",\"https:\\\/\\\/x.com\\\/bellunopress\"],\"url\":\"https:\\\/\\\/www.bellunopress.it\\\/fr\\\/author\\\/redazione\\\/\"}]}<\/script>\n<!-- \/ Yoast SEO plugin. -->","yoast_head_json":{"title":"Brustolon: buon afflusso nella settimana di Pasqua. Il picco a Pasquetta con 524 visitatori - Bellunopress - Dolomiti","robots":{"index":"index","follow":"follow","max-snippet":"max-snippet:-1","max-image-preview":"max-image-preview:large","max-video-preview":"max-video-preview:-1"},"canonical":"https:\/\/www.bellunopress.it\/fr\/2009\/04\/14\/brustolon-buon-afflusso-nella-settimana-di-pasqua-il-picco-a-pasquetta-con-524-visitatori\/","og_locale":"fr_FR","og_type":"article","og_title":"Brustolon: buon afflusso nella settimana di Pasqua. Il picco a Pasquetta con 524 visitatori - Bellunopress - Dolomiti","og_description":"La settimana di Pasqua ha visto la mostra \u201cAndrea Brustolon\u201d superare i 1500 visitatori, con il picco a Pasquetta di 524 ingressi. Un risultato molto buono, raggiunto grazie alle visite di singoli, coppie, famiglie o piccoli gruppi. Sempre molti i turisti stranieri e di fuori citt\u00e0. Molto frequentato anche il Museo Civico il cui biglietto [&hellip;]","og_url":"https:\/\/www.bellunopress.it\/fr\/2009\/04\/14\/brustolon-buon-afflusso-nella-settimana-di-pasqua-il-picco-a-pasquetta-con-524-visitatori\/","og_site_name":"Bellunopress - Dolomiti","article_publisher":"https:\/\/www.facebook.com\/profile.php?id=100008943462799","article_published_time":"2009-04-14T18:29:29+00:00","og_image":[{"url":"http:\/\/www.bellunopress.it\/wp-content\/uploads\/2009\/03\/mostra-brustolon-80x82.jpg","type":"","width":"","height":""}],"author":"redazione","twitter_card":"summary_large_image","twitter_creator":"@bellunopress","twitter_site":"@bellunopress","twitter_misc":{"\u00c9crit par":"redazione","Dur\u00e9e de lecture estim\u00e9e":"1 minute"},"schema":{"@context":"https:\/\/schema.org","@graph":[{"@type":"Article","@id":"https:\/\/www.bellunopress.it\/2009\/04\/14\/brustolon-buon-afflusso-nella-settimana-di-pasqua-il-picco-a-pasquetta-con-524-visitatori\/#article","isPartOf":{"@id":"https:\/\/www.bellunopress.it\/2009\/04\/14\/brustolon-buon-afflusso-nella-settimana-di-pasqua-il-picco-a-pasquetta-con-524-visitatori\/"},"author":{"name":"redazione","@id":"https:\/\/www.bellunopress.it\/#\/schema\/person\/79bb06722b37ece1c03d3e94beb30d73"},"headline":"Brustolon: buon afflusso nella settimana di Pasqua. Il picco a Pasquetta con 524 visitatori","datePublished":"2009-04-14T18:29:29+00:00","mainEntityOfPage":{"@id":"https:\/\/www.bellunopress.it\/2009\/04\/14\/brustolon-buon-afflusso-nella-settimana-di-pasqua-il-picco-a-pasquetta-con-524-visitatori\/"},"wordCount":268,"publisher":{"@id":"https:\/\/www.bellunopress.it\/#organization"},"image":{"@id":"https:\/\/www.bellunopress.it\/2009\/04\/14\/brustolon-buon-afflusso-nella-settimana-di-pasqua-il-picco-a-pasquetta-con-524-visitatori\/#primaryimage"},"thumbnailUrl":"http:\/\/www.bellunopress.it\/wp-content\/uploads\/2009\/03\/mostra-brustolon-80x82.jpg","keywords":["Belluno","zoldo"],"articleSection":["Cronaca\/Politica","Prima Pagina"],"inLanguage":"fr-FR"},{"@type":"WebPage","@id":"https:\/\/www.bellunopress.it\/2009\/04\/14\/brustolon-buon-afflusso-nella-settimana-di-pasqua-il-picco-a-pasquetta-con-524-visitatori\/","url":"https:\/\/www.bellunopress.it\/2009\/04\/14\/brustolon-buon-afflusso-nella-settimana-di-pasqua-il-picco-a-pasquetta-con-524-visitatori\/","name":"Brustolon: buon afflusso nella settimana di Pasqua. Il picco a Pasquetta con 524 visitatori - Bellunopress - Dolomiti","isPartOf":{"@id":"https:\/\/www.bellunopress.it\/#website"},"primaryImageOfPage":{"@id":"https:\/\/www.bellunopress.it\/2009\/04\/14\/brustolon-buon-afflusso-nella-settimana-di-pasqua-il-picco-a-pasquetta-con-524-visitatori\/#primaryimage"},"image":{"@id":"https:\/\/www.bellunopress.it\/2009\/04\/14\/brustolon-buon-afflusso-nella-settimana-di-pasqua-il-picco-a-pasquetta-con-524-visitatori\/#primaryimage"},"thumbnailUrl":"http:\/\/www.bellunopress.it\/wp-content\/uploads\/2009\/03\/mostra-brustolon-80x82.jpg","datePublished":"2009-04-14T18:29:29+00:00","breadcrumb":{"@id":"https:\/\/www.bellunopress.it\/2009\/04\/14\/brustolon-buon-afflusso-nella-settimana-di-pasqua-il-picco-a-pasquetta-con-524-visitatori\/#breadcrumb"},"inLanguage":"fr-FR","potentialAction":[{"@type":"ReadAction","target":["https:\/\/www.bellunopress.it\/2009\/04\/14\/brustolon-buon-afflusso-nella-settimana-di-pasqua-il-picco-a-pasquetta-con-524-visitatori\/"]}]},{"@type":"ImageObject","inLanguage":"fr-FR","@id":"https:\/\/www.bellunopress.it\/2009\/04\/14\/brustolon-buon-afflusso-nella-settimana-di-pasqua-il-picco-a-pasquetta-con-524-visitatori\/#primaryimage","url":"http:\/\/www.bellunopress.it\/wp-content\/uploads\/2009\/03\/mostra-brustolon-80x82.jpg","contentUrl":"http:\/\/www.bellunopress.it\/wp-content\/uploads\/2009\/03\/mostra-brustolon-80x82.jpg"},{"@type":"BreadcrumbList","@id":"https:\/\/www.bellunopress.it\/2009\/04\/14\/brustolon-buon-afflusso-nella-settimana-di-pasqua-il-picco-a-pasquetta-con-524-visitatori\/#breadcrumb","itemListElement":[{"@type":"ListItem","position":1,"name":"Home","item":"https:\/\/www.bellunopress.it\/"},{"@type":"ListItem","position":2,"name":"Brustolon: buon afflusso nella settimana di Pasqua. Il picco a Pasquetta con 524 visitatori"}]},{"@type":"WebSite","@id":"https:\/\/www.bellunopress.it\/#website","url":"https:\/\/www.bellunopress.it\/","name":"Bellunopress - Dolomiti","description":"e-mail: redazione@bellunopress.it","publisher":{"@id":"https:\/\/www.bellunopress.it\/#organization"},"potentialAction":[{"@type":"SearchAction","target":{"@type":"EntryPoint","urlTemplate":"https:\/\/www.bellunopress.it\/?s={search_term_string}"},"query-input":{"@type":"PropertyValueSpecification","valueRequired":true,"valueName":"search_term_string"}}],"inLanguage":"fr-FR"},{"@type":"Organization","@id":"https:\/\/www.bellunopress.it\/#organization","name":"Bellunopress","url":"https:\/\/www.bellunopress.it\/","logo":{"@type":"ImageObject","inLanguage":"fr-FR","@id":"https:\/\/www.bellunopress.it\/#\/schema\/logo\/image\/","url":"https:\/\/www.bellunopress.it\/wp-content\/uploads\/2011\/05\/cropped-logo-bellunopress-.jpg","contentUrl":"https:\/\/www.bellunopress.it\/wp-content\/uploads\/2011\/05\/cropped-logo-bellunopress-.jpg","width":512,"height":512,"caption":"Bellunopress"},"image":{"@id":"https:\/\/www.bellunopress.it\/#\/schema\/logo\/image\/"},"sameAs":["https:\/\/www.facebook.com\/profile.php?id=100008943462799","https:\/\/x.com\/bellunopress","https:\/\/www.linkedin.com\/hp\/?dnr=JBzUWaJfMUw8vbXJJ2tVW5-I3jZKvC4wsoxE&amp;amp;amp;amp;amp;amp;trk=nav_responsive_tab_home","https:\/\/www.youtube.com\/channel\/UCxL0wu1uN0_3_7hGG0306cw"]},{"@type":"Person","@id":"https:\/\/www.bellunopress.it\/#\/schema\/person\/79bb06722b37ece1c03d3e94beb30d73","name":"r\u00e9daction","image":{"@type":"ImageObject","inLanguage":"fr-FR","@id":"https:\/\/secure.gravatar.com\/avatar\/37d968a2e67a6fd04c169c4bdef102d0bc5d31b2546345219e348575eb80e9a0?s=96&d=mm&r=g","url":"https:\/\/secure.gravatar.com\/avatar\/37d968a2e67a6fd04c169c4bdef102d0bc5d31b2546345219e348575eb80e9a0?s=96&d=mm&r=g","contentUrl":"https:\/\/secure.gravatar.com\/avatar\/37d968a2e67a6fd04c169c4bdef102d0bc5d31b2546345219e348575eb80e9a0?s=96&d=mm&r=g","caption":"redazione"},"sameAs":["http:\/\/www.bellunopress.it","https:\/\/x.com\/bellunopress"],"url":"https:\/\/www.bellunopress.it\/fr\/author\/redazione\/"}]}},"_links":{"self":[{"href":"https:\/\/www.bellunopress.it\/fr\/wp-json\/wp\/v2\/posts\/2660","targetHints":{"allow":["GET"]}}],"collection":[{"href":"https:\/\/www.bellunopress.it\/fr\/wp-json\/wp\/v2\/posts"}],"about":[{"href":"https:\/\/www.bellunopress.it\/fr\/wp-json\/wp\/v2\/types\/post"}],"author":[{"embeddable":true,"href":"https:\/\/www.bellunopress.it\/fr\/wp-json\/wp\/v2\/users\/2"}],"replies":[{"embeddable":true,"href":"https:\/\/www.bellunopress.it\/fr\/wp-json\/wp\/v2\/comments?post=2660"}],"version-history":[{"count":1,"href":"https:\/\/www.bellunopress.it\/fr\/wp-json\/wp\/v2\/posts\/2660\/revisions"}],"predecessor-version":[{"id":2661,"href":"https:\/\/www.bellunopress.it\/fr\/wp-json\/wp\/v2\/posts\/2660\/revisions\/2661"}],"wp:attachment":[{"href":"https:\/\/www.bellunopress.it\/fr\/wp-json\/wp\/v2\/media?parent=2660"}],"wp:term":[{"taxonomy":"category","embeddable":true,"href":"https:\/\/www.bellunopress.it\/fr\/wp-json\/wp\/v2\/categories?post=2660"},{"taxonomy":"post_tag","embeddable":true,"href":"https:\/\/www.bellunopress.it\/fr\/wp-json\/wp\/v2\/tags?post=2660"}],"curies":[{"name":"wp","href":"https:\/\/api.w.org\/{rel}","templated":true}]}}