{"id":2642,"date":"2009-04-14T11:56:45","date_gmt":"2009-04-14T10:56:45","guid":{"rendered":"http:\/\/www.bellunopress.it\/?p=2642"},"modified":"2009-04-14T11:56:45","modified_gmt":"2009-04-14T10:56:45","slug":"i-leghisti-bellunesi-incapaci-di-esprimere-il-nome-di-un-loro-candidato-si-attende-per-oggi-lordine-da-milano","status":"publish","type":"post","link":"https:\/\/www.bellunopress.it\/fr\/2009\/04\/14\/i-leghisti-bellunesi-incapaci-di-esprimere-il-nome-di-un-loro-candidato-si-attende-per-oggi-lordine-da-milano\/","title":{"rendered":"I leghisti bellunesi incapaci di esprimere il nome di un loro candidato: si attende per oggi l&#8217;ordine da Milano"},"content":{"rendered":"<p><a href=\"http:\/\/www.bellunopress.it\/wp-content\/uploads\/2009\/03\/palazzo-piloni-sede-provincia.jpg\"><img loading=\"lazy\" decoding=\"async\" class=\"alignleft size-medium wp-image-1866\" title=\"palazzo-piloni-sede-provincia\" src=\"http:\/\/www.bellunopress.it\/wp-content\/uploads\/2009\/03\/palazzo-piloni-sede-provincia.jpg\" alt=\"\" width=\"270\" height=\"180\" \/><\/a>Dopo la rinuncia di Bottacin, la Lega Nord\u00a0 bellunese sembra incapace di esprimere autonomamente un suo candidato da opporre a Sergio Reolon nella corsa per la Provincia. E dunque saranno gli stati maggiori a Milano, nella riunione prevista oggi pomeriggio, a impartire nero su bianco il nome del candidato a presidente della Provincia che si presenter\u00e0 per la coalizione del centrodestra. Non \u00e8 una gran bella figura quella che sta facendo il direttivo provinciale della Lega, soprattutto nei confronti del popolo dei leghisti in attesa del loro leader da acclamare. Perch\u00e9 ora, a due mesi dalle elezioni, \u00e8 maledettamente tardi trovare un nome nuovo. E quindi il candidato non potr\u00e0 che essere uno della rosa gi\u00e0 annunciata da mesi: Franco Gidoni, Ivano Faoro, Nunzio Gorza, oppure un ripescato Matteo Toscani, leghista fuoriuscito con il Pab e poi rientrato. Oppure il segretario provinciale Gianvittore Vaccari, come suggerisce oggi sulla stampa Floriano Pr\u00e0 (che nel 2004 perse con Reolon perch\u00e9 l&#8217;elettorato della Lega non lo vot\u00f2 bench\u00e9 l&#8217;accordo Lega-FI lo prevedesse). Oppure lo stesso Bottacin questa volta precettato dal partito. L&#8217;alternativa per la Lega, sarebbe solo quella di dover dire al proprio elettorato &#8220;Scusate, ci siamo sbagliati, non abbiamo il candidato&#8221;. E doverselo andare a cercare fuori dalla Lega. E allora, figuraccia a parte, potrebbe ritornare utile Oscar De Bona o Paolo Gamba. Ma in questo caso non \u00e8 detto che tutti i voti leghisti confluirebbero nel candidato &#8220;esterno&#8221;.<\/p>","protected":false},"excerpt":{"rendered":"<p>Dopo la rinuncia di Bottacin, la Lega Nord\u00a0 bellunese sembra incapace di esprimere autonomamente un suo candidato da opporre a Sergio Reolon nella corsa per la Provincia. E dunque saranno gli stati maggiori a Milano, nella riunione prevista oggi pomeriggio, a impartire nero su bianco il nome del candidato a presidente della Provincia che si [&hellip;]<\/p>\n","protected":false},"author":2,"featured_media":0,"comment_status":"closed","ping_status":"open","sticky":false,"template":"","format":"standard","meta":{"footnotes":""},"categories":[5],"tags":[139],"class_list":["post-2642","post","type-post","status-publish","format-standard","category-cronaca","tag-belluno"],"yoast_head":"<!-- This site is optimized with the Yoast SEO plugin v28.4 - https:\/\/yoast.com\/product\/yoast-seo-wordpress\/ -->\n<title>I leghisti bellunesi incapaci di esprimere il nome di un loro candidato: si attende per oggi l&#039;ordine da Milano - Bellunopress - Dolomiti<\/title>\n<meta name=\"robots\" content=\"index, follow, max-snippet:-1, max-image-preview:large, max-video-preview:-1\" \/>\n<link rel=\"canonical\" href=\"https:\/\/www.bellunopress.it\/fr\/2009\/04\/14\/i-leghisti-bellunesi-incapaci-di-esprimere-il-nome-di-un-loro-candidato-si-attende-per-oggi-lordine-da-milano\/\" \/>\n<meta property=\"og:locale\" content=\"fr_FR\" \/>\n<meta property=\"og:type\" content=\"article\" \/>\n<meta property=\"og:title\" content=\"I leghisti bellunesi incapaci di esprimere il nome di un loro candidato: si attende per oggi l&#039;ordine da Milano - Bellunopress - Dolomiti\" \/>\n<meta property=\"og:description\" content=\"Dopo la rinuncia di Bottacin, la Lega Nord\u00a0 bellunese sembra incapace di esprimere autonomamente un suo candidato da opporre a Sergio Reolon nella corsa per la Provincia. E dunque saranno gli stati maggiori a Milano, nella riunione prevista oggi pomeriggio, a impartire nero su bianco il nome del candidato a presidente della Provincia che si [&hellip;]\" \/>\n<meta property=\"og:url\" content=\"https:\/\/www.bellunopress.it\/fr\/2009\/04\/14\/i-leghisti-bellunesi-incapaci-di-esprimere-il-nome-di-un-loro-candidato-si-attende-per-oggi-lordine-da-milano\/\" \/>\n<meta property=\"og:site_name\" content=\"Bellunopress - Dolomiti\" \/>\n<meta property=\"article:publisher\" content=\"https:\/\/www.facebook.com\/profile.php?id=100008943462799\" \/>\n<meta property=\"article:published_time\" content=\"2009-04-14T10:56:45+00:00\" \/>\n<meta property=\"og:image\" content=\"http:\/\/www.bellunopress.it\/wp-content\/uploads\/2009\/03\/palazzo-piloni-sede-provincia.jpg\" \/>\n<meta name=\"author\" content=\"redazione\" \/>\n<meta name=\"twitter:card\" content=\"summary_large_image\" \/>\n<meta name=\"twitter:creator\" content=\"@bellunopress\" \/>\n<meta name=\"twitter:site\" content=\"@bellunopress\" \/>\n<meta name=\"twitter:label1\" content=\"\u00c9crit par\" \/>\n\t<meta name=\"twitter:data1\" content=\"redazione\" \/>\n\t<meta name=\"twitter:label2\" content=\"Dur\u00e9e de lecture estim\u00e9e\" \/>\n\t<meta name=\"twitter:data2\" content=\"1 minute\" \/>\n<script type=\"application\/ld+json\" class=\"yoast-schema-graph\">{\"@context\":\"https:\\\/\\\/schema.org\",\"@graph\":[{\"@type\":\"Article\",\"@id\":\"https:\\\/\\\/www.bellunopress.it\\\/2009\\\/04\\\/14\\\/i-leghisti-bellunesi-incapaci-di-esprimere-il-nome-di-un-loro-candidato-si-attende-per-oggi-lordine-da-milano\\\/#article\",\"isPartOf\":{\"@id\":\"https:\\\/\\\/www.bellunopress.it\\\/2009\\\/04\\\/14\\\/i-leghisti-bellunesi-incapaci-di-esprimere-il-nome-di-un-loro-candidato-si-attende-per-oggi-lordine-da-milano\\\/\"},\"author\":{\"name\":\"redazione\",\"@id\":\"https:\\\/\\\/www.bellunopress.it\\\/#\\\/schema\\\/person\\\/79bb06722b37ece1c03d3e94beb30d73\"},\"headline\":\"I leghisti bellunesi incapaci di esprimere il nome di un loro candidato: si attende per oggi l&#8217;ordine da Milano\",\"datePublished\":\"2009-04-14T10:56:45+00:00\",\"mainEntityOfPage\":{\"@id\":\"https:\\\/\\\/www.bellunopress.it\\\/2009\\\/04\\\/14\\\/i-leghisti-bellunesi-incapaci-di-esprimere-il-nome-di-un-loro-candidato-si-attende-per-oggi-lordine-da-milano\\\/\"},\"wordCount\":256,\"publisher\":{\"@id\":\"https:\\\/\\\/www.bellunopress.it\\\/#organization\"},\"image\":{\"@id\":\"https:\\\/\\\/www.bellunopress.it\\\/2009\\\/04\\\/14\\\/i-leghisti-bellunesi-incapaci-di-esprimere-il-nome-di-un-loro-candidato-si-attende-per-oggi-lordine-da-milano\\\/#primaryimage\"},\"thumbnailUrl\":\"http:\\\/\\\/www.bellunopress.it\\\/wp-content\\\/uploads\\\/2009\\\/03\\\/palazzo-piloni-sede-provincia.jpg\",\"keywords\":[\"Belluno\"],\"articleSection\":[\"Cronaca\\\/Politica\"],\"inLanguage\":\"fr-FR\"},{\"@type\":\"WebPage\",\"@id\":\"https:\\\/\\\/www.bellunopress.it\\\/2009\\\/04\\\/14\\\/i-leghisti-bellunesi-incapaci-di-esprimere-il-nome-di-un-loro-candidato-si-attende-per-oggi-lordine-da-milano\\\/\",\"url\":\"https:\\\/\\\/www.bellunopress.it\\\/2009\\\/04\\\/14\\\/i-leghisti-bellunesi-incapaci-di-esprimere-il-nome-di-un-loro-candidato-si-attende-per-oggi-lordine-da-milano\\\/\",\"name\":\"I leghisti bellunesi incapaci di esprimere il nome di un loro candidato: si attende per oggi l'ordine da Milano - Bellunopress - Dolomiti\",\"isPartOf\":{\"@id\":\"https:\\\/\\\/www.bellunopress.it\\\/#website\"},\"primaryImageOfPage\":{\"@id\":\"https:\\\/\\\/www.bellunopress.it\\\/2009\\\/04\\\/14\\\/i-leghisti-bellunesi-incapaci-di-esprimere-il-nome-di-un-loro-candidato-si-attende-per-oggi-lordine-da-milano\\\/#primaryimage\"},\"image\":{\"@id\":\"https:\\\/\\\/www.bellunopress.it\\\/2009\\\/04\\\/14\\\/i-leghisti-bellunesi-incapaci-di-esprimere-il-nome-di-un-loro-candidato-si-attende-per-oggi-lordine-da-milano\\\/#primaryimage\"},\"thumbnailUrl\":\"http:\\\/\\\/www.bellunopress.it\\\/wp-content\\\/uploads\\\/2009\\\/03\\\/palazzo-piloni-sede-provincia.jpg\",\"datePublished\":\"2009-04-14T10:56:45+00:00\",\"breadcrumb\":{\"@id\":\"https:\\\/\\\/www.bellunopress.it\\\/2009\\\/04\\\/14\\\/i-leghisti-bellunesi-incapaci-di-esprimere-il-nome-di-un-loro-candidato-si-attende-per-oggi-lordine-da-milano\\\/#breadcrumb\"},\"inLanguage\":\"fr-FR\",\"potentialAction\":[{\"@type\":\"ReadAction\",\"target\":[\"https:\\\/\\\/www.bellunopress.it\\\/2009\\\/04\\\/14\\\/i-leghisti-bellunesi-incapaci-di-esprimere-il-nome-di-un-loro-candidato-si-attende-per-oggi-lordine-da-milano\\\/\"]}]},{\"@type\":\"ImageObject\",\"inLanguage\":\"fr-FR\",\"@id\":\"https:\\\/\\\/www.bellunopress.it\\\/2009\\\/04\\\/14\\\/i-leghisti-bellunesi-incapaci-di-esprimere-il-nome-di-un-loro-candidato-si-attende-per-oggi-lordine-da-milano\\\/#primaryimage\",\"url\":\"http:\\\/\\\/www.bellunopress.it\\\/wp-content\\\/uploads\\\/2009\\\/03\\\/palazzo-piloni-sede-provincia.jpg\",\"contentUrl\":\"http:\\\/\\\/www.bellunopress.it\\\/wp-content\\\/uploads\\\/2009\\\/03\\\/palazzo-piloni-sede-provincia.jpg\"},{\"@type\":\"BreadcrumbList\",\"@id\":\"https:\\\/\\\/www.bellunopress.it\\\/2009\\\/04\\\/14\\\/i-leghisti-bellunesi-incapaci-di-esprimere-il-nome-di-un-loro-candidato-si-attende-per-oggi-lordine-da-milano\\\/#breadcrumb\",\"itemListElement\":[{\"@type\":\"ListItem\",\"position\":1,\"name\":\"Home\",\"item\":\"https:\\\/\\\/www.bellunopress.it\\\/\"},{\"@type\":\"ListItem\",\"position\":2,\"name\":\"I leghisti bellunesi incapaci di esprimere il nome di un loro candidato: si attende per oggi l&#8217;ordine da Milano\"}]},{\"@type\":\"WebSite\",\"@id\":\"https:\\\/\\\/www.bellunopress.it\\\/#website\",\"url\":\"https:\\\/\\\/www.bellunopress.it\\\/\",\"name\":\"Bellunopress - Dolomiti\",\"description\":\"e-mail: redazione@bellunopress.it\",\"publisher\":{\"@id\":\"https:\\\/\\\/www.bellunopress.it\\\/#organization\"},\"potentialAction\":[{\"@type\":\"SearchAction\",\"target\":{\"@type\":\"EntryPoint\",\"urlTemplate\":\"https:\\\/\\\/www.bellunopress.it\\\/?s={search_term_string}\"},\"query-input\":{\"@type\":\"PropertyValueSpecification\",\"valueRequired\":true,\"valueName\":\"search_term_string\"}}],\"inLanguage\":\"fr-FR\"},{\"@type\":\"Organization\",\"@id\":\"https:\\\/\\\/www.bellunopress.it\\\/#organization\",\"name\":\"Bellunopress\",\"url\":\"https:\\\/\\\/www.bellunopress.it\\\/\",\"logo\":{\"@type\":\"ImageObject\",\"inLanguage\":\"fr-FR\",\"@id\":\"https:\\\/\\\/www.bellunopress.it\\\/#\\\/schema\\\/logo\\\/image\\\/\",\"url\":\"https:\\\/\\\/www.bellunopress.it\\\/wp-content\\\/uploads\\\/2011\\\/05\\\/cropped-logo-bellunopress-.jpg\",\"contentUrl\":\"https:\\\/\\\/www.bellunopress.it\\\/wp-content\\\/uploads\\\/2011\\\/05\\\/cropped-logo-bellunopress-.jpg\",\"width\":512,\"height\":512,\"caption\":\"Bellunopress\"},\"image\":{\"@id\":\"https:\\\/\\\/www.bellunopress.it\\\/#\\\/schema\\\/logo\\\/image\\\/\"},\"sameAs\":[\"https:\\\/\\\/www.facebook.com\\\/profile.php?id=100008943462799\",\"https:\\\/\\\/x.com\\\/bellunopress\",\"https:\\\/\\\/www.linkedin.com\\\/hp\\\/?dnr=JBzUWaJfMUw8vbXJJ2tVW5-I3jZKvC4wsoxE&amp;amp;amp;amp;amp;amp;trk=nav_responsive_tab_home\",\"https:\\\/\\\/www.youtube.com\\\/channel\\\/UCxL0wu1uN0_3_7hGG0306cw\"]},{\"@type\":\"Person\",\"@id\":\"https:\\\/\\\/www.bellunopress.it\\\/#\\\/schema\\\/person\\\/79bb06722b37ece1c03d3e94beb30d73\",\"name\":\"redazione\",\"image\":{\"@type\":\"ImageObject\",\"inLanguage\":\"fr-FR\",\"@id\":\"https:\\\/\\\/secure.gravatar.com\\\/avatar\\\/37d968a2e67a6fd04c169c4bdef102d0bc5d31b2546345219e348575eb80e9a0?s=96&d=mm&r=g\",\"url\":\"https:\\\/\\\/secure.gravatar.com\\\/avatar\\\/37d968a2e67a6fd04c169c4bdef102d0bc5d31b2546345219e348575eb80e9a0?s=96&d=mm&r=g\",\"contentUrl\":\"https:\\\/\\\/secure.gravatar.com\\\/avatar\\\/37d968a2e67a6fd04c169c4bdef102d0bc5d31b2546345219e348575eb80e9a0?s=96&d=mm&r=g\",\"caption\":\"redazione\"},\"sameAs\":[\"http:\\\/\\\/www.bellunopress.it\",\"https:\\\/\\\/x.com\\\/bellunopress\"],\"url\":\"https:\\\/\\\/www.bellunopress.it\\\/fr\\\/author\\\/redazione\\\/\"}]}<\/script>\n<!-- \/ Yoast SEO plugin. -->","yoast_head_json":{"title":"I leghisti bellunesi incapaci di esprimere il nome di un loro candidato: si attende per oggi l'ordine da Milano - Bellunopress - Dolomiti","robots":{"index":"index","follow":"follow","max-snippet":"max-snippet:-1","max-image-preview":"max-image-preview:large","max-video-preview":"max-video-preview:-1"},"canonical":"https:\/\/www.bellunopress.it\/fr\/2009\/04\/14\/i-leghisti-bellunesi-incapaci-di-esprimere-il-nome-di-un-loro-candidato-si-attende-per-oggi-lordine-da-milano\/","og_locale":"fr_FR","og_type":"article","og_title":"I leghisti bellunesi incapaci di esprimere il nome di un loro candidato: si attende per oggi l'ordine da Milano - Bellunopress - Dolomiti","og_description":"Dopo la rinuncia di Bottacin, la Lega Nord\u00a0 bellunese sembra incapace di esprimere autonomamente un suo candidato da opporre a Sergio Reolon nella corsa per la Provincia. E dunque saranno gli stati maggiori a Milano, nella riunione prevista oggi pomeriggio, a impartire nero su bianco il nome del candidato a presidente della Provincia che si [&hellip;]","og_url":"https:\/\/www.bellunopress.it\/fr\/2009\/04\/14\/i-leghisti-bellunesi-incapaci-di-esprimere-il-nome-di-un-loro-candidato-si-attende-per-oggi-lordine-da-milano\/","og_site_name":"Bellunopress - Dolomiti","article_publisher":"https:\/\/www.facebook.com\/profile.php?id=100008943462799","article_published_time":"2009-04-14T10:56:45+00:00","og_image":[{"url":"http:\/\/www.bellunopress.it\/wp-content\/uploads\/2009\/03\/palazzo-piloni-sede-provincia.jpg","type":"","width":"","height":""}],"author":"redazione","twitter_card":"summary_large_image","twitter_creator":"@bellunopress","twitter_site":"@bellunopress","twitter_misc":{"\u00c9crit par":"redazione","Dur\u00e9e de lecture estim\u00e9e":"1 minute"},"schema":{"@context":"https:\/\/schema.org","@graph":[{"@type":"Article","@id":"https:\/\/www.bellunopress.it\/2009\/04\/14\/i-leghisti-bellunesi-incapaci-di-esprimere-il-nome-di-un-loro-candidato-si-attende-per-oggi-lordine-da-milano\/#article","isPartOf":{"@id":"https:\/\/www.bellunopress.it\/2009\/04\/14\/i-leghisti-bellunesi-incapaci-di-esprimere-il-nome-di-un-loro-candidato-si-attende-per-oggi-lordine-da-milano\/"},"author":{"name":"redazione","@id":"https:\/\/www.bellunopress.it\/#\/schema\/person\/79bb06722b37ece1c03d3e94beb30d73"},"headline":"I leghisti bellunesi incapaci di esprimere il nome di un loro candidato: si attende per oggi l&#8217;ordine da Milano","datePublished":"2009-04-14T10:56:45+00:00","mainEntityOfPage":{"@id":"https:\/\/www.bellunopress.it\/2009\/04\/14\/i-leghisti-bellunesi-incapaci-di-esprimere-il-nome-di-un-loro-candidato-si-attende-per-oggi-lordine-da-milano\/"},"wordCount":256,"publisher":{"@id":"https:\/\/www.bellunopress.it\/#organization"},"image":{"@id":"https:\/\/www.bellunopress.it\/2009\/04\/14\/i-leghisti-bellunesi-incapaci-di-esprimere-il-nome-di-un-loro-candidato-si-attende-per-oggi-lordine-da-milano\/#primaryimage"},"thumbnailUrl":"http:\/\/www.bellunopress.it\/wp-content\/uploads\/2009\/03\/palazzo-piloni-sede-provincia.jpg","keywords":["Belluno"],"articleSection":["Cronaca\/Politica"],"inLanguage":"fr-FR"},{"@type":"WebPage","@id":"https:\/\/www.bellunopress.it\/2009\/04\/14\/i-leghisti-bellunesi-incapaci-di-esprimere-il-nome-di-un-loro-candidato-si-attende-per-oggi-lordine-da-milano\/","url":"https:\/\/www.bellunopress.it\/2009\/04\/14\/i-leghisti-bellunesi-incapaci-di-esprimere-il-nome-di-un-loro-candidato-si-attende-per-oggi-lordine-da-milano\/","name":"I leghisti bellunesi incapaci di esprimere il nome di un loro candidato: si attende per oggi l'ordine da Milano - Bellunopress - Dolomiti","isPartOf":{"@id":"https:\/\/www.bellunopress.it\/#website"},"primaryImageOfPage":{"@id":"https:\/\/www.bellunopress.it\/2009\/04\/14\/i-leghisti-bellunesi-incapaci-di-esprimere-il-nome-di-un-loro-candidato-si-attende-per-oggi-lordine-da-milano\/#primaryimage"},"image":{"@id":"https:\/\/www.bellunopress.it\/2009\/04\/14\/i-leghisti-bellunesi-incapaci-di-esprimere-il-nome-di-un-loro-candidato-si-attende-per-oggi-lordine-da-milano\/#primaryimage"},"thumbnailUrl":"http:\/\/www.bellunopress.it\/wp-content\/uploads\/2009\/03\/palazzo-piloni-sede-provincia.jpg","datePublished":"2009-04-14T10:56:45+00:00","breadcrumb":{"@id":"https:\/\/www.bellunopress.it\/2009\/04\/14\/i-leghisti-bellunesi-incapaci-di-esprimere-il-nome-di-un-loro-candidato-si-attende-per-oggi-lordine-da-milano\/#breadcrumb"},"inLanguage":"fr-FR","potentialAction":[{"@type":"ReadAction","target":["https:\/\/www.bellunopress.it\/2009\/04\/14\/i-leghisti-bellunesi-incapaci-di-esprimere-il-nome-di-un-loro-candidato-si-attende-per-oggi-lordine-da-milano\/"]}]},{"@type":"ImageObject","inLanguage":"fr-FR","@id":"https:\/\/www.bellunopress.it\/2009\/04\/14\/i-leghisti-bellunesi-incapaci-di-esprimere-il-nome-di-un-loro-candidato-si-attende-per-oggi-lordine-da-milano\/#primaryimage","url":"http:\/\/www.bellunopress.it\/wp-content\/uploads\/2009\/03\/palazzo-piloni-sede-provincia.jpg","contentUrl":"http:\/\/www.bellunopress.it\/wp-content\/uploads\/2009\/03\/palazzo-piloni-sede-provincia.jpg"},{"@type":"BreadcrumbList","@id":"https:\/\/www.bellunopress.it\/2009\/04\/14\/i-leghisti-bellunesi-incapaci-di-esprimere-il-nome-di-un-loro-candidato-si-attende-per-oggi-lordine-da-milano\/#breadcrumb","itemListElement":[{"@type":"ListItem","position":1,"name":"Home","item":"https:\/\/www.bellunopress.it\/"},{"@type":"ListItem","position":2,"name":"I leghisti bellunesi incapaci di esprimere il nome di un loro candidato: si attende per oggi l&#8217;ordine da Milano"}]},{"@type":"WebSite","@id":"https:\/\/www.bellunopress.it\/#website","url":"https:\/\/www.bellunopress.it\/","name":"Bellunopress - Dolomiti","description":"e-mail: redazione@bellunopress.it","publisher":{"@id":"https:\/\/www.bellunopress.it\/#organization"},"potentialAction":[{"@type":"SearchAction","target":{"@type":"EntryPoint","urlTemplate":"https:\/\/www.bellunopress.it\/?s={search_term_string}"},"query-input":{"@type":"PropertyValueSpecification","valueRequired":true,"valueName":"search_term_string"}}],"inLanguage":"fr-FR"},{"@type":"Organization","@id":"https:\/\/www.bellunopress.it\/#organization","name":"Bellunopress","url":"https:\/\/www.bellunopress.it\/","logo":{"@type":"ImageObject","inLanguage":"fr-FR","@id":"https:\/\/www.bellunopress.it\/#\/schema\/logo\/image\/","url":"https:\/\/www.bellunopress.it\/wp-content\/uploads\/2011\/05\/cropped-logo-bellunopress-.jpg","contentUrl":"https:\/\/www.bellunopress.it\/wp-content\/uploads\/2011\/05\/cropped-logo-bellunopress-.jpg","width":512,"height":512,"caption":"Bellunopress"},"image":{"@id":"https:\/\/www.bellunopress.it\/#\/schema\/logo\/image\/"},"sameAs":["https:\/\/www.facebook.com\/profile.php?id=100008943462799","https:\/\/x.com\/bellunopress","https:\/\/www.linkedin.com\/hp\/?dnr=JBzUWaJfMUw8vbXJJ2tVW5-I3jZKvC4wsoxE&amp;amp;amp;amp;amp;amp;trk=nav_responsive_tab_home","https:\/\/www.youtube.com\/channel\/UCxL0wu1uN0_3_7hGG0306cw"]},{"@type":"Person","@id":"https:\/\/www.bellunopress.it\/#\/schema\/person\/79bb06722b37ece1c03d3e94beb30d73","name":"r\u00e9daction","image":{"@type":"ImageObject","inLanguage":"fr-FR","@id":"https:\/\/secure.gravatar.com\/avatar\/37d968a2e67a6fd04c169c4bdef102d0bc5d31b2546345219e348575eb80e9a0?s=96&d=mm&r=g","url":"https:\/\/secure.gravatar.com\/avatar\/37d968a2e67a6fd04c169c4bdef102d0bc5d31b2546345219e348575eb80e9a0?s=96&d=mm&r=g","contentUrl":"https:\/\/secure.gravatar.com\/avatar\/37d968a2e67a6fd04c169c4bdef102d0bc5d31b2546345219e348575eb80e9a0?s=96&d=mm&r=g","caption":"redazione"},"sameAs":["http:\/\/www.bellunopress.it","https:\/\/x.com\/bellunopress"],"url":"https:\/\/www.bellunopress.it\/fr\/author\/redazione\/"}]}},"_links":{"self":[{"href":"https:\/\/www.bellunopress.it\/fr\/wp-json\/wp\/v2\/posts\/2642","targetHints":{"allow":["GET"]}}],"collection":[{"href":"https:\/\/www.bellunopress.it\/fr\/wp-json\/wp\/v2\/posts"}],"about":[{"href":"https:\/\/www.bellunopress.it\/fr\/wp-json\/wp\/v2\/types\/post"}],"author":[{"embeddable":true,"href":"https:\/\/www.bellunopress.it\/fr\/wp-json\/wp\/v2\/users\/2"}],"replies":[{"embeddable":true,"href":"https:\/\/www.bellunopress.it\/fr\/wp-json\/wp\/v2\/comments?post=2642"}],"version-history":[{"count":1,"href":"https:\/\/www.bellunopress.it\/fr\/wp-json\/wp\/v2\/posts\/2642\/revisions"}],"predecessor-version":[{"id":2643,"href":"https:\/\/www.bellunopress.it\/fr\/wp-json\/wp\/v2\/posts\/2642\/revisions\/2643"}],"wp:attachment":[{"href":"https:\/\/www.bellunopress.it\/fr\/wp-json\/wp\/v2\/media?parent=2642"}],"wp:term":[{"taxonomy":"category","embeddable":true,"href":"https:\/\/www.bellunopress.it\/fr\/wp-json\/wp\/v2\/categories?post=2642"},{"taxonomy":"post_tag","embeddable":true,"href":"https:\/\/www.bellunopress.it\/fr\/wp-json\/wp\/v2\/tags?post=2642"}],"curies":[{"name":"wp","href":"https:\/\/api.w.org\/{rel}","templated":true}]}}