{"id":2617,"date":"2009-04-13T23:19:05","date_gmt":"2009-04-13T22:19:05","guid":{"rendered":"http:\/\/www.bellunopress.it\/?p=2617"},"modified":"2009-04-13T23:38:19","modified_gmt":"2009-04-13T22:38:19","slug":"edi-fontana-candidato-sindaco-con-la-lista-insieme-per-limana","status":"publish","type":"post","link":"https:\/\/www.bellunopress.it\/fr\/2009\/04\/13\/edi-fontana-candidato-sindaco-con-la-lista-insieme-per-limana\/","title":{"rendered":"Edi Fontana candidato sindaco con la lista &#8220;Insieme per Limana&#8221;"},"content":{"rendered":"<p><a href=\"http:\/\/www.bellunopress.it\/wp-content\/uploads\/2009\/04\/logo_insieme-leggera.jpg\"><img loading=\"lazy\" decoding=\"async\" class=\"alignleft size-medium wp-image-2632\" title=\"logo_insieme-leggera\" src=\"http:\/\/www.bellunopress.it\/wp-content\/uploads\/2009\/04\/logo_insieme-leggera.jpg\" alt=\"\" width=\"260\" height=\"260\" srcset=\"https:\/\/www.bellunopress.it\/wp-content\/uploads\/2009\/04\/logo_insieme-leggera.jpg 260w, https:\/\/www.bellunopress.it\/wp-content\/uploads\/2009\/04\/logo_insieme-leggera-150x150.jpg 150w\" sizes=\"auto, (max-width: 260px) 100vw, 260px\" \/><\/a> Ecco il documento di presentazione ed il simbolo della Lista Civica &#8220;Insieme per Limana&#8221;, che dal 1999 amministra il Comune di Limana con la guida del sindaco Elvi Sommacal, e che alle prossime elezioni amministrative del 6 e 7 giugno sosterr\u00e0 la candidatura a sindaco di Limana di Edi Fontana, attuale vicesindaco e assessore alle Politiche Sociali e dell&#8217;Istruzione:<br \/>\n\u201cInsieme per Limana. Per continuare a guardare avanti\u201d. E&#8217; questa la formula che come gruppo di maggioranza uscente abbiamo scelto per proseguire nel cammino che ci ha dato soddisfazione e che in dieci di amministrazione ci ha permesso di raggiungere grandi risultati. Traguardi che non ci piace considerare un punto di arrivo, ma un nuovo punto di partenza. Vogliamo dare continuit\u00e0 ad un progetto da sempre compiuto assieme ai cittadini. Sono stati il continuo dialogo e la proficua collaborazione dei limanesi che ci hanno permesso di valorizzare il paese e l&#8217;identit\u00e0 della nostra comunit\u00e0, e questo sar\u00e0 il punto fermo anche per il nostro futuro. A questo progetto vogliamo dare nuova linfa. Ecco perch\u00e9 la lista che presenteremo ai cittadini sar\u00e0 rinnovata nella met\u00e0 dei componenti. Un comune \u00e8 prima di tutto una comunit\u00e0, un insieme di persone che collaborano insieme. Ecco perch\u00e9 i nostri sforzi sono sempre stati, e ancora saranno, rivolti a creare una politica che presti la massima attenzione alla persona come tale, ma che sappia allo stesso rafforzare il senso di comunit\u00e0, attraverso il concreto sostegno al mondo del volontariato, una risorsa e un elemento cardine della coesione sociale, al pari dei comitati frazionali, che ormai da anni svolgono un ruolo fondamentale di aggregazione. Desideriamo portare avanti e migliorare ulteriormente i servizi per le fasce pi\u00f9 deboli, soprattutto in questo momento di crisi legato alla perdita di posti di lavoro, e continuare\u00a0 a garantire e sostenere le politiche per la famiglia,\u00a0 gi\u00e0 riconosciute dalla Regione Veneto attraverso l&#8217;assegnazione a Limana (secondo Comune della provincia di Belluno, dopo il capoluogo) del \u201cMarchio famiglia\u201d. Un riconoscimento che premia l&#8217;impegno che da dieci anni stiamo spendendo sul fronte del sostegno alle famiglie, attraverso iniziative innovative quali la \u201cLimana Card\u201d o il prestito d&#8217;onore, come pure attraverso il mantenimento dei costi pi\u00f9 bassi per il trasporto scolastico o le attivit\u00e0 estive che coinvolgono ragazzi, giovani e anziani. Anche questo significa \u201cfare comunit\u00e0\u201d. Se sempre pi\u00f9 persone scelgono Limana come luogo per vivere \u00e8 perch\u00e9 vi trovano servizi e opportunit\u00e0. Noi vogliamo continuare a garantire questo.<br \/>\nVogliamo continuare a migliorare la vita dei cittadini limanesi anche attraverso la revisione generale del sistema urbanistico attraverso uno strumento urbanistico che dovr\u00e0:<br \/>\n* valorizzare il recupero del patrimonio edilizio delle frazioni e preservare la presenza degli abitanti nel territorio.<br \/>\n* Incentivare le attivit\u00e0 nuove e tradizionali: agricoltura e allevamento eco-compatibili, piccolo artigianato, turismo<br \/>\n* garantire l&#8217;attenzione per le piccole attivit\u00e0 commerciali in un&#8217;ottica mirata alla salvaguardia e all\u2019incentivazione del commercio di prossimit\u00e0. Noi continueremo a dire un \u201cno\u201d deciso ai grossi centri commerciali spersonalizzanti dell&#8217;identit\u00e0 di una comunit\u00e0.<br \/>\nIl nostro impegno \u00e8 anche rivolto a continuare a garantire la sicurezza dei limanesi, attraverso azioni concrete, come gi\u00e0 \u00e8 stato fatto con l&#8217;installazione delle telecamere all&#8217;esterno dei plessi scolastici e nelle piazzole ecologiche.<br \/>\nCi sono poi ancora molti progetti che in questi anni hanno visto la luce ma che vogliamo portare a termine:<br \/>\n* il completamento del 2\u00b0 stralcio della casa di soggiorno per anziani<br \/>\n* la messa in sicurezza della viabilit\u00e0, attraverso il completamento delle rotatorie e la costruzione della strada di uscita dalle \u201cBaorche\u201d<br \/>\n* la costruzione della cittadella scolastica, a partire dall&#8217;asilo nido (un&#8217;opera necessaria per dare le adeguate risposte ai cittadini limanesi) e dall&#8217;area sportivo &#8211; ricreativa che diventer\u00e0 lo spazio fisso per tutte le attivit\u00e0 relative alla festa del paese<br \/>\n* procedere alla realizzazione della biblioteca gi\u00e0 progettata, a fronte di un&#8217;offerta convincente per il complesso di Col del Sole o attraverso altri finanziamenti che non incidano sul bilancio comunale.<br \/>\nLista Civica &#8220;Insieme per Limana. Per continuare a guardare avanti.&#8221;<br \/>\ninfo@insiemeperlimana.it<br \/>\nwww.insiemeperlimana.it<br \/>\nwww.insiemeperlimana.info<\/p>","protected":false},"excerpt":{"rendered":"<p>Ecco il documento di presentazione ed il simbolo della Lista Civica &#8220;Insieme per Limana&#8221;, che dal 1999 amministra il Comune di Limana con la guida del sindaco Elvi Sommacal, e che alle prossime elezioni amministrative del 6 e 7 giugno sosterr\u00e0 la candidatura a sindaco di Limana di Edi Fontana, attuale vicesindaco e assessore alle [&hellip;]<\/p>\n","protected":false},"author":2,"featured_media":0,"comment_status":"closed","ping_status":"open","sticky":false,"template":"","format":"standard","meta":{"footnotes":""},"categories":[5,26],"tags":[139],"class_list":["post-2617","post","type-post","status-publish","format-standard","category-cronaca","category-prima-pagina","tag-belluno"],"yoast_head":"<!-- This site is optimized with the Yoast SEO plugin v28.4 - https:\/\/yoast.com\/product\/yoast-seo-wordpress\/ -->\n<title>Edi Fontana candidato sindaco con la lista &quot;Insieme per Limana&quot; - Bellunopress - Dolomiti<\/title>\n<meta name=\"robots\" content=\"index, follow, max-snippet:-1, max-image-preview:large, max-video-preview:-1\" \/>\n<link rel=\"canonical\" href=\"https:\/\/www.bellunopress.it\/fr\/2009\/04\/13\/edi-fontana-candidato-sindaco-con-la-lista-insieme-per-limana\/\" \/>\n<meta property=\"og:locale\" content=\"fr_FR\" \/>\n<meta property=\"og:type\" content=\"article\" \/>\n<meta property=\"og:title\" content=\"Edi Fontana candidato sindaco con la lista &quot;Insieme per Limana&quot; - Bellunopress - Dolomiti\" \/>\n<meta property=\"og:description\" content=\"Ecco il documento di presentazione ed il simbolo della Lista Civica &#8220;Insieme per Limana&#8221;, che dal 1999 amministra il Comune di Limana con la guida del sindaco Elvi Sommacal, e che alle prossime elezioni amministrative del 6 e 7 giugno sosterr\u00e0 la candidatura a sindaco di Limana di Edi Fontana, attuale vicesindaco e assessore alle [&hellip;]\" \/>\n<meta property=\"og:url\" content=\"https:\/\/www.bellunopress.it\/fr\/2009\/04\/13\/edi-fontana-candidato-sindaco-con-la-lista-insieme-per-limana\/\" \/>\n<meta property=\"og:site_name\" content=\"Bellunopress - Dolomiti\" \/>\n<meta property=\"article:publisher\" content=\"https:\/\/www.facebook.com\/profile.php?id=100008943462799\" \/>\n<meta property=\"article:published_time\" content=\"2009-04-13T22:19:05+00:00\" \/>\n<meta property=\"article:modified_time\" content=\"2009-04-13T22:38:19+00:00\" \/>\n<meta property=\"og:image\" content=\"http:\/\/www.bellunopress.it\/wp-content\/uploads\/2009\/04\/logo_insieme-leggera.jpg\" \/>\n<meta name=\"author\" content=\"redazione\" \/>\n<meta name=\"twitter:card\" content=\"summary_large_image\" \/>\n<meta name=\"twitter:creator\" content=\"@bellunopress\" \/>\n<meta name=\"twitter:site\" content=\"@bellunopress\" \/>\n<meta name=\"twitter:label1\" content=\"\u00c9crit par\" \/>\n\t<meta name=\"twitter:data1\" content=\"redazione\" \/>\n\t<meta name=\"twitter:label2\" content=\"Dur\u00e9e de lecture estim\u00e9e\" \/>\n\t<meta name=\"twitter:data2\" content=\"3 minutes\" \/>\n<script type=\"application\/ld+json\" class=\"yoast-schema-graph\">{\"@context\":\"https:\\\/\\\/schema.org\",\"@graph\":[{\"@type\":\"Article\",\"@id\":\"https:\\\/\\\/www.bellunopress.it\\\/2009\\\/04\\\/13\\\/edi-fontana-candidato-sindaco-con-la-lista-insieme-per-limana\\\/#article\",\"isPartOf\":{\"@id\":\"https:\\\/\\\/www.bellunopress.it\\\/2009\\\/04\\\/13\\\/edi-fontana-candidato-sindaco-con-la-lista-insieme-per-limana\\\/\"},\"author\":{\"name\":\"redazione\",\"@id\":\"https:\\\/\\\/www.bellunopress.it\\\/#\\\/schema\\\/person\\\/79bb06722b37ece1c03d3e94beb30d73\"},\"headline\":\"Edi Fontana candidato sindaco con la lista &#8220;Insieme per Limana&#8221;\",\"datePublished\":\"2009-04-13T22:19:05+00:00\",\"dateModified\":\"2009-04-13T22:38:19+00:00\",\"mainEntityOfPage\":{\"@id\":\"https:\\\/\\\/www.bellunopress.it\\\/2009\\\/04\\\/13\\\/edi-fontana-candidato-sindaco-con-la-lista-insieme-per-limana\\\/\"},\"wordCount\":678,\"publisher\":{\"@id\":\"https:\\\/\\\/www.bellunopress.it\\\/#organization\"},\"image\":{\"@id\":\"https:\\\/\\\/www.bellunopress.it\\\/2009\\\/04\\\/13\\\/edi-fontana-candidato-sindaco-con-la-lista-insieme-per-limana\\\/#primaryimage\"},\"thumbnailUrl\":\"http:\\\/\\\/www.bellunopress.it\\\/wp-content\\\/uploads\\\/2009\\\/04\\\/logo_insieme-leggera.jpg\",\"keywords\":[\"Belluno\"],\"articleSection\":[\"Cronaca\\\/Politica\",\"Prima Pagina\"],\"inLanguage\":\"fr-FR\"},{\"@type\":\"WebPage\",\"@id\":\"https:\\\/\\\/www.bellunopress.it\\\/2009\\\/04\\\/13\\\/edi-fontana-candidato-sindaco-con-la-lista-insieme-per-limana\\\/\",\"url\":\"https:\\\/\\\/www.bellunopress.it\\\/2009\\\/04\\\/13\\\/edi-fontana-candidato-sindaco-con-la-lista-insieme-per-limana\\\/\",\"name\":\"Edi Fontana candidato sindaco con la lista \\\"Insieme per Limana\\\" - Bellunopress - Dolomiti\",\"isPartOf\":{\"@id\":\"https:\\\/\\\/www.bellunopress.it\\\/#website\"},\"primaryImageOfPage\":{\"@id\":\"https:\\\/\\\/www.bellunopress.it\\\/2009\\\/04\\\/13\\\/edi-fontana-candidato-sindaco-con-la-lista-insieme-per-limana\\\/#primaryimage\"},\"image\":{\"@id\":\"https:\\\/\\\/www.bellunopress.it\\\/2009\\\/04\\\/13\\\/edi-fontana-candidato-sindaco-con-la-lista-insieme-per-limana\\\/#primaryimage\"},\"thumbnailUrl\":\"http:\\\/\\\/www.bellunopress.it\\\/wp-content\\\/uploads\\\/2009\\\/04\\\/logo_insieme-leggera.jpg\",\"datePublished\":\"2009-04-13T22:19:05+00:00\",\"dateModified\":\"2009-04-13T22:38:19+00:00\",\"breadcrumb\":{\"@id\":\"https:\\\/\\\/www.bellunopress.it\\\/2009\\\/04\\\/13\\\/edi-fontana-candidato-sindaco-con-la-lista-insieme-per-limana\\\/#breadcrumb\"},\"inLanguage\":\"fr-FR\",\"potentialAction\":[{\"@type\":\"ReadAction\",\"target\":[\"https:\\\/\\\/www.bellunopress.it\\\/2009\\\/04\\\/13\\\/edi-fontana-candidato-sindaco-con-la-lista-insieme-per-limana\\\/\"]}]},{\"@type\":\"ImageObject\",\"inLanguage\":\"fr-FR\",\"@id\":\"https:\\\/\\\/www.bellunopress.it\\\/2009\\\/04\\\/13\\\/edi-fontana-candidato-sindaco-con-la-lista-insieme-per-limana\\\/#primaryimage\",\"url\":\"http:\\\/\\\/www.bellunopress.it\\\/wp-content\\\/uploads\\\/2009\\\/04\\\/logo_insieme-leggera.jpg\",\"contentUrl\":\"http:\\\/\\\/www.bellunopress.it\\\/wp-content\\\/uploads\\\/2009\\\/04\\\/logo_insieme-leggera.jpg\"},{\"@type\":\"BreadcrumbList\",\"@id\":\"https:\\\/\\\/www.bellunopress.it\\\/2009\\\/04\\\/13\\\/edi-fontana-candidato-sindaco-con-la-lista-insieme-per-limana\\\/#breadcrumb\",\"itemListElement\":[{\"@type\":\"ListItem\",\"position\":1,\"name\":\"Home\",\"item\":\"https:\\\/\\\/www.bellunopress.it\\\/\"},{\"@type\":\"ListItem\",\"position\":2,\"name\":\"Edi Fontana candidato sindaco con la lista &#8220;Insieme per Limana&#8221;\"}]},{\"@type\":\"WebSite\",\"@id\":\"https:\\\/\\\/www.bellunopress.it\\\/#website\",\"url\":\"https:\\\/\\\/www.bellunopress.it\\\/\",\"name\":\"Bellunopress - Dolomiti\",\"description\":\"e-mail: redazione@bellunopress.it\",\"publisher\":{\"@id\":\"https:\\\/\\\/www.bellunopress.it\\\/#organization\"},\"potentialAction\":[{\"@type\":\"SearchAction\",\"target\":{\"@type\":\"EntryPoint\",\"urlTemplate\":\"https:\\\/\\\/www.bellunopress.it\\\/?s={search_term_string}\"},\"query-input\":{\"@type\":\"PropertyValueSpecification\",\"valueRequired\":true,\"valueName\":\"search_term_string\"}}],\"inLanguage\":\"fr-FR\"},{\"@type\":\"Organization\",\"@id\":\"https:\\\/\\\/www.bellunopress.it\\\/#organization\",\"name\":\"Bellunopress\",\"url\":\"https:\\\/\\\/www.bellunopress.it\\\/\",\"logo\":{\"@type\":\"ImageObject\",\"inLanguage\":\"fr-FR\",\"@id\":\"https:\\\/\\\/www.bellunopress.it\\\/#\\\/schema\\\/logo\\\/image\\\/\",\"url\":\"https:\\\/\\\/www.bellunopress.it\\\/wp-content\\\/uploads\\\/2011\\\/05\\\/cropped-logo-bellunopress-.jpg\",\"contentUrl\":\"https:\\\/\\\/www.bellunopress.it\\\/wp-content\\\/uploads\\\/2011\\\/05\\\/cropped-logo-bellunopress-.jpg\",\"width\":512,\"height\":512,\"caption\":\"Bellunopress\"},\"image\":{\"@id\":\"https:\\\/\\\/www.bellunopress.it\\\/#\\\/schema\\\/logo\\\/image\\\/\"},\"sameAs\":[\"https:\\\/\\\/www.facebook.com\\\/profile.php?id=100008943462799\",\"https:\\\/\\\/x.com\\\/bellunopress\",\"https:\\\/\\\/www.linkedin.com\\\/hp\\\/?dnr=JBzUWaJfMUw8vbXJJ2tVW5-I3jZKvC4wsoxE&amp;amp;amp;amp;amp;amp;trk=nav_responsive_tab_home\",\"https:\\\/\\\/www.youtube.com\\\/channel\\\/UCxL0wu1uN0_3_7hGG0306cw\"]},{\"@type\":\"Person\",\"@id\":\"https:\\\/\\\/www.bellunopress.it\\\/#\\\/schema\\\/person\\\/79bb06722b37ece1c03d3e94beb30d73\",\"name\":\"redazione\",\"image\":{\"@type\":\"ImageObject\",\"inLanguage\":\"fr-FR\",\"@id\":\"https:\\\/\\\/secure.gravatar.com\\\/avatar\\\/37d968a2e67a6fd04c169c4bdef102d0bc5d31b2546345219e348575eb80e9a0?s=96&d=mm&r=g\",\"url\":\"https:\\\/\\\/secure.gravatar.com\\\/avatar\\\/37d968a2e67a6fd04c169c4bdef102d0bc5d31b2546345219e348575eb80e9a0?s=96&d=mm&r=g\",\"contentUrl\":\"https:\\\/\\\/secure.gravatar.com\\\/avatar\\\/37d968a2e67a6fd04c169c4bdef102d0bc5d31b2546345219e348575eb80e9a0?s=96&d=mm&r=g\",\"caption\":\"redazione\"},\"sameAs\":[\"http:\\\/\\\/www.bellunopress.it\",\"https:\\\/\\\/x.com\\\/bellunopress\"],\"url\":\"https:\\\/\\\/www.bellunopress.it\\\/fr\\\/author\\\/redazione\\\/\"}]}<\/script>\n<!-- \/ Yoast SEO plugin. -->","yoast_head_json":{"title":"Edi Fontana candidato sindaco con la lista \"Insieme per Limana\" - Bellunopress - Dolomiti","robots":{"index":"index","follow":"follow","max-snippet":"max-snippet:-1","max-image-preview":"max-image-preview:large","max-video-preview":"max-video-preview:-1"},"canonical":"https:\/\/www.bellunopress.it\/fr\/2009\/04\/13\/edi-fontana-candidato-sindaco-con-la-lista-insieme-per-limana\/","og_locale":"fr_FR","og_type":"article","og_title":"Edi Fontana candidato sindaco con la lista \"Insieme per Limana\" - Bellunopress - Dolomiti","og_description":"Ecco il documento di presentazione ed il simbolo della Lista Civica &#8220;Insieme per Limana&#8221;, che dal 1999 amministra il Comune di Limana con la guida del sindaco Elvi Sommacal, e che alle prossime elezioni amministrative del 6 e 7 giugno sosterr\u00e0 la candidatura a sindaco di Limana di Edi Fontana, attuale vicesindaco e assessore alle [&hellip;]","og_url":"https:\/\/www.bellunopress.it\/fr\/2009\/04\/13\/edi-fontana-candidato-sindaco-con-la-lista-insieme-per-limana\/","og_site_name":"Bellunopress - Dolomiti","article_publisher":"https:\/\/www.facebook.com\/profile.php?id=100008943462799","article_published_time":"2009-04-13T22:19:05+00:00","article_modified_time":"2009-04-13T22:38:19+00:00","og_image":[{"url":"http:\/\/www.bellunopress.it\/wp-content\/uploads\/2009\/04\/logo_insieme-leggera.jpg","type":"","width":"","height":""}],"author":"redazione","twitter_card":"summary_large_image","twitter_creator":"@bellunopress","twitter_site":"@bellunopress","twitter_misc":{"\u00c9crit par":"redazione","Dur\u00e9e de lecture estim\u00e9e":"3 minutes"},"schema":{"@context":"https:\/\/schema.org","@graph":[{"@type":"Article","@id":"https:\/\/www.bellunopress.it\/2009\/04\/13\/edi-fontana-candidato-sindaco-con-la-lista-insieme-per-limana\/#article","isPartOf":{"@id":"https:\/\/www.bellunopress.it\/2009\/04\/13\/edi-fontana-candidato-sindaco-con-la-lista-insieme-per-limana\/"},"author":{"name":"redazione","@id":"https:\/\/www.bellunopress.it\/#\/schema\/person\/79bb06722b37ece1c03d3e94beb30d73"},"headline":"Edi Fontana candidato sindaco con la lista &#8220;Insieme per Limana&#8221;","datePublished":"2009-04-13T22:19:05+00:00","dateModified":"2009-04-13T22:38:19+00:00","mainEntityOfPage":{"@id":"https:\/\/www.bellunopress.it\/2009\/04\/13\/edi-fontana-candidato-sindaco-con-la-lista-insieme-per-limana\/"},"wordCount":678,"publisher":{"@id":"https:\/\/www.bellunopress.it\/#organization"},"image":{"@id":"https:\/\/www.bellunopress.it\/2009\/04\/13\/edi-fontana-candidato-sindaco-con-la-lista-insieme-per-limana\/#primaryimage"},"thumbnailUrl":"http:\/\/www.bellunopress.it\/wp-content\/uploads\/2009\/04\/logo_insieme-leggera.jpg","keywords":["Belluno"],"articleSection":["Cronaca\/Politica","Prima Pagina"],"inLanguage":"fr-FR"},{"@type":"WebPage","@id":"https:\/\/www.bellunopress.it\/2009\/04\/13\/edi-fontana-candidato-sindaco-con-la-lista-insieme-per-limana\/","url":"https:\/\/www.bellunopress.it\/2009\/04\/13\/edi-fontana-candidato-sindaco-con-la-lista-insieme-per-limana\/","name":"Edi Fontana candidato sindaco con la lista \"Insieme per Limana\" - Bellunopress - Dolomiti","isPartOf":{"@id":"https:\/\/www.bellunopress.it\/#website"},"primaryImageOfPage":{"@id":"https:\/\/www.bellunopress.it\/2009\/04\/13\/edi-fontana-candidato-sindaco-con-la-lista-insieme-per-limana\/#primaryimage"},"image":{"@id":"https:\/\/www.bellunopress.it\/2009\/04\/13\/edi-fontana-candidato-sindaco-con-la-lista-insieme-per-limana\/#primaryimage"},"thumbnailUrl":"http:\/\/www.bellunopress.it\/wp-content\/uploads\/2009\/04\/logo_insieme-leggera.jpg","datePublished":"2009-04-13T22:19:05+00:00","dateModified":"2009-04-13T22:38:19+00:00","breadcrumb":{"@id":"https:\/\/www.bellunopress.it\/2009\/04\/13\/edi-fontana-candidato-sindaco-con-la-lista-insieme-per-limana\/#breadcrumb"},"inLanguage":"fr-FR","potentialAction":[{"@type":"ReadAction","target":["https:\/\/www.bellunopress.it\/2009\/04\/13\/edi-fontana-candidato-sindaco-con-la-lista-insieme-per-limana\/"]}]},{"@type":"ImageObject","inLanguage":"fr-FR","@id":"https:\/\/www.bellunopress.it\/2009\/04\/13\/edi-fontana-candidato-sindaco-con-la-lista-insieme-per-limana\/#primaryimage","url":"http:\/\/www.bellunopress.it\/wp-content\/uploads\/2009\/04\/logo_insieme-leggera.jpg","contentUrl":"http:\/\/www.bellunopress.it\/wp-content\/uploads\/2009\/04\/logo_insieme-leggera.jpg"},{"@type":"BreadcrumbList","@id":"https:\/\/www.bellunopress.it\/2009\/04\/13\/edi-fontana-candidato-sindaco-con-la-lista-insieme-per-limana\/#breadcrumb","itemListElement":[{"@type":"ListItem","position":1,"name":"Home","item":"https:\/\/www.bellunopress.it\/"},{"@type":"ListItem","position":2,"name":"Edi Fontana candidato sindaco con la lista &#8220;Insieme per Limana&#8221;"}]},{"@type":"WebSite","@id":"https:\/\/www.bellunopress.it\/#website","url":"https:\/\/www.bellunopress.it\/","name":"Bellunopress - Dolomiti","description":"e-mail: redazione@bellunopress.it","publisher":{"@id":"https:\/\/www.bellunopress.it\/#organization"},"potentialAction":[{"@type":"SearchAction","target":{"@type":"EntryPoint","urlTemplate":"https:\/\/www.bellunopress.it\/?s={search_term_string}"},"query-input":{"@type":"PropertyValueSpecification","valueRequired":true,"valueName":"search_term_string"}}],"inLanguage":"fr-FR"},{"@type":"Organization","@id":"https:\/\/www.bellunopress.it\/#organization","name":"Bellunopress","url":"https:\/\/www.bellunopress.it\/","logo":{"@type":"ImageObject","inLanguage":"fr-FR","@id":"https:\/\/www.bellunopress.it\/#\/schema\/logo\/image\/","url":"https:\/\/www.bellunopress.it\/wp-content\/uploads\/2011\/05\/cropped-logo-bellunopress-.jpg","contentUrl":"https:\/\/www.bellunopress.it\/wp-content\/uploads\/2011\/05\/cropped-logo-bellunopress-.jpg","width":512,"height":512,"caption":"Bellunopress"},"image":{"@id":"https:\/\/www.bellunopress.it\/#\/schema\/logo\/image\/"},"sameAs":["https:\/\/www.facebook.com\/profile.php?id=100008943462799","https:\/\/x.com\/bellunopress","https:\/\/www.linkedin.com\/hp\/?dnr=JBzUWaJfMUw8vbXJJ2tVW5-I3jZKvC4wsoxE&amp;amp;amp;amp;amp;amp;trk=nav_responsive_tab_home","https:\/\/www.youtube.com\/channel\/UCxL0wu1uN0_3_7hGG0306cw"]},{"@type":"Person","@id":"https:\/\/www.bellunopress.it\/#\/schema\/person\/79bb06722b37ece1c03d3e94beb30d73","name":"r\u00e9daction","image":{"@type":"ImageObject","inLanguage":"fr-FR","@id":"https:\/\/secure.gravatar.com\/avatar\/37d968a2e67a6fd04c169c4bdef102d0bc5d31b2546345219e348575eb80e9a0?s=96&d=mm&r=g","url":"https:\/\/secure.gravatar.com\/avatar\/37d968a2e67a6fd04c169c4bdef102d0bc5d31b2546345219e348575eb80e9a0?s=96&d=mm&r=g","contentUrl":"https:\/\/secure.gravatar.com\/avatar\/37d968a2e67a6fd04c169c4bdef102d0bc5d31b2546345219e348575eb80e9a0?s=96&d=mm&r=g","caption":"redazione"},"sameAs":["http:\/\/www.bellunopress.it","https:\/\/x.com\/bellunopress"],"url":"https:\/\/www.bellunopress.it\/fr\/author\/redazione\/"}]}},"_links":{"self":[{"href":"https:\/\/www.bellunopress.it\/fr\/wp-json\/wp\/v2\/posts\/2617","targetHints":{"allow":["GET"]}}],"collection":[{"href":"https:\/\/www.bellunopress.it\/fr\/wp-json\/wp\/v2\/posts"}],"about":[{"href":"https:\/\/www.bellunopress.it\/fr\/wp-json\/wp\/v2\/types\/post"}],"author":[{"embeddable":true,"href":"https:\/\/www.bellunopress.it\/fr\/wp-json\/wp\/v2\/users\/2"}],"replies":[{"embeddable":true,"href":"https:\/\/www.bellunopress.it\/fr\/wp-json\/wp\/v2\/comments?post=2617"}],"version-history":[{"count":4,"href":"https:\/\/www.bellunopress.it\/fr\/wp-json\/wp\/v2\/posts\/2617\/revisions"}],"predecessor-version":[{"id":2633,"href":"https:\/\/www.bellunopress.it\/fr\/wp-json\/wp\/v2\/posts\/2617\/revisions\/2633"}],"wp:attachment":[{"href":"https:\/\/www.bellunopress.it\/fr\/wp-json\/wp\/v2\/media?parent=2617"}],"wp:term":[{"taxonomy":"category","embeddable":true,"href":"https:\/\/www.bellunopress.it\/fr\/wp-json\/wp\/v2\/categories?post=2617"},{"taxonomy":"post_tag","embeddable":true,"href":"https:\/\/www.bellunopress.it\/fr\/wp-json\/wp\/v2\/tags?post=2617"}],"curies":[{"name":"wp","href":"https:\/\/api.w.org\/{rel}","templated":true}]}}