{"id":26047,"date":"2011-04-27T09:21:42","date_gmt":"2011-04-27T08:21:42","guid":{"rendered":"http:\/\/www.bellunopress.it\/?p=26047"},"modified":"2011-04-26T21:23:55","modified_gmt":"2011-04-26T20:23:55","slug":"torna-estate-partecipando-con-gli-stage-estivi-in-comune","status":"publish","type":"post","link":"https:\/\/www.bellunopress.it\/fr\/2011\/04\/27\/torna-estate-partecipando-con-gli-stage-estivi-in-comune\/","title":{"rendered":"Torna Estate Partecipando, con gli stage estivi in Comune"},"content":{"rendered":"<p><a href=\"http:\/\/www.bellunopress.it\/wp-content\/uploads\/2010\/08\/palazzo-rosso-municipio.jpg\"><img loading=\"lazy\" decoding=\"async\" class=\"alignleft size-full wp-image-18399\" title=\"palazzo-rosso-municipio\" src=\"http:\/\/www.bellunopress.it\/wp-content\/uploads\/2010\/08\/palazzo-rosso-municipio.jpg\" alt=\"\" width=\"270\" height=\"270\" srcset=\"https:\/\/www.bellunopress.it\/wp-content\/uploads\/2010\/08\/palazzo-rosso-municipio.jpg 270w, https:\/\/www.bellunopress.it\/wp-content\/uploads\/2010\/08\/palazzo-rosso-municipio-150x150.jpg 150w\" sizes=\"auto, (max-width: 270px) 100vw, 270px\" \/><\/a>Si apriranno oggi, marted\u00ec 26 aprile, le iscrizioni al progetto \u201cEstate partecipando 2011\u201d, promosso dall&#8217;assessorato alle Politiche giovanili del Comune di Belluno, rivolto ai giovani residenti nel Comune, che abbiano dai 16 ai 18 anni non compiuti.<br \/>\n\u201cL&#8217;Amministrazione comunale ha deciso di mantenere il progetto anche quest&#8217;anno \u2013 commenta l&#8217;assessore alle Politiche giovanili, Marco Da Rin Zanco \u2013 perch\u00e9 \u201cEstate partecipando\u201d rappresenta un&#8217;opportunit\u00e0 concreta, per i giovani, di impiegare il tempo estivo a supporto di alcune attivit\u00e0 svolte dalla struttura comunale e di conoscere dall&#8217;interno il funzionamento di alcuni servizi. L&#8217;esperienza degli ultimi anni mi ha permesso di cogliere la positivit\u00e0 di questo progetto, che coinvolge i ragazzi in un periodo in cui, finita la scuola, spesso non saprebbero cosa fare; inoltre, li avvicina all&#8217;Istituzione Comune e li responsabilizza rispetto a semplici regole come il rispetto degli orari e delle indicazioni date dai tutor\u201d. Dai servizi culturali a quelli di manutenzione, dalle attivit\u00e0 di archiviazione e di registrazione documenti a quelle pi\u00f9 a contatto con i cittadini, gli ambiti di inserimento dei giovani che potranno partecipare al progetto saranno costruiti su misura per agevolare l&#8217;espressione dei ragazzi, che avranno la possibilit\u00e0 di mettere a frutto e sperimentare le loro capacit\u00e0 e conoscenze, e per essere di utilit\u00e0 anche agli uffici e servizi comunali, che potranno affiancare forze nuove al personale in servizio. Le iscrizioni al progetto dovranno essere fatte all&#8217;Informagiovani del Comune di Belluno, in piazza Duomo 2, compilando l&#8217;apposito modulo che si potr\u00e0 ritirare contestualmente. Il modulo dovr\u00e0 essere compilato dal ragazzo che aspira a partecipare al progetto e dovr\u00e0 poi essere controfirmato da un genitore. Al modulo dovranno essere allegati copia di un documento di identit\u00e0 e del tesserino col numero di codice fiscale. Ciascun ragazzo potr\u00e0 svolgere un&#8217;attivit\u00e0 di tre settimane, su uno dei 4 turni programmati, dal 13 giugno al 3 settembre, per un totale di 60 ore. Le iscrizioni si raccoglieranno fino all&#8217;esaurimento dei posti disponibili.<br \/>\nPer informazioni, rivolgersi all&#8217;Informagiovani, aperto dal marted\u00ec al venerd\u00ec, dalle 16 alle 19, e il sabato mattina, dalle 9 alle 12 (telefono 0437 913255, email: <a href=\"mailto:informagiovani@comune.belluno.it\">informagiovani@comune.belluno.it<\/a>, wwww.bellunogiovane.it).<\/p>","protected":false},"excerpt":{"rendered":"<p>Si apriranno oggi, marted\u00ec 26 aprile, le iscrizioni al progetto \u201cEstate partecipando 2011\u201d, promosso dall&#8217;assessorato alle Politiche giovanili del Comune di Belluno, rivolto ai giovani residenti nel Comune, che abbiano dai 16 ai 18 anni non compiuti. \u201cL&#8217;Amministrazione comunale ha deciso di mantenere il progetto anche quest&#8217;anno \u2013 commenta l&#8217;assessore alle Politiche giovanili, Marco Da [&hellip;]<\/p>\n","protected":false},"author":2,"featured_media":0,"comment_status":"closed","ping_status":"open","sticky":false,"template":"","format":"standard","meta":{"footnotes":""},"categories":[26,15,8],"tags":[],"class_list":["post-26047","post","type-post","status-publish","format-standard","category-prima-pagina","category-scuola","category-societa-istituzioni"],"yoast_head":"<!-- This site is optimized with the Yoast SEO plugin v28.4 - https:\/\/yoast.com\/product\/yoast-seo-wordpress\/ -->\n<title>Torna Estate Partecipando, con gli stage estivi in Comune - Bellunopress - Dolomiti<\/title>\n<meta name=\"robots\" content=\"index, follow, max-snippet:-1, max-image-preview:large, max-video-preview:-1\" \/>\n<link rel=\"canonical\" href=\"https:\/\/www.bellunopress.it\/fr\/2011\/04\/27\/torna-estate-partecipando-con-gli-stage-estivi-in-comune\/\" \/>\n<meta property=\"og:locale\" content=\"fr_FR\" \/>\n<meta property=\"og:type\" content=\"article\" \/>\n<meta property=\"og:title\" content=\"Torna Estate Partecipando, con gli stage estivi in Comune - Bellunopress - Dolomiti\" \/>\n<meta property=\"og:description\" content=\"Si apriranno oggi, marted\u00ec 26 aprile, le iscrizioni al progetto \u201cEstate partecipando 2011\u201d, promosso dall&#8217;assessorato alle Politiche giovanili del Comune di Belluno, rivolto ai giovani residenti nel Comune, che abbiano dai 16 ai 18 anni non compiuti. \u201cL&#8217;Amministrazione comunale ha deciso di mantenere il progetto anche quest&#8217;anno \u2013 commenta l&#8217;assessore alle Politiche giovanili, Marco Da [&hellip;]\" \/>\n<meta property=\"og:url\" content=\"https:\/\/www.bellunopress.it\/fr\/2011\/04\/27\/torna-estate-partecipando-con-gli-stage-estivi-in-comune\/\" \/>\n<meta property=\"og:site_name\" content=\"Bellunopress - Dolomiti\" \/>\n<meta property=\"article:publisher\" content=\"https:\/\/www.facebook.com\/profile.php?id=100008943462799\" \/>\n<meta property=\"article:published_time\" content=\"2011-04-27T08:21:42+00:00\" \/>\n<meta property=\"og:image\" content=\"http:\/\/www.bellunopress.it\/wp-content\/uploads\/2010\/08\/palazzo-rosso-municipio.jpg\" \/>\n<meta name=\"author\" content=\"redazione\" \/>\n<meta name=\"twitter:card\" content=\"summary_large_image\" \/>\n<meta name=\"twitter:creator\" content=\"@bellunopress\" \/>\n<meta name=\"twitter:site\" content=\"@bellunopress\" \/>\n<meta name=\"twitter:label1\" content=\"\u00c9crit par\" \/>\n\t<meta name=\"twitter:data1\" content=\"redazione\" \/>\n\t<meta name=\"twitter:label2\" content=\"Dur\u00e9e de lecture estim\u00e9e\" \/>\n\t<meta name=\"twitter:data2\" content=\"2 minutes\" \/>\n<script type=\"application\/ld+json\" class=\"yoast-schema-graph\">{\"@context\":\"https:\\\/\\\/schema.org\",\"@graph\":[{\"@type\":\"Article\",\"@id\":\"https:\\\/\\\/www.bellunopress.it\\\/2011\\\/04\\\/27\\\/torna-estate-partecipando-con-gli-stage-estivi-in-comune\\\/#article\",\"isPartOf\":{\"@id\":\"https:\\\/\\\/www.bellunopress.it\\\/2011\\\/04\\\/27\\\/torna-estate-partecipando-con-gli-stage-estivi-in-comune\\\/\"},\"author\":{\"name\":\"redazione\",\"@id\":\"https:\\\/\\\/www.bellunopress.it\\\/#\\\/schema\\\/person\\\/79bb06722b37ece1c03d3e94beb30d73\"},\"headline\":\"Torna Estate Partecipando, con gli stage estivi in Comune\",\"datePublished\":\"2011-04-27T08:21:42+00:00\",\"mainEntityOfPage\":{\"@id\":\"https:\\\/\\\/www.bellunopress.it\\\/2011\\\/04\\\/27\\\/torna-estate-partecipando-con-gli-stage-estivi-in-comune\\\/\"},\"wordCount\":359,\"publisher\":{\"@id\":\"https:\\\/\\\/www.bellunopress.it\\\/#organization\"},\"image\":{\"@id\":\"https:\\\/\\\/www.bellunopress.it\\\/2011\\\/04\\\/27\\\/torna-estate-partecipando-con-gli-stage-estivi-in-comune\\\/#primaryimage\"},\"thumbnailUrl\":\"http:\\\/\\\/www.bellunopress.it\\\/wp-content\\\/uploads\\\/2010\\\/08\\\/palazzo-rosso-municipio.jpg\",\"articleSection\":[\"Prima Pagina\",\"Scuola\",\"Societ\u00e0, Associazioni, Istituzioni\"],\"inLanguage\":\"fr-FR\"},{\"@type\":\"WebPage\",\"@id\":\"https:\\\/\\\/www.bellunopress.it\\\/2011\\\/04\\\/27\\\/torna-estate-partecipando-con-gli-stage-estivi-in-comune\\\/\",\"url\":\"https:\\\/\\\/www.bellunopress.it\\\/2011\\\/04\\\/27\\\/torna-estate-partecipando-con-gli-stage-estivi-in-comune\\\/\",\"name\":\"Torna Estate Partecipando, con gli stage estivi in Comune - Bellunopress - Dolomiti\",\"isPartOf\":{\"@id\":\"https:\\\/\\\/www.bellunopress.it\\\/#website\"},\"primaryImageOfPage\":{\"@id\":\"https:\\\/\\\/www.bellunopress.it\\\/2011\\\/04\\\/27\\\/torna-estate-partecipando-con-gli-stage-estivi-in-comune\\\/#primaryimage\"},\"image\":{\"@id\":\"https:\\\/\\\/www.bellunopress.it\\\/2011\\\/04\\\/27\\\/torna-estate-partecipando-con-gli-stage-estivi-in-comune\\\/#primaryimage\"},\"thumbnailUrl\":\"http:\\\/\\\/www.bellunopress.it\\\/wp-content\\\/uploads\\\/2010\\\/08\\\/palazzo-rosso-municipio.jpg\",\"datePublished\":\"2011-04-27T08:21:42+00:00\",\"breadcrumb\":{\"@id\":\"https:\\\/\\\/www.bellunopress.it\\\/2011\\\/04\\\/27\\\/torna-estate-partecipando-con-gli-stage-estivi-in-comune\\\/#breadcrumb\"},\"inLanguage\":\"fr-FR\",\"potentialAction\":[{\"@type\":\"ReadAction\",\"target\":[\"https:\\\/\\\/www.bellunopress.it\\\/2011\\\/04\\\/27\\\/torna-estate-partecipando-con-gli-stage-estivi-in-comune\\\/\"]}]},{\"@type\":\"ImageObject\",\"inLanguage\":\"fr-FR\",\"@id\":\"https:\\\/\\\/www.bellunopress.it\\\/2011\\\/04\\\/27\\\/torna-estate-partecipando-con-gli-stage-estivi-in-comune\\\/#primaryimage\",\"url\":\"http:\\\/\\\/www.bellunopress.it\\\/wp-content\\\/uploads\\\/2010\\\/08\\\/palazzo-rosso-municipio.jpg\",\"contentUrl\":\"http:\\\/\\\/www.bellunopress.it\\\/wp-content\\\/uploads\\\/2010\\\/08\\\/palazzo-rosso-municipio.jpg\"},{\"@type\":\"BreadcrumbList\",\"@id\":\"https:\\\/\\\/www.bellunopress.it\\\/2011\\\/04\\\/27\\\/torna-estate-partecipando-con-gli-stage-estivi-in-comune\\\/#breadcrumb\",\"itemListElement\":[{\"@type\":\"ListItem\",\"position\":1,\"name\":\"Home\",\"item\":\"https:\\\/\\\/www.bellunopress.it\\\/\"},{\"@type\":\"ListItem\",\"position\":2,\"name\":\"Torna Estate Partecipando, con gli stage estivi in Comune\"}]},{\"@type\":\"WebSite\",\"@id\":\"https:\\\/\\\/www.bellunopress.it\\\/#website\",\"url\":\"https:\\\/\\\/www.bellunopress.it\\\/\",\"name\":\"Bellunopress - Dolomiti\",\"description\":\"e-mail: redazione@bellunopress.it\",\"publisher\":{\"@id\":\"https:\\\/\\\/www.bellunopress.it\\\/#organization\"},\"potentialAction\":[{\"@type\":\"SearchAction\",\"target\":{\"@type\":\"EntryPoint\",\"urlTemplate\":\"https:\\\/\\\/www.bellunopress.it\\\/?s={search_term_string}\"},\"query-input\":{\"@type\":\"PropertyValueSpecification\",\"valueRequired\":true,\"valueName\":\"search_term_string\"}}],\"inLanguage\":\"fr-FR\"},{\"@type\":\"Organization\",\"@id\":\"https:\\\/\\\/www.bellunopress.it\\\/#organization\",\"name\":\"Bellunopress\",\"url\":\"https:\\\/\\\/www.bellunopress.it\\\/\",\"logo\":{\"@type\":\"ImageObject\",\"inLanguage\":\"fr-FR\",\"@id\":\"https:\\\/\\\/www.bellunopress.it\\\/#\\\/schema\\\/logo\\\/image\\\/\",\"url\":\"https:\\\/\\\/www.bellunopress.it\\\/wp-content\\\/uploads\\\/2011\\\/05\\\/cropped-logo-bellunopress-.jpg\",\"contentUrl\":\"https:\\\/\\\/www.bellunopress.it\\\/wp-content\\\/uploads\\\/2011\\\/05\\\/cropped-logo-bellunopress-.jpg\",\"width\":512,\"height\":512,\"caption\":\"Bellunopress\"},\"image\":{\"@id\":\"https:\\\/\\\/www.bellunopress.it\\\/#\\\/schema\\\/logo\\\/image\\\/\"},\"sameAs\":[\"https:\\\/\\\/www.facebook.com\\\/profile.php?id=100008943462799\",\"https:\\\/\\\/x.com\\\/bellunopress\",\"https:\\\/\\\/www.linkedin.com\\\/hp\\\/?dnr=JBzUWaJfMUw8vbXJJ2tVW5-I3jZKvC4wsoxE&amp;amp;amp;amp;amp;amp;trk=nav_responsive_tab_home\",\"https:\\\/\\\/www.youtube.com\\\/channel\\\/UCxL0wu1uN0_3_7hGG0306cw\"]},{\"@type\":\"Person\",\"@id\":\"https:\\\/\\\/www.bellunopress.it\\\/#\\\/schema\\\/person\\\/79bb06722b37ece1c03d3e94beb30d73\",\"name\":\"redazione\",\"image\":{\"@type\":\"ImageObject\",\"inLanguage\":\"fr-FR\",\"@id\":\"https:\\\/\\\/secure.gravatar.com\\\/avatar\\\/37d968a2e67a6fd04c169c4bdef102d0bc5d31b2546345219e348575eb80e9a0?s=96&d=mm&r=g\",\"url\":\"https:\\\/\\\/secure.gravatar.com\\\/avatar\\\/37d968a2e67a6fd04c169c4bdef102d0bc5d31b2546345219e348575eb80e9a0?s=96&d=mm&r=g\",\"contentUrl\":\"https:\\\/\\\/secure.gravatar.com\\\/avatar\\\/37d968a2e67a6fd04c169c4bdef102d0bc5d31b2546345219e348575eb80e9a0?s=96&d=mm&r=g\",\"caption\":\"redazione\"},\"sameAs\":[\"http:\\\/\\\/www.bellunopress.it\",\"https:\\\/\\\/x.com\\\/bellunopress\"],\"url\":\"https:\\\/\\\/www.bellunopress.it\\\/fr\\\/author\\\/redazione\\\/\"}]}<\/script>\n<!-- \/ Yoast SEO plugin. -->","yoast_head_json":{"title":"Torna Estate Partecipando, con gli stage estivi in Comune - Bellunopress - Dolomiti","robots":{"index":"index","follow":"follow","max-snippet":"max-snippet:-1","max-image-preview":"max-image-preview:large","max-video-preview":"max-video-preview:-1"},"canonical":"https:\/\/www.bellunopress.it\/fr\/2011\/04\/27\/torna-estate-partecipando-con-gli-stage-estivi-in-comune\/","og_locale":"fr_FR","og_type":"article","og_title":"Torna Estate Partecipando, con gli stage estivi in Comune - Bellunopress - Dolomiti","og_description":"Si apriranno oggi, marted\u00ec 26 aprile, le iscrizioni al progetto \u201cEstate partecipando 2011\u201d, promosso dall&#8217;assessorato alle Politiche giovanili del Comune di Belluno, rivolto ai giovani residenti nel Comune, che abbiano dai 16 ai 18 anni non compiuti. \u201cL&#8217;Amministrazione comunale ha deciso di mantenere il progetto anche quest&#8217;anno \u2013 commenta l&#8217;assessore alle Politiche giovanili, Marco Da [&hellip;]","og_url":"https:\/\/www.bellunopress.it\/fr\/2011\/04\/27\/torna-estate-partecipando-con-gli-stage-estivi-in-comune\/","og_site_name":"Bellunopress - Dolomiti","article_publisher":"https:\/\/www.facebook.com\/profile.php?id=100008943462799","article_published_time":"2011-04-27T08:21:42+00:00","og_image":[{"url":"http:\/\/www.bellunopress.it\/wp-content\/uploads\/2010\/08\/palazzo-rosso-municipio.jpg","type":"","width":"","height":""}],"author":"redazione","twitter_card":"summary_large_image","twitter_creator":"@bellunopress","twitter_site":"@bellunopress","twitter_misc":{"\u00c9crit par":"redazione","Dur\u00e9e de lecture estim\u00e9e":"2 minutes"},"schema":{"@context":"https:\/\/schema.org","@graph":[{"@type":"Article","@id":"https:\/\/www.bellunopress.it\/2011\/04\/27\/torna-estate-partecipando-con-gli-stage-estivi-in-comune\/#article","isPartOf":{"@id":"https:\/\/www.bellunopress.it\/2011\/04\/27\/torna-estate-partecipando-con-gli-stage-estivi-in-comune\/"},"author":{"name":"redazione","@id":"https:\/\/www.bellunopress.it\/#\/schema\/person\/79bb06722b37ece1c03d3e94beb30d73"},"headline":"Torna Estate Partecipando, con gli stage estivi in Comune","datePublished":"2011-04-27T08:21:42+00:00","mainEntityOfPage":{"@id":"https:\/\/www.bellunopress.it\/2011\/04\/27\/torna-estate-partecipando-con-gli-stage-estivi-in-comune\/"},"wordCount":359,"publisher":{"@id":"https:\/\/www.bellunopress.it\/#organization"},"image":{"@id":"https:\/\/www.bellunopress.it\/2011\/04\/27\/torna-estate-partecipando-con-gli-stage-estivi-in-comune\/#primaryimage"},"thumbnailUrl":"http:\/\/www.bellunopress.it\/wp-content\/uploads\/2010\/08\/palazzo-rosso-municipio.jpg","articleSection":["Prima Pagina","Scuola","Societ\u00e0, Associazioni, Istituzioni"],"inLanguage":"fr-FR"},{"@type":"WebPage","@id":"https:\/\/www.bellunopress.it\/2011\/04\/27\/torna-estate-partecipando-con-gli-stage-estivi-in-comune\/","url":"https:\/\/www.bellunopress.it\/2011\/04\/27\/torna-estate-partecipando-con-gli-stage-estivi-in-comune\/","name":"Torna Estate Partecipando, con gli stage estivi in Comune - Bellunopress - Dolomiti","isPartOf":{"@id":"https:\/\/www.bellunopress.it\/#website"},"primaryImageOfPage":{"@id":"https:\/\/www.bellunopress.it\/2011\/04\/27\/torna-estate-partecipando-con-gli-stage-estivi-in-comune\/#primaryimage"},"image":{"@id":"https:\/\/www.bellunopress.it\/2011\/04\/27\/torna-estate-partecipando-con-gli-stage-estivi-in-comune\/#primaryimage"},"thumbnailUrl":"http:\/\/www.bellunopress.it\/wp-content\/uploads\/2010\/08\/palazzo-rosso-municipio.jpg","datePublished":"2011-04-27T08:21:42+00:00","breadcrumb":{"@id":"https:\/\/www.bellunopress.it\/2011\/04\/27\/torna-estate-partecipando-con-gli-stage-estivi-in-comune\/#breadcrumb"},"inLanguage":"fr-FR","potentialAction":[{"@type":"ReadAction","target":["https:\/\/www.bellunopress.it\/2011\/04\/27\/torna-estate-partecipando-con-gli-stage-estivi-in-comune\/"]}]},{"@type":"ImageObject","inLanguage":"fr-FR","@id":"https:\/\/www.bellunopress.it\/2011\/04\/27\/torna-estate-partecipando-con-gli-stage-estivi-in-comune\/#primaryimage","url":"http:\/\/www.bellunopress.it\/wp-content\/uploads\/2010\/08\/palazzo-rosso-municipio.jpg","contentUrl":"http:\/\/www.bellunopress.it\/wp-content\/uploads\/2010\/08\/palazzo-rosso-municipio.jpg"},{"@type":"BreadcrumbList","@id":"https:\/\/www.bellunopress.it\/2011\/04\/27\/torna-estate-partecipando-con-gli-stage-estivi-in-comune\/#breadcrumb","itemListElement":[{"@type":"ListItem","position":1,"name":"Home","item":"https:\/\/www.bellunopress.it\/"},{"@type":"ListItem","position":2,"name":"Torna Estate Partecipando, con gli stage estivi in Comune"}]},{"@type":"WebSite","@id":"https:\/\/www.bellunopress.it\/#website","url":"https:\/\/www.bellunopress.it\/","name":"Bellunopress - Dolomiti","description":"e-mail: redazione@bellunopress.it","publisher":{"@id":"https:\/\/www.bellunopress.it\/#organization"},"potentialAction":[{"@type":"SearchAction","target":{"@type":"EntryPoint","urlTemplate":"https:\/\/www.bellunopress.it\/?s={search_term_string}"},"query-input":{"@type":"PropertyValueSpecification","valueRequired":true,"valueName":"search_term_string"}}],"inLanguage":"fr-FR"},{"@type":"Organization","@id":"https:\/\/www.bellunopress.it\/#organization","name":"Bellunopress","url":"https:\/\/www.bellunopress.it\/","logo":{"@type":"ImageObject","inLanguage":"fr-FR","@id":"https:\/\/www.bellunopress.it\/#\/schema\/logo\/image\/","url":"https:\/\/www.bellunopress.it\/wp-content\/uploads\/2011\/05\/cropped-logo-bellunopress-.jpg","contentUrl":"https:\/\/www.bellunopress.it\/wp-content\/uploads\/2011\/05\/cropped-logo-bellunopress-.jpg","width":512,"height":512,"caption":"Bellunopress"},"image":{"@id":"https:\/\/www.bellunopress.it\/#\/schema\/logo\/image\/"},"sameAs":["https:\/\/www.facebook.com\/profile.php?id=100008943462799","https:\/\/x.com\/bellunopress","https:\/\/www.linkedin.com\/hp\/?dnr=JBzUWaJfMUw8vbXJJ2tVW5-I3jZKvC4wsoxE&amp;amp;amp;amp;amp;amp;trk=nav_responsive_tab_home","https:\/\/www.youtube.com\/channel\/UCxL0wu1uN0_3_7hGG0306cw"]},{"@type":"Person","@id":"https:\/\/www.bellunopress.it\/#\/schema\/person\/79bb06722b37ece1c03d3e94beb30d73","name":"r\u00e9daction","image":{"@type":"ImageObject","inLanguage":"fr-FR","@id":"https:\/\/secure.gravatar.com\/avatar\/37d968a2e67a6fd04c169c4bdef102d0bc5d31b2546345219e348575eb80e9a0?s=96&d=mm&r=g","url":"https:\/\/secure.gravatar.com\/avatar\/37d968a2e67a6fd04c169c4bdef102d0bc5d31b2546345219e348575eb80e9a0?s=96&d=mm&r=g","contentUrl":"https:\/\/secure.gravatar.com\/avatar\/37d968a2e67a6fd04c169c4bdef102d0bc5d31b2546345219e348575eb80e9a0?s=96&d=mm&r=g","caption":"redazione"},"sameAs":["http:\/\/www.bellunopress.it","https:\/\/x.com\/bellunopress"],"url":"https:\/\/www.bellunopress.it\/fr\/author\/redazione\/"}]}},"_links":{"self":[{"href":"https:\/\/www.bellunopress.it\/fr\/wp-json\/wp\/v2\/posts\/26047","targetHints":{"allow":["GET"]}}],"collection":[{"href":"https:\/\/www.bellunopress.it\/fr\/wp-json\/wp\/v2\/posts"}],"about":[{"href":"https:\/\/www.bellunopress.it\/fr\/wp-json\/wp\/v2\/types\/post"}],"author":[{"embeddable":true,"href":"https:\/\/www.bellunopress.it\/fr\/wp-json\/wp\/v2\/users\/2"}],"replies":[{"embeddable":true,"href":"https:\/\/www.bellunopress.it\/fr\/wp-json\/wp\/v2\/comments?post=26047"}],"version-history":[{"count":1,"href":"https:\/\/www.bellunopress.it\/fr\/wp-json\/wp\/v2\/posts\/26047\/revisions"}],"predecessor-version":[{"id":26048,"href":"https:\/\/www.bellunopress.it\/fr\/wp-json\/wp\/v2\/posts\/26047\/revisions\/26048"}],"wp:attachment":[{"href":"https:\/\/www.bellunopress.it\/fr\/wp-json\/wp\/v2\/media?parent=26047"}],"wp:term":[{"taxonomy":"category","embeddable":true,"href":"https:\/\/www.bellunopress.it\/fr\/wp-json\/wp\/v2\/categories?post=26047"},{"taxonomy":"post_tag","embeddable":true,"href":"https:\/\/www.bellunopress.it\/fr\/wp-json\/wp\/v2\/tags?post=26047"}],"curies":[{"name":"wp","href":"https:\/\/api.w.org\/{rel}","templated":true}]}}