{"id":26045,"date":"2011-04-27T09:19:36","date_gmt":"2011-04-27T08:19:36","guid":{"rendered":"http:\/\/www.bellunopress.it\/?p=26045"},"modified":"2011-04-26T21:21:36","modified_gmt":"2011-04-26T20:21:36","slug":"biblioteca-su-youtube-e-facebook-un-video-di-presentazione-e-una-pagina-dedicata","status":"publish","type":"post","link":"https:\/\/www.bellunopress.it\/fr\/2011\/04\/27\/biblioteca-su-youtube-e-facebook-un-video-di-presentazione-e-una-pagina-dedicata\/","title":{"rendered":"Biblioteca su YouTube e Facebook Un video di presentazione e una pagina dedicata"},"content":{"rendered":"<p><a href=\"http:\/\/www.bellunopress.it\/wp-content\/uploads\/2009\/12\/crepadona.jpg\"><img loading=\"lazy\" decoding=\"async\" class=\"alignleft size-full wp-image-10610\" title=\"crepadona\" src=\"http:\/\/www.bellunopress.it\/wp-content\/uploads\/2009\/12\/crepadona.jpg\" alt=\"\" width=\"270\" height=\"202\" \/><\/a>La Biblioteca civica di Belluno si propone al pubblico anche attraverso i nuovi sistemi di comunicazione, utilizzati in particolare dai giovani. L\u2019esordio e l\u2019apertura del canale dedicato su YouTube tre mesi fa con la pubblicazione della video intervista a Gigliola Beratto, compagna di vita del poeta e scrittore Beniamino Dal Fabbro. Da alcune settimane poi la pubblicazione di un video realizzato allo scopo di introdurre in modo semplice e veloce alla conoscenza della sede, dei documenti posseduti e dei servizi offerti dalla Biblioteca a tutti i cittadini. Le immagini e il montaggio realizzati da Gabriele Pellegrini e la voce narrante di Raffaella Da Ros, in poco pi\u00f9 di due minuti invitano a entrare negli spazi della Biblioteca e a usufruire dei tanti servizi, per lo pi\u00f9 gratuiti, che sono a disposizione di tutti grandi e piccoli, offrendo una veloce panoramica anche degli ambienti riservati alla lettura. Per consultare il video cercare su Youtube o tra le news recenti sul sito della Biblioteca: <a href=\"http:\/\/biblioteca.comune.belluno.it\/\">http:\/\/biblioteca.comune.belluno.it\/<\/a> .<br \/>\nIn contemporanea la Biblioteca ha anche aperto una pagina ufficiale su Facebook, dove oltre a indicare tutte le varie informazioni, offre a chi si iscrive (ad oggi sono 300\u00a0 i cosiddetti fan) tutti gli aggiornamenti sulle attivit\u00e0 e sugli eventi culturali organizzati, sui nuovi servizi, l\u2019accesso alla consultazione del catalogo e la linea diretta con il bibliotecario per particolari richieste.<br \/>\nQueste iniziative sono il frutto di un costante lavoro della Biblioteca che, nel corso degli ultimi 15 anni, si \u00e8 gradualmente trasformata in un\u2019istituzione culturale non solo depositaria di soli libri, bens\u00ec multimediale di informazione. Si \u00e8 provveduto infatti a catalogare elettronicamente l\u201980% dei documenti conservati (114.234), acquisendo anche periodici, compact disc, dvd, fotografie, libri antichi, manoscritti e musica a stampa, e si intende perci\u00f2 proporre questo patrimonio di documenti, oltre che attraverso i metodi tradizionali, anche attraverso tecniche e metodi sempre pi\u00f9 efficaci.<br \/>\nInfo presso la Biblioteca al tel. 0437948093 o all\u2019e-mail: <a href=\"mailto:biblioteca@comune.belluno.it\">biblioteca@comune.belluno.it<\/a><\/p>","protected":false},"excerpt":{"rendered":"<p>La Biblioteca civica di Belluno si propone al pubblico anche attraverso i nuovi sistemi di comunicazione, utilizzati in particolare dai giovani. L\u2019esordio e l\u2019apertura del canale dedicato su YouTube tre mesi fa con la pubblicazione della video intervista a Gigliola Beratto, compagna di vita del poeta e scrittore Beniamino Dal Fabbro. Da alcune settimane poi [&hellip;]<\/p>\n","protected":false},"author":2,"featured_media":0,"comment_status":"closed","ping_status":"open","sticky":false,"template":"","format":"standard","meta":{"footnotes":""},"categories":[3,26],"tags":[],"class_list":["post-26045","post","type-post","status-publish","format-standard","category-arte-cultura-spettacoli-scienza-archivi","category-prima-pagina"],"yoast_head":"<!-- This site is optimized with the Yoast SEO plugin v28.4 - https:\/\/yoast.com\/product\/yoast-seo-wordpress\/ -->\n<title>Biblioteca su YouTube e Facebook Un video di presentazione e una pagina dedicata - Bellunopress - Dolomiti<\/title>\n<meta name=\"robots\" content=\"index, follow, max-snippet:-1, max-image-preview:large, max-video-preview:-1\" \/>\n<link rel=\"canonical\" href=\"https:\/\/www.bellunopress.it\/fr\/2011\/04\/27\/biblioteca-su-youtube-e-facebook-un-video-di-presentazione-e-una-pagina-dedicata\/\" \/>\n<meta property=\"og:locale\" content=\"fr_FR\" \/>\n<meta property=\"og:type\" content=\"article\" \/>\n<meta property=\"og:title\" content=\"Biblioteca su YouTube e Facebook Un video di presentazione e una pagina dedicata - Bellunopress - Dolomiti\" \/>\n<meta property=\"og:description\" content=\"La Biblioteca civica di Belluno si propone al pubblico anche attraverso i nuovi sistemi di comunicazione, utilizzati in particolare dai giovani. L\u2019esordio e l\u2019apertura del canale dedicato su YouTube tre mesi fa con la pubblicazione della video intervista a Gigliola Beratto, compagna di vita del poeta e scrittore Beniamino Dal Fabbro. Da alcune settimane poi [&hellip;]\" \/>\n<meta property=\"og:url\" content=\"https:\/\/www.bellunopress.it\/fr\/2011\/04\/27\/biblioteca-su-youtube-e-facebook-un-video-di-presentazione-e-una-pagina-dedicata\/\" \/>\n<meta property=\"og:site_name\" content=\"Bellunopress - Dolomiti\" \/>\n<meta property=\"article:publisher\" content=\"https:\/\/www.facebook.com\/profile.php?id=100008943462799\" \/>\n<meta property=\"article:published_time\" content=\"2011-04-27T08:19:36+00:00\" \/>\n<meta property=\"og:image\" content=\"http:\/\/www.bellunopress.it\/wp-content\/uploads\/2009\/12\/crepadona.jpg\" \/>\n<meta name=\"author\" content=\"redazione\" \/>\n<meta name=\"twitter:card\" content=\"summary_large_image\" \/>\n<meta name=\"twitter:creator\" content=\"@bellunopress\" \/>\n<meta name=\"twitter:site\" content=\"@bellunopress\" \/>\n<meta name=\"twitter:label1\" content=\"\u00c9crit par\" \/>\n\t<meta name=\"twitter:data1\" content=\"redazione\" \/>\n\t<meta name=\"twitter:label2\" content=\"Dur\u00e9e de lecture estim\u00e9e\" \/>\n\t<meta name=\"twitter:data2\" content=\"2 minutes\" \/>\n<script type=\"application\/ld+json\" class=\"yoast-schema-graph\">{\"@context\":\"https:\\\/\\\/schema.org\",\"@graph\":[{\"@type\":\"Article\",\"@id\":\"https:\\\/\\\/www.bellunopress.it\\\/2011\\\/04\\\/27\\\/biblioteca-su-youtube-e-facebook-un-video-di-presentazione-e-una-pagina-dedicata\\\/#article\",\"isPartOf\":{\"@id\":\"https:\\\/\\\/www.bellunopress.it\\\/2011\\\/04\\\/27\\\/biblioteca-su-youtube-e-facebook-un-video-di-presentazione-e-una-pagina-dedicata\\\/\"},\"author\":{\"name\":\"redazione\",\"@id\":\"https:\\\/\\\/www.bellunopress.it\\\/#\\\/schema\\\/person\\\/79bb06722b37ece1c03d3e94beb30d73\"},\"headline\":\"Biblioteca su YouTube e Facebook Un video di presentazione e una pagina dedicata\",\"datePublished\":\"2011-04-27T08:19:36+00:00\",\"mainEntityOfPage\":{\"@id\":\"https:\\\/\\\/www.bellunopress.it\\\/2011\\\/04\\\/27\\\/biblioteca-su-youtube-e-facebook-un-video-di-presentazione-e-una-pagina-dedicata\\\/\"},\"wordCount\":336,\"publisher\":{\"@id\":\"https:\\\/\\\/www.bellunopress.it\\\/#organization\"},\"image\":{\"@id\":\"https:\\\/\\\/www.bellunopress.it\\\/2011\\\/04\\\/27\\\/biblioteca-su-youtube-e-facebook-un-video-di-presentazione-e-una-pagina-dedicata\\\/#primaryimage\"},\"thumbnailUrl\":\"http:\\\/\\\/www.bellunopress.it\\\/wp-content\\\/uploads\\\/2009\\\/12\\\/crepadona.jpg\",\"articleSection\":[\"Arte, Cultura, Spettacoli, Scienza\",\"Prima Pagina\"],\"inLanguage\":\"fr-FR\"},{\"@type\":\"WebPage\",\"@id\":\"https:\\\/\\\/www.bellunopress.it\\\/2011\\\/04\\\/27\\\/biblioteca-su-youtube-e-facebook-un-video-di-presentazione-e-una-pagina-dedicata\\\/\",\"url\":\"https:\\\/\\\/www.bellunopress.it\\\/2011\\\/04\\\/27\\\/biblioteca-su-youtube-e-facebook-un-video-di-presentazione-e-una-pagina-dedicata\\\/\",\"name\":\"Biblioteca su YouTube e Facebook Un video di presentazione e una pagina dedicata - Bellunopress - Dolomiti\",\"isPartOf\":{\"@id\":\"https:\\\/\\\/www.bellunopress.it\\\/#website\"},\"primaryImageOfPage\":{\"@id\":\"https:\\\/\\\/www.bellunopress.it\\\/2011\\\/04\\\/27\\\/biblioteca-su-youtube-e-facebook-un-video-di-presentazione-e-una-pagina-dedicata\\\/#primaryimage\"},\"image\":{\"@id\":\"https:\\\/\\\/www.bellunopress.it\\\/2011\\\/04\\\/27\\\/biblioteca-su-youtube-e-facebook-un-video-di-presentazione-e-una-pagina-dedicata\\\/#primaryimage\"},\"thumbnailUrl\":\"http:\\\/\\\/www.bellunopress.it\\\/wp-content\\\/uploads\\\/2009\\\/12\\\/crepadona.jpg\",\"datePublished\":\"2011-04-27T08:19:36+00:00\",\"breadcrumb\":{\"@id\":\"https:\\\/\\\/www.bellunopress.it\\\/2011\\\/04\\\/27\\\/biblioteca-su-youtube-e-facebook-un-video-di-presentazione-e-una-pagina-dedicata\\\/#breadcrumb\"},\"inLanguage\":\"fr-FR\",\"potentialAction\":[{\"@type\":\"ReadAction\",\"target\":[\"https:\\\/\\\/www.bellunopress.it\\\/2011\\\/04\\\/27\\\/biblioteca-su-youtube-e-facebook-un-video-di-presentazione-e-una-pagina-dedicata\\\/\"]}]},{\"@type\":\"ImageObject\",\"inLanguage\":\"fr-FR\",\"@id\":\"https:\\\/\\\/www.bellunopress.it\\\/2011\\\/04\\\/27\\\/biblioteca-su-youtube-e-facebook-un-video-di-presentazione-e-una-pagina-dedicata\\\/#primaryimage\",\"url\":\"http:\\\/\\\/www.bellunopress.it\\\/wp-content\\\/uploads\\\/2009\\\/12\\\/crepadona.jpg\",\"contentUrl\":\"http:\\\/\\\/www.bellunopress.it\\\/wp-content\\\/uploads\\\/2009\\\/12\\\/crepadona.jpg\"},{\"@type\":\"BreadcrumbList\",\"@id\":\"https:\\\/\\\/www.bellunopress.it\\\/2011\\\/04\\\/27\\\/biblioteca-su-youtube-e-facebook-un-video-di-presentazione-e-una-pagina-dedicata\\\/#breadcrumb\",\"itemListElement\":[{\"@type\":\"ListItem\",\"position\":1,\"name\":\"Home\",\"item\":\"https:\\\/\\\/www.bellunopress.it\\\/\"},{\"@type\":\"ListItem\",\"position\":2,\"name\":\"Biblioteca su YouTube e Facebook Un video di presentazione e una pagina dedicata\"}]},{\"@type\":\"WebSite\",\"@id\":\"https:\\\/\\\/www.bellunopress.it\\\/#website\",\"url\":\"https:\\\/\\\/www.bellunopress.it\\\/\",\"name\":\"Bellunopress - Dolomiti\",\"description\":\"e-mail: redazione@bellunopress.it\",\"publisher\":{\"@id\":\"https:\\\/\\\/www.bellunopress.it\\\/#organization\"},\"potentialAction\":[{\"@type\":\"SearchAction\",\"target\":{\"@type\":\"EntryPoint\",\"urlTemplate\":\"https:\\\/\\\/www.bellunopress.it\\\/?s={search_term_string}\"},\"query-input\":{\"@type\":\"PropertyValueSpecification\",\"valueRequired\":true,\"valueName\":\"search_term_string\"}}],\"inLanguage\":\"fr-FR\"},{\"@type\":\"Organization\",\"@id\":\"https:\\\/\\\/www.bellunopress.it\\\/#organization\",\"name\":\"Bellunopress\",\"url\":\"https:\\\/\\\/www.bellunopress.it\\\/\",\"logo\":{\"@type\":\"ImageObject\",\"inLanguage\":\"fr-FR\",\"@id\":\"https:\\\/\\\/www.bellunopress.it\\\/#\\\/schema\\\/logo\\\/image\\\/\",\"url\":\"https:\\\/\\\/www.bellunopress.it\\\/wp-content\\\/uploads\\\/2011\\\/05\\\/cropped-logo-bellunopress-.jpg\",\"contentUrl\":\"https:\\\/\\\/www.bellunopress.it\\\/wp-content\\\/uploads\\\/2011\\\/05\\\/cropped-logo-bellunopress-.jpg\",\"width\":512,\"height\":512,\"caption\":\"Bellunopress\"},\"image\":{\"@id\":\"https:\\\/\\\/www.bellunopress.it\\\/#\\\/schema\\\/logo\\\/image\\\/\"},\"sameAs\":[\"https:\\\/\\\/www.facebook.com\\\/profile.php?id=100008943462799\",\"https:\\\/\\\/x.com\\\/bellunopress\",\"https:\\\/\\\/www.linkedin.com\\\/hp\\\/?dnr=JBzUWaJfMUw8vbXJJ2tVW5-I3jZKvC4wsoxE&amp;amp;amp;amp;amp;amp;trk=nav_responsive_tab_home\",\"https:\\\/\\\/www.youtube.com\\\/channel\\\/UCxL0wu1uN0_3_7hGG0306cw\"]},{\"@type\":\"Person\",\"@id\":\"https:\\\/\\\/www.bellunopress.it\\\/#\\\/schema\\\/person\\\/79bb06722b37ece1c03d3e94beb30d73\",\"name\":\"redazione\",\"image\":{\"@type\":\"ImageObject\",\"inLanguage\":\"fr-FR\",\"@id\":\"https:\\\/\\\/secure.gravatar.com\\\/avatar\\\/37d968a2e67a6fd04c169c4bdef102d0bc5d31b2546345219e348575eb80e9a0?s=96&d=mm&r=g\",\"url\":\"https:\\\/\\\/secure.gravatar.com\\\/avatar\\\/37d968a2e67a6fd04c169c4bdef102d0bc5d31b2546345219e348575eb80e9a0?s=96&d=mm&r=g\",\"contentUrl\":\"https:\\\/\\\/secure.gravatar.com\\\/avatar\\\/37d968a2e67a6fd04c169c4bdef102d0bc5d31b2546345219e348575eb80e9a0?s=96&d=mm&r=g\",\"caption\":\"redazione\"},\"sameAs\":[\"http:\\\/\\\/www.bellunopress.it\",\"https:\\\/\\\/x.com\\\/bellunopress\"],\"url\":\"https:\\\/\\\/www.bellunopress.it\\\/fr\\\/author\\\/redazione\\\/\"}]}<\/script>\n<!-- \/ Yoast SEO plugin. -->","yoast_head_json":{"title":"Biblioteca su YouTube e Facebook Un video di presentazione e una pagina dedicata - Bellunopress - Dolomiti","robots":{"index":"index","follow":"follow","max-snippet":"max-snippet:-1","max-image-preview":"max-image-preview:large","max-video-preview":"max-video-preview:-1"},"canonical":"https:\/\/www.bellunopress.it\/fr\/2011\/04\/27\/biblioteca-su-youtube-e-facebook-un-video-di-presentazione-e-una-pagina-dedicata\/","og_locale":"fr_FR","og_type":"article","og_title":"Biblioteca su YouTube e Facebook Un video di presentazione e una pagina dedicata - Bellunopress - Dolomiti","og_description":"La Biblioteca civica di Belluno si propone al pubblico anche attraverso i nuovi sistemi di comunicazione, utilizzati in particolare dai giovani. L\u2019esordio e l\u2019apertura del canale dedicato su YouTube tre mesi fa con la pubblicazione della video intervista a Gigliola Beratto, compagna di vita del poeta e scrittore Beniamino Dal Fabbro. Da alcune settimane poi [&hellip;]","og_url":"https:\/\/www.bellunopress.it\/fr\/2011\/04\/27\/biblioteca-su-youtube-e-facebook-un-video-di-presentazione-e-una-pagina-dedicata\/","og_site_name":"Bellunopress - Dolomiti","article_publisher":"https:\/\/www.facebook.com\/profile.php?id=100008943462799","article_published_time":"2011-04-27T08:19:36+00:00","og_image":[{"url":"http:\/\/www.bellunopress.it\/wp-content\/uploads\/2009\/12\/crepadona.jpg","type":"","width":"","height":""}],"author":"redazione","twitter_card":"summary_large_image","twitter_creator":"@bellunopress","twitter_site":"@bellunopress","twitter_misc":{"\u00c9crit par":"redazione","Dur\u00e9e de lecture estim\u00e9e":"2 minutes"},"schema":{"@context":"https:\/\/schema.org","@graph":[{"@type":"Article","@id":"https:\/\/www.bellunopress.it\/2011\/04\/27\/biblioteca-su-youtube-e-facebook-un-video-di-presentazione-e-una-pagina-dedicata\/#article","isPartOf":{"@id":"https:\/\/www.bellunopress.it\/2011\/04\/27\/biblioteca-su-youtube-e-facebook-un-video-di-presentazione-e-una-pagina-dedicata\/"},"author":{"name":"redazione","@id":"https:\/\/www.bellunopress.it\/#\/schema\/person\/79bb06722b37ece1c03d3e94beb30d73"},"headline":"Biblioteca su YouTube e Facebook Un video di presentazione e una pagina dedicata","datePublished":"2011-04-27T08:19:36+00:00","mainEntityOfPage":{"@id":"https:\/\/www.bellunopress.it\/2011\/04\/27\/biblioteca-su-youtube-e-facebook-un-video-di-presentazione-e-una-pagina-dedicata\/"},"wordCount":336,"publisher":{"@id":"https:\/\/www.bellunopress.it\/#organization"},"image":{"@id":"https:\/\/www.bellunopress.it\/2011\/04\/27\/biblioteca-su-youtube-e-facebook-un-video-di-presentazione-e-una-pagina-dedicata\/#primaryimage"},"thumbnailUrl":"http:\/\/www.bellunopress.it\/wp-content\/uploads\/2009\/12\/crepadona.jpg","articleSection":["Arte, Cultura, Spettacoli, Scienza","Prima Pagina"],"inLanguage":"fr-FR"},{"@type":"WebPage","@id":"https:\/\/www.bellunopress.it\/2011\/04\/27\/biblioteca-su-youtube-e-facebook-un-video-di-presentazione-e-una-pagina-dedicata\/","url":"https:\/\/www.bellunopress.it\/2011\/04\/27\/biblioteca-su-youtube-e-facebook-un-video-di-presentazione-e-una-pagina-dedicata\/","name":"Biblioteca su YouTube e Facebook Un video di presentazione e una pagina dedicata - Bellunopress - Dolomiti","isPartOf":{"@id":"https:\/\/www.bellunopress.it\/#website"},"primaryImageOfPage":{"@id":"https:\/\/www.bellunopress.it\/2011\/04\/27\/biblioteca-su-youtube-e-facebook-un-video-di-presentazione-e-una-pagina-dedicata\/#primaryimage"},"image":{"@id":"https:\/\/www.bellunopress.it\/2011\/04\/27\/biblioteca-su-youtube-e-facebook-un-video-di-presentazione-e-una-pagina-dedicata\/#primaryimage"},"thumbnailUrl":"http:\/\/www.bellunopress.it\/wp-content\/uploads\/2009\/12\/crepadona.jpg","datePublished":"2011-04-27T08:19:36+00:00","breadcrumb":{"@id":"https:\/\/www.bellunopress.it\/2011\/04\/27\/biblioteca-su-youtube-e-facebook-un-video-di-presentazione-e-una-pagina-dedicata\/#breadcrumb"},"inLanguage":"fr-FR","potentialAction":[{"@type":"ReadAction","target":["https:\/\/www.bellunopress.it\/2011\/04\/27\/biblioteca-su-youtube-e-facebook-un-video-di-presentazione-e-una-pagina-dedicata\/"]}]},{"@type":"ImageObject","inLanguage":"fr-FR","@id":"https:\/\/www.bellunopress.it\/2011\/04\/27\/biblioteca-su-youtube-e-facebook-un-video-di-presentazione-e-una-pagina-dedicata\/#primaryimage","url":"http:\/\/www.bellunopress.it\/wp-content\/uploads\/2009\/12\/crepadona.jpg","contentUrl":"http:\/\/www.bellunopress.it\/wp-content\/uploads\/2009\/12\/crepadona.jpg"},{"@type":"BreadcrumbList","@id":"https:\/\/www.bellunopress.it\/2011\/04\/27\/biblioteca-su-youtube-e-facebook-un-video-di-presentazione-e-una-pagina-dedicata\/#breadcrumb","itemListElement":[{"@type":"ListItem","position":1,"name":"Home","item":"https:\/\/www.bellunopress.it\/"},{"@type":"ListItem","position":2,"name":"Biblioteca su YouTube e Facebook Un video di presentazione e una pagina dedicata"}]},{"@type":"WebSite","@id":"https:\/\/www.bellunopress.it\/#website","url":"https:\/\/www.bellunopress.it\/","name":"Bellunopress - Dolomiti","description":"e-mail: redazione@bellunopress.it","publisher":{"@id":"https:\/\/www.bellunopress.it\/#organization"},"potentialAction":[{"@type":"SearchAction","target":{"@type":"EntryPoint","urlTemplate":"https:\/\/www.bellunopress.it\/?s={search_term_string}"},"query-input":{"@type":"PropertyValueSpecification","valueRequired":true,"valueName":"search_term_string"}}],"inLanguage":"fr-FR"},{"@type":"Organization","@id":"https:\/\/www.bellunopress.it\/#organization","name":"Bellunopress","url":"https:\/\/www.bellunopress.it\/","logo":{"@type":"ImageObject","inLanguage":"fr-FR","@id":"https:\/\/www.bellunopress.it\/#\/schema\/logo\/image\/","url":"https:\/\/www.bellunopress.it\/wp-content\/uploads\/2011\/05\/cropped-logo-bellunopress-.jpg","contentUrl":"https:\/\/www.bellunopress.it\/wp-content\/uploads\/2011\/05\/cropped-logo-bellunopress-.jpg","width":512,"height":512,"caption":"Bellunopress"},"image":{"@id":"https:\/\/www.bellunopress.it\/#\/schema\/logo\/image\/"},"sameAs":["https:\/\/www.facebook.com\/profile.php?id=100008943462799","https:\/\/x.com\/bellunopress","https:\/\/www.linkedin.com\/hp\/?dnr=JBzUWaJfMUw8vbXJJ2tVW5-I3jZKvC4wsoxE&amp;amp;amp;amp;amp;amp;trk=nav_responsive_tab_home","https:\/\/www.youtube.com\/channel\/UCxL0wu1uN0_3_7hGG0306cw"]},{"@type":"Person","@id":"https:\/\/www.bellunopress.it\/#\/schema\/person\/79bb06722b37ece1c03d3e94beb30d73","name":"r\u00e9daction","image":{"@type":"ImageObject","inLanguage":"fr-FR","@id":"https:\/\/secure.gravatar.com\/avatar\/37d968a2e67a6fd04c169c4bdef102d0bc5d31b2546345219e348575eb80e9a0?s=96&d=mm&r=g","url":"https:\/\/secure.gravatar.com\/avatar\/37d968a2e67a6fd04c169c4bdef102d0bc5d31b2546345219e348575eb80e9a0?s=96&d=mm&r=g","contentUrl":"https:\/\/secure.gravatar.com\/avatar\/37d968a2e67a6fd04c169c4bdef102d0bc5d31b2546345219e348575eb80e9a0?s=96&d=mm&r=g","caption":"redazione"},"sameAs":["http:\/\/www.bellunopress.it","https:\/\/x.com\/bellunopress"],"url":"https:\/\/www.bellunopress.it\/fr\/author\/redazione\/"}]}},"_links":{"self":[{"href":"https:\/\/www.bellunopress.it\/fr\/wp-json\/wp\/v2\/posts\/26045","targetHints":{"allow":["GET"]}}],"collection":[{"href":"https:\/\/www.bellunopress.it\/fr\/wp-json\/wp\/v2\/posts"}],"about":[{"href":"https:\/\/www.bellunopress.it\/fr\/wp-json\/wp\/v2\/types\/post"}],"author":[{"embeddable":true,"href":"https:\/\/www.bellunopress.it\/fr\/wp-json\/wp\/v2\/users\/2"}],"replies":[{"embeddable":true,"href":"https:\/\/www.bellunopress.it\/fr\/wp-json\/wp\/v2\/comments?post=26045"}],"version-history":[{"count":1,"href":"https:\/\/www.bellunopress.it\/fr\/wp-json\/wp\/v2\/posts\/26045\/revisions"}],"predecessor-version":[{"id":26046,"href":"https:\/\/www.bellunopress.it\/fr\/wp-json\/wp\/v2\/posts\/26045\/revisions\/26046"}],"wp:attachment":[{"href":"https:\/\/www.bellunopress.it\/fr\/wp-json\/wp\/v2\/media?parent=26045"}],"wp:term":[{"taxonomy":"category","embeddable":true,"href":"https:\/\/www.bellunopress.it\/fr\/wp-json\/wp\/v2\/categories?post=26045"},{"taxonomy":"post_tag","embeddable":true,"href":"https:\/\/www.bellunopress.it\/fr\/wp-json\/wp\/v2\/tags?post=26045"}],"curies":[{"name":"wp","href":"https:\/\/api.w.org\/{rel}","templated":true}]}}