{"id":26041,"date":"2011-04-27T10:12:48","date_gmt":"2011-04-27T09:12:48","guid":{"rendered":"http:\/\/www.bellunopress.it\/?p=26041"},"modified":"2011-04-26T21:15:13","modified_gmt":"2011-04-26T20:15:13","slug":"giovani-talenti-made-in-belluno-si-vota-fino-alle-12-di-giovedi-28-aprile","status":"publish","type":"post","link":"https:\/\/www.bellunopress.it\/fr\/2011\/04\/27\/giovani-talenti-made-in-belluno-si-vota-fino-alle-12-di-giovedi-28-aprile\/","title":{"rendered":"Giovani Talenti Made in Belluno: si vota fino alle 12 di gioved\u00ec 28 aprile"},"content":{"rendered":"<figure id=\"attachment_18387\" aria-describedby=\"caption-attachment-18387\" style=\"width: 270px\" class=\"wp-caption alignleft\"><a href=\"http:\/\/www.bellunopress.it\/wp-content\/uploads\/2010\/08\/marco-da-rin-zanco-270x270.jpg\"><img loading=\"lazy\" decoding=\"async\" class=\"size-full wp-image-18387\" title=\"marco-da-rin-zanco-270x270\" src=\"http:\/\/www.bellunopress.it\/wp-content\/uploads\/2010\/08\/marco-da-rin-zanco-270x270.jpg\" alt=\"\" width=\"270\" height=\"270\" srcset=\"https:\/\/www.bellunopress.it\/wp-content\/uploads\/2010\/08\/marco-da-rin-zanco-270x270.jpg 270w, https:\/\/www.bellunopress.it\/wp-content\/uploads\/2010\/08\/marco-da-rin-zanco-270x270-150x150.jpg 150w\" sizes=\"auto, (max-width: 270px) 100vw, 270px\" \/><\/a><figcaption id=\"caption-attachment-18387\" class=\"wp-caption-text\">Marco Da Rin Zanco<\/figcaption><\/figure>\n<p>Tra una gita fuori porta e l&#8217;altra, nello scorso week end, sono stati particolarmente frequentati anche i sentieri virtuali con destinazione Bellunogiovane, per il voto popolare del concorso Giovani Talenti Made in Belluno.<br \/>\nLa giuria virtuale si \u00e8 davvero animata: sono pi\u00f9 di 350, infatti, le persone che finora hanno votato esprimendo la loro preferenza rispetto alla rosa dei 17 candidati ammessi alla selezione.<br \/>\n\u201cCredo si tratti, fin qui, di un bel risultato \u2013 commenta l&#8217;assessore alle Politiche giovanili del Comune di Belluno, Marco Da Rin Zanco, ideatore del progetto \u2013 e mi fa davvero piacere immaginare il fermento di chi sta lavorando anche di passaparola per invitare al voto. Dietro il desiderio di far emergere il talento di un amico o di un conoscente, infatti, mette radici la consapevolezza che dentro il nostro territorio ci sono energie positive, giovani talenti capaci di dare frutto e di tenere alto il valore del tessuto sociale di Belluno\u201d. Per votare, \u00e8 necessario registrarsi al portale <a href=\"http:\/\/www.bellunogiovane.it\/\">www.bellunogiovane.it<\/a> e poi cliccare sull&#8217;etichetta &#8220;Vota il talento!&#8221;. E&#8217; possibile votare una sola volta, esprimendo un&#8217;unica preferenza. Il termine per le votazioni scadr\u00e0 alle ore 12 del 28 aprile 2011. Sempre dal portale Bellunogiovane, inoltre, \u00e8 possibile anche visionare le candidature. La premiazione del concorso avr\u00e0 luogo il 14 maggio 2011, al Centro Giovanni XXIII, nell&#8217;ambito dell&#8217;evento \u201cBelluno Luogo Comune\u201d, di cui verranno resi noti i dettagli a breve. Oltre al premio della giuria popolare, nella stessa giornata verr\u00e0 reso noto il giudizio della Commissione comunale appositamente costituita per lavorare su questo concorso che ha tra le sue finalit\u00e0 principali anche l&#8217;aspetto del mentoring, richiedendo ai talenti di essere disponibili a dare qualche dritta ad altri giovani che sognino un futuro di concreto successo e di soddisfazione.<\/p>","protected":false},"excerpt":{"rendered":"<p>Tra una gita fuori porta e l&#8217;altra, nello scorso week end, sono stati particolarmente frequentati anche i sentieri virtuali con destinazione Bellunogiovane, per il voto popolare del concorso Giovani Talenti Made in Belluno. La giuria virtuale si \u00e8 davvero animata: sono pi\u00f9 di 350, infatti, le persone che finora hanno votato esprimendo la loro preferenza [&hellip;]<\/p>\n","protected":false},"author":2,"featured_media":0,"comment_status":"closed","ping_status":"open","sticky":false,"template":"","format":"standard","meta":{"footnotes":""},"categories":[26,8],"tags":[],"class_list":["post-26041","post","type-post","status-publish","format-standard","category-prima-pagina","category-societa-istituzioni"],"yoast_head":"<!-- This site is optimized with the Yoast SEO plugin v28.4 - https:\/\/yoast.com\/product\/yoast-seo-wordpress\/ -->\n<title>Giovani Talenti Made in Belluno: si vota fino alle 12 di gioved\u00ec 28 aprile - Bellunopress - Dolomiti<\/title>\n<meta name=\"robots\" content=\"index, follow, max-snippet:-1, max-image-preview:large, max-video-preview:-1\" \/>\n<link rel=\"canonical\" href=\"https:\/\/www.bellunopress.it\/fr\/2011\/04\/27\/giovani-talenti-made-in-belluno-si-vota-fino-alle-12-di-giovedi-28-aprile\/\" \/>\n<meta property=\"og:locale\" content=\"fr_FR\" \/>\n<meta property=\"og:type\" content=\"article\" \/>\n<meta property=\"og:title\" content=\"Giovani Talenti Made in Belluno: si vota fino alle 12 di gioved\u00ec 28 aprile - Bellunopress - Dolomiti\" \/>\n<meta property=\"og:description\" content=\"Tra una gita fuori porta e l&#8217;altra, nello scorso week end, sono stati particolarmente frequentati anche i sentieri virtuali con destinazione Bellunogiovane, per il voto popolare del concorso Giovani Talenti Made in Belluno. La giuria virtuale si \u00e8 davvero animata: sono pi\u00f9 di 350, infatti, le persone che finora hanno votato esprimendo la loro preferenza [&hellip;]\" \/>\n<meta property=\"og:url\" content=\"https:\/\/www.bellunopress.it\/fr\/2011\/04\/27\/giovani-talenti-made-in-belluno-si-vota-fino-alle-12-di-giovedi-28-aprile\/\" \/>\n<meta property=\"og:site_name\" content=\"Bellunopress - Dolomiti\" \/>\n<meta property=\"article:publisher\" content=\"https:\/\/www.facebook.com\/profile.php?id=100008943462799\" \/>\n<meta property=\"article:published_time\" content=\"2011-04-27T09:12:48+00:00\" \/>\n<meta property=\"og:image\" content=\"http:\/\/www.bellunopress.it\/wp-content\/uploads\/2010\/08\/marco-da-rin-zanco-270x270.jpg\" \/>\n<meta name=\"author\" content=\"redazione\" \/>\n<meta name=\"twitter:card\" content=\"summary_large_image\" \/>\n<meta name=\"twitter:creator\" content=\"@bellunopress\" \/>\n<meta name=\"twitter:site\" content=\"@bellunopress\" \/>\n<meta name=\"twitter:label1\" content=\"\u00c9crit par\" \/>\n\t<meta name=\"twitter:data1\" content=\"redazione\" \/>\n\t<meta name=\"twitter:label2\" content=\"Dur\u00e9e de lecture estim\u00e9e\" \/>\n\t<meta name=\"twitter:data2\" content=\"1 minute\" \/>\n<script type=\"application\/ld+json\" class=\"yoast-schema-graph\">{\"@context\":\"https:\\\/\\\/schema.org\",\"@graph\":[{\"@type\":\"Article\",\"@id\":\"https:\\\/\\\/www.bellunopress.it\\\/2011\\\/04\\\/27\\\/giovani-talenti-made-in-belluno-si-vota-fino-alle-12-di-giovedi-28-aprile\\\/#article\",\"isPartOf\":{\"@id\":\"https:\\\/\\\/www.bellunopress.it\\\/2011\\\/04\\\/27\\\/giovani-talenti-made-in-belluno-si-vota-fino-alle-12-di-giovedi-28-aprile\\\/\"},\"author\":{\"name\":\"redazione\",\"@id\":\"https:\\\/\\\/www.bellunopress.it\\\/#\\\/schema\\\/person\\\/79bb06722b37ece1c03d3e94beb30d73\"},\"headline\":\"Giovani Talenti Made in Belluno: si vota fino alle 12 di gioved\u00ec 28 aprile\",\"datePublished\":\"2011-04-27T09:12:48+00:00\",\"mainEntityOfPage\":{\"@id\":\"https:\\\/\\\/www.bellunopress.it\\\/2011\\\/04\\\/27\\\/giovani-talenti-made-in-belluno-si-vota-fino-alle-12-di-giovedi-28-aprile\\\/\"},\"wordCount\":311,\"publisher\":{\"@id\":\"https:\\\/\\\/www.bellunopress.it\\\/#organization\"},\"image\":{\"@id\":\"https:\\\/\\\/www.bellunopress.it\\\/2011\\\/04\\\/27\\\/giovani-talenti-made-in-belluno-si-vota-fino-alle-12-di-giovedi-28-aprile\\\/#primaryimage\"},\"thumbnailUrl\":\"http:\\\/\\\/www.bellunopress.it\\\/wp-content\\\/uploads\\\/2010\\\/08\\\/marco-da-rin-zanco-270x270.jpg\",\"articleSection\":[\"Prima Pagina\",\"Societ\u00e0, Associazioni, Istituzioni\"],\"inLanguage\":\"fr-FR\"},{\"@type\":\"WebPage\",\"@id\":\"https:\\\/\\\/www.bellunopress.it\\\/2011\\\/04\\\/27\\\/giovani-talenti-made-in-belluno-si-vota-fino-alle-12-di-giovedi-28-aprile\\\/\",\"url\":\"https:\\\/\\\/www.bellunopress.it\\\/2011\\\/04\\\/27\\\/giovani-talenti-made-in-belluno-si-vota-fino-alle-12-di-giovedi-28-aprile\\\/\",\"name\":\"Giovani Talenti Made in Belluno: si vota fino alle 12 di gioved\u00ec 28 aprile - Bellunopress - Dolomiti\",\"isPartOf\":{\"@id\":\"https:\\\/\\\/www.bellunopress.it\\\/#website\"},\"primaryImageOfPage\":{\"@id\":\"https:\\\/\\\/www.bellunopress.it\\\/2011\\\/04\\\/27\\\/giovani-talenti-made-in-belluno-si-vota-fino-alle-12-di-giovedi-28-aprile\\\/#primaryimage\"},\"image\":{\"@id\":\"https:\\\/\\\/www.bellunopress.it\\\/2011\\\/04\\\/27\\\/giovani-talenti-made-in-belluno-si-vota-fino-alle-12-di-giovedi-28-aprile\\\/#primaryimage\"},\"thumbnailUrl\":\"http:\\\/\\\/www.bellunopress.it\\\/wp-content\\\/uploads\\\/2010\\\/08\\\/marco-da-rin-zanco-270x270.jpg\",\"datePublished\":\"2011-04-27T09:12:48+00:00\",\"breadcrumb\":{\"@id\":\"https:\\\/\\\/www.bellunopress.it\\\/2011\\\/04\\\/27\\\/giovani-talenti-made-in-belluno-si-vota-fino-alle-12-di-giovedi-28-aprile\\\/#breadcrumb\"},\"inLanguage\":\"fr-FR\",\"potentialAction\":[{\"@type\":\"ReadAction\",\"target\":[\"https:\\\/\\\/www.bellunopress.it\\\/2011\\\/04\\\/27\\\/giovani-talenti-made-in-belluno-si-vota-fino-alle-12-di-giovedi-28-aprile\\\/\"]}]},{\"@type\":\"ImageObject\",\"inLanguage\":\"fr-FR\",\"@id\":\"https:\\\/\\\/www.bellunopress.it\\\/2011\\\/04\\\/27\\\/giovani-talenti-made-in-belluno-si-vota-fino-alle-12-di-giovedi-28-aprile\\\/#primaryimage\",\"url\":\"http:\\\/\\\/www.bellunopress.it\\\/wp-content\\\/uploads\\\/2010\\\/08\\\/marco-da-rin-zanco-270x270.jpg\",\"contentUrl\":\"http:\\\/\\\/www.bellunopress.it\\\/wp-content\\\/uploads\\\/2010\\\/08\\\/marco-da-rin-zanco-270x270.jpg\"},{\"@type\":\"BreadcrumbList\",\"@id\":\"https:\\\/\\\/www.bellunopress.it\\\/2011\\\/04\\\/27\\\/giovani-talenti-made-in-belluno-si-vota-fino-alle-12-di-giovedi-28-aprile\\\/#breadcrumb\",\"itemListElement\":[{\"@type\":\"ListItem\",\"position\":1,\"name\":\"Home\",\"item\":\"https:\\\/\\\/www.bellunopress.it\\\/\"},{\"@type\":\"ListItem\",\"position\":2,\"name\":\"Giovani Talenti Made in Belluno: si vota fino alle 12 di gioved\u00ec 28 aprile\"}]},{\"@type\":\"WebSite\",\"@id\":\"https:\\\/\\\/www.bellunopress.it\\\/#website\",\"url\":\"https:\\\/\\\/www.bellunopress.it\\\/\",\"name\":\"Bellunopress - Dolomiti\",\"description\":\"e-mail: redazione@bellunopress.it\",\"publisher\":{\"@id\":\"https:\\\/\\\/www.bellunopress.it\\\/#organization\"},\"potentialAction\":[{\"@type\":\"SearchAction\",\"target\":{\"@type\":\"EntryPoint\",\"urlTemplate\":\"https:\\\/\\\/www.bellunopress.it\\\/?s={search_term_string}\"},\"query-input\":{\"@type\":\"PropertyValueSpecification\",\"valueRequired\":true,\"valueName\":\"search_term_string\"}}],\"inLanguage\":\"fr-FR\"},{\"@type\":\"Organization\",\"@id\":\"https:\\\/\\\/www.bellunopress.it\\\/#organization\",\"name\":\"Bellunopress\",\"url\":\"https:\\\/\\\/www.bellunopress.it\\\/\",\"logo\":{\"@type\":\"ImageObject\",\"inLanguage\":\"fr-FR\",\"@id\":\"https:\\\/\\\/www.bellunopress.it\\\/#\\\/schema\\\/logo\\\/image\\\/\",\"url\":\"https:\\\/\\\/www.bellunopress.it\\\/wp-content\\\/uploads\\\/2011\\\/05\\\/cropped-logo-bellunopress-.jpg\",\"contentUrl\":\"https:\\\/\\\/www.bellunopress.it\\\/wp-content\\\/uploads\\\/2011\\\/05\\\/cropped-logo-bellunopress-.jpg\",\"width\":512,\"height\":512,\"caption\":\"Bellunopress\"},\"image\":{\"@id\":\"https:\\\/\\\/www.bellunopress.it\\\/#\\\/schema\\\/logo\\\/image\\\/\"},\"sameAs\":[\"https:\\\/\\\/www.facebook.com\\\/profile.php?id=100008943462799\",\"https:\\\/\\\/x.com\\\/bellunopress\",\"https:\\\/\\\/www.linkedin.com\\\/hp\\\/?dnr=JBzUWaJfMUw8vbXJJ2tVW5-I3jZKvC4wsoxE&amp;amp;amp;amp;amp;amp;trk=nav_responsive_tab_home\",\"https:\\\/\\\/www.youtube.com\\\/channel\\\/UCxL0wu1uN0_3_7hGG0306cw\"]},{\"@type\":\"Person\",\"@id\":\"https:\\\/\\\/www.bellunopress.it\\\/#\\\/schema\\\/person\\\/79bb06722b37ece1c03d3e94beb30d73\",\"name\":\"redazione\",\"image\":{\"@type\":\"ImageObject\",\"inLanguage\":\"fr-FR\",\"@id\":\"https:\\\/\\\/secure.gravatar.com\\\/avatar\\\/37d968a2e67a6fd04c169c4bdef102d0bc5d31b2546345219e348575eb80e9a0?s=96&d=mm&r=g\",\"url\":\"https:\\\/\\\/secure.gravatar.com\\\/avatar\\\/37d968a2e67a6fd04c169c4bdef102d0bc5d31b2546345219e348575eb80e9a0?s=96&d=mm&r=g\",\"contentUrl\":\"https:\\\/\\\/secure.gravatar.com\\\/avatar\\\/37d968a2e67a6fd04c169c4bdef102d0bc5d31b2546345219e348575eb80e9a0?s=96&d=mm&r=g\",\"caption\":\"redazione\"},\"sameAs\":[\"http:\\\/\\\/www.bellunopress.it\",\"https:\\\/\\\/x.com\\\/bellunopress\"],\"url\":\"https:\\\/\\\/www.bellunopress.it\\\/fr\\\/author\\\/redazione\\\/\"}]}<\/script>\n<!-- \/ Yoast SEO plugin. -->","yoast_head_json":{"title":"Giovani Talenti Made in Belluno: si vota fino alle 12 di gioved\u00ec 28 aprile - Bellunopress - Dolomiti","robots":{"index":"index","follow":"follow","max-snippet":"max-snippet:-1","max-image-preview":"max-image-preview:large","max-video-preview":"max-video-preview:-1"},"canonical":"https:\/\/www.bellunopress.it\/fr\/2011\/04\/27\/giovani-talenti-made-in-belluno-si-vota-fino-alle-12-di-giovedi-28-aprile\/","og_locale":"fr_FR","og_type":"article","og_title":"Giovani Talenti Made in Belluno: si vota fino alle 12 di gioved\u00ec 28 aprile - Bellunopress - Dolomiti","og_description":"Tra una gita fuori porta e l&#8217;altra, nello scorso week end, sono stati particolarmente frequentati anche i sentieri virtuali con destinazione Bellunogiovane, per il voto popolare del concorso Giovani Talenti Made in Belluno. La giuria virtuale si \u00e8 davvero animata: sono pi\u00f9 di 350, infatti, le persone che finora hanno votato esprimendo la loro preferenza [&hellip;]","og_url":"https:\/\/www.bellunopress.it\/fr\/2011\/04\/27\/giovani-talenti-made-in-belluno-si-vota-fino-alle-12-di-giovedi-28-aprile\/","og_site_name":"Bellunopress - Dolomiti","article_publisher":"https:\/\/www.facebook.com\/profile.php?id=100008943462799","article_published_time":"2011-04-27T09:12:48+00:00","og_image":[{"url":"http:\/\/www.bellunopress.it\/wp-content\/uploads\/2010\/08\/marco-da-rin-zanco-270x270.jpg","type":"","width":"","height":""}],"author":"redazione","twitter_card":"summary_large_image","twitter_creator":"@bellunopress","twitter_site":"@bellunopress","twitter_misc":{"\u00c9crit par":"redazione","Dur\u00e9e de lecture estim\u00e9e":"1 minute"},"schema":{"@context":"https:\/\/schema.org","@graph":[{"@type":"Article","@id":"https:\/\/www.bellunopress.it\/2011\/04\/27\/giovani-talenti-made-in-belluno-si-vota-fino-alle-12-di-giovedi-28-aprile\/#article","isPartOf":{"@id":"https:\/\/www.bellunopress.it\/2011\/04\/27\/giovani-talenti-made-in-belluno-si-vota-fino-alle-12-di-giovedi-28-aprile\/"},"author":{"name":"redazione","@id":"https:\/\/www.bellunopress.it\/#\/schema\/person\/79bb06722b37ece1c03d3e94beb30d73"},"headline":"Giovani Talenti Made in Belluno: si vota fino alle 12 di gioved\u00ec 28 aprile","datePublished":"2011-04-27T09:12:48+00:00","mainEntityOfPage":{"@id":"https:\/\/www.bellunopress.it\/2011\/04\/27\/giovani-talenti-made-in-belluno-si-vota-fino-alle-12-di-giovedi-28-aprile\/"},"wordCount":311,"publisher":{"@id":"https:\/\/www.bellunopress.it\/#organization"},"image":{"@id":"https:\/\/www.bellunopress.it\/2011\/04\/27\/giovani-talenti-made-in-belluno-si-vota-fino-alle-12-di-giovedi-28-aprile\/#primaryimage"},"thumbnailUrl":"http:\/\/www.bellunopress.it\/wp-content\/uploads\/2010\/08\/marco-da-rin-zanco-270x270.jpg","articleSection":["Prima Pagina","Societ\u00e0, Associazioni, Istituzioni"],"inLanguage":"fr-FR"},{"@type":"WebPage","@id":"https:\/\/www.bellunopress.it\/2011\/04\/27\/giovani-talenti-made-in-belluno-si-vota-fino-alle-12-di-giovedi-28-aprile\/","url":"https:\/\/www.bellunopress.it\/2011\/04\/27\/giovani-talenti-made-in-belluno-si-vota-fino-alle-12-di-giovedi-28-aprile\/","name":"Giovani Talenti Made in Belluno: si vota fino alle 12 di gioved\u00ec 28 aprile - Bellunopress - Dolomiti","isPartOf":{"@id":"https:\/\/www.bellunopress.it\/#website"},"primaryImageOfPage":{"@id":"https:\/\/www.bellunopress.it\/2011\/04\/27\/giovani-talenti-made-in-belluno-si-vota-fino-alle-12-di-giovedi-28-aprile\/#primaryimage"},"image":{"@id":"https:\/\/www.bellunopress.it\/2011\/04\/27\/giovani-talenti-made-in-belluno-si-vota-fino-alle-12-di-giovedi-28-aprile\/#primaryimage"},"thumbnailUrl":"http:\/\/www.bellunopress.it\/wp-content\/uploads\/2010\/08\/marco-da-rin-zanco-270x270.jpg","datePublished":"2011-04-27T09:12:48+00:00","breadcrumb":{"@id":"https:\/\/www.bellunopress.it\/2011\/04\/27\/giovani-talenti-made-in-belluno-si-vota-fino-alle-12-di-giovedi-28-aprile\/#breadcrumb"},"inLanguage":"fr-FR","potentialAction":[{"@type":"ReadAction","target":["https:\/\/www.bellunopress.it\/2011\/04\/27\/giovani-talenti-made-in-belluno-si-vota-fino-alle-12-di-giovedi-28-aprile\/"]}]},{"@type":"ImageObject","inLanguage":"fr-FR","@id":"https:\/\/www.bellunopress.it\/2011\/04\/27\/giovani-talenti-made-in-belluno-si-vota-fino-alle-12-di-giovedi-28-aprile\/#primaryimage","url":"http:\/\/www.bellunopress.it\/wp-content\/uploads\/2010\/08\/marco-da-rin-zanco-270x270.jpg","contentUrl":"http:\/\/www.bellunopress.it\/wp-content\/uploads\/2010\/08\/marco-da-rin-zanco-270x270.jpg"},{"@type":"BreadcrumbList","@id":"https:\/\/www.bellunopress.it\/2011\/04\/27\/giovani-talenti-made-in-belluno-si-vota-fino-alle-12-di-giovedi-28-aprile\/#breadcrumb","itemListElement":[{"@type":"ListItem","position":1,"name":"Home","item":"https:\/\/www.bellunopress.it\/"},{"@type":"ListItem","position":2,"name":"Giovani Talenti Made in Belluno: si vota fino alle 12 di gioved\u00ec 28 aprile"}]},{"@type":"WebSite","@id":"https:\/\/www.bellunopress.it\/#website","url":"https:\/\/www.bellunopress.it\/","name":"Bellunopress - Dolomiti","description":"e-mail: redazione@bellunopress.it","publisher":{"@id":"https:\/\/www.bellunopress.it\/#organization"},"potentialAction":[{"@type":"SearchAction","target":{"@type":"EntryPoint","urlTemplate":"https:\/\/www.bellunopress.it\/?s={search_term_string}"},"query-input":{"@type":"PropertyValueSpecification","valueRequired":true,"valueName":"search_term_string"}}],"inLanguage":"fr-FR"},{"@type":"Organization","@id":"https:\/\/www.bellunopress.it\/#organization","name":"Bellunopress","url":"https:\/\/www.bellunopress.it\/","logo":{"@type":"ImageObject","inLanguage":"fr-FR","@id":"https:\/\/www.bellunopress.it\/#\/schema\/logo\/image\/","url":"https:\/\/www.bellunopress.it\/wp-content\/uploads\/2011\/05\/cropped-logo-bellunopress-.jpg","contentUrl":"https:\/\/www.bellunopress.it\/wp-content\/uploads\/2011\/05\/cropped-logo-bellunopress-.jpg","width":512,"height":512,"caption":"Bellunopress"},"image":{"@id":"https:\/\/www.bellunopress.it\/#\/schema\/logo\/image\/"},"sameAs":["https:\/\/www.facebook.com\/profile.php?id=100008943462799","https:\/\/x.com\/bellunopress","https:\/\/www.linkedin.com\/hp\/?dnr=JBzUWaJfMUw8vbXJJ2tVW5-I3jZKvC4wsoxE&amp;amp;amp;amp;amp;amp;trk=nav_responsive_tab_home","https:\/\/www.youtube.com\/channel\/UCxL0wu1uN0_3_7hGG0306cw"]},{"@type":"Person","@id":"https:\/\/www.bellunopress.it\/#\/schema\/person\/79bb06722b37ece1c03d3e94beb30d73","name":"r\u00e9daction","image":{"@type":"ImageObject","inLanguage":"fr-FR","@id":"https:\/\/secure.gravatar.com\/avatar\/37d968a2e67a6fd04c169c4bdef102d0bc5d31b2546345219e348575eb80e9a0?s=96&d=mm&r=g","url":"https:\/\/secure.gravatar.com\/avatar\/37d968a2e67a6fd04c169c4bdef102d0bc5d31b2546345219e348575eb80e9a0?s=96&d=mm&r=g","contentUrl":"https:\/\/secure.gravatar.com\/avatar\/37d968a2e67a6fd04c169c4bdef102d0bc5d31b2546345219e348575eb80e9a0?s=96&d=mm&r=g","caption":"redazione"},"sameAs":["http:\/\/www.bellunopress.it","https:\/\/x.com\/bellunopress"],"url":"https:\/\/www.bellunopress.it\/fr\/author\/redazione\/"}]}},"_links":{"self":[{"href":"https:\/\/www.bellunopress.it\/fr\/wp-json\/wp\/v2\/posts\/26041","targetHints":{"allow":["GET"]}}],"collection":[{"href":"https:\/\/www.bellunopress.it\/fr\/wp-json\/wp\/v2\/posts"}],"about":[{"href":"https:\/\/www.bellunopress.it\/fr\/wp-json\/wp\/v2\/types\/post"}],"author":[{"embeddable":true,"href":"https:\/\/www.bellunopress.it\/fr\/wp-json\/wp\/v2\/users\/2"}],"replies":[{"embeddable":true,"href":"https:\/\/www.bellunopress.it\/fr\/wp-json\/wp\/v2\/comments?post=26041"}],"version-history":[{"count":1,"href":"https:\/\/www.bellunopress.it\/fr\/wp-json\/wp\/v2\/posts\/26041\/revisions"}],"predecessor-version":[{"id":26042,"href":"https:\/\/www.bellunopress.it\/fr\/wp-json\/wp\/v2\/posts\/26041\/revisions\/26042"}],"wp:attachment":[{"href":"https:\/\/www.bellunopress.it\/fr\/wp-json\/wp\/v2\/media?parent=26041"}],"wp:term":[{"taxonomy":"category","embeddable":true,"href":"https:\/\/www.bellunopress.it\/fr\/wp-json\/wp\/v2\/categories?post=26041"},{"taxonomy":"post_tag","embeddable":true,"href":"https:\/\/www.bellunopress.it\/fr\/wp-json\/wp\/v2\/tags?post=26041"}],"curies":[{"name":"wp","href":"https:\/\/api.w.org\/{rel}","templated":true}]}}