{"id":26033,"date":"2011-04-26T20:35:08","date_gmt":"2011-04-26T19:35:08","guid":{"rendered":"http:\/\/www.bellunopress.it\/?p=26033"},"modified":"2011-04-26T20:35:08","modified_gmt":"2011-04-26T19:35:08","slug":"impari-o-dispari-per-un-progetto-di-rete-sulla-dislessia-giornata-formativa-per-operatori-insegnanti-e-famiglie-feltre-istituto-colotti-29-aprile-ore-15-18","status":"publish","type":"post","link":"https:\/\/www.bellunopress.it\/fr\/2011\/04\/26\/impari-o-dispari-per-un-progetto-di-rete-sulla-dislessia-giornata-formativa-per-operatori-insegnanti-e-famiglie-feltre-istituto-colotti-29-aprile-ore-15-18\/","title":{"rendered":"(Im)pari o (dis)pari. Per un progetto di rete sulla dislessia. Giornata formativa per operatori, insegnanti e famiglie. Feltre, Istituto Colotti, 29 aprile, ore 15-18."},"content":{"rendered":"<figure id=\"attachment_26034\" aria-describedby=\"caption-attachment-26034\" style=\"width: 280px\" class=\"wp-caption alignleft\"><a href=\"http:\/\/www.bellunopress.it\/wp-content\/uploads\/2011\/04\/itc-colotti-feltre.jpg\"><img loading=\"lazy\" decoding=\"async\" class=\"size-full wp-image-26034\" title=\"itc colotti feltre\" src=\"http:\/\/www.bellunopress.it\/wp-content\/uploads\/2011\/04\/itc-colotti-feltre.jpg\" alt=\"\" width=\"280\" height=\"210\" \/><\/a><figcaption id=\"caption-attachment-26034\" class=\"wp-caption-text\">ITC &quot;Colotti&quot; Feltre<\/figcaption><\/figure>\n<p>La rete territoriale della provincia di Belluno che opera nel campo della dislessia, composta dall\u2019Associazione Italiana Dislessia, dal Centro Internazionale del Libro Parlato di\u00a0 Feltre, dall\u2019Associazione Disturbi dell\u2019Apprendimento, dal CEIS-Centro di Solidariet\u00e0 di Belluno e dal Centro Servizio per il Volontariato, promuove per il giorno 29 aprile 2011, presso l\u2019Istituto Colotti, alle ore 15, un incontro formativo sul progetto dal suggestivo titolo (Im)pari o (dis)pari.\u00a0 \u201cOgni ragazzo che abbia una difficolt\u00e0 dovuta ad un disturbo di apprendimento ha diritto ad essere considerato al\u2018pari\u2019 di ogni altro allievo, la nostra missione pi\u00f9 importante \u00e8 promuovere le pari dignit\u00e0 e sul tema dislessia c\u2019\u00e8 ancora molta poca conoscenza. Ecco spiegata la fortunata scelta di questo titolo\u201d, come ha evidenziato la dottoressa Milena Maia, responsabile relazione esterne, istituzionali e progetti del Cilp.\u00a0 L\u2019iniziativa, indirizzata ad operatori, insegnanti di istituti di ogni ordine e grado della provincia di Belluno, e alle famiglie, vedr\u00e0 salire sulla cattedra dell\u2019Istituto Colotti un\u2019esperta di primo piano come la Dott.ssa Luciana Ventriglia, presidente Comitato scuola A.I.D e la Dirigente scolastica Dott.ssa Viviana Rossi. La relatrice non affronter\u00e0 solo temi legati ai disturbi specifici di apprendimento, ma coglier\u00e0 l\u2019occasione anche per lanciare nuovi stimoli verso l\u2019utilizzo delle modalit\u00e0 didattiche di tutoraggio \u201cfra pari\u201d, cio\u00e8 fra studenti coetanei affetti da dislessia e da studenti non affetti. Un progetto nel quale il Cilp di Feltre crede molto e a favore del quale ha gi\u00e0 messo in campo nuove strategie di realizzazione.\u00a0 Ventriglia parler\u00e0 anche della recente legge 170\/2010, e presenter\u00e0 le nuove norme ivi contenute in materia di disturbi specifici di apprendimento in ambito scolastico.<br \/>\nPer informazioni: <a href=\"mailto:direzione@libroparlato.org\">direzione@libroparlato.org<\/a><\/p>","protected":false},"excerpt":{"rendered":"<p>La rete territoriale della provincia di Belluno che opera nel campo della dislessia, composta dall\u2019Associazione Italiana Dislessia, dal Centro Internazionale del Libro Parlato di\u00a0 Feltre, dall\u2019Associazione Disturbi dell\u2019Apprendimento, dal CEIS-Centro di Solidariet\u00e0 di Belluno e dal Centro Servizio per il Volontariato, promuove per il giorno 29 aprile 2011, presso l\u2019Istituto Colotti, alle ore 15, un [&hellip;]<\/p>\n","protected":false},"author":2,"featured_media":0,"comment_status":"closed","ping_status":"open","sticky":false,"template":"","format":"standard","meta":{"footnotes":""},"categories":[26,15,8],"tags":[],"class_list":["post-26033","post","type-post","status-publish","format-standard","category-prima-pagina","category-scuola","category-societa-istituzioni"],"yoast_head":"<!-- This site is optimized with the Yoast SEO plugin v28.4 - https:\/\/yoast.com\/product\/yoast-seo-wordpress\/ -->\n<title>(Im)pari o (dis)pari. Per un progetto di rete sulla dislessia. Giornata formativa per operatori, insegnanti e famiglie. Feltre, Istituto Colotti, 29 aprile, ore 15-18. - Bellunopress - Dolomiti<\/title>\n<meta name=\"robots\" content=\"index, follow, max-snippet:-1, max-image-preview:large, max-video-preview:-1\" \/>\n<link rel=\"canonical\" href=\"https:\/\/www.bellunopress.it\/fr\/2011\/04\/26\/impari-o-dispari-per-un-progetto-di-rete-sulla-dislessia-giornata-formativa-per-operatori-insegnanti-e-famiglie-feltre-istituto-colotti-29-aprile-ore-15-18\/\" \/>\n<meta property=\"og:locale\" content=\"fr_FR\" \/>\n<meta property=\"og:type\" content=\"article\" \/>\n<meta property=\"og:title\" content=\"(Im)pari o (dis)pari. Per un progetto di rete sulla dislessia. Giornata formativa per operatori, insegnanti e famiglie. Feltre, Istituto Colotti, 29 aprile, ore 15-18. - Bellunopress - Dolomiti\" \/>\n<meta property=\"og:description\" content=\"La rete territoriale della provincia di Belluno che opera nel campo della dislessia, composta dall\u2019Associazione Italiana Dislessia, dal Centro Internazionale del Libro Parlato di\u00a0 Feltre, dall\u2019Associazione Disturbi dell\u2019Apprendimento, dal CEIS-Centro di Solidariet\u00e0 di Belluno e dal Centro Servizio per il Volontariato, promuove per il giorno 29 aprile 2011, presso l\u2019Istituto Colotti, alle ore 15, un [&hellip;]\" \/>\n<meta property=\"og:url\" content=\"https:\/\/www.bellunopress.it\/fr\/2011\/04\/26\/impari-o-dispari-per-un-progetto-di-rete-sulla-dislessia-giornata-formativa-per-operatori-insegnanti-e-famiglie-feltre-istituto-colotti-29-aprile-ore-15-18\/\" \/>\n<meta property=\"og:site_name\" content=\"Bellunopress - Dolomiti\" \/>\n<meta property=\"article:publisher\" content=\"https:\/\/www.facebook.com\/profile.php?id=100008943462799\" \/>\n<meta property=\"article:published_time\" content=\"2011-04-26T19:35:08+00:00\" \/>\n<meta property=\"og:image\" content=\"http:\/\/www.bellunopress.it\/wp-content\/uploads\/2011\/04\/itc-colotti-feltre.jpg\" \/>\n<meta name=\"author\" content=\"redazione\" \/>\n<meta name=\"twitter:card\" content=\"summary_large_image\" \/>\n<meta name=\"twitter:creator\" content=\"@bellunopress\" \/>\n<meta name=\"twitter:site\" content=\"@bellunopress\" \/>\n<meta name=\"twitter:label1\" content=\"\u00c9crit par\" \/>\n\t<meta name=\"twitter:data1\" content=\"redazione\" \/>\n\t<meta name=\"twitter:label2\" content=\"Dur\u00e9e de lecture estim\u00e9e\" \/>\n\t<meta name=\"twitter:data2\" content=\"1 minute\" \/>\n<script type=\"application\/ld+json\" class=\"yoast-schema-graph\">{\"@context\":\"https:\\\/\\\/schema.org\",\"@graph\":[{\"@type\":\"Article\",\"@id\":\"https:\\\/\\\/www.bellunopress.it\\\/2011\\\/04\\\/26\\\/impari-o-dispari-per-un-progetto-di-rete-sulla-dislessia-giornata-formativa-per-operatori-insegnanti-e-famiglie-feltre-istituto-colotti-29-aprile-ore-15-18\\\/#article\",\"isPartOf\":{\"@id\":\"https:\\\/\\\/www.bellunopress.it\\\/2011\\\/04\\\/26\\\/impari-o-dispari-per-un-progetto-di-rete-sulla-dislessia-giornata-formativa-per-operatori-insegnanti-e-famiglie-feltre-istituto-colotti-29-aprile-ore-15-18\\\/\"},\"author\":{\"name\":\"redazione\",\"@id\":\"https:\\\/\\\/www.bellunopress.it\\\/#\\\/schema\\\/person\\\/79bb06722b37ece1c03d3e94beb30d73\"},\"headline\":\"(Im)pari o (dis)pari. Per un progetto di rete sulla dislessia. Giornata formativa per operatori, insegnanti e famiglie. Feltre, Istituto Colotti, 29 aprile, ore 15-18.\",\"datePublished\":\"2011-04-26T19:35:08+00:00\",\"mainEntityOfPage\":{\"@id\":\"https:\\\/\\\/www.bellunopress.it\\\/2011\\\/04\\\/26\\\/impari-o-dispari-per-un-progetto-di-rete-sulla-dislessia-giornata-formativa-per-operatori-insegnanti-e-famiglie-feltre-istituto-colotti-29-aprile-ore-15-18\\\/\"},\"wordCount\":317,\"publisher\":{\"@id\":\"https:\\\/\\\/www.bellunopress.it\\\/#organization\"},\"image\":{\"@id\":\"https:\\\/\\\/www.bellunopress.it\\\/2011\\\/04\\\/26\\\/impari-o-dispari-per-un-progetto-di-rete-sulla-dislessia-giornata-formativa-per-operatori-insegnanti-e-famiglie-feltre-istituto-colotti-29-aprile-ore-15-18\\\/#primaryimage\"},\"thumbnailUrl\":\"http:\\\/\\\/www.bellunopress.it\\\/wp-content\\\/uploads\\\/2011\\\/04\\\/itc-colotti-feltre.jpg\",\"articleSection\":[\"Prima Pagina\",\"Scuola\",\"Societ\u00e0, Associazioni, Istituzioni\"],\"inLanguage\":\"fr-FR\"},{\"@type\":\"WebPage\",\"@id\":\"https:\\\/\\\/www.bellunopress.it\\\/2011\\\/04\\\/26\\\/impari-o-dispari-per-un-progetto-di-rete-sulla-dislessia-giornata-formativa-per-operatori-insegnanti-e-famiglie-feltre-istituto-colotti-29-aprile-ore-15-18\\\/\",\"url\":\"https:\\\/\\\/www.bellunopress.it\\\/2011\\\/04\\\/26\\\/impari-o-dispari-per-un-progetto-di-rete-sulla-dislessia-giornata-formativa-per-operatori-insegnanti-e-famiglie-feltre-istituto-colotti-29-aprile-ore-15-18\\\/\",\"name\":\"(Im)pari o (dis)pari. Per un progetto di rete sulla dislessia. Giornata formativa per operatori, insegnanti e famiglie. Feltre, Istituto Colotti, 29 aprile, ore 15-18. - Bellunopress - Dolomiti\",\"isPartOf\":{\"@id\":\"https:\\\/\\\/www.bellunopress.it\\\/#website\"},\"primaryImageOfPage\":{\"@id\":\"https:\\\/\\\/www.bellunopress.it\\\/2011\\\/04\\\/26\\\/impari-o-dispari-per-un-progetto-di-rete-sulla-dislessia-giornata-formativa-per-operatori-insegnanti-e-famiglie-feltre-istituto-colotti-29-aprile-ore-15-18\\\/#primaryimage\"},\"image\":{\"@id\":\"https:\\\/\\\/www.bellunopress.it\\\/2011\\\/04\\\/26\\\/impari-o-dispari-per-un-progetto-di-rete-sulla-dislessia-giornata-formativa-per-operatori-insegnanti-e-famiglie-feltre-istituto-colotti-29-aprile-ore-15-18\\\/#primaryimage\"},\"thumbnailUrl\":\"http:\\\/\\\/www.bellunopress.it\\\/wp-content\\\/uploads\\\/2011\\\/04\\\/itc-colotti-feltre.jpg\",\"datePublished\":\"2011-04-26T19:35:08+00:00\",\"breadcrumb\":{\"@id\":\"https:\\\/\\\/www.bellunopress.it\\\/2011\\\/04\\\/26\\\/impari-o-dispari-per-un-progetto-di-rete-sulla-dislessia-giornata-formativa-per-operatori-insegnanti-e-famiglie-feltre-istituto-colotti-29-aprile-ore-15-18\\\/#breadcrumb\"},\"inLanguage\":\"fr-FR\",\"potentialAction\":[{\"@type\":\"ReadAction\",\"target\":[\"https:\\\/\\\/www.bellunopress.it\\\/2011\\\/04\\\/26\\\/impari-o-dispari-per-un-progetto-di-rete-sulla-dislessia-giornata-formativa-per-operatori-insegnanti-e-famiglie-feltre-istituto-colotti-29-aprile-ore-15-18\\\/\"]}]},{\"@type\":\"ImageObject\",\"inLanguage\":\"fr-FR\",\"@id\":\"https:\\\/\\\/www.bellunopress.it\\\/2011\\\/04\\\/26\\\/impari-o-dispari-per-un-progetto-di-rete-sulla-dislessia-giornata-formativa-per-operatori-insegnanti-e-famiglie-feltre-istituto-colotti-29-aprile-ore-15-18\\\/#primaryimage\",\"url\":\"http:\\\/\\\/www.bellunopress.it\\\/wp-content\\\/uploads\\\/2011\\\/04\\\/itc-colotti-feltre.jpg\",\"contentUrl\":\"http:\\\/\\\/www.bellunopress.it\\\/wp-content\\\/uploads\\\/2011\\\/04\\\/itc-colotti-feltre.jpg\"},{\"@type\":\"BreadcrumbList\",\"@id\":\"https:\\\/\\\/www.bellunopress.it\\\/2011\\\/04\\\/26\\\/impari-o-dispari-per-un-progetto-di-rete-sulla-dislessia-giornata-formativa-per-operatori-insegnanti-e-famiglie-feltre-istituto-colotti-29-aprile-ore-15-18\\\/#breadcrumb\",\"itemListElement\":[{\"@type\":\"ListItem\",\"position\":1,\"name\":\"Home\",\"item\":\"https:\\\/\\\/www.bellunopress.it\\\/\"},{\"@type\":\"ListItem\",\"position\":2,\"name\":\"(Im)pari o (dis)pari. Per un progetto di rete sulla dislessia. Giornata formativa per operatori, insegnanti e famiglie. Feltre, Istituto Colotti, 29 aprile, ore 15-18.\"}]},{\"@type\":\"WebSite\",\"@id\":\"https:\\\/\\\/www.bellunopress.it\\\/#website\",\"url\":\"https:\\\/\\\/www.bellunopress.it\\\/\",\"name\":\"Bellunopress - Dolomiti\",\"description\":\"e-mail: redazione@bellunopress.it\",\"publisher\":{\"@id\":\"https:\\\/\\\/www.bellunopress.it\\\/#organization\"},\"potentialAction\":[{\"@type\":\"SearchAction\",\"target\":{\"@type\":\"EntryPoint\",\"urlTemplate\":\"https:\\\/\\\/www.bellunopress.it\\\/?s={search_term_string}\"},\"query-input\":{\"@type\":\"PropertyValueSpecification\",\"valueRequired\":true,\"valueName\":\"search_term_string\"}}],\"inLanguage\":\"fr-FR\"},{\"@type\":\"Organization\",\"@id\":\"https:\\\/\\\/www.bellunopress.it\\\/#organization\",\"name\":\"Bellunopress\",\"url\":\"https:\\\/\\\/www.bellunopress.it\\\/\",\"logo\":{\"@type\":\"ImageObject\",\"inLanguage\":\"fr-FR\",\"@id\":\"https:\\\/\\\/www.bellunopress.it\\\/#\\\/schema\\\/logo\\\/image\\\/\",\"url\":\"https:\\\/\\\/www.bellunopress.it\\\/wp-content\\\/uploads\\\/2011\\\/05\\\/cropped-logo-bellunopress-.jpg\",\"contentUrl\":\"https:\\\/\\\/www.bellunopress.it\\\/wp-content\\\/uploads\\\/2011\\\/05\\\/cropped-logo-bellunopress-.jpg\",\"width\":512,\"height\":512,\"caption\":\"Bellunopress\"},\"image\":{\"@id\":\"https:\\\/\\\/www.bellunopress.it\\\/#\\\/schema\\\/logo\\\/image\\\/\"},\"sameAs\":[\"https:\\\/\\\/www.facebook.com\\\/profile.php?id=100008943462799\",\"https:\\\/\\\/x.com\\\/bellunopress\",\"https:\\\/\\\/www.linkedin.com\\\/hp\\\/?dnr=JBzUWaJfMUw8vbXJJ2tVW5-I3jZKvC4wsoxE&amp;amp;amp;amp;amp;amp;trk=nav_responsive_tab_home\",\"https:\\\/\\\/www.youtube.com\\\/channel\\\/UCxL0wu1uN0_3_7hGG0306cw\"]},{\"@type\":\"Person\",\"@id\":\"https:\\\/\\\/www.bellunopress.it\\\/#\\\/schema\\\/person\\\/79bb06722b37ece1c03d3e94beb30d73\",\"name\":\"redazione\",\"image\":{\"@type\":\"ImageObject\",\"inLanguage\":\"fr-FR\",\"@id\":\"https:\\\/\\\/secure.gravatar.com\\\/avatar\\\/37d968a2e67a6fd04c169c4bdef102d0bc5d31b2546345219e348575eb80e9a0?s=96&d=mm&r=g\",\"url\":\"https:\\\/\\\/secure.gravatar.com\\\/avatar\\\/37d968a2e67a6fd04c169c4bdef102d0bc5d31b2546345219e348575eb80e9a0?s=96&d=mm&r=g\",\"contentUrl\":\"https:\\\/\\\/secure.gravatar.com\\\/avatar\\\/37d968a2e67a6fd04c169c4bdef102d0bc5d31b2546345219e348575eb80e9a0?s=96&d=mm&r=g\",\"caption\":\"redazione\"},\"sameAs\":[\"http:\\\/\\\/www.bellunopress.it\",\"https:\\\/\\\/x.com\\\/bellunopress\"],\"url\":\"https:\\\/\\\/www.bellunopress.it\\\/fr\\\/author\\\/redazione\\\/\"}]}<\/script>\n<!-- \/ Yoast SEO plugin. -->","yoast_head_json":{"title":"(Im)pari o (dis)pari. Per un progetto di rete sulla dislessia. Giornata formativa per operatori, insegnanti e famiglie. Feltre, Istituto Colotti, 29 aprile, ore 15-18. - Bellunopress - Dolomiti","robots":{"index":"index","follow":"follow","max-snippet":"max-snippet:-1","max-image-preview":"max-image-preview:large","max-video-preview":"max-video-preview:-1"},"canonical":"https:\/\/www.bellunopress.it\/fr\/2011\/04\/26\/impari-o-dispari-per-un-progetto-di-rete-sulla-dislessia-giornata-formativa-per-operatori-insegnanti-e-famiglie-feltre-istituto-colotti-29-aprile-ore-15-18\/","og_locale":"fr_FR","og_type":"article","og_title":"(Im)pari o (dis)pari. Per un progetto di rete sulla dislessia. Giornata formativa per operatori, insegnanti e famiglie. Feltre, Istituto Colotti, 29 aprile, ore 15-18. - Bellunopress - Dolomiti","og_description":"La rete territoriale della provincia di Belluno che opera nel campo della dislessia, composta dall\u2019Associazione Italiana Dislessia, dal Centro Internazionale del Libro Parlato di\u00a0 Feltre, dall\u2019Associazione Disturbi dell\u2019Apprendimento, dal CEIS-Centro di Solidariet\u00e0 di Belluno e dal Centro Servizio per il Volontariato, promuove per il giorno 29 aprile 2011, presso l\u2019Istituto Colotti, alle ore 15, un [&hellip;]","og_url":"https:\/\/www.bellunopress.it\/fr\/2011\/04\/26\/impari-o-dispari-per-un-progetto-di-rete-sulla-dislessia-giornata-formativa-per-operatori-insegnanti-e-famiglie-feltre-istituto-colotti-29-aprile-ore-15-18\/","og_site_name":"Bellunopress - Dolomiti","article_publisher":"https:\/\/www.facebook.com\/profile.php?id=100008943462799","article_published_time":"2011-04-26T19:35:08+00:00","og_image":[{"url":"http:\/\/www.bellunopress.it\/wp-content\/uploads\/2011\/04\/itc-colotti-feltre.jpg","type":"","width":"","height":""}],"author":"redazione","twitter_card":"summary_large_image","twitter_creator":"@bellunopress","twitter_site":"@bellunopress","twitter_misc":{"\u00c9crit par":"redazione","Dur\u00e9e de lecture estim\u00e9e":"1 minute"},"schema":{"@context":"https:\/\/schema.org","@graph":[{"@type":"Article","@id":"https:\/\/www.bellunopress.it\/2011\/04\/26\/impari-o-dispari-per-un-progetto-di-rete-sulla-dislessia-giornata-formativa-per-operatori-insegnanti-e-famiglie-feltre-istituto-colotti-29-aprile-ore-15-18\/#article","isPartOf":{"@id":"https:\/\/www.bellunopress.it\/2011\/04\/26\/impari-o-dispari-per-un-progetto-di-rete-sulla-dislessia-giornata-formativa-per-operatori-insegnanti-e-famiglie-feltre-istituto-colotti-29-aprile-ore-15-18\/"},"author":{"name":"redazione","@id":"https:\/\/www.bellunopress.it\/#\/schema\/person\/79bb06722b37ece1c03d3e94beb30d73"},"headline":"(Im)pari o (dis)pari. Per un progetto di rete sulla dislessia. Giornata formativa per operatori, insegnanti e famiglie. Feltre, Istituto Colotti, 29 aprile, ore 15-18.","datePublished":"2011-04-26T19:35:08+00:00","mainEntityOfPage":{"@id":"https:\/\/www.bellunopress.it\/2011\/04\/26\/impari-o-dispari-per-un-progetto-di-rete-sulla-dislessia-giornata-formativa-per-operatori-insegnanti-e-famiglie-feltre-istituto-colotti-29-aprile-ore-15-18\/"},"wordCount":317,"publisher":{"@id":"https:\/\/www.bellunopress.it\/#organization"},"image":{"@id":"https:\/\/www.bellunopress.it\/2011\/04\/26\/impari-o-dispari-per-un-progetto-di-rete-sulla-dislessia-giornata-formativa-per-operatori-insegnanti-e-famiglie-feltre-istituto-colotti-29-aprile-ore-15-18\/#primaryimage"},"thumbnailUrl":"http:\/\/www.bellunopress.it\/wp-content\/uploads\/2011\/04\/itc-colotti-feltre.jpg","articleSection":["Prima Pagina","Scuola","Societ\u00e0, Associazioni, Istituzioni"],"inLanguage":"fr-FR"},{"@type":"WebPage","@id":"https:\/\/www.bellunopress.it\/2011\/04\/26\/impari-o-dispari-per-un-progetto-di-rete-sulla-dislessia-giornata-formativa-per-operatori-insegnanti-e-famiglie-feltre-istituto-colotti-29-aprile-ore-15-18\/","url":"https:\/\/www.bellunopress.it\/2011\/04\/26\/impari-o-dispari-per-un-progetto-di-rete-sulla-dislessia-giornata-formativa-per-operatori-insegnanti-e-famiglie-feltre-istituto-colotti-29-aprile-ore-15-18\/","name":"(Im)pari o (dis)pari. Per un progetto di rete sulla dislessia. Giornata formativa per operatori, insegnanti e famiglie. Feltre, Istituto Colotti, 29 aprile, ore 15-18. - Bellunopress - Dolomiti","isPartOf":{"@id":"https:\/\/www.bellunopress.it\/#website"},"primaryImageOfPage":{"@id":"https:\/\/www.bellunopress.it\/2011\/04\/26\/impari-o-dispari-per-un-progetto-di-rete-sulla-dislessia-giornata-formativa-per-operatori-insegnanti-e-famiglie-feltre-istituto-colotti-29-aprile-ore-15-18\/#primaryimage"},"image":{"@id":"https:\/\/www.bellunopress.it\/2011\/04\/26\/impari-o-dispari-per-un-progetto-di-rete-sulla-dislessia-giornata-formativa-per-operatori-insegnanti-e-famiglie-feltre-istituto-colotti-29-aprile-ore-15-18\/#primaryimage"},"thumbnailUrl":"http:\/\/www.bellunopress.it\/wp-content\/uploads\/2011\/04\/itc-colotti-feltre.jpg","datePublished":"2011-04-26T19:35:08+00:00","breadcrumb":{"@id":"https:\/\/www.bellunopress.it\/2011\/04\/26\/impari-o-dispari-per-un-progetto-di-rete-sulla-dislessia-giornata-formativa-per-operatori-insegnanti-e-famiglie-feltre-istituto-colotti-29-aprile-ore-15-18\/#breadcrumb"},"inLanguage":"fr-FR","potentialAction":[{"@type":"ReadAction","target":["https:\/\/www.bellunopress.it\/2011\/04\/26\/impari-o-dispari-per-un-progetto-di-rete-sulla-dislessia-giornata-formativa-per-operatori-insegnanti-e-famiglie-feltre-istituto-colotti-29-aprile-ore-15-18\/"]}]},{"@type":"ImageObject","inLanguage":"fr-FR","@id":"https:\/\/www.bellunopress.it\/2011\/04\/26\/impari-o-dispari-per-un-progetto-di-rete-sulla-dislessia-giornata-formativa-per-operatori-insegnanti-e-famiglie-feltre-istituto-colotti-29-aprile-ore-15-18\/#primaryimage","url":"http:\/\/www.bellunopress.it\/wp-content\/uploads\/2011\/04\/itc-colotti-feltre.jpg","contentUrl":"http:\/\/www.bellunopress.it\/wp-content\/uploads\/2011\/04\/itc-colotti-feltre.jpg"},{"@type":"BreadcrumbList","@id":"https:\/\/www.bellunopress.it\/2011\/04\/26\/impari-o-dispari-per-un-progetto-di-rete-sulla-dislessia-giornata-formativa-per-operatori-insegnanti-e-famiglie-feltre-istituto-colotti-29-aprile-ore-15-18\/#breadcrumb","itemListElement":[{"@type":"ListItem","position":1,"name":"Home","item":"https:\/\/www.bellunopress.it\/"},{"@type":"ListItem","position":2,"name":"(Im)pari o (dis)pari. Per un progetto di rete sulla dislessia. Giornata formativa per operatori, insegnanti e famiglie. Feltre, Istituto Colotti, 29 aprile, ore 15-18."}]},{"@type":"WebSite","@id":"https:\/\/www.bellunopress.it\/#website","url":"https:\/\/www.bellunopress.it\/","name":"Bellunopress - Dolomiti","description":"e-mail: redazione@bellunopress.it","publisher":{"@id":"https:\/\/www.bellunopress.it\/#organization"},"potentialAction":[{"@type":"SearchAction","target":{"@type":"EntryPoint","urlTemplate":"https:\/\/www.bellunopress.it\/?s={search_term_string}"},"query-input":{"@type":"PropertyValueSpecification","valueRequired":true,"valueName":"search_term_string"}}],"inLanguage":"fr-FR"},{"@type":"Organization","@id":"https:\/\/www.bellunopress.it\/#organization","name":"Bellunopress","url":"https:\/\/www.bellunopress.it\/","logo":{"@type":"ImageObject","inLanguage":"fr-FR","@id":"https:\/\/www.bellunopress.it\/#\/schema\/logo\/image\/","url":"https:\/\/www.bellunopress.it\/wp-content\/uploads\/2011\/05\/cropped-logo-bellunopress-.jpg","contentUrl":"https:\/\/www.bellunopress.it\/wp-content\/uploads\/2011\/05\/cropped-logo-bellunopress-.jpg","width":512,"height":512,"caption":"Bellunopress"},"image":{"@id":"https:\/\/www.bellunopress.it\/#\/schema\/logo\/image\/"},"sameAs":["https:\/\/www.facebook.com\/profile.php?id=100008943462799","https:\/\/x.com\/bellunopress","https:\/\/www.linkedin.com\/hp\/?dnr=JBzUWaJfMUw8vbXJJ2tVW5-I3jZKvC4wsoxE&amp;amp;amp;amp;amp;amp;trk=nav_responsive_tab_home","https:\/\/www.youtube.com\/channel\/UCxL0wu1uN0_3_7hGG0306cw"]},{"@type":"Person","@id":"https:\/\/www.bellunopress.it\/#\/schema\/person\/79bb06722b37ece1c03d3e94beb30d73","name":"r\u00e9daction","image":{"@type":"ImageObject","inLanguage":"fr-FR","@id":"https:\/\/secure.gravatar.com\/avatar\/37d968a2e67a6fd04c169c4bdef102d0bc5d31b2546345219e348575eb80e9a0?s=96&d=mm&r=g","url":"https:\/\/secure.gravatar.com\/avatar\/37d968a2e67a6fd04c169c4bdef102d0bc5d31b2546345219e348575eb80e9a0?s=96&d=mm&r=g","contentUrl":"https:\/\/secure.gravatar.com\/avatar\/37d968a2e67a6fd04c169c4bdef102d0bc5d31b2546345219e348575eb80e9a0?s=96&d=mm&r=g","caption":"redazione"},"sameAs":["http:\/\/www.bellunopress.it","https:\/\/x.com\/bellunopress"],"url":"https:\/\/www.bellunopress.it\/fr\/author\/redazione\/"}]}},"_links":{"self":[{"href":"https:\/\/www.bellunopress.it\/fr\/wp-json\/wp\/v2\/posts\/26033","targetHints":{"allow":["GET"]}}],"collection":[{"href":"https:\/\/www.bellunopress.it\/fr\/wp-json\/wp\/v2\/posts"}],"about":[{"href":"https:\/\/www.bellunopress.it\/fr\/wp-json\/wp\/v2\/types\/post"}],"author":[{"embeddable":true,"href":"https:\/\/www.bellunopress.it\/fr\/wp-json\/wp\/v2\/users\/2"}],"replies":[{"embeddable":true,"href":"https:\/\/www.bellunopress.it\/fr\/wp-json\/wp\/v2\/comments?post=26033"}],"version-history":[{"count":1,"href":"https:\/\/www.bellunopress.it\/fr\/wp-json\/wp\/v2\/posts\/26033\/revisions"}],"predecessor-version":[{"id":26036,"href":"https:\/\/www.bellunopress.it\/fr\/wp-json\/wp\/v2\/posts\/26033\/revisions\/26036"}],"wp:attachment":[{"href":"https:\/\/www.bellunopress.it\/fr\/wp-json\/wp\/v2\/media?parent=26033"}],"wp:term":[{"taxonomy":"category","embeddable":true,"href":"https:\/\/www.bellunopress.it\/fr\/wp-json\/wp\/v2\/categories?post=26033"},{"taxonomy":"post_tag","embeddable":true,"href":"https:\/\/www.bellunopress.it\/fr\/wp-json\/wp\/v2\/tags?post=26033"}],"curies":[{"name":"wp","href":"https:\/\/api.w.org\/{rel}","templated":true}]}}