{"id":26023,"date":"2011-04-26T23:15:22","date_gmt":"2011-04-26T22:15:22","guid":{"rendered":"http:\/\/www.bellunopress.it\/?p=26023"},"modified":"2011-04-27T20:30:23","modified_gmt":"2011-04-27T19:30:23","slug":"e-arrivato-diavel-lultimo-diavolo-della-ducati-alla-teconosport-di-belluno","status":"publish","type":"post","link":"https:\/\/www.bellunopress.it\/fr\/2011\/04\/26\/e-arrivato-diavel-lultimo-diavolo-della-ducati-alla-teconosport-di-belluno\/","title":{"rendered":"E&#8217; arrivato Diavel, l&#8217;ultimo diavolo della Ducati, alla Teconosport di Belluno"},"content":{"rendered":"<p><a href=\"http:\/\/www.bellunopress.it\/wp-content\/uploads\/2011\/04\/ducati-diavel.jpg\"><img loading=\"lazy\" decoding=\"async\" class=\"alignleft size-full wp-image-26024\" title=\"ducati diavel\" src=\"http:\/\/www.bellunopress.it\/wp-content\/uploads\/2011\/04\/ducati-diavel.jpg\" alt=\"\" width=\"290\" height=\"244\" \/><\/a>Cavalcare un diavolo oggi si pu\u00f2. E&#8217; arrivata la nuova Ducati Diavel alla Concessionaria Tecnosport di Belluno in via Vittorio Veneto 258. Originale in tutto, anche nel nome, che nasce dall&#8217;esclamazione di uno dei tecnici di Borgo Panigale, sede della fabbrica Ducati, quando venne mostrato per la prima volta il prototipo: \u201cIgnur\u00e0nt comm\u2019 al Diavel!\u201d disse, che significa: \u201cCattiva come il diavolo!\u201d. Ancora una volta il Pompone, con il nuovo bicilindrico 1200 cc, da 162 CV (119 kW) a 9.500 giri, e\u00a0 pesi da 207 (nell&#8217;esclusiva versione Carbon) a 210 Kg e una coppia da 13 kgm (127,5 NM) a 8.000 giri, riesce a stupire il pubblico. Che oggi \u00e8 diviso tra chi ama profondamente questo nuovo modello e chi non riesce a digerirlo e addirittura lo rifiuta. Una cosa \u00e8 certa, dinanzi alla Diavel, nessun motociclista pu\u00f2 rimanere indifferente. Il suo poderoso \u201cprofilo muscolare\u201d\u00a0 suscita\u00a0 immediatamente delle forti emozioni. La cura dei particolari, le performance e anche il soud, la \u201cvoce\u201d del Diavel, fanno tutto il resto. Una moto impreziosita dall&#8217;uso del titanio e del carbonio, con cerchi in alluminio e gommone posteriore Pirelli Diabolo Rosso II da 240\/45-17, unico attualmente su moto di serie. Notevole anche il corredo di elettronica, oramai presente su tutte le ammiraglie della Ducati. Con possibilit\u00e0 di tre mappature: la Sport a potenza piena (162 cavalli) con controllo di trazione Ducati Dtc tarato in posizione 1 (su una scala di 8); la Touring con la curva di coppia modificata, pur lasciando a disposizione tutta la potenza spalancando il gas, e il controllo trazione su posizione 3; infine la mappatura Urban, con potenza limitata a 100 cavalli e controllo trazione a 5, adatto al fondo stradale bagnato. Altre due raffinatezze elettroniche di dotazione, sono il Ride-by-Wire, ossia il cavo dell\u2019acceleratore che dialoga con la centralina per la regolazione della potenza erogata. E l\u2019accensione Hand Free, che permette di accendere la moto senza inserire la chiave. Il sistema elettronico, infatti, riconosce alla distanza di due metri l&#8217;applicazione, consentendo l&#8217;avvio del motore.<\/p>","protected":false},"excerpt":{"rendered":"<p>Cavalcare un diavolo oggi si pu\u00f2. E&#8217; arrivata la nuova Ducati Diavel alla Concessionaria Tecnosport di Belluno in via Vittorio Veneto 258. Originale in tutto, anche nel nome, che nasce dall&#8217;esclamazione di uno dei tecnici di Borgo Panigale, sede della fabbrica Ducati, quando venne mostrato per la prima volta il prototipo: \u201cIgnur\u00e0nt comm\u2019 al Diavel!\u201d [&hellip;]<\/p>\n","protected":false},"author":2,"featured_media":0,"comment_status":"closed","ping_status":"open","sticky":false,"template":"","format":"standard","meta":{"footnotes":""},"categories":[25,50],"tags":[],"class_list":["post-26023","post","type-post","status-publish","format-standard","category-pausa-caffe","category-pubbliredazionali"],"yoast_head":"<!-- This site is optimized with the Yoast SEO plugin v28.4 - https:\/\/yoast.com\/product\/yoast-seo-wordpress\/ -->\n<title>E&#039; arrivato Diavel, l&#039;ultimo diavolo della Ducati, alla Teconosport di Belluno - Bellunopress - Dolomiti<\/title>\n<meta name=\"robots\" content=\"index, follow, max-snippet:-1, max-image-preview:large, max-video-preview:-1\" \/>\n<link rel=\"canonical\" href=\"https:\/\/www.bellunopress.it\/fr\/2011\/04\/26\/e-arrivato-diavel-lultimo-diavolo-della-ducati-alla-teconosport-di-belluno\/\" \/>\n<meta property=\"og:locale\" content=\"fr_FR\" \/>\n<meta property=\"og:type\" content=\"article\" \/>\n<meta property=\"og:title\" content=\"E&#039; arrivato Diavel, l&#039;ultimo diavolo della Ducati, alla Teconosport di Belluno - Bellunopress - Dolomiti\" \/>\n<meta property=\"og:description\" content=\"Cavalcare un diavolo oggi si pu\u00f2. E&#8217; arrivata la nuova Ducati Diavel alla Concessionaria Tecnosport di Belluno in via Vittorio Veneto 258. Originale in tutto, anche nel nome, che nasce dall&#8217;esclamazione di uno dei tecnici di Borgo Panigale, sede della fabbrica Ducati, quando venne mostrato per la prima volta il prototipo: \u201cIgnur\u00e0nt comm\u2019 al Diavel!\u201d [&hellip;]\" \/>\n<meta property=\"og:url\" content=\"https:\/\/www.bellunopress.it\/fr\/2011\/04\/26\/e-arrivato-diavel-lultimo-diavolo-della-ducati-alla-teconosport-di-belluno\/\" \/>\n<meta property=\"og:site_name\" content=\"Bellunopress - Dolomiti\" \/>\n<meta property=\"article:publisher\" content=\"https:\/\/www.facebook.com\/profile.php?id=100008943462799\" \/>\n<meta property=\"article:published_time\" content=\"2011-04-26T22:15:22+00:00\" \/>\n<meta property=\"article:modified_time\" content=\"2011-04-27T19:30:23+00:00\" \/>\n<meta property=\"og:image\" content=\"http:\/\/www.bellunopress.it\/wp-content\/uploads\/2011\/04\/ducati-diavel.jpg\" \/>\n<meta name=\"author\" content=\"redazione\" \/>\n<meta name=\"twitter:card\" content=\"summary_large_image\" \/>\n<meta name=\"twitter:creator\" content=\"@bellunopress\" \/>\n<meta name=\"twitter:site\" content=\"@bellunopress\" \/>\n<meta name=\"twitter:label1\" content=\"\u00c9crit par\" \/>\n\t<meta name=\"twitter:data1\" content=\"redazione\" \/>\n\t<meta name=\"twitter:label2\" content=\"Dur\u00e9e de lecture estim\u00e9e\" \/>\n\t<meta name=\"twitter:data2\" content=\"2 minutes\" \/>\n<script type=\"application\/ld+json\" class=\"yoast-schema-graph\">{\"@context\":\"https:\\\/\\\/schema.org\",\"@graph\":[{\"@type\":\"Article\",\"@id\":\"https:\\\/\\\/www.bellunopress.it\\\/2011\\\/04\\\/26\\\/e-arrivato-diavel-lultimo-diavolo-della-ducati-alla-teconosport-di-belluno\\\/#article\",\"isPartOf\":{\"@id\":\"https:\\\/\\\/www.bellunopress.it\\\/2011\\\/04\\\/26\\\/e-arrivato-diavel-lultimo-diavolo-della-ducati-alla-teconosport-di-belluno\\\/\"},\"author\":{\"name\":\"redazione\",\"@id\":\"https:\\\/\\\/www.bellunopress.it\\\/#\\\/schema\\\/person\\\/79bb06722b37ece1c03d3e94beb30d73\"},\"headline\":\"E&#8217; arrivato Diavel, l&#8217;ultimo diavolo della Ducati, alla Teconosport di Belluno\",\"datePublished\":\"2011-04-26T22:15:22+00:00\",\"dateModified\":\"2011-04-27T19:30:23+00:00\",\"mainEntityOfPage\":{\"@id\":\"https:\\\/\\\/www.bellunopress.it\\\/2011\\\/04\\\/26\\\/e-arrivato-diavel-lultimo-diavolo-della-ducati-alla-teconosport-di-belluno\\\/\"},\"wordCount\":337,\"publisher\":{\"@id\":\"https:\\\/\\\/www.bellunopress.it\\\/#organization\"},\"image\":{\"@id\":\"https:\\\/\\\/www.bellunopress.it\\\/2011\\\/04\\\/26\\\/e-arrivato-diavel-lultimo-diavolo-della-ducati-alla-teconosport-di-belluno\\\/#primaryimage\"},\"thumbnailUrl\":\"http:\\\/\\\/www.bellunopress.it\\\/wp-content\\\/uploads\\\/2011\\\/04\\\/ducati-diavel.jpg\",\"articleSection\":[\"Pausa Caff\u00e8\",\"Pubbliredazionali\"],\"inLanguage\":\"fr-FR\"},{\"@type\":\"WebPage\",\"@id\":\"https:\\\/\\\/www.bellunopress.it\\\/2011\\\/04\\\/26\\\/e-arrivato-diavel-lultimo-diavolo-della-ducati-alla-teconosport-di-belluno\\\/\",\"url\":\"https:\\\/\\\/www.bellunopress.it\\\/2011\\\/04\\\/26\\\/e-arrivato-diavel-lultimo-diavolo-della-ducati-alla-teconosport-di-belluno\\\/\",\"name\":\"E' arrivato Diavel, l'ultimo diavolo della Ducati, alla Teconosport di Belluno - Bellunopress - Dolomiti\",\"isPartOf\":{\"@id\":\"https:\\\/\\\/www.bellunopress.it\\\/#website\"},\"primaryImageOfPage\":{\"@id\":\"https:\\\/\\\/www.bellunopress.it\\\/2011\\\/04\\\/26\\\/e-arrivato-diavel-lultimo-diavolo-della-ducati-alla-teconosport-di-belluno\\\/#primaryimage\"},\"image\":{\"@id\":\"https:\\\/\\\/www.bellunopress.it\\\/2011\\\/04\\\/26\\\/e-arrivato-diavel-lultimo-diavolo-della-ducati-alla-teconosport-di-belluno\\\/#primaryimage\"},\"thumbnailUrl\":\"http:\\\/\\\/www.bellunopress.it\\\/wp-content\\\/uploads\\\/2011\\\/04\\\/ducati-diavel.jpg\",\"datePublished\":\"2011-04-26T22:15:22+00:00\",\"dateModified\":\"2011-04-27T19:30:23+00:00\",\"breadcrumb\":{\"@id\":\"https:\\\/\\\/www.bellunopress.it\\\/2011\\\/04\\\/26\\\/e-arrivato-diavel-lultimo-diavolo-della-ducati-alla-teconosport-di-belluno\\\/#breadcrumb\"},\"inLanguage\":\"fr-FR\",\"potentialAction\":[{\"@type\":\"ReadAction\",\"target\":[\"https:\\\/\\\/www.bellunopress.it\\\/2011\\\/04\\\/26\\\/e-arrivato-diavel-lultimo-diavolo-della-ducati-alla-teconosport-di-belluno\\\/\"]}]},{\"@type\":\"ImageObject\",\"inLanguage\":\"fr-FR\",\"@id\":\"https:\\\/\\\/www.bellunopress.it\\\/2011\\\/04\\\/26\\\/e-arrivato-diavel-lultimo-diavolo-della-ducati-alla-teconosport-di-belluno\\\/#primaryimage\",\"url\":\"http:\\\/\\\/www.bellunopress.it\\\/wp-content\\\/uploads\\\/2011\\\/04\\\/ducati-diavel.jpg\",\"contentUrl\":\"http:\\\/\\\/www.bellunopress.it\\\/wp-content\\\/uploads\\\/2011\\\/04\\\/ducati-diavel.jpg\"},{\"@type\":\"BreadcrumbList\",\"@id\":\"https:\\\/\\\/www.bellunopress.it\\\/2011\\\/04\\\/26\\\/e-arrivato-diavel-lultimo-diavolo-della-ducati-alla-teconosport-di-belluno\\\/#breadcrumb\",\"itemListElement\":[{\"@type\":\"ListItem\",\"position\":1,\"name\":\"Home\",\"item\":\"https:\\\/\\\/www.bellunopress.it\\\/\"},{\"@type\":\"ListItem\",\"position\":2,\"name\":\"E&#8217; arrivato Diavel, l&#8217;ultimo diavolo della Ducati, alla Teconosport di Belluno\"}]},{\"@type\":\"WebSite\",\"@id\":\"https:\\\/\\\/www.bellunopress.it\\\/#website\",\"url\":\"https:\\\/\\\/www.bellunopress.it\\\/\",\"name\":\"Bellunopress - Dolomiti\",\"description\":\"e-mail: redazione@bellunopress.it\",\"publisher\":{\"@id\":\"https:\\\/\\\/www.bellunopress.it\\\/#organization\"},\"potentialAction\":[{\"@type\":\"SearchAction\",\"target\":{\"@type\":\"EntryPoint\",\"urlTemplate\":\"https:\\\/\\\/www.bellunopress.it\\\/?s={search_term_string}\"},\"query-input\":{\"@type\":\"PropertyValueSpecification\",\"valueRequired\":true,\"valueName\":\"search_term_string\"}}],\"inLanguage\":\"fr-FR\"},{\"@type\":\"Organization\",\"@id\":\"https:\\\/\\\/www.bellunopress.it\\\/#organization\",\"name\":\"Bellunopress\",\"url\":\"https:\\\/\\\/www.bellunopress.it\\\/\",\"logo\":{\"@type\":\"ImageObject\",\"inLanguage\":\"fr-FR\",\"@id\":\"https:\\\/\\\/www.bellunopress.it\\\/#\\\/schema\\\/logo\\\/image\\\/\",\"url\":\"https:\\\/\\\/www.bellunopress.it\\\/wp-content\\\/uploads\\\/2011\\\/05\\\/cropped-logo-bellunopress-.jpg\",\"contentUrl\":\"https:\\\/\\\/www.bellunopress.it\\\/wp-content\\\/uploads\\\/2011\\\/05\\\/cropped-logo-bellunopress-.jpg\",\"width\":512,\"height\":512,\"caption\":\"Bellunopress\"},\"image\":{\"@id\":\"https:\\\/\\\/www.bellunopress.it\\\/#\\\/schema\\\/logo\\\/image\\\/\"},\"sameAs\":[\"https:\\\/\\\/www.facebook.com\\\/profile.php?id=100008943462799\",\"https:\\\/\\\/x.com\\\/bellunopress\",\"https:\\\/\\\/www.linkedin.com\\\/hp\\\/?dnr=JBzUWaJfMUw8vbXJJ2tVW5-I3jZKvC4wsoxE&amp;amp;amp;amp;amp;amp;trk=nav_responsive_tab_home\",\"https:\\\/\\\/www.youtube.com\\\/channel\\\/UCxL0wu1uN0_3_7hGG0306cw\"]},{\"@type\":\"Person\",\"@id\":\"https:\\\/\\\/www.bellunopress.it\\\/#\\\/schema\\\/person\\\/79bb06722b37ece1c03d3e94beb30d73\",\"name\":\"redazione\",\"image\":{\"@type\":\"ImageObject\",\"inLanguage\":\"fr-FR\",\"@id\":\"https:\\\/\\\/secure.gravatar.com\\\/avatar\\\/37d968a2e67a6fd04c169c4bdef102d0bc5d31b2546345219e348575eb80e9a0?s=96&d=mm&r=g\",\"url\":\"https:\\\/\\\/secure.gravatar.com\\\/avatar\\\/37d968a2e67a6fd04c169c4bdef102d0bc5d31b2546345219e348575eb80e9a0?s=96&d=mm&r=g\",\"contentUrl\":\"https:\\\/\\\/secure.gravatar.com\\\/avatar\\\/37d968a2e67a6fd04c169c4bdef102d0bc5d31b2546345219e348575eb80e9a0?s=96&d=mm&r=g\",\"caption\":\"redazione\"},\"sameAs\":[\"http:\\\/\\\/www.bellunopress.it\",\"https:\\\/\\\/x.com\\\/bellunopress\"],\"url\":\"https:\\\/\\\/www.bellunopress.it\\\/fr\\\/author\\\/redazione\\\/\"}]}<\/script>\n<!-- \/ Yoast SEO plugin. -->","yoast_head_json":{"title":"E' arrivato Diavel, l'ultimo diavolo della Ducati, alla Teconosport di Belluno - Bellunopress - Dolomiti","robots":{"index":"index","follow":"follow","max-snippet":"max-snippet:-1","max-image-preview":"max-image-preview:large","max-video-preview":"max-video-preview:-1"},"canonical":"https:\/\/www.bellunopress.it\/fr\/2011\/04\/26\/e-arrivato-diavel-lultimo-diavolo-della-ducati-alla-teconosport-di-belluno\/","og_locale":"fr_FR","og_type":"article","og_title":"E' arrivato Diavel, l'ultimo diavolo della Ducati, alla Teconosport di Belluno - Bellunopress - Dolomiti","og_description":"Cavalcare un diavolo oggi si pu\u00f2. E&#8217; arrivata la nuova Ducati Diavel alla Concessionaria Tecnosport di Belluno in via Vittorio Veneto 258. Originale in tutto, anche nel nome, che nasce dall&#8217;esclamazione di uno dei tecnici di Borgo Panigale, sede della fabbrica Ducati, quando venne mostrato per la prima volta il prototipo: \u201cIgnur\u00e0nt comm\u2019 al Diavel!\u201d [&hellip;]","og_url":"https:\/\/www.bellunopress.it\/fr\/2011\/04\/26\/e-arrivato-diavel-lultimo-diavolo-della-ducati-alla-teconosport-di-belluno\/","og_site_name":"Bellunopress - Dolomiti","article_publisher":"https:\/\/www.facebook.com\/profile.php?id=100008943462799","article_published_time":"2011-04-26T22:15:22+00:00","article_modified_time":"2011-04-27T19:30:23+00:00","og_image":[{"url":"http:\/\/www.bellunopress.it\/wp-content\/uploads\/2011\/04\/ducati-diavel.jpg","type":"","width":"","height":""}],"author":"redazione","twitter_card":"summary_large_image","twitter_creator":"@bellunopress","twitter_site":"@bellunopress","twitter_misc":{"\u00c9crit par":"redazione","Dur\u00e9e de lecture estim\u00e9e":"2 minutes"},"schema":{"@context":"https:\/\/schema.org","@graph":[{"@type":"Article","@id":"https:\/\/www.bellunopress.it\/2011\/04\/26\/e-arrivato-diavel-lultimo-diavolo-della-ducati-alla-teconosport-di-belluno\/#article","isPartOf":{"@id":"https:\/\/www.bellunopress.it\/2011\/04\/26\/e-arrivato-diavel-lultimo-diavolo-della-ducati-alla-teconosport-di-belluno\/"},"author":{"name":"redazione","@id":"https:\/\/www.bellunopress.it\/#\/schema\/person\/79bb06722b37ece1c03d3e94beb30d73"},"headline":"E&#8217; arrivato Diavel, l&#8217;ultimo diavolo della Ducati, alla Teconosport di Belluno","datePublished":"2011-04-26T22:15:22+00:00","dateModified":"2011-04-27T19:30:23+00:00","mainEntityOfPage":{"@id":"https:\/\/www.bellunopress.it\/2011\/04\/26\/e-arrivato-diavel-lultimo-diavolo-della-ducati-alla-teconosport-di-belluno\/"},"wordCount":337,"publisher":{"@id":"https:\/\/www.bellunopress.it\/#organization"},"image":{"@id":"https:\/\/www.bellunopress.it\/2011\/04\/26\/e-arrivato-diavel-lultimo-diavolo-della-ducati-alla-teconosport-di-belluno\/#primaryimage"},"thumbnailUrl":"http:\/\/www.bellunopress.it\/wp-content\/uploads\/2011\/04\/ducati-diavel.jpg","articleSection":["Pausa Caff\u00e8","Pubbliredazionali"],"inLanguage":"fr-FR"},{"@type":"WebPage","@id":"https:\/\/www.bellunopress.it\/2011\/04\/26\/e-arrivato-diavel-lultimo-diavolo-della-ducati-alla-teconosport-di-belluno\/","url":"https:\/\/www.bellunopress.it\/2011\/04\/26\/e-arrivato-diavel-lultimo-diavolo-della-ducati-alla-teconosport-di-belluno\/","name":"E' arrivato Diavel, l'ultimo diavolo della Ducati, alla Teconosport di Belluno - Bellunopress - Dolomiti","isPartOf":{"@id":"https:\/\/www.bellunopress.it\/#website"},"primaryImageOfPage":{"@id":"https:\/\/www.bellunopress.it\/2011\/04\/26\/e-arrivato-diavel-lultimo-diavolo-della-ducati-alla-teconosport-di-belluno\/#primaryimage"},"image":{"@id":"https:\/\/www.bellunopress.it\/2011\/04\/26\/e-arrivato-diavel-lultimo-diavolo-della-ducati-alla-teconosport-di-belluno\/#primaryimage"},"thumbnailUrl":"http:\/\/www.bellunopress.it\/wp-content\/uploads\/2011\/04\/ducati-diavel.jpg","datePublished":"2011-04-26T22:15:22+00:00","dateModified":"2011-04-27T19:30:23+00:00","breadcrumb":{"@id":"https:\/\/www.bellunopress.it\/2011\/04\/26\/e-arrivato-diavel-lultimo-diavolo-della-ducati-alla-teconosport-di-belluno\/#breadcrumb"},"inLanguage":"fr-FR","potentialAction":[{"@type":"ReadAction","target":["https:\/\/www.bellunopress.it\/2011\/04\/26\/e-arrivato-diavel-lultimo-diavolo-della-ducati-alla-teconosport-di-belluno\/"]}]},{"@type":"ImageObject","inLanguage":"fr-FR","@id":"https:\/\/www.bellunopress.it\/2011\/04\/26\/e-arrivato-diavel-lultimo-diavolo-della-ducati-alla-teconosport-di-belluno\/#primaryimage","url":"http:\/\/www.bellunopress.it\/wp-content\/uploads\/2011\/04\/ducati-diavel.jpg","contentUrl":"http:\/\/www.bellunopress.it\/wp-content\/uploads\/2011\/04\/ducati-diavel.jpg"},{"@type":"BreadcrumbList","@id":"https:\/\/www.bellunopress.it\/2011\/04\/26\/e-arrivato-diavel-lultimo-diavolo-della-ducati-alla-teconosport-di-belluno\/#breadcrumb","itemListElement":[{"@type":"ListItem","position":1,"name":"Home","item":"https:\/\/www.bellunopress.it\/"},{"@type":"ListItem","position":2,"name":"E&#8217; arrivato Diavel, l&#8217;ultimo diavolo della Ducati, alla Teconosport di Belluno"}]},{"@type":"WebSite","@id":"https:\/\/www.bellunopress.it\/#website","url":"https:\/\/www.bellunopress.it\/","name":"Bellunopress - Dolomiti","description":"e-mail: redazione@bellunopress.it","publisher":{"@id":"https:\/\/www.bellunopress.it\/#organization"},"potentialAction":[{"@type":"SearchAction","target":{"@type":"EntryPoint","urlTemplate":"https:\/\/www.bellunopress.it\/?s={search_term_string}"},"query-input":{"@type":"PropertyValueSpecification","valueRequired":true,"valueName":"search_term_string"}}],"inLanguage":"fr-FR"},{"@type":"Organization","@id":"https:\/\/www.bellunopress.it\/#organization","name":"Bellunopress","url":"https:\/\/www.bellunopress.it\/","logo":{"@type":"ImageObject","inLanguage":"fr-FR","@id":"https:\/\/www.bellunopress.it\/#\/schema\/logo\/image\/","url":"https:\/\/www.bellunopress.it\/wp-content\/uploads\/2011\/05\/cropped-logo-bellunopress-.jpg","contentUrl":"https:\/\/www.bellunopress.it\/wp-content\/uploads\/2011\/05\/cropped-logo-bellunopress-.jpg","width":512,"height":512,"caption":"Bellunopress"},"image":{"@id":"https:\/\/www.bellunopress.it\/#\/schema\/logo\/image\/"},"sameAs":["https:\/\/www.facebook.com\/profile.php?id=100008943462799","https:\/\/x.com\/bellunopress","https:\/\/www.linkedin.com\/hp\/?dnr=JBzUWaJfMUw8vbXJJ2tVW5-I3jZKvC4wsoxE&amp;amp;amp;amp;amp;amp;trk=nav_responsive_tab_home","https:\/\/www.youtube.com\/channel\/UCxL0wu1uN0_3_7hGG0306cw"]},{"@type":"Person","@id":"https:\/\/www.bellunopress.it\/#\/schema\/person\/79bb06722b37ece1c03d3e94beb30d73","name":"r\u00e9daction","image":{"@type":"ImageObject","inLanguage":"fr-FR","@id":"https:\/\/secure.gravatar.com\/avatar\/37d968a2e67a6fd04c169c4bdef102d0bc5d31b2546345219e348575eb80e9a0?s=96&d=mm&r=g","url":"https:\/\/secure.gravatar.com\/avatar\/37d968a2e67a6fd04c169c4bdef102d0bc5d31b2546345219e348575eb80e9a0?s=96&d=mm&r=g","contentUrl":"https:\/\/secure.gravatar.com\/avatar\/37d968a2e67a6fd04c169c4bdef102d0bc5d31b2546345219e348575eb80e9a0?s=96&d=mm&r=g","caption":"redazione"},"sameAs":["http:\/\/www.bellunopress.it","https:\/\/x.com\/bellunopress"],"url":"https:\/\/www.bellunopress.it\/fr\/author\/redazione\/"}]}},"_links":{"self":[{"href":"https:\/\/www.bellunopress.it\/fr\/wp-json\/wp\/v2\/posts\/26023","targetHints":{"allow":["GET"]}}],"collection":[{"href":"https:\/\/www.bellunopress.it\/fr\/wp-json\/wp\/v2\/posts"}],"about":[{"href":"https:\/\/www.bellunopress.it\/fr\/wp-json\/wp\/v2\/types\/post"}],"author":[{"embeddable":true,"href":"https:\/\/www.bellunopress.it\/fr\/wp-json\/wp\/v2\/users\/2"}],"replies":[{"embeddable":true,"href":"https:\/\/www.bellunopress.it\/fr\/wp-json\/wp\/v2\/comments?post=26023"}],"version-history":[{"count":2,"href":"https:\/\/www.bellunopress.it\/fr\/wp-json\/wp\/v2\/posts\/26023\/revisions"}],"predecessor-version":[{"id":26086,"href":"https:\/\/www.bellunopress.it\/fr\/wp-json\/wp\/v2\/posts\/26023\/revisions\/26086"}],"wp:attachment":[{"href":"https:\/\/www.bellunopress.it\/fr\/wp-json\/wp\/v2\/media?parent=26023"}],"wp:term":[{"taxonomy":"category","embeddable":true,"href":"https:\/\/www.bellunopress.it\/fr\/wp-json\/wp\/v2\/categories?post=26023"},{"taxonomy":"post_tag","embeddable":true,"href":"https:\/\/www.bellunopress.it\/fr\/wp-json\/wp\/v2\/tags?post=26023"}],"curies":[{"name":"wp","href":"https:\/\/api.w.org\/{rel}","templated":true}]}}