{"id":260,"date":"2009-02-06T01:22:21","date_gmt":"2009-02-06T00:22:21","guid":{"rendered":"http:\/\/www.bellunopress.it\/?p=260"},"modified":"2009-02-06T01:22:21","modified_gmt":"2009-02-06T00:22:21","slug":"strada-interna-veneggiala-protesta-degli-abitanti","status":"publish","type":"post","link":"https:\/\/www.bellunopress.it\/fr\/2009\/02\/06\/strada-interna-veneggiala-protesta-degli-abitanti\/","title":{"rendered":"Strada interna Veneggia:la protesta degli abitanti"},"content":{"rendered":"<p><a href=\"http:\/\/www.bellunopress.it\/wp-content\/uploads\/2009\/02\/jacopo-massaro-marco-perale.jpg\"><img loading=\"lazy\" decoding=\"async\" class=\"alignleft size-medium wp-image-261\" title=\"jacopo-massaro-marco-perale\" src=\"http:\/\/www.bellunopress.it\/wp-content\/uploads\/2009\/02\/jacopo-massaro-marco-perale.jpg\" alt=\"\" width=\"270\" height=\"181\" \/><\/a>\u00a0<strong>\u201cLa strada interna della Veneggia, si fa o no?\u201d ne hanno parlato gioved\u00ec sera dinanzi a un folto pubblico stipato nella sala del Faro, Jacopo Massaro, Marco Perale, Silvano De Salvador e Roberto De Moliner del Gruppo consigliare \u201cL&#8217;Ulivo \u2013 Partito democratico\u201d. Si sono sentite anche minacce di blocco stradale per interrompere il traffico pesante di betoniere e autoarticolati che passano per via Zanon e via Barozzi. Nota di colore, il presidente del Consiglio comunale Oreste Cugnac che invita l&#8217;opposizione a fare opposizione e conclude dicendo <span style=\"font-family: Times New Roman, serif;\">\u00ab<\/span>non posso andare oltre, altrimenti dovrei iscrivermi al Pd<span style=\"font-family: Times New Roman, serif;\">\u00bb<\/span>! Pronta la risposta dal pubblico: <span style=\"font-family: Times New Roman, serif;\">\u00ab<\/span>torna a casa Lessie<span style=\"font-family: Times New Roman, serif;\">\u00bb<\/span> alludendo al suo passato di sindacalista. Ma chi ha concesso le autorizzazioni a costruire un blocco di 30 mila metri cubi, cui seguiranno altri 60 mila nell&#8217;area ex Faena marmi senza aver prima preteso la costruzione delle strade interne? <span style=\"font-family: Times New Roman, serif;\">\u00abFino alla giunta De Col\u00bb precisa il consigliere Roberto De Moliner \u00abnon vennero rilasciate concessioni edilizie. Poi per\u00f2 con l&#8217;amministrazione Bortoluzzi e Prade, sono state firmate le autorizzazioni. La delibera porta la data del 3 aprile 2007\u00bb. Mario Svaluto sottolinea come la convenzione stipulata dal Comune con il costruttore Veneto Blu non rispetti l&#8217;originale delibera del Consiglio comunale. Infatti, la verifica delle opere di urbanizzazione, quindi le strade, \u00e8 stato stabilito che verr\u00e0 fatta dopo il rilascio del certificato di abitabilit\u00e0 delle case. Insomma, \u00e8 stato rovesciato l&#8217;ordine, prima case e condomini e poi le strade con i conseguenti disagi. Arbitraria anche la modifica del tracciato originario tra via Zanon e Via Barozzi, con \u201cdeviazioni di favore per non disturbare\u201d. E altrettanto discutibile la variante per via Andrea di Foro, che riporta il traffico verso Cavarzano, per non prevedere la spesa del sottopassaggio. Erano presenti in sala la vicepresidente della Provincia Claudia Bettiol, l&#8217;assessore provinciale Quinto Piol, il consiglieri Fabio Da Re, Zaira Martire, Camillo De Pellegrin, Michele Dal Farra, Maria Cristina Zoleo, Maria Teresa Cassol e altri.<\/span><\/strong><\/p>","protected":false},"excerpt":{"rendered":"<p>\u00a0\u201cLa strada interna della Veneggia, si fa o no?\u201d ne hanno parlato gioved\u00ec sera dinanzi a un folto pubblico stipato nella sala del Faro, Jacopo Massaro, Marco Perale, Silvano De Salvador e Roberto De Moliner del Gruppo consigliare \u201cL&#8217;Ulivo \u2013 Partito democratico\u201d. Si sono sentite anche minacce di blocco stradale per interrompere il traffico pesante [&hellip;]<\/p>\n","protected":false},"author":2,"featured_media":0,"comment_status":"closed","ping_status":"open","sticky":false,"template":"","format":"standard","meta":{"footnotes":""},"categories":[26],"tags":[139],"class_list":["post-260","post","type-post","status-publish","format-standard","category-prima-pagina","tag-belluno"],"yoast_head":"<!-- This site is optimized with the Yoast SEO plugin v28.4 - https:\/\/yoast.com\/product\/yoast-seo-wordpress\/ -->\n<title>Strada interna Veneggia:la protesta degli abitanti - Bellunopress - Dolomiti<\/title>\n<meta name=\"robots\" content=\"index, follow, max-snippet:-1, max-image-preview:large, max-video-preview:-1\" \/>\n<link rel=\"canonical\" href=\"https:\/\/www.bellunopress.it\/fr\/2009\/02\/06\/strada-interna-veneggiala-protesta-degli-abitanti\/\" \/>\n<meta property=\"og:locale\" content=\"fr_FR\" \/>\n<meta property=\"og:type\" content=\"article\" \/>\n<meta property=\"og:title\" content=\"Strada interna Veneggia:la protesta degli abitanti - Bellunopress - Dolomiti\" \/>\n<meta property=\"og:description\" content=\"\u00a0\u201cLa strada interna della Veneggia, si fa o no?\u201d ne hanno parlato gioved\u00ec sera dinanzi a un folto pubblico stipato nella sala del Faro, Jacopo Massaro, Marco Perale, Silvano De Salvador e Roberto De Moliner del Gruppo consigliare \u201cL&#8217;Ulivo \u2013 Partito democratico\u201d. Si sono sentite anche minacce di blocco stradale per interrompere il traffico pesante [&hellip;]\" \/>\n<meta property=\"og:url\" content=\"https:\/\/www.bellunopress.it\/fr\/2009\/02\/06\/strada-interna-veneggiala-protesta-degli-abitanti\/\" \/>\n<meta property=\"og:site_name\" content=\"Bellunopress - Dolomiti\" \/>\n<meta property=\"article:publisher\" content=\"https:\/\/www.facebook.com\/profile.php?id=100008943462799\" \/>\n<meta property=\"article:published_time\" content=\"2009-02-06T00:22:21+00:00\" \/>\n<meta property=\"og:image\" content=\"http:\/\/www.bellunopress.it\/wp-content\/uploads\/2009\/02\/jacopo-massaro-marco-perale.jpg\" \/>\n<meta name=\"author\" content=\"redazione\" \/>\n<meta name=\"twitter:card\" content=\"summary_large_image\" \/>\n<meta name=\"twitter:creator\" content=\"@bellunopress\" \/>\n<meta name=\"twitter:site\" content=\"@bellunopress\" \/>\n<meta name=\"twitter:label1\" content=\"\u00c9crit par\" \/>\n\t<meta name=\"twitter:data1\" content=\"redazione\" \/>\n\t<meta name=\"twitter:label2\" content=\"Dur\u00e9e de lecture estim\u00e9e\" \/>\n\t<meta name=\"twitter:data2\" content=\"2 minutes\" \/>\n<script type=\"application\/ld+json\" class=\"yoast-schema-graph\">{\"@context\":\"https:\\\/\\\/schema.org\",\"@graph\":[{\"@type\":\"Article\",\"@id\":\"https:\\\/\\\/www.bellunopress.it\\\/2009\\\/02\\\/06\\\/strada-interna-veneggiala-protesta-degli-abitanti\\\/#article\",\"isPartOf\":{\"@id\":\"https:\\\/\\\/www.bellunopress.it\\\/2009\\\/02\\\/06\\\/strada-interna-veneggiala-protesta-degli-abitanti\\\/\"},\"author\":{\"name\":\"redazione\",\"@id\":\"https:\\\/\\\/www.bellunopress.it\\\/#\\\/schema\\\/person\\\/79bb06722b37ece1c03d3e94beb30d73\"},\"headline\":\"Strada interna Veneggia:la protesta degli abitanti\",\"datePublished\":\"2009-02-06T00:22:21+00:00\",\"mainEntityOfPage\":{\"@id\":\"https:\\\/\\\/www.bellunopress.it\\\/2009\\\/02\\\/06\\\/strada-interna-veneggiala-protesta-degli-abitanti\\\/\"},\"wordCount\":328,\"publisher\":{\"@id\":\"https:\\\/\\\/www.bellunopress.it\\\/#organization\"},\"image\":{\"@id\":\"https:\\\/\\\/www.bellunopress.it\\\/2009\\\/02\\\/06\\\/strada-interna-veneggiala-protesta-degli-abitanti\\\/#primaryimage\"},\"thumbnailUrl\":\"http:\\\/\\\/www.bellunopress.it\\\/wp-content\\\/uploads\\\/2009\\\/02\\\/jacopo-massaro-marco-perale.jpg\",\"keywords\":[\"Belluno\"],\"articleSection\":[\"Prima Pagina\"],\"inLanguage\":\"fr-FR\"},{\"@type\":\"WebPage\",\"@id\":\"https:\\\/\\\/www.bellunopress.it\\\/2009\\\/02\\\/06\\\/strada-interna-veneggiala-protesta-degli-abitanti\\\/\",\"url\":\"https:\\\/\\\/www.bellunopress.it\\\/2009\\\/02\\\/06\\\/strada-interna-veneggiala-protesta-degli-abitanti\\\/\",\"name\":\"Strada interna Veneggia:la protesta degli abitanti - Bellunopress - Dolomiti\",\"isPartOf\":{\"@id\":\"https:\\\/\\\/www.bellunopress.it\\\/#website\"},\"primaryImageOfPage\":{\"@id\":\"https:\\\/\\\/www.bellunopress.it\\\/2009\\\/02\\\/06\\\/strada-interna-veneggiala-protesta-degli-abitanti\\\/#primaryimage\"},\"image\":{\"@id\":\"https:\\\/\\\/www.bellunopress.it\\\/2009\\\/02\\\/06\\\/strada-interna-veneggiala-protesta-degli-abitanti\\\/#primaryimage\"},\"thumbnailUrl\":\"http:\\\/\\\/www.bellunopress.it\\\/wp-content\\\/uploads\\\/2009\\\/02\\\/jacopo-massaro-marco-perale.jpg\",\"datePublished\":\"2009-02-06T00:22:21+00:00\",\"breadcrumb\":{\"@id\":\"https:\\\/\\\/www.bellunopress.it\\\/2009\\\/02\\\/06\\\/strada-interna-veneggiala-protesta-degli-abitanti\\\/#breadcrumb\"},\"inLanguage\":\"fr-FR\",\"potentialAction\":[{\"@type\":\"ReadAction\",\"target\":[\"https:\\\/\\\/www.bellunopress.it\\\/2009\\\/02\\\/06\\\/strada-interna-veneggiala-protesta-degli-abitanti\\\/\"]}]},{\"@type\":\"ImageObject\",\"inLanguage\":\"fr-FR\",\"@id\":\"https:\\\/\\\/www.bellunopress.it\\\/2009\\\/02\\\/06\\\/strada-interna-veneggiala-protesta-degli-abitanti\\\/#primaryimage\",\"url\":\"http:\\\/\\\/www.bellunopress.it\\\/wp-content\\\/uploads\\\/2009\\\/02\\\/jacopo-massaro-marco-perale.jpg\",\"contentUrl\":\"http:\\\/\\\/www.bellunopress.it\\\/wp-content\\\/uploads\\\/2009\\\/02\\\/jacopo-massaro-marco-perale.jpg\"},{\"@type\":\"BreadcrumbList\",\"@id\":\"https:\\\/\\\/www.bellunopress.it\\\/2009\\\/02\\\/06\\\/strada-interna-veneggiala-protesta-degli-abitanti\\\/#breadcrumb\",\"itemListElement\":[{\"@type\":\"ListItem\",\"position\":1,\"name\":\"Home\",\"item\":\"https:\\\/\\\/www.bellunopress.it\\\/\"},{\"@type\":\"ListItem\",\"position\":2,\"name\":\"Strada interna Veneggia:la protesta degli abitanti\"}]},{\"@type\":\"WebSite\",\"@id\":\"https:\\\/\\\/www.bellunopress.it\\\/#website\",\"url\":\"https:\\\/\\\/www.bellunopress.it\\\/\",\"name\":\"Bellunopress - Dolomiti\",\"description\":\"e-mail: redazione@bellunopress.it\",\"publisher\":{\"@id\":\"https:\\\/\\\/www.bellunopress.it\\\/#organization\"},\"potentialAction\":[{\"@type\":\"SearchAction\",\"target\":{\"@type\":\"EntryPoint\",\"urlTemplate\":\"https:\\\/\\\/www.bellunopress.it\\\/?s={search_term_string}\"},\"query-input\":{\"@type\":\"PropertyValueSpecification\",\"valueRequired\":true,\"valueName\":\"search_term_string\"}}],\"inLanguage\":\"fr-FR\"},{\"@type\":\"Organization\",\"@id\":\"https:\\\/\\\/www.bellunopress.it\\\/#organization\",\"name\":\"Bellunopress\",\"url\":\"https:\\\/\\\/www.bellunopress.it\\\/\",\"logo\":{\"@type\":\"ImageObject\",\"inLanguage\":\"fr-FR\",\"@id\":\"https:\\\/\\\/www.bellunopress.it\\\/#\\\/schema\\\/logo\\\/image\\\/\",\"url\":\"https:\\\/\\\/www.bellunopress.it\\\/wp-content\\\/uploads\\\/2011\\\/05\\\/cropped-logo-bellunopress-.jpg\",\"contentUrl\":\"https:\\\/\\\/www.bellunopress.it\\\/wp-content\\\/uploads\\\/2011\\\/05\\\/cropped-logo-bellunopress-.jpg\",\"width\":512,\"height\":512,\"caption\":\"Bellunopress\"},\"image\":{\"@id\":\"https:\\\/\\\/www.bellunopress.it\\\/#\\\/schema\\\/logo\\\/image\\\/\"},\"sameAs\":[\"https:\\\/\\\/www.facebook.com\\\/profile.php?id=100008943462799\",\"https:\\\/\\\/x.com\\\/bellunopress\",\"https:\\\/\\\/www.linkedin.com\\\/hp\\\/?dnr=JBzUWaJfMUw8vbXJJ2tVW5-I3jZKvC4wsoxE&amp;amp;amp;amp;amp;amp;trk=nav_responsive_tab_home\",\"https:\\\/\\\/www.youtube.com\\\/channel\\\/UCxL0wu1uN0_3_7hGG0306cw\"]},{\"@type\":\"Person\",\"@id\":\"https:\\\/\\\/www.bellunopress.it\\\/#\\\/schema\\\/person\\\/79bb06722b37ece1c03d3e94beb30d73\",\"name\":\"redazione\",\"image\":{\"@type\":\"ImageObject\",\"inLanguage\":\"fr-FR\",\"@id\":\"https:\\\/\\\/secure.gravatar.com\\\/avatar\\\/37d968a2e67a6fd04c169c4bdef102d0bc5d31b2546345219e348575eb80e9a0?s=96&d=mm&r=g\",\"url\":\"https:\\\/\\\/secure.gravatar.com\\\/avatar\\\/37d968a2e67a6fd04c169c4bdef102d0bc5d31b2546345219e348575eb80e9a0?s=96&d=mm&r=g\",\"contentUrl\":\"https:\\\/\\\/secure.gravatar.com\\\/avatar\\\/37d968a2e67a6fd04c169c4bdef102d0bc5d31b2546345219e348575eb80e9a0?s=96&d=mm&r=g\",\"caption\":\"redazione\"},\"sameAs\":[\"http:\\\/\\\/www.bellunopress.it\",\"https:\\\/\\\/x.com\\\/bellunopress\"],\"url\":\"https:\\\/\\\/www.bellunopress.it\\\/fr\\\/author\\\/redazione\\\/\"}]}<\/script>\n<!-- \/ Yoast SEO plugin. -->","yoast_head_json":{"title":"Strada interna Veneggia:la protesta degli abitanti - Bellunopress - Dolomiti","robots":{"index":"index","follow":"follow","max-snippet":"max-snippet:-1","max-image-preview":"max-image-preview:large","max-video-preview":"max-video-preview:-1"},"canonical":"https:\/\/www.bellunopress.it\/fr\/2009\/02\/06\/strada-interna-veneggiala-protesta-degli-abitanti\/","og_locale":"fr_FR","og_type":"article","og_title":"Strada interna Veneggia:la protesta degli abitanti - Bellunopress - Dolomiti","og_description":"\u00a0\u201cLa strada interna della Veneggia, si fa o no?\u201d ne hanno parlato gioved\u00ec sera dinanzi a un folto pubblico stipato nella sala del Faro, Jacopo Massaro, Marco Perale, Silvano De Salvador e Roberto De Moliner del Gruppo consigliare \u201cL&#8217;Ulivo \u2013 Partito democratico\u201d. Si sono sentite anche minacce di blocco stradale per interrompere il traffico pesante [&hellip;]","og_url":"https:\/\/www.bellunopress.it\/fr\/2009\/02\/06\/strada-interna-veneggiala-protesta-degli-abitanti\/","og_site_name":"Bellunopress - Dolomiti","article_publisher":"https:\/\/www.facebook.com\/profile.php?id=100008943462799","article_published_time":"2009-02-06T00:22:21+00:00","og_image":[{"url":"http:\/\/www.bellunopress.it\/wp-content\/uploads\/2009\/02\/jacopo-massaro-marco-perale.jpg","type":"","width":"","height":""}],"author":"redazione","twitter_card":"summary_large_image","twitter_creator":"@bellunopress","twitter_site":"@bellunopress","twitter_misc":{"\u00c9crit par":"redazione","Dur\u00e9e de lecture estim\u00e9e":"2 minutes"},"schema":{"@context":"https:\/\/schema.org","@graph":[{"@type":"Article","@id":"https:\/\/www.bellunopress.it\/2009\/02\/06\/strada-interna-veneggiala-protesta-degli-abitanti\/#article","isPartOf":{"@id":"https:\/\/www.bellunopress.it\/2009\/02\/06\/strada-interna-veneggiala-protesta-degli-abitanti\/"},"author":{"name":"redazione","@id":"https:\/\/www.bellunopress.it\/#\/schema\/person\/79bb06722b37ece1c03d3e94beb30d73"},"headline":"Strada interna Veneggia:la protesta degli abitanti","datePublished":"2009-02-06T00:22:21+00:00","mainEntityOfPage":{"@id":"https:\/\/www.bellunopress.it\/2009\/02\/06\/strada-interna-veneggiala-protesta-degli-abitanti\/"},"wordCount":328,"publisher":{"@id":"https:\/\/www.bellunopress.it\/#organization"},"image":{"@id":"https:\/\/www.bellunopress.it\/2009\/02\/06\/strada-interna-veneggiala-protesta-degli-abitanti\/#primaryimage"},"thumbnailUrl":"http:\/\/www.bellunopress.it\/wp-content\/uploads\/2009\/02\/jacopo-massaro-marco-perale.jpg","keywords":["Belluno"],"articleSection":["Prima Pagina"],"inLanguage":"fr-FR"},{"@type":"WebPage","@id":"https:\/\/www.bellunopress.it\/2009\/02\/06\/strada-interna-veneggiala-protesta-degli-abitanti\/","url":"https:\/\/www.bellunopress.it\/2009\/02\/06\/strada-interna-veneggiala-protesta-degli-abitanti\/","name":"Strada interna Veneggia:la protesta degli abitanti - Bellunopress - Dolomiti","isPartOf":{"@id":"https:\/\/www.bellunopress.it\/#website"},"primaryImageOfPage":{"@id":"https:\/\/www.bellunopress.it\/2009\/02\/06\/strada-interna-veneggiala-protesta-degli-abitanti\/#primaryimage"},"image":{"@id":"https:\/\/www.bellunopress.it\/2009\/02\/06\/strada-interna-veneggiala-protesta-degli-abitanti\/#primaryimage"},"thumbnailUrl":"http:\/\/www.bellunopress.it\/wp-content\/uploads\/2009\/02\/jacopo-massaro-marco-perale.jpg","datePublished":"2009-02-06T00:22:21+00:00","breadcrumb":{"@id":"https:\/\/www.bellunopress.it\/2009\/02\/06\/strada-interna-veneggiala-protesta-degli-abitanti\/#breadcrumb"},"inLanguage":"fr-FR","potentialAction":[{"@type":"ReadAction","target":["https:\/\/www.bellunopress.it\/2009\/02\/06\/strada-interna-veneggiala-protesta-degli-abitanti\/"]}]},{"@type":"ImageObject","inLanguage":"fr-FR","@id":"https:\/\/www.bellunopress.it\/2009\/02\/06\/strada-interna-veneggiala-protesta-degli-abitanti\/#primaryimage","url":"http:\/\/www.bellunopress.it\/wp-content\/uploads\/2009\/02\/jacopo-massaro-marco-perale.jpg","contentUrl":"http:\/\/www.bellunopress.it\/wp-content\/uploads\/2009\/02\/jacopo-massaro-marco-perale.jpg"},{"@type":"BreadcrumbList","@id":"https:\/\/www.bellunopress.it\/2009\/02\/06\/strada-interna-veneggiala-protesta-degli-abitanti\/#breadcrumb","itemListElement":[{"@type":"ListItem","position":1,"name":"Home","item":"https:\/\/www.bellunopress.it\/"},{"@type":"ListItem","position":2,"name":"Strada interna Veneggia:la protesta degli abitanti"}]},{"@type":"WebSite","@id":"https:\/\/www.bellunopress.it\/#website","url":"https:\/\/www.bellunopress.it\/","name":"Bellunopress - Dolomiti","description":"e-mail: redazione@bellunopress.it","publisher":{"@id":"https:\/\/www.bellunopress.it\/#organization"},"potentialAction":[{"@type":"SearchAction","target":{"@type":"EntryPoint","urlTemplate":"https:\/\/www.bellunopress.it\/?s={search_term_string}"},"query-input":{"@type":"PropertyValueSpecification","valueRequired":true,"valueName":"search_term_string"}}],"inLanguage":"fr-FR"},{"@type":"Organization","@id":"https:\/\/www.bellunopress.it\/#organization","name":"Bellunopress","url":"https:\/\/www.bellunopress.it\/","logo":{"@type":"ImageObject","inLanguage":"fr-FR","@id":"https:\/\/www.bellunopress.it\/#\/schema\/logo\/image\/","url":"https:\/\/www.bellunopress.it\/wp-content\/uploads\/2011\/05\/cropped-logo-bellunopress-.jpg","contentUrl":"https:\/\/www.bellunopress.it\/wp-content\/uploads\/2011\/05\/cropped-logo-bellunopress-.jpg","width":512,"height":512,"caption":"Bellunopress"},"image":{"@id":"https:\/\/www.bellunopress.it\/#\/schema\/logo\/image\/"},"sameAs":["https:\/\/www.facebook.com\/profile.php?id=100008943462799","https:\/\/x.com\/bellunopress","https:\/\/www.linkedin.com\/hp\/?dnr=JBzUWaJfMUw8vbXJJ2tVW5-I3jZKvC4wsoxE&amp;amp;amp;amp;amp;amp;trk=nav_responsive_tab_home","https:\/\/www.youtube.com\/channel\/UCxL0wu1uN0_3_7hGG0306cw"]},{"@type":"Person","@id":"https:\/\/www.bellunopress.it\/#\/schema\/person\/79bb06722b37ece1c03d3e94beb30d73","name":"r\u00e9daction","image":{"@type":"ImageObject","inLanguage":"fr-FR","@id":"https:\/\/secure.gravatar.com\/avatar\/37d968a2e67a6fd04c169c4bdef102d0bc5d31b2546345219e348575eb80e9a0?s=96&d=mm&r=g","url":"https:\/\/secure.gravatar.com\/avatar\/37d968a2e67a6fd04c169c4bdef102d0bc5d31b2546345219e348575eb80e9a0?s=96&d=mm&r=g","contentUrl":"https:\/\/secure.gravatar.com\/avatar\/37d968a2e67a6fd04c169c4bdef102d0bc5d31b2546345219e348575eb80e9a0?s=96&d=mm&r=g","caption":"redazione"},"sameAs":["http:\/\/www.bellunopress.it","https:\/\/x.com\/bellunopress"],"url":"https:\/\/www.bellunopress.it\/fr\/author\/redazione\/"}]}},"_links":{"self":[{"href":"https:\/\/www.bellunopress.it\/fr\/wp-json\/wp\/v2\/posts\/260","targetHints":{"allow":["GET"]}}],"collection":[{"href":"https:\/\/www.bellunopress.it\/fr\/wp-json\/wp\/v2\/posts"}],"about":[{"href":"https:\/\/www.bellunopress.it\/fr\/wp-json\/wp\/v2\/types\/post"}],"author":[{"embeddable":true,"href":"https:\/\/www.bellunopress.it\/fr\/wp-json\/wp\/v2\/users\/2"}],"replies":[{"embeddable":true,"href":"https:\/\/www.bellunopress.it\/fr\/wp-json\/wp\/v2\/comments?post=260"}],"version-history":[{"count":1,"href":"https:\/\/www.bellunopress.it\/fr\/wp-json\/wp\/v2\/posts\/260\/revisions"}],"predecessor-version":[{"id":262,"href":"https:\/\/www.bellunopress.it\/fr\/wp-json\/wp\/v2\/posts\/260\/revisions\/262"}],"wp:attachment":[{"href":"https:\/\/www.bellunopress.it\/fr\/wp-json\/wp\/v2\/media?parent=260"}],"wp:term":[{"taxonomy":"category","embeddable":true,"href":"https:\/\/www.bellunopress.it\/fr\/wp-json\/wp\/v2\/categories?post=260"},{"taxonomy":"post_tag","embeddable":true,"href":"https:\/\/www.bellunopress.it\/fr\/wp-json\/wp\/v2\/tags?post=260"}],"curies":[{"name":"wp","href":"https:\/\/api.w.org\/{rel}","templated":true}]}}