{"id":2577,"date":"2009-04-10T16:20:45","date_gmt":"2009-04-10T15:20:45","guid":{"rendered":"http:\/\/www.bellunopress.it\/?p=2577"},"modified":"2009-04-11T14:57:56","modified_gmt":"2009-04-11T13:57:56","slug":"dipendente-della-provincia-blocca-tre-sciacalli-in-abruzzo","status":"publish","type":"post","link":"https:\/\/www.bellunopress.it\/fr\/2009\/04\/10\/dipendente-della-provincia-blocca-tre-sciacalli-in-abruzzo\/","title":{"rendered":"I tre presunti &#8220;sciacalli&#8221; dell&#8217;Aquila liberati dal giudice"},"content":{"rendered":"<p><a href=\"http:\/\/www.bellunopress.it\/wp-content\/uploads\/2009\/04\/terremoto-abruzzo-180x240.jpg\"><img loading=\"lazy\" decoding=\"async\" class=\"alignleft size-medium wp-image-2485\" title=\"terremoto-abruzzo-180x240\" src=\"http:\/\/www.bellunopress.it\/wp-content\/uploads\/2009\/04\/terremoto-abruzzo-180x240.jpg\" alt=\"\" width=\"180\" height=\"240\" \/><\/a> Aveva contribuito a bloccare tre persone scoperte a frugare in una casa. Michele Russo\u00a0 \u00e8 uno dei dipendenti della Provincia di Belluno da una settimana in servizio di protezione civile nelle zone terremotate. La notte scorsa era di sorveglianza tra le macerie del paese insieme con altri tre colleghi. All\u2019alba, insospettito da alcuni movimenti dentro una casa, Russo ha bloccato tre persone con l\u2019aiuto dei colleghi e ha immediatamente chiamato il sindaco del paese e il 112. Giunti sul posto i carabinieri hanno fatto gli accertamenti sui tre uomini, scoperti a frugare all\u2019interno di una abitazione. I militari hanno poi preso in custodia gli uomini. Stamattina il giudice ha vagliato la loro posizione e li ha liberati in quanto il fatto non sussiste.<br \/>\nIntanto proseguono le operazioni umanitarie coordinate dalla Provincia di Belluno. A San Panfilo d\u2019Ocre \u00e8 stato allestito un campo che ospita 260 sfollati sul quale lavorano i dipendenti della Provincia e 45 volontari. Domani mattina a Sedico \u00e8 in programma la riunione con i 23 volontari di protezione civile che saranno inviati luned\u00ec in Abruzzo per dare il cambio settimanale alle squadre presenti. Con loro partiranno Dimitri D\u2019Inc\u00e0 e Maurizio Collet, dipendenti di Palazzo Piloni che oltre ai compiti di coordinamento dei volontari hanno in carico l\u2019avvio delle verifiche sull\u2019agibilit\u00e0 degli edifici. La partenza del nucleo \u00e8 in programma luned\u00ec mattina alle 3 da Belluno.<\/p>","protected":false},"excerpt":{"rendered":"<p>Aveva contribuito a bloccare tre persone scoperte a frugare in una casa. Michele Russo\u00a0 \u00e8 uno dei dipendenti della Provincia di Belluno da una settimana in servizio di protezione civile nelle zone terremotate. La notte scorsa era di sorveglianza tra le macerie del paese insieme con altri tre colleghi. All\u2019alba, insospettito da alcuni movimenti dentro [&hellip;]<\/p>\n","protected":false},"author":2,"featured_media":0,"comment_status":"closed","ping_status":"open","sticky":false,"template":"","format":"standard","meta":{"footnotes":""},"categories":[5,26],"tags":[139],"class_list":["post-2577","post","type-post","status-publish","format-standard","category-cronaca","category-prima-pagina","tag-belluno"],"yoast_head":"<!-- This site is optimized with the Yoast SEO plugin v28.4 - https:\/\/yoast.com\/product\/yoast-seo-wordpress\/ -->\n<title>I tre presunti &quot;sciacalli&quot; dell&#039;Aquila liberati dal giudice - Bellunopress - Dolomiti<\/title>\n<meta name=\"robots\" content=\"index, follow, max-snippet:-1, max-image-preview:large, max-video-preview:-1\" \/>\n<link rel=\"canonical\" href=\"https:\/\/www.bellunopress.it\/fr\/2009\/04\/10\/dipendente-della-provincia-blocca-tre-sciacalli-in-abruzzo\/\" \/>\n<meta property=\"og:locale\" content=\"fr_FR\" \/>\n<meta property=\"og:type\" content=\"article\" \/>\n<meta property=\"og:title\" content=\"I tre presunti &quot;sciacalli&quot; dell&#039;Aquila liberati dal giudice - Bellunopress - Dolomiti\" \/>\n<meta property=\"og:description\" content=\"Aveva contribuito a bloccare tre persone scoperte a frugare in una casa. Michele Russo\u00a0 \u00e8 uno dei dipendenti della Provincia di Belluno da una settimana in servizio di protezione civile nelle zone terremotate. La notte scorsa era di sorveglianza tra le macerie del paese insieme con altri tre colleghi. All\u2019alba, insospettito da alcuni movimenti dentro [&hellip;]\" \/>\n<meta property=\"og:url\" content=\"https:\/\/www.bellunopress.it\/fr\/2009\/04\/10\/dipendente-della-provincia-blocca-tre-sciacalli-in-abruzzo\/\" \/>\n<meta property=\"og:site_name\" content=\"Bellunopress - Dolomiti\" \/>\n<meta property=\"article:publisher\" content=\"https:\/\/www.facebook.com\/profile.php?id=100008943462799\" \/>\n<meta property=\"article:published_time\" content=\"2009-04-10T15:20:45+00:00\" \/>\n<meta property=\"article:modified_time\" content=\"2009-04-11T13:57:56+00:00\" \/>\n<meta property=\"og:image\" content=\"http:\/\/www.bellunopress.it\/wp-content\/uploads\/2009\/04\/terremoto-abruzzo-180x240.jpg\" \/>\n<meta name=\"author\" content=\"redazione\" \/>\n<meta name=\"twitter:card\" content=\"summary_large_image\" \/>\n<meta name=\"twitter:creator\" content=\"@bellunopress\" \/>\n<meta name=\"twitter:site\" content=\"@bellunopress\" \/>\n<meta name=\"twitter:label1\" content=\"\u00c9crit par\" \/>\n\t<meta name=\"twitter:data1\" content=\"redazione\" \/>\n\t<meta name=\"twitter:label2\" content=\"Dur\u00e9e de lecture estim\u00e9e\" \/>\n\t<meta name=\"twitter:data2\" content=\"1 minute\" \/>\n<script type=\"application\/ld+json\" class=\"yoast-schema-graph\">{\"@context\":\"https:\\\/\\\/schema.org\",\"@graph\":[{\"@type\":\"Article\",\"@id\":\"https:\\\/\\\/www.bellunopress.it\\\/2009\\\/04\\\/10\\\/dipendente-della-provincia-blocca-tre-sciacalli-in-abruzzo\\\/#article\",\"isPartOf\":{\"@id\":\"https:\\\/\\\/www.bellunopress.it\\\/2009\\\/04\\\/10\\\/dipendente-della-provincia-blocca-tre-sciacalli-in-abruzzo\\\/\"},\"author\":{\"name\":\"redazione\",\"@id\":\"https:\\\/\\\/www.bellunopress.it\\\/#\\\/schema\\\/person\\\/79bb06722b37ece1c03d3e94beb30d73\"},\"headline\":\"I tre presunti &#8220;sciacalli&#8221; dell&#8217;Aquila liberati dal giudice\",\"datePublished\":\"2009-04-10T15:20:45+00:00\",\"dateModified\":\"2009-04-11T13:57:56+00:00\",\"mainEntityOfPage\":{\"@id\":\"https:\\\/\\\/www.bellunopress.it\\\/2009\\\/04\\\/10\\\/dipendente-della-provincia-blocca-tre-sciacalli-in-abruzzo\\\/\"},\"wordCount\":235,\"publisher\":{\"@id\":\"https:\\\/\\\/www.bellunopress.it\\\/#organization\"},\"image\":{\"@id\":\"https:\\\/\\\/www.bellunopress.it\\\/2009\\\/04\\\/10\\\/dipendente-della-provincia-blocca-tre-sciacalli-in-abruzzo\\\/#primaryimage\"},\"thumbnailUrl\":\"http:\\\/\\\/www.bellunopress.it\\\/wp-content\\\/uploads\\\/2009\\\/04\\\/terremoto-abruzzo-180x240.jpg\",\"keywords\":[\"Belluno\"],\"articleSection\":[\"Cronaca\\\/Politica\",\"Prima Pagina\"],\"inLanguage\":\"fr-FR\"},{\"@type\":\"WebPage\",\"@id\":\"https:\\\/\\\/www.bellunopress.it\\\/2009\\\/04\\\/10\\\/dipendente-della-provincia-blocca-tre-sciacalli-in-abruzzo\\\/\",\"url\":\"https:\\\/\\\/www.bellunopress.it\\\/2009\\\/04\\\/10\\\/dipendente-della-provincia-blocca-tre-sciacalli-in-abruzzo\\\/\",\"name\":\"I tre presunti \\\"sciacalli\\\" dell'Aquila liberati dal giudice - Bellunopress - Dolomiti\",\"isPartOf\":{\"@id\":\"https:\\\/\\\/www.bellunopress.it\\\/#website\"},\"primaryImageOfPage\":{\"@id\":\"https:\\\/\\\/www.bellunopress.it\\\/2009\\\/04\\\/10\\\/dipendente-della-provincia-blocca-tre-sciacalli-in-abruzzo\\\/#primaryimage\"},\"image\":{\"@id\":\"https:\\\/\\\/www.bellunopress.it\\\/2009\\\/04\\\/10\\\/dipendente-della-provincia-blocca-tre-sciacalli-in-abruzzo\\\/#primaryimage\"},\"thumbnailUrl\":\"http:\\\/\\\/www.bellunopress.it\\\/wp-content\\\/uploads\\\/2009\\\/04\\\/terremoto-abruzzo-180x240.jpg\",\"datePublished\":\"2009-04-10T15:20:45+00:00\",\"dateModified\":\"2009-04-11T13:57:56+00:00\",\"breadcrumb\":{\"@id\":\"https:\\\/\\\/www.bellunopress.it\\\/2009\\\/04\\\/10\\\/dipendente-della-provincia-blocca-tre-sciacalli-in-abruzzo\\\/#breadcrumb\"},\"inLanguage\":\"fr-FR\",\"potentialAction\":[{\"@type\":\"ReadAction\",\"target\":[\"https:\\\/\\\/www.bellunopress.it\\\/2009\\\/04\\\/10\\\/dipendente-della-provincia-blocca-tre-sciacalli-in-abruzzo\\\/\"]}]},{\"@type\":\"ImageObject\",\"inLanguage\":\"fr-FR\",\"@id\":\"https:\\\/\\\/www.bellunopress.it\\\/2009\\\/04\\\/10\\\/dipendente-della-provincia-blocca-tre-sciacalli-in-abruzzo\\\/#primaryimage\",\"url\":\"http:\\\/\\\/www.bellunopress.it\\\/wp-content\\\/uploads\\\/2009\\\/04\\\/terremoto-abruzzo-180x240.jpg\",\"contentUrl\":\"http:\\\/\\\/www.bellunopress.it\\\/wp-content\\\/uploads\\\/2009\\\/04\\\/terremoto-abruzzo-180x240.jpg\"},{\"@type\":\"BreadcrumbList\",\"@id\":\"https:\\\/\\\/www.bellunopress.it\\\/2009\\\/04\\\/10\\\/dipendente-della-provincia-blocca-tre-sciacalli-in-abruzzo\\\/#breadcrumb\",\"itemListElement\":[{\"@type\":\"ListItem\",\"position\":1,\"name\":\"Home\",\"item\":\"https:\\\/\\\/www.bellunopress.it\\\/\"},{\"@type\":\"ListItem\",\"position\":2,\"name\":\"I tre presunti &#8220;sciacalli&#8221; dell&#8217;Aquila liberati dal giudice\"}]},{\"@type\":\"WebSite\",\"@id\":\"https:\\\/\\\/www.bellunopress.it\\\/#website\",\"url\":\"https:\\\/\\\/www.bellunopress.it\\\/\",\"name\":\"Bellunopress - Dolomiti\",\"description\":\"e-mail: redazione@bellunopress.it\",\"publisher\":{\"@id\":\"https:\\\/\\\/www.bellunopress.it\\\/#organization\"},\"potentialAction\":[{\"@type\":\"SearchAction\",\"target\":{\"@type\":\"EntryPoint\",\"urlTemplate\":\"https:\\\/\\\/www.bellunopress.it\\\/?s={search_term_string}\"},\"query-input\":{\"@type\":\"PropertyValueSpecification\",\"valueRequired\":true,\"valueName\":\"search_term_string\"}}],\"inLanguage\":\"fr-FR\"},{\"@type\":\"Organization\",\"@id\":\"https:\\\/\\\/www.bellunopress.it\\\/#organization\",\"name\":\"Bellunopress\",\"url\":\"https:\\\/\\\/www.bellunopress.it\\\/\",\"logo\":{\"@type\":\"ImageObject\",\"inLanguage\":\"fr-FR\",\"@id\":\"https:\\\/\\\/www.bellunopress.it\\\/#\\\/schema\\\/logo\\\/image\\\/\",\"url\":\"https:\\\/\\\/www.bellunopress.it\\\/wp-content\\\/uploads\\\/2011\\\/05\\\/cropped-logo-bellunopress-.jpg\",\"contentUrl\":\"https:\\\/\\\/www.bellunopress.it\\\/wp-content\\\/uploads\\\/2011\\\/05\\\/cropped-logo-bellunopress-.jpg\",\"width\":512,\"height\":512,\"caption\":\"Bellunopress\"},\"image\":{\"@id\":\"https:\\\/\\\/www.bellunopress.it\\\/#\\\/schema\\\/logo\\\/image\\\/\"},\"sameAs\":[\"https:\\\/\\\/www.facebook.com\\\/profile.php?id=100008943462799\",\"https:\\\/\\\/x.com\\\/bellunopress\",\"https:\\\/\\\/www.linkedin.com\\\/hp\\\/?dnr=JBzUWaJfMUw8vbXJJ2tVW5-I3jZKvC4wsoxE&amp;amp;amp;amp;amp;amp;trk=nav_responsive_tab_home\",\"https:\\\/\\\/www.youtube.com\\\/channel\\\/UCxL0wu1uN0_3_7hGG0306cw\"]},{\"@type\":\"Person\",\"@id\":\"https:\\\/\\\/www.bellunopress.it\\\/#\\\/schema\\\/person\\\/79bb06722b37ece1c03d3e94beb30d73\",\"name\":\"redazione\",\"image\":{\"@type\":\"ImageObject\",\"inLanguage\":\"fr-FR\",\"@id\":\"https:\\\/\\\/secure.gravatar.com\\\/avatar\\\/37d968a2e67a6fd04c169c4bdef102d0bc5d31b2546345219e348575eb80e9a0?s=96&d=mm&r=g\",\"url\":\"https:\\\/\\\/secure.gravatar.com\\\/avatar\\\/37d968a2e67a6fd04c169c4bdef102d0bc5d31b2546345219e348575eb80e9a0?s=96&d=mm&r=g\",\"contentUrl\":\"https:\\\/\\\/secure.gravatar.com\\\/avatar\\\/37d968a2e67a6fd04c169c4bdef102d0bc5d31b2546345219e348575eb80e9a0?s=96&d=mm&r=g\",\"caption\":\"redazione\"},\"sameAs\":[\"http:\\\/\\\/www.bellunopress.it\",\"https:\\\/\\\/x.com\\\/bellunopress\"],\"url\":\"https:\\\/\\\/www.bellunopress.it\\\/fr\\\/author\\\/redazione\\\/\"}]}<\/script>\n<!-- \/ Yoast SEO plugin. -->","yoast_head_json":{"title":"I tre presunti \"sciacalli\" dell'Aquila liberati dal giudice - Bellunopress - Dolomiti","robots":{"index":"index","follow":"follow","max-snippet":"max-snippet:-1","max-image-preview":"max-image-preview:large","max-video-preview":"max-video-preview:-1"},"canonical":"https:\/\/www.bellunopress.it\/fr\/2009\/04\/10\/dipendente-della-provincia-blocca-tre-sciacalli-in-abruzzo\/","og_locale":"fr_FR","og_type":"article","og_title":"I tre presunti \"sciacalli\" dell'Aquila liberati dal giudice - Bellunopress - Dolomiti","og_description":"Aveva contribuito a bloccare tre persone scoperte a frugare in una casa. Michele Russo\u00a0 \u00e8 uno dei dipendenti della Provincia di Belluno da una settimana in servizio di protezione civile nelle zone terremotate. La notte scorsa era di sorveglianza tra le macerie del paese insieme con altri tre colleghi. All\u2019alba, insospettito da alcuni movimenti dentro [&hellip;]","og_url":"https:\/\/www.bellunopress.it\/fr\/2009\/04\/10\/dipendente-della-provincia-blocca-tre-sciacalli-in-abruzzo\/","og_site_name":"Bellunopress - Dolomiti","article_publisher":"https:\/\/www.facebook.com\/profile.php?id=100008943462799","article_published_time":"2009-04-10T15:20:45+00:00","article_modified_time":"2009-04-11T13:57:56+00:00","og_image":[{"url":"http:\/\/www.bellunopress.it\/wp-content\/uploads\/2009\/04\/terremoto-abruzzo-180x240.jpg","type":"","width":"","height":""}],"author":"redazione","twitter_card":"summary_large_image","twitter_creator":"@bellunopress","twitter_site":"@bellunopress","twitter_misc":{"\u00c9crit par":"redazione","Dur\u00e9e de lecture estim\u00e9e":"1 minute"},"schema":{"@context":"https:\/\/schema.org","@graph":[{"@type":"Article","@id":"https:\/\/www.bellunopress.it\/2009\/04\/10\/dipendente-della-provincia-blocca-tre-sciacalli-in-abruzzo\/#article","isPartOf":{"@id":"https:\/\/www.bellunopress.it\/2009\/04\/10\/dipendente-della-provincia-blocca-tre-sciacalli-in-abruzzo\/"},"author":{"name":"redazione","@id":"https:\/\/www.bellunopress.it\/#\/schema\/person\/79bb06722b37ece1c03d3e94beb30d73"},"headline":"I tre presunti &#8220;sciacalli&#8221; dell&#8217;Aquila liberati dal giudice","datePublished":"2009-04-10T15:20:45+00:00","dateModified":"2009-04-11T13:57:56+00:00","mainEntityOfPage":{"@id":"https:\/\/www.bellunopress.it\/2009\/04\/10\/dipendente-della-provincia-blocca-tre-sciacalli-in-abruzzo\/"},"wordCount":235,"publisher":{"@id":"https:\/\/www.bellunopress.it\/#organization"},"image":{"@id":"https:\/\/www.bellunopress.it\/2009\/04\/10\/dipendente-della-provincia-blocca-tre-sciacalli-in-abruzzo\/#primaryimage"},"thumbnailUrl":"http:\/\/www.bellunopress.it\/wp-content\/uploads\/2009\/04\/terremoto-abruzzo-180x240.jpg","keywords":["Belluno"],"articleSection":["Cronaca\/Politica","Prima Pagina"],"inLanguage":"fr-FR"},{"@type":"WebPage","@id":"https:\/\/www.bellunopress.it\/2009\/04\/10\/dipendente-della-provincia-blocca-tre-sciacalli-in-abruzzo\/","url":"https:\/\/www.bellunopress.it\/2009\/04\/10\/dipendente-della-provincia-blocca-tre-sciacalli-in-abruzzo\/","name":"I tre presunti \"sciacalli\" dell'Aquila liberati dal giudice - Bellunopress - Dolomiti","isPartOf":{"@id":"https:\/\/www.bellunopress.it\/#website"},"primaryImageOfPage":{"@id":"https:\/\/www.bellunopress.it\/2009\/04\/10\/dipendente-della-provincia-blocca-tre-sciacalli-in-abruzzo\/#primaryimage"},"image":{"@id":"https:\/\/www.bellunopress.it\/2009\/04\/10\/dipendente-della-provincia-blocca-tre-sciacalli-in-abruzzo\/#primaryimage"},"thumbnailUrl":"http:\/\/www.bellunopress.it\/wp-content\/uploads\/2009\/04\/terremoto-abruzzo-180x240.jpg","datePublished":"2009-04-10T15:20:45+00:00","dateModified":"2009-04-11T13:57:56+00:00","breadcrumb":{"@id":"https:\/\/www.bellunopress.it\/2009\/04\/10\/dipendente-della-provincia-blocca-tre-sciacalli-in-abruzzo\/#breadcrumb"},"inLanguage":"fr-FR","potentialAction":[{"@type":"ReadAction","target":["https:\/\/www.bellunopress.it\/2009\/04\/10\/dipendente-della-provincia-blocca-tre-sciacalli-in-abruzzo\/"]}]},{"@type":"ImageObject","inLanguage":"fr-FR","@id":"https:\/\/www.bellunopress.it\/2009\/04\/10\/dipendente-della-provincia-blocca-tre-sciacalli-in-abruzzo\/#primaryimage","url":"http:\/\/www.bellunopress.it\/wp-content\/uploads\/2009\/04\/terremoto-abruzzo-180x240.jpg","contentUrl":"http:\/\/www.bellunopress.it\/wp-content\/uploads\/2009\/04\/terremoto-abruzzo-180x240.jpg"},{"@type":"BreadcrumbList","@id":"https:\/\/www.bellunopress.it\/2009\/04\/10\/dipendente-della-provincia-blocca-tre-sciacalli-in-abruzzo\/#breadcrumb","itemListElement":[{"@type":"ListItem","position":1,"name":"Home","item":"https:\/\/www.bellunopress.it\/"},{"@type":"ListItem","position":2,"name":"I tre presunti &#8220;sciacalli&#8221; dell&#8217;Aquila liberati dal giudice"}]},{"@type":"WebSite","@id":"https:\/\/www.bellunopress.it\/#website","url":"https:\/\/www.bellunopress.it\/","name":"Bellunopress - Dolomiti","description":"e-mail: redazione@bellunopress.it","publisher":{"@id":"https:\/\/www.bellunopress.it\/#organization"},"potentialAction":[{"@type":"SearchAction","target":{"@type":"EntryPoint","urlTemplate":"https:\/\/www.bellunopress.it\/?s={search_term_string}"},"query-input":{"@type":"PropertyValueSpecification","valueRequired":true,"valueName":"search_term_string"}}],"inLanguage":"fr-FR"},{"@type":"Organization","@id":"https:\/\/www.bellunopress.it\/#organization","name":"Bellunopress","url":"https:\/\/www.bellunopress.it\/","logo":{"@type":"ImageObject","inLanguage":"fr-FR","@id":"https:\/\/www.bellunopress.it\/#\/schema\/logo\/image\/","url":"https:\/\/www.bellunopress.it\/wp-content\/uploads\/2011\/05\/cropped-logo-bellunopress-.jpg","contentUrl":"https:\/\/www.bellunopress.it\/wp-content\/uploads\/2011\/05\/cropped-logo-bellunopress-.jpg","width":512,"height":512,"caption":"Bellunopress"},"image":{"@id":"https:\/\/www.bellunopress.it\/#\/schema\/logo\/image\/"},"sameAs":["https:\/\/www.facebook.com\/profile.php?id=100008943462799","https:\/\/x.com\/bellunopress","https:\/\/www.linkedin.com\/hp\/?dnr=JBzUWaJfMUw8vbXJJ2tVW5-I3jZKvC4wsoxE&amp;amp;amp;amp;amp;amp;trk=nav_responsive_tab_home","https:\/\/www.youtube.com\/channel\/UCxL0wu1uN0_3_7hGG0306cw"]},{"@type":"Person","@id":"https:\/\/www.bellunopress.it\/#\/schema\/person\/79bb06722b37ece1c03d3e94beb30d73","name":"r\u00e9daction","image":{"@type":"ImageObject","inLanguage":"fr-FR","@id":"https:\/\/secure.gravatar.com\/avatar\/37d968a2e67a6fd04c169c4bdef102d0bc5d31b2546345219e348575eb80e9a0?s=96&d=mm&r=g","url":"https:\/\/secure.gravatar.com\/avatar\/37d968a2e67a6fd04c169c4bdef102d0bc5d31b2546345219e348575eb80e9a0?s=96&d=mm&r=g","contentUrl":"https:\/\/secure.gravatar.com\/avatar\/37d968a2e67a6fd04c169c4bdef102d0bc5d31b2546345219e348575eb80e9a0?s=96&d=mm&r=g","caption":"redazione"},"sameAs":["http:\/\/www.bellunopress.it","https:\/\/x.com\/bellunopress"],"url":"https:\/\/www.bellunopress.it\/fr\/author\/redazione\/"}]}},"_links":{"self":[{"href":"https:\/\/www.bellunopress.it\/fr\/wp-json\/wp\/v2\/posts\/2577","targetHints":{"allow":["GET"]}}],"collection":[{"href":"https:\/\/www.bellunopress.it\/fr\/wp-json\/wp\/v2\/posts"}],"about":[{"href":"https:\/\/www.bellunopress.it\/fr\/wp-json\/wp\/v2\/types\/post"}],"author":[{"embeddable":true,"href":"https:\/\/www.bellunopress.it\/fr\/wp-json\/wp\/v2\/users\/2"}],"replies":[{"embeddable":true,"href":"https:\/\/www.bellunopress.it\/fr\/wp-json\/wp\/v2\/comments?post=2577"}],"version-history":[{"count":3,"href":"https:\/\/www.bellunopress.it\/fr\/wp-json\/wp\/v2\/posts\/2577\/revisions"}],"predecessor-version":[{"id":2585,"href":"https:\/\/www.bellunopress.it\/fr\/wp-json\/wp\/v2\/posts\/2577\/revisions\/2585"}],"wp:attachment":[{"href":"https:\/\/www.bellunopress.it\/fr\/wp-json\/wp\/v2\/media?parent=2577"}],"wp:term":[{"taxonomy":"category","embeddable":true,"href":"https:\/\/www.bellunopress.it\/fr\/wp-json\/wp\/v2\/categories?post=2577"},{"taxonomy":"post_tag","embeddable":true,"href":"https:\/\/www.bellunopress.it\/fr\/wp-json\/wp\/v2\/tags?post=2577"}],"curies":[{"name":"wp","href":"https:\/\/api.w.org\/{rel}","templated":true}]}}