{"id":257,"date":"2009-02-06T00:48:10","date_gmt":"2009-02-05T23:48:10","guid":{"rendered":"http:\/\/www.bellunopress.it\/?p=257"},"modified":"2009-02-09T10:33:26","modified_gmt":"2009-02-09T09:33:26","slug":"la-replica-di-reolon-irresponsabile-fermare-il-piano","status":"publish","type":"post","link":"https:\/\/www.bellunopress.it\/fr\/2009\/02\/06\/la-replica-di-reolon-irresponsabile-fermare-il-piano\/","title":{"rendered":"La replica di Reolon: Irresponsabile fermare il Piano"},"content":{"rendered":"<p><a href=\"http:\/\/www.bellunopress.it\/wp-content\/uploads\/2009\/02\/sergio-reolon-1.jpg\"><img loading=\"lazy\" decoding=\"async\" class=\"size-medium wp-image-258 alignleft\" title=\"sergio-reolon-1\" src=\"http:\/\/www.bellunopress.it\/wp-content\/uploads\/2009\/02\/sergio-reolon-1.jpg\" alt=\"\" width=\"270\" height=\"180\" \/><\/a>Belluno, 5 febbraio 2009 _ Ritirare o ritardare l\u2019adozione del Piano sarebbe un atto di gravissima irresponsabilit\u00e0 politica. Vorrebbe dire bloccare a tempo indeterminato lo sviluppo del territorio. La lettera divulgata oggi alla stampa dal Comune di Belluno evidenzia la bont\u00e0 del percorso fatto dalla Provincia per l\u2019elaborazione del Ptcp, sia nel merito sia nel metodo. C\u2019\u00e8 una stridente contraddizione tra il lavoro fatto dall\u2019assessore Gamba, dagli uffici comunali, dalla commissione consiliare e quindi dal Consiglio in stretto raccordo con la Provincia e il ricorso al Tar firmato dal sindaco. Una contraddizione esaltata dall\u2019ordine del giorno approvato dal consiglio comunale con il quale i rappresentanti di tutti i cittadini chiedono il ritiro del ricorso. Nel merito della nota vi \u00e8 una chiara ammissione da parte del sindaco di \u201caver di fatto delegato uno degli strumenti importanti per il governo del nostro territorio, la pianificazione, ad un giudice amministrativo\u201d. L\u2019amministrazione provinciale, per contro, ha assunto la responsabilit\u00e0 di costruire attraverso lo strumento del Piano il modello di sviluppo voluto e concertato con una pluralit\u00e0 di attori, le istituzioni, la societ\u00e0 civile e il territorio bellunese. Fin dal 2006 anche attraverso oltre 200 incontri e la predisposizione da parte degli uffici della Provincia di uno spazio dedicato proprio al confronto, la costruzione del Piano \u00e8 sempre stata aperta ad accogliere i contributi di tutti e il Comune di Belluno \u00e8 stato uno degli esempi pi\u00f9 significativi. Tutt\u2019oggi il percorso democratico previsto consente, con le osservazioni e la discussione consiliare, di dare risposte concrete ai dubbi, ai contributi e alle sottolineature avanzate. Il significativo apporto delle osservazioni pervenute permetter\u00e0 certamente di superare i fraintendimenti e di migliorare nel suo complesso il Piano. Mai come in questo momento di crisi economica e sociale c\u2019\u00e8 bisogno di strumenti, come il Piano strategico e il Ptcp, che supportino un nuovo modello di sviluppo del nostro territorio. Le prese di posizione ormai quotidiane, gli interventi delle associazioni e dei soggetti che, con diversi ruoli, rappresentano tutti gli interessi e nel complesso il bene comune, sono il riconoscimento della bont\u00e0 del lavoro svolto, nel metodo e nel merito ed esprimono la volont\u00e0 di migliorarlo continuamente come della natura di questo strumento di pianificazione rivedibile annualmente per legge. Sarebbe invece fortemente irresponsabile bloccare il processo di sviluppo e di riflessione collettiva avviati, anche alla luce della quantit\u00e0 dei consigli comunali (40 su 69) per i quali \u00e8 previsto il rinnovo a giugno. Di fatto significherebbe bloccare il territorio e ripartire da zero.<\/p>","protected":false},"excerpt":{"rendered":"<p>Belluno, 5 febbraio 2009 _ Ritirare o ritardare l\u2019adozione del Piano sarebbe un atto di gravissima irresponsabilit\u00e0 politica. Vorrebbe dire bloccare a tempo indeterminato lo sviluppo del territorio. La lettera divulgata oggi alla stampa dal Comune di Belluno evidenzia la bont\u00e0 del percorso fatto dalla Provincia per l\u2019elaborazione del Ptcp, sia nel merito sia nel [&hellip;]<\/p>\n","protected":false},"author":2,"featured_media":0,"comment_status":"closed","ping_status":"open","sticky":false,"template":"","format":"standard","meta":{"footnotes":""},"categories":[26],"tags":[139],"class_list":["post-257","post","type-post","status-publish","format-standard","category-prima-pagina","tag-belluno"],"yoast_head":"<!-- This site is optimized with the Yoast SEO plugin v28.4 - https:\/\/yoast.com\/product\/yoast-seo-wordpress\/ -->\n<title>La replica di Reolon: Irresponsabile fermare il Piano - Bellunopress - Dolomiti<\/title>\n<meta name=\"robots\" content=\"index, follow, max-snippet:-1, max-image-preview:large, max-video-preview:-1\" \/>\n<link rel=\"canonical\" href=\"https:\/\/www.bellunopress.it\/fr\/2009\/02\/06\/la-replica-di-reolon-irresponsabile-fermare-il-piano\/\" \/>\n<meta property=\"og:locale\" content=\"fr_FR\" \/>\n<meta property=\"og:type\" content=\"article\" \/>\n<meta property=\"og:title\" content=\"La replica di Reolon: Irresponsabile fermare il Piano - Bellunopress - Dolomiti\" \/>\n<meta property=\"og:description\" content=\"Belluno, 5 febbraio 2009 _ Ritirare o ritardare l\u2019adozione del Piano sarebbe un atto di gravissima irresponsabilit\u00e0 politica. Vorrebbe dire bloccare a tempo indeterminato lo sviluppo del territorio. La lettera divulgata oggi alla stampa dal Comune di Belluno evidenzia la bont\u00e0 del percorso fatto dalla Provincia per l\u2019elaborazione del Ptcp, sia nel merito sia nel [&hellip;]\" \/>\n<meta property=\"og:url\" content=\"https:\/\/www.bellunopress.it\/fr\/2009\/02\/06\/la-replica-di-reolon-irresponsabile-fermare-il-piano\/\" \/>\n<meta property=\"og:site_name\" content=\"Bellunopress - Dolomiti\" \/>\n<meta property=\"article:publisher\" content=\"https:\/\/www.facebook.com\/profile.php?id=100008943462799\" \/>\n<meta property=\"article:published_time\" content=\"2009-02-05T23:48:10+00:00\" \/>\n<meta property=\"article:modified_time\" content=\"2009-02-09T09:33:26+00:00\" \/>\n<meta property=\"og:image\" content=\"http:\/\/www.bellunopress.it\/wp-content\/uploads\/2009\/02\/sergio-reolon-1.jpg\" \/>\n<meta name=\"author\" content=\"redazione\" \/>\n<meta name=\"twitter:card\" content=\"summary_large_image\" \/>\n<meta name=\"twitter:creator\" content=\"@bellunopress\" \/>\n<meta name=\"twitter:site\" content=\"@bellunopress\" \/>\n<meta name=\"twitter:label1\" content=\"Written by\" \/>\n\t<meta name=\"twitter:data1\" content=\"redazione\" \/>\n\t<meta name=\"twitter:label2\" content=\"Est. reading time\" \/>\n\t<meta name=\"twitter:data2\" content=\"2 minutes\" \/>\n<script type=\"application\/ld+json\" class=\"yoast-schema-graph\">{\"@context\":\"https:\\\/\\\/schema.org\",\"@graph\":[{\"@type\":\"Article\",\"@id\":\"https:\\\/\\\/www.bellunopress.it\\\/2009\\\/02\\\/06\\\/la-replica-di-reolon-irresponsabile-fermare-il-piano\\\/#article\",\"isPartOf\":{\"@id\":\"https:\\\/\\\/www.bellunopress.it\\\/2009\\\/02\\\/06\\\/la-replica-di-reolon-irresponsabile-fermare-il-piano\\\/\"},\"author\":{\"name\":\"redazione\",\"@id\":\"https:\\\/\\\/www.bellunopress.it\\\/#\\\/schema\\\/person\\\/79bb06722b37ece1c03d3e94beb30d73\"},\"headline\":\"La replica di Reolon: Irresponsabile fermare il Piano\",\"datePublished\":\"2009-02-05T23:48:10+00:00\",\"dateModified\":\"2009-02-09T09:33:26+00:00\",\"mainEntityOfPage\":{\"@id\":\"https:\\\/\\\/www.bellunopress.it\\\/2009\\\/02\\\/06\\\/la-replica-di-reolon-irresponsabile-fermare-il-piano\\\/\"},\"wordCount\":416,\"publisher\":{\"@id\":\"https:\\\/\\\/www.bellunopress.it\\\/#organization\"},\"image\":{\"@id\":\"https:\\\/\\\/www.bellunopress.it\\\/2009\\\/02\\\/06\\\/la-replica-di-reolon-irresponsabile-fermare-il-piano\\\/#primaryimage\"},\"thumbnailUrl\":\"http:\\\/\\\/www.bellunopress.it\\\/wp-content\\\/uploads\\\/2009\\\/02\\\/sergio-reolon-1.jpg\",\"keywords\":[\"Belluno\"],\"articleSection\":[\"Prima Pagina\"],\"inLanguage\":\"fr-FR\"},{\"@type\":\"WebPage\",\"@id\":\"https:\\\/\\\/www.bellunopress.it\\\/2009\\\/02\\\/06\\\/la-replica-di-reolon-irresponsabile-fermare-il-piano\\\/\",\"url\":\"https:\\\/\\\/www.bellunopress.it\\\/2009\\\/02\\\/06\\\/la-replica-di-reolon-irresponsabile-fermare-il-piano\\\/\",\"name\":\"La replica di Reolon: Irresponsabile fermare il Piano - Bellunopress - Dolomiti\",\"isPartOf\":{\"@id\":\"https:\\\/\\\/www.bellunopress.it\\\/#website\"},\"primaryImageOfPage\":{\"@id\":\"https:\\\/\\\/www.bellunopress.it\\\/2009\\\/02\\\/06\\\/la-replica-di-reolon-irresponsabile-fermare-il-piano\\\/#primaryimage\"},\"image\":{\"@id\":\"https:\\\/\\\/www.bellunopress.it\\\/2009\\\/02\\\/06\\\/la-replica-di-reolon-irresponsabile-fermare-il-piano\\\/#primaryimage\"},\"thumbnailUrl\":\"http:\\\/\\\/www.bellunopress.it\\\/wp-content\\\/uploads\\\/2009\\\/02\\\/sergio-reolon-1.jpg\",\"datePublished\":\"2009-02-05T23:48:10+00:00\",\"dateModified\":\"2009-02-09T09:33:26+00:00\",\"breadcrumb\":{\"@id\":\"https:\\\/\\\/www.bellunopress.it\\\/2009\\\/02\\\/06\\\/la-replica-di-reolon-irresponsabile-fermare-il-piano\\\/#breadcrumb\"},\"inLanguage\":\"fr-FR\",\"potentialAction\":[{\"@type\":\"ReadAction\",\"target\":[\"https:\\\/\\\/www.bellunopress.it\\\/2009\\\/02\\\/06\\\/la-replica-di-reolon-irresponsabile-fermare-il-piano\\\/\"]}]},{\"@type\":\"ImageObject\",\"inLanguage\":\"fr-FR\",\"@id\":\"https:\\\/\\\/www.bellunopress.it\\\/2009\\\/02\\\/06\\\/la-replica-di-reolon-irresponsabile-fermare-il-piano\\\/#primaryimage\",\"url\":\"http:\\\/\\\/www.bellunopress.it\\\/wp-content\\\/uploads\\\/2009\\\/02\\\/sergio-reolon-1.jpg\",\"contentUrl\":\"http:\\\/\\\/www.bellunopress.it\\\/wp-content\\\/uploads\\\/2009\\\/02\\\/sergio-reolon-1.jpg\"},{\"@type\":\"BreadcrumbList\",\"@id\":\"https:\\\/\\\/www.bellunopress.it\\\/2009\\\/02\\\/06\\\/la-replica-di-reolon-irresponsabile-fermare-il-piano\\\/#breadcrumb\",\"itemListElement\":[{\"@type\":\"ListItem\",\"position\":1,\"name\":\"Home\",\"item\":\"https:\\\/\\\/www.bellunopress.it\\\/\"},{\"@type\":\"ListItem\",\"position\":2,\"name\":\"La replica di Reolon: Irresponsabile fermare il Piano\"}]},{\"@type\":\"WebSite\",\"@id\":\"https:\\\/\\\/www.bellunopress.it\\\/#website\",\"url\":\"https:\\\/\\\/www.bellunopress.it\\\/\",\"name\":\"Bellunopress - Dolomiti\",\"description\":\"e-mail: redazione@bellunopress.it\",\"publisher\":{\"@id\":\"https:\\\/\\\/www.bellunopress.it\\\/#organization\"},\"potentialAction\":[{\"@type\":\"SearchAction\",\"target\":{\"@type\":\"EntryPoint\",\"urlTemplate\":\"https:\\\/\\\/www.bellunopress.it\\\/?s={search_term_string}\"},\"query-input\":{\"@type\":\"PropertyValueSpecification\",\"valueRequired\":true,\"valueName\":\"search_term_string\"}}],\"inLanguage\":\"fr-FR\"},{\"@type\":\"Organization\",\"@id\":\"https:\\\/\\\/www.bellunopress.it\\\/#organization\",\"name\":\"Bellunopress\",\"url\":\"https:\\\/\\\/www.bellunopress.it\\\/\",\"logo\":{\"@type\":\"ImageObject\",\"inLanguage\":\"fr-FR\",\"@id\":\"https:\\\/\\\/www.bellunopress.it\\\/#\\\/schema\\\/logo\\\/image\\\/\",\"url\":\"https:\\\/\\\/www.bellunopress.it\\\/wp-content\\\/uploads\\\/2011\\\/05\\\/cropped-logo-bellunopress-.jpg\",\"contentUrl\":\"https:\\\/\\\/www.bellunopress.it\\\/wp-content\\\/uploads\\\/2011\\\/05\\\/cropped-logo-bellunopress-.jpg\",\"width\":512,\"height\":512,\"caption\":\"Bellunopress\"},\"image\":{\"@id\":\"https:\\\/\\\/www.bellunopress.it\\\/#\\\/schema\\\/logo\\\/image\\\/\"},\"sameAs\":[\"https:\\\/\\\/www.facebook.com\\\/profile.php?id=100008943462799\",\"https:\\\/\\\/x.com\\\/bellunopress\",\"https:\\\/\\\/www.linkedin.com\\\/hp\\\/?dnr=JBzUWaJfMUw8vbXJJ2tVW5-I3jZKvC4wsoxE&amp;amp;amp;amp;amp;amp;trk=nav_responsive_tab_home\",\"https:\\\/\\\/www.youtube.com\\\/channel\\\/UCxL0wu1uN0_3_7hGG0306cw\"]},{\"@type\":\"Person\",\"@id\":\"https:\\\/\\\/www.bellunopress.it\\\/#\\\/schema\\\/person\\\/79bb06722b37ece1c03d3e94beb30d73\",\"name\":\"redazione\",\"image\":{\"@type\":\"ImageObject\",\"inLanguage\":\"fr-FR\",\"@id\":\"https:\\\/\\\/secure.gravatar.com\\\/avatar\\\/37d968a2e67a6fd04c169c4bdef102d0bc5d31b2546345219e348575eb80e9a0?s=96&d=mm&r=g\",\"url\":\"https:\\\/\\\/secure.gravatar.com\\\/avatar\\\/37d968a2e67a6fd04c169c4bdef102d0bc5d31b2546345219e348575eb80e9a0?s=96&d=mm&r=g\",\"contentUrl\":\"https:\\\/\\\/secure.gravatar.com\\\/avatar\\\/37d968a2e67a6fd04c169c4bdef102d0bc5d31b2546345219e348575eb80e9a0?s=96&d=mm&r=g\",\"caption\":\"redazione\"},\"sameAs\":[\"http:\\\/\\\/www.bellunopress.it\",\"https:\\\/\\\/x.com\\\/bellunopress\"],\"url\":\"https:\\\/\\\/www.bellunopress.it\\\/fr\\\/author\\\/redazione\\\/\"}]}<\/script>\n<!-- \/ Yoast SEO plugin. -->","yoast_head_json":{"title":"La replica di Reolon: Irresponsabile fermare il Piano - Bellunopress - Dolomiti","robots":{"index":"index","follow":"follow","max-snippet":"max-snippet:-1","max-image-preview":"max-image-preview:large","max-video-preview":"max-video-preview:-1"},"canonical":"https:\/\/www.bellunopress.it\/fr\/2009\/02\/06\/la-replica-di-reolon-irresponsabile-fermare-il-piano\/","og_locale":"fr_FR","og_type":"article","og_title":"La replica di Reolon: Irresponsabile fermare il Piano - Bellunopress - Dolomiti","og_description":"Belluno, 5 febbraio 2009 _ Ritirare o ritardare l\u2019adozione del Piano sarebbe un atto di gravissima irresponsabilit\u00e0 politica. Vorrebbe dire bloccare a tempo indeterminato lo sviluppo del territorio. La lettera divulgata oggi alla stampa dal Comune di Belluno evidenzia la bont\u00e0 del percorso fatto dalla Provincia per l\u2019elaborazione del Ptcp, sia nel merito sia nel [&hellip;]","og_url":"https:\/\/www.bellunopress.it\/fr\/2009\/02\/06\/la-replica-di-reolon-irresponsabile-fermare-il-piano\/","og_site_name":"Bellunopress - Dolomiti","article_publisher":"https:\/\/www.facebook.com\/profile.php?id=100008943462799","article_published_time":"2009-02-05T23:48:10+00:00","article_modified_time":"2009-02-09T09:33:26+00:00","og_image":[{"url":"http:\/\/www.bellunopress.it\/wp-content\/uploads\/2009\/02\/sergio-reolon-1.jpg","type":"","width":"","height":""}],"author":"redazione","twitter_card":"summary_large_image","twitter_creator":"@bellunopress","twitter_site":"@bellunopress","twitter_misc":{"Written by":"redazione","Est. reading time":"2 minutes"},"schema":{"@context":"https:\/\/schema.org","@graph":[{"@type":"Article","@id":"https:\/\/www.bellunopress.it\/2009\/02\/06\/la-replica-di-reolon-irresponsabile-fermare-il-piano\/#article","isPartOf":{"@id":"https:\/\/www.bellunopress.it\/2009\/02\/06\/la-replica-di-reolon-irresponsabile-fermare-il-piano\/"},"author":{"name":"redazione","@id":"https:\/\/www.bellunopress.it\/#\/schema\/person\/79bb06722b37ece1c03d3e94beb30d73"},"headline":"La replica di Reolon: Irresponsabile fermare il Piano","datePublished":"2009-02-05T23:48:10+00:00","dateModified":"2009-02-09T09:33:26+00:00","mainEntityOfPage":{"@id":"https:\/\/www.bellunopress.it\/2009\/02\/06\/la-replica-di-reolon-irresponsabile-fermare-il-piano\/"},"wordCount":416,"publisher":{"@id":"https:\/\/www.bellunopress.it\/#organization"},"image":{"@id":"https:\/\/www.bellunopress.it\/2009\/02\/06\/la-replica-di-reolon-irresponsabile-fermare-il-piano\/#primaryimage"},"thumbnailUrl":"http:\/\/www.bellunopress.it\/wp-content\/uploads\/2009\/02\/sergio-reolon-1.jpg","keywords":["Belluno"],"articleSection":["Prima Pagina"],"inLanguage":"fr-FR"},{"@type":"WebPage","@id":"https:\/\/www.bellunopress.it\/2009\/02\/06\/la-replica-di-reolon-irresponsabile-fermare-il-piano\/","url":"https:\/\/www.bellunopress.it\/2009\/02\/06\/la-replica-di-reolon-irresponsabile-fermare-il-piano\/","name":"La replica di Reolon: Irresponsabile fermare il Piano - Bellunopress - Dolomiti","isPartOf":{"@id":"https:\/\/www.bellunopress.it\/#website"},"primaryImageOfPage":{"@id":"https:\/\/www.bellunopress.it\/2009\/02\/06\/la-replica-di-reolon-irresponsabile-fermare-il-piano\/#primaryimage"},"image":{"@id":"https:\/\/www.bellunopress.it\/2009\/02\/06\/la-replica-di-reolon-irresponsabile-fermare-il-piano\/#primaryimage"},"thumbnailUrl":"http:\/\/www.bellunopress.it\/wp-content\/uploads\/2009\/02\/sergio-reolon-1.jpg","datePublished":"2009-02-05T23:48:10+00:00","dateModified":"2009-02-09T09:33:26+00:00","breadcrumb":{"@id":"https:\/\/www.bellunopress.it\/2009\/02\/06\/la-replica-di-reolon-irresponsabile-fermare-il-piano\/#breadcrumb"},"inLanguage":"fr-FR","potentialAction":[{"@type":"ReadAction","target":["https:\/\/www.bellunopress.it\/2009\/02\/06\/la-replica-di-reolon-irresponsabile-fermare-il-piano\/"]}]},{"@type":"ImageObject","inLanguage":"fr-FR","@id":"https:\/\/www.bellunopress.it\/2009\/02\/06\/la-replica-di-reolon-irresponsabile-fermare-il-piano\/#primaryimage","url":"http:\/\/www.bellunopress.it\/wp-content\/uploads\/2009\/02\/sergio-reolon-1.jpg","contentUrl":"http:\/\/www.bellunopress.it\/wp-content\/uploads\/2009\/02\/sergio-reolon-1.jpg"},{"@type":"BreadcrumbList","@id":"https:\/\/www.bellunopress.it\/2009\/02\/06\/la-replica-di-reolon-irresponsabile-fermare-il-piano\/#breadcrumb","itemListElement":[{"@type":"ListItem","position":1,"name":"Home","item":"https:\/\/www.bellunopress.it\/"},{"@type":"ListItem","position":2,"name":"La replica di Reolon: Irresponsabile fermare il Piano"}]},{"@type":"WebSite","@id":"https:\/\/www.bellunopress.it\/#website","url":"https:\/\/www.bellunopress.it\/","name":"Bellunopress - Dolomiti","description":"e-mail: redazione@bellunopress.it","publisher":{"@id":"https:\/\/www.bellunopress.it\/#organization"},"potentialAction":[{"@type":"SearchAction","target":{"@type":"EntryPoint","urlTemplate":"https:\/\/www.bellunopress.it\/?s={search_term_string}"},"query-input":{"@type":"PropertyValueSpecification","valueRequired":true,"valueName":"search_term_string"}}],"inLanguage":"fr-FR"},{"@type":"Organization","@id":"https:\/\/www.bellunopress.it\/#organization","name":"Bellunopress","url":"https:\/\/www.bellunopress.it\/","logo":{"@type":"ImageObject","inLanguage":"fr-FR","@id":"https:\/\/www.bellunopress.it\/#\/schema\/logo\/image\/","url":"https:\/\/www.bellunopress.it\/wp-content\/uploads\/2011\/05\/cropped-logo-bellunopress-.jpg","contentUrl":"https:\/\/www.bellunopress.it\/wp-content\/uploads\/2011\/05\/cropped-logo-bellunopress-.jpg","width":512,"height":512,"caption":"Bellunopress"},"image":{"@id":"https:\/\/www.bellunopress.it\/#\/schema\/logo\/image\/"},"sameAs":["https:\/\/www.facebook.com\/profile.php?id=100008943462799","https:\/\/x.com\/bellunopress","https:\/\/www.linkedin.com\/hp\/?dnr=JBzUWaJfMUw8vbXJJ2tVW5-I3jZKvC4wsoxE&amp;amp;amp;amp;amp;amp;trk=nav_responsive_tab_home","https:\/\/www.youtube.com\/channel\/UCxL0wu1uN0_3_7hGG0306cw"]},{"@type":"Person","@id":"https:\/\/www.bellunopress.it\/#\/schema\/person\/79bb06722b37ece1c03d3e94beb30d73","name":"r\u00e9daction","image":{"@type":"ImageObject","inLanguage":"fr-FR","@id":"https:\/\/secure.gravatar.com\/avatar\/37d968a2e67a6fd04c169c4bdef102d0bc5d31b2546345219e348575eb80e9a0?s=96&d=mm&r=g","url":"https:\/\/secure.gravatar.com\/avatar\/37d968a2e67a6fd04c169c4bdef102d0bc5d31b2546345219e348575eb80e9a0?s=96&d=mm&r=g","contentUrl":"https:\/\/secure.gravatar.com\/avatar\/37d968a2e67a6fd04c169c4bdef102d0bc5d31b2546345219e348575eb80e9a0?s=96&d=mm&r=g","caption":"redazione"},"sameAs":["http:\/\/www.bellunopress.it","https:\/\/x.com\/bellunopress"],"url":"https:\/\/www.bellunopress.it\/fr\/author\/redazione\/"}]}},"_links":{"self":[{"href":"https:\/\/www.bellunopress.it\/fr\/wp-json\/wp\/v2\/posts\/257","targetHints":{"allow":["GET"]}}],"collection":[{"href":"https:\/\/www.bellunopress.it\/fr\/wp-json\/wp\/v2\/posts"}],"about":[{"href":"https:\/\/www.bellunopress.it\/fr\/wp-json\/wp\/v2\/types\/post"}],"author":[{"embeddable":true,"href":"https:\/\/www.bellunopress.it\/fr\/wp-json\/wp\/v2\/users\/2"}],"replies":[{"embeddable":true,"href":"https:\/\/www.bellunopress.it\/fr\/wp-json\/wp\/v2\/comments?post=257"}],"version-history":[{"count":1,"href":"https:\/\/www.bellunopress.it\/fr\/wp-json\/wp\/v2\/posts\/257\/revisions"}],"predecessor-version":[{"id":259,"href":"https:\/\/www.bellunopress.it\/fr\/wp-json\/wp\/v2\/posts\/257\/revisions\/259"}],"wp:attachment":[{"href":"https:\/\/www.bellunopress.it\/fr\/wp-json\/wp\/v2\/media?parent=257"}],"wp:term":[{"taxonomy":"category","embeddable":true,"href":"https:\/\/www.bellunopress.it\/fr\/wp-json\/wp\/v2\/categories?post=257"},{"taxonomy":"post_tag","embeddable":true,"href":"https:\/\/www.bellunopress.it\/fr\/wp-json\/wp\/v2\/tags?post=257"}],"curies":[{"name":"wp","href":"https:\/\/api.w.org\/{rel}","templated":true}]}}