{"id":2568,"date":"2009-04-10T12:22:16","date_gmt":"2009-04-10T11:22:16","guid":{"rendered":"http:\/\/www.bellunopress.it\/?p=2568"},"modified":"2009-04-10T17:30:51","modified_gmt":"2009-04-10T16:30:51","slug":"probabile-rinuncia-di-bottacin-a-due-mesi-dalle-provinciali-il-centrodestra-brancola-nel-buio","status":"publish","type":"post","link":"https:\/\/www.bellunopress.it\/fr\/2009\/04\/10\/probabile-rinuncia-di-bottacin-a-due-mesi-dalle-provinciali-il-centrodestra-brancola-nel-buio\/","title":{"rendered":"Probabile rinuncia di Bottacin. A due mesi dalle provinciali il centrodestra brancola nel buio"},"content":{"rendered":"<p><a href=\"http:\/\/www.bellunopress.it\/wp-content\/uploads\/2009\/03\/palazzo-piloni-sede-provincia.jpg\"><img loading=\"lazy\" decoding=\"async\" class=\"alignleft size-medium wp-image-1866\" title=\"palazzo-piloni-sede-provincia\" src=\"http:\/\/www.bellunopress.it\/wp-content\/uploads\/2009\/03\/palazzo-piloni-sede-provincia.jpg\" alt=\"\" width=\"270\" height=\"180\" \/><\/a>Pare essere gi\u00e0 superata la candidatura del centrodestra alla Provincia di Belluno di Gianpaolo Bottacin, data oramai per certa oggi dal quotidiano Il Gazzettino. Infatti, nel corso di una riunione che si \u00e8 svolta ieri sera nella sede del consiglio direttivo del Carroccio in via Marisiga a Belluno, Bottacin si sarebbe ritirato dalla corsa. Il condizionale \u00e8 d&#8217;obbligo, perch\u00e9 l&#8217;interessato, da noi contattato telefonicamente, ha detto testualmente di &#8220;non aver nulla da dichiarare alla stampa&#8221;.\u00a0 Un &#8220;ordine di servizio&#8221; evidentemente diffuso agli altri dirigenti di partito che, sull&#8217;argomento, hanno preferito tenere la bocca cucita. Un atteggiamento che non pu\u00f2 che avvalorare l&#8217;ipotesi di bufera in casa. Un nervosismo che del resto \u00e8 comprensibile, tra le fila della Lega, perch\u00e9 a due mesi dal voto non dev&#8217;essere piacevole dover ritornare a sedersi intorno al tavolo a ridiscutere cose gi\u00e0 dette. E dover cos\u00ec ricominciare daccapo il giro di consultazioni. A questo punto tutto \u00e8 ancora possibile. Perch\u00e9 se la Lega non trova un suo uomo, che dev&#8217;esser gradito anche all&#8217;alleato Pdl, c&#8217;\u00e8 sempre all&#8217;orizzonte una &#8220;vecchia opzione&#8221; in stand-by: Quella di Oscar De Bona, ad esempio. I tempi ormai per\u00f2 sono brevi, e il canditato che si opporr\u00e0 alla rielezione di Reolon dovr\u00e0 sobbarcarsi all&#8217;ultimo momento anche tutto il peso organizzativo della campagna elettorale. Una situazione scomoda e che pare non invogli nessuno del centrodestra a compiere\u00a0quello che potrebe rivelarsi un salto nel buio.\u00a0 Un impasse grave dunque,\u00a0che potrebbe venire &#8220;risolto&#8221; a questo punto solo da qualche ordine di segreteria di partito a livello regionale o\u00a0 nazionale.<\/p>","protected":false},"excerpt":{"rendered":"<p>Pare essere gi\u00e0 superata la candidatura del centrodestra alla Provincia di Belluno di Gianpaolo Bottacin, data oramai per certa oggi dal quotidiano Il Gazzettino. Infatti, nel corso di una riunione che si \u00e8 svolta ieri sera nella sede del consiglio direttivo del Carroccio in via Marisiga a Belluno, Bottacin si sarebbe ritirato dalla corsa. Il [&hellip;]<\/p>\n","protected":false},"author":2,"featured_media":0,"comment_status":"closed","ping_status":"open","sticky":false,"template":"","format":"standard","meta":{"footnotes":""},"categories":[5],"tags":[139],"class_list":["post-2568","post","type-post","status-publish","format-standard","category-cronaca","tag-belluno"],"yoast_head":"<!-- This site is optimized with the Yoast SEO plugin v28.4 - https:\/\/yoast.com\/product\/yoast-seo-wordpress\/ -->\n<title>Probabile rinuncia di Bottacin. A due mesi dalle provinciali il centrodestra brancola nel buio  - Bellunopress - Dolomiti<\/title>\n<meta name=\"robots\" content=\"index, follow, max-snippet:-1, max-image-preview:large, max-video-preview:-1\" \/>\n<link rel=\"canonical\" href=\"https:\/\/www.bellunopress.it\/fr\/2009\/04\/10\/probabile-rinuncia-di-bottacin-a-due-mesi-dalle-provinciali-il-centrodestra-brancola-nel-buio\/\" \/>\n<meta property=\"og:locale\" content=\"fr_FR\" \/>\n<meta property=\"og:type\" content=\"article\" \/>\n<meta property=\"og:title\" content=\"Probabile rinuncia di Bottacin. A due mesi dalle provinciali il centrodestra brancola nel buio  - Bellunopress - Dolomiti\" \/>\n<meta property=\"og:description\" content=\"Pare essere gi\u00e0 superata la candidatura del centrodestra alla Provincia di Belluno di Gianpaolo Bottacin, data oramai per certa oggi dal quotidiano Il Gazzettino. Infatti, nel corso di una riunione che si \u00e8 svolta ieri sera nella sede del consiglio direttivo del Carroccio in via Marisiga a Belluno, Bottacin si sarebbe ritirato dalla corsa. Il [&hellip;]\" \/>\n<meta property=\"og:url\" content=\"https:\/\/www.bellunopress.it\/fr\/2009\/04\/10\/probabile-rinuncia-di-bottacin-a-due-mesi-dalle-provinciali-il-centrodestra-brancola-nel-buio\/\" \/>\n<meta property=\"og:site_name\" content=\"Bellunopress - Dolomiti\" \/>\n<meta property=\"article:publisher\" content=\"https:\/\/www.facebook.com\/profile.php?id=100008943462799\" \/>\n<meta property=\"article:published_time\" content=\"2009-04-10T11:22:16+00:00\" \/>\n<meta property=\"article:modified_time\" content=\"2009-04-10T16:30:51+00:00\" \/>\n<meta property=\"og:image\" content=\"http:\/\/www.bellunopress.it\/wp-content\/uploads\/2009\/03\/palazzo-piloni-sede-provincia.jpg\" \/>\n<meta name=\"author\" content=\"redazione\" \/>\n<meta name=\"twitter:card\" content=\"summary_large_image\" \/>\n<meta name=\"twitter:creator\" content=\"@bellunopress\" \/>\n<meta name=\"twitter:site\" content=\"@bellunopress\" \/>\n<meta name=\"twitter:label1\" content=\"Written by\" \/>\n\t<meta name=\"twitter:data1\" content=\"redazione\" \/>\n\t<meta name=\"twitter:label2\" content=\"Est. reading time\" \/>\n\t<meta name=\"twitter:data2\" content=\"1 minute\" \/>\n<script type=\"application\/ld+json\" class=\"yoast-schema-graph\">{\"@context\":\"https:\\\/\\\/schema.org\",\"@graph\":[{\"@type\":\"Article\",\"@id\":\"https:\\\/\\\/www.bellunopress.it\\\/2009\\\/04\\\/10\\\/probabile-rinuncia-di-bottacin-a-due-mesi-dalle-provinciali-il-centrodestra-brancola-nel-buio\\\/#article\",\"isPartOf\":{\"@id\":\"https:\\\/\\\/www.bellunopress.it\\\/2009\\\/04\\\/10\\\/probabile-rinuncia-di-bottacin-a-due-mesi-dalle-provinciali-il-centrodestra-brancola-nel-buio\\\/\"},\"author\":{\"name\":\"redazione\",\"@id\":\"https:\\\/\\\/www.bellunopress.it\\\/#\\\/schema\\\/person\\\/79bb06722b37ece1c03d3e94beb30d73\"},\"headline\":\"Probabile rinuncia di Bottacin. A due mesi dalle provinciali il centrodestra brancola nel buio\",\"datePublished\":\"2009-04-10T11:22:16+00:00\",\"dateModified\":\"2009-04-10T16:30:51+00:00\",\"mainEntityOfPage\":{\"@id\":\"https:\\\/\\\/www.bellunopress.it\\\/2009\\\/04\\\/10\\\/probabile-rinuncia-di-bottacin-a-due-mesi-dalle-provinciali-il-centrodestra-brancola-nel-buio\\\/\"},\"wordCount\":277,\"publisher\":{\"@id\":\"https:\\\/\\\/www.bellunopress.it\\\/#organization\"},\"image\":{\"@id\":\"https:\\\/\\\/www.bellunopress.it\\\/2009\\\/04\\\/10\\\/probabile-rinuncia-di-bottacin-a-due-mesi-dalle-provinciali-il-centrodestra-brancola-nel-buio\\\/#primaryimage\"},\"thumbnailUrl\":\"http:\\\/\\\/www.bellunopress.it\\\/wp-content\\\/uploads\\\/2009\\\/03\\\/palazzo-piloni-sede-provincia.jpg\",\"keywords\":[\"Belluno\"],\"articleSection\":[\"Cronaca\\\/Politica\"],\"inLanguage\":\"fr-FR\"},{\"@type\":\"WebPage\",\"@id\":\"https:\\\/\\\/www.bellunopress.it\\\/2009\\\/04\\\/10\\\/probabile-rinuncia-di-bottacin-a-due-mesi-dalle-provinciali-il-centrodestra-brancola-nel-buio\\\/\",\"url\":\"https:\\\/\\\/www.bellunopress.it\\\/2009\\\/04\\\/10\\\/probabile-rinuncia-di-bottacin-a-due-mesi-dalle-provinciali-il-centrodestra-brancola-nel-buio\\\/\",\"name\":\"Probabile rinuncia di Bottacin. A due mesi dalle provinciali il centrodestra brancola nel buio - Bellunopress - Dolomiti\",\"isPartOf\":{\"@id\":\"https:\\\/\\\/www.bellunopress.it\\\/#website\"},\"primaryImageOfPage\":{\"@id\":\"https:\\\/\\\/www.bellunopress.it\\\/2009\\\/04\\\/10\\\/probabile-rinuncia-di-bottacin-a-due-mesi-dalle-provinciali-il-centrodestra-brancola-nel-buio\\\/#primaryimage\"},\"image\":{\"@id\":\"https:\\\/\\\/www.bellunopress.it\\\/2009\\\/04\\\/10\\\/probabile-rinuncia-di-bottacin-a-due-mesi-dalle-provinciali-il-centrodestra-brancola-nel-buio\\\/#primaryimage\"},\"thumbnailUrl\":\"http:\\\/\\\/www.bellunopress.it\\\/wp-content\\\/uploads\\\/2009\\\/03\\\/palazzo-piloni-sede-provincia.jpg\",\"datePublished\":\"2009-04-10T11:22:16+00:00\",\"dateModified\":\"2009-04-10T16:30:51+00:00\",\"breadcrumb\":{\"@id\":\"https:\\\/\\\/www.bellunopress.it\\\/2009\\\/04\\\/10\\\/probabile-rinuncia-di-bottacin-a-due-mesi-dalle-provinciali-il-centrodestra-brancola-nel-buio\\\/#breadcrumb\"},\"inLanguage\":\"fr-FR\",\"potentialAction\":[{\"@type\":\"ReadAction\",\"target\":[\"https:\\\/\\\/www.bellunopress.it\\\/2009\\\/04\\\/10\\\/probabile-rinuncia-di-bottacin-a-due-mesi-dalle-provinciali-il-centrodestra-brancola-nel-buio\\\/\"]}]},{\"@type\":\"ImageObject\",\"inLanguage\":\"fr-FR\",\"@id\":\"https:\\\/\\\/www.bellunopress.it\\\/2009\\\/04\\\/10\\\/probabile-rinuncia-di-bottacin-a-due-mesi-dalle-provinciali-il-centrodestra-brancola-nel-buio\\\/#primaryimage\",\"url\":\"http:\\\/\\\/www.bellunopress.it\\\/wp-content\\\/uploads\\\/2009\\\/03\\\/palazzo-piloni-sede-provincia.jpg\",\"contentUrl\":\"http:\\\/\\\/www.bellunopress.it\\\/wp-content\\\/uploads\\\/2009\\\/03\\\/palazzo-piloni-sede-provincia.jpg\"},{\"@type\":\"BreadcrumbList\",\"@id\":\"https:\\\/\\\/www.bellunopress.it\\\/2009\\\/04\\\/10\\\/probabile-rinuncia-di-bottacin-a-due-mesi-dalle-provinciali-il-centrodestra-brancola-nel-buio\\\/#breadcrumb\",\"itemListElement\":[{\"@type\":\"ListItem\",\"position\":1,\"name\":\"Home\",\"item\":\"https:\\\/\\\/www.bellunopress.it\\\/\"},{\"@type\":\"ListItem\",\"position\":2,\"name\":\"Probabile rinuncia di Bottacin. A due mesi dalle provinciali il centrodestra brancola nel buio\"}]},{\"@type\":\"WebSite\",\"@id\":\"https:\\\/\\\/www.bellunopress.it\\\/#website\",\"url\":\"https:\\\/\\\/www.bellunopress.it\\\/\",\"name\":\"Bellunopress - Dolomiti\",\"description\":\"e-mail: redazione@bellunopress.it\",\"publisher\":{\"@id\":\"https:\\\/\\\/www.bellunopress.it\\\/#organization\"},\"potentialAction\":[{\"@type\":\"SearchAction\",\"target\":{\"@type\":\"EntryPoint\",\"urlTemplate\":\"https:\\\/\\\/www.bellunopress.it\\\/?s={search_term_string}\"},\"query-input\":{\"@type\":\"PropertyValueSpecification\",\"valueRequired\":true,\"valueName\":\"search_term_string\"}}],\"inLanguage\":\"fr-FR\"},{\"@type\":\"Organization\",\"@id\":\"https:\\\/\\\/www.bellunopress.it\\\/#organization\",\"name\":\"Bellunopress\",\"url\":\"https:\\\/\\\/www.bellunopress.it\\\/\",\"logo\":{\"@type\":\"ImageObject\",\"inLanguage\":\"fr-FR\",\"@id\":\"https:\\\/\\\/www.bellunopress.it\\\/#\\\/schema\\\/logo\\\/image\\\/\",\"url\":\"https:\\\/\\\/www.bellunopress.it\\\/wp-content\\\/uploads\\\/2011\\\/05\\\/cropped-logo-bellunopress-.jpg\",\"contentUrl\":\"https:\\\/\\\/www.bellunopress.it\\\/wp-content\\\/uploads\\\/2011\\\/05\\\/cropped-logo-bellunopress-.jpg\",\"width\":512,\"height\":512,\"caption\":\"Bellunopress\"},\"image\":{\"@id\":\"https:\\\/\\\/www.bellunopress.it\\\/#\\\/schema\\\/logo\\\/image\\\/\"},\"sameAs\":[\"https:\\\/\\\/www.facebook.com\\\/profile.php?id=100008943462799\",\"https:\\\/\\\/x.com\\\/bellunopress\",\"https:\\\/\\\/www.linkedin.com\\\/hp\\\/?dnr=JBzUWaJfMUw8vbXJJ2tVW5-I3jZKvC4wsoxE&amp;amp;amp;amp;amp;amp;trk=nav_responsive_tab_home\",\"https:\\\/\\\/www.youtube.com\\\/channel\\\/UCxL0wu1uN0_3_7hGG0306cw\"]},{\"@type\":\"Person\",\"@id\":\"https:\\\/\\\/www.bellunopress.it\\\/#\\\/schema\\\/person\\\/79bb06722b37ece1c03d3e94beb30d73\",\"name\":\"redazione\",\"image\":{\"@type\":\"ImageObject\",\"inLanguage\":\"fr-FR\",\"@id\":\"https:\\\/\\\/secure.gravatar.com\\\/avatar\\\/37d968a2e67a6fd04c169c4bdef102d0bc5d31b2546345219e348575eb80e9a0?s=96&d=mm&r=g\",\"url\":\"https:\\\/\\\/secure.gravatar.com\\\/avatar\\\/37d968a2e67a6fd04c169c4bdef102d0bc5d31b2546345219e348575eb80e9a0?s=96&d=mm&r=g\",\"contentUrl\":\"https:\\\/\\\/secure.gravatar.com\\\/avatar\\\/37d968a2e67a6fd04c169c4bdef102d0bc5d31b2546345219e348575eb80e9a0?s=96&d=mm&r=g\",\"caption\":\"redazione\"},\"sameAs\":[\"http:\\\/\\\/www.bellunopress.it\",\"https:\\\/\\\/x.com\\\/bellunopress\"],\"url\":\"https:\\\/\\\/www.bellunopress.it\\\/fr\\\/author\\\/redazione\\\/\"}]}<\/script>\n<!-- \/ Yoast SEO plugin. -->","yoast_head_json":{"title":"Probabile rinuncia di Bottacin. A due mesi dalle provinciali il centrodestra brancola nel buio  - Bellunopress - Dolomiti","robots":{"index":"index","follow":"follow","max-snippet":"max-snippet:-1","max-image-preview":"max-image-preview:large","max-video-preview":"max-video-preview:-1"},"canonical":"https:\/\/www.bellunopress.it\/fr\/2009\/04\/10\/probabile-rinuncia-di-bottacin-a-due-mesi-dalle-provinciali-il-centrodestra-brancola-nel-buio\/","og_locale":"fr_FR","og_type":"article","og_title":"Probabile rinuncia di Bottacin. A due mesi dalle provinciali il centrodestra brancola nel buio  - Bellunopress - Dolomiti","og_description":"Pare essere gi\u00e0 superata la candidatura del centrodestra alla Provincia di Belluno di Gianpaolo Bottacin, data oramai per certa oggi dal quotidiano Il Gazzettino. Infatti, nel corso di una riunione che si \u00e8 svolta ieri sera nella sede del consiglio direttivo del Carroccio in via Marisiga a Belluno, Bottacin si sarebbe ritirato dalla corsa. Il [&hellip;]","og_url":"https:\/\/www.bellunopress.it\/fr\/2009\/04\/10\/probabile-rinuncia-di-bottacin-a-due-mesi-dalle-provinciali-il-centrodestra-brancola-nel-buio\/","og_site_name":"Bellunopress - Dolomiti","article_publisher":"https:\/\/www.facebook.com\/profile.php?id=100008943462799","article_published_time":"2009-04-10T11:22:16+00:00","article_modified_time":"2009-04-10T16:30:51+00:00","og_image":[{"url":"http:\/\/www.bellunopress.it\/wp-content\/uploads\/2009\/03\/palazzo-piloni-sede-provincia.jpg","type":"","width":"","height":""}],"author":"redazione","twitter_card":"summary_large_image","twitter_creator":"@bellunopress","twitter_site":"@bellunopress","twitter_misc":{"Written by":"redazione","Est. reading time":"1 minute"},"schema":{"@context":"https:\/\/schema.org","@graph":[{"@type":"Article","@id":"https:\/\/www.bellunopress.it\/2009\/04\/10\/probabile-rinuncia-di-bottacin-a-due-mesi-dalle-provinciali-il-centrodestra-brancola-nel-buio\/#article","isPartOf":{"@id":"https:\/\/www.bellunopress.it\/2009\/04\/10\/probabile-rinuncia-di-bottacin-a-due-mesi-dalle-provinciali-il-centrodestra-brancola-nel-buio\/"},"author":{"name":"redazione","@id":"https:\/\/www.bellunopress.it\/#\/schema\/person\/79bb06722b37ece1c03d3e94beb30d73"},"headline":"Probabile rinuncia di Bottacin. A due mesi dalle provinciali il centrodestra brancola nel buio","datePublished":"2009-04-10T11:22:16+00:00","dateModified":"2009-04-10T16:30:51+00:00","mainEntityOfPage":{"@id":"https:\/\/www.bellunopress.it\/2009\/04\/10\/probabile-rinuncia-di-bottacin-a-due-mesi-dalle-provinciali-il-centrodestra-brancola-nel-buio\/"},"wordCount":277,"publisher":{"@id":"https:\/\/www.bellunopress.it\/#organization"},"image":{"@id":"https:\/\/www.bellunopress.it\/2009\/04\/10\/probabile-rinuncia-di-bottacin-a-due-mesi-dalle-provinciali-il-centrodestra-brancola-nel-buio\/#primaryimage"},"thumbnailUrl":"http:\/\/www.bellunopress.it\/wp-content\/uploads\/2009\/03\/palazzo-piloni-sede-provincia.jpg","keywords":["Belluno"],"articleSection":["Cronaca\/Politica"],"inLanguage":"fr-FR"},{"@type":"WebPage","@id":"https:\/\/www.bellunopress.it\/2009\/04\/10\/probabile-rinuncia-di-bottacin-a-due-mesi-dalle-provinciali-il-centrodestra-brancola-nel-buio\/","url":"https:\/\/www.bellunopress.it\/2009\/04\/10\/probabile-rinuncia-di-bottacin-a-due-mesi-dalle-provinciali-il-centrodestra-brancola-nel-buio\/","name":"Probabile rinuncia di Bottacin. A due mesi dalle provinciali il centrodestra brancola nel buio - Bellunopress - Dolomiti","isPartOf":{"@id":"https:\/\/www.bellunopress.it\/#website"},"primaryImageOfPage":{"@id":"https:\/\/www.bellunopress.it\/2009\/04\/10\/probabile-rinuncia-di-bottacin-a-due-mesi-dalle-provinciali-il-centrodestra-brancola-nel-buio\/#primaryimage"},"image":{"@id":"https:\/\/www.bellunopress.it\/2009\/04\/10\/probabile-rinuncia-di-bottacin-a-due-mesi-dalle-provinciali-il-centrodestra-brancola-nel-buio\/#primaryimage"},"thumbnailUrl":"http:\/\/www.bellunopress.it\/wp-content\/uploads\/2009\/03\/palazzo-piloni-sede-provincia.jpg","datePublished":"2009-04-10T11:22:16+00:00","dateModified":"2009-04-10T16:30:51+00:00","breadcrumb":{"@id":"https:\/\/www.bellunopress.it\/2009\/04\/10\/probabile-rinuncia-di-bottacin-a-due-mesi-dalle-provinciali-il-centrodestra-brancola-nel-buio\/#breadcrumb"},"inLanguage":"fr-FR","potentialAction":[{"@type":"ReadAction","target":["https:\/\/www.bellunopress.it\/2009\/04\/10\/probabile-rinuncia-di-bottacin-a-due-mesi-dalle-provinciali-il-centrodestra-brancola-nel-buio\/"]}]},{"@type":"ImageObject","inLanguage":"fr-FR","@id":"https:\/\/www.bellunopress.it\/2009\/04\/10\/probabile-rinuncia-di-bottacin-a-due-mesi-dalle-provinciali-il-centrodestra-brancola-nel-buio\/#primaryimage","url":"http:\/\/www.bellunopress.it\/wp-content\/uploads\/2009\/03\/palazzo-piloni-sede-provincia.jpg","contentUrl":"http:\/\/www.bellunopress.it\/wp-content\/uploads\/2009\/03\/palazzo-piloni-sede-provincia.jpg"},{"@type":"BreadcrumbList","@id":"https:\/\/www.bellunopress.it\/2009\/04\/10\/probabile-rinuncia-di-bottacin-a-due-mesi-dalle-provinciali-il-centrodestra-brancola-nel-buio\/#breadcrumb","itemListElement":[{"@type":"ListItem","position":1,"name":"Home","item":"https:\/\/www.bellunopress.it\/"},{"@type":"ListItem","position":2,"name":"Probabile rinuncia di Bottacin. A due mesi dalle provinciali il centrodestra brancola nel buio"}]},{"@type":"WebSite","@id":"https:\/\/www.bellunopress.it\/#website","url":"https:\/\/www.bellunopress.it\/","name":"Bellunopress - Dolomiti","description":"e-mail: redazione@bellunopress.it","publisher":{"@id":"https:\/\/www.bellunopress.it\/#organization"},"potentialAction":[{"@type":"SearchAction","target":{"@type":"EntryPoint","urlTemplate":"https:\/\/www.bellunopress.it\/?s={search_term_string}"},"query-input":{"@type":"PropertyValueSpecification","valueRequired":true,"valueName":"search_term_string"}}],"inLanguage":"fr-FR"},{"@type":"Organization","@id":"https:\/\/www.bellunopress.it\/#organization","name":"Bellunopress","url":"https:\/\/www.bellunopress.it\/","logo":{"@type":"ImageObject","inLanguage":"fr-FR","@id":"https:\/\/www.bellunopress.it\/#\/schema\/logo\/image\/","url":"https:\/\/www.bellunopress.it\/wp-content\/uploads\/2011\/05\/cropped-logo-bellunopress-.jpg","contentUrl":"https:\/\/www.bellunopress.it\/wp-content\/uploads\/2011\/05\/cropped-logo-bellunopress-.jpg","width":512,"height":512,"caption":"Bellunopress"},"image":{"@id":"https:\/\/www.bellunopress.it\/#\/schema\/logo\/image\/"},"sameAs":["https:\/\/www.facebook.com\/profile.php?id=100008943462799","https:\/\/x.com\/bellunopress","https:\/\/www.linkedin.com\/hp\/?dnr=JBzUWaJfMUw8vbXJJ2tVW5-I3jZKvC4wsoxE&amp;amp;amp;amp;amp;amp;trk=nav_responsive_tab_home","https:\/\/www.youtube.com\/channel\/UCxL0wu1uN0_3_7hGG0306cw"]},{"@type":"Person","@id":"https:\/\/www.bellunopress.it\/#\/schema\/person\/79bb06722b37ece1c03d3e94beb30d73","name":"r\u00e9daction","image":{"@type":"ImageObject","inLanguage":"fr-FR","@id":"https:\/\/secure.gravatar.com\/avatar\/37d968a2e67a6fd04c169c4bdef102d0bc5d31b2546345219e348575eb80e9a0?s=96&d=mm&r=g","url":"https:\/\/secure.gravatar.com\/avatar\/37d968a2e67a6fd04c169c4bdef102d0bc5d31b2546345219e348575eb80e9a0?s=96&d=mm&r=g","contentUrl":"https:\/\/secure.gravatar.com\/avatar\/37d968a2e67a6fd04c169c4bdef102d0bc5d31b2546345219e348575eb80e9a0?s=96&d=mm&r=g","caption":"redazione"},"sameAs":["http:\/\/www.bellunopress.it","https:\/\/x.com\/bellunopress"],"url":"https:\/\/www.bellunopress.it\/fr\/author\/redazione\/"}]}},"_links":{"self":[{"href":"https:\/\/www.bellunopress.it\/fr\/wp-json\/wp\/v2\/posts\/2568","targetHints":{"allow":["GET"]}}],"collection":[{"href":"https:\/\/www.bellunopress.it\/fr\/wp-json\/wp\/v2\/posts"}],"about":[{"href":"https:\/\/www.bellunopress.it\/fr\/wp-json\/wp\/v2\/types\/post"}],"author":[{"embeddable":true,"href":"https:\/\/www.bellunopress.it\/fr\/wp-json\/wp\/v2\/users\/2"}],"replies":[{"embeddable":true,"href":"https:\/\/www.bellunopress.it\/fr\/wp-json\/wp\/v2\/comments?post=2568"}],"version-history":[{"count":5,"href":"https:\/\/www.bellunopress.it\/fr\/wp-json\/wp\/v2\/posts\/2568\/revisions"}],"predecessor-version":[{"id":2570,"href":"https:\/\/www.bellunopress.it\/fr\/wp-json\/wp\/v2\/posts\/2568\/revisions\/2570"}],"wp:attachment":[{"href":"https:\/\/www.bellunopress.it\/fr\/wp-json\/wp\/v2\/media?parent=2568"}],"wp:term":[{"taxonomy":"category","embeddable":true,"href":"https:\/\/www.bellunopress.it\/fr\/wp-json\/wp\/v2\/categories?post=2568"},{"taxonomy":"post_tag","embeddable":true,"href":"https:\/\/www.bellunopress.it\/fr\/wp-json\/wp\/v2\/tags?post=2568"}],"curies":[{"name":"wp","href":"https:\/\/api.w.org\/{rel}","templated":true}]}}