{"id":2549,"date":"2009-04-10T01:16:47","date_gmt":"2009-04-10T00:16:47","guid":{"rendered":"http:\/\/www.bellunopress.it\/?p=2549"},"modified":"2009-04-10T01:16:47","modified_gmt":"2009-04-10T00:16:47","slug":"lunedi-iniziano-i-lavori-per-la-messa-in-sicurezza-della-frana-di-via-miari","status":"publish","type":"post","link":"https:\/\/www.bellunopress.it\/fr\/2009\/04\/10\/lunedi-iniziano-i-lavori-per-la-messa-in-sicurezza-della-frana-di-via-miari\/","title":{"rendered":"Luned\u00ec iniziano i lavori per la messa in sicurezza della frana di via Miari"},"content":{"rendered":"<p><a href=\"http:\/\/www.bellunopress.it\/wp-content\/uploads\/2009\/04\/via-mmiari.jpg\"><img loading=\"lazy\" decoding=\"async\" class=\"alignleft size-medium wp-image-2550\" title=\"via-mmiari\" src=\"http:\/\/www.bellunopress.it\/wp-content\/uploads\/2009\/04\/via-mmiari.jpg\" alt=\"\" width=\"263\" height=\"188\" \/><\/a> Da luned\u00ec prossimo, 14 aprile, cominceranno i lavori per la messa in sicurezza definitiva del corpo franoso in via Miari. L\u2019inizio dei lavori era stato programmato dall&#8217;Assessorato ai Lavori Pubblici gi\u00e0 a partire dal 13 marzo, ma a seguito della necessit\u00e0 di dare priorit\u00e0 all\u2019intervento di sistemazione delle curve di Busche, con la conseguente chiusura di un tratto della sinistra Piave, su richiesta della Prefettura, esso \u00e8 stato rinviato sino al termine di questi ultimi. Poich\u00e9 l&#8217;intervento comporta l&#8217;impiego di macchine operatrici sulla carreggiata nonch\u00e9 operazioni di disgaggio di materiale, per garantire la regolarit\u00e0 dell&#8217;intervento nonch\u00e9\u00a0 la sicurezza\u00a0 e l&#8217;incolumit\u00e0 delle persone, verr\u00e0 istituito il divieto di circolazione in via Miari, nel tratto compreso tra il Ponte Dolomiti ed il Bar \u201cLa\u00a0 Fontana\u201d, dal 14 aprile 2009 al 30 aprile 2009 e, comunque, fino al termine dei lavori.<br \/>\nNel dicembre scorso, in un periodo di forti precipitazioni, un tratto del versante a monte di via Miari, era stato interessato da uno smottamento\u00a0 con conseguente scivolamento di materiale e detriti contro le reti paramassi all\u2019altezza della confluenza del Torrente Ardo con il Fiume Piave. La strada era stata chiusa per motivi di sicurezza e immediatamente si era proceduto a rimuovere il materiale scivolato a valle che tuttavia corrispondeva ad una minima parte del materiale instabile ancor lungo il pendio, ed in prossimit\u00e0 della sommit\u00e0, con il pericolo di franare in caso di precipitazioni continue o in occasione di cicli di gelo e disgelo. Si era tuttavia deciso di attendere la bella stagione per i lavori di messa in sicurezza definitiva. Dopo Pasqua si proceder\u00e0 alla messa in sicurezza anche dei tratti contermini a quello franato, rilevata l\u2019opportunit\u00e0 di intervenire nell\u2019intero tratto di versante compreso tra le reti di protezione gi\u00e0 installate, per evitare futuri piccoli interventi che potrebbero comportare ingenti spese.<br \/>\nQuesti gli interventi previsti:<br \/>\n* rimozione delle reti di contenimento per un tratto di circa 30 m per consentire la piena libert\u00e0 di manovra alle macchine operatrici e l\u2019avvio delle operazioni in piena sicurezza;<br \/>\n* protezione del sistema di allarme e dei relativi cavi e sensori, da attuarsi secondo le disposizioni della ditta MAE srl che effettua i controlli;<br \/>\n* parziale scoprimento della rete di protezione e geostuoia in sommit\u00e0, per evitarne il danneggiamento e consentire la libert\u00e0 operativa;<br \/>\n* rimozione del materiale instabile posto lungo la sommit\u00e0 del fronte di frana per una lunghezza di circa 40.00 m\u00a0 per una larghezza di almeno 2.00 m verso il piano, previo taglio delle alberature e ceppaie presenti rimozione del materiale fino al raggiungimento dello strato stabile lungo il pendio di frana, compresa la rimozione di arbusti e ceppaie;<br \/>\n* rimozione di tutto il materiale depositato al piede della frana e pulizia fino al raggiungimento dello strato stabile;<br \/>\n* ripristino dei profilati danneggiati delle barriere paramassi e delle relative piastre di ancoraggio, con verifica dell\u2019eventuale snervamento dei tirafondi;<br \/>\n* consolidamento corticale del versante tramite intervento analogo a quello effettuato in occasione della frana del 05.6.2008, che ha dato buoni risultati durante l\u2019evento meteorico attuale;<br \/>\n* montaggio delle reti paramassi;<br \/>\n* ripristino e riattivazione del sistema di allarme.<br \/>\nL&#8217;importo complessivo dei lavori \u00e8 di 130.000 euro.<br \/>\nMarted\u00ec 14 aprile, alle ore 15.00, il Sindaco, Antonio Prade, e l&#8217;assessore ai Lavori Pubblici, Denio Dal Pont, visiteranno il cantiere.<\/p>","protected":false},"excerpt":{"rendered":"<p>Da luned\u00ec prossimo, 14 aprile, cominceranno i lavori per la messa in sicurezza definitiva del corpo franoso in via Miari. L\u2019inizio dei lavori era stato programmato dall&#8217;Assessorato ai Lavori Pubblici gi\u00e0 a partire dal 13 marzo, ma a seguito della necessit\u00e0 di dare priorit\u00e0 all\u2019intervento di sistemazione delle curve di Busche, con la conseguente chiusura [&hellip;]<\/p>\n","protected":false},"author":2,"featured_media":0,"comment_status":"closed","ping_status":"open","sticky":false,"template":"","format":"standard","meta":{"footnotes":""},"categories":[5,26],"tags":[139,63],"class_list":["post-2549","post","type-post","status-publish","format-standard","category-cronaca","category-prima-pagina","tag-belluno","tag-dolomiti"],"yoast_head":"<!-- This site is optimized with the Yoast SEO plugin v28.4 - https:\/\/yoast.com\/product\/yoast-seo-wordpress\/ -->\n<title>Luned\u00ec iniziano i lavori per la messa in sicurezza della frana di via Miari - Bellunopress - Dolomiti<\/title>\n<meta name=\"robots\" content=\"index, follow, max-snippet:-1, max-image-preview:large, max-video-preview:-1\" \/>\n<link rel=\"canonical\" href=\"https:\/\/www.bellunopress.it\/fr\/2009\/04\/10\/lunedi-iniziano-i-lavori-per-la-messa-in-sicurezza-della-frana-di-via-miari\/\" \/>\n<meta property=\"og:locale\" content=\"fr_FR\" \/>\n<meta property=\"og:type\" content=\"article\" \/>\n<meta property=\"og:title\" content=\"Luned\u00ec iniziano i lavori per la messa in sicurezza della frana di via Miari - Bellunopress - Dolomiti\" \/>\n<meta property=\"og:description\" content=\"Da luned\u00ec prossimo, 14 aprile, cominceranno i lavori per la messa in sicurezza definitiva del corpo franoso in via Miari. L\u2019inizio dei lavori era stato programmato dall&#8217;Assessorato ai Lavori Pubblici gi\u00e0 a partire dal 13 marzo, ma a seguito della necessit\u00e0 di dare priorit\u00e0 all\u2019intervento di sistemazione delle curve di Busche, con la conseguente chiusura [&hellip;]\" \/>\n<meta property=\"og:url\" content=\"https:\/\/www.bellunopress.it\/fr\/2009\/04\/10\/lunedi-iniziano-i-lavori-per-la-messa-in-sicurezza-della-frana-di-via-miari\/\" \/>\n<meta property=\"og:site_name\" content=\"Bellunopress - Dolomiti\" \/>\n<meta property=\"article:publisher\" content=\"https:\/\/www.facebook.com\/profile.php?id=100008943462799\" \/>\n<meta property=\"article:published_time\" content=\"2009-04-10T00:16:47+00:00\" \/>\n<meta property=\"og:image\" content=\"http:\/\/www.bellunopress.it\/wp-content\/uploads\/2009\/04\/via-mmiari.jpg\" \/>\n<meta name=\"author\" content=\"redazione\" \/>\n<meta name=\"twitter:card\" content=\"summary_large_image\" \/>\n<meta name=\"twitter:creator\" content=\"@bellunopress\" \/>\n<meta name=\"twitter:site\" content=\"@bellunopress\" \/>\n<meta name=\"twitter:label1\" content=\"Written by\" \/>\n\t<meta name=\"twitter:data1\" content=\"redazione\" \/>\n\t<meta name=\"twitter:label2\" content=\"Est. reading time\" \/>\n\t<meta name=\"twitter:data2\" content=\"3 minutes\" \/>\n<script type=\"application\/ld+json\" class=\"yoast-schema-graph\">{\"@context\":\"https:\\\/\\\/schema.org\",\"@graph\":[{\"@type\":\"Article\",\"@id\":\"https:\\\/\\\/www.bellunopress.it\\\/2009\\\/04\\\/10\\\/lunedi-iniziano-i-lavori-per-la-messa-in-sicurezza-della-frana-di-via-miari\\\/#article\",\"isPartOf\":{\"@id\":\"https:\\\/\\\/www.bellunopress.it\\\/2009\\\/04\\\/10\\\/lunedi-iniziano-i-lavori-per-la-messa-in-sicurezza-della-frana-di-via-miari\\\/\"},\"author\":{\"name\":\"redazione\",\"@id\":\"https:\\\/\\\/www.bellunopress.it\\\/#\\\/schema\\\/person\\\/79bb06722b37ece1c03d3e94beb30d73\"},\"headline\":\"Luned\u00ec iniziano i lavori per la messa in sicurezza della frana di via Miari\",\"datePublished\":\"2009-04-10T00:16:47+00:00\",\"mainEntityOfPage\":{\"@id\":\"https:\\\/\\\/www.bellunopress.it\\\/2009\\\/04\\\/10\\\/lunedi-iniziano-i-lavori-per-la-messa-in-sicurezza-della-frana-di-via-miari\\\/\"},\"wordCount\":549,\"publisher\":{\"@id\":\"https:\\\/\\\/www.bellunopress.it\\\/#organization\"},\"image\":{\"@id\":\"https:\\\/\\\/www.bellunopress.it\\\/2009\\\/04\\\/10\\\/lunedi-iniziano-i-lavori-per-la-messa-in-sicurezza-della-frana-di-via-miari\\\/#primaryimage\"},\"thumbnailUrl\":\"http:\\\/\\\/www.bellunopress.it\\\/wp-content\\\/uploads\\\/2009\\\/04\\\/via-mmiari.jpg\",\"keywords\":[\"Belluno\",\"Dolomiti\"],\"articleSection\":[\"Cronaca\\\/Politica\",\"Prima Pagina\"],\"inLanguage\":\"fr-FR\"},{\"@type\":\"WebPage\",\"@id\":\"https:\\\/\\\/www.bellunopress.it\\\/2009\\\/04\\\/10\\\/lunedi-iniziano-i-lavori-per-la-messa-in-sicurezza-della-frana-di-via-miari\\\/\",\"url\":\"https:\\\/\\\/www.bellunopress.it\\\/2009\\\/04\\\/10\\\/lunedi-iniziano-i-lavori-per-la-messa-in-sicurezza-della-frana-di-via-miari\\\/\",\"name\":\"Luned\u00ec iniziano i lavori per la messa in sicurezza della frana di via Miari - Bellunopress - Dolomiti\",\"isPartOf\":{\"@id\":\"https:\\\/\\\/www.bellunopress.it\\\/#website\"},\"primaryImageOfPage\":{\"@id\":\"https:\\\/\\\/www.bellunopress.it\\\/2009\\\/04\\\/10\\\/lunedi-iniziano-i-lavori-per-la-messa-in-sicurezza-della-frana-di-via-miari\\\/#primaryimage\"},\"image\":{\"@id\":\"https:\\\/\\\/www.bellunopress.it\\\/2009\\\/04\\\/10\\\/lunedi-iniziano-i-lavori-per-la-messa-in-sicurezza-della-frana-di-via-miari\\\/#primaryimage\"},\"thumbnailUrl\":\"http:\\\/\\\/www.bellunopress.it\\\/wp-content\\\/uploads\\\/2009\\\/04\\\/via-mmiari.jpg\",\"datePublished\":\"2009-04-10T00:16:47+00:00\",\"breadcrumb\":{\"@id\":\"https:\\\/\\\/www.bellunopress.it\\\/2009\\\/04\\\/10\\\/lunedi-iniziano-i-lavori-per-la-messa-in-sicurezza-della-frana-di-via-miari\\\/#breadcrumb\"},\"inLanguage\":\"fr-FR\",\"potentialAction\":[{\"@type\":\"ReadAction\",\"target\":[\"https:\\\/\\\/www.bellunopress.it\\\/2009\\\/04\\\/10\\\/lunedi-iniziano-i-lavori-per-la-messa-in-sicurezza-della-frana-di-via-miari\\\/\"]}]},{\"@type\":\"ImageObject\",\"inLanguage\":\"fr-FR\",\"@id\":\"https:\\\/\\\/www.bellunopress.it\\\/2009\\\/04\\\/10\\\/lunedi-iniziano-i-lavori-per-la-messa-in-sicurezza-della-frana-di-via-miari\\\/#primaryimage\",\"url\":\"http:\\\/\\\/www.bellunopress.it\\\/wp-content\\\/uploads\\\/2009\\\/04\\\/via-mmiari.jpg\",\"contentUrl\":\"http:\\\/\\\/www.bellunopress.it\\\/wp-content\\\/uploads\\\/2009\\\/04\\\/via-mmiari.jpg\"},{\"@type\":\"BreadcrumbList\",\"@id\":\"https:\\\/\\\/www.bellunopress.it\\\/2009\\\/04\\\/10\\\/lunedi-iniziano-i-lavori-per-la-messa-in-sicurezza-della-frana-di-via-miari\\\/#breadcrumb\",\"itemListElement\":[{\"@type\":\"ListItem\",\"position\":1,\"name\":\"Home\",\"item\":\"https:\\\/\\\/www.bellunopress.it\\\/\"},{\"@type\":\"ListItem\",\"position\":2,\"name\":\"Luned\u00ec iniziano i lavori per la messa in sicurezza della frana di via Miari\"}]},{\"@type\":\"WebSite\",\"@id\":\"https:\\\/\\\/www.bellunopress.it\\\/#website\",\"url\":\"https:\\\/\\\/www.bellunopress.it\\\/\",\"name\":\"Bellunopress - Dolomiti\",\"description\":\"e-mail: redazione@bellunopress.it\",\"publisher\":{\"@id\":\"https:\\\/\\\/www.bellunopress.it\\\/#organization\"},\"potentialAction\":[{\"@type\":\"SearchAction\",\"target\":{\"@type\":\"EntryPoint\",\"urlTemplate\":\"https:\\\/\\\/www.bellunopress.it\\\/?s={search_term_string}\"},\"query-input\":{\"@type\":\"PropertyValueSpecification\",\"valueRequired\":true,\"valueName\":\"search_term_string\"}}],\"inLanguage\":\"fr-FR\"},{\"@type\":\"Organization\",\"@id\":\"https:\\\/\\\/www.bellunopress.it\\\/#organization\",\"name\":\"Bellunopress\",\"url\":\"https:\\\/\\\/www.bellunopress.it\\\/\",\"logo\":{\"@type\":\"ImageObject\",\"inLanguage\":\"fr-FR\",\"@id\":\"https:\\\/\\\/www.bellunopress.it\\\/#\\\/schema\\\/logo\\\/image\\\/\",\"url\":\"https:\\\/\\\/www.bellunopress.it\\\/wp-content\\\/uploads\\\/2011\\\/05\\\/cropped-logo-bellunopress-.jpg\",\"contentUrl\":\"https:\\\/\\\/www.bellunopress.it\\\/wp-content\\\/uploads\\\/2011\\\/05\\\/cropped-logo-bellunopress-.jpg\",\"width\":512,\"height\":512,\"caption\":\"Bellunopress\"},\"image\":{\"@id\":\"https:\\\/\\\/www.bellunopress.it\\\/#\\\/schema\\\/logo\\\/image\\\/\"},\"sameAs\":[\"https:\\\/\\\/www.facebook.com\\\/profile.php?id=100008943462799\",\"https:\\\/\\\/x.com\\\/bellunopress\",\"https:\\\/\\\/www.linkedin.com\\\/hp\\\/?dnr=JBzUWaJfMUw8vbXJJ2tVW5-I3jZKvC4wsoxE&amp;amp;amp;amp;amp;amp;trk=nav_responsive_tab_home\",\"https:\\\/\\\/www.youtube.com\\\/channel\\\/UCxL0wu1uN0_3_7hGG0306cw\"]},{\"@type\":\"Person\",\"@id\":\"https:\\\/\\\/www.bellunopress.it\\\/#\\\/schema\\\/person\\\/79bb06722b37ece1c03d3e94beb30d73\",\"name\":\"redazione\",\"image\":{\"@type\":\"ImageObject\",\"inLanguage\":\"fr-FR\",\"@id\":\"https:\\\/\\\/secure.gravatar.com\\\/avatar\\\/37d968a2e67a6fd04c169c4bdef102d0bc5d31b2546345219e348575eb80e9a0?s=96&d=mm&r=g\",\"url\":\"https:\\\/\\\/secure.gravatar.com\\\/avatar\\\/37d968a2e67a6fd04c169c4bdef102d0bc5d31b2546345219e348575eb80e9a0?s=96&d=mm&r=g\",\"contentUrl\":\"https:\\\/\\\/secure.gravatar.com\\\/avatar\\\/37d968a2e67a6fd04c169c4bdef102d0bc5d31b2546345219e348575eb80e9a0?s=96&d=mm&r=g\",\"caption\":\"redazione\"},\"sameAs\":[\"http:\\\/\\\/www.bellunopress.it\",\"https:\\\/\\\/x.com\\\/bellunopress\"],\"url\":\"https:\\\/\\\/www.bellunopress.it\\\/fr\\\/author\\\/redazione\\\/\"}]}<\/script>\n<!-- \/ Yoast SEO plugin. -->","yoast_head_json":{"title":"Luned\u00ec iniziano i lavori per la messa in sicurezza della frana di via Miari - Bellunopress - Dolomiti","robots":{"index":"index","follow":"follow","max-snippet":"max-snippet:-1","max-image-preview":"max-image-preview:large","max-video-preview":"max-video-preview:-1"},"canonical":"https:\/\/www.bellunopress.it\/fr\/2009\/04\/10\/lunedi-iniziano-i-lavori-per-la-messa-in-sicurezza-della-frana-di-via-miari\/","og_locale":"fr_FR","og_type":"article","og_title":"Luned\u00ec iniziano i lavori per la messa in sicurezza della frana di via Miari - Bellunopress - Dolomiti","og_description":"Da luned\u00ec prossimo, 14 aprile, cominceranno i lavori per la messa in sicurezza definitiva del corpo franoso in via Miari. L\u2019inizio dei lavori era stato programmato dall&#8217;Assessorato ai Lavori Pubblici gi\u00e0 a partire dal 13 marzo, ma a seguito della necessit\u00e0 di dare priorit\u00e0 all\u2019intervento di sistemazione delle curve di Busche, con la conseguente chiusura [&hellip;]","og_url":"https:\/\/www.bellunopress.it\/fr\/2009\/04\/10\/lunedi-iniziano-i-lavori-per-la-messa-in-sicurezza-della-frana-di-via-miari\/","og_site_name":"Bellunopress - Dolomiti","article_publisher":"https:\/\/www.facebook.com\/profile.php?id=100008943462799","article_published_time":"2009-04-10T00:16:47+00:00","og_image":[{"url":"http:\/\/www.bellunopress.it\/wp-content\/uploads\/2009\/04\/via-mmiari.jpg","type":"","width":"","height":""}],"author":"redazione","twitter_card":"summary_large_image","twitter_creator":"@bellunopress","twitter_site":"@bellunopress","twitter_misc":{"Written by":"redazione","Est. reading time":"3 minutes"},"schema":{"@context":"https:\/\/schema.org","@graph":[{"@type":"Article","@id":"https:\/\/www.bellunopress.it\/2009\/04\/10\/lunedi-iniziano-i-lavori-per-la-messa-in-sicurezza-della-frana-di-via-miari\/#article","isPartOf":{"@id":"https:\/\/www.bellunopress.it\/2009\/04\/10\/lunedi-iniziano-i-lavori-per-la-messa-in-sicurezza-della-frana-di-via-miari\/"},"author":{"name":"redazione","@id":"https:\/\/www.bellunopress.it\/#\/schema\/person\/79bb06722b37ece1c03d3e94beb30d73"},"headline":"Luned\u00ec iniziano i lavori per la messa in sicurezza della frana di via Miari","datePublished":"2009-04-10T00:16:47+00:00","mainEntityOfPage":{"@id":"https:\/\/www.bellunopress.it\/2009\/04\/10\/lunedi-iniziano-i-lavori-per-la-messa-in-sicurezza-della-frana-di-via-miari\/"},"wordCount":549,"publisher":{"@id":"https:\/\/www.bellunopress.it\/#organization"},"image":{"@id":"https:\/\/www.bellunopress.it\/2009\/04\/10\/lunedi-iniziano-i-lavori-per-la-messa-in-sicurezza-della-frana-di-via-miari\/#primaryimage"},"thumbnailUrl":"http:\/\/www.bellunopress.it\/wp-content\/uploads\/2009\/04\/via-mmiari.jpg","keywords":["Belluno","Dolomiti"],"articleSection":["Cronaca\/Politica","Prima Pagina"],"inLanguage":"fr-FR"},{"@type":"WebPage","@id":"https:\/\/www.bellunopress.it\/2009\/04\/10\/lunedi-iniziano-i-lavori-per-la-messa-in-sicurezza-della-frana-di-via-miari\/","url":"https:\/\/www.bellunopress.it\/2009\/04\/10\/lunedi-iniziano-i-lavori-per-la-messa-in-sicurezza-della-frana-di-via-miari\/","name":"Luned\u00ec iniziano i lavori per la messa in sicurezza della frana di via Miari - Bellunopress - Dolomiti","isPartOf":{"@id":"https:\/\/www.bellunopress.it\/#website"},"primaryImageOfPage":{"@id":"https:\/\/www.bellunopress.it\/2009\/04\/10\/lunedi-iniziano-i-lavori-per-la-messa-in-sicurezza-della-frana-di-via-miari\/#primaryimage"},"image":{"@id":"https:\/\/www.bellunopress.it\/2009\/04\/10\/lunedi-iniziano-i-lavori-per-la-messa-in-sicurezza-della-frana-di-via-miari\/#primaryimage"},"thumbnailUrl":"http:\/\/www.bellunopress.it\/wp-content\/uploads\/2009\/04\/via-mmiari.jpg","datePublished":"2009-04-10T00:16:47+00:00","breadcrumb":{"@id":"https:\/\/www.bellunopress.it\/2009\/04\/10\/lunedi-iniziano-i-lavori-per-la-messa-in-sicurezza-della-frana-di-via-miari\/#breadcrumb"},"inLanguage":"fr-FR","potentialAction":[{"@type":"ReadAction","target":["https:\/\/www.bellunopress.it\/2009\/04\/10\/lunedi-iniziano-i-lavori-per-la-messa-in-sicurezza-della-frana-di-via-miari\/"]}]},{"@type":"ImageObject","inLanguage":"fr-FR","@id":"https:\/\/www.bellunopress.it\/2009\/04\/10\/lunedi-iniziano-i-lavori-per-la-messa-in-sicurezza-della-frana-di-via-miari\/#primaryimage","url":"http:\/\/www.bellunopress.it\/wp-content\/uploads\/2009\/04\/via-mmiari.jpg","contentUrl":"http:\/\/www.bellunopress.it\/wp-content\/uploads\/2009\/04\/via-mmiari.jpg"},{"@type":"BreadcrumbList","@id":"https:\/\/www.bellunopress.it\/2009\/04\/10\/lunedi-iniziano-i-lavori-per-la-messa-in-sicurezza-della-frana-di-via-miari\/#breadcrumb","itemListElement":[{"@type":"ListItem","position":1,"name":"Home","item":"https:\/\/www.bellunopress.it\/"},{"@type":"ListItem","position":2,"name":"Luned\u00ec iniziano i lavori per la messa in sicurezza della frana di via Miari"}]},{"@type":"WebSite","@id":"https:\/\/www.bellunopress.it\/#website","url":"https:\/\/www.bellunopress.it\/","name":"Bellunopress - Dolomiti","description":"e-mail: redazione@bellunopress.it","publisher":{"@id":"https:\/\/www.bellunopress.it\/#organization"},"potentialAction":[{"@type":"SearchAction","target":{"@type":"EntryPoint","urlTemplate":"https:\/\/www.bellunopress.it\/?s={search_term_string}"},"query-input":{"@type":"PropertyValueSpecification","valueRequired":true,"valueName":"search_term_string"}}],"inLanguage":"fr-FR"},{"@type":"Organization","@id":"https:\/\/www.bellunopress.it\/#organization","name":"Bellunopress","url":"https:\/\/www.bellunopress.it\/","logo":{"@type":"ImageObject","inLanguage":"fr-FR","@id":"https:\/\/www.bellunopress.it\/#\/schema\/logo\/image\/","url":"https:\/\/www.bellunopress.it\/wp-content\/uploads\/2011\/05\/cropped-logo-bellunopress-.jpg","contentUrl":"https:\/\/www.bellunopress.it\/wp-content\/uploads\/2011\/05\/cropped-logo-bellunopress-.jpg","width":512,"height":512,"caption":"Bellunopress"},"image":{"@id":"https:\/\/www.bellunopress.it\/#\/schema\/logo\/image\/"},"sameAs":["https:\/\/www.facebook.com\/profile.php?id=100008943462799","https:\/\/x.com\/bellunopress","https:\/\/www.linkedin.com\/hp\/?dnr=JBzUWaJfMUw8vbXJJ2tVW5-I3jZKvC4wsoxE&amp;amp;amp;amp;amp;amp;trk=nav_responsive_tab_home","https:\/\/www.youtube.com\/channel\/UCxL0wu1uN0_3_7hGG0306cw"]},{"@type":"Person","@id":"https:\/\/www.bellunopress.it\/#\/schema\/person\/79bb06722b37ece1c03d3e94beb30d73","name":"r\u00e9daction","image":{"@type":"ImageObject","inLanguage":"fr-FR","@id":"https:\/\/secure.gravatar.com\/avatar\/37d968a2e67a6fd04c169c4bdef102d0bc5d31b2546345219e348575eb80e9a0?s=96&d=mm&r=g","url":"https:\/\/secure.gravatar.com\/avatar\/37d968a2e67a6fd04c169c4bdef102d0bc5d31b2546345219e348575eb80e9a0?s=96&d=mm&r=g","contentUrl":"https:\/\/secure.gravatar.com\/avatar\/37d968a2e67a6fd04c169c4bdef102d0bc5d31b2546345219e348575eb80e9a0?s=96&d=mm&r=g","caption":"redazione"},"sameAs":["http:\/\/www.bellunopress.it","https:\/\/x.com\/bellunopress"],"url":"https:\/\/www.bellunopress.it\/fr\/author\/redazione\/"}]}},"_links":{"self":[{"href":"https:\/\/www.bellunopress.it\/fr\/wp-json\/wp\/v2\/posts\/2549","targetHints":{"allow":["GET"]}}],"collection":[{"href":"https:\/\/www.bellunopress.it\/fr\/wp-json\/wp\/v2\/posts"}],"about":[{"href":"https:\/\/www.bellunopress.it\/fr\/wp-json\/wp\/v2\/types\/post"}],"author":[{"embeddable":true,"href":"https:\/\/www.bellunopress.it\/fr\/wp-json\/wp\/v2\/users\/2"}],"replies":[{"embeddable":true,"href":"https:\/\/www.bellunopress.it\/fr\/wp-json\/wp\/v2\/comments?post=2549"}],"version-history":[{"count":1,"href":"https:\/\/www.bellunopress.it\/fr\/wp-json\/wp\/v2\/posts\/2549\/revisions"}],"predecessor-version":[{"id":2552,"href":"https:\/\/www.bellunopress.it\/fr\/wp-json\/wp\/v2\/posts\/2549\/revisions\/2552"}],"wp:attachment":[{"href":"https:\/\/www.bellunopress.it\/fr\/wp-json\/wp\/v2\/media?parent=2549"}],"wp:term":[{"taxonomy":"category","embeddable":true,"href":"https:\/\/www.bellunopress.it\/fr\/wp-json\/wp\/v2\/categories?post=2549"},{"taxonomy":"post_tag","embeddable":true,"href":"https:\/\/www.bellunopress.it\/fr\/wp-json\/wp\/v2\/tags?post=2549"}],"curies":[{"name":"wp","href":"https:\/\/api.w.org\/{rel}","templated":true}]}}