{"id":254,"date":"2009-02-06T00:42:52","date_gmt":"2009-02-05T23:42:52","guid":{"rendered":"http:\/\/www.bellunopress.it\/?p=254"},"modified":"2009-02-06T17:13:59","modified_gmt":"2009-02-06T16:13:59","slug":"la-lettera-di-prade-a-reolon","status":"publish","type":"post","link":"https:\/\/www.bellunopress.it\/fr\/2009\/02\/06\/la-lettera-di-prade-a-reolon\/","title":{"rendered":"La lettera di Prade a Reolon"},"content":{"rendered":"<p>Caro Presidente, la recente adozione del Piano Territoriale di Coordinamento Provinciale da parte della Amministrazione Provinciale nonch\u00e9 il ricorso, contro il medesimo, presentato da una ampia maggioranza di Comuni bellunesi, fra i quali il Comune di Belluno, ha prodotto una situazione estremamente preoccupante che vorrei provare ad illustrarTi. Per non rimanere nello spazio delle considerazioni senza costrutto, Ti far\u00f2, alla fine di questa mia, anche una proposta. Entrambe \u2013 le considerazioni e la proposta \u2013 hanno come doverosa premessa il riconoscimento, non formale, del diritto dell&#8217;Amministrazione Provinciale ad adottare il PTCP come lo abbiamo conosciuto nonch\u00e9 il diritto di tante Amministrazioni Comunali ad eccepirne la legittimit\u00e0 con gli strumenti propri del nostro ordinamento. In un difficile momento storico, con i preoccupanti scenari che gi\u00e0 intravediamo sul fronte della economia ma non solo, sono certo che un Piano Territoriale di Coordinamento \u2013 condiviso dall&#8217;Amministrazione Provinciale con le Amministrazioni Comunali \u2013 sarebbe uno straordinario segno di coesione della nostra terra, della nostra gente nonch\u00e9 un presupposto significativo per dare un nuovo impulso alla crescita complessiva del nostro territorio. I nostri Cittadini, le nostre imprese, il mondo delle professioni, il ricco tessuto del nostro artigianato, chiedono alla politica certezza, collaborazione, rappresentanza. Viceversa, e con tutta evidenza, un complesso ricorso amministrativo \u2013 con le conseguenti lacerazioni che produce \u2013 innesca (ha gi\u00e0 innescato) un periodo di disorientamento e di ambiguit\u00e0 che non giova a nessuno. E questo, si badi bene, al di l\u00e0 delle intenzioni e delle buone ragioni di ciascuno che dobbiamo pure riconoscere. La pianificazione urbanistica \u00e8 uno degli strumenti importanti per il governo del nostro territorio. Oggi \u2013 non lo possiamo nascondere \u2013 il bellunese ha di fatto delegato parte del merito di questa pianificazione, nonch\u00e9 il momento della sua reale efficacia, ad un giudice amministrativo. Non \u00e8 un esito saggio del nostro lavoro! Inoltre, sono in vigore le misure di salvaguardia, per loro definizione provvisorie. Quale Comune pu\u00f2 ragionevolmente pianificare il proprio sviluppo? Quanti Cittadini, quante Imprese hanno la certezza dello scenario dove vivono e lavorano? Quanti anni durer\u00e0 tutto questo? Mi sono chiesto come sia possibile uscire da questo \u201ccul de sac\u201d dove perderemo tutti. Eccoti dunque la mia proposta. Che l&#8217;Amministrazione Provinciale, che le forze politiche che la governano, responsabilmente, revochino l&#8217;adozione del PTCP. Non cadranno le molte idee di valore che vi sono contenute e che condividiamo (sto pensando, fra le altre, alla necessit\u00e0 di mettere fine al consumo indiscriminato del nostro territorio). Viceversa, cadranno di conseguenza tutti i ricorsi dei Comuni. Poi attorno ad un tavolo \u2013 dove l&#8217;Amministrazione Provinciale potr\u00e0 rinnovare i propri orientamenti, tutti politicamente legittimi e dove i Comuni non avranno pi\u00f9 alibi, non potendo ragionevolmente argomentare diversamente da come hanno argomentato nei loro ricorsi \u2013 tutti ci faremo carico di un risultato che sia a favore della nostra gente, della nostra terra, della nostra montagna. Io, se tanto pu\u00f2 servire, sono e sar\u00f2 il primo a riconoscere che l&#8217;Amministrazione Provinciale, una volta raccolte le definitive osservazioni e valutazioni delle Amministrazioni Comunali, ha il diritto-dovere di adottare il nuovo Piano Territoriale di Coordinamento Provinciale. Sono certo che la stragrande maggioranza dei Sindaci \u00e8 di questa medesima, ragionevole, opinione, Abbiamo bisogno di una via di uscita realistica e non umiliante per nessuno. Abbiamo bisogno, soprattutto, di dare esempio di responsabilit\u00e0 e di un pizzico di umilt\u00e0. Certo che anche Tu condividi queste mie considerazioni, attendo una Tua risposta. Cordialit\u00e0<\/p>\n<p>Antonio Prade<\/p>","protected":false},"excerpt":{"rendered":"<p>Caro Presidente, la recente adozione del Piano Territoriale di Coordinamento Provinciale da parte della Amministrazione Provinciale nonch\u00e9 il ricorso, contro il medesimo, presentato da una ampia maggioranza di Comuni bellunesi, fra i quali il Comune di Belluno, ha prodotto una situazione estremamente preoccupante che vorrei provare ad illustrarTi. Per non rimanere nello spazio delle considerazioni [&hellip;]<\/p>\n","protected":false},"author":2,"featured_media":0,"comment_status":"closed","ping_status":"open","sticky":false,"template":"","format":"standard","meta":{"footnotes":""},"categories":[1],"tags":[139],"class_list":["post-254","post","type-post","status-publish","format-standard","category-leo","tag-belluno"],"yoast_head":"<!-- This site is optimized with the Yoast SEO plugin v28.4 - https:\/\/yoast.com\/product\/yoast-seo-wordpress\/ -->\n<title>La lettera di Prade a Reolon - Bellunopress - Dolomiti<\/title>\n<meta name=\"robots\" content=\"index, follow, max-snippet:-1, max-image-preview:large, max-video-preview:-1\" \/>\n<link rel=\"canonical\" href=\"https:\/\/www.bellunopress.it\/fr\/2009\/02\/06\/la-lettera-di-prade-a-reolon\/\" \/>\n<meta property=\"og:locale\" content=\"fr_FR\" \/>\n<meta property=\"og:type\" content=\"article\" \/>\n<meta property=\"og:title\" content=\"La lettera di Prade a Reolon - Bellunopress - Dolomiti\" \/>\n<meta property=\"og:description\" content=\"Caro Presidente, la recente adozione del Piano Territoriale di Coordinamento Provinciale da parte della Amministrazione Provinciale nonch\u00e9 il ricorso, contro il medesimo, presentato da una ampia maggioranza di Comuni bellunesi, fra i quali il Comune di Belluno, ha prodotto una situazione estremamente preoccupante che vorrei provare ad illustrarTi. Per non rimanere nello spazio delle considerazioni [&hellip;]\" \/>\n<meta property=\"og:url\" content=\"https:\/\/www.bellunopress.it\/fr\/2009\/02\/06\/la-lettera-di-prade-a-reolon\/\" \/>\n<meta property=\"og:site_name\" content=\"Bellunopress - Dolomiti\" \/>\n<meta property=\"article:publisher\" content=\"https:\/\/www.facebook.com\/profile.php?id=100008943462799\" \/>\n<meta property=\"article:published_time\" content=\"2009-02-05T23:42:52+00:00\" \/>\n<meta property=\"article:modified_time\" content=\"2009-02-06T16:13:59+00:00\" \/>\n<meta property=\"og:image\" content=\"http:\/\/www.bellunopress.it\/wp-content\/uploads\/2012\/07\/logo-bellunopress-250x250-2012.jpg\" \/>\n<meta name=\"author\" content=\"redazione\" \/>\n<meta name=\"twitter:card\" content=\"summary_large_image\" \/>\n<meta name=\"twitter:creator\" content=\"@bellunopress\" \/>\n<meta name=\"twitter:site\" content=\"@bellunopress\" \/>\n<meta name=\"twitter:label1\" content=\"\u00c9crit par\" \/>\n\t<meta name=\"twitter:data1\" content=\"redazione\" \/>\n\t<meta name=\"twitter:label2\" content=\"Dur\u00e9e de lecture estim\u00e9e\" \/>\n\t<meta name=\"twitter:data2\" content=\"3 minutes\" \/>\n<script type=\"application\/ld+json\" class=\"yoast-schema-graph\">{\"@context\":\"https:\\\/\\\/schema.org\",\"@graph\":[{\"@type\":\"Article\",\"@id\":\"https:\\\/\\\/www.bellunopress.it\\\/2009\\\/02\\\/06\\\/la-lettera-di-prade-a-reolon\\\/#article\",\"isPartOf\":{\"@id\":\"https:\\\/\\\/www.bellunopress.it\\\/2009\\\/02\\\/06\\\/la-lettera-di-prade-a-reolon\\\/\"},\"author\":{\"name\":\"redazione\",\"@id\":\"https:\\\/\\\/www.bellunopress.it\\\/#\\\/schema\\\/person\\\/79bb06722b37ece1c03d3e94beb30d73\"},\"headline\":\"La lettera di Prade a Reolon\",\"datePublished\":\"2009-02-05T23:42:52+00:00\",\"dateModified\":\"2009-02-06T16:13:59+00:00\",\"mainEntityOfPage\":{\"@id\":\"https:\\\/\\\/www.bellunopress.it\\\/2009\\\/02\\\/06\\\/la-lettera-di-prade-a-reolon\\\/\"},\"wordCount\":566,\"publisher\":{\"@id\":\"https:\\\/\\\/www.bellunopress.it\\\/#organization\"},\"keywords\":[\"Belluno\"],\"articleSection\":[\"Lettere Opinioni\"],\"inLanguage\":\"fr-FR\"},{\"@type\":\"WebPage\",\"@id\":\"https:\\\/\\\/www.bellunopress.it\\\/2009\\\/02\\\/06\\\/la-lettera-di-prade-a-reolon\\\/\",\"url\":\"https:\\\/\\\/www.bellunopress.it\\\/2009\\\/02\\\/06\\\/la-lettera-di-prade-a-reolon\\\/\",\"name\":\"La lettera di Prade a Reolon - Bellunopress - Dolomiti\",\"isPartOf\":{\"@id\":\"https:\\\/\\\/www.bellunopress.it\\\/#website\"},\"datePublished\":\"2009-02-05T23:42:52+00:00\",\"dateModified\":\"2009-02-06T16:13:59+00:00\",\"breadcrumb\":{\"@id\":\"https:\\\/\\\/www.bellunopress.it\\\/2009\\\/02\\\/06\\\/la-lettera-di-prade-a-reolon\\\/#breadcrumb\"},\"inLanguage\":\"fr-FR\",\"potentialAction\":[{\"@type\":\"ReadAction\",\"target\":[\"https:\\\/\\\/www.bellunopress.it\\\/2009\\\/02\\\/06\\\/la-lettera-di-prade-a-reolon\\\/\"]}]},{\"@type\":\"BreadcrumbList\",\"@id\":\"https:\\\/\\\/www.bellunopress.it\\\/2009\\\/02\\\/06\\\/la-lettera-di-prade-a-reolon\\\/#breadcrumb\",\"itemListElement\":[{\"@type\":\"ListItem\",\"position\":1,\"name\":\"Home\",\"item\":\"https:\\\/\\\/www.bellunopress.it\\\/\"},{\"@type\":\"ListItem\",\"position\":2,\"name\":\"La lettera di Prade a Reolon\"}]},{\"@type\":\"WebSite\",\"@id\":\"https:\\\/\\\/www.bellunopress.it\\\/#website\",\"url\":\"https:\\\/\\\/www.bellunopress.it\\\/\",\"name\":\"Bellunopress - Dolomiti\",\"description\":\"e-mail: redazione@bellunopress.it\",\"publisher\":{\"@id\":\"https:\\\/\\\/www.bellunopress.it\\\/#organization\"},\"potentialAction\":[{\"@type\":\"SearchAction\",\"target\":{\"@type\":\"EntryPoint\",\"urlTemplate\":\"https:\\\/\\\/www.bellunopress.it\\\/?s={search_term_string}\"},\"query-input\":{\"@type\":\"PropertyValueSpecification\",\"valueRequired\":true,\"valueName\":\"search_term_string\"}}],\"inLanguage\":\"fr-FR\"},{\"@type\":\"Organization\",\"@id\":\"https:\\\/\\\/www.bellunopress.it\\\/#organization\",\"name\":\"Bellunopress\",\"url\":\"https:\\\/\\\/www.bellunopress.it\\\/\",\"logo\":{\"@type\":\"ImageObject\",\"inLanguage\":\"fr-FR\",\"@id\":\"https:\\\/\\\/www.bellunopress.it\\\/#\\\/schema\\\/logo\\\/image\\\/\",\"url\":\"https:\\\/\\\/www.bellunopress.it\\\/wp-content\\\/uploads\\\/2011\\\/05\\\/cropped-logo-bellunopress-.jpg\",\"contentUrl\":\"https:\\\/\\\/www.bellunopress.it\\\/wp-content\\\/uploads\\\/2011\\\/05\\\/cropped-logo-bellunopress-.jpg\",\"width\":512,\"height\":512,\"caption\":\"Bellunopress\"},\"image\":{\"@id\":\"https:\\\/\\\/www.bellunopress.it\\\/#\\\/schema\\\/logo\\\/image\\\/\"},\"sameAs\":[\"https:\\\/\\\/www.facebook.com\\\/profile.php?id=100008943462799\",\"https:\\\/\\\/x.com\\\/bellunopress\",\"https:\\\/\\\/www.linkedin.com\\\/hp\\\/?dnr=JBzUWaJfMUw8vbXJJ2tVW5-I3jZKvC4wsoxE&amp;amp;amp;amp;amp;amp;trk=nav_responsive_tab_home\",\"https:\\\/\\\/www.youtube.com\\\/channel\\\/UCxL0wu1uN0_3_7hGG0306cw\"]},{\"@type\":\"Person\",\"@id\":\"https:\\\/\\\/www.bellunopress.it\\\/#\\\/schema\\\/person\\\/79bb06722b37ece1c03d3e94beb30d73\",\"name\":\"redazione\",\"image\":{\"@type\":\"ImageObject\",\"inLanguage\":\"fr-FR\",\"@id\":\"https:\\\/\\\/secure.gravatar.com\\\/avatar\\\/37d968a2e67a6fd04c169c4bdef102d0bc5d31b2546345219e348575eb80e9a0?s=96&d=mm&r=g\",\"url\":\"https:\\\/\\\/secure.gravatar.com\\\/avatar\\\/37d968a2e67a6fd04c169c4bdef102d0bc5d31b2546345219e348575eb80e9a0?s=96&d=mm&r=g\",\"contentUrl\":\"https:\\\/\\\/secure.gravatar.com\\\/avatar\\\/37d968a2e67a6fd04c169c4bdef102d0bc5d31b2546345219e348575eb80e9a0?s=96&d=mm&r=g\",\"caption\":\"redazione\"},\"sameAs\":[\"http:\\\/\\\/www.bellunopress.it\",\"https:\\\/\\\/x.com\\\/bellunopress\"],\"url\":\"https:\\\/\\\/www.bellunopress.it\\\/fr\\\/author\\\/redazione\\\/\"}]}<\/script>\n<!-- \/ Yoast SEO plugin. -->","yoast_head_json":{"title":"La lettera di Prade a Reolon - Bellunopress - Dolomiti","robots":{"index":"index","follow":"follow","max-snippet":"max-snippet:-1","max-image-preview":"max-image-preview:large","max-video-preview":"max-video-preview:-1"},"canonical":"https:\/\/www.bellunopress.it\/fr\/2009\/02\/06\/la-lettera-di-prade-a-reolon\/","og_locale":"fr_FR","og_type":"article","og_title":"La lettera di Prade a Reolon - Bellunopress - Dolomiti","og_description":"Caro Presidente, la recente adozione del Piano Territoriale di Coordinamento Provinciale da parte della Amministrazione Provinciale nonch\u00e9 il ricorso, contro il medesimo, presentato da una ampia maggioranza di Comuni bellunesi, fra i quali il Comune di Belluno, ha prodotto una situazione estremamente preoccupante che vorrei provare ad illustrarTi. Per non rimanere nello spazio delle considerazioni [&hellip;]","og_url":"https:\/\/www.bellunopress.it\/fr\/2009\/02\/06\/la-lettera-di-prade-a-reolon\/","og_site_name":"Bellunopress - Dolomiti","article_publisher":"https:\/\/www.facebook.com\/profile.php?id=100008943462799","article_published_time":"2009-02-05T23:42:52+00:00","article_modified_time":"2009-02-06T16:13:59+00:00","og_image":[{"url":"http:\/\/www.bellunopress.it\/wp-content\/uploads\/2012\/07\/logo-bellunopress-250x250-2012.jpg","type":"","width":"","height":""}],"author":"redazione","twitter_card":"summary_large_image","twitter_creator":"@bellunopress","twitter_site":"@bellunopress","twitter_misc":{"\u00c9crit par":"redazione","Dur\u00e9e de lecture estim\u00e9e":"3 minutes"},"schema":{"@context":"https:\/\/schema.org","@graph":[{"@type":"Article","@id":"https:\/\/www.bellunopress.it\/2009\/02\/06\/la-lettera-di-prade-a-reolon\/#article","isPartOf":{"@id":"https:\/\/www.bellunopress.it\/2009\/02\/06\/la-lettera-di-prade-a-reolon\/"},"author":{"name":"redazione","@id":"https:\/\/www.bellunopress.it\/#\/schema\/person\/79bb06722b37ece1c03d3e94beb30d73"},"headline":"La lettera di Prade a Reolon","datePublished":"2009-02-05T23:42:52+00:00","dateModified":"2009-02-06T16:13:59+00:00","mainEntityOfPage":{"@id":"https:\/\/www.bellunopress.it\/2009\/02\/06\/la-lettera-di-prade-a-reolon\/"},"wordCount":566,"publisher":{"@id":"https:\/\/www.bellunopress.it\/#organization"},"keywords":["Belluno"],"articleSection":["Lettere Opinioni"],"inLanguage":"fr-FR"},{"@type":"WebPage","@id":"https:\/\/www.bellunopress.it\/2009\/02\/06\/la-lettera-di-prade-a-reolon\/","url":"https:\/\/www.bellunopress.it\/2009\/02\/06\/la-lettera-di-prade-a-reolon\/","name":"La lettera di Prade a Reolon - Bellunopress - Dolomiti","isPartOf":{"@id":"https:\/\/www.bellunopress.it\/#website"},"datePublished":"2009-02-05T23:42:52+00:00","dateModified":"2009-02-06T16:13:59+00:00","breadcrumb":{"@id":"https:\/\/www.bellunopress.it\/2009\/02\/06\/la-lettera-di-prade-a-reolon\/#breadcrumb"},"inLanguage":"fr-FR","potentialAction":[{"@type":"ReadAction","target":["https:\/\/www.bellunopress.it\/2009\/02\/06\/la-lettera-di-prade-a-reolon\/"]}]},{"@type":"BreadcrumbList","@id":"https:\/\/www.bellunopress.it\/2009\/02\/06\/la-lettera-di-prade-a-reolon\/#breadcrumb","itemListElement":[{"@type":"ListItem","position":1,"name":"Home","item":"https:\/\/www.bellunopress.it\/"},{"@type":"ListItem","position":2,"name":"La lettera di Prade a Reolon"}]},{"@type":"WebSite","@id":"https:\/\/www.bellunopress.it\/#website","url":"https:\/\/www.bellunopress.it\/","name":"Bellunopress - Dolomiti","description":"e-mail: redazione@bellunopress.it","publisher":{"@id":"https:\/\/www.bellunopress.it\/#organization"},"potentialAction":[{"@type":"SearchAction","target":{"@type":"EntryPoint","urlTemplate":"https:\/\/www.bellunopress.it\/?s={search_term_string}"},"query-input":{"@type":"PropertyValueSpecification","valueRequired":true,"valueName":"search_term_string"}}],"inLanguage":"fr-FR"},{"@type":"Organization","@id":"https:\/\/www.bellunopress.it\/#organization","name":"Bellunopress","url":"https:\/\/www.bellunopress.it\/","logo":{"@type":"ImageObject","inLanguage":"fr-FR","@id":"https:\/\/www.bellunopress.it\/#\/schema\/logo\/image\/","url":"https:\/\/www.bellunopress.it\/wp-content\/uploads\/2011\/05\/cropped-logo-bellunopress-.jpg","contentUrl":"https:\/\/www.bellunopress.it\/wp-content\/uploads\/2011\/05\/cropped-logo-bellunopress-.jpg","width":512,"height":512,"caption":"Bellunopress"},"image":{"@id":"https:\/\/www.bellunopress.it\/#\/schema\/logo\/image\/"},"sameAs":["https:\/\/www.facebook.com\/profile.php?id=100008943462799","https:\/\/x.com\/bellunopress","https:\/\/www.linkedin.com\/hp\/?dnr=JBzUWaJfMUw8vbXJJ2tVW5-I3jZKvC4wsoxE&amp;amp;amp;amp;amp;amp;trk=nav_responsive_tab_home","https:\/\/www.youtube.com\/channel\/UCxL0wu1uN0_3_7hGG0306cw"]},{"@type":"Person","@id":"https:\/\/www.bellunopress.it\/#\/schema\/person\/79bb06722b37ece1c03d3e94beb30d73","name":"r\u00e9daction","image":{"@type":"ImageObject","inLanguage":"fr-FR","@id":"https:\/\/secure.gravatar.com\/avatar\/37d968a2e67a6fd04c169c4bdef102d0bc5d31b2546345219e348575eb80e9a0?s=96&d=mm&r=g","url":"https:\/\/secure.gravatar.com\/avatar\/37d968a2e67a6fd04c169c4bdef102d0bc5d31b2546345219e348575eb80e9a0?s=96&d=mm&r=g","contentUrl":"https:\/\/secure.gravatar.com\/avatar\/37d968a2e67a6fd04c169c4bdef102d0bc5d31b2546345219e348575eb80e9a0?s=96&d=mm&r=g","caption":"redazione"},"sameAs":["http:\/\/www.bellunopress.it","https:\/\/x.com\/bellunopress"],"url":"https:\/\/www.bellunopress.it\/fr\/author\/redazione\/"}]}},"_links":{"self":[{"href":"https:\/\/www.bellunopress.it\/fr\/wp-json\/wp\/v2\/posts\/254","targetHints":{"allow":["GET"]}}],"collection":[{"href":"https:\/\/www.bellunopress.it\/fr\/wp-json\/wp\/v2\/posts"}],"about":[{"href":"https:\/\/www.bellunopress.it\/fr\/wp-json\/wp\/v2\/types\/post"}],"author":[{"embeddable":true,"href":"https:\/\/www.bellunopress.it\/fr\/wp-json\/wp\/v2\/users\/2"}],"replies":[{"embeddable":true,"href":"https:\/\/www.bellunopress.it\/fr\/wp-json\/wp\/v2\/comments?post=254"}],"version-history":[{"count":1,"href":"https:\/\/www.bellunopress.it\/fr\/wp-json\/wp\/v2\/posts\/254\/revisions"}],"predecessor-version":[{"id":256,"href":"https:\/\/www.bellunopress.it\/fr\/wp-json\/wp\/v2\/posts\/254\/revisions\/256"}],"wp:attachment":[{"href":"https:\/\/www.bellunopress.it\/fr\/wp-json\/wp\/v2\/media?parent=254"}],"wp:term":[{"taxonomy":"category","embeddable":true,"href":"https:\/\/www.bellunopress.it\/fr\/wp-json\/wp\/v2\/categories?post=254"},{"taxonomy":"post_tag","embeddable":true,"href":"https:\/\/www.bellunopress.it\/fr\/wp-json\/wp\/v2\/tags?post=254"}],"curies":[{"name":"wp","href":"https:\/\/api.w.org\/{rel}","templated":true}]}}