{"id":2529,"date":"2009-04-09T19:01:47","date_gmt":"2009-04-09T18:01:47","guid":{"rendered":"http:\/\/www.bellunopress.it\/?p=2529"},"modified":"2009-04-09T19:01:47","modified_gmt":"2009-04-09T18:01:47","slug":"paolo-doglioni-scrive-a-trenitalia","status":"publish","type":"post","link":"https:\/\/www.bellunopress.it\/fr\/2009\/04\/09\/paolo-doglioni-scrive-a-trenitalia\/","title":{"rendered":"Paolo Doglioni scrive a Trenitalia"},"content":{"rendered":"<p><a href=\"http:\/\/www.bellunopress.it\/wp-content\/uploads\/2009\/04\/paolo-doglioni-camera-commercio.jpg\"><img loading=\"lazy\" decoding=\"async\" class=\"alignleft size-medium wp-image-2530\" title=\"paolo-doglioni-camera-commercio\" src=\"http:\/\/www.bellunopress.it\/wp-content\/uploads\/2009\/04\/paolo-doglioni-camera-commercio.jpg\" alt=\"\" width=\"241\" height=\"181\" \/><\/a>Paolo Doglioni, presidente della Camera di Commercio di Belluno interviene presso la Direzione regionale Trenitalia di Venezia-Mestre, per rappresentare la situazione &#8220;poco edificante&#8221; della rete ferroviaria nella nostra provincia. &#8220;Un territorio, quello bellunese &#8211; scrive Doglioni &#8211; che \u00e8 \u201csoffocato\u201d dal traffico su gomma che scorre lungo tutte le sue direttrici principali, dalla Valbelluna al Cadore.\u00a0 Un efficace servizio ferroviario potrebbe costituire la pi\u00f9 valida alternativa per il decongestionamento del traffico stradale e per migliorare la salute e la qualit\u00e0 di vita dei cittadini. Ma la ferrovia bellunese, cos\u00ec come \u00e8 strutturata attualmente, non \u00e8 in grado di reggere il confronto con la strada. La carenza di corse e gli elevati tempi di percorrenza, specie nei collegamenti con la pianura veneta, scoraggiano l\u2019uso del treno e lo rendono poco concorrenziale rispetto agli altri mezzi di trasporto (auto, pullman ecc.). Negli ultimi decenni si \u00e8 assistito ad un generale decadimento del trasporto ferroviario locale conseguente ad una forte riduzione del personale, specie di quello addetto alla manutenzione ferroviaria, alla soppressione di numerose corse fra le quali anche la storica \u201cFreccia delle Dolomiti\u201d, alla chiusura delle stazioni intermedie, dei caselli e dei pochi scali\u00a0 merci esistenti, divenute per lo pi\u00f9 aree dismesse, il cui stato di degrado non fa certamente onore ad una provincia ad elevata vocazione turistica quale la nostra.<br \/>\nLa scomparsa del capostazione e dei manovratori dalla stazione di Calalzo di Cadore, sostituiti da una gestione diretta \u201cda Belluno\u201da partire dal 1\u00b0 aprile scorso rappresentano un\u2019ulteriore conferma del progressivo disimpegno da parte della Rete Ferroviaria Italiana. Un\u2019operazione che mette anche a rischio il convoglio Calalzo \u2013 Roma, un comodo servizio previsto nei periodi di maggior afflusso turistico (circa 60 giorni all\u2019anno) in cui i viaggiatori hanno l\u2019opportunit\u00e0 di\u00a0 portarsi appresso la propria auto. La soppressione di questa corsa potrebbe infliggere un colpo mortale al trasporto ferroviario locale, con effetti negativi sulle presenze turistiche, specie nel Cadore. Mi auguro &#8211; conclude il presidente &#8211;\u00a0 che tutto ci\u00f2 non avvenga e che i numerosi turisti possano raggiungere le nostre stupende localit\u00e0 in sicurezza e senza patemi d\u2019animo. Lo dico sia come privato cittadino sia nelle vesti di presidente della Camera di Commercio di Belluno in cui opero quotidianamente per la promozione dei servizi\u00a0 sul territorio&#8221;.<\/p>","protected":false},"excerpt":{"rendered":"<p>Paolo Doglioni, presidente della Camera di Commercio di Belluno interviene presso la Direzione regionale Trenitalia di Venezia-Mestre, per rappresentare la situazione &#8220;poco edificante&#8221; della rete ferroviaria nella nostra provincia. &#8220;Un territorio, quello bellunese &#8211; scrive Doglioni &#8211; che \u00e8 \u201csoffocato\u201d dal traffico su gomma che scorre lungo tutte le sue direttrici principali, dalla Valbelluna al [&hellip;]<\/p>\n","protected":false},"author":2,"featured_media":0,"comment_status":"closed","ping_status":"open","sticky":false,"template":"","format":"standard","meta":{"footnotes":""},"categories":[5,26],"tags":[139,151,63],"class_list":["post-2529","post","type-post","status-publish","format-standard","category-cronaca","category-prima-pagina","tag-belluno","tag-cadore","tag-dolomiti"],"yoast_head":"<!-- This site is optimized with the Yoast SEO plugin v28.4 - https:\/\/yoast.com\/product\/yoast-seo-wordpress\/ -->\n<title>Paolo Doglioni scrive a Trenitalia - Bellunopress - Dolomiti<\/title>\n<meta name=\"robots\" content=\"index, follow, max-snippet:-1, max-image-preview:large, max-video-preview:-1\" \/>\n<link rel=\"canonical\" href=\"https:\/\/www.bellunopress.it\/fr\/2009\/04\/09\/paolo-doglioni-scrive-a-trenitalia\/\" \/>\n<meta property=\"og:locale\" content=\"fr_FR\" \/>\n<meta property=\"og:type\" content=\"article\" \/>\n<meta property=\"og:title\" content=\"Paolo Doglioni scrive a Trenitalia - Bellunopress - Dolomiti\" \/>\n<meta property=\"og:description\" content=\"Paolo Doglioni, presidente della Camera di Commercio di Belluno interviene presso la Direzione regionale Trenitalia di Venezia-Mestre, per rappresentare la situazione &#8220;poco edificante&#8221; della rete ferroviaria nella nostra provincia. &#8220;Un territorio, quello bellunese &#8211; scrive Doglioni &#8211; che \u00e8 \u201csoffocato\u201d dal traffico su gomma che scorre lungo tutte le sue direttrici principali, dalla Valbelluna al [&hellip;]\" \/>\n<meta property=\"og:url\" content=\"https:\/\/www.bellunopress.it\/fr\/2009\/04\/09\/paolo-doglioni-scrive-a-trenitalia\/\" \/>\n<meta property=\"og:site_name\" content=\"Bellunopress - Dolomiti\" \/>\n<meta property=\"article:publisher\" content=\"https:\/\/www.facebook.com\/profile.php?id=100008943462799\" \/>\n<meta property=\"article:published_time\" content=\"2009-04-09T18:01:47+00:00\" \/>\n<meta property=\"og:image\" content=\"http:\/\/www.bellunopress.it\/wp-content\/uploads\/2009\/04\/paolo-doglioni-camera-commercio.jpg\" \/>\n<meta name=\"author\" content=\"redazione\" \/>\n<meta name=\"twitter:card\" content=\"summary_large_image\" \/>\n<meta name=\"twitter:creator\" content=\"@bellunopress\" \/>\n<meta name=\"twitter:site\" content=\"@bellunopress\" \/>\n<meta name=\"twitter:label1\" content=\"\u00c9crit par\" \/>\n\t<meta name=\"twitter:data1\" content=\"redazione\" \/>\n\t<meta name=\"twitter:label2\" content=\"Dur\u00e9e de lecture estim\u00e9e\" \/>\n\t<meta name=\"twitter:data2\" content=\"2 minutes\" \/>\n<script type=\"application\/ld+json\" class=\"yoast-schema-graph\">{\"@context\":\"https:\\\/\\\/schema.org\",\"@graph\":[{\"@type\":\"Article\",\"@id\":\"https:\\\/\\\/www.bellunopress.it\\\/2009\\\/04\\\/09\\\/paolo-doglioni-scrive-a-trenitalia\\\/#article\",\"isPartOf\":{\"@id\":\"https:\\\/\\\/www.bellunopress.it\\\/2009\\\/04\\\/09\\\/paolo-doglioni-scrive-a-trenitalia\\\/\"},\"author\":{\"name\":\"redazione\",\"@id\":\"https:\\\/\\\/www.bellunopress.it\\\/#\\\/schema\\\/person\\\/79bb06722b37ece1c03d3e94beb30d73\"},\"headline\":\"Paolo Doglioni scrive a Trenitalia\",\"datePublished\":\"2009-04-09T18:01:47+00:00\",\"mainEntityOfPage\":{\"@id\":\"https:\\\/\\\/www.bellunopress.it\\\/2009\\\/04\\\/09\\\/paolo-doglioni-scrive-a-trenitalia\\\/\"},\"wordCount\":378,\"publisher\":{\"@id\":\"https:\\\/\\\/www.bellunopress.it\\\/#organization\"},\"image\":{\"@id\":\"https:\\\/\\\/www.bellunopress.it\\\/2009\\\/04\\\/09\\\/paolo-doglioni-scrive-a-trenitalia\\\/#primaryimage\"},\"thumbnailUrl\":\"http:\\\/\\\/www.bellunopress.it\\\/wp-content\\\/uploads\\\/2009\\\/04\\\/paolo-doglioni-camera-commercio.jpg\",\"keywords\":[\"Belluno\",\"Cadore\",\"Dolomiti\"],\"articleSection\":[\"Cronaca\\\/Politica\",\"Prima Pagina\"],\"inLanguage\":\"fr-FR\"},{\"@type\":\"WebPage\",\"@id\":\"https:\\\/\\\/www.bellunopress.it\\\/2009\\\/04\\\/09\\\/paolo-doglioni-scrive-a-trenitalia\\\/\",\"url\":\"https:\\\/\\\/www.bellunopress.it\\\/2009\\\/04\\\/09\\\/paolo-doglioni-scrive-a-trenitalia\\\/\",\"name\":\"Paolo Doglioni scrive a Trenitalia - Bellunopress - Dolomiti\",\"isPartOf\":{\"@id\":\"https:\\\/\\\/www.bellunopress.it\\\/#website\"},\"primaryImageOfPage\":{\"@id\":\"https:\\\/\\\/www.bellunopress.it\\\/2009\\\/04\\\/09\\\/paolo-doglioni-scrive-a-trenitalia\\\/#primaryimage\"},\"image\":{\"@id\":\"https:\\\/\\\/www.bellunopress.it\\\/2009\\\/04\\\/09\\\/paolo-doglioni-scrive-a-trenitalia\\\/#primaryimage\"},\"thumbnailUrl\":\"http:\\\/\\\/www.bellunopress.it\\\/wp-content\\\/uploads\\\/2009\\\/04\\\/paolo-doglioni-camera-commercio.jpg\",\"datePublished\":\"2009-04-09T18:01:47+00:00\",\"breadcrumb\":{\"@id\":\"https:\\\/\\\/www.bellunopress.it\\\/2009\\\/04\\\/09\\\/paolo-doglioni-scrive-a-trenitalia\\\/#breadcrumb\"},\"inLanguage\":\"fr-FR\",\"potentialAction\":[{\"@type\":\"ReadAction\",\"target\":[\"https:\\\/\\\/www.bellunopress.it\\\/2009\\\/04\\\/09\\\/paolo-doglioni-scrive-a-trenitalia\\\/\"]}]},{\"@type\":\"ImageObject\",\"inLanguage\":\"fr-FR\",\"@id\":\"https:\\\/\\\/www.bellunopress.it\\\/2009\\\/04\\\/09\\\/paolo-doglioni-scrive-a-trenitalia\\\/#primaryimage\",\"url\":\"http:\\\/\\\/www.bellunopress.it\\\/wp-content\\\/uploads\\\/2009\\\/04\\\/paolo-doglioni-camera-commercio.jpg\",\"contentUrl\":\"http:\\\/\\\/www.bellunopress.it\\\/wp-content\\\/uploads\\\/2009\\\/04\\\/paolo-doglioni-camera-commercio.jpg\"},{\"@type\":\"BreadcrumbList\",\"@id\":\"https:\\\/\\\/www.bellunopress.it\\\/2009\\\/04\\\/09\\\/paolo-doglioni-scrive-a-trenitalia\\\/#breadcrumb\",\"itemListElement\":[{\"@type\":\"ListItem\",\"position\":1,\"name\":\"Home\",\"item\":\"https:\\\/\\\/www.bellunopress.it\\\/\"},{\"@type\":\"ListItem\",\"position\":2,\"name\":\"Paolo Doglioni scrive a Trenitalia\"}]},{\"@type\":\"WebSite\",\"@id\":\"https:\\\/\\\/www.bellunopress.it\\\/#website\",\"url\":\"https:\\\/\\\/www.bellunopress.it\\\/\",\"name\":\"Bellunopress - Dolomiti\",\"description\":\"e-mail: redazione@bellunopress.it\",\"publisher\":{\"@id\":\"https:\\\/\\\/www.bellunopress.it\\\/#organization\"},\"potentialAction\":[{\"@type\":\"SearchAction\",\"target\":{\"@type\":\"EntryPoint\",\"urlTemplate\":\"https:\\\/\\\/www.bellunopress.it\\\/?s={search_term_string}\"},\"query-input\":{\"@type\":\"PropertyValueSpecification\",\"valueRequired\":true,\"valueName\":\"search_term_string\"}}],\"inLanguage\":\"fr-FR\"},{\"@type\":\"Organization\",\"@id\":\"https:\\\/\\\/www.bellunopress.it\\\/#organization\",\"name\":\"Bellunopress\",\"url\":\"https:\\\/\\\/www.bellunopress.it\\\/\",\"logo\":{\"@type\":\"ImageObject\",\"inLanguage\":\"fr-FR\",\"@id\":\"https:\\\/\\\/www.bellunopress.it\\\/#\\\/schema\\\/logo\\\/image\\\/\",\"url\":\"https:\\\/\\\/www.bellunopress.it\\\/wp-content\\\/uploads\\\/2011\\\/05\\\/cropped-logo-bellunopress-.jpg\",\"contentUrl\":\"https:\\\/\\\/www.bellunopress.it\\\/wp-content\\\/uploads\\\/2011\\\/05\\\/cropped-logo-bellunopress-.jpg\",\"width\":512,\"height\":512,\"caption\":\"Bellunopress\"},\"image\":{\"@id\":\"https:\\\/\\\/www.bellunopress.it\\\/#\\\/schema\\\/logo\\\/image\\\/\"},\"sameAs\":[\"https:\\\/\\\/www.facebook.com\\\/profile.php?id=100008943462799\",\"https:\\\/\\\/x.com\\\/bellunopress\",\"https:\\\/\\\/www.linkedin.com\\\/hp\\\/?dnr=JBzUWaJfMUw8vbXJJ2tVW5-I3jZKvC4wsoxE&amp;amp;amp;amp;amp;amp;trk=nav_responsive_tab_home\",\"https:\\\/\\\/www.youtube.com\\\/channel\\\/UCxL0wu1uN0_3_7hGG0306cw\"]},{\"@type\":\"Person\",\"@id\":\"https:\\\/\\\/www.bellunopress.it\\\/#\\\/schema\\\/person\\\/79bb06722b37ece1c03d3e94beb30d73\",\"name\":\"redazione\",\"image\":{\"@type\":\"ImageObject\",\"inLanguage\":\"fr-FR\",\"@id\":\"https:\\\/\\\/secure.gravatar.com\\\/avatar\\\/37d968a2e67a6fd04c169c4bdef102d0bc5d31b2546345219e348575eb80e9a0?s=96&d=mm&r=g\",\"url\":\"https:\\\/\\\/secure.gravatar.com\\\/avatar\\\/37d968a2e67a6fd04c169c4bdef102d0bc5d31b2546345219e348575eb80e9a0?s=96&d=mm&r=g\",\"contentUrl\":\"https:\\\/\\\/secure.gravatar.com\\\/avatar\\\/37d968a2e67a6fd04c169c4bdef102d0bc5d31b2546345219e348575eb80e9a0?s=96&d=mm&r=g\",\"caption\":\"redazione\"},\"sameAs\":[\"http:\\\/\\\/www.bellunopress.it\",\"https:\\\/\\\/x.com\\\/bellunopress\"],\"url\":\"https:\\\/\\\/www.bellunopress.it\\\/fr\\\/author\\\/redazione\\\/\"}]}<\/script>\n<!-- \/ Yoast SEO plugin. -->","yoast_head_json":{"title":"Paolo Doglioni scrive a Trenitalia - Bellunopress - Dolomiti","robots":{"index":"index","follow":"follow","max-snippet":"max-snippet:-1","max-image-preview":"max-image-preview:large","max-video-preview":"max-video-preview:-1"},"canonical":"https:\/\/www.bellunopress.it\/fr\/2009\/04\/09\/paolo-doglioni-scrive-a-trenitalia\/","og_locale":"fr_FR","og_type":"article","og_title":"Paolo Doglioni scrive a Trenitalia - Bellunopress - Dolomiti","og_description":"Paolo Doglioni, presidente della Camera di Commercio di Belluno interviene presso la Direzione regionale Trenitalia di Venezia-Mestre, per rappresentare la situazione &#8220;poco edificante&#8221; della rete ferroviaria nella nostra provincia. &#8220;Un territorio, quello bellunese &#8211; scrive Doglioni &#8211; che \u00e8 \u201csoffocato\u201d dal traffico su gomma che scorre lungo tutte le sue direttrici principali, dalla Valbelluna al [&hellip;]","og_url":"https:\/\/www.bellunopress.it\/fr\/2009\/04\/09\/paolo-doglioni-scrive-a-trenitalia\/","og_site_name":"Bellunopress - Dolomiti","article_publisher":"https:\/\/www.facebook.com\/profile.php?id=100008943462799","article_published_time":"2009-04-09T18:01:47+00:00","og_image":[{"url":"http:\/\/www.bellunopress.it\/wp-content\/uploads\/2009\/04\/paolo-doglioni-camera-commercio.jpg","type":"","width":"","height":""}],"author":"redazione","twitter_card":"summary_large_image","twitter_creator":"@bellunopress","twitter_site":"@bellunopress","twitter_misc":{"\u00c9crit par":"redazione","Dur\u00e9e de lecture estim\u00e9e":"2 minutes"},"schema":{"@context":"https:\/\/schema.org","@graph":[{"@type":"Article","@id":"https:\/\/www.bellunopress.it\/2009\/04\/09\/paolo-doglioni-scrive-a-trenitalia\/#article","isPartOf":{"@id":"https:\/\/www.bellunopress.it\/2009\/04\/09\/paolo-doglioni-scrive-a-trenitalia\/"},"author":{"name":"redazione","@id":"https:\/\/www.bellunopress.it\/#\/schema\/person\/79bb06722b37ece1c03d3e94beb30d73"},"headline":"Paolo Doglioni scrive a Trenitalia","datePublished":"2009-04-09T18:01:47+00:00","mainEntityOfPage":{"@id":"https:\/\/www.bellunopress.it\/2009\/04\/09\/paolo-doglioni-scrive-a-trenitalia\/"},"wordCount":378,"publisher":{"@id":"https:\/\/www.bellunopress.it\/#organization"},"image":{"@id":"https:\/\/www.bellunopress.it\/2009\/04\/09\/paolo-doglioni-scrive-a-trenitalia\/#primaryimage"},"thumbnailUrl":"http:\/\/www.bellunopress.it\/wp-content\/uploads\/2009\/04\/paolo-doglioni-camera-commercio.jpg","keywords":["Belluno","Cadore","Dolomiti"],"articleSection":["Cronaca\/Politica","Prima Pagina"],"inLanguage":"fr-FR"},{"@type":"WebPage","@id":"https:\/\/www.bellunopress.it\/2009\/04\/09\/paolo-doglioni-scrive-a-trenitalia\/","url":"https:\/\/www.bellunopress.it\/2009\/04\/09\/paolo-doglioni-scrive-a-trenitalia\/","name":"Paolo Doglioni scrive a Trenitalia - Bellunopress - Dolomiti","isPartOf":{"@id":"https:\/\/www.bellunopress.it\/#website"},"primaryImageOfPage":{"@id":"https:\/\/www.bellunopress.it\/2009\/04\/09\/paolo-doglioni-scrive-a-trenitalia\/#primaryimage"},"image":{"@id":"https:\/\/www.bellunopress.it\/2009\/04\/09\/paolo-doglioni-scrive-a-trenitalia\/#primaryimage"},"thumbnailUrl":"http:\/\/www.bellunopress.it\/wp-content\/uploads\/2009\/04\/paolo-doglioni-camera-commercio.jpg","datePublished":"2009-04-09T18:01:47+00:00","breadcrumb":{"@id":"https:\/\/www.bellunopress.it\/2009\/04\/09\/paolo-doglioni-scrive-a-trenitalia\/#breadcrumb"},"inLanguage":"fr-FR","potentialAction":[{"@type":"ReadAction","target":["https:\/\/www.bellunopress.it\/2009\/04\/09\/paolo-doglioni-scrive-a-trenitalia\/"]}]},{"@type":"ImageObject","inLanguage":"fr-FR","@id":"https:\/\/www.bellunopress.it\/2009\/04\/09\/paolo-doglioni-scrive-a-trenitalia\/#primaryimage","url":"http:\/\/www.bellunopress.it\/wp-content\/uploads\/2009\/04\/paolo-doglioni-camera-commercio.jpg","contentUrl":"http:\/\/www.bellunopress.it\/wp-content\/uploads\/2009\/04\/paolo-doglioni-camera-commercio.jpg"},{"@type":"BreadcrumbList","@id":"https:\/\/www.bellunopress.it\/2009\/04\/09\/paolo-doglioni-scrive-a-trenitalia\/#breadcrumb","itemListElement":[{"@type":"ListItem","position":1,"name":"Home","item":"https:\/\/www.bellunopress.it\/"},{"@type":"ListItem","position":2,"name":"Paolo Doglioni scrive a Trenitalia"}]},{"@type":"WebSite","@id":"https:\/\/www.bellunopress.it\/#website","url":"https:\/\/www.bellunopress.it\/","name":"Bellunopress - Dolomiti","description":"e-mail: redazione@bellunopress.it","publisher":{"@id":"https:\/\/www.bellunopress.it\/#organization"},"potentialAction":[{"@type":"SearchAction","target":{"@type":"EntryPoint","urlTemplate":"https:\/\/www.bellunopress.it\/?s={search_term_string}"},"query-input":{"@type":"PropertyValueSpecification","valueRequired":true,"valueName":"search_term_string"}}],"inLanguage":"fr-FR"},{"@type":"Organization","@id":"https:\/\/www.bellunopress.it\/#organization","name":"Bellunopress","url":"https:\/\/www.bellunopress.it\/","logo":{"@type":"ImageObject","inLanguage":"fr-FR","@id":"https:\/\/www.bellunopress.it\/#\/schema\/logo\/image\/","url":"https:\/\/www.bellunopress.it\/wp-content\/uploads\/2011\/05\/cropped-logo-bellunopress-.jpg","contentUrl":"https:\/\/www.bellunopress.it\/wp-content\/uploads\/2011\/05\/cropped-logo-bellunopress-.jpg","width":512,"height":512,"caption":"Bellunopress"},"image":{"@id":"https:\/\/www.bellunopress.it\/#\/schema\/logo\/image\/"},"sameAs":["https:\/\/www.facebook.com\/profile.php?id=100008943462799","https:\/\/x.com\/bellunopress","https:\/\/www.linkedin.com\/hp\/?dnr=JBzUWaJfMUw8vbXJJ2tVW5-I3jZKvC4wsoxE&amp;amp;amp;amp;amp;amp;trk=nav_responsive_tab_home","https:\/\/www.youtube.com\/channel\/UCxL0wu1uN0_3_7hGG0306cw"]},{"@type":"Person","@id":"https:\/\/www.bellunopress.it\/#\/schema\/person\/79bb06722b37ece1c03d3e94beb30d73","name":"r\u00e9daction","image":{"@type":"ImageObject","inLanguage":"fr-FR","@id":"https:\/\/secure.gravatar.com\/avatar\/37d968a2e67a6fd04c169c4bdef102d0bc5d31b2546345219e348575eb80e9a0?s=96&d=mm&r=g","url":"https:\/\/secure.gravatar.com\/avatar\/37d968a2e67a6fd04c169c4bdef102d0bc5d31b2546345219e348575eb80e9a0?s=96&d=mm&r=g","contentUrl":"https:\/\/secure.gravatar.com\/avatar\/37d968a2e67a6fd04c169c4bdef102d0bc5d31b2546345219e348575eb80e9a0?s=96&d=mm&r=g","caption":"redazione"},"sameAs":["http:\/\/www.bellunopress.it","https:\/\/x.com\/bellunopress"],"url":"https:\/\/www.bellunopress.it\/fr\/author\/redazione\/"}]}},"_links":{"self":[{"href":"https:\/\/www.bellunopress.it\/fr\/wp-json\/wp\/v2\/posts\/2529","targetHints":{"allow":["GET"]}}],"collection":[{"href":"https:\/\/www.bellunopress.it\/fr\/wp-json\/wp\/v2\/posts"}],"about":[{"href":"https:\/\/www.bellunopress.it\/fr\/wp-json\/wp\/v2\/types\/post"}],"author":[{"embeddable":true,"href":"https:\/\/www.bellunopress.it\/fr\/wp-json\/wp\/v2\/users\/2"}],"replies":[{"embeddable":true,"href":"https:\/\/www.bellunopress.it\/fr\/wp-json\/wp\/v2\/comments?post=2529"}],"version-history":[{"count":1,"href":"https:\/\/www.bellunopress.it\/fr\/wp-json\/wp\/v2\/posts\/2529\/revisions"}],"predecessor-version":[{"id":2532,"href":"https:\/\/www.bellunopress.it\/fr\/wp-json\/wp\/v2\/posts\/2529\/revisions\/2532"}],"wp:attachment":[{"href":"https:\/\/www.bellunopress.it\/fr\/wp-json\/wp\/v2\/media?parent=2529"}],"wp:term":[{"taxonomy":"category","embeddable":true,"href":"https:\/\/www.bellunopress.it\/fr\/wp-json\/wp\/v2\/categories?post=2529"},{"taxonomy":"post_tag","embeddable":true,"href":"https:\/\/www.bellunopress.it\/fr\/wp-json\/wp\/v2\/tags?post=2529"}],"curies":[{"name":"wp","href":"https:\/\/api.w.org\/{rel}","templated":true}]}}