{"id":2520,"date":"2009-04-09T16:07:54","date_gmt":"2009-04-09T15:07:54","guid":{"rendered":"http:\/\/www.bellunopress.it\/?p=2520"},"modified":"2009-04-09T16:07:54","modified_gmt":"2009-04-09T15:07:54","slug":"fondi-anticrisi-la-delusione-di-reolon-per-le-scelte-delle-comunita-montane","status":"publish","type":"post","link":"https:\/\/www.bellunopress.it\/fr\/2009\/04\/09\/fondi-anticrisi-la-delusione-di-reolon-per-le-scelte-delle-comunita-montane\/","title":{"rendered":"Fondi anticrisi: la delusione di Reolon per le scelte delle Comunit\u00e0 montane"},"content":{"rendered":"<p>\u00abSono molto amareggiato dalle prese di posizione personali di alcuni presidenti di Comunit\u00e0 montana\u00bb. Il presidente della Provincia di Belluno, Sergio Reolon, vede una chiara \u00abmancanza di responsabilit\u00e0\u00bb nei tentativi di polemica sollevati da alcuni presidenti di Comunit\u00e0 montane contrari a varare le misure economiche in favore dei lavoratori decise ieri dalla Provincia di Belluno in accordo con gli enti pubblici, le organizzazioni sindacali, le associazioni di categoria e il Consorzio Bim.<br \/>\n\u00abIn un momento di cos\u00ec grande difficolt\u00e0 per il nostro territorio\u00bb, afferma Reolon, \u00abin cui sono a rischio migliaia di posti di lavoro, c\u2019\u00e8 chi si preoccupa delle propria sopravvivenza politica. Raccolte le diverse sollecitazioni del mondo economico e sindacale avevo annunciato al presidente della Cm Centro Cadore, Flaminio Da Deppo\u00a0 la volont\u00e0 di prendere delle misure straordinarie per contrastare gli effetti della crisi sui lavoratori. Purtroppo il presidente Da Deppo mi aveva segnalato la resistenza di alcuni suoi colleghi e per questo ho provveduto a un invito formale. Quell\u2019invito \u00e8 rimasto lettera morta e credo sia un\u2019occasione persa\u00bb. Resta da rilevare, sottolinea il presidente della Provincia, \u00abcome l\u2019atteggiamento di chiusura di alcuni presidenti rispetto all\u2019emergenza lavorativa e sociale che avanza non sia ascrivibile genericamente alla \u201cpolitica\u201d, ma a discutibili scelte personali\u00bb.<br \/>\n\u00abSpero comunque\u00bb, conclude Reolon, \u00abche ci sia un ripensamento e che tutti aderiscano nell\u2019interesse collettivo del nostro territorio\u00bb. Ieri, mercoled\u00ec 8 aprile 2009, Provincia di Belluno, Camera di Commercio, Consorzio Bim, Confindustria, Unione artigiani, Appia, Ascom, Confederazione italiana agricoltori, Confagricoltura, Cgil, Cisl e Uil hanno deciso di firmare un accordo di programma che prevede: <a href=\"http:\/\/www.bellunopress.it\/wp-content\/uploads\/2009\/04\/sergio-reolon-90x90.jpg\"><img loading=\"lazy\" decoding=\"async\" class=\"alignleft size-medium wp-image-2437\" title=\"sergio-reolon-90x90\" src=\"http:\/\/www.bellunopress.it\/wp-content\/uploads\/2009\/04\/sergio-reolon-90x90.jpg\" alt=\"\" width=\"93\" height=\"93\" \/><\/a>ll&#8217;anticipazione del trattamento di Cassa Integrazione Guadagni Ordinaria per il periodo oltre le otto settimane continuative, nonch\u00e9 del trattamento di Cassa Integrazione Guadagni in deroga;<br \/>\nl la creazione di un Fondo straordinario di solidariet\u00e0 per quei lavoratori dipendenti o autonomi residenti in provincia di Belluno che perdono il lavoro e risultano privi di qualsiasi ammortizzatore sociale e che versano in situazione di particolare difficolt\u00e0 economica;<br \/>\nll&#8217;attivazione di processi di riqualificazione e di politiche di reimpiego previsti nelle \u201cLinee guida delle politiche del lavoro nella Regione Veneto per fronteggiare la crisi occupazionale\u201d.<\/p>","protected":false},"excerpt":{"rendered":"<p>\u00abSono molto amareggiato dalle prese di posizione personali di alcuni presidenti di Comunit\u00e0 montana\u00bb. Il presidente della Provincia di Belluno, Sergio Reolon, vede una chiara \u00abmancanza di responsabilit\u00e0\u00bb nei tentativi di polemica sollevati da alcuni presidenti di Comunit\u00e0 montane contrari a varare le misure economiche in favore dei lavoratori decise ieri dalla Provincia di Belluno [&hellip;]<\/p>\n","protected":false},"author":2,"featured_media":0,"comment_status":"closed","ping_status":"open","sticky":false,"template":"","format":"standard","meta":{"footnotes":""},"categories":[5,26],"tags":[139,151],"class_list":["post-2520","post","type-post","status-publish","format-standard","category-cronaca","category-prima-pagina","tag-belluno","tag-cadore"],"yoast_head":"<!-- This site is optimized with the Yoast SEO plugin v28.4 - https:\/\/yoast.com\/product\/yoast-seo-wordpress\/ -->\n<title>Fondi anticrisi: la delusione di Reolon per le scelte delle Comunit\u00e0 montane - Bellunopress - Dolomiti<\/title>\n<meta name=\"robots\" content=\"index, follow, max-snippet:-1, max-image-preview:large, max-video-preview:-1\" \/>\n<link rel=\"canonical\" href=\"https:\/\/www.bellunopress.it\/fr\/2009\/04\/09\/fondi-anticrisi-la-delusione-di-reolon-per-le-scelte-delle-comunita-montane\/\" \/>\n<meta property=\"og:locale\" content=\"fr_FR\" \/>\n<meta property=\"og:type\" content=\"article\" \/>\n<meta property=\"og:title\" content=\"Fondi anticrisi: la delusione di Reolon per le scelte delle Comunit\u00e0 montane - Bellunopress - Dolomiti\" \/>\n<meta property=\"og:description\" content=\"\u00abSono molto amareggiato dalle prese di posizione personali di alcuni presidenti di Comunit\u00e0 montana\u00bb. Il presidente della Provincia di Belluno, Sergio Reolon, vede una chiara \u00abmancanza di responsabilit\u00e0\u00bb nei tentativi di polemica sollevati da alcuni presidenti di Comunit\u00e0 montane contrari a varare le misure economiche in favore dei lavoratori decise ieri dalla Provincia di Belluno [&hellip;]\" \/>\n<meta property=\"og:url\" content=\"https:\/\/www.bellunopress.it\/fr\/2009\/04\/09\/fondi-anticrisi-la-delusione-di-reolon-per-le-scelte-delle-comunita-montane\/\" \/>\n<meta property=\"og:site_name\" content=\"Bellunopress - Dolomiti\" \/>\n<meta property=\"article:publisher\" content=\"https:\/\/www.facebook.com\/profile.php?id=100008943462799\" \/>\n<meta property=\"article:published_time\" content=\"2009-04-09T15:07:54+00:00\" \/>\n<meta property=\"og:image\" content=\"http:\/\/www.bellunopress.it\/wp-content\/uploads\/2009\/04\/sergio-reolon-90x90.jpg\" \/>\n<meta name=\"author\" content=\"redazione\" \/>\n<meta name=\"twitter:card\" content=\"summary_large_image\" \/>\n<meta name=\"twitter:creator\" content=\"@bellunopress\" \/>\n<meta name=\"twitter:site\" content=\"@bellunopress\" \/>\n<meta name=\"twitter:label1\" content=\"\u00c9crit par\" \/>\n\t<meta name=\"twitter:data1\" content=\"redazione\" \/>\n\t<meta name=\"twitter:label2\" content=\"Dur\u00e9e de lecture estim\u00e9e\" \/>\n\t<meta name=\"twitter:data2\" content=\"2 minutes\" \/>\n<script type=\"application\/ld+json\" class=\"yoast-schema-graph\">{\"@context\":\"https:\\\/\\\/schema.org\",\"@graph\":[{\"@type\":\"Article\",\"@id\":\"https:\\\/\\\/www.bellunopress.it\\\/2009\\\/04\\\/09\\\/fondi-anticrisi-la-delusione-di-reolon-per-le-scelte-delle-comunita-montane\\\/#article\",\"isPartOf\":{\"@id\":\"https:\\\/\\\/www.bellunopress.it\\\/2009\\\/04\\\/09\\\/fondi-anticrisi-la-delusione-di-reolon-per-le-scelte-delle-comunita-montane\\\/\"},\"author\":{\"name\":\"redazione\",\"@id\":\"https:\\\/\\\/www.bellunopress.it\\\/#\\\/schema\\\/person\\\/79bb06722b37ece1c03d3e94beb30d73\"},\"headline\":\"Fondi anticrisi: la delusione di Reolon per le scelte delle Comunit\u00e0 montane\",\"datePublished\":\"2009-04-09T15:07:54+00:00\",\"mainEntityOfPage\":{\"@id\":\"https:\\\/\\\/www.bellunopress.it\\\/2009\\\/04\\\/09\\\/fondi-anticrisi-la-delusione-di-reolon-per-le-scelte-delle-comunita-montane\\\/\"},\"wordCount\":365,\"publisher\":{\"@id\":\"https:\\\/\\\/www.bellunopress.it\\\/#organization\"},\"image\":{\"@id\":\"https:\\\/\\\/www.bellunopress.it\\\/2009\\\/04\\\/09\\\/fondi-anticrisi-la-delusione-di-reolon-per-le-scelte-delle-comunita-montane\\\/#primaryimage\"},\"thumbnailUrl\":\"http:\\\/\\\/www.bellunopress.it\\\/wp-content\\\/uploads\\\/2009\\\/04\\\/sergio-reolon-90x90.jpg\",\"keywords\":[\"Belluno\",\"Cadore\"],\"articleSection\":[\"Cronaca\\\/Politica\",\"Prima Pagina\"],\"inLanguage\":\"fr-FR\"},{\"@type\":\"WebPage\",\"@id\":\"https:\\\/\\\/www.bellunopress.it\\\/2009\\\/04\\\/09\\\/fondi-anticrisi-la-delusione-di-reolon-per-le-scelte-delle-comunita-montane\\\/\",\"url\":\"https:\\\/\\\/www.bellunopress.it\\\/2009\\\/04\\\/09\\\/fondi-anticrisi-la-delusione-di-reolon-per-le-scelte-delle-comunita-montane\\\/\",\"name\":\"Fondi anticrisi: la delusione di Reolon per le scelte delle Comunit\u00e0 montane - Bellunopress - Dolomiti\",\"isPartOf\":{\"@id\":\"https:\\\/\\\/www.bellunopress.it\\\/#website\"},\"primaryImageOfPage\":{\"@id\":\"https:\\\/\\\/www.bellunopress.it\\\/2009\\\/04\\\/09\\\/fondi-anticrisi-la-delusione-di-reolon-per-le-scelte-delle-comunita-montane\\\/#primaryimage\"},\"image\":{\"@id\":\"https:\\\/\\\/www.bellunopress.it\\\/2009\\\/04\\\/09\\\/fondi-anticrisi-la-delusione-di-reolon-per-le-scelte-delle-comunita-montane\\\/#primaryimage\"},\"thumbnailUrl\":\"http:\\\/\\\/www.bellunopress.it\\\/wp-content\\\/uploads\\\/2009\\\/04\\\/sergio-reolon-90x90.jpg\",\"datePublished\":\"2009-04-09T15:07:54+00:00\",\"breadcrumb\":{\"@id\":\"https:\\\/\\\/www.bellunopress.it\\\/2009\\\/04\\\/09\\\/fondi-anticrisi-la-delusione-di-reolon-per-le-scelte-delle-comunita-montane\\\/#breadcrumb\"},\"inLanguage\":\"fr-FR\",\"potentialAction\":[{\"@type\":\"ReadAction\",\"target\":[\"https:\\\/\\\/www.bellunopress.it\\\/2009\\\/04\\\/09\\\/fondi-anticrisi-la-delusione-di-reolon-per-le-scelte-delle-comunita-montane\\\/\"]}]},{\"@type\":\"ImageObject\",\"inLanguage\":\"fr-FR\",\"@id\":\"https:\\\/\\\/www.bellunopress.it\\\/2009\\\/04\\\/09\\\/fondi-anticrisi-la-delusione-di-reolon-per-le-scelte-delle-comunita-montane\\\/#primaryimage\",\"url\":\"http:\\\/\\\/www.bellunopress.it\\\/wp-content\\\/uploads\\\/2009\\\/04\\\/sergio-reolon-90x90.jpg\",\"contentUrl\":\"http:\\\/\\\/www.bellunopress.it\\\/wp-content\\\/uploads\\\/2009\\\/04\\\/sergio-reolon-90x90.jpg\"},{\"@type\":\"BreadcrumbList\",\"@id\":\"https:\\\/\\\/www.bellunopress.it\\\/2009\\\/04\\\/09\\\/fondi-anticrisi-la-delusione-di-reolon-per-le-scelte-delle-comunita-montane\\\/#breadcrumb\",\"itemListElement\":[{\"@type\":\"ListItem\",\"position\":1,\"name\":\"Home\",\"item\":\"https:\\\/\\\/www.bellunopress.it\\\/\"},{\"@type\":\"ListItem\",\"position\":2,\"name\":\"Fondi anticrisi: la delusione di Reolon per le scelte delle Comunit\u00e0 montane\"}]},{\"@type\":\"WebSite\",\"@id\":\"https:\\\/\\\/www.bellunopress.it\\\/#website\",\"url\":\"https:\\\/\\\/www.bellunopress.it\\\/\",\"name\":\"Bellunopress - Dolomiti\",\"description\":\"e-mail: redazione@bellunopress.it\",\"publisher\":{\"@id\":\"https:\\\/\\\/www.bellunopress.it\\\/#organization\"},\"potentialAction\":[{\"@type\":\"SearchAction\",\"target\":{\"@type\":\"EntryPoint\",\"urlTemplate\":\"https:\\\/\\\/www.bellunopress.it\\\/?s={search_term_string}\"},\"query-input\":{\"@type\":\"PropertyValueSpecification\",\"valueRequired\":true,\"valueName\":\"search_term_string\"}}],\"inLanguage\":\"fr-FR\"},{\"@type\":\"Organization\",\"@id\":\"https:\\\/\\\/www.bellunopress.it\\\/#organization\",\"name\":\"Bellunopress\",\"url\":\"https:\\\/\\\/www.bellunopress.it\\\/\",\"logo\":{\"@type\":\"ImageObject\",\"inLanguage\":\"fr-FR\",\"@id\":\"https:\\\/\\\/www.bellunopress.it\\\/#\\\/schema\\\/logo\\\/image\\\/\",\"url\":\"https:\\\/\\\/www.bellunopress.it\\\/wp-content\\\/uploads\\\/2011\\\/05\\\/cropped-logo-bellunopress-.jpg\",\"contentUrl\":\"https:\\\/\\\/www.bellunopress.it\\\/wp-content\\\/uploads\\\/2011\\\/05\\\/cropped-logo-bellunopress-.jpg\",\"width\":512,\"height\":512,\"caption\":\"Bellunopress\"},\"image\":{\"@id\":\"https:\\\/\\\/www.bellunopress.it\\\/#\\\/schema\\\/logo\\\/image\\\/\"},\"sameAs\":[\"https:\\\/\\\/www.facebook.com\\\/profile.php?id=100008943462799\",\"https:\\\/\\\/x.com\\\/bellunopress\",\"https:\\\/\\\/www.linkedin.com\\\/hp\\\/?dnr=JBzUWaJfMUw8vbXJJ2tVW5-I3jZKvC4wsoxE&amp;amp;amp;amp;amp;amp;trk=nav_responsive_tab_home\",\"https:\\\/\\\/www.youtube.com\\\/channel\\\/UCxL0wu1uN0_3_7hGG0306cw\"]},{\"@type\":\"Person\",\"@id\":\"https:\\\/\\\/www.bellunopress.it\\\/#\\\/schema\\\/person\\\/79bb06722b37ece1c03d3e94beb30d73\",\"name\":\"redazione\",\"image\":{\"@type\":\"ImageObject\",\"inLanguage\":\"fr-FR\",\"@id\":\"https:\\\/\\\/secure.gravatar.com\\\/avatar\\\/37d968a2e67a6fd04c169c4bdef102d0bc5d31b2546345219e348575eb80e9a0?s=96&d=mm&r=g\",\"url\":\"https:\\\/\\\/secure.gravatar.com\\\/avatar\\\/37d968a2e67a6fd04c169c4bdef102d0bc5d31b2546345219e348575eb80e9a0?s=96&d=mm&r=g\",\"contentUrl\":\"https:\\\/\\\/secure.gravatar.com\\\/avatar\\\/37d968a2e67a6fd04c169c4bdef102d0bc5d31b2546345219e348575eb80e9a0?s=96&d=mm&r=g\",\"caption\":\"redazione\"},\"sameAs\":[\"http:\\\/\\\/www.bellunopress.it\",\"https:\\\/\\\/x.com\\\/bellunopress\"],\"url\":\"https:\\\/\\\/www.bellunopress.it\\\/fr\\\/author\\\/redazione\\\/\"}]}<\/script>\n<!-- \/ Yoast SEO plugin. -->","yoast_head_json":{"title":"Fondi anticrisi: la delusione di Reolon per le scelte delle Comunit\u00e0 montane - Bellunopress - Dolomiti","robots":{"index":"index","follow":"follow","max-snippet":"max-snippet:-1","max-image-preview":"max-image-preview:large","max-video-preview":"max-video-preview:-1"},"canonical":"https:\/\/www.bellunopress.it\/fr\/2009\/04\/09\/fondi-anticrisi-la-delusione-di-reolon-per-le-scelte-delle-comunita-montane\/","og_locale":"fr_FR","og_type":"article","og_title":"Fondi anticrisi: la delusione di Reolon per le scelte delle Comunit\u00e0 montane - Bellunopress - Dolomiti","og_description":"\u00abSono molto amareggiato dalle prese di posizione personali di alcuni presidenti di Comunit\u00e0 montana\u00bb. Il presidente della Provincia di Belluno, Sergio Reolon, vede una chiara \u00abmancanza di responsabilit\u00e0\u00bb nei tentativi di polemica sollevati da alcuni presidenti di Comunit\u00e0 montane contrari a varare le misure economiche in favore dei lavoratori decise ieri dalla Provincia di Belluno [&hellip;]","og_url":"https:\/\/www.bellunopress.it\/fr\/2009\/04\/09\/fondi-anticrisi-la-delusione-di-reolon-per-le-scelte-delle-comunita-montane\/","og_site_name":"Bellunopress - Dolomiti","article_publisher":"https:\/\/www.facebook.com\/profile.php?id=100008943462799","article_published_time":"2009-04-09T15:07:54+00:00","og_image":[{"url":"http:\/\/www.bellunopress.it\/wp-content\/uploads\/2009\/04\/sergio-reolon-90x90.jpg","type":"","width":"","height":""}],"author":"redazione","twitter_card":"summary_large_image","twitter_creator":"@bellunopress","twitter_site":"@bellunopress","twitter_misc":{"\u00c9crit par":"redazione","Dur\u00e9e de lecture estim\u00e9e":"2 minutes"},"schema":{"@context":"https:\/\/schema.org","@graph":[{"@type":"Article","@id":"https:\/\/www.bellunopress.it\/2009\/04\/09\/fondi-anticrisi-la-delusione-di-reolon-per-le-scelte-delle-comunita-montane\/#article","isPartOf":{"@id":"https:\/\/www.bellunopress.it\/2009\/04\/09\/fondi-anticrisi-la-delusione-di-reolon-per-le-scelte-delle-comunita-montane\/"},"author":{"name":"redazione","@id":"https:\/\/www.bellunopress.it\/#\/schema\/person\/79bb06722b37ece1c03d3e94beb30d73"},"headline":"Fondi anticrisi: la delusione di Reolon per le scelte delle Comunit\u00e0 montane","datePublished":"2009-04-09T15:07:54+00:00","mainEntityOfPage":{"@id":"https:\/\/www.bellunopress.it\/2009\/04\/09\/fondi-anticrisi-la-delusione-di-reolon-per-le-scelte-delle-comunita-montane\/"},"wordCount":365,"publisher":{"@id":"https:\/\/www.bellunopress.it\/#organization"},"image":{"@id":"https:\/\/www.bellunopress.it\/2009\/04\/09\/fondi-anticrisi-la-delusione-di-reolon-per-le-scelte-delle-comunita-montane\/#primaryimage"},"thumbnailUrl":"http:\/\/www.bellunopress.it\/wp-content\/uploads\/2009\/04\/sergio-reolon-90x90.jpg","keywords":["Belluno","Cadore"],"articleSection":["Cronaca\/Politica","Prima Pagina"],"inLanguage":"fr-FR"},{"@type":"WebPage","@id":"https:\/\/www.bellunopress.it\/2009\/04\/09\/fondi-anticrisi-la-delusione-di-reolon-per-le-scelte-delle-comunita-montane\/","url":"https:\/\/www.bellunopress.it\/2009\/04\/09\/fondi-anticrisi-la-delusione-di-reolon-per-le-scelte-delle-comunita-montane\/","name":"Fondi anticrisi: la delusione di Reolon per le scelte delle Comunit\u00e0 montane - Bellunopress - Dolomiti","isPartOf":{"@id":"https:\/\/www.bellunopress.it\/#website"},"primaryImageOfPage":{"@id":"https:\/\/www.bellunopress.it\/2009\/04\/09\/fondi-anticrisi-la-delusione-di-reolon-per-le-scelte-delle-comunita-montane\/#primaryimage"},"image":{"@id":"https:\/\/www.bellunopress.it\/2009\/04\/09\/fondi-anticrisi-la-delusione-di-reolon-per-le-scelte-delle-comunita-montane\/#primaryimage"},"thumbnailUrl":"http:\/\/www.bellunopress.it\/wp-content\/uploads\/2009\/04\/sergio-reolon-90x90.jpg","datePublished":"2009-04-09T15:07:54+00:00","breadcrumb":{"@id":"https:\/\/www.bellunopress.it\/2009\/04\/09\/fondi-anticrisi-la-delusione-di-reolon-per-le-scelte-delle-comunita-montane\/#breadcrumb"},"inLanguage":"fr-FR","potentialAction":[{"@type":"ReadAction","target":["https:\/\/www.bellunopress.it\/2009\/04\/09\/fondi-anticrisi-la-delusione-di-reolon-per-le-scelte-delle-comunita-montane\/"]}]},{"@type":"ImageObject","inLanguage":"fr-FR","@id":"https:\/\/www.bellunopress.it\/2009\/04\/09\/fondi-anticrisi-la-delusione-di-reolon-per-le-scelte-delle-comunita-montane\/#primaryimage","url":"http:\/\/www.bellunopress.it\/wp-content\/uploads\/2009\/04\/sergio-reolon-90x90.jpg","contentUrl":"http:\/\/www.bellunopress.it\/wp-content\/uploads\/2009\/04\/sergio-reolon-90x90.jpg"},{"@type":"BreadcrumbList","@id":"https:\/\/www.bellunopress.it\/2009\/04\/09\/fondi-anticrisi-la-delusione-di-reolon-per-le-scelte-delle-comunita-montane\/#breadcrumb","itemListElement":[{"@type":"ListItem","position":1,"name":"Home","item":"https:\/\/www.bellunopress.it\/"},{"@type":"ListItem","position":2,"name":"Fondi anticrisi: la delusione di Reolon per le scelte delle Comunit\u00e0 montane"}]},{"@type":"WebSite","@id":"https:\/\/www.bellunopress.it\/#website","url":"https:\/\/www.bellunopress.it\/","name":"Bellunopress - Dolomiti","description":"e-mail: redazione@bellunopress.it","publisher":{"@id":"https:\/\/www.bellunopress.it\/#organization"},"potentialAction":[{"@type":"SearchAction","target":{"@type":"EntryPoint","urlTemplate":"https:\/\/www.bellunopress.it\/?s={search_term_string}"},"query-input":{"@type":"PropertyValueSpecification","valueRequired":true,"valueName":"search_term_string"}}],"inLanguage":"fr-FR"},{"@type":"Organization","@id":"https:\/\/www.bellunopress.it\/#organization","name":"Bellunopress","url":"https:\/\/www.bellunopress.it\/","logo":{"@type":"ImageObject","inLanguage":"fr-FR","@id":"https:\/\/www.bellunopress.it\/#\/schema\/logo\/image\/","url":"https:\/\/www.bellunopress.it\/wp-content\/uploads\/2011\/05\/cropped-logo-bellunopress-.jpg","contentUrl":"https:\/\/www.bellunopress.it\/wp-content\/uploads\/2011\/05\/cropped-logo-bellunopress-.jpg","width":512,"height":512,"caption":"Bellunopress"},"image":{"@id":"https:\/\/www.bellunopress.it\/#\/schema\/logo\/image\/"},"sameAs":["https:\/\/www.facebook.com\/profile.php?id=100008943462799","https:\/\/x.com\/bellunopress","https:\/\/www.linkedin.com\/hp\/?dnr=JBzUWaJfMUw8vbXJJ2tVW5-I3jZKvC4wsoxE&amp;amp;amp;amp;amp;amp;trk=nav_responsive_tab_home","https:\/\/www.youtube.com\/channel\/UCxL0wu1uN0_3_7hGG0306cw"]},{"@type":"Person","@id":"https:\/\/www.bellunopress.it\/#\/schema\/person\/79bb06722b37ece1c03d3e94beb30d73","name":"r\u00e9daction","image":{"@type":"ImageObject","inLanguage":"fr-FR","@id":"https:\/\/secure.gravatar.com\/avatar\/37d968a2e67a6fd04c169c4bdef102d0bc5d31b2546345219e348575eb80e9a0?s=96&d=mm&r=g","url":"https:\/\/secure.gravatar.com\/avatar\/37d968a2e67a6fd04c169c4bdef102d0bc5d31b2546345219e348575eb80e9a0?s=96&d=mm&r=g","contentUrl":"https:\/\/secure.gravatar.com\/avatar\/37d968a2e67a6fd04c169c4bdef102d0bc5d31b2546345219e348575eb80e9a0?s=96&d=mm&r=g","caption":"redazione"},"sameAs":["http:\/\/www.bellunopress.it","https:\/\/x.com\/bellunopress"],"url":"https:\/\/www.bellunopress.it\/fr\/author\/redazione\/"}]}},"_links":{"self":[{"href":"https:\/\/www.bellunopress.it\/fr\/wp-json\/wp\/v2\/posts\/2520","targetHints":{"allow":["GET"]}}],"collection":[{"href":"https:\/\/www.bellunopress.it\/fr\/wp-json\/wp\/v2\/posts"}],"about":[{"href":"https:\/\/www.bellunopress.it\/fr\/wp-json\/wp\/v2\/types\/post"}],"author":[{"embeddable":true,"href":"https:\/\/www.bellunopress.it\/fr\/wp-json\/wp\/v2\/users\/2"}],"replies":[{"embeddable":true,"href":"https:\/\/www.bellunopress.it\/fr\/wp-json\/wp\/v2\/comments?post=2520"}],"version-history":[{"count":1,"href":"https:\/\/www.bellunopress.it\/fr\/wp-json\/wp\/v2\/posts\/2520\/revisions"}],"predecessor-version":[{"id":2521,"href":"https:\/\/www.bellunopress.it\/fr\/wp-json\/wp\/v2\/posts\/2520\/revisions\/2521"}],"wp:attachment":[{"href":"https:\/\/www.bellunopress.it\/fr\/wp-json\/wp\/v2\/media?parent=2520"}],"wp:term":[{"taxonomy":"category","embeddable":true,"href":"https:\/\/www.bellunopress.it\/fr\/wp-json\/wp\/v2\/categories?post=2520"},{"taxonomy":"post_tag","embeddable":true,"href":"https:\/\/www.bellunopress.it\/fr\/wp-json\/wp\/v2\/tags?post=2520"}],"curies":[{"name":"wp","href":"https:\/\/api.w.org\/{rel}","templated":true}]}}