{"id":25075,"date":"2011-03-25T17:31:52","date_gmt":"2011-03-25T16:31:52","guid":{"rendered":"http:\/\/www.bellunopress.it\/?p=25075"},"modified":"2011-03-25T21:34:35","modified_gmt":"2011-03-25T20:34:35","slug":"snam-rete-gas-a-feltre-provvedera-alla-realizzazione-di-due-nuove-condotte","status":"publish","type":"post","link":"https:\/\/www.bellunopress.it\/fr\/2011\/03\/25\/snam-rete-gas-a-feltre-provvedera-alla-realizzazione-di-due-nuove-condotte\/","title":{"rendered":"Snam Rete gas a Feltre provveder\u00e0 alla realizzazione di due nuove condotte"},"content":{"rendered":"<figure id=\"attachment_6475\" aria-describedby=\"caption-attachment-6475\" style=\"width: 94px\" class=\"wp-caption alignleft\"><a href=\"http:\/\/www.bellunopress.it\/wp-content\/uploads\/2009\/07\/vaccari-sindaco-feltre-leggeriss.jpg\"><img loading=\"lazy\" decoding=\"async\" class=\"size-full wp-image-6475\" title=\"vaccari-sindaco-feltre-leggeriss\" src=\"http:\/\/www.bellunopress.it\/wp-content\/uploads\/2009\/07\/vaccari-sindaco-feltre-leggeriss.jpg\" alt=\"\" width=\"94\" height=\"130\" \/><\/a><figcaption id=\"caption-attachment-6475\" class=\"wp-caption-text\">Gianvittore Vaccari<\/figcaption><\/figure>\n<p>Questa mattina, l&#8217;Amministrazione di Feltre nelle persone del Sindaco Sen. Gianvittore Vaccari e dell&#8217;Assessore ai Lavori Pubblici Gianni Moretta ha avuto un incontro con SNAM Rete gas, al fine di effettuare una verifica sullo stato degli interventi previsti sulla rete gas, legati alla nuova viabilit\u00e0 prevista ad Anz\u00f9. I lavori previsti, rappresentano un impegno importante per la SNAM che dovr\u00e0 provvedere alla posa di due condotte, una delle quali di portata regionale,\u00a0 per una lunghezza complessiva di 300 metri. In corrispondenza dell&#8217;attraversamento stradale, \u00e8 prevista la realizzazione, di una soletta sotto la quale verranno in seguito predisposti gli attraversamenti del gasdotto. Da parte della SNAM \u00e8 stata fornita la garanzia che i lavori relativi alla nuova conduttura del gas, la cui realizzazione prevede una tempisti di circa 20 mesi, non\u00a0 incideranno in alcun modo sulle modalit\u00e0 e tempi di realizzo della nuova viabilit\u00e0, poich\u00e8 potranno essere effettuati anche successivamente ai lavori della strada. L&#8217;Amministrazione soddisfatta dell&#8217;incontro e delle rassicurazioni avute avr\u00e0 cura a breve di incontrare anche Veneto Strade per effettuare una ricognizione sul prossimo avvio dei lavori.<\/p>","protected":false},"excerpt":{"rendered":"<p>Questa mattina, l&#8217;Amministrazione di Feltre nelle persone del Sindaco Sen. Gianvittore Vaccari e dell&#8217;Assessore ai Lavori Pubblici Gianni Moretta ha avuto un incontro con SNAM Rete gas, al fine di effettuare una verifica sullo stato degli interventi previsti sulla rete gas, legati alla nuova viabilit\u00e0 prevista ad Anz\u00f9. I lavori previsti, rappresentano un impegno importante [&hellip;]<\/p>\n","protected":false},"author":2,"featured_media":0,"comment_status":"closed","ping_status":"open","sticky":false,"template":"","format":"standard","meta":{"footnotes":""},"categories":[5,26],"tags":[],"class_list":["post-25075","post","type-post","status-publish","format-standard","category-cronaca","category-prima-pagina"],"yoast_head":"<!-- This site is optimized with the Yoast SEO plugin v28.4 - https:\/\/yoast.com\/product\/yoast-seo-wordpress\/ -->\n<title>Snam Rete gas a Feltre provveder\u00e0 alla realizzazione di due nuove condotte - Bellunopress - Dolomiti<\/title>\n<meta name=\"robots\" content=\"index, follow, max-snippet:-1, max-image-preview:large, max-video-preview:-1\" \/>\n<link rel=\"canonical\" href=\"https:\/\/www.bellunopress.it\/fr\/2011\/03\/25\/snam-rete-gas-a-feltre-provvedera-alla-realizzazione-di-due-nuove-condotte\/\" \/>\n<meta property=\"og:locale\" content=\"fr_FR\" \/>\n<meta property=\"og:type\" content=\"article\" \/>\n<meta property=\"og:title\" content=\"Snam Rete gas a Feltre provveder\u00e0 alla realizzazione di due nuove condotte - Bellunopress - Dolomiti\" \/>\n<meta property=\"og:description\" content=\"Questa mattina, l&#8217;Amministrazione di Feltre nelle persone del Sindaco Sen. Gianvittore Vaccari e dell&#8217;Assessore ai Lavori Pubblici Gianni Moretta ha avuto un incontro con SNAM Rete gas, al fine di effettuare una verifica sullo stato degli interventi previsti sulla rete gas, legati alla nuova viabilit\u00e0 prevista ad Anz\u00f9. I lavori previsti, rappresentano un impegno importante [&hellip;]\" \/>\n<meta property=\"og:url\" content=\"https:\/\/www.bellunopress.it\/fr\/2011\/03\/25\/snam-rete-gas-a-feltre-provvedera-alla-realizzazione-di-due-nuove-condotte\/\" \/>\n<meta property=\"og:site_name\" content=\"Bellunopress - Dolomiti\" \/>\n<meta property=\"article:publisher\" content=\"https:\/\/www.facebook.com\/profile.php?id=100008943462799\" \/>\n<meta property=\"article:published_time\" content=\"2011-03-25T16:31:52+00:00\" \/>\n<meta property=\"article:modified_time\" content=\"2011-03-25T20:34:35+00:00\" \/>\n<meta property=\"og:image\" content=\"http:\/\/www.bellunopress.it\/wp-content\/uploads\/2009\/07\/vaccari-sindaco-feltre-leggeriss.jpg\" \/>\n<meta name=\"author\" content=\"redazione\" \/>\n<meta name=\"twitter:card\" content=\"summary_large_image\" \/>\n<meta name=\"twitter:creator\" content=\"@bellunopress\" \/>\n<meta name=\"twitter:site\" content=\"@bellunopress\" \/>\n<meta name=\"twitter:label1\" content=\"\u00c9crit par\" \/>\n\t<meta name=\"twitter:data1\" content=\"redazione\" \/>\n\t<meta name=\"twitter:label2\" content=\"Dur\u00e9e de lecture estim\u00e9e\" \/>\n\t<meta name=\"twitter:data2\" content=\"1 minute\" \/>\n<script type=\"application\/ld+json\" class=\"yoast-schema-graph\">{\"@context\":\"https:\\\/\\\/schema.org\",\"@graph\":[{\"@type\":\"Article\",\"@id\":\"https:\\\/\\\/www.bellunopress.it\\\/2011\\\/03\\\/25\\\/snam-rete-gas-a-feltre-provvedera-alla-realizzazione-di-due-nuove-condotte\\\/#article\",\"isPartOf\":{\"@id\":\"https:\\\/\\\/www.bellunopress.it\\\/2011\\\/03\\\/25\\\/snam-rete-gas-a-feltre-provvedera-alla-realizzazione-di-due-nuove-condotte\\\/\"},\"author\":{\"name\":\"redazione\",\"@id\":\"https:\\\/\\\/www.bellunopress.it\\\/#\\\/schema\\\/person\\\/79bb06722b37ece1c03d3e94beb30d73\"},\"headline\":\"Snam Rete gas a Feltre provveder\u00e0 alla realizzazione di due nuove condotte\",\"datePublished\":\"2011-03-25T16:31:52+00:00\",\"dateModified\":\"2011-03-25T20:34:35+00:00\",\"mainEntityOfPage\":{\"@id\":\"https:\\\/\\\/www.bellunopress.it\\\/2011\\\/03\\\/25\\\/snam-rete-gas-a-feltre-provvedera-alla-realizzazione-di-due-nuove-condotte\\\/\"},\"wordCount\":201,\"publisher\":{\"@id\":\"https:\\\/\\\/www.bellunopress.it\\\/#organization\"},\"image\":{\"@id\":\"https:\\\/\\\/www.bellunopress.it\\\/2011\\\/03\\\/25\\\/snam-rete-gas-a-feltre-provvedera-alla-realizzazione-di-due-nuove-condotte\\\/#primaryimage\"},\"thumbnailUrl\":\"http:\\\/\\\/www.bellunopress.it\\\/wp-content\\\/uploads\\\/2009\\\/07\\\/vaccari-sindaco-feltre-leggeriss.jpg\",\"articleSection\":[\"Cronaca\\\/Politica\",\"Prima Pagina\"],\"inLanguage\":\"fr-FR\"},{\"@type\":\"WebPage\",\"@id\":\"https:\\\/\\\/www.bellunopress.it\\\/2011\\\/03\\\/25\\\/snam-rete-gas-a-feltre-provvedera-alla-realizzazione-di-due-nuove-condotte\\\/\",\"url\":\"https:\\\/\\\/www.bellunopress.it\\\/2011\\\/03\\\/25\\\/snam-rete-gas-a-feltre-provvedera-alla-realizzazione-di-due-nuove-condotte\\\/\",\"name\":\"Snam Rete gas a Feltre provveder\u00e0 alla realizzazione di due nuove condotte - Bellunopress - Dolomiti\",\"isPartOf\":{\"@id\":\"https:\\\/\\\/www.bellunopress.it\\\/#website\"},\"primaryImageOfPage\":{\"@id\":\"https:\\\/\\\/www.bellunopress.it\\\/2011\\\/03\\\/25\\\/snam-rete-gas-a-feltre-provvedera-alla-realizzazione-di-due-nuove-condotte\\\/#primaryimage\"},\"image\":{\"@id\":\"https:\\\/\\\/www.bellunopress.it\\\/2011\\\/03\\\/25\\\/snam-rete-gas-a-feltre-provvedera-alla-realizzazione-di-due-nuove-condotte\\\/#primaryimage\"},\"thumbnailUrl\":\"http:\\\/\\\/www.bellunopress.it\\\/wp-content\\\/uploads\\\/2009\\\/07\\\/vaccari-sindaco-feltre-leggeriss.jpg\",\"datePublished\":\"2011-03-25T16:31:52+00:00\",\"dateModified\":\"2011-03-25T20:34:35+00:00\",\"breadcrumb\":{\"@id\":\"https:\\\/\\\/www.bellunopress.it\\\/2011\\\/03\\\/25\\\/snam-rete-gas-a-feltre-provvedera-alla-realizzazione-di-due-nuove-condotte\\\/#breadcrumb\"},\"inLanguage\":\"fr-FR\",\"potentialAction\":[{\"@type\":\"ReadAction\",\"target\":[\"https:\\\/\\\/www.bellunopress.it\\\/2011\\\/03\\\/25\\\/snam-rete-gas-a-feltre-provvedera-alla-realizzazione-di-due-nuove-condotte\\\/\"]}]},{\"@type\":\"ImageObject\",\"inLanguage\":\"fr-FR\",\"@id\":\"https:\\\/\\\/www.bellunopress.it\\\/2011\\\/03\\\/25\\\/snam-rete-gas-a-feltre-provvedera-alla-realizzazione-di-due-nuove-condotte\\\/#primaryimage\",\"url\":\"http:\\\/\\\/www.bellunopress.it\\\/wp-content\\\/uploads\\\/2009\\\/07\\\/vaccari-sindaco-feltre-leggeriss.jpg\",\"contentUrl\":\"http:\\\/\\\/www.bellunopress.it\\\/wp-content\\\/uploads\\\/2009\\\/07\\\/vaccari-sindaco-feltre-leggeriss.jpg\"},{\"@type\":\"BreadcrumbList\",\"@id\":\"https:\\\/\\\/www.bellunopress.it\\\/2011\\\/03\\\/25\\\/snam-rete-gas-a-feltre-provvedera-alla-realizzazione-di-due-nuove-condotte\\\/#breadcrumb\",\"itemListElement\":[{\"@type\":\"ListItem\",\"position\":1,\"name\":\"Home\",\"item\":\"https:\\\/\\\/www.bellunopress.it\\\/\"},{\"@type\":\"ListItem\",\"position\":2,\"name\":\"Snam Rete gas a Feltre provveder\u00e0 alla realizzazione di due nuove condotte\"}]},{\"@type\":\"WebSite\",\"@id\":\"https:\\\/\\\/www.bellunopress.it\\\/#website\",\"url\":\"https:\\\/\\\/www.bellunopress.it\\\/\",\"name\":\"Bellunopress - Dolomiti\",\"description\":\"e-mail: redazione@bellunopress.it\",\"publisher\":{\"@id\":\"https:\\\/\\\/www.bellunopress.it\\\/#organization\"},\"potentialAction\":[{\"@type\":\"SearchAction\",\"target\":{\"@type\":\"EntryPoint\",\"urlTemplate\":\"https:\\\/\\\/www.bellunopress.it\\\/?s={search_term_string}\"},\"query-input\":{\"@type\":\"PropertyValueSpecification\",\"valueRequired\":true,\"valueName\":\"search_term_string\"}}],\"inLanguage\":\"fr-FR\"},{\"@type\":\"Organization\",\"@id\":\"https:\\\/\\\/www.bellunopress.it\\\/#organization\",\"name\":\"Bellunopress\",\"url\":\"https:\\\/\\\/www.bellunopress.it\\\/\",\"logo\":{\"@type\":\"ImageObject\",\"inLanguage\":\"fr-FR\",\"@id\":\"https:\\\/\\\/www.bellunopress.it\\\/#\\\/schema\\\/logo\\\/image\\\/\",\"url\":\"https:\\\/\\\/www.bellunopress.it\\\/wp-content\\\/uploads\\\/2011\\\/05\\\/cropped-logo-bellunopress-.jpg\",\"contentUrl\":\"https:\\\/\\\/www.bellunopress.it\\\/wp-content\\\/uploads\\\/2011\\\/05\\\/cropped-logo-bellunopress-.jpg\",\"width\":512,\"height\":512,\"caption\":\"Bellunopress\"},\"image\":{\"@id\":\"https:\\\/\\\/www.bellunopress.it\\\/#\\\/schema\\\/logo\\\/image\\\/\"},\"sameAs\":[\"https:\\\/\\\/www.facebook.com\\\/profile.php?id=100008943462799\",\"https:\\\/\\\/x.com\\\/bellunopress\",\"https:\\\/\\\/www.linkedin.com\\\/hp\\\/?dnr=JBzUWaJfMUw8vbXJJ2tVW5-I3jZKvC4wsoxE&amp;amp;amp;amp;amp;amp;trk=nav_responsive_tab_home\",\"https:\\\/\\\/www.youtube.com\\\/channel\\\/UCxL0wu1uN0_3_7hGG0306cw\"]},{\"@type\":\"Person\",\"@id\":\"https:\\\/\\\/www.bellunopress.it\\\/#\\\/schema\\\/person\\\/79bb06722b37ece1c03d3e94beb30d73\",\"name\":\"redazione\",\"image\":{\"@type\":\"ImageObject\",\"inLanguage\":\"fr-FR\",\"@id\":\"https:\\\/\\\/secure.gravatar.com\\\/avatar\\\/37d968a2e67a6fd04c169c4bdef102d0bc5d31b2546345219e348575eb80e9a0?s=96&d=mm&r=g\",\"url\":\"https:\\\/\\\/secure.gravatar.com\\\/avatar\\\/37d968a2e67a6fd04c169c4bdef102d0bc5d31b2546345219e348575eb80e9a0?s=96&d=mm&r=g\",\"contentUrl\":\"https:\\\/\\\/secure.gravatar.com\\\/avatar\\\/37d968a2e67a6fd04c169c4bdef102d0bc5d31b2546345219e348575eb80e9a0?s=96&d=mm&r=g\",\"caption\":\"redazione\"},\"sameAs\":[\"http:\\\/\\\/www.bellunopress.it\",\"https:\\\/\\\/x.com\\\/bellunopress\"],\"url\":\"https:\\\/\\\/www.bellunopress.it\\\/fr\\\/author\\\/redazione\\\/\"}]}<\/script>\n<!-- \/ Yoast SEO plugin. -->","yoast_head_json":{"title":"Snam Rete gas a Feltre provveder\u00e0 alla realizzazione di due nuove condotte - Bellunopress - Dolomiti","robots":{"index":"index","follow":"follow","max-snippet":"max-snippet:-1","max-image-preview":"max-image-preview:large","max-video-preview":"max-video-preview:-1"},"canonical":"https:\/\/www.bellunopress.it\/fr\/2011\/03\/25\/snam-rete-gas-a-feltre-provvedera-alla-realizzazione-di-due-nuove-condotte\/","og_locale":"fr_FR","og_type":"article","og_title":"Snam Rete gas a Feltre provveder\u00e0 alla realizzazione di due nuove condotte - Bellunopress - Dolomiti","og_description":"Questa mattina, l&#8217;Amministrazione di Feltre nelle persone del Sindaco Sen. Gianvittore Vaccari e dell&#8217;Assessore ai Lavori Pubblici Gianni Moretta ha avuto un incontro con SNAM Rete gas, al fine di effettuare una verifica sullo stato degli interventi previsti sulla rete gas, legati alla nuova viabilit\u00e0 prevista ad Anz\u00f9. I lavori previsti, rappresentano un impegno importante [&hellip;]","og_url":"https:\/\/www.bellunopress.it\/fr\/2011\/03\/25\/snam-rete-gas-a-feltre-provvedera-alla-realizzazione-di-due-nuove-condotte\/","og_site_name":"Bellunopress - Dolomiti","article_publisher":"https:\/\/www.facebook.com\/profile.php?id=100008943462799","article_published_time":"2011-03-25T16:31:52+00:00","article_modified_time":"2011-03-25T20:34:35+00:00","og_image":[{"url":"http:\/\/www.bellunopress.it\/wp-content\/uploads\/2009\/07\/vaccari-sindaco-feltre-leggeriss.jpg","type":"","width":"","height":""}],"author":"redazione","twitter_card":"summary_large_image","twitter_creator":"@bellunopress","twitter_site":"@bellunopress","twitter_misc":{"\u00c9crit par":"redazione","Dur\u00e9e de lecture estim\u00e9e":"1 minute"},"schema":{"@context":"https:\/\/schema.org","@graph":[{"@type":"Article","@id":"https:\/\/www.bellunopress.it\/2011\/03\/25\/snam-rete-gas-a-feltre-provvedera-alla-realizzazione-di-due-nuove-condotte\/#article","isPartOf":{"@id":"https:\/\/www.bellunopress.it\/2011\/03\/25\/snam-rete-gas-a-feltre-provvedera-alla-realizzazione-di-due-nuove-condotte\/"},"author":{"name":"redazione","@id":"https:\/\/www.bellunopress.it\/#\/schema\/person\/79bb06722b37ece1c03d3e94beb30d73"},"headline":"Snam Rete gas a Feltre provveder\u00e0 alla realizzazione di due nuove condotte","datePublished":"2011-03-25T16:31:52+00:00","dateModified":"2011-03-25T20:34:35+00:00","mainEntityOfPage":{"@id":"https:\/\/www.bellunopress.it\/2011\/03\/25\/snam-rete-gas-a-feltre-provvedera-alla-realizzazione-di-due-nuove-condotte\/"},"wordCount":201,"publisher":{"@id":"https:\/\/www.bellunopress.it\/#organization"},"image":{"@id":"https:\/\/www.bellunopress.it\/2011\/03\/25\/snam-rete-gas-a-feltre-provvedera-alla-realizzazione-di-due-nuove-condotte\/#primaryimage"},"thumbnailUrl":"http:\/\/www.bellunopress.it\/wp-content\/uploads\/2009\/07\/vaccari-sindaco-feltre-leggeriss.jpg","articleSection":["Cronaca\/Politica","Prima Pagina"],"inLanguage":"fr-FR"},{"@type":"WebPage","@id":"https:\/\/www.bellunopress.it\/2011\/03\/25\/snam-rete-gas-a-feltre-provvedera-alla-realizzazione-di-due-nuove-condotte\/","url":"https:\/\/www.bellunopress.it\/2011\/03\/25\/snam-rete-gas-a-feltre-provvedera-alla-realizzazione-di-due-nuove-condotte\/","name":"Snam Rete gas a Feltre provveder\u00e0 alla realizzazione di due nuove condotte - Bellunopress - Dolomiti","isPartOf":{"@id":"https:\/\/www.bellunopress.it\/#website"},"primaryImageOfPage":{"@id":"https:\/\/www.bellunopress.it\/2011\/03\/25\/snam-rete-gas-a-feltre-provvedera-alla-realizzazione-di-due-nuove-condotte\/#primaryimage"},"image":{"@id":"https:\/\/www.bellunopress.it\/2011\/03\/25\/snam-rete-gas-a-feltre-provvedera-alla-realizzazione-di-due-nuove-condotte\/#primaryimage"},"thumbnailUrl":"http:\/\/www.bellunopress.it\/wp-content\/uploads\/2009\/07\/vaccari-sindaco-feltre-leggeriss.jpg","datePublished":"2011-03-25T16:31:52+00:00","dateModified":"2011-03-25T20:34:35+00:00","breadcrumb":{"@id":"https:\/\/www.bellunopress.it\/2011\/03\/25\/snam-rete-gas-a-feltre-provvedera-alla-realizzazione-di-due-nuove-condotte\/#breadcrumb"},"inLanguage":"fr-FR","potentialAction":[{"@type":"ReadAction","target":["https:\/\/www.bellunopress.it\/2011\/03\/25\/snam-rete-gas-a-feltre-provvedera-alla-realizzazione-di-due-nuove-condotte\/"]}]},{"@type":"ImageObject","inLanguage":"fr-FR","@id":"https:\/\/www.bellunopress.it\/2011\/03\/25\/snam-rete-gas-a-feltre-provvedera-alla-realizzazione-di-due-nuove-condotte\/#primaryimage","url":"http:\/\/www.bellunopress.it\/wp-content\/uploads\/2009\/07\/vaccari-sindaco-feltre-leggeriss.jpg","contentUrl":"http:\/\/www.bellunopress.it\/wp-content\/uploads\/2009\/07\/vaccari-sindaco-feltre-leggeriss.jpg"},{"@type":"BreadcrumbList","@id":"https:\/\/www.bellunopress.it\/2011\/03\/25\/snam-rete-gas-a-feltre-provvedera-alla-realizzazione-di-due-nuove-condotte\/#breadcrumb","itemListElement":[{"@type":"ListItem","position":1,"name":"Home","item":"https:\/\/www.bellunopress.it\/"},{"@type":"ListItem","position":2,"name":"Snam Rete gas a Feltre provveder\u00e0 alla realizzazione di due nuove condotte"}]},{"@type":"WebSite","@id":"https:\/\/www.bellunopress.it\/#website","url":"https:\/\/www.bellunopress.it\/","name":"Bellunopress - Dolomiti","description":"e-mail: redazione@bellunopress.it","publisher":{"@id":"https:\/\/www.bellunopress.it\/#organization"},"potentialAction":[{"@type":"SearchAction","target":{"@type":"EntryPoint","urlTemplate":"https:\/\/www.bellunopress.it\/?s={search_term_string}"},"query-input":{"@type":"PropertyValueSpecification","valueRequired":true,"valueName":"search_term_string"}}],"inLanguage":"fr-FR"},{"@type":"Organization","@id":"https:\/\/www.bellunopress.it\/#organization","name":"Bellunopress","url":"https:\/\/www.bellunopress.it\/","logo":{"@type":"ImageObject","inLanguage":"fr-FR","@id":"https:\/\/www.bellunopress.it\/#\/schema\/logo\/image\/","url":"https:\/\/www.bellunopress.it\/wp-content\/uploads\/2011\/05\/cropped-logo-bellunopress-.jpg","contentUrl":"https:\/\/www.bellunopress.it\/wp-content\/uploads\/2011\/05\/cropped-logo-bellunopress-.jpg","width":512,"height":512,"caption":"Bellunopress"},"image":{"@id":"https:\/\/www.bellunopress.it\/#\/schema\/logo\/image\/"},"sameAs":["https:\/\/www.facebook.com\/profile.php?id=100008943462799","https:\/\/x.com\/bellunopress","https:\/\/www.linkedin.com\/hp\/?dnr=JBzUWaJfMUw8vbXJJ2tVW5-I3jZKvC4wsoxE&amp;amp;amp;amp;amp;amp;trk=nav_responsive_tab_home","https:\/\/www.youtube.com\/channel\/UCxL0wu1uN0_3_7hGG0306cw"]},{"@type":"Person","@id":"https:\/\/www.bellunopress.it\/#\/schema\/person\/79bb06722b37ece1c03d3e94beb30d73","name":"r\u00e9daction","image":{"@type":"ImageObject","inLanguage":"fr-FR","@id":"https:\/\/secure.gravatar.com\/avatar\/37d968a2e67a6fd04c169c4bdef102d0bc5d31b2546345219e348575eb80e9a0?s=96&d=mm&r=g","url":"https:\/\/secure.gravatar.com\/avatar\/37d968a2e67a6fd04c169c4bdef102d0bc5d31b2546345219e348575eb80e9a0?s=96&d=mm&r=g","contentUrl":"https:\/\/secure.gravatar.com\/avatar\/37d968a2e67a6fd04c169c4bdef102d0bc5d31b2546345219e348575eb80e9a0?s=96&d=mm&r=g","caption":"redazione"},"sameAs":["http:\/\/www.bellunopress.it","https:\/\/x.com\/bellunopress"],"url":"https:\/\/www.bellunopress.it\/fr\/author\/redazione\/"}]}},"_links":{"self":[{"href":"https:\/\/www.bellunopress.it\/fr\/wp-json\/wp\/v2\/posts\/25075","targetHints":{"allow":["GET"]}}],"collection":[{"href":"https:\/\/www.bellunopress.it\/fr\/wp-json\/wp\/v2\/posts"}],"about":[{"href":"https:\/\/www.bellunopress.it\/fr\/wp-json\/wp\/v2\/types\/post"}],"author":[{"embeddable":true,"href":"https:\/\/www.bellunopress.it\/fr\/wp-json\/wp\/v2\/users\/2"}],"replies":[{"embeddable":true,"href":"https:\/\/www.bellunopress.it\/fr\/wp-json\/wp\/v2\/comments?post=25075"}],"version-history":[{"count":1,"href":"https:\/\/www.bellunopress.it\/fr\/wp-json\/wp\/v2\/posts\/25075\/revisions"}],"predecessor-version":[{"id":25076,"href":"https:\/\/www.bellunopress.it\/fr\/wp-json\/wp\/v2\/posts\/25075\/revisions\/25076"}],"wp:attachment":[{"href":"https:\/\/www.bellunopress.it\/fr\/wp-json\/wp\/v2\/media?parent=25075"}],"wp:term":[{"taxonomy":"category","embeddable":true,"href":"https:\/\/www.bellunopress.it\/fr\/wp-json\/wp\/v2\/categories?post=25075"},{"taxonomy":"post_tag","embeddable":true,"href":"https:\/\/www.bellunopress.it\/fr\/wp-json\/wp\/v2\/tags?post=25075"}],"curies":[{"name":"wp","href":"https:\/\/api.w.org\/{rel}","templated":true}]}}