{"id":25058,"date":"2011-03-25T17:46:23","date_gmt":"2011-03-25T16:46:23","guid":{"rendered":"http:\/\/www.bellunopress.it\/?p=25058"},"modified":"2011-03-25T17:46:23","modified_gmt":"2011-03-25T16:46:23","slug":"cortinametraggio-premio-giulietta-capuleti-per-il-cinema-2","status":"publish","type":"post","link":"https:\/\/www.bellunopress.it\/fr\/2011\/03\/25\/cortinametraggio-premio-giulietta-capuleti-per-il-cinema-2\/","title":{"rendered":"Cortinametraggio: Premio Giulietta Capuleti per il Cinema"},"content":{"rendered":"<p>L&#8217;appuntamento \u00e8 sabato 26 marzo alle ore 21 presso l\u2019Audi Palace di Cortina. Verr\u00e0 consegnato in tale contesto il Premio Giulietta Capuleti per il Cinema, nell&#8217;ambito della manifestazione Cortinametraggio, una quattro giorni di proiezioni, incontri e workshop lungo le vie della Regina delle Dolomiti.Sponsor di Cortinametraggio 2011, Giulietta Capuleti Fragrance, inebriante incontro di essenze pregiate, che con il Premio Giulietta Capuleti per il Cinema render\u00e0 onore alla personalit\u00e0 artistica il cui percorso professionale unitamente alla sensibilit\u00e0 e alla nobilt\u00e0 d&#8217;animo hanno dato rilievo e valore ad una passione, ad un pensiero, alimentato e praticato con coraggio e tenacia, dedizione ed inequivocabilit\u00e0, caratteristiche che bene interpretano l&#8217;essenza di Giulietta Capuleti, icona immortale della forza femminea.Tra i nomi in lizza due giovani attrici che si stanno imponendo sulla scena cinematografica nazionale quali Valentina Lodovini e Isabella Ragonese.L\u2019opera-premio Giulietta Capuleti per il Cinema sar\u00e0 interpretata dall\u2019artista Sergio Sorgini, da sempre attento al concetto di destino e alla funzione della \u201cdonna nel quotidiano scorrere\u201d. L&#8217;artista, maestro della scomposizione degli elementi atta alla ricerca dell&#8217;essenza, reinterpretando<br \/>\ni motivi del logo Giulietta Capuleti Fragrance, ha creato uno schermo in bronzo sul quale \u00e8 possibile proiettare idealmente la forza e il candore dell\u2019icona che ha ispirato Giulietta Capuleti Fragrance. La donna per Sorgini, e&#8217; un essere cosmico e imponente, ha mani enormi perch\u00e9 operose e ventri grandi perch\u00e9 atti a dare la vita<\/p>\n<p><strong>Giulietta Capuleti Fragrance<\/strong><br \/>\nnasce dalla capacit\u00e0 di Mara De Guidi di materializzare creativit\u00e0 ed emozioni. Veronese di nascita, la sua strada incontra quella di Giulietta quasi per caso, ed \u00e8 cos\u00ec che inizia un lungo e ricco percorso di ricerca olfattiva che ha tutto il sapore di un cammino spirituale. Un incontro fortuito, la curiosit\u00e0 di una donna intraprendente e la volont\u00e0 di tradurre in fragranza l\u2019essenza di un\u2019icona, di una musa che ha attraversato il mondo e i secoli, e che immortale incarna ancor oggi il coraggio e la forza femminee.<br \/>\nDai testi pi\u00f9 famosi a quelli meno conosciuti attraverso le opere cinematografiche e i luoghi che riconducono alla leggenda: mesi di assiduo studio hanno portato Mara De Guidi alla scoperta di una Giulietta inedita, tanto lontana dallo stereotipo dell\u2019eroina romantica quanto pi\u00f9 vicina ad un\u2019idea di donna tenace ed inequivocabile, che ha avuto il coraggio di una decisione importante. Iniziano cos\u00ec i viaggi alla ricerca delle materie aromatiche della pi\u00f9 alta qualit\u00e0 per ritrovare le caratteristiche olfattive delle essenze dell\u2019epoca e costruire una fragranza che potesse parlare di Giulietta in un modo nuovo. Come un\u2019artista, Mara De Guidi plasma la sua opera facendo tesoro della ricchezza donatale dalle esperienze fatte durante il suo cammino. Essenze speziate e floreali, legnose e muschiate si fondono insieme in un perfetto equilibrio olfattivo. Nasce cos\u00ec un profumo unico dedicato ad un pubblico esclusivo.<\/p>","protected":false},"excerpt":{"rendered":"<p>L&#8217;appuntamento \u00e8 sabato 26 marzo alle ore 21 presso l\u2019Audi Palace di Cortina. Verr\u00e0 consegnato in tale contesto il Premio Giulietta Capuleti per il Cinema, nell&#8217;ambito della manifestazione Cortinametraggio, una quattro giorni di proiezioni, incontri e workshop lungo le vie della Regina delle Dolomiti.Sponsor di Cortinametraggio 2011, Giulietta Capuleti Fragrance, inebriante incontro di essenze pregiate, [&hellip;]<\/p>\n","protected":false},"author":2,"featured_media":0,"comment_status":"closed","ping_status":"open","sticky":false,"template":"","format":"standard","meta":{"footnotes":""},"categories":[27,25],"tags":[],"class_list":["post-25058","post","type-post","status-publish","format-standard","category-appuntamenti","category-pausa-caffe"],"yoast_head":"<!-- This site is optimized with the Yoast SEO plugin v28.4 - https:\/\/yoast.com\/product\/yoast-seo-wordpress\/ -->\n<title>Cortinametraggio: Premio Giulietta Capuleti per il Cinema - Bellunopress - Dolomiti<\/title>\n<meta name=\"robots\" content=\"index, follow, max-snippet:-1, max-image-preview:large, max-video-preview:-1\" \/>\n<link rel=\"canonical\" href=\"https:\/\/www.bellunopress.it\/fr\/2011\/03\/25\/cortinametraggio-premio-giulietta-capuleti-per-il-cinema-2\/\" \/>\n<meta property=\"og:locale\" content=\"fr_FR\" \/>\n<meta property=\"og:type\" content=\"article\" \/>\n<meta property=\"og:title\" content=\"Cortinametraggio: Premio Giulietta Capuleti per il Cinema - Bellunopress - Dolomiti\" \/>\n<meta property=\"og:description\" content=\"L&#8217;appuntamento \u00e8 sabato 26 marzo alle ore 21 presso l\u2019Audi Palace di Cortina. Verr\u00e0 consegnato in tale contesto il Premio Giulietta Capuleti per il Cinema, nell&#8217;ambito della manifestazione Cortinametraggio, una quattro giorni di proiezioni, incontri e workshop lungo le vie della Regina delle Dolomiti.Sponsor di Cortinametraggio 2011, Giulietta Capuleti Fragrance, inebriante incontro di essenze pregiate, [&hellip;]\" \/>\n<meta property=\"og:url\" content=\"https:\/\/www.bellunopress.it\/fr\/2011\/03\/25\/cortinametraggio-premio-giulietta-capuleti-per-il-cinema-2\/\" \/>\n<meta property=\"og:site_name\" content=\"Bellunopress - Dolomiti\" \/>\n<meta property=\"article:publisher\" content=\"https:\/\/www.facebook.com\/profile.php?id=100008943462799\" \/>\n<meta property=\"article:published_time\" content=\"2011-03-25T16:46:23+00:00\" \/>\n<meta property=\"og:image\" content=\"http:\/\/www.bellunopress.it\/wp-content\/uploads\/2012\/07\/logo-bellunopress-250x250-2012.jpg\" \/>\n<meta name=\"author\" content=\"redazione\" \/>\n<meta name=\"twitter:card\" content=\"summary_large_image\" \/>\n<meta name=\"twitter:creator\" content=\"@bellunopress\" \/>\n<meta name=\"twitter:site\" content=\"@bellunopress\" \/>\n<meta name=\"twitter:label1\" content=\"\u00c9crit par\" \/>\n\t<meta name=\"twitter:data1\" content=\"redazione\" \/>\n\t<meta name=\"twitter:label2\" content=\"Dur\u00e9e de lecture estim\u00e9e\" \/>\n\t<meta name=\"twitter:data2\" content=\"2 minutes\" \/>\n<script type=\"application\/ld+json\" class=\"yoast-schema-graph\">{\"@context\":\"https:\\\/\\\/schema.org\",\"@graph\":[{\"@type\":\"Article\",\"@id\":\"https:\\\/\\\/www.bellunopress.it\\\/2011\\\/03\\\/25\\\/cortinametraggio-premio-giulietta-capuleti-per-il-cinema-2\\\/#article\",\"isPartOf\":{\"@id\":\"https:\\\/\\\/www.bellunopress.it\\\/2011\\\/03\\\/25\\\/cortinametraggio-premio-giulietta-capuleti-per-il-cinema-2\\\/\"},\"author\":{\"name\":\"redazione\",\"@id\":\"https:\\\/\\\/www.bellunopress.it\\\/#\\\/schema\\\/person\\\/79bb06722b37ece1c03d3e94beb30d73\"},\"headline\":\"Cortinametraggio: Premio Giulietta Capuleti per il Cinema\",\"datePublished\":\"2011-03-25T16:46:23+00:00\",\"mainEntityOfPage\":{\"@id\":\"https:\\\/\\\/www.bellunopress.it\\\/2011\\\/03\\\/25\\\/cortinametraggio-premio-giulietta-capuleti-per-il-cinema-2\\\/\"},\"wordCount\":477,\"publisher\":{\"@id\":\"https:\\\/\\\/www.bellunopress.it\\\/#organization\"},\"articleSection\":[\"Appuntamenti, Eventi\",\"Pausa Caff\u00e8\"],\"inLanguage\":\"fr-FR\"},{\"@type\":\"WebPage\",\"@id\":\"https:\\\/\\\/www.bellunopress.it\\\/2011\\\/03\\\/25\\\/cortinametraggio-premio-giulietta-capuleti-per-il-cinema-2\\\/\",\"url\":\"https:\\\/\\\/www.bellunopress.it\\\/2011\\\/03\\\/25\\\/cortinametraggio-premio-giulietta-capuleti-per-il-cinema-2\\\/\",\"name\":\"Cortinametraggio: Premio Giulietta Capuleti per il Cinema - Bellunopress - Dolomiti\",\"isPartOf\":{\"@id\":\"https:\\\/\\\/www.bellunopress.it\\\/#website\"},\"datePublished\":\"2011-03-25T16:46:23+00:00\",\"breadcrumb\":{\"@id\":\"https:\\\/\\\/www.bellunopress.it\\\/2011\\\/03\\\/25\\\/cortinametraggio-premio-giulietta-capuleti-per-il-cinema-2\\\/#breadcrumb\"},\"inLanguage\":\"fr-FR\",\"potentialAction\":[{\"@type\":\"ReadAction\",\"target\":[\"https:\\\/\\\/www.bellunopress.it\\\/2011\\\/03\\\/25\\\/cortinametraggio-premio-giulietta-capuleti-per-il-cinema-2\\\/\"]}]},{\"@type\":\"BreadcrumbList\",\"@id\":\"https:\\\/\\\/www.bellunopress.it\\\/2011\\\/03\\\/25\\\/cortinametraggio-premio-giulietta-capuleti-per-il-cinema-2\\\/#breadcrumb\",\"itemListElement\":[{\"@type\":\"ListItem\",\"position\":1,\"name\":\"Home\",\"item\":\"https:\\\/\\\/www.bellunopress.it\\\/\"},{\"@type\":\"ListItem\",\"position\":2,\"name\":\"Cortinametraggio: Premio Giulietta Capuleti per il Cinema\"}]},{\"@type\":\"WebSite\",\"@id\":\"https:\\\/\\\/www.bellunopress.it\\\/#website\",\"url\":\"https:\\\/\\\/www.bellunopress.it\\\/\",\"name\":\"Bellunopress - Dolomiti\",\"description\":\"e-mail: redazione@bellunopress.it\",\"publisher\":{\"@id\":\"https:\\\/\\\/www.bellunopress.it\\\/#organization\"},\"potentialAction\":[{\"@type\":\"SearchAction\",\"target\":{\"@type\":\"EntryPoint\",\"urlTemplate\":\"https:\\\/\\\/www.bellunopress.it\\\/?s={search_term_string}\"},\"query-input\":{\"@type\":\"PropertyValueSpecification\",\"valueRequired\":true,\"valueName\":\"search_term_string\"}}],\"inLanguage\":\"fr-FR\"},{\"@type\":\"Organization\",\"@id\":\"https:\\\/\\\/www.bellunopress.it\\\/#organization\",\"name\":\"Bellunopress\",\"url\":\"https:\\\/\\\/www.bellunopress.it\\\/\",\"logo\":{\"@type\":\"ImageObject\",\"inLanguage\":\"fr-FR\",\"@id\":\"https:\\\/\\\/www.bellunopress.it\\\/#\\\/schema\\\/logo\\\/image\\\/\",\"url\":\"https:\\\/\\\/www.bellunopress.it\\\/wp-content\\\/uploads\\\/2011\\\/05\\\/cropped-logo-bellunopress-.jpg\",\"contentUrl\":\"https:\\\/\\\/www.bellunopress.it\\\/wp-content\\\/uploads\\\/2011\\\/05\\\/cropped-logo-bellunopress-.jpg\",\"width\":512,\"height\":512,\"caption\":\"Bellunopress\"},\"image\":{\"@id\":\"https:\\\/\\\/www.bellunopress.it\\\/#\\\/schema\\\/logo\\\/image\\\/\"},\"sameAs\":[\"https:\\\/\\\/www.facebook.com\\\/profile.php?id=100008943462799\",\"https:\\\/\\\/x.com\\\/bellunopress\",\"https:\\\/\\\/www.linkedin.com\\\/hp\\\/?dnr=JBzUWaJfMUw8vbXJJ2tVW5-I3jZKvC4wsoxE&amp;amp;amp;amp;amp;amp;trk=nav_responsive_tab_home\",\"https:\\\/\\\/www.youtube.com\\\/channel\\\/UCxL0wu1uN0_3_7hGG0306cw\"]},{\"@type\":\"Person\",\"@id\":\"https:\\\/\\\/www.bellunopress.it\\\/#\\\/schema\\\/person\\\/79bb06722b37ece1c03d3e94beb30d73\",\"name\":\"redazione\",\"image\":{\"@type\":\"ImageObject\",\"inLanguage\":\"fr-FR\",\"@id\":\"https:\\\/\\\/secure.gravatar.com\\\/avatar\\\/37d968a2e67a6fd04c169c4bdef102d0bc5d31b2546345219e348575eb80e9a0?s=96&d=mm&r=g\",\"url\":\"https:\\\/\\\/secure.gravatar.com\\\/avatar\\\/37d968a2e67a6fd04c169c4bdef102d0bc5d31b2546345219e348575eb80e9a0?s=96&d=mm&r=g\",\"contentUrl\":\"https:\\\/\\\/secure.gravatar.com\\\/avatar\\\/37d968a2e67a6fd04c169c4bdef102d0bc5d31b2546345219e348575eb80e9a0?s=96&d=mm&r=g\",\"caption\":\"redazione\"},\"sameAs\":[\"http:\\\/\\\/www.bellunopress.it\",\"https:\\\/\\\/x.com\\\/bellunopress\"],\"url\":\"https:\\\/\\\/www.bellunopress.it\\\/fr\\\/author\\\/redazione\\\/\"}]}<\/script>\n<!-- \/ Yoast SEO plugin. -->","yoast_head_json":{"title":"Cortinametraggio: Premio Giulietta Capuleti per il Cinema - Bellunopress - Dolomiti","robots":{"index":"index","follow":"follow","max-snippet":"max-snippet:-1","max-image-preview":"max-image-preview:large","max-video-preview":"max-video-preview:-1"},"canonical":"https:\/\/www.bellunopress.it\/fr\/2011\/03\/25\/cortinametraggio-premio-giulietta-capuleti-per-il-cinema-2\/","og_locale":"fr_FR","og_type":"article","og_title":"Cortinametraggio: Premio Giulietta Capuleti per il Cinema - Bellunopress - Dolomiti","og_description":"L&#8217;appuntamento \u00e8 sabato 26 marzo alle ore 21 presso l\u2019Audi Palace di Cortina. Verr\u00e0 consegnato in tale contesto il Premio Giulietta Capuleti per il Cinema, nell&#8217;ambito della manifestazione Cortinametraggio, una quattro giorni di proiezioni, incontri e workshop lungo le vie della Regina delle Dolomiti.Sponsor di Cortinametraggio 2011, Giulietta Capuleti Fragrance, inebriante incontro di essenze pregiate, [&hellip;]","og_url":"https:\/\/www.bellunopress.it\/fr\/2011\/03\/25\/cortinametraggio-premio-giulietta-capuleti-per-il-cinema-2\/","og_site_name":"Bellunopress - Dolomiti","article_publisher":"https:\/\/www.facebook.com\/profile.php?id=100008943462799","article_published_time":"2011-03-25T16:46:23+00:00","og_image":[{"url":"http:\/\/www.bellunopress.it\/wp-content\/uploads\/2012\/07\/logo-bellunopress-250x250-2012.jpg","type":"","width":"","height":""}],"author":"redazione","twitter_card":"summary_large_image","twitter_creator":"@bellunopress","twitter_site":"@bellunopress","twitter_misc":{"\u00c9crit par":"redazione","Dur\u00e9e de lecture estim\u00e9e":"2 minutes"},"schema":{"@context":"https:\/\/schema.org","@graph":[{"@type":"Article","@id":"https:\/\/www.bellunopress.it\/2011\/03\/25\/cortinametraggio-premio-giulietta-capuleti-per-il-cinema-2\/#article","isPartOf":{"@id":"https:\/\/www.bellunopress.it\/2011\/03\/25\/cortinametraggio-premio-giulietta-capuleti-per-il-cinema-2\/"},"author":{"name":"redazione","@id":"https:\/\/www.bellunopress.it\/#\/schema\/person\/79bb06722b37ece1c03d3e94beb30d73"},"headline":"Cortinametraggio: Premio Giulietta Capuleti per il Cinema","datePublished":"2011-03-25T16:46:23+00:00","mainEntityOfPage":{"@id":"https:\/\/www.bellunopress.it\/2011\/03\/25\/cortinametraggio-premio-giulietta-capuleti-per-il-cinema-2\/"},"wordCount":477,"publisher":{"@id":"https:\/\/www.bellunopress.it\/#organization"},"articleSection":["Appuntamenti, Eventi","Pausa Caff\u00e8"],"inLanguage":"fr-FR"},{"@type":"WebPage","@id":"https:\/\/www.bellunopress.it\/2011\/03\/25\/cortinametraggio-premio-giulietta-capuleti-per-il-cinema-2\/","url":"https:\/\/www.bellunopress.it\/2011\/03\/25\/cortinametraggio-premio-giulietta-capuleti-per-il-cinema-2\/","name":"Cortinametraggio: Premio Giulietta Capuleti per il Cinema - Bellunopress - Dolomiti","isPartOf":{"@id":"https:\/\/www.bellunopress.it\/#website"},"datePublished":"2011-03-25T16:46:23+00:00","breadcrumb":{"@id":"https:\/\/www.bellunopress.it\/2011\/03\/25\/cortinametraggio-premio-giulietta-capuleti-per-il-cinema-2\/#breadcrumb"},"inLanguage":"fr-FR","potentialAction":[{"@type":"ReadAction","target":["https:\/\/www.bellunopress.it\/2011\/03\/25\/cortinametraggio-premio-giulietta-capuleti-per-il-cinema-2\/"]}]},{"@type":"BreadcrumbList","@id":"https:\/\/www.bellunopress.it\/2011\/03\/25\/cortinametraggio-premio-giulietta-capuleti-per-il-cinema-2\/#breadcrumb","itemListElement":[{"@type":"ListItem","position":1,"name":"Home","item":"https:\/\/www.bellunopress.it\/"},{"@type":"ListItem","position":2,"name":"Cortinametraggio: Premio Giulietta Capuleti per il Cinema"}]},{"@type":"WebSite","@id":"https:\/\/www.bellunopress.it\/#website","url":"https:\/\/www.bellunopress.it\/","name":"Bellunopress - Dolomiti","description":"e-mail: redazione@bellunopress.it","publisher":{"@id":"https:\/\/www.bellunopress.it\/#organization"},"potentialAction":[{"@type":"SearchAction","target":{"@type":"EntryPoint","urlTemplate":"https:\/\/www.bellunopress.it\/?s={search_term_string}"},"query-input":{"@type":"PropertyValueSpecification","valueRequired":true,"valueName":"search_term_string"}}],"inLanguage":"fr-FR"},{"@type":"Organization","@id":"https:\/\/www.bellunopress.it\/#organization","name":"Bellunopress","url":"https:\/\/www.bellunopress.it\/","logo":{"@type":"ImageObject","inLanguage":"fr-FR","@id":"https:\/\/www.bellunopress.it\/#\/schema\/logo\/image\/","url":"https:\/\/www.bellunopress.it\/wp-content\/uploads\/2011\/05\/cropped-logo-bellunopress-.jpg","contentUrl":"https:\/\/www.bellunopress.it\/wp-content\/uploads\/2011\/05\/cropped-logo-bellunopress-.jpg","width":512,"height":512,"caption":"Bellunopress"},"image":{"@id":"https:\/\/www.bellunopress.it\/#\/schema\/logo\/image\/"},"sameAs":["https:\/\/www.facebook.com\/profile.php?id=100008943462799","https:\/\/x.com\/bellunopress","https:\/\/www.linkedin.com\/hp\/?dnr=JBzUWaJfMUw8vbXJJ2tVW5-I3jZKvC4wsoxE&amp;amp;amp;amp;amp;amp;trk=nav_responsive_tab_home","https:\/\/www.youtube.com\/channel\/UCxL0wu1uN0_3_7hGG0306cw"]},{"@type":"Person","@id":"https:\/\/www.bellunopress.it\/#\/schema\/person\/79bb06722b37ece1c03d3e94beb30d73","name":"r\u00e9daction","image":{"@type":"ImageObject","inLanguage":"fr-FR","@id":"https:\/\/secure.gravatar.com\/avatar\/37d968a2e67a6fd04c169c4bdef102d0bc5d31b2546345219e348575eb80e9a0?s=96&d=mm&r=g","url":"https:\/\/secure.gravatar.com\/avatar\/37d968a2e67a6fd04c169c4bdef102d0bc5d31b2546345219e348575eb80e9a0?s=96&d=mm&r=g","contentUrl":"https:\/\/secure.gravatar.com\/avatar\/37d968a2e67a6fd04c169c4bdef102d0bc5d31b2546345219e348575eb80e9a0?s=96&d=mm&r=g","caption":"redazione"},"sameAs":["http:\/\/www.bellunopress.it","https:\/\/x.com\/bellunopress"],"url":"https:\/\/www.bellunopress.it\/fr\/author\/redazione\/"}]}},"_links":{"self":[{"href":"https:\/\/www.bellunopress.it\/fr\/wp-json\/wp\/v2\/posts\/25058","targetHints":{"allow":["GET"]}}],"collection":[{"href":"https:\/\/www.bellunopress.it\/fr\/wp-json\/wp\/v2\/posts"}],"about":[{"href":"https:\/\/www.bellunopress.it\/fr\/wp-json\/wp\/v2\/types\/post"}],"author":[{"embeddable":true,"href":"https:\/\/www.bellunopress.it\/fr\/wp-json\/wp\/v2\/users\/2"}],"replies":[{"embeddable":true,"href":"https:\/\/www.bellunopress.it\/fr\/wp-json\/wp\/v2\/comments?post=25058"}],"version-history":[{"count":1,"href":"https:\/\/www.bellunopress.it\/fr\/wp-json\/wp\/v2\/posts\/25058\/revisions"}],"predecessor-version":[{"id":25059,"href":"https:\/\/www.bellunopress.it\/fr\/wp-json\/wp\/v2\/posts\/25058\/revisions\/25059"}],"wp:attachment":[{"href":"https:\/\/www.bellunopress.it\/fr\/wp-json\/wp\/v2\/media?parent=25058"}],"wp:term":[{"taxonomy":"category","embeddable":true,"href":"https:\/\/www.bellunopress.it\/fr\/wp-json\/wp\/v2\/categories?post=25058"},{"taxonomy":"post_tag","embeddable":true,"href":"https:\/\/www.bellunopress.it\/fr\/wp-json\/wp\/v2\/tags?post=25058"}],"curies":[{"name":"wp","href":"https:\/\/api.w.org\/{rel}","templated":true}]}}