{"id":2501,"date":"2009-04-09T12:51:36","date_gmt":"2009-04-09T11:51:36","guid":{"rendered":"http:\/\/www.bellunopress.it\/?p=2501"},"modified":"2009-04-09T12:51:36","modified_gmt":"2009-04-09T11:51:36","slug":"il-presidente-della-provincia-scrive-al-presidente-della-regione-in-relazione-a-una-pubblicazione-sulla-grande-guerra","status":"publish","type":"post","link":"https:\/\/www.bellunopress.it\/fr\/2009\/04\/09\/il-presidente-della-provincia-scrive-al-presidente-della-regione-in-relazione-a-una-pubblicazione-sulla-grande-guerra\/","title":{"rendered":"Il presidente della Provincia scrive al presidente della Regione in relazione a una pubblicazione sulla Grande guerra"},"content":{"rendered":"<p>Nella pubblicazione &#8220;La Grande Guerra \u2013 Storia di una terra e del suo popolo, edita dalla Regione Veneto \u2013 Assessorato delle Politiche dell&#8217;Istruzione e della Formazione, manca\u00a0 il Fronte dolomitico ed il territorio della provincia di Belluno. La circostanza \u00e8 stata segnalala all&#8217;amministrazione provinciale da storici locali e da studenti. E pertanto il presidente della Provincia Sergio Reolon ha preso carta e penna ed ha scritto al presidente della Regione Veneto Giancarlo Galan e all&#8217;assessore <a href=\"http:\/\/www.bellunopress.it\/wp-content\/uploads\/2009\/04\/sergio-reolon-90x90.jpg\"><img loading=\"lazy\" decoding=\"async\" class=\"alignleft size-medium wp-image-2437\" title=\"sergio-reolon-90x90\" src=\"http:\/\/www.bellunopress.it\/wp-content\/uploads\/2009\/04\/sergio-reolon-90x90.jpg\" alt=\"\" width=\"93\" height=\"93\" \/><\/a>Donazzan. &#8220;E come se la Grande Guerra non avesse travolto in tutte le sue tragiche conseguenze, le nostre valli alpine e le nostre popolazioni, con il sacrificio di tutti i giovani che furono allora chiamati a combattere&#8221; Scrive il presidente Reolon &#8220;Il fronte dolomitico, che dal maggio 1915 al novembre 1917, ha interessato a raggiera i confini attuali della nostra provincia, dalle cime della Croda Grande e della Marmolada al Col di Lana, Sass de Stria, Lagazuoi, Col dei Bos, Tofane, Forame- Cristallo, Monte Piana, Tre Cime \u2013 Paterno, Cima Undici e Popera, Cresta di confine del Comelico fino al Peralba- Ciadenis e tutte le testate delle nostre valli, con scontri rovinosi, viene senza alcuna ragione dimenticato. Migliaia di giovani che sono caduti in quelle battaglie, non trovano menzione nel Vostro volume. Erano per gran parte della Provincia di Belluno e delle altre province venete, gli alpini ed artiglieri che insieme a giovani provenienti da tutta Italia, per due anni e mezzo hanno combattuto sulle cime montuose di questa provincia e migliaia sono stati i caduti nelle sanguinose battaglie sul Col di Lana, Lagazuoi, Vallon Tofana e Monte Piana. Viene ignorata la tragedia degli abitanti di Livinnallongo, costretti a lasciare la loro terra ed emigrare nei territori dell&#8217;Impero o trasferiti dalle autorit\u00e0 italiana nelle Marche,\u00a0 in Toscana, Piemonte ed Abruzzi.Analogamente non trova riscontro il sacrificio del soldati di Cortina, Colle Santa Lucia e Livinnallongo, chiamati a combattere per l&#8217;impero austro ungarico sul fronte orientale, mandati a presidiare le cime del fronte dolomitico.Dopo la ritirata di Caporetto, il territorio della provincia di Belluno, \u00e8 stato l&#8217;unico tra le province del Veneto, ad essere occupato dal novembre 1917 al novembre 1918, in quello che ancor oggi viene ricordato nella lingua popolare come l&#8217;an de la fam,che ha falcidiato migliaia di vittime tra la popolazione civile.<br \/>\nNon trovano traccia nella Vostra pubblicazione, gli onori attribuiti ai reparti e ai Comuni della Provincia di Belluno, per la Grande Guerra ed i musei storici de 7 ^ Reggimento Alpini, Marmolada, del Forte Tre Sassi, di Cortina, Livinnallongo, Rifugio Bosi al Monte Piana, Auronzo, Sappada, Alano di Piave, Caorera, con i musei all&#8217;aperto della Marmolada, Sief-Col di Lana, Sass de Stria \u2013 Falzarego, Lagazuoi, Castelletto-Travenanzez, Tofane, Cristallo, Paterno, Monte Piana, Cima 11 Val\u00f2n, Popera, Croda Rossa e Cresta di Confine&#8221;. E chiude la lettera auspicando che la Regione &#8220;possa procedere alla pubblicazione di un nuovo e pi\u00f9 completo volume, in cui trovino giusto riconoscimento il sacrificio di tutti quei caduti ed il ruolo dei territori dolomitici, che costituiscono parte integrante della nostra Storia e del nostro territorio&#8221;<\/p>","protected":false},"excerpt":{"rendered":"<p>Nella pubblicazione &#8220;La Grande Guerra \u2013 Storia di una terra e del suo popolo, edita dalla Regione Veneto \u2013 Assessorato delle Politiche dell&#8217;Istruzione e della Formazione, manca\u00a0 il Fronte dolomitico ed il territorio della provincia di Belluno. La circostanza \u00e8 stata segnalala all&#8217;amministrazione provinciale da storici locali e da studenti. E pertanto il presidente della [&hellip;]<\/p>\n","protected":false},"author":2,"featured_media":0,"comment_status":"closed","ping_status":"open","sticky":false,"template":"","format":"standard","meta":{"footnotes":""},"categories":[5,26],"tags":[139,63],"class_list":["post-2501","post","type-post","status-publish","format-standard","category-cronaca","category-prima-pagina","tag-belluno","tag-dolomiti"],"yoast_head":"<!-- This site is optimized with the Yoast SEO plugin v28.4 - https:\/\/yoast.com\/product\/yoast-seo-wordpress\/ -->\n<title>Il presidente della Provincia scrive al presidente della Regione in relazione a una pubblicazione sulla Grande guerra  - Bellunopress - Dolomiti<\/title>\n<meta name=\"robots\" content=\"index, follow, max-snippet:-1, max-image-preview:large, max-video-preview:-1\" \/>\n<link rel=\"canonical\" href=\"https:\/\/www.bellunopress.it\/fr\/2009\/04\/09\/il-presidente-della-provincia-scrive-al-presidente-della-regione-in-relazione-a-una-pubblicazione-sulla-grande-guerra\/\" \/>\n<meta property=\"og:locale\" content=\"fr_FR\" \/>\n<meta property=\"og:type\" content=\"article\" \/>\n<meta property=\"og:title\" content=\"Il presidente della Provincia scrive al presidente della Regione in relazione a una pubblicazione sulla Grande guerra  - Bellunopress - Dolomiti\" \/>\n<meta property=\"og:description\" content=\"Nella pubblicazione &#8220;La Grande Guerra \u2013 Storia di una terra e del suo popolo, edita dalla Regione Veneto \u2013 Assessorato delle Politiche dell&#8217;Istruzione e della Formazione, manca\u00a0 il Fronte dolomitico ed il territorio della provincia di Belluno. La circostanza \u00e8 stata segnalala all&#8217;amministrazione provinciale da storici locali e da studenti. E pertanto il presidente della [&hellip;]\" \/>\n<meta property=\"og:url\" content=\"https:\/\/www.bellunopress.it\/fr\/2009\/04\/09\/il-presidente-della-provincia-scrive-al-presidente-della-regione-in-relazione-a-una-pubblicazione-sulla-grande-guerra\/\" \/>\n<meta property=\"og:site_name\" content=\"Bellunopress - Dolomiti\" \/>\n<meta property=\"article:publisher\" content=\"https:\/\/www.facebook.com\/profile.php?id=100008943462799\" \/>\n<meta property=\"article:published_time\" content=\"2009-04-09T11:51:36+00:00\" \/>\n<meta property=\"og:image\" content=\"http:\/\/www.bellunopress.it\/wp-content\/uploads\/2009\/04\/sergio-reolon-90x90.jpg\" \/>\n<meta name=\"author\" content=\"redazione\" \/>\n<meta name=\"twitter:card\" content=\"summary_large_image\" \/>\n<meta name=\"twitter:creator\" content=\"@bellunopress\" \/>\n<meta name=\"twitter:site\" content=\"@bellunopress\" \/>\n<meta name=\"twitter:label1\" content=\"\u00c9crit par\" \/>\n\t<meta name=\"twitter:data1\" content=\"redazione\" \/>\n\t<meta name=\"twitter:label2\" content=\"Dur\u00e9e de lecture estim\u00e9e\" \/>\n\t<meta name=\"twitter:data2\" content=\"2 minutes\" \/>\n<script type=\"application\/ld+json\" class=\"yoast-schema-graph\">{\"@context\":\"https:\\\/\\\/schema.org\",\"@graph\":[{\"@type\":\"Article\",\"@id\":\"https:\\\/\\\/www.bellunopress.it\\\/2009\\\/04\\\/09\\\/il-presidente-della-provincia-scrive-al-presidente-della-regione-in-relazione-a-una-pubblicazione-sulla-grande-guerra\\\/#article\",\"isPartOf\":{\"@id\":\"https:\\\/\\\/www.bellunopress.it\\\/2009\\\/04\\\/09\\\/il-presidente-della-provincia-scrive-al-presidente-della-regione-in-relazione-a-una-pubblicazione-sulla-grande-guerra\\\/\"},\"author\":{\"name\":\"redazione\",\"@id\":\"https:\\\/\\\/www.bellunopress.it\\\/#\\\/schema\\\/person\\\/79bb06722b37ece1c03d3e94beb30d73\"},\"headline\":\"Il presidente della Provincia scrive al presidente della Regione in relazione a una pubblicazione sulla Grande guerra\",\"datePublished\":\"2009-04-09T11:51:36+00:00\",\"mainEntityOfPage\":{\"@id\":\"https:\\\/\\\/www.bellunopress.it\\\/2009\\\/04\\\/09\\\/il-presidente-della-provincia-scrive-al-presidente-della-regione-in-relazione-a-una-pubblicazione-sulla-grande-guerra\\\/\"},\"wordCount\":522,\"publisher\":{\"@id\":\"https:\\\/\\\/www.bellunopress.it\\\/#organization\"},\"image\":{\"@id\":\"https:\\\/\\\/www.bellunopress.it\\\/2009\\\/04\\\/09\\\/il-presidente-della-provincia-scrive-al-presidente-della-regione-in-relazione-a-una-pubblicazione-sulla-grande-guerra\\\/#primaryimage\"},\"thumbnailUrl\":\"http:\\\/\\\/www.bellunopress.it\\\/wp-content\\\/uploads\\\/2009\\\/04\\\/sergio-reolon-90x90.jpg\",\"keywords\":[\"Belluno\",\"Dolomiti\"],\"articleSection\":[\"Cronaca\\\/Politica\",\"Prima Pagina\"],\"inLanguage\":\"fr-FR\"},{\"@type\":\"WebPage\",\"@id\":\"https:\\\/\\\/www.bellunopress.it\\\/2009\\\/04\\\/09\\\/il-presidente-della-provincia-scrive-al-presidente-della-regione-in-relazione-a-una-pubblicazione-sulla-grande-guerra\\\/\",\"url\":\"https:\\\/\\\/www.bellunopress.it\\\/2009\\\/04\\\/09\\\/il-presidente-della-provincia-scrive-al-presidente-della-regione-in-relazione-a-una-pubblicazione-sulla-grande-guerra\\\/\",\"name\":\"Il presidente della Provincia scrive al presidente della Regione in relazione a una pubblicazione sulla Grande guerra - Bellunopress - Dolomiti\",\"isPartOf\":{\"@id\":\"https:\\\/\\\/www.bellunopress.it\\\/#website\"},\"primaryImageOfPage\":{\"@id\":\"https:\\\/\\\/www.bellunopress.it\\\/2009\\\/04\\\/09\\\/il-presidente-della-provincia-scrive-al-presidente-della-regione-in-relazione-a-una-pubblicazione-sulla-grande-guerra\\\/#primaryimage\"},\"image\":{\"@id\":\"https:\\\/\\\/www.bellunopress.it\\\/2009\\\/04\\\/09\\\/il-presidente-della-provincia-scrive-al-presidente-della-regione-in-relazione-a-una-pubblicazione-sulla-grande-guerra\\\/#primaryimage\"},\"thumbnailUrl\":\"http:\\\/\\\/www.bellunopress.it\\\/wp-content\\\/uploads\\\/2009\\\/04\\\/sergio-reolon-90x90.jpg\",\"datePublished\":\"2009-04-09T11:51:36+00:00\",\"breadcrumb\":{\"@id\":\"https:\\\/\\\/www.bellunopress.it\\\/2009\\\/04\\\/09\\\/il-presidente-della-provincia-scrive-al-presidente-della-regione-in-relazione-a-una-pubblicazione-sulla-grande-guerra\\\/#breadcrumb\"},\"inLanguage\":\"fr-FR\",\"potentialAction\":[{\"@type\":\"ReadAction\",\"target\":[\"https:\\\/\\\/www.bellunopress.it\\\/2009\\\/04\\\/09\\\/il-presidente-della-provincia-scrive-al-presidente-della-regione-in-relazione-a-una-pubblicazione-sulla-grande-guerra\\\/\"]}]},{\"@type\":\"ImageObject\",\"inLanguage\":\"fr-FR\",\"@id\":\"https:\\\/\\\/www.bellunopress.it\\\/2009\\\/04\\\/09\\\/il-presidente-della-provincia-scrive-al-presidente-della-regione-in-relazione-a-una-pubblicazione-sulla-grande-guerra\\\/#primaryimage\",\"url\":\"http:\\\/\\\/www.bellunopress.it\\\/wp-content\\\/uploads\\\/2009\\\/04\\\/sergio-reolon-90x90.jpg\",\"contentUrl\":\"http:\\\/\\\/www.bellunopress.it\\\/wp-content\\\/uploads\\\/2009\\\/04\\\/sergio-reolon-90x90.jpg\"},{\"@type\":\"BreadcrumbList\",\"@id\":\"https:\\\/\\\/www.bellunopress.it\\\/2009\\\/04\\\/09\\\/il-presidente-della-provincia-scrive-al-presidente-della-regione-in-relazione-a-una-pubblicazione-sulla-grande-guerra\\\/#breadcrumb\",\"itemListElement\":[{\"@type\":\"ListItem\",\"position\":1,\"name\":\"Home\",\"item\":\"https:\\\/\\\/www.bellunopress.it\\\/\"},{\"@type\":\"ListItem\",\"position\":2,\"name\":\"Il presidente della Provincia scrive al presidente della Regione in relazione a una pubblicazione sulla Grande guerra\"}]},{\"@type\":\"WebSite\",\"@id\":\"https:\\\/\\\/www.bellunopress.it\\\/#website\",\"url\":\"https:\\\/\\\/www.bellunopress.it\\\/\",\"name\":\"Bellunopress - Dolomiti\",\"description\":\"e-mail: redazione@bellunopress.it\",\"publisher\":{\"@id\":\"https:\\\/\\\/www.bellunopress.it\\\/#organization\"},\"potentialAction\":[{\"@type\":\"SearchAction\",\"target\":{\"@type\":\"EntryPoint\",\"urlTemplate\":\"https:\\\/\\\/www.bellunopress.it\\\/?s={search_term_string}\"},\"query-input\":{\"@type\":\"PropertyValueSpecification\",\"valueRequired\":true,\"valueName\":\"search_term_string\"}}],\"inLanguage\":\"fr-FR\"},{\"@type\":\"Organization\",\"@id\":\"https:\\\/\\\/www.bellunopress.it\\\/#organization\",\"name\":\"Bellunopress\",\"url\":\"https:\\\/\\\/www.bellunopress.it\\\/\",\"logo\":{\"@type\":\"ImageObject\",\"inLanguage\":\"fr-FR\",\"@id\":\"https:\\\/\\\/www.bellunopress.it\\\/#\\\/schema\\\/logo\\\/image\\\/\",\"url\":\"https:\\\/\\\/www.bellunopress.it\\\/wp-content\\\/uploads\\\/2011\\\/05\\\/cropped-logo-bellunopress-.jpg\",\"contentUrl\":\"https:\\\/\\\/www.bellunopress.it\\\/wp-content\\\/uploads\\\/2011\\\/05\\\/cropped-logo-bellunopress-.jpg\",\"width\":512,\"height\":512,\"caption\":\"Bellunopress\"},\"image\":{\"@id\":\"https:\\\/\\\/www.bellunopress.it\\\/#\\\/schema\\\/logo\\\/image\\\/\"},\"sameAs\":[\"https:\\\/\\\/www.facebook.com\\\/profile.php?id=100008943462799\",\"https:\\\/\\\/x.com\\\/bellunopress\",\"https:\\\/\\\/www.linkedin.com\\\/hp\\\/?dnr=JBzUWaJfMUw8vbXJJ2tVW5-I3jZKvC4wsoxE&amp;amp;amp;amp;amp;amp;trk=nav_responsive_tab_home\",\"https:\\\/\\\/www.youtube.com\\\/channel\\\/UCxL0wu1uN0_3_7hGG0306cw\"]},{\"@type\":\"Person\",\"@id\":\"https:\\\/\\\/www.bellunopress.it\\\/#\\\/schema\\\/person\\\/79bb06722b37ece1c03d3e94beb30d73\",\"name\":\"redazione\",\"image\":{\"@type\":\"ImageObject\",\"inLanguage\":\"fr-FR\",\"@id\":\"https:\\\/\\\/secure.gravatar.com\\\/avatar\\\/37d968a2e67a6fd04c169c4bdef102d0bc5d31b2546345219e348575eb80e9a0?s=96&d=mm&r=g\",\"url\":\"https:\\\/\\\/secure.gravatar.com\\\/avatar\\\/37d968a2e67a6fd04c169c4bdef102d0bc5d31b2546345219e348575eb80e9a0?s=96&d=mm&r=g\",\"contentUrl\":\"https:\\\/\\\/secure.gravatar.com\\\/avatar\\\/37d968a2e67a6fd04c169c4bdef102d0bc5d31b2546345219e348575eb80e9a0?s=96&d=mm&r=g\",\"caption\":\"redazione\"},\"sameAs\":[\"http:\\\/\\\/www.bellunopress.it\",\"https:\\\/\\\/x.com\\\/bellunopress\"],\"url\":\"https:\\\/\\\/www.bellunopress.it\\\/fr\\\/author\\\/redazione\\\/\"}]}<\/script>\n<!-- \/ Yoast SEO plugin. -->","yoast_head_json":{"title":"Il presidente della Provincia scrive al presidente della Regione in relazione a una pubblicazione sulla Grande guerra  - Bellunopress - Dolomiti","robots":{"index":"index","follow":"follow","max-snippet":"max-snippet:-1","max-image-preview":"max-image-preview:large","max-video-preview":"max-video-preview:-1"},"canonical":"https:\/\/www.bellunopress.it\/fr\/2009\/04\/09\/il-presidente-della-provincia-scrive-al-presidente-della-regione-in-relazione-a-una-pubblicazione-sulla-grande-guerra\/","og_locale":"fr_FR","og_type":"article","og_title":"Il presidente della Provincia scrive al presidente della Regione in relazione a una pubblicazione sulla Grande guerra  - Bellunopress - Dolomiti","og_description":"Nella pubblicazione &#8220;La Grande Guerra \u2013 Storia di una terra e del suo popolo, edita dalla Regione Veneto \u2013 Assessorato delle Politiche dell&#8217;Istruzione e della Formazione, manca\u00a0 il Fronte dolomitico ed il territorio della provincia di Belluno. La circostanza \u00e8 stata segnalala all&#8217;amministrazione provinciale da storici locali e da studenti. E pertanto il presidente della [&hellip;]","og_url":"https:\/\/www.bellunopress.it\/fr\/2009\/04\/09\/il-presidente-della-provincia-scrive-al-presidente-della-regione-in-relazione-a-una-pubblicazione-sulla-grande-guerra\/","og_site_name":"Bellunopress - Dolomiti","article_publisher":"https:\/\/www.facebook.com\/profile.php?id=100008943462799","article_published_time":"2009-04-09T11:51:36+00:00","og_image":[{"url":"http:\/\/www.bellunopress.it\/wp-content\/uploads\/2009\/04\/sergio-reolon-90x90.jpg","type":"","width":"","height":""}],"author":"redazione","twitter_card":"summary_large_image","twitter_creator":"@bellunopress","twitter_site":"@bellunopress","twitter_misc":{"\u00c9crit par":"redazione","Dur\u00e9e de lecture estim\u00e9e":"2 minutes"},"schema":{"@context":"https:\/\/schema.org","@graph":[{"@type":"Article","@id":"https:\/\/www.bellunopress.it\/2009\/04\/09\/il-presidente-della-provincia-scrive-al-presidente-della-regione-in-relazione-a-una-pubblicazione-sulla-grande-guerra\/#article","isPartOf":{"@id":"https:\/\/www.bellunopress.it\/2009\/04\/09\/il-presidente-della-provincia-scrive-al-presidente-della-regione-in-relazione-a-una-pubblicazione-sulla-grande-guerra\/"},"author":{"name":"redazione","@id":"https:\/\/www.bellunopress.it\/#\/schema\/person\/79bb06722b37ece1c03d3e94beb30d73"},"headline":"Il presidente della Provincia scrive al presidente della Regione in relazione a una pubblicazione sulla Grande guerra","datePublished":"2009-04-09T11:51:36+00:00","mainEntityOfPage":{"@id":"https:\/\/www.bellunopress.it\/2009\/04\/09\/il-presidente-della-provincia-scrive-al-presidente-della-regione-in-relazione-a-una-pubblicazione-sulla-grande-guerra\/"},"wordCount":522,"publisher":{"@id":"https:\/\/www.bellunopress.it\/#organization"},"image":{"@id":"https:\/\/www.bellunopress.it\/2009\/04\/09\/il-presidente-della-provincia-scrive-al-presidente-della-regione-in-relazione-a-una-pubblicazione-sulla-grande-guerra\/#primaryimage"},"thumbnailUrl":"http:\/\/www.bellunopress.it\/wp-content\/uploads\/2009\/04\/sergio-reolon-90x90.jpg","keywords":["Belluno","Dolomiti"],"articleSection":["Cronaca\/Politica","Prima Pagina"],"inLanguage":"fr-FR"},{"@type":"WebPage","@id":"https:\/\/www.bellunopress.it\/2009\/04\/09\/il-presidente-della-provincia-scrive-al-presidente-della-regione-in-relazione-a-una-pubblicazione-sulla-grande-guerra\/","url":"https:\/\/www.bellunopress.it\/2009\/04\/09\/il-presidente-della-provincia-scrive-al-presidente-della-regione-in-relazione-a-una-pubblicazione-sulla-grande-guerra\/","name":"Il presidente della Provincia scrive al presidente della Regione in relazione a una pubblicazione sulla Grande guerra - Bellunopress - Dolomiti","isPartOf":{"@id":"https:\/\/www.bellunopress.it\/#website"},"primaryImageOfPage":{"@id":"https:\/\/www.bellunopress.it\/2009\/04\/09\/il-presidente-della-provincia-scrive-al-presidente-della-regione-in-relazione-a-una-pubblicazione-sulla-grande-guerra\/#primaryimage"},"image":{"@id":"https:\/\/www.bellunopress.it\/2009\/04\/09\/il-presidente-della-provincia-scrive-al-presidente-della-regione-in-relazione-a-una-pubblicazione-sulla-grande-guerra\/#primaryimage"},"thumbnailUrl":"http:\/\/www.bellunopress.it\/wp-content\/uploads\/2009\/04\/sergio-reolon-90x90.jpg","datePublished":"2009-04-09T11:51:36+00:00","breadcrumb":{"@id":"https:\/\/www.bellunopress.it\/2009\/04\/09\/il-presidente-della-provincia-scrive-al-presidente-della-regione-in-relazione-a-una-pubblicazione-sulla-grande-guerra\/#breadcrumb"},"inLanguage":"fr-FR","potentialAction":[{"@type":"ReadAction","target":["https:\/\/www.bellunopress.it\/2009\/04\/09\/il-presidente-della-provincia-scrive-al-presidente-della-regione-in-relazione-a-una-pubblicazione-sulla-grande-guerra\/"]}]},{"@type":"ImageObject","inLanguage":"fr-FR","@id":"https:\/\/www.bellunopress.it\/2009\/04\/09\/il-presidente-della-provincia-scrive-al-presidente-della-regione-in-relazione-a-una-pubblicazione-sulla-grande-guerra\/#primaryimage","url":"http:\/\/www.bellunopress.it\/wp-content\/uploads\/2009\/04\/sergio-reolon-90x90.jpg","contentUrl":"http:\/\/www.bellunopress.it\/wp-content\/uploads\/2009\/04\/sergio-reolon-90x90.jpg"},{"@type":"BreadcrumbList","@id":"https:\/\/www.bellunopress.it\/2009\/04\/09\/il-presidente-della-provincia-scrive-al-presidente-della-regione-in-relazione-a-una-pubblicazione-sulla-grande-guerra\/#breadcrumb","itemListElement":[{"@type":"ListItem","position":1,"name":"Home","item":"https:\/\/www.bellunopress.it\/"},{"@type":"ListItem","position":2,"name":"Il presidente della Provincia scrive al presidente della Regione in relazione a una pubblicazione sulla Grande guerra"}]},{"@type":"WebSite","@id":"https:\/\/www.bellunopress.it\/#website","url":"https:\/\/www.bellunopress.it\/","name":"Bellunopress - Dolomiti","description":"e-mail: redazione@bellunopress.it","publisher":{"@id":"https:\/\/www.bellunopress.it\/#organization"},"potentialAction":[{"@type":"SearchAction","target":{"@type":"EntryPoint","urlTemplate":"https:\/\/www.bellunopress.it\/?s={search_term_string}"},"query-input":{"@type":"PropertyValueSpecification","valueRequired":true,"valueName":"search_term_string"}}],"inLanguage":"fr-FR"},{"@type":"Organization","@id":"https:\/\/www.bellunopress.it\/#organization","name":"Bellunopress","url":"https:\/\/www.bellunopress.it\/","logo":{"@type":"ImageObject","inLanguage":"fr-FR","@id":"https:\/\/www.bellunopress.it\/#\/schema\/logo\/image\/","url":"https:\/\/www.bellunopress.it\/wp-content\/uploads\/2011\/05\/cropped-logo-bellunopress-.jpg","contentUrl":"https:\/\/www.bellunopress.it\/wp-content\/uploads\/2011\/05\/cropped-logo-bellunopress-.jpg","width":512,"height":512,"caption":"Bellunopress"},"image":{"@id":"https:\/\/www.bellunopress.it\/#\/schema\/logo\/image\/"},"sameAs":["https:\/\/www.facebook.com\/profile.php?id=100008943462799","https:\/\/x.com\/bellunopress","https:\/\/www.linkedin.com\/hp\/?dnr=JBzUWaJfMUw8vbXJJ2tVW5-I3jZKvC4wsoxE&amp;amp;amp;amp;amp;amp;trk=nav_responsive_tab_home","https:\/\/www.youtube.com\/channel\/UCxL0wu1uN0_3_7hGG0306cw"]},{"@type":"Person","@id":"https:\/\/www.bellunopress.it\/#\/schema\/person\/79bb06722b37ece1c03d3e94beb30d73","name":"r\u00e9daction","image":{"@type":"ImageObject","inLanguage":"fr-FR","@id":"https:\/\/secure.gravatar.com\/avatar\/37d968a2e67a6fd04c169c4bdef102d0bc5d31b2546345219e348575eb80e9a0?s=96&d=mm&r=g","url":"https:\/\/secure.gravatar.com\/avatar\/37d968a2e67a6fd04c169c4bdef102d0bc5d31b2546345219e348575eb80e9a0?s=96&d=mm&r=g","contentUrl":"https:\/\/secure.gravatar.com\/avatar\/37d968a2e67a6fd04c169c4bdef102d0bc5d31b2546345219e348575eb80e9a0?s=96&d=mm&r=g","caption":"redazione"},"sameAs":["http:\/\/www.bellunopress.it","https:\/\/x.com\/bellunopress"],"url":"https:\/\/www.bellunopress.it\/fr\/author\/redazione\/"}]}},"_links":{"self":[{"href":"https:\/\/www.bellunopress.it\/fr\/wp-json\/wp\/v2\/posts\/2501","targetHints":{"allow":["GET"]}}],"collection":[{"href":"https:\/\/www.bellunopress.it\/fr\/wp-json\/wp\/v2\/posts"}],"about":[{"href":"https:\/\/www.bellunopress.it\/fr\/wp-json\/wp\/v2\/types\/post"}],"author":[{"embeddable":true,"href":"https:\/\/www.bellunopress.it\/fr\/wp-json\/wp\/v2\/users\/2"}],"replies":[{"embeddable":true,"href":"https:\/\/www.bellunopress.it\/fr\/wp-json\/wp\/v2\/comments?post=2501"}],"version-history":[{"count":2,"href":"https:\/\/www.bellunopress.it\/fr\/wp-json\/wp\/v2\/posts\/2501\/revisions"}],"predecessor-version":[{"id":2503,"href":"https:\/\/www.bellunopress.it\/fr\/wp-json\/wp\/v2\/posts\/2501\/revisions\/2503"}],"wp:attachment":[{"href":"https:\/\/www.bellunopress.it\/fr\/wp-json\/wp\/v2\/media?parent=2501"}],"wp:term":[{"taxonomy":"category","embeddable":true,"href":"https:\/\/www.bellunopress.it\/fr\/wp-json\/wp\/v2\/categories?post=2501"},{"taxonomy":"post_tag","embeddable":true,"href":"https:\/\/www.bellunopress.it\/fr\/wp-json\/wp\/v2\/tags?post=2501"}],"curies":[{"name":"wp","href":"https:\/\/api.w.org\/{rel}","templated":true}]}}