{"id":2497,"date":"2009-04-08T21:59:04","date_gmt":"2009-04-08T20:59:04","guid":{"rendered":"http:\/\/www.bellunopress.it\/?p=2497"},"modified":"2009-04-08T21:59:04","modified_gmt":"2009-04-08T20:59:04","slug":"si-conclude-lo-stage-alberghiero-dei-ragazzi-brasiliani","status":"publish","type":"post","link":"https:\/\/www.bellunopress.it\/fr\/2009\/04\/08\/si-conclude-lo-stage-alberghiero-dei-ragazzi-brasiliani\/","title":{"rendered":"Si conclude lo stage alberghiero dei ragazzi brasiliani"},"content":{"rendered":"<p>\u00a0Torneranno in Brasile sabato prossimo i 12 ragazzi di origine veneta provenienti dallo stato del Rio Grande do Sul e ospiti dell\u2019associazione dei Bellunesi nel modo che hanno concluso il corso alberghiero e di ristorazione all\u2019istituto \u201cStella Maris\u201d di Feltre. E oggi (mercoled\u00ec 8) una loro rappresentanza si \u00e8 recata nella sede della Giunta regionale a Venezia per il saluto di commiato all\u2019assessore ai Flussi migratori, Oscar De Bona, e per un ringraziamento alla Regione Veneto che ha contribuito alla realizzazione dello stage.<br \/>\nI tre giovani ricevuti a Palazzo Balbi da De Bona, dal segretario generale Adriano Rasi Caldogno e dal dirigente Egidio Pistore erano accompagnati dall\u2019assessore del Comune di Belluno Maria Grazia Passuello e dalla vice direttrice di Union Camere del Veneto Valentina Montesarchio.\u00a0\u00a0Ismael Rosset, capogruppo dei brasiliani, ha raccontato che il suo avo era partito da Trichiana nel 1878 e che nessuno dei discendenti si era mai recato in Italia. \u00abMa il dialetto bellunese \u2013 ha detto &#8211; lo abbiamo sempre saputo. Arrivare qua e sentir parlare come i nostri nonni ci \u00e8 venuta la pelle d\u2019oca. Ci sentivamo tutti a casa nostra. Certo, dai racconti tramandati di generazione in generazione ora \u00e8 cambiato molto, comprese le espressioni dialettali\u00bb. Nemmeno le famiglie della \u201cveronese\u201d Mirian Cristiane da Silva Lessa (la nonna si chiamava Chiappetti) e di Raquel Zilio originaria di Montebelluna avevano mai messo piede nel nostro Paese, eppure anche a queste giovani \u00e8 stato insegnato un po\u2019 d\u2019italiano. Allo \u201cStella Maris\u201d, l\u2019istituto feltrino dell\u2019Enaip diretto da Marta Fornaro, i ragazzi brasiliani erano arrivati il 12 febbraio scorso. Qui hanno seguito i corsi pratici e teorici e hanno visitato strutture alberghiere e ristoranti del Veneto. Alla fine hanno ottenuto un attestato che servir\u00e0 per arricchire il loro curriculum professionale. In Brasile avevano gi\u00e0 conseguito diplomi in questo settore essendo tutti impegnati in attivit\u00e0 ricettive sia come operatori o in qualit\u00e0 di titolari o figli di titolari di aziende del settore. <a href=\"http:\/\/www.bellunopress.it\/wp-content\/uploads\/2009\/04\/brasiliani-290x135.jpg\"><img loading=\"lazy\" decoding=\"async\" class=\"alignleft size-medium wp-image-2498\" title=\"brasiliani-290x135\" src=\"http:\/\/www.bellunopress.it\/wp-content\/uploads\/2009\/04\/brasiliani-290x135.jpg\" alt=\"\" width=\"290\" height=\"135\" \/><\/a>\u00abCon questa nuova esperienza \u2013 hanno sottolineato Mirian Cristiane e Raquel \u2013 ci siamo molto arricchiti culturalmente ed anche emotivamente. Ed ora siamo pronti a portare qualche segreto dell\u2019ottima cucina veneta in Brasile\u00bb.<\/p>","protected":false},"excerpt":{"rendered":"<p>\u00a0Torneranno in Brasile sabato prossimo i 12 ragazzi di origine veneta provenienti dallo stato del Rio Grande do Sul e ospiti dell\u2019associazione dei Bellunesi nel modo che hanno concluso il corso alberghiero e di ristorazione all\u2019istituto \u201cStella Maris\u201d di Feltre. E oggi (mercoled\u00ec 8) una loro rappresentanza si \u00e8 recata nella sede della Giunta regionale [&hellip;]<\/p>\n","protected":false},"author":2,"featured_media":0,"comment_status":"closed","ping_status":"open","sticky":false,"template":"","format":"standard","meta":{"footnotes":""},"categories":[5,26],"tags":[139,302,2261],"class_list":["post-2497","post","type-post","status-publish","format-standard","category-cronaca","category-prima-pagina","tag-belluno","tag-feltre","tag-feltrino"],"yoast_head":"<!-- This site is optimized with the Yoast SEO plugin v28.4 - https:\/\/yoast.com\/product\/yoast-seo-wordpress\/ -->\n<title>Si conclude lo stage alberghiero dei ragazzi brasiliani  - Bellunopress - Dolomiti<\/title>\n<meta name=\"robots\" content=\"index, follow, max-snippet:-1, max-image-preview:large, max-video-preview:-1\" \/>\n<link rel=\"canonical\" href=\"https:\/\/www.bellunopress.it\/fr\/2009\/04\/08\/si-conclude-lo-stage-alberghiero-dei-ragazzi-brasiliani\/\" \/>\n<meta property=\"og:locale\" content=\"fr_FR\" \/>\n<meta property=\"og:type\" content=\"article\" \/>\n<meta property=\"og:title\" content=\"Si conclude lo stage alberghiero dei ragazzi brasiliani  - Bellunopress - Dolomiti\" \/>\n<meta property=\"og:description\" content=\"\u00a0Torneranno in Brasile sabato prossimo i 12 ragazzi di origine veneta provenienti dallo stato del Rio Grande do Sul e ospiti dell\u2019associazione dei Bellunesi nel modo che hanno concluso il corso alberghiero e di ristorazione all\u2019istituto \u201cStella Maris\u201d di Feltre. E oggi (mercoled\u00ec 8) una loro rappresentanza si \u00e8 recata nella sede della Giunta regionale [&hellip;]\" \/>\n<meta property=\"og:url\" content=\"https:\/\/www.bellunopress.it\/fr\/2009\/04\/08\/si-conclude-lo-stage-alberghiero-dei-ragazzi-brasiliani\/\" \/>\n<meta property=\"og:site_name\" content=\"Bellunopress - Dolomiti\" \/>\n<meta property=\"article:publisher\" content=\"https:\/\/www.facebook.com\/profile.php?id=100008943462799\" \/>\n<meta property=\"article:published_time\" content=\"2009-04-08T20:59:04+00:00\" \/>\n<meta property=\"og:image\" content=\"http:\/\/www.bellunopress.it\/wp-content\/uploads\/2009\/04\/brasiliani-290x135.jpg\" \/>\n<meta name=\"author\" content=\"redazione\" \/>\n<meta name=\"twitter:card\" content=\"summary_large_image\" \/>\n<meta name=\"twitter:creator\" content=\"@bellunopress\" \/>\n<meta name=\"twitter:site\" content=\"@bellunopress\" \/>\n<meta name=\"twitter:label1\" content=\"Written by\" \/>\n\t<meta name=\"twitter:data1\" content=\"redazione\" \/>\n\t<meta name=\"twitter:label2\" content=\"Est. reading time\" \/>\n\t<meta name=\"twitter:data2\" content=\"2 minutes\" \/>\n<script type=\"application\/ld+json\" class=\"yoast-schema-graph\">{\"@context\":\"https:\\\/\\\/schema.org\",\"@graph\":[{\"@type\":\"Article\",\"@id\":\"https:\\\/\\\/www.bellunopress.it\\\/2009\\\/04\\\/08\\\/si-conclude-lo-stage-alberghiero-dei-ragazzi-brasiliani\\\/#article\",\"isPartOf\":{\"@id\":\"https:\\\/\\\/www.bellunopress.it\\\/2009\\\/04\\\/08\\\/si-conclude-lo-stage-alberghiero-dei-ragazzi-brasiliani\\\/\"},\"author\":{\"name\":\"redazione\",\"@id\":\"https:\\\/\\\/www.bellunopress.it\\\/#\\\/schema\\\/person\\\/79bb06722b37ece1c03d3e94beb30d73\"},\"headline\":\"Si conclude lo stage alberghiero dei ragazzi brasiliani\",\"datePublished\":\"2009-04-08T20:59:04+00:00\",\"mainEntityOfPage\":{\"@id\":\"https:\\\/\\\/www.bellunopress.it\\\/2009\\\/04\\\/08\\\/si-conclude-lo-stage-alberghiero-dei-ragazzi-brasiliani\\\/\"},\"wordCount\":362,\"publisher\":{\"@id\":\"https:\\\/\\\/www.bellunopress.it\\\/#organization\"},\"image\":{\"@id\":\"https:\\\/\\\/www.bellunopress.it\\\/2009\\\/04\\\/08\\\/si-conclude-lo-stage-alberghiero-dei-ragazzi-brasiliani\\\/#primaryimage\"},\"thumbnailUrl\":\"http:\\\/\\\/www.bellunopress.it\\\/wp-content\\\/uploads\\\/2009\\\/04\\\/brasiliani-290x135.jpg\",\"keywords\":[\"Belluno\",\"Feltre\",\"feltrino\"],\"articleSection\":[\"Cronaca\\\/Politica\",\"Prima Pagina\"],\"inLanguage\":\"fr-FR\"},{\"@type\":\"WebPage\",\"@id\":\"https:\\\/\\\/www.bellunopress.it\\\/2009\\\/04\\\/08\\\/si-conclude-lo-stage-alberghiero-dei-ragazzi-brasiliani\\\/\",\"url\":\"https:\\\/\\\/www.bellunopress.it\\\/2009\\\/04\\\/08\\\/si-conclude-lo-stage-alberghiero-dei-ragazzi-brasiliani\\\/\",\"name\":\"Si conclude lo stage alberghiero dei ragazzi brasiliani - Bellunopress - Dolomiti\",\"isPartOf\":{\"@id\":\"https:\\\/\\\/www.bellunopress.it\\\/#website\"},\"primaryImageOfPage\":{\"@id\":\"https:\\\/\\\/www.bellunopress.it\\\/2009\\\/04\\\/08\\\/si-conclude-lo-stage-alberghiero-dei-ragazzi-brasiliani\\\/#primaryimage\"},\"image\":{\"@id\":\"https:\\\/\\\/www.bellunopress.it\\\/2009\\\/04\\\/08\\\/si-conclude-lo-stage-alberghiero-dei-ragazzi-brasiliani\\\/#primaryimage\"},\"thumbnailUrl\":\"http:\\\/\\\/www.bellunopress.it\\\/wp-content\\\/uploads\\\/2009\\\/04\\\/brasiliani-290x135.jpg\",\"datePublished\":\"2009-04-08T20:59:04+00:00\",\"breadcrumb\":{\"@id\":\"https:\\\/\\\/www.bellunopress.it\\\/2009\\\/04\\\/08\\\/si-conclude-lo-stage-alberghiero-dei-ragazzi-brasiliani\\\/#breadcrumb\"},\"inLanguage\":\"fr-FR\",\"potentialAction\":[{\"@type\":\"ReadAction\",\"target\":[\"https:\\\/\\\/www.bellunopress.it\\\/2009\\\/04\\\/08\\\/si-conclude-lo-stage-alberghiero-dei-ragazzi-brasiliani\\\/\"]}]},{\"@type\":\"ImageObject\",\"inLanguage\":\"fr-FR\",\"@id\":\"https:\\\/\\\/www.bellunopress.it\\\/2009\\\/04\\\/08\\\/si-conclude-lo-stage-alberghiero-dei-ragazzi-brasiliani\\\/#primaryimage\",\"url\":\"http:\\\/\\\/www.bellunopress.it\\\/wp-content\\\/uploads\\\/2009\\\/04\\\/brasiliani-290x135.jpg\",\"contentUrl\":\"http:\\\/\\\/www.bellunopress.it\\\/wp-content\\\/uploads\\\/2009\\\/04\\\/brasiliani-290x135.jpg\"},{\"@type\":\"BreadcrumbList\",\"@id\":\"https:\\\/\\\/www.bellunopress.it\\\/2009\\\/04\\\/08\\\/si-conclude-lo-stage-alberghiero-dei-ragazzi-brasiliani\\\/#breadcrumb\",\"itemListElement\":[{\"@type\":\"ListItem\",\"position\":1,\"name\":\"Home\",\"item\":\"https:\\\/\\\/www.bellunopress.it\\\/\"},{\"@type\":\"ListItem\",\"position\":2,\"name\":\"Si conclude lo stage alberghiero dei ragazzi brasiliani\"}]},{\"@type\":\"WebSite\",\"@id\":\"https:\\\/\\\/www.bellunopress.it\\\/#website\",\"url\":\"https:\\\/\\\/www.bellunopress.it\\\/\",\"name\":\"Bellunopress - Dolomiti\",\"description\":\"e-mail: redazione@bellunopress.it\",\"publisher\":{\"@id\":\"https:\\\/\\\/www.bellunopress.it\\\/#organization\"},\"potentialAction\":[{\"@type\":\"SearchAction\",\"target\":{\"@type\":\"EntryPoint\",\"urlTemplate\":\"https:\\\/\\\/www.bellunopress.it\\\/?s={search_term_string}\"},\"query-input\":{\"@type\":\"PropertyValueSpecification\",\"valueRequired\":true,\"valueName\":\"search_term_string\"}}],\"inLanguage\":\"fr-FR\"},{\"@type\":\"Organization\",\"@id\":\"https:\\\/\\\/www.bellunopress.it\\\/#organization\",\"name\":\"Bellunopress\",\"url\":\"https:\\\/\\\/www.bellunopress.it\\\/\",\"logo\":{\"@type\":\"ImageObject\",\"inLanguage\":\"fr-FR\",\"@id\":\"https:\\\/\\\/www.bellunopress.it\\\/#\\\/schema\\\/logo\\\/image\\\/\",\"url\":\"https:\\\/\\\/www.bellunopress.it\\\/wp-content\\\/uploads\\\/2011\\\/05\\\/cropped-logo-bellunopress-.jpg\",\"contentUrl\":\"https:\\\/\\\/www.bellunopress.it\\\/wp-content\\\/uploads\\\/2011\\\/05\\\/cropped-logo-bellunopress-.jpg\",\"width\":512,\"height\":512,\"caption\":\"Bellunopress\"},\"image\":{\"@id\":\"https:\\\/\\\/www.bellunopress.it\\\/#\\\/schema\\\/logo\\\/image\\\/\"},\"sameAs\":[\"https:\\\/\\\/www.facebook.com\\\/profile.php?id=100008943462799\",\"https:\\\/\\\/x.com\\\/bellunopress\",\"https:\\\/\\\/www.linkedin.com\\\/hp\\\/?dnr=JBzUWaJfMUw8vbXJJ2tVW5-I3jZKvC4wsoxE&amp;amp;amp;amp;amp;amp;trk=nav_responsive_tab_home\",\"https:\\\/\\\/www.youtube.com\\\/channel\\\/UCxL0wu1uN0_3_7hGG0306cw\"]},{\"@type\":\"Person\",\"@id\":\"https:\\\/\\\/www.bellunopress.it\\\/#\\\/schema\\\/person\\\/79bb06722b37ece1c03d3e94beb30d73\",\"name\":\"redazione\",\"image\":{\"@type\":\"ImageObject\",\"inLanguage\":\"fr-FR\",\"@id\":\"https:\\\/\\\/secure.gravatar.com\\\/avatar\\\/37d968a2e67a6fd04c169c4bdef102d0bc5d31b2546345219e348575eb80e9a0?s=96&d=mm&r=g\",\"url\":\"https:\\\/\\\/secure.gravatar.com\\\/avatar\\\/37d968a2e67a6fd04c169c4bdef102d0bc5d31b2546345219e348575eb80e9a0?s=96&d=mm&r=g\",\"contentUrl\":\"https:\\\/\\\/secure.gravatar.com\\\/avatar\\\/37d968a2e67a6fd04c169c4bdef102d0bc5d31b2546345219e348575eb80e9a0?s=96&d=mm&r=g\",\"caption\":\"redazione\"},\"sameAs\":[\"http:\\\/\\\/www.bellunopress.it\",\"https:\\\/\\\/x.com\\\/bellunopress\"],\"url\":\"https:\\\/\\\/www.bellunopress.it\\\/fr\\\/author\\\/redazione\\\/\"}]}<\/script>\n<!-- \/ Yoast SEO plugin. -->","yoast_head_json":{"title":"Si conclude lo stage alberghiero dei ragazzi brasiliani  - Bellunopress - Dolomiti","robots":{"index":"index","follow":"follow","max-snippet":"max-snippet:-1","max-image-preview":"max-image-preview:large","max-video-preview":"max-video-preview:-1"},"canonical":"https:\/\/www.bellunopress.it\/fr\/2009\/04\/08\/si-conclude-lo-stage-alberghiero-dei-ragazzi-brasiliani\/","og_locale":"fr_FR","og_type":"article","og_title":"Si conclude lo stage alberghiero dei ragazzi brasiliani  - Bellunopress - Dolomiti","og_description":"\u00a0Torneranno in Brasile sabato prossimo i 12 ragazzi di origine veneta provenienti dallo stato del Rio Grande do Sul e ospiti dell\u2019associazione dei Bellunesi nel modo che hanno concluso il corso alberghiero e di ristorazione all\u2019istituto \u201cStella Maris\u201d di Feltre. E oggi (mercoled\u00ec 8) una loro rappresentanza si \u00e8 recata nella sede della Giunta regionale [&hellip;]","og_url":"https:\/\/www.bellunopress.it\/fr\/2009\/04\/08\/si-conclude-lo-stage-alberghiero-dei-ragazzi-brasiliani\/","og_site_name":"Bellunopress - Dolomiti","article_publisher":"https:\/\/www.facebook.com\/profile.php?id=100008943462799","article_published_time":"2009-04-08T20:59:04+00:00","og_image":[{"url":"http:\/\/www.bellunopress.it\/wp-content\/uploads\/2009\/04\/brasiliani-290x135.jpg","type":"","width":"","height":""}],"author":"redazione","twitter_card":"summary_large_image","twitter_creator":"@bellunopress","twitter_site":"@bellunopress","twitter_misc":{"Written by":"redazione","Est. reading time":"2 minutes"},"schema":{"@context":"https:\/\/schema.org","@graph":[{"@type":"Article","@id":"https:\/\/www.bellunopress.it\/2009\/04\/08\/si-conclude-lo-stage-alberghiero-dei-ragazzi-brasiliani\/#article","isPartOf":{"@id":"https:\/\/www.bellunopress.it\/2009\/04\/08\/si-conclude-lo-stage-alberghiero-dei-ragazzi-brasiliani\/"},"author":{"name":"redazione","@id":"https:\/\/www.bellunopress.it\/#\/schema\/person\/79bb06722b37ece1c03d3e94beb30d73"},"headline":"Si conclude lo stage alberghiero dei ragazzi brasiliani","datePublished":"2009-04-08T20:59:04+00:00","mainEntityOfPage":{"@id":"https:\/\/www.bellunopress.it\/2009\/04\/08\/si-conclude-lo-stage-alberghiero-dei-ragazzi-brasiliani\/"},"wordCount":362,"publisher":{"@id":"https:\/\/www.bellunopress.it\/#organization"},"image":{"@id":"https:\/\/www.bellunopress.it\/2009\/04\/08\/si-conclude-lo-stage-alberghiero-dei-ragazzi-brasiliani\/#primaryimage"},"thumbnailUrl":"http:\/\/www.bellunopress.it\/wp-content\/uploads\/2009\/04\/brasiliani-290x135.jpg","keywords":["Belluno","Feltre","feltrino"],"articleSection":["Cronaca\/Politica","Prima Pagina"],"inLanguage":"fr-FR"},{"@type":"WebPage","@id":"https:\/\/www.bellunopress.it\/2009\/04\/08\/si-conclude-lo-stage-alberghiero-dei-ragazzi-brasiliani\/","url":"https:\/\/www.bellunopress.it\/2009\/04\/08\/si-conclude-lo-stage-alberghiero-dei-ragazzi-brasiliani\/","name":"Si conclude lo stage alberghiero dei ragazzi brasiliani - Bellunopress - Dolomiti","isPartOf":{"@id":"https:\/\/www.bellunopress.it\/#website"},"primaryImageOfPage":{"@id":"https:\/\/www.bellunopress.it\/2009\/04\/08\/si-conclude-lo-stage-alberghiero-dei-ragazzi-brasiliani\/#primaryimage"},"image":{"@id":"https:\/\/www.bellunopress.it\/2009\/04\/08\/si-conclude-lo-stage-alberghiero-dei-ragazzi-brasiliani\/#primaryimage"},"thumbnailUrl":"http:\/\/www.bellunopress.it\/wp-content\/uploads\/2009\/04\/brasiliani-290x135.jpg","datePublished":"2009-04-08T20:59:04+00:00","breadcrumb":{"@id":"https:\/\/www.bellunopress.it\/2009\/04\/08\/si-conclude-lo-stage-alberghiero-dei-ragazzi-brasiliani\/#breadcrumb"},"inLanguage":"fr-FR","potentialAction":[{"@type":"ReadAction","target":["https:\/\/www.bellunopress.it\/2009\/04\/08\/si-conclude-lo-stage-alberghiero-dei-ragazzi-brasiliani\/"]}]},{"@type":"ImageObject","inLanguage":"fr-FR","@id":"https:\/\/www.bellunopress.it\/2009\/04\/08\/si-conclude-lo-stage-alberghiero-dei-ragazzi-brasiliani\/#primaryimage","url":"http:\/\/www.bellunopress.it\/wp-content\/uploads\/2009\/04\/brasiliani-290x135.jpg","contentUrl":"http:\/\/www.bellunopress.it\/wp-content\/uploads\/2009\/04\/brasiliani-290x135.jpg"},{"@type":"BreadcrumbList","@id":"https:\/\/www.bellunopress.it\/2009\/04\/08\/si-conclude-lo-stage-alberghiero-dei-ragazzi-brasiliani\/#breadcrumb","itemListElement":[{"@type":"ListItem","position":1,"name":"Home","item":"https:\/\/www.bellunopress.it\/"},{"@type":"ListItem","position":2,"name":"Si conclude lo stage alberghiero dei ragazzi brasiliani"}]},{"@type":"WebSite","@id":"https:\/\/www.bellunopress.it\/#website","url":"https:\/\/www.bellunopress.it\/","name":"Bellunopress - Dolomiti","description":"e-mail: redazione@bellunopress.it","publisher":{"@id":"https:\/\/www.bellunopress.it\/#organization"},"potentialAction":[{"@type":"SearchAction","target":{"@type":"EntryPoint","urlTemplate":"https:\/\/www.bellunopress.it\/?s={search_term_string}"},"query-input":{"@type":"PropertyValueSpecification","valueRequired":true,"valueName":"search_term_string"}}],"inLanguage":"fr-FR"},{"@type":"Organization","@id":"https:\/\/www.bellunopress.it\/#organization","name":"Bellunopress","url":"https:\/\/www.bellunopress.it\/","logo":{"@type":"ImageObject","inLanguage":"fr-FR","@id":"https:\/\/www.bellunopress.it\/#\/schema\/logo\/image\/","url":"https:\/\/www.bellunopress.it\/wp-content\/uploads\/2011\/05\/cropped-logo-bellunopress-.jpg","contentUrl":"https:\/\/www.bellunopress.it\/wp-content\/uploads\/2011\/05\/cropped-logo-bellunopress-.jpg","width":512,"height":512,"caption":"Bellunopress"},"image":{"@id":"https:\/\/www.bellunopress.it\/#\/schema\/logo\/image\/"},"sameAs":["https:\/\/www.facebook.com\/profile.php?id=100008943462799","https:\/\/x.com\/bellunopress","https:\/\/www.linkedin.com\/hp\/?dnr=JBzUWaJfMUw8vbXJJ2tVW5-I3jZKvC4wsoxE&amp;amp;amp;amp;amp;amp;trk=nav_responsive_tab_home","https:\/\/www.youtube.com\/channel\/UCxL0wu1uN0_3_7hGG0306cw"]},{"@type":"Person","@id":"https:\/\/www.bellunopress.it\/#\/schema\/person\/79bb06722b37ece1c03d3e94beb30d73","name":"r\u00e9daction","image":{"@type":"ImageObject","inLanguage":"fr-FR","@id":"https:\/\/secure.gravatar.com\/avatar\/37d968a2e67a6fd04c169c4bdef102d0bc5d31b2546345219e348575eb80e9a0?s=96&d=mm&r=g","url":"https:\/\/secure.gravatar.com\/avatar\/37d968a2e67a6fd04c169c4bdef102d0bc5d31b2546345219e348575eb80e9a0?s=96&d=mm&r=g","contentUrl":"https:\/\/secure.gravatar.com\/avatar\/37d968a2e67a6fd04c169c4bdef102d0bc5d31b2546345219e348575eb80e9a0?s=96&d=mm&r=g","caption":"redazione"},"sameAs":["http:\/\/www.bellunopress.it","https:\/\/x.com\/bellunopress"],"url":"https:\/\/www.bellunopress.it\/fr\/author\/redazione\/"}]}},"_links":{"self":[{"href":"https:\/\/www.bellunopress.it\/fr\/wp-json\/wp\/v2\/posts\/2497","targetHints":{"allow":["GET"]}}],"collection":[{"href":"https:\/\/www.bellunopress.it\/fr\/wp-json\/wp\/v2\/posts"}],"about":[{"href":"https:\/\/www.bellunopress.it\/fr\/wp-json\/wp\/v2\/types\/post"}],"author":[{"embeddable":true,"href":"https:\/\/www.bellunopress.it\/fr\/wp-json\/wp\/v2\/users\/2"}],"replies":[{"embeddable":true,"href":"https:\/\/www.bellunopress.it\/fr\/wp-json\/wp\/v2\/comments?post=2497"}],"version-history":[{"count":1,"href":"https:\/\/www.bellunopress.it\/fr\/wp-json\/wp\/v2\/posts\/2497\/revisions"}],"predecessor-version":[{"id":2500,"href":"https:\/\/www.bellunopress.it\/fr\/wp-json\/wp\/v2\/posts\/2497\/revisions\/2500"}],"wp:attachment":[{"href":"https:\/\/www.bellunopress.it\/fr\/wp-json\/wp\/v2\/media?parent=2497"}],"wp:term":[{"taxonomy":"category","embeddable":true,"href":"https:\/\/www.bellunopress.it\/fr\/wp-json\/wp\/v2\/categories?post=2497"},{"taxonomy":"post_tag","embeddable":true,"href":"https:\/\/www.bellunopress.it\/fr\/wp-json\/wp\/v2\/tags?post=2497"}],"curies":[{"name":"wp","href":"https:\/\/api.w.org\/{rel}","templated":true}]}}