{"id":2494,"date":"2009-04-08T21:40:04","date_gmt":"2009-04-08T20:40:04","guid":{"rendered":"http:\/\/www.bellunopress.it\/?p=2494"},"modified":"2009-04-08T21:41:29","modified_gmt":"2009-04-08T20:41:29","slug":"la-provincia-promuove-un-protocollo-di-intesa-tra-enti-pubblici-sindacati-e-associazioni-di-categoria-previsto-l%e2%80%99anticipo-della-cassa-integrazione-un-fondo-di-solidarieta-per-chi-perde-il-l","status":"publish","type":"post","link":"https:\/\/www.bellunopress.it\/fr\/2009\/04\/08\/la-provincia-promuove-un-protocollo-di-intesa-tra-enti-pubblici-sindacati-e-associazioni-di-categoria-previsto-l%e2%80%99anticipo-della-cassa-integrazione-un-fondo-di-solidarieta-per-chi-perde-il-l\/","title":{"rendered":"La Provincia promuove un protocollo di intesa tra enti pubblici, sindacati e associazioni di categoria: previsto l\u2019anticipo della cassa integrazione, un fondo di solidariet\u00e0 per chi perde il lavoro e politiche di reimpiego"},"content":{"rendered":"<p>\u00abMisure straordinarie per la crisi\u00a0 economica\u00bb. Il presidente della Provincia di Belluno, Sergio Reolon, \u00e8\u00a0il promotore delle iniziative stabilite questa mattina a palazzo\u00a0Piloni per affrontare la crisi con le associazioni di categoria, i\u00a0sindacati, la Camera di Commercio e il Bim. Tre i punti qualificanti:\u00a0la Provincia di Belluno anticiper\u00e0 il trattamento di Cassa\u00a0integrazione ordinaria, dovr\u00e0 creare un Fondo straordinario di\u00a0solidariet\u00e0 per chi perde il posto di lavoro e attiva processi di\u00a0riqualificazione per il reimpiego e il reinserimento nel mondo del\u00a0lavoro. \u00abAbbiamo firmato un protocollo di intesa\u00bb, riferisce il presidente\u00a0Reolon, \u00abche stabilisce alcune azioni con lo scopo di ridurre\u00a0l&#8217;impatto della crisi sulle condizioni di vita dei lavoratori,\u00a0favorire i processi di risanamento e innovazione delle imprese e\u00a0creare le condizioni di ripresa e di rilancio l&#8217;economia\u00a0 provinciale\u00bb. I firmatari del protocollo sono: Provincia di Belluno, Camera di\u00a0Commercio, Consorzio Bim, Confindustria, Unione artigiani, Appia,\u00a0Ascom, Confederazione italiana agricoltori, Confagricoltura, Cgil,\u00a0<br \/>\nCisl e Uil. Le azioni individuate sono:\u00a0&#8211; l&#8217;anticipazione del trattamento di Cassa Integrazione\u00a0<br \/>\nGuadagni Ordinaria per il periodo oltre le otto settimane\u00a0 continuative, nonch\u00e9 del trattamento di Cassa Integrazione Guadagni in\u00a0 deroga; &#8211; la creazione di un Fondo straordinario di solidariet\u00e0\u00a0per quei lavoratori dipendenti o autonomi residenti in provincia di\u00a0 Belluno che perdono il lavoro e risultano privi di qualsiasi\u00a0<br \/>\nammortizzatore sociale e che versano in situazione di particolare\u00a0difficolt\u00e0 economica; -l&#8217;attivazione di processi di riqualificazione e di\u00a0 politiche di reimpiego previsti nelle \u201cLinee guida delle politiche del\u00a0<br \/>\nlavoro nella Regione Veneto per fronteggiare la crisi occupazionale\u201d\u00a0 citate in premessa. Anticipo CIGO e Cassa in deroga Il servizio di anticipazione del trattamento di Cassa Integrazione\u00a0Guadagni Ordinaria e della Cassa Integrazione Guadagni in deroga verr\u00e0\u00a0attivato dalla Provincia di Belluno a favore dei lavoratori delle\u00a0<br \/>\nunit\u00e0 produttive ubicate nel territorio della Provincia, al fine di\u00a0assicurare loro continuit\u00e0 di reddito in attesa dell&#8217;erogazione\u00a0 dell&#8217;indennit\u00e0 da parte dell&#8217;INPS. Si interverr\u00e0 con l&#8217;anticipazione della CIGO solo in caso di richiesta\u00a0oltre le otto settimane continuative e nel limite delle risorse di\u00a0cassa disponibili nel bilancio di esercizio corrente della Provincia\u00a0di Belluno e di altri Enti che riterranno di partecipare all&#8217;iniziativa.<br \/>\nCon specifico accordo Provincia e Organizzazioni Sindacali dei\u00a0lavoratori verranno definite le modalit\u00e0 operative per l\u2019anticipo\u00a0della CIGO e della Cassa in deroga. Fondo straordinario di solidariet\u00e0 per chi perde il lavoro Lo scopo del Fondo \u00e8 esprimere un segno di prossimit\u00e0 verso chi in\u00a0questo periodo perde il lavoro e si trova in particolare situazione di\u00a0 difficolt\u00e0 economica. Il Fondo verr\u00e0 gestito congiuntamente da tutti gli Enti Pubblici e\u00a0Privati che concorrono alla sua creazione, secondo regole da definirsi\u00a0sulla base dei principi e delle finalit\u00e0 stabiliti nel presente\u00a0 protocollo. Il Fondo potr\u00e0 essere incrementato con il contributo di\u00a0<br \/>\nprivati ed Enti che vorranno contribuire. La Provincia di Belluno, in tale quadro, si fa carico\u00a0<br \/>\ndell\u2019organizzazione e delle procedure di erogazione del fondo,\u00a0facendosi garante delle necessarie condizioni di trasparenza e\u00a0 imparzialit\u00e0. I sottoscrittori del presente concordano sulla necessit\u00e0 ed\u00a0opportunit\u00e0 di raccordare l\u2019operativit\u00e0 del Fondo con altri analoghi\u00a0strumenti attivati, come il Fondo della Caritas Diocesana, od in fase\u00a0 di attivazione da parte di altri soggetti istituzionali. Avranno diritto a ricorrere al Fondo le persone residenti che, avendo\u00a0perso il proprio lavoro (per chiusura dell&#8217;azienda, termine del\u00a0<br \/>\ncontratto a tempo determinato o di collaborazione, ecc.) o cessato la\u00a0propria attivit\u00e0 di lavoro autonomo in ragione della crisi, non godono\u00a0di ammortizzatori sociali, di altre provvidenze o di un aiuto da parte\u00a0<br \/>\ndei familiari. Le modalit\u00e0 operative di gestione del Fondo verranno definite in un\u00a0 apposito regolamento che verr\u00e0 concordato fra i Soggetti firmatari del\u00a0 presente Protocollo. Processi di riqualificazione e politiche di reimpiego I Soggetti si impegnano a mettere in campo ogni iniziativa utile\u00a0affinch\u00e9 la Regione Veneto dia attuazione a quanto contenuto nelle\u00a0 \u201cLinee guida delle politiche del lavoro nella Regione Veneto per\u00a0<br \/>\nfronteggiare la crisi occupazionale\u201d in particolare per quanto\u00a0riguarda l&#8217;obiettivo di definizione di un piano di politiche attive\u00a0 del lavoro. <a href=\"http:\/\/www.bellunopress.it\/wp-content\/uploads\/2009\/03\/palazzo-piloni-sede-provincia.jpg\"><img loading=\"lazy\" decoding=\"async\" class=\"alignleft size-medium wp-image-1866\" title=\"palazzo-piloni-sede-provincia\" src=\"http:\/\/www.bellunopress.it\/wp-content\/uploads\/2009\/03\/palazzo-piloni-sede-provincia.jpg\" alt=\"\" width=\"270\" height=\"180\" \/><\/a><\/p>","protected":false},"excerpt":{"rendered":"<p>\u00abMisure straordinarie per la crisi\u00a0 economica\u00bb. Il presidente della Provincia di Belluno, Sergio Reolon, \u00e8\u00a0il promotore delle iniziative stabilite questa mattina a palazzo\u00a0Piloni per affrontare la crisi con le associazioni di categoria, i\u00a0sindacati, la Camera di Commercio e il Bim. Tre i punti qualificanti:\u00a0la Provincia di Belluno anticiper\u00e0 il trattamento di Cassa\u00a0integrazione ordinaria, dovr\u00e0 creare [&hellip;]<\/p>\n","protected":false},"author":2,"featured_media":0,"comment_status":"closed","ping_status":"open","sticky":false,"template":"","format":"standard","meta":{"footnotes":""},"categories":[5,26],"tags":[139],"class_list":["post-2494","post","type-post","status-publish","format-standard","category-cronaca","category-prima-pagina","tag-belluno"],"yoast_head":"<!-- This site is optimized with the Yoast SEO plugin v28.4 - https:\/\/yoast.com\/product\/yoast-seo-wordpress\/ -->\n<title>La Provincia promuove un protocollo di intesa tra enti pubblici, sindacati e associazioni di categoria: previsto l\u2019anticipo della cassa integrazione, un fondo di solidariet\u00e0 per chi perde il lavoro e politiche di reimpiego - Bellunopress - Dolomiti<\/title>\n<meta name=\"robots\" content=\"index, follow, max-snippet:-1, max-image-preview:large, max-video-preview:-1\" \/>\n<link rel=\"canonical\" href=\"https:\/\/www.bellunopress.it\/fr\/2009\/04\/08\/la-provincia-promuove-un-protocollo-di-intesa-tra-enti-pubblici-sindacati-e-associazioni-di-categoria-previsto-l\u2019anticipo-della-cassa-integrazione-un-fondo-di-solidarieta-per-chi-perde-il-l\/\" \/>\n<meta property=\"og:locale\" content=\"fr_FR\" \/>\n<meta property=\"og:type\" content=\"article\" \/>\n<meta property=\"og:title\" content=\"La Provincia promuove un protocollo di intesa tra enti pubblici, sindacati e associazioni di categoria: previsto l\u2019anticipo della cassa integrazione, un fondo di solidariet\u00e0 per chi perde il lavoro e politiche di reimpiego - Bellunopress - Dolomiti\" \/>\n<meta property=\"og:description\" content=\"\u00abMisure straordinarie per la crisi\u00a0 economica\u00bb. Il presidente della Provincia di Belluno, Sergio Reolon, \u00e8\u00a0il promotore delle iniziative stabilite questa mattina a palazzo\u00a0Piloni per affrontare la crisi con le associazioni di categoria, i\u00a0sindacati, la Camera di Commercio e il Bim. Tre i punti qualificanti:\u00a0la Provincia di Belluno anticiper\u00e0 il trattamento di Cassa\u00a0integrazione ordinaria, dovr\u00e0 creare [&hellip;]\" \/>\n<meta property=\"og:url\" content=\"https:\/\/www.bellunopress.it\/fr\/2009\/04\/08\/la-provincia-promuove-un-protocollo-di-intesa-tra-enti-pubblici-sindacati-e-associazioni-di-categoria-previsto-l\u2019anticipo-della-cassa-integrazione-un-fondo-di-solidarieta-per-chi-perde-il-l\/\" \/>\n<meta property=\"og:site_name\" content=\"Bellunopress - Dolomiti\" \/>\n<meta property=\"article:publisher\" content=\"https:\/\/www.facebook.com\/profile.php?id=100008943462799\" \/>\n<meta property=\"article:published_time\" content=\"2009-04-08T20:40:04+00:00\" \/>\n<meta property=\"article:modified_time\" content=\"2009-04-08T20:41:29+00:00\" \/>\n<meta property=\"og:image\" content=\"http:\/\/www.bellunopress.it\/wp-content\/uploads\/2009\/03\/palazzo-piloni-sede-provincia.jpg\" \/>\n<meta name=\"author\" content=\"redazione\" \/>\n<meta name=\"twitter:card\" content=\"summary_large_image\" \/>\n<meta name=\"twitter:creator\" content=\"@bellunopress\" \/>\n<meta name=\"twitter:site\" content=\"@bellunopress\" \/>\n<meta name=\"twitter:label1\" content=\"Written by\" \/>\n\t<meta name=\"twitter:data1\" content=\"redazione\" \/>\n\t<meta name=\"twitter:label2\" content=\"Est. reading time\" \/>\n\t<meta name=\"twitter:data2\" content=\"3 minutes\" \/>\n<script type=\"application\/ld+json\" class=\"yoast-schema-graph\">{\"@context\":\"https:\\\/\\\/schema.org\",\"@graph\":[{\"@type\":\"Article\",\"@id\":\"https:\\\/\\\/www.bellunopress.it\\\/2009\\\/04\\\/08\\\/la-provincia-promuove-un-protocollo-di-intesa-tra-enti-pubblici-sindacati-e-associazioni-di-categoria-previsto-l%e2%80%99anticipo-della-cassa-integrazione-un-fondo-di-solidarieta-per-chi-perde-il-l\\\/#article\",\"isPartOf\":{\"@id\":\"https:\\\/\\\/www.bellunopress.it\\\/2009\\\/04\\\/08\\\/la-provincia-promuove-un-protocollo-di-intesa-tra-enti-pubblici-sindacati-e-associazioni-di-categoria-previsto-l%e2%80%99anticipo-della-cassa-integrazione-un-fondo-di-solidarieta-per-chi-perde-il-l\\\/\"},\"author\":{\"name\":\"redazione\",\"@id\":\"https:\\\/\\\/www.bellunopress.it\\\/#\\\/schema\\\/person\\\/79bb06722b37ece1c03d3e94beb30d73\"},\"headline\":\"La Provincia promuove un protocollo di intesa tra enti pubblici, sindacati e associazioni di categoria: previsto l\u2019anticipo della cassa integrazione, un fondo di solidariet\u00e0 per chi perde il lavoro e politiche di reimpiego\",\"datePublished\":\"2009-04-08T20:40:04+00:00\",\"dateModified\":\"2009-04-08T20:41:29+00:00\",\"mainEntityOfPage\":{\"@id\":\"https:\\\/\\\/www.bellunopress.it\\\/2009\\\/04\\\/08\\\/la-provincia-promuove-un-protocollo-di-intesa-tra-enti-pubblici-sindacati-e-associazioni-di-categoria-previsto-l%e2%80%99anticipo-della-cassa-integrazione-un-fondo-di-solidarieta-per-chi-perde-il-l\\\/\"},\"wordCount\":711,\"publisher\":{\"@id\":\"https:\\\/\\\/www.bellunopress.it\\\/#organization\"},\"image\":{\"@id\":\"https:\\\/\\\/www.bellunopress.it\\\/2009\\\/04\\\/08\\\/la-provincia-promuove-un-protocollo-di-intesa-tra-enti-pubblici-sindacati-e-associazioni-di-categoria-previsto-l%e2%80%99anticipo-della-cassa-integrazione-un-fondo-di-solidarieta-per-chi-perde-il-l\\\/#primaryimage\"},\"thumbnailUrl\":\"http:\\\/\\\/www.bellunopress.it\\\/wp-content\\\/uploads\\\/2009\\\/03\\\/palazzo-piloni-sede-provincia.jpg\",\"keywords\":[\"Belluno\"],\"articleSection\":[\"Cronaca\\\/Politica\",\"Prima Pagina\"],\"inLanguage\":\"fr-FR\"},{\"@type\":\"WebPage\",\"@id\":\"https:\\\/\\\/www.bellunopress.it\\\/2009\\\/04\\\/08\\\/la-provincia-promuove-un-protocollo-di-intesa-tra-enti-pubblici-sindacati-e-associazioni-di-categoria-previsto-l%e2%80%99anticipo-della-cassa-integrazione-un-fondo-di-solidarieta-per-chi-perde-il-l\\\/\",\"url\":\"https:\\\/\\\/www.bellunopress.it\\\/2009\\\/04\\\/08\\\/la-provincia-promuove-un-protocollo-di-intesa-tra-enti-pubblici-sindacati-e-associazioni-di-categoria-previsto-l%e2%80%99anticipo-della-cassa-integrazione-un-fondo-di-solidarieta-per-chi-perde-il-l\\\/\",\"name\":\"La Provincia promuove un protocollo di intesa tra enti pubblici, sindacati e associazioni di categoria: previsto l\u2019anticipo della cassa integrazione, un fondo di solidariet\u00e0 per chi perde il lavoro e politiche di reimpiego - Bellunopress - Dolomiti\",\"isPartOf\":{\"@id\":\"https:\\\/\\\/www.bellunopress.it\\\/#website\"},\"primaryImageOfPage\":{\"@id\":\"https:\\\/\\\/www.bellunopress.it\\\/2009\\\/04\\\/08\\\/la-provincia-promuove-un-protocollo-di-intesa-tra-enti-pubblici-sindacati-e-associazioni-di-categoria-previsto-l%e2%80%99anticipo-della-cassa-integrazione-un-fondo-di-solidarieta-per-chi-perde-il-l\\\/#primaryimage\"},\"image\":{\"@id\":\"https:\\\/\\\/www.bellunopress.it\\\/2009\\\/04\\\/08\\\/la-provincia-promuove-un-protocollo-di-intesa-tra-enti-pubblici-sindacati-e-associazioni-di-categoria-previsto-l%e2%80%99anticipo-della-cassa-integrazione-un-fondo-di-solidarieta-per-chi-perde-il-l\\\/#primaryimage\"},\"thumbnailUrl\":\"http:\\\/\\\/www.bellunopress.it\\\/wp-content\\\/uploads\\\/2009\\\/03\\\/palazzo-piloni-sede-provincia.jpg\",\"datePublished\":\"2009-04-08T20:40:04+00:00\",\"dateModified\":\"2009-04-08T20:41:29+00:00\",\"breadcrumb\":{\"@id\":\"https:\\\/\\\/www.bellunopress.it\\\/2009\\\/04\\\/08\\\/la-provincia-promuove-un-protocollo-di-intesa-tra-enti-pubblici-sindacati-e-associazioni-di-categoria-previsto-l%e2%80%99anticipo-della-cassa-integrazione-un-fondo-di-solidarieta-per-chi-perde-il-l\\\/#breadcrumb\"},\"inLanguage\":\"fr-FR\",\"potentialAction\":[{\"@type\":\"ReadAction\",\"target\":[\"https:\\\/\\\/www.bellunopress.it\\\/2009\\\/04\\\/08\\\/la-provincia-promuove-un-protocollo-di-intesa-tra-enti-pubblici-sindacati-e-associazioni-di-categoria-previsto-l%e2%80%99anticipo-della-cassa-integrazione-un-fondo-di-solidarieta-per-chi-perde-il-l\\\/\"]}]},{\"@type\":\"ImageObject\",\"inLanguage\":\"fr-FR\",\"@id\":\"https:\\\/\\\/www.bellunopress.it\\\/2009\\\/04\\\/08\\\/la-provincia-promuove-un-protocollo-di-intesa-tra-enti-pubblici-sindacati-e-associazioni-di-categoria-previsto-l%e2%80%99anticipo-della-cassa-integrazione-un-fondo-di-solidarieta-per-chi-perde-il-l\\\/#primaryimage\",\"url\":\"http:\\\/\\\/www.bellunopress.it\\\/wp-content\\\/uploads\\\/2009\\\/03\\\/palazzo-piloni-sede-provincia.jpg\",\"contentUrl\":\"http:\\\/\\\/www.bellunopress.it\\\/wp-content\\\/uploads\\\/2009\\\/03\\\/palazzo-piloni-sede-provincia.jpg\"},{\"@type\":\"BreadcrumbList\",\"@id\":\"https:\\\/\\\/www.bellunopress.it\\\/2009\\\/04\\\/08\\\/la-provincia-promuove-un-protocollo-di-intesa-tra-enti-pubblici-sindacati-e-associazioni-di-categoria-previsto-l%e2%80%99anticipo-della-cassa-integrazione-un-fondo-di-solidarieta-per-chi-perde-il-l\\\/#breadcrumb\",\"itemListElement\":[{\"@type\":\"ListItem\",\"position\":1,\"name\":\"Home\",\"item\":\"https:\\\/\\\/www.bellunopress.it\\\/\"},{\"@type\":\"ListItem\",\"position\":2,\"name\":\"La Provincia promuove un protocollo di intesa tra enti pubblici, sindacati e associazioni di categoria: previsto l\u2019anticipo della cassa integrazione, un fondo di solidariet\u00e0 per chi perde il lavoro e politiche di reimpiego\"}]},{\"@type\":\"WebSite\",\"@id\":\"https:\\\/\\\/www.bellunopress.it\\\/#website\",\"url\":\"https:\\\/\\\/www.bellunopress.it\\\/\",\"name\":\"Bellunopress - Dolomiti\",\"description\":\"e-mail: redazione@bellunopress.it\",\"publisher\":{\"@id\":\"https:\\\/\\\/www.bellunopress.it\\\/#organization\"},\"potentialAction\":[{\"@type\":\"SearchAction\",\"target\":{\"@type\":\"EntryPoint\",\"urlTemplate\":\"https:\\\/\\\/www.bellunopress.it\\\/?s={search_term_string}\"},\"query-input\":{\"@type\":\"PropertyValueSpecification\",\"valueRequired\":true,\"valueName\":\"search_term_string\"}}],\"inLanguage\":\"fr-FR\"},{\"@type\":\"Organization\",\"@id\":\"https:\\\/\\\/www.bellunopress.it\\\/#organization\",\"name\":\"Bellunopress\",\"url\":\"https:\\\/\\\/www.bellunopress.it\\\/\",\"logo\":{\"@type\":\"ImageObject\",\"inLanguage\":\"fr-FR\",\"@id\":\"https:\\\/\\\/www.bellunopress.it\\\/#\\\/schema\\\/logo\\\/image\\\/\",\"url\":\"https:\\\/\\\/www.bellunopress.it\\\/wp-content\\\/uploads\\\/2011\\\/05\\\/cropped-logo-bellunopress-.jpg\",\"contentUrl\":\"https:\\\/\\\/www.bellunopress.it\\\/wp-content\\\/uploads\\\/2011\\\/05\\\/cropped-logo-bellunopress-.jpg\",\"width\":512,\"height\":512,\"caption\":\"Bellunopress\"},\"image\":{\"@id\":\"https:\\\/\\\/www.bellunopress.it\\\/#\\\/schema\\\/logo\\\/image\\\/\"},\"sameAs\":[\"https:\\\/\\\/www.facebook.com\\\/profile.php?id=100008943462799\",\"https:\\\/\\\/x.com\\\/bellunopress\",\"https:\\\/\\\/www.linkedin.com\\\/hp\\\/?dnr=JBzUWaJfMUw8vbXJJ2tVW5-I3jZKvC4wsoxE&amp;amp;amp;amp;amp;amp;trk=nav_responsive_tab_home\",\"https:\\\/\\\/www.youtube.com\\\/channel\\\/UCxL0wu1uN0_3_7hGG0306cw\"]},{\"@type\":\"Person\",\"@id\":\"https:\\\/\\\/www.bellunopress.it\\\/#\\\/schema\\\/person\\\/79bb06722b37ece1c03d3e94beb30d73\",\"name\":\"redazione\",\"image\":{\"@type\":\"ImageObject\",\"inLanguage\":\"fr-FR\",\"@id\":\"https:\\\/\\\/secure.gravatar.com\\\/avatar\\\/37d968a2e67a6fd04c169c4bdef102d0bc5d31b2546345219e348575eb80e9a0?s=96&d=mm&r=g\",\"url\":\"https:\\\/\\\/secure.gravatar.com\\\/avatar\\\/37d968a2e67a6fd04c169c4bdef102d0bc5d31b2546345219e348575eb80e9a0?s=96&d=mm&r=g\",\"contentUrl\":\"https:\\\/\\\/secure.gravatar.com\\\/avatar\\\/37d968a2e67a6fd04c169c4bdef102d0bc5d31b2546345219e348575eb80e9a0?s=96&d=mm&r=g\",\"caption\":\"redazione\"},\"sameAs\":[\"http:\\\/\\\/www.bellunopress.it\",\"https:\\\/\\\/x.com\\\/bellunopress\"],\"url\":\"https:\\\/\\\/www.bellunopress.it\\\/fr\\\/author\\\/redazione\\\/\"}]}<\/script>\n<!-- \/ Yoast SEO plugin. -->","yoast_head_json":{"title":"La Provincia promuove un protocollo di intesa tra enti pubblici, sindacati e associazioni di categoria: previsto l\u2019anticipo della cassa integrazione, un fondo di solidariet\u00e0 per chi perde il lavoro e politiche di reimpiego - Bellunopress - Dolomiti","robots":{"index":"index","follow":"follow","max-snippet":"max-snippet:-1","max-image-preview":"max-image-preview:large","max-video-preview":"max-video-preview:-1"},"canonical":"https:\/\/www.bellunopress.it\/fr\/2009\/04\/08\/la-provincia-promuove-un-protocollo-di-intesa-tra-enti-pubblici-sindacati-e-associazioni-di-categoria-previsto-l\u2019anticipo-della-cassa-integrazione-un-fondo-di-solidarieta-per-chi-perde-il-l\/","og_locale":"fr_FR","og_type":"article","og_title":"La Provincia promuove un protocollo di intesa tra enti pubblici, sindacati e associazioni di categoria: previsto l\u2019anticipo della cassa integrazione, un fondo di solidariet\u00e0 per chi perde il lavoro e politiche di reimpiego - Bellunopress - Dolomiti","og_description":"\u00abMisure straordinarie per la crisi\u00a0 economica\u00bb. Il presidente della Provincia di Belluno, Sergio Reolon, \u00e8\u00a0il promotore delle iniziative stabilite questa mattina a palazzo\u00a0Piloni per affrontare la crisi con le associazioni di categoria, i\u00a0sindacati, la Camera di Commercio e il Bim. Tre i punti qualificanti:\u00a0la Provincia di Belluno anticiper\u00e0 il trattamento di Cassa\u00a0integrazione ordinaria, dovr\u00e0 creare [&hellip;]","og_url":"https:\/\/www.bellunopress.it\/fr\/2009\/04\/08\/la-provincia-promuove-un-protocollo-di-intesa-tra-enti-pubblici-sindacati-e-associazioni-di-categoria-previsto-l\u2019anticipo-della-cassa-integrazione-un-fondo-di-solidarieta-per-chi-perde-il-l\/","og_site_name":"Bellunopress - Dolomiti","article_publisher":"https:\/\/www.facebook.com\/profile.php?id=100008943462799","article_published_time":"2009-04-08T20:40:04+00:00","article_modified_time":"2009-04-08T20:41:29+00:00","og_image":[{"url":"http:\/\/www.bellunopress.it\/wp-content\/uploads\/2009\/03\/palazzo-piloni-sede-provincia.jpg","type":"","width":"","height":""}],"author":"redazione","twitter_card":"summary_large_image","twitter_creator":"@bellunopress","twitter_site":"@bellunopress","twitter_misc":{"Written by":"redazione","Est. reading time":"3 minutes"},"schema":{"@context":"https:\/\/schema.org","@graph":[{"@type":"Article","@id":"https:\/\/www.bellunopress.it\/2009\/04\/08\/la-provincia-promuove-un-protocollo-di-intesa-tra-enti-pubblici-sindacati-e-associazioni-di-categoria-previsto-l%e2%80%99anticipo-della-cassa-integrazione-un-fondo-di-solidarieta-per-chi-perde-il-l\/#article","isPartOf":{"@id":"https:\/\/www.bellunopress.it\/2009\/04\/08\/la-provincia-promuove-un-protocollo-di-intesa-tra-enti-pubblici-sindacati-e-associazioni-di-categoria-previsto-l%e2%80%99anticipo-della-cassa-integrazione-un-fondo-di-solidarieta-per-chi-perde-il-l\/"},"author":{"name":"redazione","@id":"https:\/\/www.bellunopress.it\/#\/schema\/person\/79bb06722b37ece1c03d3e94beb30d73"},"headline":"La Provincia promuove un protocollo di intesa tra enti pubblici, sindacati e associazioni di categoria: previsto l\u2019anticipo della cassa integrazione, un fondo di solidariet\u00e0 per chi perde il lavoro e politiche di reimpiego","datePublished":"2009-04-08T20:40:04+00:00","dateModified":"2009-04-08T20:41:29+00:00","mainEntityOfPage":{"@id":"https:\/\/www.bellunopress.it\/2009\/04\/08\/la-provincia-promuove-un-protocollo-di-intesa-tra-enti-pubblici-sindacati-e-associazioni-di-categoria-previsto-l%e2%80%99anticipo-della-cassa-integrazione-un-fondo-di-solidarieta-per-chi-perde-il-l\/"},"wordCount":711,"publisher":{"@id":"https:\/\/www.bellunopress.it\/#organization"},"image":{"@id":"https:\/\/www.bellunopress.it\/2009\/04\/08\/la-provincia-promuove-un-protocollo-di-intesa-tra-enti-pubblici-sindacati-e-associazioni-di-categoria-previsto-l%e2%80%99anticipo-della-cassa-integrazione-un-fondo-di-solidarieta-per-chi-perde-il-l\/#primaryimage"},"thumbnailUrl":"http:\/\/www.bellunopress.it\/wp-content\/uploads\/2009\/03\/palazzo-piloni-sede-provincia.jpg","keywords":["Belluno"],"articleSection":["Cronaca\/Politica","Prima Pagina"],"inLanguage":"fr-FR"},{"@type":"WebPage","@id":"https:\/\/www.bellunopress.it\/2009\/04\/08\/la-provincia-promuove-un-protocollo-di-intesa-tra-enti-pubblici-sindacati-e-associazioni-di-categoria-previsto-l%e2%80%99anticipo-della-cassa-integrazione-un-fondo-di-solidarieta-per-chi-perde-il-l\/","url":"https:\/\/www.bellunopress.it\/2009\/04\/08\/la-provincia-promuove-un-protocollo-di-intesa-tra-enti-pubblici-sindacati-e-associazioni-di-categoria-previsto-l%e2%80%99anticipo-della-cassa-integrazione-un-fondo-di-solidarieta-per-chi-perde-il-l\/","name":"La Provincia promuove un protocollo di intesa tra enti pubblici, sindacati e associazioni di categoria: previsto l\u2019anticipo della cassa integrazione, un fondo di solidariet\u00e0 per chi perde il lavoro e politiche di reimpiego - Bellunopress - Dolomiti","isPartOf":{"@id":"https:\/\/www.bellunopress.it\/#website"},"primaryImageOfPage":{"@id":"https:\/\/www.bellunopress.it\/2009\/04\/08\/la-provincia-promuove-un-protocollo-di-intesa-tra-enti-pubblici-sindacati-e-associazioni-di-categoria-previsto-l%e2%80%99anticipo-della-cassa-integrazione-un-fondo-di-solidarieta-per-chi-perde-il-l\/#primaryimage"},"image":{"@id":"https:\/\/www.bellunopress.it\/2009\/04\/08\/la-provincia-promuove-un-protocollo-di-intesa-tra-enti-pubblici-sindacati-e-associazioni-di-categoria-previsto-l%e2%80%99anticipo-della-cassa-integrazione-un-fondo-di-solidarieta-per-chi-perde-il-l\/#primaryimage"},"thumbnailUrl":"http:\/\/www.bellunopress.it\/wp-content\/uploads\/2009\/03\/palazzo-piloni-sede-provincia.jpg","datePublished":"2009-04-08T20:40:04+00:00","dateModified":"2009-04-08T20:41:29+00:00","breadcrumb":{"@id":"https:\/\/www.bellunopress.it\/2009\/04\/08\/la-provincia-promuove-un-protocollo-di-intesa-tra-enti-pubblici-sindacati-e-associazioni-di-categoria-previsto-l%e2%80%99anticipo-della-cassa-integrazione-un-fondo-di-solidarieta-per-chi-perde-il-l\/#breadcrumb"},"inLanguage":"fr-FR","potentialAction":[{"@type":"ReadAction","target":["https:\/\/www.bellunopress.it\/2009\/04\/08\/la-provincia-promuove-un-protocollo-di-intesa-tra-enti-pubblici-sindacati-e-associazioni-di-categoria-previsto-l%e2%80%99anticipo-della-cassa-integrazione-un-fondo-di-solidarieta-per-chi-perde-il-l\/"]}]},{"@type":"ImageObject","inLanguage":"fr-FR","@id":"https:\/\/www.bellunopress.it\/2009\/04\/08\/la-provincia-promuove-un-protocollo-di-intesa-tra-enti-pubblici-sindacati-e-associazioni-di-categoria-previsto-l%e2%80%99anticipo-della-cassa-integrazione-un-fondo-di-solidarieta-per-chi-perde-il-l\/#primaryimage","url":"http:\/\/www.bellunopress.it\/wp-content\/uploads\/2009\/03\/palazzo-piloni-sede-provincia.jpg","contentUrl":"http:\/\/www.bellunopress.it\/wp-content\/uploads\/2009\/03\/palazzo-piloni-sede-provincia.jpg"},{"@type":"BreadcrumbList","@id":"https:\/\/www.bellunopress.it\/2009\/04\/08\/la-provincia-promuove-un-protocollo-di-intesa-tra-enti-pubblici-sindacati-e-associazioni-di-categoria-previsto-l%e2%80%99anticipo-della-cassa-integrazione-un-fondo-di-solidarieta-per-chi-perde-il-l\/#breadcrumb","itemListElement":[{"@type":"ListItem","position":1,"name":"Home","item":"https:\/\/www.bellunopress.it\/"},{"@type":"ListItem","position":2,"name":"La Provincia promuove un protocollo di intesa tra enti pubblici, sindacati e associazioni di categoria: previsto l\u2019anticipo della cassa integrazione, un fondo di solidariet\u00e0 per chi perde il lavoro e politiche di reimpiego"}]},{"@type":"WebSite","@id":"https:\/\/www.bellunopress.it\/#website","url":"https:\/\/www.bellunopress.it\/","name":"Bellunopress - Dolomiti","description":"e-mail: redazione@bellunopress.it","publisher":{"@id":"https:\/\/www.bellunopress.it\/#organization"},"potentialAction":[{"@type":"SearchAction","target":{"@type":"EntryPoint","urlTemplate":"https:\/\/www.bellunopress.it\/?s={search_term_string}"},"query-input":{"@type":"PropertyValueSpecification","valueRequired":true,"valueName":"search_term_string"}}],"inLanguage":"fr-FR"},{"@type":"Organization","@id":"https:\/\/www.bellunopress.it\/#organization","name":"Bellunopress","url":"https:\/\/www.bellunopress.it\/","logo":{"@type":"ImageObject","inLanguage":"fr-FR","@id":"https:\/\/www.bellunopress.it\/#\/schema\/logo\/image\/","url":"https:\/\/www.bellunopress.it\/wp-content\/uploads\/2011\/05\/cropped-logo-bellunopress-.jpg","contentUrl":"https:\/\/www.bellunopress.it\/wp-content\/uploads\/2011\/05\/cropped-logo-bellunopress-.jpg","width":512,"height":512,"caption":"Bellunopress"},"image":{"@id":"https:\/\/www.bellunopress.it\/#\/schema\/logo\/image\/"},"sameAs":["https:\/\/www.facebook.com\/profile.php?id=100008943462799","https:\/\/x.com\/bellunopress","https:\/\/www.linkedin.com\/hp\/?dnr=JBzUWaJfMUw8vbXJJ2tVW5-I3jZKvC4wsoxE&amp;amp;amp;amp;amp;amp;trk=nav_responsive_tab_home","https:\/\/www.youtube.com\/channel\/UCxL0wu1uN0_3_7hGG0306cw"]},{"@type":"Person","@id":"https:\/\/www.bellunopress.it\/#\/schema\/person\/79bb06722b37ece1c03d3e94beb30d73","name":"r\u00e9daction","image":{"@type":"ImageObject","inLanguage":"fr-FR","@id":"https:\/\/secure.gravatar.com\/avatar\/37d968a2e67a6fd04c169c4bdef102d0bc5d31b2546345219e348575eb80e9a0?s=96&d=mm&r=g","url":"https:\/\/secure.gravatar.com\/avatar\/37d968a2e67a6fd04c169c4bdef102d0bc5d31b2546345219e348575eb80e9a0?s=96&d=mm&r=g","contentUrl":"https:\/\/secure.gravatar.com\/avatar\/37d968a2e67a6fd04c169c4bdef102d0bc5d31b2546345219e348575eb80e9a0?s=96&d=mm&r=g","caption":"redazione"},"sameAs":["http:\/\/www.bellunopress.it","https:\/\/x.com\/bellunopress"],"url":"https:\/\/www.bellunopress.it\/fr\/author\/redazione\/"}]}},"_links":{"self":[{"href":"https:\/\/www.bellunopress.it\/fr\/wp-json\/wp\/v2\/posts\/2494","targetHints":{"allow":["GET"]}}],"collection":[{"href":"https:\/\/www.bellunopress.it\/fr\/wp-json\/wp\/v2\/posts"}],"about":[{"href":"https:\/\/www.bellunopress.it\/fr\/wp-json\/wp\/v2\/types\/post"}],"author":[{"embeddable":true,"href":"https:\/\/www.bellunopress.it\/fr\/wp-json\/wp\/v2\/users\/2"}],"replies":[{"embeddable":true,"href":"https:\/\/www.bellunopress.it\/fr\/wp-json\/wp\/v2\/comments?post=2494"}],"version-history":[{"count":2,"href":"https:\/\/www.bellunopress.it\/fr\/wp-json\/wp\/v2\/posts\/2494\/revisions"}],"predecessor-version":[{"id":2496,"href":"https:\/\/www.bellunopress.it\/fr\/wp-json\/wp\/v2\/posts\/2494\/revisions\/2496"}],"wp:attachment":[{"href":"https:\/\/www.bellunopress.it\/fr\/wp-json\/wp\/v2\/media?parent=2494"}],"wp:term":[{"taxonomy":"category","embeddable":true,"href":"https:\/\/www.bellunopress.it\/fr\/wp-json\/wp\/v2\/categories?post=2494"},{"taxonomy":"post_tag","embeddable":true,"href":"https:\/\/www.bellunopress.it\/fr\/wp-json\/wp\/v2\/tags?post=2494"}],"curies":[{"name":"wp","href":"https:\/\/api.w.org\/{rel}","templated":true}]}}