{"id":2490,"date":"2009-04-08T20:32:01","date_gmt":"2009-04-08T19:32:01","guid":{"rendered":"http:\/\/www.bellunopress.it\/?p=2490"},"modified":"2009-04-08T20:32:44","modified_gmt":"2009-04-08T19:32:44","slug":"massimo-cacciari-dove-il-federalismo-fiscale-della-lega-vogliamo-autonomia-e-responsabilita","status":"publish","type":"post","link":"https:\/\/www.bellunopress.it\/fr\/2009\/04\/08\/massimo-cacciari-dove-il-federalismo-fiscale-della-lega-vogliamo-autonomia-e-responsabilita\/","title":{"rendered":"Massimo Cacciari: Dov&#8217;\u00e8 il federalismo fiscale della Lega? Vogliamo autonomia e responsabilit\u00e0!"},"content":{"rendered":"<p><a href=\"http:\/\/www.bellunopress.it\/wp-content\/uploads\/2009\/04\/massimo-cacciari-270x180.jpg\"><img loading=\"lazy\" decoding=\"async\" class=\"alignleft size-medium wp-image-2491\" title=\"massimo-cacciari-270x180\" src=\"http:\/\/www.bellunopress.it\/wp-content\/uploads\/2009\/04\/massimo-cacciari-270x180.jpg\" alt=\"\" width=\"270\" height=\"180\" \/><\/a>\u00abBelluno 8 aprile 2009 \u00abDelle elezioni regionali del 2000 mi rimane il rimpianto di non aver vinto. Perch\u00e9 se fosse andata bene avremmo certamente approvato l&#8217;autonomia della provincia di Belluno\u00bb. Esordisce cos\u00ec Massimo Cacciari, sindaco di Venezia, all&#8217;incontro dal titolo \u201cPer una montagna abitata: provincia autonoma e federalismo\u201d che si \u00e8 tenuto questa sera alla Sala De Luca in Borgo Pr\u00e0. Al tavolo dei relatori il presidente della provincia Sergio Reolon, la vicepresidente Claudia Bettiol, mentre non ha potuto partecipare Lorenzo Dellai presidente della provincia di Trento, perch\u00e9 impegnato in Abruzzo per il sisma. Riferendosi alla nostra provincia, Cacciari ha parlato di riconoscimento pieno della specificit\u00e0 di un territorio, quindi con la gestione delle competenze e delle risorse, senza alcun secessionismo. \u00abCon Sergio Reolon queste cose ce le ripetiamo da una decina d&#8217;anni \u2013 ha detto Cacciari \u2013 invece sta passando un federalismo vuoto da spot pubblicitario\u00bb. Secessione, secessione strombazzano i leghisti ai quattro venti e poi \u00absi accontentano di medagliette contraffatte\u00bb! Cos&#8217;\u00e8 il federalismo fiscale? Dov&#8217;\u00e8 il federalismo fiscale?\u00a0 chiede Cacciari riferendosi agli slogan leghisti. \u00abNon ci sono le risorse e hanno tolto anche le competenze. Alla faccia del federalismo\u00bb! Sottolinea Cacciari riallacciandosi all&#8217;intervento di Reolon, laddove spiegava che dallo Statuto regionale veneto \u00e8 scomparso il riferimento all&#8217;autonomia, sostituito da un generico riferimento alla specificit\u00e0 della montagna veneta. Ma Cacciari non si accontenta di fermarsi ai fatti. E passa all&#8217;analisi dei risvolti etici, dei comportamenti e delle ripercussioni. \u00abNoi non chiediamo quattrini, ma forme di autogoverno! Per cessare di vedere la questione in termini assistenziali. La legge speciale su Venezia \u2013 spiega Cacciari \u2013 \u00e8 stata deleteria, perch\u00e9 ha iniettato una mentalit\u00e0 fondata sull&#8217;assistenzialismo\u00bb. Come dire che ha educato la classe politica dei Comuni e delle Province ad inchinarsi dinanzi alla Regione per ricevere elargizioni. Che in questo modo diventano discrezionali e aumentano il potere della Regione. \u00abDacci autonomia e responsabilit\u00e0\u00bb! Ribadisce Cacciari e non il 20% dell&#8217;Irpef come chiesto da una cordata di sindaci. Perch\u00e9 il 20% dell&#8217;Irpef \u00e8 un obiettivo irrealizzabile con un debito pubblico del 110%. \u00abE al di l\u00e0 dell&#8217;aspetto contabile, non tocca alcuno degli aspetti culturali della questione\u00bb. Crescendo finale con un j&#8217;accuse alle Regioni a statuto speciale, che non hanno pi\u00f9 alcuna ragione d&#8217;esistere \u00abBisogna avere il coraggio di mettere mano alle riforme istituzionali. Perch\u00e9 non \u00e8 tollerabile che l&#8217;intera comunit\u00e0 trasferisca 4000 euro pro capite ai cittadini dell&#8217;Alto Adige e 3000 euro pro capite ai Friulani!\u00bb<\/p>","protected":false},"excerpt":{"rendered":"<p>\u00abBelluno 8 aprile 2009 \u00abDelle elezioni regionali del 2000 mi rimane il rimpianto di non aver vinto. Perch\u00e9 se fosse andata bene avremmo certamente approvato l&#8217;autonomia della provincia di Belluno\u00bb. Esordisce cos\u00ec Massimo Cacciari, sindaco di Venezia, all&#8217;incontro dal titolo \u201cPer una montagna abitata: provincia autonoma e federalismo\u201d che si \u00e8 tenuto questa sera alla [&hellip;]<\/p>\n","protected":false},"author":2,"featured_media":0,"comment_status":"closed","ping_status":"open","sticky":false,"template":"","format":"standard","meta":{"footnotes":""},"categories":[5],"tags":[139],"class_list":["post-2490","post","type-post","status-publish","format-standard","category-cronaca","tag-belluno"],"yoast_head":"<!-- This site is optimized with the Yoast SEO plugin v28.4 - https:\/\/yoast.com\/product\/yoast-seo-wordpress\/ -->\n<title>Massimo Cacciari: Dov&#039;\u00e8 il federalismo fiscale della Lega? Vogliamo autonomia e responsabilit\u00e0!  - Bellunopress - Dolomiti<\/title>\n<meta name=\"robots\" content=\"index, follow, max-snippet:-1, max-image-preview:large, max-video-preview:-1\" \/>\n<link rel=\"canonical\" href=\"https:\/\/www.bellunopress.it\/fr\/2009\/04\/08\/massimo-cacciari-dove-il-federalismo-fiscale-della-lega-vogliamo-autonomia-e-responsabilita\/\" \/>\n<meta property=\"og:locale\" content=\"fr_FR\" \/>\n<meta property=\"og:type\" content=\"article\" \/>\n<meta property=\"og:title\" content=\"Massimo Cacciari: Dov&#039;\u00e8 il federalismo fiscale della Lega? Vogliamo autonomia e responsabilit\u00e0!  - Bellunopress - Dolomiti\" \/>\n<meta property=\"og:description\" content=\"\u00abBelluno 8 aprile 2009 \u00abDelle elezioni regionali del 2000 mi rimane il rimpianto di non aver vinto. Perch\u00e9 se fosse andata bene avremmo certamente approvato l&#8217;autonomia della provincia di Belluno\u00bb. Esordisce cos\u00ec Massimo Cacciari, sindaco di Venezia, all&#8217;incontro dal titolo \u201cPer una montagna abitata: provincia autonoma e federalismo\u201d che si \u00e8 tenuto questa sera alla [&hellip;]\" \/>\n<meta property=\"og:url\" content=\"https:\/\/www.bellunopress.it\/fr\/2009\/04\/08\/massimo-cacciari-dove-il-federalismo-fiscale-della-lega-vogliamo-autonomia-e-responsabilita\/\" \/>\n<meta property=\"og:site_name\" content=\"Bellunopress - Dolomiti\" \/>\n<meta property=\"article:publisher\" content=\"https:\/\/www.facebook.com\/profile.php?id=100008943462799\" \/>\n<meta property=\"article:published_time\" content=\"2009-04-08T19:32:01+00:00\" \/>\n<meta property=\"article:modified_time\" content=\"2009-04-08T19:32:44+00:00\" \/>\n<meta property=\"og:image\" content=\"http:\/\/www.bellunopress.it\/wp-content\/uploads\/2009\/04\/massimo-cacciari-270x180.jpg\" \/>\n<meta name=\"author\" content=\"redazione\" \/>\n<meta name=\"twitter:card\" content=\"summary_large_image\" \/>\n<meta name=\"twitter:creator\" content=\"@bellunopress\" \/>\n<meta name=\"twitter:site\" content=\"@bellunopress\" \/>\n<meta name=\"twitter:label1\" content=\"Written by\" \/>\n\t<meta name=\"twitter:data1\" content=\"redazione\" \/>\n\t<meta name=\"twitter:label2\" content=\"Est. reading time\" \/>\n\t<meta name=\"twitter:data2\" content=\"2 minutes\" \/>\n<script type=\"application\/ld+json\" class=\"yoast-schema-graph\">{\"@context\":\"https:\\\/\\\/schema.org\",\"@graph\":[{\"@type\":\"Article\",\"@id\":\"https:\\\/\\\/www.bellunopress.it\\\/2009\\\/04\\\/08\\\/massimo-cacciari-dove-il-federalismo-fiscale-della-lega-vogliamo-autonomia-e-responsabilita\\\/#article\",\"isPartOf\":{\"@id\":\"https:\\\/\\\/www.bellunopress.it\\\/2009\\\/04\\\/08\\\/massimo-cacciari-dove-il-federalismo-fiscale-della-lega-vogliamo-autonomia-e-responsabilita\\\/\"},\"author\":{\"name\":\"redazione\",\"@id\":\"https:\\\/\\\/www.bellunopress.it\\\/#\\\/schema\\\/person\\\/79bb06722b37ece1c03d3e94beb30d73\"},\"headline\":\"Massimo Cacciari: Dov&#8217;\u00e8 il federalismo fiscale della Lega? Vogliamo autonomia e responsabilit\u00e0!\",\"datePublished\":\"2009-04-08T19:32:01+00:00\",\"dateModified\":\"2009-04-08T19:32:44+00:00\",\"mainEntityOfPage\":{\"@id\":\"https:\\\/\\\/www.bellunopress.it\\\/2009\\\/04\\\/08\\\/massimo-cacciari-dove-il-federalismo-fiscale-della-lega-vogliamo-autonomia-e-responsabilita\\\/\"},\"wordCount\":413,\"publisher\":{\"@id\":\"https:\\\/\\\/www.bellunopress.it\\\/#organization\"},\"image\":{\"@id\":\"https:\\\/\\\/www.bellunopress.it\\\/2009\\\/04\\\/08\\\/massimo-cacciari-dove-il-federalismo-fiscale-della-lega-vogliamo-autonomia-e-responsabilita\\\/#primaryimage\"},\"thumbnailUrl\":\"http:\\\/\\\/www.bellunopress.it\\\/wp-content\\\/uploads\\\/2009\\\/04\\\/massimo-cacciari-270x180.jpg\",\"keywords\":[\"Belluno\"],\"articleSection\":[\"Cronaca\\\/Politica\"],\"inLanguage\":\"fr-FR\"},{\"@type\":\"WebPage\",\"@id\":\"https:\\\/\\\/www.bellunopress.it\\\/2009\\\/04\\\/08\\\/massimo-cacciari-dove-il-federalismo-fiscale-della-lega-vogliamo-autonomia-e-responsabilita\\\/\",\"url\":\"https:\\\/\\\/www.bellunopress.it\\\/2009\\\/04\\\/08\\\/massimo-cacciari-dove-il-federalismo-fiscale-della-lega-vogliamo-autonomia-e-responsabilita\\\/\",\"name\":\"Massimo Cacciari: Dov'\u00e8 il federalismo fiscale della Lega? Vogliamo autonomia e responsabilit\u00e0! - Bellunopress - Dolomiti\",\"isPartOf\":{\"@id\":\"https:\\\/\\\/www.bellunopress.it\\\/#website\"},\"primaryImageOfPage\":{\"@id\":\"https:\\\/\\\/www.bellunopress.it\\\/2009\\\/04\\\/08\\\/massimo-cacciari-dove-il-federalismo-fiscale-della-lega-vogliamo-autonomia-e-responsabilita\\\/#primaryimage\"},\"image\":{\"@id\":\"https:\\\/\\\/www.bellunopress.it\\\/2009\\\/04\\\/08\\\/massimo-cacciari-dove-il-federalismo-fiscale-della-lega-vogliamo-autonomia-e-responsabilita\\\/#primaryimage\"},\"thumbnailUrl\":\"http:\\\/\\\/www.bellunopress.it\\\/wp-content\\\/uploads\\\/2009\\\/04\\\/massimo-cacciari-270x180.jpg\",\"datePublished\":\"2009-04-08T19:32:01+00:00\",\"dateModified\":\"2009-04-08T19:32:44+00:00\",\"breadcrumb\":{\"@id\":\"https:\\\/\\\/www.bellunopress.it\\\/2009\\\/04\\\/08\\\/massimo-cacciari-dove-il-federalismo-fiscale-della-lega-vogliamo-autonomia-e-responsabilita\\\/#breadcrumb\"},\"inLanguage\":\"fr-FR\",\"potentialAction\":[{\"@type\":\"ReadAction\",\"target\":[\"https:\\\/\\\/www.bellunopress.it\\\/2009\\\/04\\\/08\\\/massimo-cacciari-dove-il-federalismo-fiscale-della-lega-vogliamo-autonomia-e-responsabilita\\\/\"]}]},{\"@type\":\"ImageObject\",\"inLanguage\":\"fr-FR\",\"@id\":\"https:\\\/\\\/www.bellunopress.it\\\/2009\\\/04\\\/08\\\/massimo-cacciari-dove-il-federalismo-fiscale-della-lega-vogliamo-autonomia-e-responsabilita\\\/#primaryimage\",\"url\":\"http:\\\/\\\/www.bellunopress.it\\\/wp-content\\\/uploads\\\/2009\\\/04\\\/massimo-cacciari-270x180.jpg\",\"contentUrl\":\"http:\\\/\\\/www.bellunopress.it\\\/wp-content\\\/uploads\\\/2009\\\/04\\\/massimo-cacciari-270x180.jpg\"},{\"@type\":\"BreadcrumbList\",\"@id\":\"https:\\\/\\\/www.bellunopress.it\\\/2009\\\/04\\\/08\\\/massimo-cacciari-dove-il-federalismo-fiscale-della-lega-vogliamo-autonomia-e-responsabilita\\\/#breadcrumb\",\"itemListElement\":[{\"@type\":\"ListItem\",\"position\":1,\"name\":\"Home\",\"item\":\"https:\\\/\\\/www.bellunopress.it\\\/\"},{\"@type\":\"ListItem\",\"position\":2,\"name\":\"Massimo Cacciari: Dov&#8217;\u00e8 il federalismo fiscale della Lega? Vogliamo autonomia e responsabilit\u00e0!\"}]},{\"@type\":\"WebSite\",\"@id\":\"https:\\\/\\\/www.bellunopress.it\\\/#website\",\"url\":\"https:\\\/\\\/www.bellunopress.it\\\/\",\"name\":\"Bellunopress - Dolomiti\",\"description\":\"e-mail: redazione@bellunopress.it\",\"publisher\":{\"@id\":\"https:\\\/\\\/www.bellunopress.it\\\/#organization\"},\"potentialAction\":[{\"@type\":\"SearchAction\",\"target\":{\"@type\":\"EntryPoint\",\"urlTemplate\":\"https:\\\/\\\/www.bellunopress.it\\\/?s={search_term_string}\"},\"query-input\":{\"@type\":\"PropertyValueSpecification\",\"valueRequired\":true,\"valueName\":\"search_term_string\"}}],\"inLanguage\":\"fr-FR\"},{\"@type\":\"Organization\",\"@id\":\"https:\\\/\\\/www.bellunopress.it\\\/#organization\",\"name\":\"Bellunopress\",\"url\":\"https:\\\/\\\/www.bellunopress.it\\\/\",\"logo\":{\"@type\":\"ImageObject\",\"inLanguage\":\"fr-FR\",\"@id\":\"https:\\\/\\\/www.bellunopress.it\\\/#\\\/schema\\\/logo\\\/image\\\/\",\"url\":\"https:\\\/\\\/www.bellunopress.it\\\/wp-content\\\/uploads\\\/2011\\\/05\\\/cropped-logo-bellunopress-.jpg\",\"contentUrl\":\"https:\\\/\\\/www.bellunopress.it\\\/wp-content\\\/uploads\\\/2011\\\/05\\\/cropped-logo-bellunopress-.jpg\",\"width\":512,\"height\":512,\"caption\":\"Bellunopress\"},\"image\":{\"@id\":\"https:\\\/\\\/www.bellunopress.it\\\/#\\\/schema\\\/logo\\\/image\\\/\"},\"sameAs\":[\"https:\\\/\\\/www.facebook.com\\\/profile.php?id=100008943462799\",\"https:\\\/\\\/x.com\\\/bellunopress\",\"https:\\\/\\\/www.linkedin.com\\\/hp\\\/?dnr=JBzUWaJfMUw8vbXJJ2tVW5-I3jZKvC4wsoxE&amp;amp;amp;amp;amp;amp;trk=nav_responsive_tab_home\",\"https:\\\/\\\/www.youtube.com\\\/channel\\\/UCxL0wu1uN0_3_7hGG0306cw\"]},{\"@type\":\"Person\",\"@id\":\"https:\\\/\\\/www.bellunopress.it\\\/#\\\/schema\\\/person\\\/79bb06722b37ece1c03d3e94beb30d73\",\"name\":\"redazione\",\"image\":{\"@type\":\"ImageObject\",\"inLanguage\":\"fr-FR\",\"@id\":\"https:\\\/\\\/secure.gravatar.com\\\/avatar\\\/37d968a2e67a6fd04c169c4bdef102d0bc5d31b2546345219e348575eb80e9a0?s=96&d=mm&r=g\",\"url\":\"https:\\\/\\\/secure.gravatar.com\\\/avatar\\\/37d968a2e67a6fd04c169c4bdef102d0bc5d31b2546345219e348575eb80e9a0?s=96&d=mm&r=g\",\"contentUrl\":\"https:\\\/\\\/secure.gravatar.com\\\/avatar\\\/37d968a2e67a6fd04c169c4bdef102d0bc5d31b2546345219e348575eb80e9a0?s=96&d=mm&r=g\",\"caption\":\"redazione\"},\"sameAs\":[\"http:\\\/\\\/www.bellunopress.it\",\"https:\\\/\\\/x.com\\\/bellunopress\"],\"url\":\"https:\\\/\\\/www.bellunopress.it\\\/fr\\\/author\\\/redazione\\\/\"}]}<\/script>\n<!-- \/ Yoast SEO plugin. -->","yoast_head_json":{"title":"Massimo Cacciari: Dov'\u00e8 il federalismo fiscale della Lega? Vogliamo autonomia e responsabilit\u00e0!  - Bellunopress - Dolomiti","robots":{"index":"index","follow":"follow","max-snippet":"max-snippet:-1","max-image-preview":"max-image-preview:large","max-video-preview":"max-video-preview:-1"},"canonical":"https:\/\/www.bellunopress.it\/fr\/2009\/04\/08\/massimo-cacciari-dove-il-federalismo-fiscale-della-lega-vogliamo-autonomia-e-responsabilita\/","og_locale":"fr_FR","og_type":"article","og_title":"Massimo Cacciari: Dov'\u00e8 il federalismo fiscale della Lega? Vogliamo autonomia e responsabilit\u00e0!  - Bellunopress - Dolomiti","og_description":"\u00abBelluno 8 aprile 2009 \u00abDelle elezioni regionali del 2000 mi rimane il rimpianto di non aver vinto. Perch\u00e9 se fosse andata bene avremmo certamente approvato l&#8217;autonomia della provincia di Belluno\u00bb. Esordisce cos\u00ec Massimo Cacciari, sindaco di Venezia, all&#8217;incontro dal titolo \u201cPer una montagna abitata: provincia autonoma e federalismo\u201d che si \u00e8 tenuto questa sera alla [&hellip;]","og_url":"https:\/\/www.bellunopress.it\/fr\/2009\/04\/08\/massimo-cacciari-dove-il-federalismo-fiscale-della-lega-vogliamo-autonomia-e-responsabilita\/","og_site_name":"Bellunopress - Dolomiti","article_publisher":"https:\/\/www.facebook.com\/profile.php?id=100008943462799","article_published_time":"2009-04-08T19:32:01+00:00","article_modified_time":"2009-04-08T19:32:44+00:00","og_image":[{"url":"http:\/\/www.bellunopress.it\/wp-content\/uploads\/2009\/04\/massimo-cacciari-270x180.jpg","type":"","width":"","height":""}],"author":"redazione","twitter_card":"summary_large_image","twitter_creator":"@bellunopress","twitter_site":"@bellunopress","twitter_misc":{"Written by":"redazione","Est. reading time":"2 minutes"},"schema":{"@context":"https:\/\/schema.org","@graph":[{"@type":"Article","@id":"https:\/\/www.bellunopress.it\/2009\/04\/08\/massimo-cacciari-dove-il-federalismo-fiscale-della-lega-vogliamo-autonomia-e-responsabilita\/#article","isPartOf":{"@id":"https:\/\/www.bellunopress.it\/2009\/04\/08\/massimo-cacciari-dove-il-federalismo-fiscale-della-lega-vogliamo-autonomia-e-responsabilita\/"},"author":{"name":"redazione","@id":"https:\/\/www.bellunopress.it\/#\/schema\/person\/79bb06722b37ece1c03d3e94beb30d73"},"headline":"Massimo Cacciari: Dov&#8217;\u00e8 il federalismo fiscale della Lega? Vogliamo autonomia e responsabilit\u00e0!","datePublished":"2009-04-08T19:32:01+00:00","dateModified":"2009-04-08T19:32:44+00:00","mainEntityOfPage":{"@id":"https:\/\/www.bellunopress.it\/2009\/04\/08\/massimo-cacciari-dove-il-federalismo-fiscale-della-lega-vogliamo-autonomia-e-responsabilita\/"},"wordCount":413,"publisher":{"@id":"https:\/\/www.bellunopress.it\/#organization"},"image":{"@id":"https:\/\/www.bellunopress.it\/2009\/04\/08\/massimo-cacciari-dove-il-federalismo-fiscale-della-lega-vogliamo-autonomia-e-responsabilita\/#primaryimage"},"thumbnailUrl":"http:\/\/www.bellunopress.it\/wp-content\/uploads\/2009\/04\/massimo-cacciari-270x180.jpg","keywords":["Belluno"],"articleSection":["Cronaca\/Politica"],"inLanguage":"fr-FR"},{"@type":"WebPage","@id":"https:\/\/www.bellunopress.it\/2009\/04\/08\/massimo-cacciari-dove-il-federalismo-fiscale-della-lega-vogliamo-autonomia-e-responsabilita\/","url":"https:\/\/www.bellunopress.it\/2009\/04\/08\/massimo-cacciari-dove-il-federalismo-fiscale-della-lega-vogliamo-autonomia-e-responsabilita\/","name":"Massimo Cacciari: Dov'\u00e8 il federalismo fiscale della Lega? Vogliamo autonomia e responsabilit\u00e0! - Bellunopress - Dolomiti","isPartOf":{"@id":"https:\/\/www.bellunopress.it\/#website"},"primaryImageOfPage":{"@id":"https:\/\/www.bellunopress.it\/2009\/04\/08\/massimo-cacciari-dove-il-federalismo-fiscale-della-lega-vogliamo-autonomia-e-responsabilita\/#primaryimage"},"image":{"@id":"https:\/\/www.bellunopress.it\/2009\/04\/08\/massimo-cacciari-dove-il-federalismo-fiscale-della-lega-vogliamo-autonomia-e-responsabilita\/#primaryimage"},"thumbnailUrl":"http:\/\/www.bellunopress.it\/wp-content\/uploads\/2009\/04\/massimo-cacciari-270x180.jpg","datePublished":"2009-04-08T19:32:01+00:00","dateModified":"2009-04-08T19:32:44+00:00","breadcrumb":{"@id":"https:\/\/www.bellunopress.it\/2009\/04\/08\/massimo-cacciari-dove-il-federalismo-fiscale-della-lega-vogliamo-autonomia-e-responsabilita\/#breadcrumb"},"inLanguage":"fr-FR","potentialAction":[{"@type":"ReadAction","target":["https:\/\/www.bellunopress.it\/2009\/04\/08\/massimo-cacciari-dove-il-federalismo-fiscale-della-lega-vogliamo-autonomia-e-responsabilita\/"]}]},{"@type":"ImageObject","inLanguage":"fr-FR","@id":"https:\/\/www.bellunopress.it\/2009\/04\/08\/massimo-cacciari-dove-il-federalismo-fiscale-della-lega-vogliamo-autonomia-e-responsabilita\/#primaryimage","url":"http:\/\/www.bellunopress.it\/wp-content\/uploads\/2009\/04\/massimo-cacciari-270x180.jpg","contentUrl":"http:\/\/www.bellunopress.it\/wp-content\/uploads\/2009\/04\/massimo-cacciari-270x180.jpg"},{"@type":"BreadcrumbList","@id":"https:\/\/www.bellunopress.it\/2009\/04\/08\/massimo-cacciari-dove-il-federalismo-fiscale-della-lega-vogliamo-autonomia-e-responsabilita\/#breadcrumb","itemListElement":[{"@type":"ListItem","position":1,"name":"Home","item":"https:\/\/www.bellunopress.it\/"},{"@type":"ListItem","position":2,"name":"Massimo Cacciari: Dov&#8217;\u00e8 il federalismo fiscale della Lega? Vogliamo autonomia e responsabilit\u00e0!"}]},{"@type":"WebSite","@id":"https:\/\/www.bellunopress.it\/#website","url":"https:\/\/www.bellunopress.it\/","name":"Bellunopress - Dolomiti","description":"e-mail: redazione@bellunopress.it","publisher":{"@id":"https:\/\/www.bellunopress.it\/#organization"},"potentialAction":[{"@type":"SearchAction","target":{"@type":"EntryPoint","urlTemplate":"https:\/\/www.bellunopress.it\/?s={search_term_string}"},"query-input":{"@type":"PropertyValueSpecification","valueRequired":true,"valueName":"search_term_string"}}],"inLanguage":"fr-FR"},{"@type":"Organization","@id":"https:\/\/www.bellunopress.it\/#organization","name":"Bellunopress","url":"https:\/\/www.bellunopress.it\/","logo":{"@type":"ImageObject","inLanguage":"fr-FR","@id":"https:\/\/www.bellunopress.it\/#\/schema\/logo\/image\/","url":"https:\/\/www.bellunopress.it\/wp-content\/uploads\/2011\/05\/cropped-logo-bellunopress-.jpg","contentUrl":"https:\/\/www.bellunopress.it\/wp-content\/uploads\/2011\/05\/cropped-logo-bellunopress-.jpg","width":512,"height":512,"caption":"Bellunopress"},"image":{"@id":"https:\/\/www.bellunopress.it\/#\/schema\/logo\/image\/"},"sameAs":["https:\/\/www.facebook.com\/profile.php?id=100008943462799","https:\/\/x.com\/bellunopress","https:\/\/www.linkedin.com\/hp\/?dnr=JBzUWaJfMUw8vbXJJ2tVW5-I3jZKvC4wsoxE&amp;amp;amp;amp;amp;amp;trk=nav_responsive_tab_home","https:\/\/www.youtube.com\/channel\/UCxL0wu1uN0_3_7hGG0306cw"]},{"@type":"Person","@id":"https:\/\/www.bellunopress.it\/#\/schema\/person\/79bb06722b37ece1c03d3e94beb30d73","name":"r\u00e9daction","image":{"@type":"ImageObject","inLanguage":"fr-FR","@id":"https:\/\/secure.gravatar.com\/avatar\/37d968a2e67a6fd04c169c4bdef102d0bc5d31b2546345219e348575eb80e9a0?s=96&d=mm&r=g","url":"https:\/\/secure.gravatar.com\/avatar\/37d968a2e67a6fd04c169c4bdef102d0bc5d31b2546345219e348575eb80e9a0?s=96&d=mm&r=g","contentUrl":"https:\/\/secure.gravatar.com\/avatar\/37d968a2e67a6fd04c169c4bdef102d0bc5d31b2546345219e348575eb80e9a0?s=96&d=mm&r=g","caption":"redazione"},"sameAs":["http:\/\/www.bellunopress.it","https:\/\/x.com\/bellunopress"],"url":"https:\/\/www.bellunopress.it\/fr\/author\/redazione\/"}]}},"_links":{"self":[{"href":"https:\/\/www.bellunopress.it\/fr\/wp-json\/wp\/v2\/posts\/2490","targetHints":{"allow":["GET"]}}],"collection":[{"href":"https:\/\/www.bellunopress.it\/fr\/wp-json\/wp\/v2\/posts"}],"about":[{"href":"https:\/\/www.bellunopress.it\/fr\/wp-json\/wp\/v2\/types\/post"}],"author":[{"embeddable":true,"href":"https:\/\/www.bellunopress.it\/fr\/wp-json\/wp\/v2\/users\/2"}],"replies":[{"embeddable":true,"href":"https:\/\/www.bellunopress.it\/fr\/wp-json\/wp\/v2\/comments?post=2490"}],"version-history":[{"count":2,"href":"https:\/\/www.bellunopress.it\/fr\/wp-json\/wp\/v2\/posts\/2490\/revisions"}],"predecessor-version":[{"id":2493,"href":"https:\/\/www.bellunopress.it\/fr\/wp-json\/wp\/v2\/posts\/2490\/revisions\/2493"}],"wp:attachment":[{"href":"https:\/\/www.bellunopress.it\/fr\/wp-json\/wp\/v2\/media?parent=2490"}],"wp:term":[{"taxonomy":"category","embeddable":true,"href":"https:\/\/www.bellunopress.it\/fr\/wp-json\/wp\/v2\/categories?post=2490"},{"taxonomy":"post_tag","embeddable":true,"href":"https:\/\/www.bellunopress.it\/fr\/wp-json\/wp\/v2\/tags?post=2490"}],"curies":[{"name":"wp","href":"https:\/\/api.w.org\/{rel}","templated":true}]}}