{"id":2488,"date":"2009-04-08T17:06:47","date_gmt":"2009-04-08T16:06:47","guid":{"rendered":"http:\/\/www.bellunopress.it\/?p=2488"},"modified":"2009-04-08T17:06:47","modified_gmt":"2009-04-08T16:06:47","slug":"partenza-anticipata-per-danilo-salmaso-lascera-il-comando-dei-vigili-a-luglio","status":"publish","type":"post","link":"https:\/\/www.bellunopress.it\/fr\/2009\/04\/08\/partenza-anticipata-per-danilo-salmaso-lascera-il-comando-dei-vigili-a-luglio\/","title":{"rendered":"Partenza anticipata per Danilo Salmaso: lascer\u00e0 il Comando dei Vigili a luglio"},"content":{"rendered":"<p><span style=\"font-size: x-small;\"><a href=\"http:\/\/www.bellunopress.it\/wp-content\/uploads\/2009\/04\/polizia-locale.jpg\"><img loading=\"lazy\" decoding=\"async\" class=\"alignleft size-medium wp-image-2431\" title=\"polizia-locale\" src=\"http:\/\/www.bellunopress.it\/wp-content\/uploads\/2009\/04\/polizia-locale.jpg\" alt=\"\" width=\"100\" height=\"67\" \/><\/a>\u00a0Salmaso lascia la piazza di Belluno e si avvia alla pensione. Il comandante dei vigili a luglio lascer\u00e0 a luglio (cio\u00e8 circa un anno prima della scadenza naturale del suo contratto) l\u2019incarico, portando con s\u00e8 l\u2019inevitabile coda di polemiche che il suo personaggio sopra le righe ha provocato in citt\u00e0 fin dai primi giorni del suo insediamento al comando dei Vigili urbani di Belluno. Salmaso \u00e8 attualmente assente da Belluno per motivi di salute, almeno ufficialmente, e a questo punto all\u2019 Aministrazione di Prade che lo ha voluto e sempre difeso toccher\u00e0 trovare un sostituto. Qualcuno che magari faccia dimenticare le polemiche e risolva la situazione di disagio che si era venuta a creare tra gli stessi vigili, molti dei quali non si riconoscevano nei metodi spicci e spesso violenti (c\u2019\u00e8 un\u2019indagine in corso della Procura) del loro comandante che ultimamente aveva anche denunciato un clima di lassismo interno al Comando. Esternazioni e rimbrotti che i Vigili bellunesi non hanno gradito molto definendoli ingiustificati. Al Comune coster\u00e0 qualcosa in pi\u00f9 del previsto questa prematura dipartita di Salmaso da Belluno, sotto forma di indenizzi e voci varie sulla busta paga, ma toglier\u00e0 alcune castagne dal fuoco al sindaco Prade, pi\u00f9 volte accusato, e non solo dall\u2019opposizione, di difendere Salmaso contro ogni evidenza.<\/p>\n<p><\/span><\/p>","protected":false},"excerpt":{"rendered":"<p>\u00a0Salmaso lascia la piazza di Belluno e si avvia alla pensione. Il comandante dei vigili a luglio lascer\u00e0 a luglio (cio\u00e8 circa un anno prima della scadenza naturale del suo contratto) l\u2019incarico, portando con s\u00e8 l\u2019inevitabile coda di polemiche che il suo personaggio sopra le righe ha provocato in citt\u00e0 fin dai primi giorni del [&hellip;]<\/p>\n","protected":false},"author":2,"featured_media":0,"comment_status":"closed","ping_status":"open","sticky":false,"template":"","format":"standard","meta":{"footnotes":""},"categories":[5,26],"tags":[139],"class_list":["post-2488","post","type-post","status-publish","format-standard","category-cronaca","category-prima-pagina","tag-belluno"],"yoast_head":"<!-- This site is optimized with the Yoast SEO plugin v28.4 - https:\/\/yoast.com\/product\/yoast-seo-wordpress\/ -->\n<title>Partenza anticipata per Danilo Salmaso: lascer\u00e0 il Comando dei Vigili a luglio - Bellunopress - Dolomiti<\/title>\n<meta name=\"robots\" content=\"index, follow, max-snippet:-1, max-image-preview:large, max-video-preview:-1\" \/>\n<link rel=\"canonical\" href=\"https:\/\/www.bellunopress.it\/fr\/2009\/04\/08\/partenza-anticipata-per-danilo-salmaso-lascera-il-comando-dei-vigili-a-luglio\/\" \/>\n<meta property=\"og:locale\" content=\"fr_FR\" \/>\n<meta property=\"og:type\" content=\"article\" \/>\n<meta property=\"og:title\" content=\"Partenza anticipata per Danilo Salmaso: lascer\u00e0 il Comando dei Vigili a luglio - Bellunopress - Dolomiti\" \/>\n<meta property=\"og:description\" content=\"\u00a0Salmaso lascia la piazza di Belluno e si avvia alla pensione. Il comandante dei vigili a luglio lascer\u00e0 a luglio (cio\u00e8 circa un anno prima della scadenza naturale del suo contratto) l\u2019incarico, portando con s\u00e8 l\u2019inevitabile coda di polemiche che il suo personaggio sopra le righe ha provocato in citt\u00e0 fin dai primi giorni del [&hellip;]\" \/>\n<meta property=\"og:url\" content=\"https:\/\/www.bellunopress.it\/fr\/2009\/04\/08\/partenza-anticipata-per-danilo-salmaso-lascera-il-comando-dei-vigili-a-luglio\/\" \/>\n<meta property=\"og:site_name\" content=\"Bellunopress - Dolomiti\" \/>\n<meta property=\"article:publisher\" content=\"https:\/\/www.facebook.com\/profile.php?id=100008943462799\" \/>\n<meta property=\"article:published_time\" content=\"2009-04-08T16:06:47+00:00\" \/>\n<meta property=\"og:image\" content=\"http:\/\/www.bellunopress.it\/wp-content\/uploads\/2009\/04\/polizia-locale.jpg\" \/>\n<meta name=\"author\" content=\"redazione\" \/>\n<meta name=\"twitter:card\" content=\"summary_large_image\" \/>\n<meta name=\"twitter:creator\" content=\"@bellunopress\" \/>\n<meta name=\"twitter:site\" content=\"@bellunopress\" \/>\n<meta name=\"twitter:label1\" content=\"\u00c9crit par\" \/>\n\t<meta name=\"twitter:data1\" content=\"redazione\" \/>\n\t<meta name=\"twitter:label2\" content=\"Dur\u00e9e de lecture estim\u00e9e\" \/>\n\t<meta name=\"twitter:data2\" content=\"1 minute\" \/>\n<script type=\"application\/ld+json\" class=\"yoast-schema-graph\">{\"@context\":\"https:\\\/\\\/schema.org\",\"@graph\":[{\"@type\":\"Article\",\"@id\":\"https:\\\/\\\/www.bellunopress.it\\\/2009\\\/04\\\/08\\\/partenza-anticipata-per-danilo-salmaso-lascera-il-comando-dei-vigili-a-luglio\\\/#article\",\"isPartOf\":{\"@id\":\"https:\\\/\\\/www.bellunopress.it\\\/2009\\\/04\\\/08\\\/partenza-anticipata-per-danilo-salmaso-lascera-il-comando-dei-vigili-a-luglio\\\/\"},\"author\":{\"name\":\"redazione\",\"@id\":\"https:\\\/\\\/www.bellunopress.it\\\/#\\\/schema\\\/person\\\/79bb06722b37ece1c03d3e94beb30d73\"},\"headline\":\"Partenza anticipata per Danilo Salmaso: lascer\u00e0 il Comando dei Vigili a luglio\",\"datePublished\":\"2009-04-08T16:06:47+00:00\",\"mainEntityOfPage\":{\"@id\":\"https:\\\/\\\/www.bellunopress.it\\\/2009\\\/04\\\/08\\\/partenza-anticipata-per-danilo-salmaso-lascera-il-comando-dei-vigili-a-luglio\\\/\"},\"wordCount\":226,\"publisher\":{\"@id\":\"https:\\\/\\\/www.bellunopress.it\\\/#organization\"},\"image\":{\"@id\":\"https:\\\/\\\/www.bellunopress.it\\\/2009\\\/04\\\/08\\\/partenza-anticipata-per-danilo-salmaso-lascera-il-comando-dei-vigili-a-luglio\\\/#primaryimage\"},\"thumbnailUrl\":\"http:\\\/\\\/www.bellunopress.it\\\/wp-content\\\/uploads\\\/2009\\\/04\\\/polizia-locale.jpg\",\"keywords\":[\"Belluno\"],\"articleSection\":[\"Cronaca\\\/Politica\",\"Prima Pagina\"],\"inLanguage\":\"fr-FR\"},{\"@type\":\"WebPage\",\"@id\":\"https:\\\/\\\/www.bellunopress.it\\\/2009\\\/04\\\/08\\\/partenza-anticipata-per-danilo-salmaso-lascera-il-comando-dei-vigili-a-luglio\\\/\",\"url\":\"https:\\\/\\\/www.bellunopress.it\\\/2009\\\/04\\\/08\\\/partenza-anticipata-per-danilo-salmaso-lascera-il-comando-dei-vigili-a-luglio\\\/\",\"name\":\"Partenza anticipata per Danilo Salmaso: lascer\u00e0 il Comando dei Vigili a luglio - Bellunopress - Dolomiti\",\"isPartOf\":{\"@id\":\"https:\\\/\\\/www.bellunopress.it\\\/#website\"},\"primaryImageOfPage\":{\"@id\":\"https:\\\/\\\/www.bellunopress.it\\\/2009\\\/04\\\/08\\\/partenza-anticipata-per-danilo-salmaso-lascera-il-comando-dei-vigili-a-luglio\\\/#primaryimage\"},\"image\":{\"@id\":\"https:\\\/\\\/www.bellunopress.it\\\/2009\\\/04\\\/08\\\/partenza-anticipata-per-danilo-salmaso-lascera-il-comando-dei-vigili-a-luglio\\\/#primaryimage\"},\"thumbnailUrl\":\"http:\\\/\\\/www.bellunopress.it\\\/wp-content\\\/uploads\\\/2009\\\/04\\\/polizia-locale.jpg\",\"datePublished\":\"2009-04-08T16:06:47+00:00\",\"breadcrumb\":{\"@id\":\"https:\\\/\\\/www.bellunopress.it\\\/2009\\\/04\\\/08\\\/partenza-anticipata-per-danilo-salmaso-lascera-il-comando-dei-vigili-a-luglio\\\/#breadcrumb\"},\"inLanguage\":\"fr-FR\",\"potentialAction\":[{\"@type\":\"ReadAction\",\"target\":[\"https:\\\/\\\/www.bellunopress.it\\\/2009\\\/04\\\/08\\\/partenza-anticipata-per-danilo-salmaso-lascera-il-comando-dei-vigili-a-luglio\\\/\"]}]},{\"@type\":\"ImageObject\",\"inLanguage\":\"fr-FR\",\"@id\":\"https:\\\/\\\/www.bellunopress.it\\\/2009\\\/04\\\/08\\\/partenza-anticipata-per-danilo-salmaso-lascera-il-comando-dei-vigili-a-luglio\\\/#primaryimage\",\"url\":\"http:\\\/\\\/www.bellunopress.it\\\/wp-content\\\/uploads\\\/2009\\\/04\\\/polizia-locale.jpg\",\"contentUrl\":\"http:\\\/\\\/www.bellunopress.it\\\/wp-content\\\/uploads\\\/2009\\\/04\\\/polizia-locale.jpg\"},{\"@type\":\"BreadcrumbList\",\"@id\":\"https:\\\/\\\/www.bellunopress.it\\\/2009\\\/04\\\/08\\\/partenza-anticipata-per-danilo-salmaso-lascera-il-comando-dei-vigili-a-luglio\\\/#breadcrumb\",\"itemListElement\":[{\"@type\":\"ListItem\",\"position\":1,\"name\":\"Home\",\"item\":\"https:\\\/\\\/www.bellunopress.it\\\/\"},{\"@type\":\"ListItem\",\"position\":2,\"name\":\"Partenza anticipata per Danilo Salmaso: lascer\u00e0 il Comando dei Vigili a luglio\"}]},{\"@type\":\"WebSite\",\"@id\":\"https:\\\/\\\/www.bellunopress.it\\\/#website\",\"url\":\"https:\\\/\\\/www.bellunopress.it\\\/\",\"name\":\"Bellunopress - Dolomiti\",\"description\":\"e-mail: redazione@bellunopress.it\",\"publisher\":{\"@id\":\"https:\\\/\\\/www.bellunopress.it\\\/#organization\"},\"potentialAction\":[{\"@type\":\"SearchAction\",\"target\":{\"@type\":\"EntryPoint\",\"urlTemplate\":\"https:\\\/\\\/www.bellunopress.it\\\/?s={search_term_string}\"},\"query-input\":{\"@type\":\"PropertyValueSpecification\",\"valueRequired\":true,\"valueName\":\"search_term_string\"}}],\"inLanguage\":\"fr-FR\"},{\"@type\":\"Organization\",\"@id\":\"https:\\\/\\\/www.bellunopress.it\\\/#organization\",\"name\":\"Bellunopress\",\"url\":\"https:\\\/\\\/www.bellunopress.it\\\/\",\"logo\":{\"@type\":\"ImageObject\",\"inLanguage\":\"fr-FR\",\"@id\":\"https:\\\/\\\/www.bellunopress.it\\\/#\\\/schema\\\/logo\\\/image\\\/\",\"url\":\"https:\\\/\\\/www.bellunopress.it\\\/wp-content\\\/uploads\\\/2011\\\/05\\\/cropped-logo-bellunopress-.jpg\",\"contentUrl\":\"https:\\\/\\\/www.bellunopress.it\\\/wp-content\\\/uploads\\\/2011\\\/05\\\/cropped-logo-bellunopress-.jpg\",\"width\":512,\"height\":512,\"caption\":\"Bellunopress\"},\"image\":{\"@id\":\"https:\\\/\\\/www.bellunopress.it\\\/#\\\/schema\\\/logo\\\/image\\\/\"},\"sameAs\":[\"https:\\\/\\\/www.facebook.com\\\/profile.php?id=100008943462799\",\"https:\\\/\\\/x.com\\\/bellunopress\",\"https:\\\/\\\/www.linkedin.com\\\/hp\\\/?dnr=JBzUWaJfMUw8vbXJJ2tVW5-I3jZKvC4wsoxE&amp;amp;amp;amp;amp;amp;trk=nav_responsive_tab_home\",\"https:\\\/\\\/www.youtube.com\\\/channel\\\/UCxL0wu1uN0_3_7hGG0306cw\"]},{\"@type\":\"Person\",\"@id\":\"https:\\\/\\\/www.bellunopress.it\\\/#\\\/schema\\\/person\\\/79bb06722b37ece1c03d3e94beb30d73\",\"name\":\"redazione\",\"image\":{\"@type\":\"ImageObject\",\"inLanguage\":\"fr-FR\",\"@id\":\"https:\\\/\\\/secure.gravatar.com\\\/avatar\\\/37d968a2e67a6fd04c169c4bdef102d0bc5d31b2546345219e348575eb80e9a0?s=96&d=mm&r=g\",\"url\":\"https:\\\/\\\/secure.gravatar.com\\\/avatar\\\/37d968a2e67a6fd04c169c4bdef102d0bc5d31b2546345219e348575eb80e9a0?s=96&d=mm&r=g\",\"contentUrl\":\"https:\\\/\\\/secure.gravatar.com\\\/avatar\\\/37d968a2e67a6fd04c169c4bdef102d0bc5d31b2546345219e348575eb80e9a0?s=96&d=mm&r=g\",\"caption\":\"redazione\"},\"sameAs\":[\"http:\\\/\\\/www.bellunopress.it\",\"https:\\\/\\\/x.com\\\/bellunopress\"],\"url\":\"https:\\\/\\\/www.bellunopress.it\\\/fr\\\/author\\\/redazione\\\/\"}]}<\/script>\n<!-- \/ Yoast SEO plugin. -->","yoast_head_json":{"title":"Partenza anticipata per Danilo Salmaso: lascer\u00e0 il Comando dei Vigili a luglio - Bellunopress - Dolomiti","robots":{"index":"index","follow":"follow","max-snippet":"max-snippet:-1","max-image-preview":"max-image-preview:large","max-video-preview":"max-video-preview:-1"},"canonical":"https:\/\/www.bellunopress.it\/fr\/2009\/04\/08\/partenza-anticipata-per-danilo-salmaso-lascera-il-comando-dei-vigili-a-luglio\/","og_locale":"fr_FR","og_type":"article","og_title":"Partenza anticipata per Danilo Salmaso: lascer\u00e0 il Comando dei Vigili a luglio - Bellunopress - Dolomiti","og_description":"\u00a0Salmaso lascia la piazza di Belluno e si avvia alla pensione. Il comandante dei vigili a luglio lascer\u00e0 a luglio (cio\u00e8 circa un anno prima della scadenza naturale del suo contratto) l\u2019incarico, portando con s\u00e8 l\u2019inevitabile coda di polemiche che il suo personaggio sopra le righe ha provocato in citt\u00e0 fin dai primi giorni del [&hellip;]","og_url":"https:\/\/www.bellunopress.it\/fr\/2009\/04\/08\/partenza-anticipata-per-danilo-salmaso-lascera-il-comando-dei-vigili-a-luglio\/","og_site_name":"Bellunopress - Dolomiti","article_publisher":"https:\/\/www.facebook.com\/profile.php?id=100008943462799","article_published_time":"2009-04-08T16:06:47+00:00","og_image":[{"url":"http:\/\/www.bellunopress.it\/wp-content\/uploads\/2009\/04\/polizia-locale.jpg","type":"","width":"","height":""}],"author":"redazione","twitter_card":"summary_large_image","twitter_creator":"@bellunopress","twitter_site":"@bellunopress","twitter_misc":{"\u00c9crit par":"redazione","Dur\u00e9e de lecture estim\u00e9e":"1 minute"},"schema":{"@context":"https:\/\/schema.org","@graph":[{"@type":"Article","@id":"https:\/\/www.bellunopress.it\/2009\/04\/08\/partenza-anticipata-per-danilo-salmaso-lascera-il-comando-dei-vigili-a-luglio\/#article","isPartOf":{"@id":"https:\/\/www.bellunopress.it\/2009\/04\/08\/partenza-anticipata-per-danilo-salmaso-lascera-il-comando-dei-vigili-a-luglio\/"},"author":{"name":"redazione","@id":"https:\/\/www.bellunopress.it\/#\/schema\/person\/79bb06722b37ece1c03d3e94beb30d73"},"headline":"Partenza anticipata per Danilo Salmaso: lascer\u00e0 il Comando dei Vigili a luglio","datePublished":"2009-04-08T16:06:47+00:00","mainEntityOfPage":{"@id":"https:\/\/www.bellunopress.it\/2009\/04\/08\/partenza-anticipata-per-danilo-salmaso-lascera-il-comando-dei-vigili-a-luglio\/"},"wordCount":226,"publisher":{"@id":"https:\/\/www.bellunopress.it\/#organization"},"image":{"@id":"https:\/\/www.bellunopress.it\/2009\/04\/08\/partenza-anticipata-per-danilo-salmaso-lascera-il-comando-dei-vigili-a-luglio\/#primaryimage"},"thumbnailUrl":"http:\/\/www.bellunopress.it\/wp-content\/uploads\/2009\/04\/polizia-locale.jpg","keywords":["Belluno"],"articleSection":["Cronaca\/Politica","Prima Pagina"],"inLanguage":"fr-FR"},{"@type":"WebPage","@id":"https:\/\/www.bellunopress.it\/2009\/04\/08\/partenza-anticipata-per-danilo-salmaso-lascera-il-comando-dei-vigili-a-luglio\/","url":"https:\/\/www.bellunopress.it\/2009\/04\/08\/partenza-anticipata-per-danilo-salmaso-lascera-il-comando-dei-vigili-a-luglio\/","name":"Partenza anticipata per Danilo Salmaso: lascer\u00e0 il Comando dei Vigili a luglio - Bellunopress - Dolomiti","isPartOf":{"@id":"https:\/\/www.bellunopress.it\/#website"},"primaryImageOfPage":{"@id":"https:\/\/www.bellunopress.it\/2009\/04\/08\/partenza-anticipata-per-danilo-salmaso-lascera-il-comando-dei-vigili-a-luglio\/#primaryimage"},"image":{"@id":"https:\/\/www.bellunopress.it\/2009\/04\/08\/partenza-anticipata-per-danilo-salmaso-lascera-il-comando-dei-vigili-a-luglio\/#primaryimage"},"thumbnailUrl":"http:\/\/www.bellunopress.it\/wp-content\/uploads\/2009\/04\/polizia-locale.jpg","datePublished":"2009-04-08T16:06:47+00:00","breadcrumb":{"@id":"https:\/\/www.bellunopress.it\/2009\/04\/08\/partenza-anticipata-per-danilo-salmaso-lascera-il-comando-dei-vigili-a-luglio\/#breadcrumb"},"inLanguage":"fr-FR","potentialAction":[{"@type":"ReadAction","target":["https:\/\/www.bellunopress.it\/2009\/04\/08\/partenza-anticipata-per-danilo-salmaso-lascera-il-comando-dei-vigili-a-luglio\/"]}]},{"@type":"ImageObject","inLanguage":"fr-FR","@id":"https:\/\/www.bellunopress.it\/2009\/04\/08\/partenza-anticipata-per-danilo-salmaso-lascera-il-comando-dei-vigili-a-luglio\/#primaryimage","url":"http:\/\/www.bellunopress.it\/wp-content\/uploads\/2009\/04\/polizia-locale.jpg","contentUrl":"http:\/\/www.bellunopress.it\/wp-content\/uploads\/2009\/04\/polizia-locale.jpg"},{"@type":"BreadcrumbList","@id":"https:\/\/www.bellunopress.it\/2009\/04\/08\/partenza-anticipata-per-danilo-salmaso-lascera-il-comando-dei-vigili-a-luglio\/#breadcrumb","itemListElement":[{"@type":"ListItem","position":1,"name":"Home","item":"https:\/\/www.bellunopress.it\/"},{"@type":"ListItem","position":2,"name":"Partenza anticipata per Danilo Salmaso: lascer\u00e0 il Comando dei Vigili a luglio"}]},{"@type":"WebSite","@id":"https:\/\/www.bellunopress.it\/#website","url":"https:\/\/www.bellunopress.it\/","name":"Bellunopress - Dolomiti","description":"e-mail: redazione@bellunopress.it","publisher":{"@id":"https:\/\/www.bellunopress.it\/#organization"},"potentialAction":[{"@type":"SearchAction","target":{"@type":"EntryPoint","urlTemplate":"https:\/\/www.bellunopress.it\/?s={search_term_string}"},"query-input":{"@type":"PropertyValueSpecification","valueRequired":true,"valueName":"search_term_string"}}],"inLanguage":"fr-FR"},{"@type":"Organization","@id":"https:\/\/www.bellunopress.it\/#organization","name":"Bellunopress","url":"https:\/\/www.bellunopress.it\/","logo":{"@type":"ImageObject","inLanguage":"fr-FR","@id":"https:\/\/www.bellunopress.it\/#\/schema\/logo\/image\/","url":"https:\/\/www.bellunopress.it\/wp-content\/uploads\/2011\/05\/cropped-logo-bellunopress-.jpg","contentUrl":"https:\/\/www.bellunopress.it\/wp-content\/uploads\/2011\/05\/cropped-logo-bellunopress-.jpg","width":512,"height":512,"caption":"Bellunopress"},"image":{"@id":"https:\/\/www.bellunopress.it\/#\/schema\/logo\/image\/"},"sameAs":["https:\/\/www.facebook.com\/profile.php?id=100008943462799","https:\/\/x.com\/bellunopress","https:\/\/www.linkedin.com\/hp\/?dnr=JBzUWaJfMUw8vbXJJ2tVW5-I3jZKvC4wsoxE&amp;amp;amp;amp;amp;amp;trk=nav_responsive_tab_home","https:\/\/www.youtube.com\/channel\/UCxL0wu1uN0_3_7hGG0306cw"]},{"@type":"Person","@id":"https:\/\/www.bellunopress.it\/#\/schema\/person\/79bb06722b37ece1c03d3e94beb30d73","name":"r\u00e9daction","image":{"@type":"ImageObject","inLanguage":"fr-FR","@id":"https:\/\/secure.gravatar.com\/avatar\/37d968a2e67a6fd04c169c4bdef102d0bc5d31b2546345219e348575eb80e9a0?s=96&d=mm&r=g","url":"https:\/\/secure.gravatar.com\/avatar\/37d968a2e67a6fd04c169c4bdef102d0bc5d31b2546345219e348575eb80e9a0?s=96&d=mm&r=g","contentUrl":"https:\/\/secure.gravatar.com\/avatar\/37d968a2e67a6fd04c169c4bdef102d0bc5d31b2546345219e348575eb80e9a0?s=96&d=mm&r=g","caption":"redazione"},"sameAs":["http:\/\/www.bellunopress.it","https:\/\/x.com\/bellunopress"],"url":"https:\/\/www.bellunopress.it\/fr\/author\/redazione\/"}]}},"_links":{"self":[{"href":"https:\/\/www.bellunopress.it\/fr\/wp-json\/wp\/v2\/posts\/2488","targetHints":{"allow":["GET"]}}],"collection":[{"href":"https:\/\/www.bellunopress.it\/fr\/wp-json\/wp\/v2\/posts"}],"about":[{"href":"https:\/\/www.bellunopress.it\/fr\/wp-json\/wp\/v2\/types\/post"}],"author":[{"embeddable":true,"href":"https:\/\/www.bellunopress.it\/fr\/wp-json\/wp\/v2\/users\/2"}],"replies":[{"embeddable":true,"href":"https:\/\/www.bellunopress.it\/fr\/wp-json\/wp\/v2\/comments?post=2488"}],"version-history":[{"count":1,"href":"https:\/\/www.bellunopress.it\/fr\/wp-json\/wp\/v2\/posts\/2488\/revisions"}],"predecessor-version":[{"id":2489,"href":"https:\/\/www.bellunopress.it\/fr\/wp-json\/wp\/v2\/posts\/2488\/revisions\/2489"}],"wp:attachment":[{"href":"https:\/\/www.bellunopress.it\/fr\/wp-json\/wp\/v2\/media?parent=2488"}],"wp:term":[{"taxonomy":"category","embeddable":true,"href":"https:\/\/www.bellunopress.it\/fr\/wp-json\/wp\/v2\/categories?post=2488"},{"taxonomy":"post_tag","embeddable":true,"href":"https:\/\/www.bellunopress.it\/fr\/wp-json\/wp\/v2\/tags?post=2488"}],"curies":[{"name":"wp","href":"https:\/\/api.w.org\/{rel}","templated":true}]}}