{"id":2484,"date":"2009-04-08T16:42:04","date_gmt":"2009-04-08T15:42:04","guid":{"rendered":"http:\/\/www.bellunopress.it\/?p=2484"},"modified":"2009-04-08T16:42:04","modified_gmt":"2009-04-08T15:42:04","slug":"terremoto-abruzzo-rientrano-i-soccorritori-bellunesi","status":"publish","type":"post","link":"https:\/\/www.bellunopress.it\/fr\/2009\/04\/08\/terremoto-abruzzo-rientrano-i-soccorritori-bellunesi\/","title":{"rendered":"Terremoto Abruzzo: rientrano i soccorritori bellunesi"},"content":{"rendered":"<p><a href=\"http:\/\/www.bellunopress.it\/wp-content\/uploads\/2009\/04\/terremoto-abruzzo-180x240.jpg\"><img loading=\"lazy\" decoding=\"async\" class=\"alignleft size-medium wp-image-2485\" title=\"terremoto-abruzzo-180x240\" src=\"http:\/\/www.bellunopress.it\/wp-content\/uploads\/2009\/04\/terremoto-abruzzo-180x240.jpg\" alt=\"\" width=\"180\" height=\"240\" \/><\/a>Belluno, 08-04-09 Rientreranno oggi in tarda serata le squadre del Soccorso alpino bellunese, composte da 21 tecnici, che da luned\u00ec si trovano in Abruzzo in\u00a0aiuto della popolazione colpita dal terremoto. Su indicazioni del coordinamento delle operazioni di soccorso, si \u00e8 ritenuta esaurit\u00e0 l&#8217;attivit\u00e0 del Soccorso alpino che ha svolto alcune operazioni con l&#8217;elicottero. come sul Gran Sasso per l&#8217;evacuazione dalla funivia di 8 turisti rimasti bloccati per guasto, oltre che il recupero di altre 3 persone rimaste al rifugio e raggiunte<br \/>\noggi, ma soprattutto la ricerca delle persone disperse rimaste sepolte sotto le macerie con 3 unit\u00e0 cinofile, che ha portato purtroppo al ritrovamento di 8 salme. E&#8217; gi\u00e0 stata comunicata alle autorit\u00e0 locali, e a<br \/>\nquanti sovraintendono al coordinamento delle operazioni di soccorso, la disponibilit\u00e0 del Corpo nazionale soccorso alpino e speleologico a mandare ulteriori squadre per interventi specialistici, quali la bonifica ed il disgaggio di pareti rocciose, l&#8217;abbattimento di cornicioni e muri pericolanti, oltre a tutte le varie attivit\u00e0 correlate al lavoro in fune e in altezza. Non sar\u00e0 quindi per ora necessario fare partire altre squadre di soccorritori bellunesi che, in 31, erano comunque gi\u00e0 pronti a sostituire i primi partiti. Rimarranno ancora in Abruzzo fino a sabato 2 unit\u00e0 cinofile da ricerca e 4 specialisti disostruttori del Soccorso alpino<br \/>\nspeleologico VI Delegazione Veneto-Trentino Alto Adige.<\/p>","protected":false},"excerpt":{"rendered":"<p>Belluno, 08-04-09 Rientreranno oggi in tarda serata le squadre del Soccorso alpino bellunese, composte da 21 tecnici, che da luned\u00ec si trovano in Abruzzo in\u00a0aiuto della popolazione colpita dal terremoto. Su indicazioni del coordinamento delle operazioni di soccorso, si \u00e8 ritenuta esaurit\u00e0 l&#8217;attivit\u00e0 del Soccorso alpino che ha svolto alcune operazioni con l&#8217;elicottero. come sul [&hellip;]<\/p>\n","protected":false},"author":2,"featured_media":0,"comment_status":"closed","ping_status":"open","sticky":false,"template":"","format":"standard","meta":{"footnotes":""},"categories":[5,26],"tags":[23],"class_list":["post-2484","post","type-post","status-publish","format-standard","category-cronaca","category-prima-pagina","tag-salp"],"yoast_head":"<!-- This site is optimized with the Yoast SEO plugin v28.4 - https:\/\/yoast.com\/product\/yoast-seo-wordpress\/ -->\n<title>Terremoto Abruzzo: rientrano i soccorritori bellunesi - Bellunopress - Dolomiti<\/title>\n<meta name=\"robots\" content=\"index, follow, max-snippet:-1, max-image-preview:large, max-video-preview:-1\" \/>\n<link rel=\"canonical\" href=\"https:\/\/www.bellunopress.it\/fr\/2009\/04\/08\/terremoto-abruzzo-rientrano-i-soccorritori-bellunesi\/\" \/>\n<meta property=\"og:locale\" content=\"fr_FR\" \/>\n<meta property=\"og:type\" content=\"article\" \/>\n<meta property=\"og:title\" content=\"Terremoto Abruzzo: rientrano i soccorritori bellunesi - Bellunopress - Dolomiti\" \/>\n<meta property=\"og:description\" content=\"Belluno, 08-04-09 Rientreranno oggi in tarda serata le squadre del Soccorso alpino bellunese, composte da 21 tecnici, che da luned\u00ec si trovano in Abruzzo in\u00a0aiuto della popolazione colpita dal terremoto. Su indicazioni del coordinamento delle operazioni di soccorso, si \u00e8 ritenuta esaurit\u00e0 l&#8217;attivit\u00e0 del Soccorso alpino che ha svolto alcune operazioni con l&#8217;elicottero. come sul [&hellip;]\" \/>\n<meta property=\"og:url\" content=\"https:\/\/www.bellunopress.it\/fr\/2009\/04\/08\/terremoto-abruzzo-rientrano-i-soccorritori-bellunesi\/\" \/>\n<meta property=\"og:site_name\" content=\"Bellunopress - Dolomiti\" \/>\n<meta property=\"article:publisher\" content=\"https:\/\/www.facebook.com\/profile.php?id=100008943462799\" \/>\n<meta property=\"article:published_time\" content=\"2009-04-08T15:42:04+00:00\" \/>\n<meta property=\"og:image\" content=\"http:\/\/www.bellunopress.it\/wp-content\/uploads\/2009\/04\/terremoto-abruzzo-180x240.jpg\" \/>\n<meta name=\"author\" content=\"redazione\" \/>\n<meta name=\"twitter:card\" content=\"summary_large_image\" \/>\n<meta name=\"twitter:creator\" content=\"@bellunopress\" \/>\n<meta name=\"twitter:site\" content=\"@bellunopress\" \/>\n<meta name=\"twitter:label1\" content=\"Written by\" \/>\n\t<meta name=\"twitter:data1\" content=\"redazione\" \/>\n\t<meta name=\"twitter:label2\" content=\"Est. reading time\" \/>\n\t<meta name=\"twitter:data2\" content=\"1 minute\" \/>\n<script type=\"application\/ld+json\" class=\"yoast-schema-graph\">{\"@context\":\"https:\\\/\\\/schema.org\",\"@graph\":[{\"@type\":\"Article\",\"@id\":\"https:\\\/\\\/www.bellunopress.it\\\/2009\\\/04\\\/08\\\/terremoto-abruzzo-rientrano-i-soccorritori-bellunesi\\\/#article\",\"isPartOf\":{\"@id\":\"https:\\\/\\\/www.bellunopress.it\\\/2009\\\/04\\\/08\\\/terremoto-abruzzo-rientrano-i-soccorritori-bellunesi\\\/\"},\"author\":{\"name\":\"redazione\",\"@id\":\"https:\\\/\\\/www.bellunopress.it\\\/#\\\/schema\\\/person\\\/79bb06722b37ece1c03d3e94beb30d73\"},\"headline\":\"Terremoto Abruzzo: rientrano i soccorritori bellunesi\",\"datePublished\":\"2009-04-08T15:42:04+00:00\",\"mainEntityOfPage\":{\"@id\":\"https:\\\/\\\/www.bellunopress.it\\\/2009\\\/04\\\/08\\\/terremoto-abruzzo-rientrano-i-soccorritori-bellunesi\\\/\"},\"wordCount\":222,\"publisher\":{\"@id\":\"https:\\\/\\\/www.bellunopress.it\\\/#organization\"},\"image\":{\"@id\":\"https:\\\/\\\/www.bellunopress.it\\\/2009\\\/04\\\/08\\\/terremoto-abruzzo-rientrano-i-soccorritori-bellunesi\\\/#primaryimage\"},\"thumbnailUrl\":\"http:\\\/\\\/www.bellunopress.it\\\/wp-content\\\/uploads\\\/2009\\\/04\\\/terremoto-abruzzo-180x240.jpg\",\"keywords\":[\"Soccorso Alpino\"],\"articleSection\":[\"Cronaca\\\/Politica\",\"Prima Pagina\"],\"inLanguage\":\"fr-FR\"},{\"@type\":\"WebPage\",\"@id\":\"https:\\\/\\\/www.bellunopress.it\\\/2009\\\/04\\\/08\\\/terremoto-abruzzo-rientrano-i-soccorritori-bellunesi\\\/\",\"url\":\"https:\\\/\\\/www.bellunopress.it\\\/2009\\\/04\\\/08\\\/terremoto-abruzzo-rientrano-i-soccorritori-bellunesi\\\/\",\"name\":\"Terremoto Abruzzo: rientrano i soccorritori bellunesi - Bellunopress - Dolomiti\",\"isPartOf\":{\"@id\":\"https:\\\/\\\/www.bellunopress.it\\\/#website\"},\"primaryImageOfPage\":{\"@id\":\"https:\\\/\\\/www.bellunopress.it\\\/2009\\\/04\\\/08\\\/terremoto-abruzzo-rientrano-i-soccorritori-bellunesi\\\/#primaryimage\"},\"image\":{\"@id\":\"https:\\\/\\\/www.bellunopress.it\\\/2009\\\/04\\\/08\\\/terremoto-abruzzo-rientrano-i-soccorritori-bellunesi\\\/#primaryimage\"},\"thumbnailUrl\":\"http:\\\/\\\/www.bellunopress.it\\\/wp-content\\\/uploads\\\/2009\\\/04\\\/terremoto-abruzzo-180x240.jpg\",\"datePublished\":\"2009-04-08T15:42:04+00:00\",\"breadcrumb\":{\"@id\":\"https:\\\/\\\/www.bellunopress.it\\\/2009\\\/04\\\/08\\\/terremoto-abruzzo-rientrano-i-soccorritori-bellunesi\\\/#breadcrumb\"},\"inLanguage\":\"fr-FR\",\"potentialAction\":[{\"@type\":\"ReadAction\",\"target\":[\"https:\\\/\\\/www.bellunopress.it\\\/2009\\\/04\\\/08\\\/terremoto-abruzzo-rientrano-i-soccorritori-bellunesi\\\/\"]}]},{\"@type\":\"ImageObject\",\"inLanguage\":\"fr-FR\",\"@id\":\"https:\\\/\\\/www.bellunopress.it\\\/2009\\\/04\\\/08\\\/terremoto-abruzzo-rientrano-i-soccorritori-bellunesi\\\/#primaryimage\",\"url\":\"http:\\\/\\\/www.bellunopress.it\\\/wp-content\\\/uploads\\\/2009\\\/04\\\/terremoto-abruzzo-180x240.jpg\",\"contentUrl\":\"http:\\\/\\\/www.bellunopress.it\\\/wp-content\\\/uploads\\\/2009\\\/04\\\/terremoto-abruzzo-180x240.jpg\"},{\"@type\":\"BreadcrumbList\",\"@id\":\"https:\\\/\\\/www.bellunopress.it\\\/2009\\\/04\\\/08\\\/terremoto-abruzzo-rientrano-i-soccorritori-bellunesi\\\/#breadcrumb\",\"itemListElement\":[{\"@type\":\"ListItem\",\"position\":1,\"name\":\"Home\",\"item\":\"https:\\\/\\\/www.bellunopress.it\\\/\"},{\"@type\":\"ListItem\",\"position\":2,\"name\":\"Terremoto Abruzzo: rientrano i soccorritori bellunesi\"}]},{\"@type\":\"WebSite\",\"@id\":\"https:\\\/\\\/www.bellunopress.it\\\/#website\",\"url\":\"https:\\\/\\\/www.bellunopress.it\\\/\",\"name\":\"Bellunopress - Dolomiti\",\"description\":\"e-mail: redazione@bellunopress.it\",\"publisher\":{\"@id\":\"https:\\\/\\\/www.bellunopress.it\\\/#organization\"},\"potentialAction\":[{\"@type\":\"SearchAction\",\"target\":{\"@type\":\"EntryPoint\",\"urlTemplate\":\"https:\\\/\\\/www.bellunopress.it\\\/?s={search_term_string}\"},\"query-input\":{\"@type\":\"PropertyValueSpecification\",\"valueRequired\":true,\"valueName\":\"search_term_string\"}}],\"inLanguage\":\"fr-FR\"},{\"@type\":\"Organization\",\"@id\":\"https:\\\/\\\/www.bellunopress.it\\\/#organization\",\"name\":\"Bellunopress\",\"url\":\"https:\\\/\\\/www.bellunopress.it\\\/\",\"logo\":{\"@type\":\"ImageObject\",\"inLanguage\":\"fr-FR\",\"@id\":\"https:\\\/\\\/www.bellunopress.it\\\/#\\\/schema\\\/logo\\\/image\\\/\",\"url\":\"https:\\\/\\\/www.bellunopress.it\\\/wp-content\\\/uploads\\\/2011\\\/05\\\/cropped-logo-bellunopress-.jpg\",\"contentUrl\":\"https:\\\/\\\/www.bellunopress.it\\\/wp-content\\\/uploads\\\/2011\\\/05\\\/cropped-logo-bellunopress-.jpg\",\"width\":512,\"height\":512,\"caption\":\"Bellunopress\"},\"image\":{\"@id\":\"https:\\\/\\\/www.bellunopress.it\\\/#\\\/schema\\\/logo\\\/image\\\/\"},\"sameAs\":[\"https:\\\/\\\/www.facebook.com\\\/profile.php?id=100008943462799\",\"https:\\\/\\\/x.com\\\/bellunopress\",\"https:\\\/\\\/www.linkedin.com\\\/hp\\\/?dnr=JBzUWaJfMUw8vbXJJ2tVW5-I3jZKvC4wsoxE&amp;amp;amp;amp;amp;amp;trk=nav_responsive_tab_home\",\"https:\\\/\\\/www.youtube.com\\\/channel\\\/UCxL0wu1uN0_3_7hGG0306cw\"]},{\"@type\":\"Person\",\"@id\":\"https:\\\/\\\/www.bellunopress.it\\\/#\\\/schema\\\/person\\\/79bb06722b37ece1c03d3e94beb30d73\",\"name\":\"redazione\",\"image\":{\"@type\":\"ImageObject\",\"inLanguage\":\"fr-FR\",\"@id\":\"https:\\\/\\\/secure.gravatar.com\\\/avatar\\\/37d968a2e67a6fd04c169c4bdef102d0bc5d31b2546345219e348575eb80e9a0?s=96&d=mm&r=g\",\"url\":\"https:\\\/\\\/secure.gravatar.com\\\/avatar\\\/37d968a2e67a6fd04c169c4bdef102d0bc5d31b2546345219e348575eb80e9a0?s=96&d=mm&r=g\",\"contentUrl\":\"https:\\\/\\\/secure.gravatar.com\\\/avatar\\\/37d968a2e67a6fd04c169c4bdef102d0bc5d31b2546345219e348575eb80e9a0?s=96&d=mm&r=g\",\"caption\":\"redazione\"},\"sameAs\":[\"http:\\\/\\\/www.bellunopress.it\",\"https:\\\/\\\/x.com\\\/bellunopress\"],\"url\":\"https:\\\/\\\/www.bellunopress.it\\\/fr\\\/author\\\/redazione\\\/\"}]}<\/script>\n<!-- \/ Yoast SEO plugin. -->","yoast_head_json":{"title":"Terremoto Abruzzo: rientrano i soccorritori bellunesi - Bellunopress - Dolomiti","robots":{"index":"index","follow":"follow","max-snippet":"max-snippet:-1","max-image-preview":"max-image-preview:large","max-video-preview":"max-video-preview:-1"},"canonical":"https:\/\/www.bellunopress.it\/fr\/2009\/04\/08\/terremoto-abruzzo-rientrano-i-soccorritori-bellunesi\/","og_locale":"fr_FR","og_type":"article","og_title":"Terremoto Abruzzo: rientrano i soccorritori bellunesi - Bellunopress - Dolomiti","og_description":"Belluno, 08-04-09 Rientreranno oggi in tarda serata le squadre del Soccorso alpino bellunese, composte da 21 tecnici, che da luned\u00ec si trovano in Abruzzo in\u00a0aiuto della popolazione colpita dal terremoto. Su indicazioni del coordinamento delle operazioni di soccorso, si \u00e8 ritenuta esaurit\u00e0 l&#8217;attivit\u00e0 del Soccorso alpino che ha svolto alcune operazioni con l&#8217;elicottero. come sul [&hellip;]","og_url":"https:\/\/www.bellunopress.it\/fr\/2009\/04\/08\/terremoto-abruzzo-rientrano-i-soccorritori-bellunesi\/","og_site_name":"Bellunopress - Dolomiti","article_publisher":"https:\/\/www.facebook.com\/profile.php?id=100008943462799","article_published_time":"2009-04-08T15:42:04+00:00","og_image":[{"url":"http:\/\/www.bellunopress.it\/wp-content\/uploads\/2009\/04\/terremoto-abruzzo-180x240.jpg","type":"","width":"","height":""}],"author":"redazione","twitter_card":"summary_large_image","twitter_creator":"@bellunopress","twitter_site":"@bellunopress","twitter_misc":{"Written by":"redazione","Est. reading time":"1 minute"},"schema":{"@context":"https:\/\/schema.org","@graph":[{"@type":"Article","@id":"https:\/\/www.bellunopress.it\/2009\/04\/08\/terremoto-abruzzo-rientrano-i-soccorritori-bellunesi\/#article","isPartOf":{"@id":"https:\/\/www.bellunopress.it\/2009\/04\/08\/terremoto-abruzzo-rientrano-i-soccorritori-bellunesi\/"},"author":{"name":"redazione","@id":"https:\/\/www.bellunopress.it\/#\/schema\/person\/79bb06722b37ece1c03d3e94beb30d73"},"headline":"Terremoto Abruzzo: rientrano i soccorritori bellunesi","datePublished":"2009-04-08T15:42:04+00:00","mainEntityOfPage":{"@id":"https:\/\/www.bellunopress.it\/2009\/04\/08\/terremoto-abruzzo-rientrano-i-soccorritori-bellunesi\/"},"wordCount":222,"publisher":{"@id":"https:\/\/www.bellunopress.it\/#organization"},"image":{"@id":"https:\/\/www.bellunopress.it\/2009\/04\/08\/terremoto-abruzzo-rientrano-i-soccorritori-bellunesi\/#primaryimage"},"thumbnailUrl":"http:\/\/www.bellunopress.it\/wp-content\/uploads\/2009\/04\/terremoto-abruzzo-180x240.jpg","keywords":["Soccorso Alpino"],"articleSection":["Cronaca\/Politica","Prima Pagina"],"inLanguage":"fr-FR"},{"@type":"WebPage","@id":"https:\/\/www.bellunopress.it\/2009\/04\/08\/terremoto-abruzzo-rientrano-i-soccorritori-bellunesi\/","url":"https:\/\/www.bellunopress.it\/2009\/04\/08\/terremoto-abruzzo-rientrano-i-soccorritori-bellunesi\/","name":"Terremoto Abruzzo: rientrano i soccorritori bellunesi - Bellunopress - Dolomiti","isPartOf":{"@id":"https:\/\/www.bellunopress.it\/#website"},"primaryImageOfPage":{"@id":"https:\/\/www.bellunopress.it\/2009\/04\/08\/terremoto-abruzzo-rientrano-i-soccorritori-bellunesi\/#primaryimage"},"image":{"@id":"https:\/\/www.bellunopress.it\/2009\/04\/08\/terremoto-abruzzo-rientrano-i-soccorritori-bellunesi\/#primaryimage"},"thumbnailUrl":"http:\/\/www.bellunopress.it\/wp-content\/uploads\/2009\/04\/terremoto-abruzzo-180x240.jpg","datePublished":"2009-04-08T15:42:04+00:00","breadcrumb":{"@id":"https:\/\/www.bellunopress.it\/2009\/04\/08\/terremoto-abruzzo-rientrano-i-soccorritori-bellunesi\/#breadcrumb"},"inLanguage":"fr-FR","potentialAction":[{"@type":"ReadAction","target":["https:\/\/www.bellunopress.it\/2009\/04\/08\/terremoto-abruzzo-rientrano-i-soccorritori-bellunesi\/"]}]},{"@type":"ImageObject","inLanguage":"fr-FR","@id":"https:\/\/www.bellunopress.it\/2009\/04\/08\/terremoto-abruzzo-rientrano-i-soccorritori-bellunesi\/#primaryimage","url":"http:\/\/www.bellunopress.it\/wp-content\/uploads\/2009\/04\/terremoto-abruzzo-180x240.jpg","contentUrl":"http:\/\/www.bellunopress.it\/wp-content\/uploads\/2009\/04\/terremoto-abruzzo-180x240.jpg"},{"@type":"BreadcrumbList","@id":"https:\/\/www.bellunopress.it\/2009\/04\/08\/terremoto-abruzzo-rientrano-i-soccorritori-bellunesi\/#breadcrumb","itemListElement":[{"@type":"ListItem","position":1,"name":"Home","item":"https:\/\/www.bellunopress.it\/"},{"@type":"ListItem","position":2,"name":"Terremoto Abruzzo: rientrano i soccorritori bellunesi"}]},{"@type":"WebSite","@id":"https:\/\/www.bellunopress.it\/#website","url":"https:\/\/www.bellunopress.it\/","name":"Bellunopress - Dolomiti","description":"e-mail: redazione@bellunopress.it","publisher":{"@id":"https:\/\/www.bellunopress.it\/#organization"},"potentialAction":[{"@type":"SearchAction","target":{"@type":"EntryPoint","urlTemplate":"https:\/\/www.bellunopress.it\/?s={search_term_string}"},"query-input":{"@type":"PropertyValueSpecification","valueRequired":true,"valueName":"search_term_string"}}],"inLanguage":"fr-FR"},{"@type":"Organization","@id":"https:\/\/www.bellunopress.it\/#organization","name":"Bellunopress","url":"https:\/\/www.bellunopress.it\/","logo":{"@type":"ImageObject","inLanguage":"fr-FR","@id":"https:\/\/www.bellunopress.it\/#\/schema\/logo\/image\/","url":"https:\/\/www.bellunopress.it\/wp-content\/uploads\/2011\/05\/cropped-logo-bellunopress-.jpg","contentUrl":"https:\/\/www.bellunopress.it\/wp-content\/uploads\/2011\/05\/cropped-logo-bellunopress-.jpg","width":512,"height":512,"caption":"Bellunopress"},"image":{"@id":"https:\/\/www.bellunopress.it\/#\/schema\/logo\/image\/"},"sameAs":["https:\/\/www.facebook.com\/profile.php?id=100008943462799","https:\/\/x.com\/bellunopress","https:\/\/www.linkedin.com\/hp\/?dnr=JBzUWaJfMUw8vbXJJ2tVW5-I3jZKvC4wsoxE&amp;amp;amp;amp;amp;amp;trk=nav_responsive_tab_home","https:\/\/www.youtube.com\/channel\/UCxL0wu1uN0_3_7hGG0306cw"]},{"@type":"Person","@id":"https:\/\/www.bellunopress.it\/#\/schema\/person\/79bb06722b37ece1c03d3e94beb30d73","name":"r\u00e9daction","image":{"@type":"ImageObject","inLanguage":"fr-FR","@id":"https:\/\/secure.gravatar.com\/avatar\/37d968a2e67a6fd04c169c4bdef102d0bc5d31b2546345219e348575eb80e9a0?s=96&d=mm&r=g","url":"https:\/\/secure.gravatar.com\/avatar\/37d968a2e67a6fd04c169c4bdef102d0bc5d31b2546345219e348575eb80e9a0?s=96&d=mm&r=g","contentUrl":"https:\/\/secure.gravatar.com\/avatar\/37d968a2e67a6fd04c169c4bdef102d0bc5d31b2546345219e348575eb80e9a0?s=96&d=mm&r=g","caption":"redazione"},"sameAs":["http:\/\/www.bellunopress.it","https:\/\/x.com\/bellunopress"],"url":"https:\/\/www.bellunopress.it\/fr\/author\/redazione\/"}]}},"_links":{"self":[{"href":"https:\/\/www.bellunopress.it\/fr\/wp-json\/wp\/v2\/posts\/2484","targetHints":{"allow":["GET"]}}],"collection":[{"href":"https:\/\/www.bellunopress.it\/fr\/wp-json\/wp\/v2\/posts"}],"about":[{"href":"https:\/\/www.bellunopress.it\/fr\/wp-json\/wp\/v2\/types\/post"}],"author":[{"embeddable":true,"href":"https:\/\/www.bellunopress.it\/fr\/wp-json\/wp\/v2\/users\/2"}],"replies":[{"embeddable":true,"href":"https:\/\/www.bellunopress.it\/fr\/wp-json\/wp\/v2\/comments?post=2484"}],"version-history":[{"count":1,"href":"https:\/\/www.bellunopress.it\/fr\/wp-json\/wp\/v2\/posts\/2484\/revisions"}],"predecessor-version":[{"id":2487,"href":"https:\/\/www.bellunopress.it\/fr\/wp-json\/wp\/v2\/posts\/2484\/revisions\/2487"}],"wp:attachment":[{"href":"https:\/\/www.bellunopress.it\/fr\/wp-json\/wp\/v2\/media?parent=2484"}],"wp:term":[{"taxonomy":"category","embeddable":true,"href":"https:\/\/www.bellunopress.it\/fr\/wp-json\/wp\/v2\/categories?post=2484"},{"taxonomy":"post_tag","embeddable":true,"href":"https:\/\/www.bellunopress.it\/fr\/wp-json\/wp\/v2\/tags?post=2484"}],"curies":[{"name":"wp","href":"https:\/\/api.w.org\/{rel}","templated":true}]}}