{"id":2467,"date":"2009-04-08T11:35:59","date_gmt":"2009-04-08T10:35:59","guid":{"rendered":"http:\/\/www.bellunopress.it\/?p=2467"},"modified":"2009-04-08T11:35:59","modified_gmt":"2009-04-08T10:35:59","slug":"il-comune-di-belluno-aderisce-al-fondo-di-solidarieta","status":"publish","type":"post","link":"https:\/\/www.bellunopress.it\/fr\/2009\/04\/08\/il-comune-di-belluno-aderisce-al-fondo-di-solidarieta\/","title":{"rendered":"Il Comune di Belluno aderisce al fondo di solidariet\u00e0"},"content":{"rendered":"<p><a href=\"http:\/\/www.bellunopress.it\/wp-content\/uploads\/2009\/02\/antonio-prade-80x80.jpg\"><img loading=\"lazy\" decoding=\"async\" class=\"alignleft size-medium wp-image-582\" title=\"antonio-prade-80x80\" src=\"http:\/\/www.bellunopress.it\/wp-content\/uploads\/2009\/02\/antonio-prade-80x80.jpg\" alt=\"\" width=\"80\" height=\"82\" \/><\/a>Anche il Comune di Belluno, formalizzer\u00e0 la propria adesione al Fondo di solidariet\u00e0 per chi perde il lavoro. Si tratta di una iniziativa diretta ad esprimere un segno di prossimit\u00e0 verso coloro che in questo periodo perdono il lavoro oppure si trovano in una eccezionale situazione di difficolt\u00e0 economica. \u201cNon potevamo non essere fra i sottoscrittori di questa iniziativa \u2013 ha detto il sindaco di Belluno Antonio Prade \u2013 perch\u00e9 \u00e8 giusto che una molteplicit\u00e0 di enti pubblici e privati si diano da fare per attutire il colpo della crisi economica che si fa sentire anche nella nostra provincia\u201d.<br \/>\nMa vale la pena di ricordare \u2013 continua Prade &#8211; che vi sono altri strumenti per contribuire alle politiche di solidariet\u00e0. Una, in particolare, \u00e8 di attualit\u00e0 e a disposizione di ogni contribuente. E&#8217; possibile, infatti, senza oneri aggiuntivi, destinare il 5 per mille delle proprie tasse a sostenere le attivit\u00e0 sciali del Comune di residenza. Basta una semplice firma sul modulo per aiutare ad alleviare situazioni di disagio sociale con interventi a favore dei disabili, degli anziani, dei nuclei familiari numerosi e di tutti coloro che hanno bisogno. Non \u00e8 una tassa in pi\u00f9 ma una parte delle nostre tasse che, invece di andare a Roma, resta al nostro Comune. Una briciola di federalismo fiscale, ecco perch\u00e9 spero che i miei concittadini firmino numerosi\u201d.<\/p>","protected":false},"excerpt":{"rendered":"<p>Anche il Comune di Belluno, formalizzer\u00e0 la propria adesione al Fondo di solidariet\u00e0 per chi perde il lavoro. Si tratta di una iniziativa diretta ad esprimere un segno di prossimit\u00e0 verso coloro che in questo periodo perdono il lavoro oppure si trovano in una eccezionale situazione di difficolt\u00e0 economica. \u201cNon potevamo non essere fra i [&hellip;]<\/p>\n","protected":false},"author":2,"featured_media":0,"comment_status":"closed","ping_status":"open","sticky":false,"template":"","format":"standard","meta":{"footnotes":""},"categories":[5,26],"tags":[139],"class_list":["post-2467","post","type-post","status-publish","format-standard","category-cronaca","category-prima-pagina","tag-belluno"],"yoast_head":"<!-- This site is optimized with the Yoast SEO plugin v28.4 - https:\/\/yoast.com\/product\/yoast-seo-wordpress\/ -->\n<title>Il Comune di Belluno aderisce al fondo di solidariet\u00e0  - Bellunopress - Dolomiti<\/title>\n<meta name=\"robots\" content=\"index, follow, max-snippet:-1, max-image-preview:large, max-video-preview:-1\" \/>\n<link rel=\"canonical\" href=\"https:\/\/www.bellunopress.it\/fr\/2009\/04\/08\/il-comune-di-belluno-aderisce-al-fondo-di-solidarieta\/\" \/>\n<meta property=\"og:locale\" content=\"fr_FR\" \/>\n<meta property=\"og:type\" content=\"article\" \/>\n<meta property=\"og:title\" content=\"Il Comune di Belluno aderisce al fondo di solidariet\u00e0  - Bellunopress - Dolomiti\" \/>\n<meta property=\"og:description\" content=\"Anche il Comune di Belluno, formalizzer\u00e0 la propria adesione al Fondo di solidariet\u00e0 per chi perde il lavoro. Si tratta di una iniziativa diretta ad esprimere un segno di prossimit\u00e0 verso coloro che in questo periodo perdono il lavoro oppure si trovano in una eccezionale situazione di difficolt\u00e0 economica. \u201cNon potevamo non essere fra i [&hellip;]\" \/>\n<meta property=\"og:url\" content=\"https:\/\/www.bellunopress.it\/fr\/2009\/04\/08\/il-comune-di-belluno-aderisce-al-fondo-di-solidarieta\/\" \/>\n<meta property=\"og:site_name\" content=\"Bellunopress - Dolomiti\" \/>\n<meta property=\"article:publisher\" content=\"https:\/\/www.facebook.com\/profile.php?id=100008943462799\" \/>\n<meta property=\"article:published_time\" content=\"2009-04-08T10:35:59+00:00\" \/>\n<meta property=\"og:image\" content=\"http:\/\/www.bellunopress.it\/wp-content\/uploads\/2009\/02\/antonio-prade-80x80.jpg\" \/>\n<meta name=\"author\" content=\"redazione\" \/>\n<meta name=\"twitter:card\" content=\"summary_large_image\" \/>\n<meta name=\"twitter:creator\" content=\"@bellunopress\" \/>\n<meta name=\"twitter:site\" content=\"@bellunopress\" \/>\n<meta name=\"twitter:label1\" content=\"\u00c9crit par\" \/>\n\t<meta name=\"twitter:data1\" content=\"redazione\" \/>\n\t<meta name=\"twitter:label2\" content=\"Dur\u00e9e de lecture estim\u00e9e\" \/>\n\t<meta name=\"twitter:data2\" content=\"1 minute\" \/>\n<script type=\"application\/ld+json\" class=\"yoast-schema-graph\">{\"@context\":\"https:\\\/\\\/schema.org\",\"@graph\":[{\"@type\":\"Article\",\"@id\":\"https:\\\/\\\/www.bellunopress.it\\\/2009\\\/04\\\/08\\\/il-comune-di-belluno-aderisce-al-fondo-di-solidarieta\\\/#article\",\"isPartOf\":{\"@id\":\"https:\\\/\\\/www.bellunopress.it\\\/2009\\\/04\\\/08\\\/il-comune-di-belluno-aderisce-al-fondo-di-solidarieta\\\/\"},\"author\":{\"name\":\"redazione\",\"@id\":\"https:\\\/\\\/www.bellunopress.it\\\/#\\\/schema\\\/person\\\/79bb06722b37ece1c03d3e94beb30d73\"},\"headline\":\"Il Comune di Belluno aderisce al fondo di solidariet\u00e0\",\"datePublished\":\"2009-04-08T10:35:59+00:00\",\"mainEntityOfPage\":{\"@id\":\"https:\\\/\\\/www.bellunopress.it\\\/2009\\\/04\\\/08\\\/il-comune-di-belluno-aderisce-al-fondo-di-solidarieta\\\/\"},\"wordCount\":226,\"publisher\":{\"@id\":\"https:\\\/\\\/www.bellunopress.it\\\/#organization\"},\"image\":{\"@id\":\"https:\\\/\\\/www.bellunopress.it\\\/2009\\\/04\\\/08\\\/il-comune-di-belluno-aderisce-al-fondo-di-solidarieta\\\/#primaryimage\"},\"thumbnailUrl\":\"http:\\\/\\\/www.bellunopress.it\\\/wp-content\\\/uploads\\\/2009\\\/02\\\/antonio-prade-80x80.jpg\",\"keywords\":[\"Belluno\"],\"articleSection\":[\"Cronaca\\\/Politica\",\"Prima Pagina\"],\"inLanguage\":\"fr-FR\"},{\"@type\":\"WebPage\",\"@id\":\"https:\\\/\\\/www.bellunopress.it\\\/2009\\\/04\\\/08\\\/il-comune-di-belluno-aderisce-al-fondo-di-solidarieta\\\/\",\"url\":\"https:\\\/\\\/www.bellunopress.it\\\/2009\\\/04\\\/08\\\/il-comune-di-belluno-aderisce-al-fondo-di-solidarieta\\\/\",\"name\":\"Il Comune di Belluno aderisce al fondo di solidariet\u00e0 - Bellunopress - Dolomiti\",\"isPartOf\":{\"@id\":\"https:\\\/\\\/www.bellunopress.it\\\/#website\"},\"primaryImageOfPage\":{\"@id\":\"https:\\\/\\\/www.bellunopress.it\\\/2009\\\/04\\\/08\\\/il-comune-di-belluno-aderisce-al-fondo-di-solidarieta\\\/#primaryimage\"},\"image\":{\"@id\":\"https:\\\/\\\/www.bellunopress.it\\\/2009\\\/04\\\/08\\\/il-comune-di-belluno-aderisce-al-fondo-di-solidarieta\\\/#primaryimage\"},\"thumbnailUrl\":\"http:\\\/\\\/www.bellunopress.it\\\/wp-content\\\/uploads\\\/2009\\\/02\\\/antonio-prade-80x80.jpg\",\"datePublished\":\"2009-04-08T10:35:59+00:00\",\"breadcrumb\":{\"@id\":\"https:\\\/\\\/www.bellunopress.it\\\/2009\\\/04\\\/08\\\/il-comune-di-belluno-aderisce-al-fondo-di-solidarieta\\\/#breadcrumb\"},\"inLanguage\":\"fr-FR\",\"potentialAction\":[{\"@type\":\"ReadAction\",\"target\":[\"https:\\\/\\\/www.bellunopress.it\\\/2009\\\/04\\\/08\\\/il-comune-di-belluno-aderisce-al-fondo-di-solidarieta\\\/\"]}]},{\"@type\":\"ImageObject\",\"inLanguage\":\"fr-FR\",\"@id\":\"https:\\\/\\\/www.bellunopress.it\\\/2009\\\/04\\\/08\\\/il-comune-di-belluno-aderisce-al-fondo-di-solidarieta\\\/#primaryimage\",\"url\":\"http:\\\/\\\/www.bellunopress.it\\\/wp-content\\\/uploads\\\/2009\\\/02\\\/antonio-prade-80x80.jpg\",\"contentUrl\":\"http:\\\/\\\/www.bellunopress.it\\\/wp-content\\\/uploads\\\/2009\\\/02\\\/antonio-prade-80x80.jpg\"},{\"@type\":\"BreadcrumbList\",\"@id\":\"https:\\\/\\\/www.bellunopress.it\\\/2009\\\/04\\\/08\\\/il-comune-di-belluno-aderisce-al-fondo-di-solidarieta\\\/#breadcrumb\",\"itemListElement\":[{\"@type\":\"ListItem\",\"position\":1,\"name\":\"Home\",\"item\":\"https:\\\/\\\/www.bellunopress.it\\\/\"},{\"@type\":\"ListItem\",\"position\":2,\"name\":\"Il Comune di Belluno aderisce al fondo di solidariet\u00e0\"}]},{\"@type\":\"WebSite\",\"@id\":\"https:\\\/\\\/www.bellunopress.it\\\/#website\",\"url\":\"https:\\\/\\\/www.bellunopress.it\\\/\",\"name\":\"Bellunopress - Dolomiti\",\"description\":\"e-mail: redazione@bellunopress.it\",\"publisher\":{\"@id\":\"https:\\\/\\\/www.bellunopress.it\\\/#organization\"},\"potentialAction\":[{\"@type\":\"SearchAction\",\"target\":{\"@type\":\"EntryPoint\",\"urlTemplate\":\"https:\\\/\\\/www.bellunopress.it\\\/?s={search_term_string}\"},\"query-input\":{\"@type\":\"PropertyValueSpecification\",\"valueRequired\":true,\"valueName\":\"search_term_string\"}}],\"inLanguage\":\"fr-FR\"},{\"@type\":\"Organization\",\"@id\":\"https:\\\/\\\/www.bellunopress.it\\\/#organization\",\"name\":\"Bellunopress\",\"url\":\"https:\\\/\\\/www.bellunopress.it\\\/\",\"logo\":{\"@type\":\"ImageObject\",\"inLanguage\":\"fr-FR\",\"@id\":\"https:\\\/\\\/www.bellunopress.it\\\/#\\\/schema\\\/logo\\\/image\\\/\",\"url\":\"https:\\\/\\\/www.bellunopress.it\\\/wp-content\\\/uploads\\\/2011\\\/05\\\/cropped-logo-bellunopress-.jpg\",\"contentUrl\":\"https:\\\/\\\/www.bellunopress.it\\\/wp-content\\\/uploads\\\/2011\\\/05\\\/cropped-logo-bellunopress-.jpg\",\"width\":512,\"height\":512,\"caption\":\"Bellunopress\"},\"image\":{\"@id\":\"https:\\\/\\\/www.bellunopress.it\\\/#\\\/schema\\\/logo\\\/image\\\/\"},\"sameAs\":[\"https:\\\/\\\/www.facebook.com\\\/profile.php?id=100008943462799\",\"https:\\\/\\\/x.com\\\/bellunopress\",\"https:\\\/\\\/www.linkedin.com\\\/hp\\\/?dnr=JBzUWaJfMUw8vbXJJ2tVW5-I3jZKvC4wsoxE&amp;amp;amp;amp;amp;amp;trk=nav_responsive_tab_home\",\"https:\\\/\\\/www.youtube.com\\\/channel\\\/UCxL0wu1uN0_3_7hGG0306cw\"]},{\"@type\":\"Person\",\"@id\":\"https:\\\/\\\/www.bellunopress.it\\\/#\\\/schema\\\/person\\\/79bb06722b37ece1c03d3e94beb30d73\",\"name\":\"redazione\",\"image\":{\"@type\":\"ImageObject\",\"inLanguage\":\"fr-FR\",\"@id\":\"https:\\\/\\\/secure.gravatar.com\\\/avatar\\\/37d968a2e67a6fd04c169c4bdef102d0bc5d31b2546345219e348575eb80e9a0?s=96&d=mm&r=g\",\"url\":\"https:\\\/\\\/secure.gravatar.com\\\/avatar\\\/37d968a2e67a6fd04c169c4bdef102d0bc5d31b2546345219e348575eb80e9a0?s=96&d=mm&r=g\",\"contentUrl\":\"https:\\\/\\\/secure.gravatar.com\\\/avatar\\\/37d968a2e67a6fd04c169c4bdef102d0bc5d31b2546345219e348575eb80e9a0?s=96&d=mm&r=g\",\"caption\":\"redazione\"},\"sameAs\":[\"http:\\\/\\\/www.bellunopress.it\",\"https:\\\/\\\/x.com\\\/bellunopress\"],\"url\":\"https:\\\/\\\/www.bellunopress.it\\\/fr\\\/author\\\/redazione\\\/\"}]}<\/script>\n<!-- \/ Yoast SEO plugin. -->","yoast_head_json":{"title":"Il Comune di Belluno aderisce al fondo di solidariet\u00e0  - Bellunopress - Dolomiti","robots":{"index":"index","follow":"follow","max-snippet":"max-snippet:-1","max-image-preview":"max-image-preview:large","max-video-preview":"max-video-preview:-1"},"canonical":"https:\/\/www.bellunopress.it\/fr\/2009\/04\/08\/il-comune-di-belluno-aderisce-al-fondo-di-solidarieta\/","og_locale":"fr_FR","og_type":"article","og_title":"Il Comune di Belluno aderisce al fondo di solidariet\u00e0  - Bellunopress - Dolomiti","og_description":"Anche il Comune di Belluno, formalizzer\u00e0 la propria adesione al Fondo di solidariet\u00e0 per chi perde il lavoro. Si tratta di una iniziativa diretta ad esprimere un segno di prossimit\u00e0 verso coloro che in questo periodo perdono il lavoro oppure si trovano in una eccezionale situazione di difficolt\u00e0 economica. \u201cNon potevamo non essere fra i [&hellip;]","og_url":"https:\/\/www.bellunopress.it\/fr\/2009\/04\/08\/il-comune-di-belluno-aderisce-al-fondo-di-solidarieta\/","og_site_name":"Bellunopress - Dolomiti","article_publisher":"https:\/\/www.facebook.com\/profile.php?id=100008943462799","article_published_time":"2009-04-08T10:35:59+00:00","og_image":[{"url":"http:\/\/www.bellunopress.it\/wp-content\/uploads\/2009\/02\/antonio-prade-80x80.jpg","type":"","width":"","height":""}],"author":"redazione","twitter_card":"summary_large_image","twitter_creator":"@bellunopress","twitter_site":"@bellunopress","twitter_misc":{"\u00c9crit par":"redazione","Dur\u00e9e de lecture estim\u00e9e":"1 minute"},"schema":{"@context":"https:\/\/schema.org","@graph":[{"@type":"Article","@id":"https:\/\/www.bellunopress.it\/2009\/04\/08\/il-comune-di-belluno-aderisce-al-fondo-di-solidarieta\/#article","isPartOf":{"@id":"https:\/\/www.bellunopress.it\/2009\/04\/08\/il-comune-di-belluno-aderisce-al-fondo-di-solidarieta\/"},"author":{"name":"redazione","@id":"https:\/\/www.bellunopress.it\/#\/schema\/person\/79bb06722b37ece1c03d3e94beb30d73"},"headline":"Il Comune di Belluno aderisce al fondo di solidariet\u00e0","datePublished":"2009-04-08T10:35:59+00:00","mainEntityOfPage":{"@id":"https:\/\/www.bellunopress.it\/2009\/04\/08\/il-comune-di-belluno-aderisce-al-fondo-di-solidarieta\/"},"wordCount":226,"publisher":{"@id":"https:\/\/www.bellunopress.it\/#organization"},"image":{"@id":"https:\/\/www.bellunopress.it\/2009\/04\/08\/il-comune-di-belluno-aderisce-al-fondo-di-solidarieta\/#primaryimage"},"thumbnailUrl":"http:\/\/www.bellunopress.it\/wp-content\/uploads\/2009\/02\/antonio-prade-80x80.jpg","keywords":["Belluno"],"articleSection":["Cronaca\/Politica","Prima Pagina"],"inLanguage":"fr-FR"},{"@type":"WebPage","@id":"https:\/\/www.bellunopress.it\/2009\/04\/08\/il-comune-di-belluno-aderisce-al-fondo-di-solidarieta\/","url":"https:\/\/www.bellunopress.it\/2009\/04\/08\/il-comune-di-belluno-aderisce-al-fondo-di-solidarieta\/","name":"Il Comune di Belluno aderisce al fondo di solidariet\u00e0 - Bellunopress - Dolomiti","isPartOf":{"@id":"https:\/\/www.bellunopress.it\/#website"},"primaryImageOfPage":{"@id":"https:\/\/www.bellunopress.it\/2009\/04\/08\/il-comune-di-belluno-aderisce-al-fondo-di-solidarieta\/#primaryimage"},"image":{"@id":"https:\/\/www.bellunopress.it\/2009\/04\/08\/il-comune-di-belluno-aderisce-al-fondo-di-solidarieta\/#primaryimage"},"thumbnailUrl":"http:\/\/www.bellunopress.it\/wp-content\/uploads\/2009\/02\/antonio-prade-80x80.jpg","datePublished":"2009-04-08T10:35:59+00:00","breadcrumb":{"@id":"https:\/\/www.bellunopress.it\/2009\/04\/08\/il-comune-di-belluno-aderisce-al-fondo-di-solidarieta\/#breadcrumb"},"inLanguage":"fr-FR","potentialAction":[{"@type":"ReadAction","target":["https:\/\/www.bellunopress.it\/2009\/04\/08\/il-comune-di-belluno-aderisce-al-fondo-di-solidarieta\/"]}]},{"@type":"ImageObject","inLanguage":"fr-FR","@id":"https:\/\/www.bellunopress.it\/2009\/04\/08\/il-comune-di-belluno-aderisce-al-fondo-di-solidarieta\/#primaryimage","url":"http:\/\/www.bellunopress.it\/wp-content\/uploads\/2009\/02\/antonio-prade-80x80.jpg","contentUrl":"http:\/\/www.bellunopress.it\/wp-content\/uploads\/2009\/02\/antonio-prade-80x80.jpg"},{"@type":"BreadcrumbList","@id":"https:\/\/www.bellunopress.it\/2009\/04\/08\/il-comune-di-belluno-aderisce-al-fondo-di-solidarieta\/#breadcrumb","itemListElement":[{"@type":"ListItem","position":1,"name":"Home","item":"https:\/\/www.bellunopress.it\/"},{"@type":"ListItem","position":2,"name":"Il Comune di Belluno aderisce al fondo di solidariet\u00e0"}]},{"@type":"WebSite","@id":"https:\/\/www.bellunopress.it\/#website","url":"https:\/\/www.bellunopress.it\/","name":"Bellunopress - Dolomiti","description":"e-mail: redazione@bellunopress.it","publisher":{"@id":"https:\/\/www.bellunopress.it\/#organization"},"potentialAction":[{"@type":"SearchAction","target":{"@type":"EntryPoint","urlTemplate":"https:\/\/www.bellunopress.it\/?s={search_term_string}"},"query-input":{"@type":"PropertyValueSpecification","valueRequired":true,"valueName":"search_term_string"}}],"inLanguage":"fr-FR"},{"@type":"Organization","@id":"https:\/\/www.bellunopress.it\/#organization","name":"Bellunopress","url":"https:\/\/www.bellunopress.it\/","logo":{"@type":"ImageObject","inLanguage":"fr-FR","@id":"https:\/\/www.bellunopress.it\/#\/schema\/logo\/image\/","url":"https:\/\/www.bellunopress.it\/wp-content\/uploads\/2011\/05\/cropped-logo-bellunopress-.jpg","contentUrl":"https:\/\/www.bellunopress.it\/wp-content\/uploads\/2011\/05\/cropped-logo-bellunopress-.jpg","width":512,"height":512,"caption":"Bellunopress"},"image":{"@id":"https:\/\/www.bellunopress.it\/#\/schema\/logo\/image\/"},"sameAs":["https:\/\/www.facebook.com\/profile.php?id=100008943462799","https:\/\/x.com\/bellunopress","https:\/\/www.linkedin.com\/hp\/?dnr=JBzUWaJfMUw8vbXJJ2tVW5-I3jZKvC4wsoxE&amp;amp;amp;amp;amp;amp;trk=nav_responsive_tab_home","https:\/\/www.youtube.com\/channel\/UCxL0wu1uN0_3_7hGG0306cw"]},{"@type":"Person","@id":"https:\/\/www.bellunopress.it\/#\/schema\/person\/79bb06722b37ece1c03d3e94beb30d73","name":"r\u00e9daction","image":{"@type":"ImageObject","inLanguage":"fr-FR","@id":"https:\/\/secure.gravatar.com\/avatar\/37d968a2e67a6fd04c169c4bdef102d0bc5d31b2546345219e348575eb80e9a0?s=96&d=mm&r=g","url":"https:\/\/secure.gravatar.com\/avatar\/37d968a2e67a6fd04c169c4bdef102d0bc5d31b2546345219e348575eb80e9a0?s=96&d=mm&r=g","contentUrl":"https:\/\/secure.gravatar.com\/avatar\/37d968a2e67a6fd04c169c4bdef102d0bc5d31b2546345219e348575eb80e9a0?s=96&d=mm&r=g","caption":"redazione"},"sameAs":["http:\/\/www.bellunopress.it","https:\/\/x.com\/bellunopress"],"url":"https:\/\/www.bellunopress.it\/fr\/author\/redazione\/"}]}},"_links":{"self":[{"href":"https:\/\/www.bellunopress.it\/fr\/wp-json\/wp\/v2\/posts\/2467","targetHints":{"allow":["GET"]}}],"collection":[{"href":"https:\/\/www.bellunopress.it\/fr\/wp-json\/wp\/v2\/posts"}],"about":[{"href":"https:\/\/www.bellunopress.it\/fr\/wp-json\/wp\/v2\/types\/post"}],"author":[{"embeddable":true,"href":"https:\/\/www.bellunopress.it\/fr\/wp-json\/wp\/v2\/users\/2"}],"replies":[{"embeddable":true,"href":"https:\/\/www.bellunopress.it\/fr\/wp-json\/wp\/v2\/comments?post=2467"}],"version-history":[{"count":1,"href":"https:\/\/www.bellunopress.it\/fr\/wp-json\/wp\/v2\/posts\/2467\/revisions"}],"predecessor-version":[{"id":2468,"href":"https:\/\/www.bellunopress.it\/fr\/wp-json\/wp\/v2\/posts\/2467\/revisions\/2468"}],"wp:attachment":[{"href":"https:\/\/www.bellunopress.it\/fr\/wp-json\/wp\/v2\/media?parent=2467"}],"wp:term":[{"taxonomy":"category","embeddable":true,"href":"https:\/\/www.bellunopress.it\/fr\/wp-json\/wp\/v2\/categories?post=2467"},{"taxonomy":"post_tag","embeddable":true,"href":"https:\/\/www.bellunopress.it\/fr\/wp-json\/wp\/v2\/tags?post=2467"}],"curies":[{"name":"wp","href":"https:\/\/api.w.org\/{rel}","templated":true}]}}