{"id":24634,"date":"2011-03-09T22:30:58","date_gmt":"2011-03-09T21:30:58","guid":{"rendered":"http:\/\/www.bellunopress.it\/?p=24634"},"modified":"2011-03-09T22:30:58","modified_gmt":"2011-03-09T21:30:58","slug":"e-nata-la-squadra-feltrina-cinofili-di-soccorso","status":"publish","type":"post","link":"https:\/\/www.bellunopress.it\/fr\/2011\/03\/09\/e-nata-la-squadra-feltrina-cinofili-di-soccorso\/","title":{"rendered":"E&#8217; nata la squadra feltrina cinofili di soccorso"},"content":{"rendered":"<p><a href=\"http:\/\/www.bellunopress.it\/wp-content\/uploads\/2009\/10\/betty.jpg\"><img loading=\"lazy\" decoding=\"async\" class=\"alignleft size-thumbnail wp-image-9087\" title=\"betty\" src=\"http:\/\/www.bellunopress.it\/wp-content\/uploads\/2009\/10\/betty-150x150.jpg\" alt=\"\" width=\"150\" height=\"150\" \/><\/a>Si \u00e8 ufficialmente costituita lo scorso mese di gennaio a Feltre l&#8217;associazione di volontariato S.F.C.S. Squadra Feltrina Cinofili da Soccorso . Scopo dell&#8217;associazione, presieduta da Luigi Centa,\u00a0 \u00e8 principalmente addestrare cani e formare unit\u00e0 cinofile da utilizzare prevalentemente nell&#8217;ambito della Protezione Civile, ma anche da quegli enti istituzionali che ne richiedano l&#8217;utilizzo per servizi di pubblica utilit\u00e0. Scopo non ultimo quello di diffondere la cultura cinofila e il rapporto uomo\/cane nei vari campi d&#8217;impiego di questo insostituibile animale, anche mediante incontri con scolaresche o altre associazioni interessate ad approfondire l&#8217;argomento. Attualmente la squadra, che si avvale della collaborazione di un istruttore qualificato, ha in forza due unit\u00e0 cinofile con brevetto Enci ed esperienza pluriennale nel settore. Sia inoltre addestrando due cuccioli che, appena pronti, sosterranno l&#8217;esame abilitativo. Della squadra fanno anche parte soci con mansioni logistiche organizzative e che collaborano all&#8217;addestramento. \u201cPur rendendoci conto che, essendo appena partiti con questa iniziativa, il nostro numero \u00e8 minimo \u2013 dice il presidente Centa &#8211; siamo convinti che, mancando nel comune di Feltre una realt\u00e0 simile alla nostra, la S.F.C.S. potr\u00e0 senz&#8217;altro avere un futuro ricco di soddisfazioni per noi e i nostri cani\u201d.<br \/>\nInfo: Luigi Centa \u00a0E-mail: <a href=\"mailto:luigicenta@inwind.it\">luigicenta@inwind.it<\/a><\/p>","protected":false},"excerpt":{"rendered":"<p>Si \u00e8 ufficialmente costituita lo scorso mese di gennaio a Feltre l&#8217;associazione di volontariato S.F.C.S. Squadra Feltrina Cinofili da Soccorso . Scopo dell&#8217;associazione, presieduta da Luigi Centa,\u00a0 \u00e8 principalmente addestrare cani e formare unit\u00e0 cinofile da utilizzare prevalentemente nell&#8217;ambito della Protezione Civile, ma anche da quegli enti istituzionali che ne richiedano l&#8217;utilizzo per servizi di [&hellip;]<\/p>\n","protected":false},"author":2,"featured_media":0,"comment_status":"closed","ping_status":"open","sticky":false,"template":"","format":"standard","meta":{"footnotes":""},"categories":[38,26],"tags":[],"class_list":["post-24634","post","type-post","status-publish","format-standard","category-natura-ambiente","category-prima-pagina"],"yoast_head":"<!-- This site is optimized with the Yoast SEO plugin v28.4 - https:\/\/yoast.com\/product\/yoast-seo-wordpress\/ -->\n<title>E&#039; nata la squadra feltrina cinofili di soccorso - Bellunopress - Dolomiti<\/title>\n<meta name=\"robots\" content=\"index, follow, max-snippet:-1, max-image-preview:large, max-video-preview:-1\" \/>\n<link rel=\"canonical\" href=\"https:\/\/www.bellunopress.it\/fr\/2011\/03\/09\/e-nata-la-squadra-feltrina-cinofili-di-soccorso\/\" \/>\n<meta property=\"og:locale\" content=\"fr_FR\" \/>\n<meta property=\"og:type\" content=\"article\" \/>\n<meta property=\"og:title\" content=\"E&#039; nata la squadra feltrina cinofili di soccorso - Bellunopress - Dolomiti\" \/>\n<meta property=\"og:description\" content=\"Si \u00e8 ufficialmente costituita lo scorso mese di gennaio a Feltre l&#8217;associazione di volontariato S.F.C.S. Squadra Feltrina Cinofili da Soccorso . Scopo dell&#8217;associazione, presieduta da Luigi Centa,\u00a0 \u00e8 principalmente addestrare cani e formare unit\u00e0 cinofile da utilizzare prevalentemente nell&#8217;ambito della Protezione Civile, ma anche da quegli enti istituzionali che ne richiedano l&#8217;utilizzo per servizi di [&hellip;]\" \/>\n<meta property=\"og:url\" content=\"https:\/\/www.bellunopress.it\/fr\/2011\/03\/09\/e-nata-la-squadra-feltrina-cinofili-di-soccorso\/\" \/>\n<meta property=\"og:site_name\" content=\"Bellunopress - Dolomiti\" \/>\n<meta property=\"article:publisher\" content=\"https:\/\/www.facebook.com\/profile.php?id=100008943462799\" \/>\n<meta property=\"article:published_time\" content=\"2011-03-09T21:30:58+00:00\" \/>\n<meta property=\"og:image\" content=\"http:\/\/www.bellunopress.it\/wp-content\/uploads\/2009\/10\/betty-150x150.jpg\" \/>\n<meta name=\"author\" content=\"redazione\" \/>\n<meta name=\"twitter:card\" content=\"summary_large_image\" \/>\n<meta name=\"twitter:creator\" content=\"@bellunopress\" \/>\n<meta name=\"twitter:site\" content=\"@bellunopress\" \/>\n<meta name=\"twitter:label1\" content=\"\u00c9crit par\" \/>\n\t<meta name=\"twitter:data1\" content=\"redazione\" \/>\n\t<meta name=\"twitter:label2\" content=\"Dur\u00e9e de lecture estim\u00e9e\" \/>\n\t<meta name=\"twitter:data2\" content=\"1 minute\" \/>\n<script type=\"application\/ld+json\" class=\"yoast-schema-graph\">{\"@context\":\"https:\\\/\\\/schema.org\",\"@graph\":[{\"@type\":\"Article\",\"@id\":\"https:\\\/\\\/www.bellunopress.it\\\/2011\\\/03\\\/09\\\/e-nata-la-squadra-feltrina-cinofili-di-soccorso\\\/#article\",\"isPartOf\":{\"@id\":\"https:\\\/\\\/www.bellunopress.it\\\/2011\\\/03\\\/09\\\/e-nata-la-squadra-feltrina-cinofili-di-soccorso\\\/\"},\"author\":{\"name\":\"redazione\",\"@id\":\"https:\\\/\\\/www.bellunopress.it\\\/#\\\/schema\\\/person\\\/79bb06722b37ece1c03d3e94beb30d73\"},\"headline\":\"E&#8217; nata la squadra feltrina cinofili di soccorso\",\"datePublished\":\"2011-03-09T21:30:58+00:00\",\"mainEntityOfPage\":{\"@id\":\"https:\\\/\\\/www.bellunopress.it\\\/2011\\\/03\\\/09\\\/e-nata-la-squadra-feltrina-cinofili-di-soccorso\\\/\"},\"wordCount\":217,\"publisher\":{\"@id\":\"https:\\\/\\\/www.bellunopress.it\\\/#organization\"},\"image\":{\"@id\":\"https:\\\/\\\/www.bellunopress.it\\\/2011\\\/03\\\/09\\\/e-nata-la-squadra-feltrina-cinofili-di-soccorso\\\/#primaryimage\"},\"thumbnailUrl\":\"http:\\\/\\\/www.bellunopress.it\\\/wp-content\\\/uploads\\\/2009\\\/10\\\/betty-150x150.jpg\",\"articleSection\":[\"Meteo, natura, ambiente, animali\",\"Prima Pagina\"],\"inLanguage\":\"fr-FR\"},{\"@type\":\"WebPage\",\"@id\":\"https:\\\/\\\/www.bellunopress.it\\\/2011\\\/03\\\/09\\\/e-nata-la-squadra-feltrina-cinofili-di-soccorso\\\/\",\"url\":\"https:\\\/\\\/www.bellunopress.it\\\/2011\\\/03\\\/09\\\/e-nata-la-squadra-feltrina-cinofili-di-soccorso\\\/\",\"name\":\"E' nata la squadra feltrina cinofili di soccorso - Bellunopress - Dolomiti\",\"isPartOf\":{\"@id\":\"https:\\\/\\\/www.bellunopress.it\\\/#website\"},\"primaryImageOfPage\":{\"@id\":\"https:\\\/\\\/www.bellunopress.it\\\/2011\\\/03\\\/09\\\/e-nata-la-squadra-feltrina-cinofili-di-soccorso\\\/#primaryimage\"},\"image\":{\"@id\":\"https:\\\/\\\/www.bellunopress.it\\\/2011\\\/03\\\/09\\\/e-nata-la-squadra-feltrina-cinofili-di-soccorso\\\/#primaryimage\"},\"thumbnailUrl\":\"http:\\\/\\\/www.bellunopress.it\\\/wp-content\\\/uploads\\\/2009\\\/10\\\/betty-150x150.jpg\",\"datePublished\":\"2011-03-09T21:30:58+00:00\",\"breadcrumb\":{\"@id\":\"https:\\\/\\\/www.bellunopress.it\\\/2011\\\/03\\\/09\\\/e-nata-la-squadra-feltrina-cinofili-di-soccorso\\\/#breadcrumb\"},\"inLanguage\":\"fr-FR\",\"potentialAction\":[{\"@type\":\"ReadAction\",\"target\":[\"https:\\\/\\\/www.bellunopress.it\\\/2011\\\/03\\\/09\\\/e-nata-la-squadra-feltrina-cinofili-di-soccorso\\\/\"]}]},{\"@type\":\"ImageObject\",\"inLanguage\":\"fr-FR\",\"@id\":\"https:\\\/\\\/www.bellunopress.it\\\/2011\\\/03\\\/09\\\/e-nata-la-squadra-feltrina-cinofili-di-soccorso\\\/#primaryimage\",\"url\":\"http:\\\/\\\/www.bellunopress.it\\\/wp-content\\\/uploads\\\/2009\\\/10\\\/betty-150x150.jpg\",\"contentUrl\":\"http:\\\/\\\/www.bellunopress.it\\\/wp-content\\\/uploads\\\/2009\\\/10\\\/betty-150x150.jpg\"},{\"@type\":\"BreadcrumbList\",\"@id\":\"https:\\\/\\\/www.bellunopress.it\\\/2011\\\/03\\\/09\\\/e-nata-la-squadra-feltrina-cinofili-di-soccorso\\\/#breadcrumb\",\"itemListElement\":[{\"@type\":\"ListItem\",\"position\":1,\"name\":\"Home\",\"item\":\"https:\\\/\\\/www.bellunopress.it\\\/\"},{\"@type\":\"ListItem\",\"position\":2,\"name\":\"E&#8217; nata la squadra feltrina cinofili di soccorso\"}]},{\"@type\":\"WebSite\",\"@id\":\"https:\\\/\\\/www.bellunopress.it\\\/#website\",\"url\":\"https:\\\/\\\/www.bellunopress.it\\\/\",\"name\":\"Bellunopress - Dolomiti\",\"description\":\"e-mail: redazione@bellunopress.it\",\"publisher\":{\"@id\":\"https:\\\/\\\/www.bellunopress.it\\\/#organization\"},\"potentialAction\":[{\"@type\":\"SearchAction\",\"target\":{\"@type\":\"EntryPoint\",\"urlTemplate\":\"https:\\\/\\\/www.bellunopress.it\\\/?s={search_term_string}\"},\"query-input\":{\"@type\":\"PropertyValueSpecification\",\"valueRequired\":true,\"valueName\":\"search_term_string\"}}],\"inLanguage\":\"fr-FR\"},{\"@type\":\"Organization\",\"@id\":\"https:\\\/\\\/www.bellunopress.it\\\/#organization\",\"name\":\"Bellunopress\",\"url\":\"https:\\\/\\\/www.bellunopress.it\\\/\",\"logo\":{\"@type\":\"ImageObject\",\"inLanguage\":\"fr-FR\",\"@id\":\"https:\\\/\\\/www.bellunopress.it\\\/#\\\/schema\\\/logo\\\/image\\\/\",\"url\":\"https:\\\/\\\/www.bellunopress.it\\\/wp-content\\\/uploads\\\/2011\\\/05\\\/cropped-logo-bellunopress-.jpg\",\"contentUrl\":\"https:\\\/\\\/www.bellunopress.it\\\/wp-content\\\/uploads\\\/2011\\\/05\\\/cropped-logo-bellunopress-.jpg\",\"width\":512,\"height\":512,\"caption\":\"Bellunopress\"},\"image\":{\"@id\":\"https:\\\/\\\/www.bellunopress.it\\\/#\\\/schema\\\/logo\\\/image\\\/\"},\"sameAs\":[\"https:\\\/\\\/www.facebook.com\\\/profile.php?id=100008943462799\",\"https:\\\/\\\/x.com\\\/bellunopress\",\"https:\\\/\\\/www.linkedin.com\\\/hp\\\/?dnr=JBzUWaJfMUw8vbXJJ2tVW5-I3jZKvC4wsoxE&amp;amp;amp;amp;amp;amp;trk=nav_responsive_tab_home\",\"https:\\\/\\\/www.youtube.com\\\/channel\\\/UCxL0wu1uN0_3_7hGG0306cw\"]},{\"@type\":\"Person\",\"@id\":\"https:\\\/\\\/www.bellunopress.it\\\/#\\\/schema\\\/person\\\/79bb06722b37ece1c03d3e94beb30d73\",\"name\":\"redazione\",\"image\":{\"@type\":\"ImageObject\",\"inLanguage\":\"fr-FR\",\"@id\":\"https:\\\/\\\/secure.gravatar.com\\\/avatar\\\/37d968a2e67a6fd04c169c4bdef102d0bc5d31b2546345219e348575eb80e9a0?s=96&d=mm&r=g\",\"url\":\"https:\\\/\\\/secure.gravatar.com\\\/avatar\\\/37d968a2e67a6fd04c169c4bdef102d0bc5d31b2546345219e348575eb80e9a0?s=96&d=mm&r=g\",\"contentUrl\":\"https:\\\/\\\/secure.gravatar.com\\\/avatar\\\/37d968a2e67a6fd04c169c4bdef102d0bc5d31b2546345219e348575eb80e9a0?s=96&d=mm&r=g\",\"caption\":\"redazione\"},\"sameAs\":[\"http:\\\/\\\/www.bellunopress.it\",\"https:\\\/\\\/x.com\\\/bellunopress\"],\"url\":\"https:\\\/\\\/www.bellunopress.it\\\/fr\\\/author\\\/redazione\\\/\"}]}<\/script>\n<!-- \/ Yoast SEO plugin. -->","yoast_head_json":{"title":"E' nata la squadra feltrina cinofili di soccorso - Bellunopress - Dolomiti","robots":{"index":"index","follow":"follow","max-snippet":"max-snippet:-1","max-image-preview":"max-image-preview:large","max-video-preview":"max-video-preview:-1"},"canonical":"https:\/\/www.bellunopress.it\/fr\/2011\/03\/09\/e-nata-la-squadra-feltrina-cinofili-di-soccorso\/","og_locale":"fr_FR","og_type":"article","og_title":"E' nata la squadra feltrina cinofili di soccorso - Bellunopress - Dolomiti","og_description":"Si \u00e8 ufficialmente costituita lo scorso mese di gennaio a Feltre l&#8217;associazione di volontariato S.F.C.S. Squadra Feltrina Cinofili da Soccorso . Scopo dell&#8217;associazione, presieduta da Luigi Centa,\u00a0 \u00e8 principalmente addestrare cani e formare unit\u00e0 cinofile da utilizzare prevalentemente nell&#8217;ambito della Protezione Civile, ma anche da quegli enti istituzionali che ne richiedano l&#8217;utilizzo per servizi di [&hellip;]","og_url":"https:\/\/www.bellunopress.it\/fr\/2011\/03\/09\/e-nata-la-squadra-feltrina-cinofili-di-soccorso\/","og_site_name":"Bellunopress - Dolomiti","article_publisher":"https:\/\/www.facebook.com\/profile.php?id=100008943462799","article_published_time":"2011-03-09T21:30:58+00:00","og_image":[{"url":"http:\/\/www.bellunopress.it\/wp-content\/uploads\/2009\/10\/betty-150x150.jpg","type":"","width":"","height":""}],"author":"redazione","twitter_card":"summary_large_image","twitter_creator":"@bellunopress","twitter_site":"@bellunopress","twitter_misc":{"\u00c9crit par":"redazione","Dur\u00e9e de lecture estim\u00e9e":"1 minute"},"schema":{"@context":"https:\/\/schema.org","@graph":[{"@type":"Article","@id":"https:\/\/www.bellunopress.it\/2011\/03\/09\/e-nata-la-squadra-feltrina-cinofili-di-soccorso\/#article","isPartOf":{"@id":"https:\/\/www.bellunopress.it\/2011\/03\/09\/e-nata-la-squadra-feltrina-cinofili-di-soccorso\/"},"author":{"name":"redazione","@id":"https:\/\/www.bellunopress.it\/#\/schema\/person\/79bb06722b37ece1c03d3e94beb30d73"},"headline":"E&#8217; nata la squadra feltrina cinofili di soccorso","datePublished":"2011-03-09T21:30:58+00:00","mainEntityOfPage":{"@id":"https:\/\/www.bellunopress.it\/2011\/03\/09\/e-nata-la-squadra-feltrina-cinofili-di-soccorso\/"},"wordCount":217,"publisher":{"@id":"https:\/\/www.bellunopress.it\/#organization"},"image":{"@id":"https:\/\/www.bellunopress.it\/2011\/03\/09\/e-nata-la-squadra-feltrina-cinofili-di-soccorso\/#primaryimage"},"thumbnailUrl":"http:\/\/www.bellunopress.it\/wp-content\/uploads\/2009\/10\/betty-150x150.jpg","articleSection":["Meteo, natura, ambiente, animali","Prima Pagina"],"inLanguage":"fr-FR"},{"@type":"WebPage","@id":"https:\/\/www.bellunopress.it\/2011\/03\/09\/e-nata-la-squadra-feltrina-cinofili-di-soccorso\/","url":"https:\/\/www.bellunopress.it\/2011\/03\/09\/e-nata-la-squadra-feltrina-cinofili-di-soccorso\/","name":"E' nata la squadra feltrina cinofili di soccorso - Bellunopress - Dolomiti","isPartOf":{"@id":"https:\/\/www.bellunopress.it\/#website"},"primaryImageOfPage":{"@id":"https:\/\/www.bellunopress.it\/2011\/03\/09\/e-nata-la-squadra-feltrina-cinofili-di-soccorso\/#primaryimage"},"image":{"@id":"https:\/\/www.bellunopress.it\/2011\/03\/09\/e-nata-la-squadra-feltrina-cinofili-di-soccorso\/#primaryimage"},"thumbnailUrl":"http:\/\/www.bellunopress.it\/wp-content\/uploads\/2009\/10\/betty-150x150.jpg","datePublished":"2011-03-09T21:30:58+00:00","breadcrumb":{"@id":"https:\/\/www.bellunopress.it\/2011\/03\/09\/e-nata-la-squadra-feltrina-cinofili-di-soccorso\/#breadcrumb"},"inLanguage":"fr-FR","potentialAction":[{"@type":"ReadAction","target":["https:\/\/www.bellunopress.it\/2011\/03\/09\/e-nata-la-squadra-feltrina-cinofili-di-soccorso\/"]}]},{"@type":"ImageObject","inLanguage":"fr-FR","@id":"https:\/\/www.bellunopress.it\/2011\/03\/09\/e-nata-la-squadra-feltrina-cinofili-di-soccorso\/#primaryimage","url":"http:\/\/www.bellunopress.it\/wp-content\/uploads\/2009\/10\/betty-150x150.jpg","contentUrl":"http:\/\/www.bellunopress.it\/wp-content\/uploads\/2009\/10\/betty-150x150.jpg"},{"@type":"BreadcrumbList","@id":"https:\/\/www.bellunopress.it\/2011\/03\/09\/e-nata-la-squadra-feltrina-cinofili-di-soccorso\/#breadcrumb","itemListElement":[{"@type":"ListItem","position":1,"name":"Home","item":"https:\/\/www.bellunopress.it\/"},{"@type":"ListItem","position":2,"name":"E&#8217; nata la squadra feltrina cinofili di soccorso"}]},{"@type":"WebSite","@id":"https:\/\/www.bellunopress.it\/#website","url":"https:\/\/www.bellunopress.it\/","name":"Bellunopress - Dolomiti","description":"e-mail: redazione@bellunopress.it","publisher":{"@id":"https:\/\/www.bellunopress.it\/#organization"},"potentialAction":[{"@type":"SearchAction","target":{"@type":"EntryPoint","urlTemplate":"https:\/\/www.bellunopress.it\/?s={search_term_string}"},"query-input":{"@type":"PropertyValueSpecification","valueRequired":true,"valueName":"search_term_string"}}],"inLanguage":"fr-FR"},{"@type":"Organization","@id":"https:\/\/www.bellunopress.it\/#organization","name":"Bellunopress","url":"https:\/\/www.bellunopress.it\/","logo":{"@type":"ImageObject","inLanguage":"fr-FR","@id":"https:\/\/www.bellunopress.it\/#\/schema\/logo\/image\/","url":"https:\/\/www.bellunopress.it\/wp-content\/uploads\/2011\/05\/cropped-logo-bellunopress-.jpg","contentUrl":"https:\/\/www.bellunopress.it\/wp-content\/uploads\/2011\/05\/cropped-logo-bellunopress-.jpg","width":512,"height":512,"caption":"Bellunopress"},"image":{"@id":"https:\/\/www.bellunopress.it\/#\/schema\/logo\/image\/"},"sameAs":["https:\/\/www.facebook.com\/profile.php?id=100008943462799","https:\/\/x.com\/bellunopress","https:\/\/www.linkedin.com\/hp\/?dnr=JBzUWaJfMUw8vbXJJ2tVW5-I3jZKvC4wsoxE&amp;amp;amp;amp;amp;amp;trk=nav_responsive_tab_home","https:\/\/www.youtube.com\/channel\/UCxL0wu1uN0_3_7hGG0306cw"]},{"@type":"Person","@id":"https:\/\/www.bellunopress.it\/#\/schema\/person\/79bb06722b37ece1c03d3e94beb30d73","name":"r\u00e9daction","image":{"@type":"ImageObject","inLanguage":"fr-FR","@id":"https:\/\/secure.gravatar.com\/avatar\/37d968a2e67a6fd04c169c4bdef102d0bc5d31b2546345219e348575eb80e9a0?s=96&d=mm&r=g","url":"https:\/\/secure.gravatar.com\/avatar\/37d968a2e67a6fd04c169c4bdef102d0bc5d31b2546345219e348575eb80e9a0?s=96&d=mm&r=g","contentUrl":"https:\/\/secure.gravatar.com\/avatar\/37d968a2e67a6fd04c169c4bdef102d0bc5d31b2546345219e348575eb80e9a0?s=96&d=mm&r=g","caption":"redazione"},"sameAs":["http:\/\/www.bellunopress.it","https:\/\/x.com\/bellunopress"],"url":"https:\/\/www.bellunopress.it\/fr\/author\/redazione\/"}]}},"_links":{"self":[{"href":"https:\/\/www.bellunopress.it\/fr\/wp-json\/wp\/v2\/posts\/24634","targetHints":{"allow":["GET"]}}],"collection":[{"href":"https:\/\/www.bellunopress.it\/fr\/wp-json\/wp\/v2\/posts"}],"about":[{"href":"https:\/\/www.bellunopress.it\/fr\/wp-json\/wp\/v2\/types\/post"}],"author":[{"embeddable":true,"href":"https:\/\/www.bellunopress.it\/fr\/wp-json\/wp\/v2\/users\/2"}],"replies":[{"embeddable":true,"href":"https:\/\/www.bellunopress.it\/fr\/wp-json\/wp\/v2\/comments?post=24634"}],"version-history":[{"count":1,"href":"https:\/\/www.bellunopress.it\/fr\/wp-json\/wp\/v2\/posts\/24634\/revisions"}],"predecessor-version":[{"id":24636,"href":"https:\/\/www.bellunopress.it\/fr\/wp-json\/wp\/v2\/posts\/24634\/revisions\/24636"}],"wp:attachment":[{"href":"https:\/\/www.bellunopress.it\/fr\/wp-json\/wp\/v2\/media?parent=24634"}],"wp:term":[{"taxonomy":"category","embeddable":true,"href":"https:\/\/www.bellunopress.it\/fr\/wp-json\/wp\/v2\/categories?post=24634"},{"taxonomy":"post_tag","embeddable":true,"href":"https:\/\/www.bellunopress.it\/fr\/wp-json\/wp\/v2\/tags?post=24634"}],"curies":[{"name":"wp","href":"https:\/\/api.w.org\/{rel}","templated":true}]}}