{"id":24630,"date":"2011-03-09T22:17:10","date_gmt":"2011-03-09T21:17:10","guid":{"rendered":"http:\/\/www.bellunopress.it\/?p=24630"},"modified":"2011-03-09T22:17:10","modified_gmt":"2011-03-09T21:17:10","slug":"una-proposta-di-legge-in-regione-per-la-sicurezza-in-volo-bond-%e2%80%9ccensimento-degli-ostacoli-evitiamo-altre-stragi","status":"publish","type":"post","link":"https:\/\/www.bellunopress.it\/fr\/2011\/03\/09\/una-proposta-di-legge-in-regione-per-la-sicurezza-in-volo-bond-%e2%80%9ccensimento-degli-ostacoli-evitiamo-altre-stragi\/","title":{"rendered":"Una proposta di legge in Regione per la sicurezza in volo. Bond: \u201cCensimento degli ostacoli, evitiamo altre stragi&#8221;"},"content":{"rendered":"<figure id=\"attachment_13821\" aria-describedby=\"caption-attachment-13821\" style=\"width: 244px\" class=\"wp-caption alignleft\"><a href=\"http:\/\/www.bellunopress.it\/wp-content\/uploads\/2010\/03\/dario-bond.jpg\"><img loading=\"lazy\" decoding=\"async\" class=\"size-full wp-image-13821\" title=\"dario-bond\" src=\"http:\/\/www.bellunopress.it\/wp-content\/uploads\/2010\/03\/dario-bond.jpg\" alt=\"\" width=\"244\" height=\"280\" \/><\/a><figcaption id=\"caption-attachment-13821\" class=\"wp-caption-text\">Dario Bond<\/figcaption><\/figure>\n<p>L\u2019immagine della tragedia di Falco \u00e8 ancora nitida. Era il 22 agosto del 2009 quando a Rio Gere vicino a Cortina il rotore dell\u2019elicottero del Suem 118 urt\u00f2 contro dei cavi. Quell\u2019incidente cost\u00f2 la vita a quattro uomini: al pilota Dario De Felip, al medico Fabrizio Spaziani, al volontario del Soccorso alpino Stefano Da Forno e al tecnico di elisoccorso Marco Zago. A pi\u00f9 di due anni, \u00e8 arrivata oggi in seconda commissione consiliare a Venezia la proposta di legge targata Pdl sulle norme per la sicurezza dei mezzi aerei impiegati nelle attivit\u00e0 antincendio, di protezione civile e di soccorso sanitario. Un\u2019iniziativa voluta fortemente dagli operatori e di cui si \u00e8 fatto portavoce, quale primo firmatario, il capogruppo del Pdl, Dario Bond: \u201cSi tratta di una legge che non pu\u00f2 pi\u00f9 essere rinviata. Non possiamo permetterci altre tragedie cos\u00ec laceranti\u201d. \u201cLa presenza di ostacoli al volo non segnalati rappresenta un grave fattore di rischio\u201d, afferma Bond, \u201cpenso ai cavi elettrici e telefonici, ma anche alle teleferiche, spesso abusive, alle cabinovie e ai fili a sbalzo per l\u2019esbosco del legname\u201d. Tutte insidie che negli ultimi decenni hanno causato, soprattutto nelle zone di montagna, incidenti e disperazione.\u00a0 Bond ricorda l\u2019elicottero del Cfs che il 23 febbraio del 2001 and\u00f2 completamente distrutto a Sovramonte, nel Bellunese: stava spegnendo un incendio quando un filo a sbalzo interruppe il suo volo. \u201cE come dimenticare il Cermis?\u201d, si chiede Bond. La proposta di legge presentata oggi dal Pdl \u00e8 articolata come spiega anche il consigliere Costantino Toniolo: \u201cE\u2019 un problema sentito in tutta la montagna veneta. Penso, per esempio, all\u2019altopiano di Asiago e alle piccole Dolomiti\u201d. La proposta \u00e8 stata illustrata in seconda commissione dai consiglieri Pdl Piergiorgio Cortelazzo, Davide Bendinelli e Costantino Toniolo. Tra i punti principali, c\u2019\u00e8 l\u2019obbligo per i comuni del territorio, ricompresi in zone montuose o collinari, di comunicare alla struttura regionale competente in materia di protezione civile dove si trovano gli ostacoli pi\u00f9 insidiosi. Un analogo obbligo \u00e8 previsto per i gestori di impianti. Un capitolo apposito \u00e8 dedicato alla cartografia \u2013 che dovr\u00e0 essere costantemente aggiornata e disponibile on-line \u2013 e un altro alle sanzioni. Chi sgarra rischia multe che possono arrivare fino a 10 mila euro. \u201cIn attesa che il Governo nazionale faccia la sua parte, noi dobbiamo fare la nostra\u201d, afferma il consigliere Pdl Davide Bendinelli. \u201cIl nostro \u00e8 anche un appello alla sicurezza e al senso di responsabilit\u00e0 degli operatori e degli enti locali\u201d.<\/p>","protected":false},"excerpt":{"rendered":"<p>L\u2019immagine della tragedia di Falco \u00e8 ancora nitida. Era il 22 agosto del 2009 quando a Rio Gere vicino a Cortina il rotore dell\u2019elicottero del Suem 118 urt\u00f2 contro dei cavi. Quell\u2019incidente cost\u00f2 la vita a quattro uomini: al pilota Dario De Felip, al medico Fabrizio Spaziani, al volontario del Soccorso alpino Stefano Da Forno [&hellip;]<\/p>\n","protected":false},"author":2,"featured_media":0,"comment_status":"closed","ping_status":"open","sticky":false,"template":"","format":"standard","meta":{"footnotes":""},"categories":[5,26],"tags":[],"class_list":["post-24630","post","type-post","status-publish","format-standard","category-cronaca","category-prima-pagina"],"yoast_head":"<!-- This site is optimized with the Yoast SEO plugin v28.4 - https:\/\/yoast.com\/product\/yoast-seo-wordpress\/ -->\n<title>Una proposta di legge in Regione per la sicurezza in volo. Bond: \u201cCensimento degli ostacoli, evitiamo altre stragi&quot; - Bellunopress - Dolomiti<\/title>\n<meta name=\"robots\" content=\"index, follow, max-snippet:-1, max-image-preview:large, max-video-preview:-1\" \/>\n<link rel=\"canonical\" href=\"https:\/\/www.bellunopress.it\/fr\/2011\/03\/09\/una-proposta-di-legge-in-regione-per-la-sicurezza-in-volo-bond-\u201ccensimento-degli-ostacoli-evitiamo-altre-stragi\/\" \/>\n<meta property=\"og:locale\" content=\"fr_FR\" \/>\n<meta property=\"og:type\" content=\"article\" \/>\n<meta property=\"og:title\" content=\"Una proposta di legge in Regione per la sicurezza in volo. Bond: \u201cCensimento degli ostacoli, evitiamo altre stragi&quot; - Bellunopress - Dolomiti\" \/>\n<meta property=\"og:description\" content=\"L\u2019immagine della tragedia di Falco \u00e8 ancora nitida. Era il 22 agosto del 2009 quando a Rio Gere vicino a Cortina il rotore dell\u2019elicottero del Suem 118 urt\u00f2 contro dei cavi. Quell\u2019incidente cost\u00f2 la vita a quattro uomini: al pilota Dario De Felip, al medico Fabrizio Spaziani, al volontario del Soccorso alpino Stefano Da Forno [&hellip;]\" \/>\n<meta property=\"og:url\" content=\"https:\/\/www.bellunopress.it\/fr\/2011\/03\/09\/una-proposta-di-legge-in-regione-per-la-sicurezza-in-volo-bond-\u201ccensimento-degli-ostacoli-evitiamo-altre-stragi\/\" \/>\n<meta property=\"og:site_name\" content=\"Bellunopress - Dolomiti\" \/>\n<meta property=\"article:publisher\" content=\"https:\/\/www.facebook.com\/profile.php?id=100008943462799\" \/>\n<meta property=\"article:published_time\" content=\"2011-03-09T21:17:10+00:00\" \/>\n<meta property=\"og:image\" content=\"http:\/\/www.bellunopress.it\/wp-content\/uploads\/2010\/03\/dario-bond.jpg\" \/>\n<meta name=\"author\" content=\"redazione\" \/>\n<meta name=\"twitter:card\" content=\"summary_large_image\" \/>\n<meta name=\"twitter:creator\" content=\"@bellunopress\" \/>\n<meta name=\"twitter:site\" content=\"@bellunopress\" \/>\n<meta name=\"twitter:label1\" content=\"\u00c9crit par\" \/>\n\t<meta name=\"twitter:data1\" content=\"redazione\" \/>\n\t<meta name=\"twitter:label2\" content=\"Dur\u00e9e de lecture estim\u00e9e\" \/>\n\t<meta name=\"twitter:data2\" content=\"2 minutes\" \/>\n<script type=\"application\/ld+json\" class=\"yoast-schema-graph\">{\"@context\":\"https:\\\/\\\/schema.org\",\"@graph\":[{\"@type\":\"Article\",\"@id\":\"https:\\\/\\\/www.bellunopress.it\\\/2011\\\/03\\\/09\\\/una-proposta-di-legge-in-regione-per-la-sicurezza-in-volo-bond-%e2%80%9ccensimento-degli-ostacoli-evitiamo-altre-stragi\\\/#article\",\"isPartOf\":{\"@id\":\"https:\\\/\\\/www.bellunopress.it\\\/2011\\\/03\\\/09\\\/una-proposta-di-legge-in-regione-per-la-sicurezza-in-volo-bond-%e2%80%9ccensimento-degli-ostacoli-evitiamo-altre-stragi\\\/\"},\"author\":{\"name\":\"redazione\",\"@id\":\"https:\\\/\\\/www.bellunopress.it\\\/#\\\/schema\\\/person\\\/79bb06722b37ece1c03d3e94beb30d73\"},\"headline\":\"Una proposta di legge in Regione per la sicurezza in volo. Bond: \u201cCensimento degli ostacoli, evitiamo altre stragi&#8221;\",\"datePublished\":\"2011-03-09T21:17:10+00:00\",\"mainEntityOfPage\":{\"@id\":\"https:\\\/\\\/www.bellunopress.it\\\/2011\\\/03\\\/09\\\/una-proposta-di-legge-in-regione-per-la-sicurezza-in-volo-bond-%e2%80%9ccensimento-degli-ostacoli-evitiamo-altre-stragi\\\/\"},\"wordCount\":427,\"publisher\":{\"@id\":\"https:\\\/\\\/www.bellunopress.it\\\/#organization\"},\"image\":{\"@id\":\"https:\\\/\\\/www.bellunopress.it\\\/2011\\\/03\\\/09\\\/una-proposta-di-legge-in-regione-per-la-sicurezza-in-volo-bond-%e2%80%9ccensimento-degli-ostacoli-evitiamo-altre-stragi\\\/#primaryimage\"},\"thumbnailUrl\":\"http:\\\/\\\/www.bellunopress.it\\\/wp-content\\\/uploads\\\/2010\\\/03\\\/dario-bond.jpg\",\"articleSection\":[\"Cronaca\\\/Politica\",\"Prima Pagina\"],\"inLanguage\":\"fr-FR\"},{\"@type\":\"WebPage\",\"@id\":\"https:\\\/\\\/www.bellunopress.it\\\/2011\\\/03\\\/09\\\/una-proposta-di-legge-in-regione-per-la-sicurezza-in-volo-bond-%e2%80%9ccensimento-degli-ostacoli-evitiamo-altre-stragi\\\/\",\"url\":\"https:\\\/\\\/www.bellunopress.it\\\/2011\\\/03\\\/09\\\/una-proposta-di-legge-in-regione-per-la-sicurezza-in-volo-bond-%e2%80%9ccensimento-degli-ostacoli-evitiamo-altre-stragi\\\/\",\"name\":\"Una proposta di legge in Regione per la sicurezza in volo. Bond: \u201cCensimento degli ostacoli, evitiamo altre stragi\\\" - Bellunopress - Dolomiti\",\"isPartOf\":{\"@id\":\"https:\\\/\\\/www.bellunopress.it\\\/#website\"},\"primaryImageOfPage\":{\"@id\":\"https:\\\/\\\/www.bellunopress.it\\\/2011\\\/03\\\/09\\\/una-proposta-di-legge-in-regione-per-la-sicurezza-in-volo-bond-%e2%80%9ccensimento-degli-ostacoli-evitiamo-altre-stragi\\\/#primaryimage\"},\"image\":{\"@id\":\"https:\\\/\\\/www.bellunopress.it\\\/2011\\\/03\\\/09\\\/una-proposta-di-legge-in-regione-per-la-sicurezza-in-volo-bond-%e2%80%9ccensimento-degli-ostacoli-evitiamo-altre-stragi\\\/#primaryimage\"},\"thumbnailUrl\":\"http:\\\/\\\/www.bellunopress.it\\\/wp-content\\\/uploads\\\/2010\\\/03\\\/dario-bond.jpg\",\"datePublished\":\"2011-03-09T21:17:10+00:00\",\"breadcrumb\":{\"@id\":\"https:\\\/\\\/www.bellunopress.it\\\/2011\\\/03\\\/09\\\/una-proposta-di-legge-in-regione-per-la-sicurezza-in-volo-bond-%e2%80%9ccensimento-degli-ostacoli-evitiamo-altre-stragi\\\/#breadcrumb\"},\"inLanguage\":\"fr-FR\",\"potentialAction\":[{\"@type\":\"ReadAction\",\"target\":[\"https:\\\/\\\/www.bellunopress.it\\\/2011\\\/03\\\/09\\\/una-proposta-di-legge-in-regione-per-la-sicurezza-in-volo-bond-%e2%80%9ccensimento-degli-ostacoli-evitiamo-altre-stragi\\\/\"]}]},{\"@type\":\"ImageObject\",\"inLanguage\":\"fr-FR\",\"@id\":\"https:\\\/\\\/www.bellunopress.it\\\/2011\\\/03\\\/09\\\/una-proposta-di-legge-in-regione-per-la-sicurezza-in-volo-bond-%e2%80%9ccensimento-degli-ostacoli-evitiamo-altre-stragi\\\/#primaryimage\",\"url\":\"http:\\\/\\\/www.bellunopress.it\\\/wp-content\\\/uploads\\\/2010\\\/03\\\/dario-bond.jpg\",\"contentUrl\":\"http:\\\/\\\/www.bellunopress.it\\\/wp-content\\\/uploads\\\/2010\\\/03\\\/dario-bond.jpg\"},{\"@type\":\"BreadcrumbList\",\"@id\":\"https:\\\/\\\/www.bellunopress.it\\\/2011\\\/03\\\/09\\\/una-proposta-di-legge-in-regione-per-la-sicurezza-in-volo-bond-%e2%80%9ccensimento-degli-ostacoli-evitiamo-altre-stragi\\\/#breadcrumb\",\"itemListElement\":[{\"@type\":\"ListItem\",\"position\":1,\"name\":\"Home\",\"item\":\"https:\\\/\\\/www.bellunopress.it\\\/\"},{\"@type\":\"ListItem\",\"position\":2,\"name\":\"Una proposta di legge in Regione per la sicurezza in volo. Bond: \u201cCensimento degli ostacoli, evitiamo altre stragi&#8221;\"}]},{\"@type\":\"WebSite\",\"@id\":\"https:\\\/\\\/www.bellunopress.it\\\/#website\",\"url\":\"https:\\\/\\\/www.bellunopress.it\\\/\",\"name\":\"Bellunopress - Dolomiti\",\"description\":\"e-mail: redazione@bellunopress.it\",\"publisher\":{\"@id\":\"https:\\\/\\\/www.bellunopress.it\\\/#organization\"},\"potentialAction\":[{\"@type\":\"SearchAction\",\"target\":{\"@type\":\"EntryPoint\",\"urlTemplate\":\"https:\\\/\\\/www.bellunopress.it\\\/?s={search_term_string}\"},\"query-input\":{\"@type\":\"PropertyValueSpecification\",\"valueRequired\":true,\"valueName\":\"search_term_string\"}}],\"inLanguage\":\"fr-FR\"},{\"@type\":\"Organization\",\"@id\":\"https:\\\/\\\/www.bellunopress.it\\\/#organization\",\"name\":\"Bellunopress\",\"url\":\"https:\\\/\\\/www.bellunopress.it\\\/\",\"logo\":{\"@type\":\"ImageObject\",\"inLanguage\":\"fr-FR\",\"@id\":\"https:\\\/\\\/www.bellunopress.it\\\/#\\\/schema\\\/logo\\\/image\\\/\",\"url\":\"https:\\\/\\\/www.bellunopress.it\\\/wp-content\\\/uploads\\\/2011\\\/05\\\/cropped-logo-bellunopress-.jpg\",\"contentUrl\":\"https:\\\/\\\/www.bellunopress.it\\\/wp-content\\\/uploads\\\/2011\\\/05\\\/cropped-logo-bellunopress-.jpg\",\"width\":512,\"height\":512,\"caption\":\"Bellunopress\"},\"image\":{\"@id\":\"https:\\\/\\\/www.bellunopress.it\\\/#\\\/schema\\\/logo\\\/image\\\/\"},\"sameAs\":[\"https:\\\/\\\/www.facebook.com\\\/profile.php?id=100008943462799\",\"https:\\\/\\\/x.com\\\/bellunopress\",\"https:\\\/\\\/www.linkedin.com\\\/hp\\\/?dnr=JBzUWaJfMUw8vbXJJ2tVW5-I3jZKvC4wsoxE&amp;amp;amp;amp;amp;amp;trk=nav_responsive_tab_home\",\"https:\\\/\\\/www.youtube.com\\\/channel\\\/UCxL0wu1uN0_3_7hGG0306cw\"]},{\"@type\":\"Person\",\"@id\":\"https:\\\/\\\/www.bellunopress.it\\\/#\\\/schema\\\/person\\\/79bb06722b37ece1c03d3e94beb30d73\",\"name\":\"redazione\",\"image\":{\"@type\":\"ImageObject\",\"inLanguage\":\"fr-FR\",\"@id\":\"https:\\\/\\\/secure.gravatar.com\\\/avatar\\\/37d968a2e67a6fd04c169c4bdef102d0bc5d31b2546345219e348575eb80e9a0?s=96&d=mm&r=g\",\"url\":\"https:\\\/\\\/secure.gravatar.com\\\/avatar\\\/37d968a2e67a6fd04c169c4bdef102d0bc5d31b2546345219e348575eb80e9a0?s=96&d=mm&r=g\",\"contentUrl\":\"https:\\\/\\\/secure.gravatar.com\\\/avatar\\\/37d968a2e67a6fd04c169c4bdef102d0bc5d31b2546345219e348575eb80e9a0?s=96&d=mm&r=g\",\"caption\":\"redazione\"},\"sameAs\":[\"http:\\\/\\\/www.bellunopress.it\",\"https:\\\/\\\/x.com\\\/bellunopress\"],\"url\":\"https:\\\/\\\/www.bellunopress.it\\\/fr\\\/author\\\/redazione\\\/\"}]}<\/script>\n<!-- \/ Yoast SEO plugin. -->","yoast_head_json":{"title":"Una proposta di legge in Regione per la sicurezza in volo. Bond: \u201cCensimento degli ostacoli, evitiamo altre stragi\" - Bellunopress - Dolomiti","robots":{"index":"index","follow":"follow","max-snippet":"max-snippet:-1","max-image-preview":"max-image-preview:large","max-video-preview":"max-video-preview:-1"},"canonical":"https:\/\/www.bellunopress.it\/fr\/2011\/03\/09\/una-proposta-di-legge-in-regione-per-la-sicurezza-in-volo-bond-\u201ccensimento-degli-ostacoli-evitiamo-altre-stragi\/","og_locale":"fr_FR","og_type":"article","og_title":"Una proposta di legge in Regione per la sicurezza in volo. Bond: \u201cCensimento degli ostacoli, evitiamo altre stragi\" - Bellunopress - Dolomiti","og_description":"L\u2019immagine della tragedia di Falco \u00e8 ancora nitida. Era il 22 agosto del 2009 quando a Rio Gere vicino a Cortina il rotore dell\u2019elicottero del Suem 118 urt\u00f2 contro dei cavi. Quell\u2019incidente cost\u00f2 la vita a quattro uomini: al pilota Dario De Felip, al medico Fabrizio Spaziani, al volontario del Soccorso alpino Stefano Da Forno [&hellip;]","og_url":"https:\/\/www.bellunopress.it\/fr\/2011\/03\/09\/una-proposta-di-legge-in-regione-per-la-sicurezza-in-volo-bond-\u201ccensimento-degli-ostacoli-evitiamo-altre-stragi\/","og_site_name":"Bellunopress - Dolomiti","article_publisher":"https:\/\/www.facebook.com\/profile.php?id=100008943462799","article_published_time":"2011-03-09T21:17:10+00:00","og_image":[{"url":"http:\/\/www.bellunopress.it\/wp-content\/uploads\/2010\/03\/dario-bond.jpg","type":"","width":"","height":""}],"author":"redazione","twitter_card":"summary_large_image","twitter_creator":"@bellunopress","twitter_site":"@bellunopress","twitter_misc":{"\u00c9crit par":"redazione","Dur\u00e9e de lecture estim\u00e9e":"2 minutes"},"schema":{"@context":"https:\/\/schema.org","@graph":[{"@type":"Article","@id":"https:\/\/www.bellunopress.it\/2011\/03\/09\/una-proposta-di-legge-in-regione-per-la-sicurezza-in-volo-bond-%e2%80%9ccensimento-degli-ostacoli-evitiamo-altre-stragi\/#article","isPartOf":{"@id":"https:\/\/www.bellunopress.it\/2011\/03\/09\/una-proposta-di-legge-in-regione-per-la-sicurezza-in-volo-bond-%e2%80%9ccensimento-degli-ostacoli-evitiamo-altre-stragi\/"},"author":{"name":"redazione","@id":"https:\/\/www.bellunopress.it\/#\/schema\/person\/79bb06722b37ece1c03d3e94beb30d73"},"headline":"Una proposta di legge in Regione per la sicurezza in volo. Bond: \u201cCensimento degli ostacoli, evitiamo altre stragi&#8221;","datePublished":"2011-03-09T21:17:10+00:00","mainEntityOfPage":{"@id":"https:\/\/www.bellunopress.it\/2011\/03\/09\/una-proposta-di-legge-in-regione-per-la-sicurezza-in-volo-bond-%e2%80%9ccensimento-degli-ostacoli-evitiamo-altre-stragi\/"},"wordCount":427,"publisher":{"@id":"https:\/\/www.bellunopress.it\/#organization"},"image":{"@id":"https:\/\/www.bellunopress.it\/2011\/03\/09\/una-proposta-di-legge-in-regione-per-la-sicurezza-in-volo-bond-%e2%80%9ccensimento-degli-ostacoli-evitiamo-altre-stragi\/#primaryimage"},"thumbnailUrl":"http:\/\/www.bellunopress.it\/wp-content\/uploads\/2010\/03\/dario-bond.jpg","articleSection":["Cronaca\/Politica","Prima Pagina"],"inLanguage":"fr-FR"},{"@type":"WebPage","@id":"https:\/\/www.bellunopress.it\/2011\/03\/09\/una-proposta-di-legge-in-regione-per-la-sicurezza-in-volo-bond-%e2%80%9ccensimento-degli-ostacoli-evitiamo-altre-stragi\/","url":"https:\/\/www.bellunopress.it\/2011\/03\/09\/una-proposta-di-legge-in-regione-per-la-sicurezza-in-volo-bond-%e2%80%9ccensimento-degli-ostacoli-evitiamo-altre-stragi\/","name":"Una proposta di legge in Regione per la sicurezza in volo. Bond: \u201cCensimento degli ostacoli, evitiamo altre stragi\" - Bellunopress - Dolomiti","isPartOf":{"@id":"https:\/\/www.bellunopress.it\/#website"},"primaryImageOfPage":{"@id":"https:\/\/www.bellunopress.it\/2011\/03\/09\/una-proposta-di-legge-in-regione-per-la-sicurezza-in-volo-bond-%e2%80%9ccensimento-degli-ostacoli-evitiamo-altre-stragi\/#primaryimage"},"image":{"@id":"https:\/\/www.bellunopress.it\/2011\/03\/09\/una-proposta-di-legge-in-regione-per-la-sicurezza-in-volo-bond-%e2%80%9ccensimento-degli-ostacoli-evitiamo-altre-stragi\/#primaryimage"},"thumbnailUrl":"http:\/\/www.bellunopress.it\/wp-content\/uploads\/2010\/03\/dario-bond.jpg","datePublished":"2011-03-09T21:17:10+00:00","breadcrumb":{"@id":"https:\/\/www.bellunopress.it\/2011\/03\/09\/una-proposta-di-legge-in-regione-per-la-sicurezza-in-volo-bond-%e2%80%9ccensimento-degli-ostacoli-evitiamo-altre-stragi\/#breadcrumb"},"inLanguage":"fr-FR","potentialAction":[{"@type":"ReadAction","target":["https:\/\/www.bellunopress.it\/2011\/03\/09\/una-proposta-di-legge-in-regione-per-la-sicurezza-in-volo-bond-%e2%80%9ccensimento-degli-ostacoli-evitiamo-altre-stragi\/"]}]},{"@type":"ImageObject","inLanguage":"fr-FR","@id":"https:\/\/www.bellunopress.it\/2011\/03\/09\/una-proposta-di-legge-in-regione-per-la-sicurezza-in-volo-bond-%e2%80%9ccensimento-degli-ostacoli-evitiamo-altre-stragi\/#primaryimage","url":"http:\/\/www.bellunopress.it\/wp-content\/uploads\/2010\/03\/dario-bond.jpg","contentUrl":"http:\/\/www.bellunopress.it\/wp-content\/uploads\/2010\/03\/dario-bond.jpg"},{"@type":"BreadcrumbList","@id":"https:\/\/www.bellunopress.it\/2011\/03\/09\/una-proposta-di-legge-in-regione-per-la-sicurezza-in-volo-bond-%e2%80%9ccensimento-degli-ostacoli-evitiamo-altre-stragi\/#breadcrumb","itemListElement":[{"@type":"ListItem","position":1,"name":"Home","item":"https:\/\/www.bellunopress.it\/"},{"@type":"ListItem","position":2,"name":"Una proposta di legge in Regione per la sicurezza in volo. Bond: \u201cCensimento degli ostacoli, evitiamo altre stragi&#8221;"}]},{"@type":"WebSite","@id":"https:\/\/www.bellunopress.it\/#website","url":"https:\/\/www.bellunopress.it\/","name":"Bellunopress - Dolomiti","description":"e-mail: redazione@bellunopress.it","publisher":{"@id":"https:\/\/www.bellunopress.it\/#organization"},"potentialAction":[{"@type":"SearchAction","target":{"@type":"EntryPoint","urlTemplate":"https:\/\/www.bellunopress.it\/?s={search_term_string}"},"query-input":{"@type":"PropertyValueSpecification","valueRequired":true,"valueName":"search_term_string"}}],"inLanguage":"fr-FR"},{"@type":"Organization","@id":"https:\/\/www.bellunopress.it\/#organization","name":"Bellunopress","url":"https:\/\/www.bellunopress.it\/","logo":{"@type":"ImageObject","inLanguage":"fr-FR","@id":"https:\/\/www.bellunopress.it\/#\/schema\/logo\/image\/","url":"https:\/\/www.bellunopress.it\/wp-content\/uploads\/2011\/05\/cropped-logo-bellunopress-.jpg","contentUrl":"https:\/\/www.bellunopress.it\/wp-content\/uploads\/2011\/05\/cropped-logo-bellunopress-.jpg","width":512,"height":512,"caption":"Bellunopress"},"image":{"@id":"https:\/\/www.bellunopress.it\/#\/schema\/logo\/image\/"},"sameAs":["https:\/\/www.facebook.com\/profile.php?id=100008943462799","https:\/\/x.com\/bellunopress","https:\/\/www.linkedin.com\/hp\/?dnr=JBzUWaJfMUw8vbXJJ2tVW5-I3jZKvC4wsoxE&amp;amp;amp;amp;amp;amp;trk=nav_responsive_tab_home","https:\/\/www.youtube.com\/channel\/UCxL0wu1uN0_3_7hGG0306cw"]},{"@type":"Person","@id":"https:\/\/www.bellunopress.it\/#\/schema\/person\/79bb06722b37ece1c03d3e94beb30d73","name":"r\u00e9daction","image":{"@type":"ImageObject","inLanguage":"fr-FR","@id":"https:\/\/secure.gravatar.com\/avatar\/37d968a2e67a6fd04c169c4bdef102d0bc5d31b2546345219e348575eb80e9a0?s=96&d=mm&r=g","url":"https:\/\/secure.gravatar.com\/avatar\/37d968a2e67a6fd04c169c4bdef102d0bc5d31b2546345219e348575eb80e9a0?s=96&d=mm&r=g","contentUrl":"https:\/\/secure.gravatar.com\/avatar\/37d968a2e67a6fd04c169c4bdef102d0bc5d31b2546345219e348575eb80e9a0?s=96&d=mm&r=g","caption":"redazione"},"sameAs":["http:\/\/www.bellunopress.it","https:\/\/x.com\/bellunopress"],"url":"https:\/\/www.bellunopress.it\/fr\/author\/redazione\/"}]}},"_links":{"self":[{"href":"https:\/\/www.bellunopress.it\/fr\/wp-json\/wp\/v2\/posts\/24630","targetHints":{"allow":["GET"]}}],"collection":[{"href":"https:\/\/www.bellunopress.it\/fr\/wp-json\/wp\/v2\/posts"}],"about":[{"href":"https:\/\/www.bellunopress.it\/fr\/wp-json\/wp\/v2\/types\/post"}],"author":[{"embeddable":true,"href":"https:\/\/www.bellunopress.it\/fr\/wp-json\/wp\/v2\/users\/2"}],"replies":[{"embeddable":true,"href":"https:\/\/www.bellunopress.it\/fr\/wp-json\/wp\/v2\/comments?post=24630"}],"version-history":[{"count":1,"href":"https:\/\/www.bellunopress.it\/fr\/wp-json\/wp\/v2\/posts\/24630\/revisions"}],"predecessor-version":[{"id":24631,"href":"https:\/\/www.bellunopress.it\/fr\/wp-json\/wp\/v2\/posts\/24630\/revisions\/24631"}],"wp:attachment":[{"href":"https:\/\/www.bellunopress.it\/fr\/wp-json\/wp\/v2\/media?parent=24630"}],"wp:term":[{"taxonomy":"category","embeddable":true,"href":"https:\/\/www.bellunopress.it\/fr\/wp-json\/wp\/v2\/categories?post=24630"},{"taxonomy":"post_tag","embeddable":true,"href":"https:\/\/www.bellunopress.it\/fr\/wp-json\/wp\/v2\/tags?post=24630"}],"curies":[{"name":"wp","href":"https:\/\/api.w.org\/{rel}","templated":true}]}}