{"id":24628,"date":"2011-03-09T22:07:37","date_gmt":"2011-03-09T21:07:37","guid":{"rendered":"http:\/\/www.bellunopress.it\/?p=24628"},"modified":"2011-03-09T22:07:37","modified_gmt":"2011-03-09T21:07:37","slug":"leva-agevolata-per-gli-alpini-del-nord-ciambetti-%e2%80%9cche-sia-una-tradizione-del-nord-non-e-invenzione-della-lega%e2%80%9d","status":"publish","type":"post","link":"https:\/\/www.bellunopress.it\/fr\/2011\/03\/09\/leva-agevolata-per-gli-alpini-del-nord-ciambetti-%e2%80%9cche-sia-una-tradizione-del-nord-non-e-invenzione-della-lega%e2%80%9d\/","title":{"rendered":"Leva &#8220;agevolata&#8221; per gli alpini del nord. Ciambetti: \u201cChe sia una tradizione del nord non \u00e8 invenzione della Lega\u201d"},"content":{"rendered":"<figure id=\"attachment_15094\" aria-describedby=\"caption-attachment-15094\" style=\"width: 109px\" class=\"wp-caption alignleft\"><a href=\"http:\/\/www.bellunopress.it\/wp-content\/uploads\/2010\/05\/roberto-ciambetti.jpg\"><img loading=\"lazy\" decoding=\"async\" class=\"size-full wp-image-15094\" title=\"roberto-ciambetti\" src=\"http:\/\/www.bellunopress.it\/wp-content\/uploads\/2010\/05\/roberto-ciambetti.jpg\" alt=\"\" width=\"109\" height=\"160\" \/><\/a><figcaption id=\"caption-attachment-15094\" class=\"wp-caption-text\">Roberto Ciambetti<\/figcaption><\/figure>\n<p>\u201cChe la leva Alpina sia una tradizione del Nord nonch\u00e9 dell\u2019Abruzzo non \u00e8 una invenzione della Lega\u201d. L\u2019assessore al Bilancio del Veneto, Roberto Ciambetti, interviene nella polemica nata dopo il voto in cui \u00e8 stato battuto il Governo che proponeva una sorta di corsia preferenziale per la leva alpina nelle regioni settentrionali, in Abruzzo e nella Provincia di Isernia, \u201ctradizionali serbatoi di alpini\u201d ha spiegato Ciambetti, gi\u00e0 artigliere di montagna e a tutt\u2019oggi \u2018penna nera\u2019. \u201cNel 1872 Giuseppe Domenico Perrucchetti nelle Rivista Militare Italiana pubblic\u00f2 \u00a0uno studio \u2013 spiega Ciambetti &#8211; nel quale sosteneva la necessit\u00e0 di affidare a truppe alpine, composte da soldati nati nelle aree montane del Nord, \u00a0la difesa dei valichi e delle montagne. Del resto \u00e8 una antica tradizione alpina e non solo italiana il reclutamento in ambiti montani di truppe speciali, dai Kaiserj\u00e4ger agli Alpenkorps. La proposta di una serie di agevolazioni per i volontari in ferma prefissata e in rafferma che risiedono negli stessi territori dove prestano servizio non era nient\u2019affatto scandalosa e trovo le polemiche di queste ore non solo ingenerose, ma anche offensive per i nostri soldati in missione all\u2019estero. Penso alla memoria di Matteo Miotto, alla sua straordinaria lettera e al suo amore per il suo cappello d\u2019alpino, e non voglio aggiungere altro\u201d.<\/p>","protected":false},"excerpt":{"rendered":"<p>\u201cChe la leva Alpina sia una tradizione del Nord nonch\u00e9 dell\u2019Abruzzo non \u00e8 una invenzione della Lega\u201d. L\u2019assessore al Bilancio del Veneto, Roberto Ciambetti, interviene nella polemica nata dopo il voto in cui \u00e8 stato battuto il Governo che proponeva una sorta di corsia preferenziale per la leva alpina nelle regioni settentrionali, in Abruzzo e [&hellip;]<\/p>\n","protected":false},"author":2,"featured_media":0,"comment_status":"closed","ping_status":"open","sticky":false,"template":"","format":"standard","meta":{"footnotes":""},"categories":[5,26],"tags":[],"class_list":["post-24628","post","type-post","status-publish","format-standard","category-cronaca","category-prima-pagina"],"yoast_head":"<!-- This site is optimized with the Yoast SEO plugin v28.4 - https:\/\/yoast.com\/product\/yoast-seo-wordpress\/ -->\n<title>Leva &quot;agevolata&quot; per gli alpini del nord. Ciambetti: \u201cChe sia una tradizione del nord non \u00e8 invenzione della Lega\u201d - Bellunopress - Dolomiti<\/title>\n<meta name=\"robots\" content=\"index, follow, max-snippet:-1, max-image-preview:large, max-video-preview:-1\" \/>\n<link rel=\"canonical\" href=\"https:\/\/www.bellunopress.it\/fr\/2011\/03\/09\/leva-agevolata-per-gli-alpini-del-nord-ciambetti-\u201cche-sia-una-tradizione-del-nord-non-e-invenzione-della-lega\u201d\/\" \/>\n<meta property=\"og:locale\" content=\"fr_FR\" \/>\n<meta property=\"og:type\" content=\"article\" \/>\n<meta property=\"og:title\" content=\"Leva &quot;agevolata&quot; per gli alpini del nord. Ciambetti: \u201cChe sia una tradizione del nord non \u00e8 invenzione della Lega\u201d - Bellunopress - Dolomiti\" \/>\n<meta property=\"og:description\" content=\"\u201cChe la leva Alpina sia una tradizione del Nord nonch\u00e9 dell\u2019Abruzzo non \u00e8 una invenzione della Lega\u201d. L\u2019assessore al Bilancio del Veneto, Roberto Ciambetti, interviene nella polemica nata dopo il voto in cui \u00e8 stato battuto il Governo che proponeva una sorta di corsia preferenziale per la leva alpina nelle regioni settentrionali, in Abruzzo e [&hellip;]\" \/>\n<meta property=\"og:url\" content=\"https:\/\/www.bellunopress.it\/fr\/2011\/03\/09\/leva-agevolata-per-gli-alpini-del-nord-ciambetti-\u201cche-sia-una-tradizione-del-nord-non-e-invenzione-della-lega\u201d\/\" \/>\n<meta property=\"og:site_name\" content=\"Bellunopress - Dolomiti\" \/>\n<meta property=\"article:publisher\" content=\"https:\/\/www.facebook.com\/profile.php?id=100008943462799\" \/>\n<meta property=\"article:published_time\" content=\"2011-03-09T21:07:37+00:00\" \/>\n<meta property=\"og:image\" content=\"http:\/\/www.bellunopress.it\/wp-content\/uploads\/2010\/05\/roberto-ciambetti.jpg\" \/>\n<meta name=\"author\" content=\"redazione\" \/>\n<meta name=\"twitter:card\" content=\"summary_large_image\" \/>\n<meta name=\"twitter:creator\" content=\"@bellunopress\" \/>\n<meta name=\"twitter:site\" content=\"@bellunopress\" \/>\n<meta name=\"twitter:label1\" content=\"\u00c9crit par\" \/>\n\t<meta name=\"twitter:data1\" content=\"redazione\" \/>\n\t<meta name=\"twitter:label2\" content=\"Dur\u00e9e de lecture estim\u00e9e\" \/>\n\t<meta name=\"twitter:data2\" content=\"1 minute\" \/>\n<script type=\"application\/ld+json\" class=\"yoast-schema-graph\">{\"@context\":\"https:\\\/\\\/schema.org\",\"@graph\":[{\"@type\":\"Article\",\"@id\":\"https:\\\/\\\/www.bellunopress.it\\\/2011\\\/03\\\/09\\\/leva-agevolata-per-gli-alpini-del-nord-ciambetti-%e2%80%9cche-sia-una-tradizione-del-nord-non-e-invenzione-della-lega%e2%80%9d\\\/#article\",\"isPartOf\":{\"@id\":\"https:\\\/\\\/www.bellunopress.it\\\/2011\\\/03\\\/09\\\/leva-agevolata-per-gli-alpini-del-nord-ciambetti-%e2%80%9cche-sia-una-tradizione-del-nord-non-e-invenzione-della-lega%e2%80%9d\\\/\"},\"author\":{\"name\":\"redazione\",\"@id\":\"https:\\\/\\\/www.bellunopress.it\\\/#\\\/schema\\\/person\\\/79bb06722b37ece1c03d3e94beb30d73\"},\"headline\":\"Leva &#8220;agevolata&#8221; per gli alpini del nord. Ciambetti: \u201cChe sia una tradizione del nord non \u00e8 invenzione della Lega\u201d\",\"datePublished\":\"2011-03-09T21:07:37+00:00\",\"mainEntityOfPage\":{\"@id\":\"https:\\\/\\\/www.bellunopress.it\\\/2011\\\/03\\\/09\\\/leva-agevolata-per-gli-alpini-del-nord-ciambetti-%e2%80%9cche-sia-una-tradizione-del-nord-non-e-invenzione-della-lega%e2%80%9d\\\/\"},\"wordCount\":242,\"publisher\":{\"@id\":\"https:\\\/\\\/www.bellunopress.it\\\/#organization\"},\"image\":{\"@id\":\"https:\\\/\\\/www.bellunopress.it\\\/2011\\\/03\\\/09\\\/leva-agevolata-per-gli-alpini-del-nord-ciambetti-%e2%80%9cche-sia-una-tradizione-del-nord-non-e-invenzione-della-lega%e2%80%9d\\\/#primaryimage\"},\"thumbnailUrl\":\"http:\\\/\\\/www.bellunopress.it\\\/wp-content\\\/uploads\\\/2010\\\/05\\\/roberto-ciambetti.jpg\",\"articleSection\":[\"Cronaca\\\/Politica\",\"Prima Pagina\"],\"inLanguage\":\"fr-FR\"},{\"@type\":\"WebPage\",\"@id\":\"https:\\\/\\\/www.bellunopress.it\\\/2011\\\/03\\\/09\\\/leva-agevolata-per-gli-alpini-del-nord-ciambetti-%e2%80%9cche-sia-una-tradizione-del-nord-non-e-invenzione-della-lega%e2%80%9d\\\/\",\"url\":\"https:\\\/\\\/www.bellunopress.it\\\/2011\\\/03\\\/09\\\/leva-agevolata-per-gli-alpini-del-nord-ciambetti-%e2%80%9cche-sia-una-tradizione-del-nord-non-e-invenzione-della-lega%e2%80%9d\\\/\",\"name\":\"Leva \\\"agevolata\\\" per gli alpini del nord. Ciambetti: \u201cChe sia una tradizione del nord non \u00e8 invenzione della Lega\u201d - Bellunopress - Dolomiti\",\"isPartOf\":{\"@id\":\"https:\\\/\\\/www.bellunopress.it\\\/#website\"},\"primaryImageOfPage\":{\"@id\":\"https:\\\/\\\/www.bellunopress.it\\\/2011\\\/03\\\/09\\\/leva-agevolata-per-gli-alpini-del-nord-ciambetti-%e2%80%9cche-sia-una-tradizione-del-nord-non-e-invenzione-della-lega%e2%80%9d\\\/#primaryimage\"},\"image\":{\"@id\":\"https:\\\/\\\/www.bellunopress.it\\\/2011\\\/03\\\/09\\\/leva-agevolata-per-gli-alpini-del-nord-ciambetti-%e2%80%9cche-sia-una-tradizione-del-nord-non-e-invenzione-della-lega%e2%80%9d\\\/#primaryimage\"},\"thumbnailUrl\":\"http:\\\/\\\/www.bellunopress.it\\\/wp-content\\\/uploads\\\/2010\\\/05\\\/roberto-ciambetti.jpg\",\"datePublished\":\"2011-03-09T21:07:37+00:00\",\"breadcrumb\":{\"@id\":\"https:\\\/\\\/www.bellunopress.it\\\/2011\\\/03\\\/09\\\/leva-agevolata-per-gli-alpini-del-nord-ciambetti-%e2%80%9cche-sia-una-tradizione-del-nord-non-e-invenzione-della-lega%e2%80%9d\\\/#breadcrumb\"},\"inLanguage\":\"fr-FR\",\"potentialAction\":[{\"@type\":\"ReadAction\",\"target\":[\"https:\\\/\\\/www.bellunopress.it\\\/2011\\\/03\\\/09\\\/leva-agevolata-per-gli-alpini-del-nord-ciambetti-%e2%80%9cche-sia-una-tradizione-del-nord-non-e-invenzione-della-lega%e2%80%9d\\\/\"]}]},{\"@type\":\"ImageObject\",\"inLanguage\":\"fr-FR\",\"@id\":\"https:\\\/\\\/www.bellunopress.it\\\/2011\\\/03\\\/09\\\/leva-agevolata-per-gli-alpini-del-nord-ciambetti-%e2%80%9cche-sia-una-tradizione-del-nord-non-e-invenzione-della-lega%e2%80%9d\\\/#primaryimage\",\"url\":\"http:\\\/\\\/www.bellunopress.it\\\/wp-content\\\/uploads\\\/2010\\\/05\\\/roberto-ciambetti.jpg\",\"contentUrl\":\"http:\\\/\\\/www.bellunopress.it\\\/wp-content\\\/uploads\\\/2010\\\/05\\\/roberto-ciambetti.jpg\"},{\"@type\":\"BreadcrumbList\",\"@id\":\"https:\\\/\\\/www.bellunopress.it\\\/2011\\\/03\\\/09\\\/leva-agevolata-per-gli-alpini-del-nord-ciambetti-%e2%80%9cche-sia-una-tradizione-del-nord-non-e-invenzione-della-lega%e2%80%9d\\\/#breadcrumb\",\"itemListElement\":[{\"@type\":\"ListItem\",\"position\":1,\"name\":\"Home\",\"item\":\"https:\\\/\\\/www.bellunopress.it\\\/\"},{\"@type\":\"ListItem\",\"position\":2,\"name\":\"Leva &#8220;agevolata&#8221; per gli alpini del nord. Ciambetti: \u201cChe sia una tradizione del nord non \u00e8 invenzione della Lega\u201d\"}]},{\"@type\":\"WebSite\",\"@id\":\"https:\\\/\\\/www.bellunopress.it\\\/#website\",\"url\":\"https:\\\/\\\/www.bellunopress.it\\\/\",\"name\":\"Bellunopress - Dolomiti\",\"description\":\"e-mail: redazione@bellunopress.it\",\"publisher\":{\"@id\":\"https:\\\/\\\/www.bellunopress.it\\\/#organization\"},\"potentialAction\":[{\"@type\":\"SearchAction\",\"target\":{\"@type\":\"EntryPoint\",\"urlTemplate\":\"https:\\\/\\\/www.bellunopress.it\\\/?s={search_term_string}\"},\"query-input\":{\"@type\":\"PropertyValueSpecification\",\"valueRequired\":true,\"valueName\":\"search_term_string\"}}],\"inLanguage\":\"fr-FR\"},{\"@type\":\"Organization\",\"@id\":\"https:\\\/\\\/www.bellunopress.it\\\/#organization\",\"name\":\"Bellunopress\",\"url\":\"https:\\\/\\\/www.bellunopress.it\\\/\",\"logo\":{\"@type\":\"ImageObject\",\"inLanguage\":\"fr-FR\",\"@id\":\"https:\\\/\\\/www.bellunopress.it\\\/#\\\/schema\\\/logo\\\/image\\\/\",\"url\":\"https:\\\/\\\/www.bellunopress.it\\\/wp-content\\\/uploads\\\/2011\\\/05\\\/cropped-logo-bellunopress-.jpg\",\"contentUrl\":\"https:\\\/\\\/www.bellunopress.it\\\/wp-content\\\/uploads\\\/2011\\\/05\\\/cropped-logo-bellunopress-.jpg\",\"width\":512,\"height\":512,\"caption\":\"Bellunopress\"},\"image\":{\"@id\":\"https:\\\/\\\/www.bellunopress.it\\\/#\\\/schema\\\/logo\\\/image\\\/\"},\"sameAs\":[\"https:\\\/\\\/www.facebook.com\\\/profile.php?id=100008943462799\",\"https:\\\/\\\/x.com\\\/bellunopress\",\"https:\\\/\\\/www.linkedin.com\\\/hp\\\/?dnr=JBzUWaJfMUw8vbXJJ2tVW5-I3jZKvC4wsoxE&amp;amp;amp;amp;amp;amp;trk=nav_responsive_tab_home\",\"https:\\\/\\\/www.youtube.com\\\/channel\\\/UCxL0wu1uN0_3_7hGG0306cw\"]},{\"@type\":\"Person\",\"@id\":\"https:\\\/\\\/www.bellunopress.it\\\/#\\\/schema\\\/person\\\/79bb06722b37ece1c03d3e94beb30d73\",\"name\":\"redazione\",\"image\":{\"@type\":\"ImageObject\",\"inLanguage\":\"fr-FR\",\"@id\":\"https:\\\/\\\/secure.gravatar.com\\\/avatar\\\/37d968a2e67a6fd04c169c4bdef102d0bc5d31b2546345219e348575eb80e9a0?s=96&d=mm&r=g\",\"url\":\"https:\\\/\\\/secure.gravatar.com\\\/avatar\\\/37d968a2e67a6fd04c169c4bdef102d0bc5d31b2546345219e348575eb80e9a0?s=96&d=mm&r=g\",\"contentUrl\":\"https:\\\/\\\/secure.gravatar.com\\\/avatar\\\/37d968a2e67a6fd04c169c4bdef102d0bc5d31b2546345219e348575eb80e9a0?s=96&d=mm&r=g\",\"caption\":\"redazione\"},\"sameAs\":[\"http:\\\/\\\/www.bellunopress.it\",\"https:\\\/\\\/x.com\\\/bellunopress\"],\"url\":\"https:\\\/\\\/www.bellunopress.it\\\/fr\\\/author\\\/redazione\\\/\"}]}<\/script>\n<!-- \/ Yoast SEO plugin. -->","yoast_head_json":{"title":"Leva \"agevolata\" per gli alpini del nord. Ciambetti: \u201cChe sia una tradizione del nord non \u00e8 invenzione della Lega\u201d - Bellunopress - Dolomiti","robots":{"index":"index","follow":"follow","max-snippet":"max-snippet:-1","max-image-preview":"max-image-preview:large","max-video-preview":"max-video-preview:-1"},"canonical":"https:\/\/www.bellunopress.it\/fr\/2011\/03\/09\/leva-agevolata-per-gli-alpini-del-nord-ciambetti-\u201cche-sia-una-tradizione-del-nord-non-e-invenzione-della-lega\u201d\/","og_locale":"fr_FR","og_type":"article","og_title":"Leva \"agevolata\" per gli alpini del nord. Ciambetti: \u201cChe sia una tradizione del nord non \u00e8 invenzione della Lega\u201d - Bellunopress - Dolomiti","og_description":"\u201cChe la leva Alpina sia una tradizione del Nord nonch\u00e9 dell\u2019Abruzzo non \u00e8 una invenzione della Lega\u201d. L\u2019assessore al Bilancio del Veneto, Roberto Ciambetti, interviene nella polemica nata dopo il voto in cui \u00e8 stato battuto il Governo che proponeva una sorta di corsia preferenziale per la leva alpina nelle regioni settentrionali, in Abruzzo e [&hellip;]","og_url":"https:\/\/www.bellunopress.it\/fr\/2011\/03\/09\/leva-agevolata-per-gli-alpini-del-nord-ciambetti-\u201cche-sia-una-tradizione-del-nord-non-e-invenzione-della-lega\u201d\/","og_site_name":"Bellunopress - Dolomiti","article_publisher":"https:\/\/www.facebook.com\/profile.php?id=100008943462799","article_published_time":"2011-03-09T21:07:37+00:00","og_image":[{"url":"http:\/\/www.bellunopress.it\/wp-content\/uploads\/2010\/05\/roberto-ciambetti.jpg","type":"","width":"","height":""}],"author":"redazione","twitter_card":"summary_large_image","twitter_creator":"@bellunopress","twitter_site":"@bellunopress","twitter_misc":{"\u00c9crit par":"redazione","Dur\u00e9e de lecture estim\u00e9e":"1 minute"},"schema":{"@context":"https:\/\/schema.org","@graph":[{"@type":"Article","@id":"https:\/\/www.bellunopress.it\/2011\/03\/09\/leva-agevolata-per-gli-alpini-del-nord-ciambetti-%e2%80%9cche-sia-una-tradizione-del-nord-non-e-invenzione-della-lega%e2%80%9d\/#article","isPartOf":{"@id":"https:\/\/www.bellunopress.it\/2011\/03\/09\/leva-agevolata-per-gli-alpini-del-nord-ciambetti-%e2%80%9cche-sia-una-tradizione-del-nord-non-e-invenzione-della-lega%e2%80%9d\/"},"author":{"name":"redazione","@id":"https:\/\/www.bellunopress.it\/#\/schema\/person\/79bb06722b37ece1c03d3e94beb30d73"},"headline":"Leva &#8220;agevolata&#8221; per gli alpini del nord. Ciambetti: \u201cChe sia una tradizione del nord non \u00e8 invenzione della Lega\u201d","datePublished":"2011-03-09T21:07:37+00:00","mainEntityOfPage":{"@id":"https:\/\/www.bellunopress.it\/2011\/03\/09\/leva-agevolata-per-gli-alpini-del-nord-ciambetti-%e2%80%9cche-sia-una-tradizione-del-nord-non-e-invenzione-della-lega%e2%80%9d\/"},"wordCount":242,"publisher":{"@id":"https:\/\/www.bellunopress.it\/#organization"},"image":{"@id":"https:\/\/www.bellunopress.it\/2011\/03\/09\/leva-agevolata-per-gli-alpini-del-nord-ciambetti-%e2%80%9cche-sia-una-tradizione-del-nord-non-e-invenzione-della-lega%e2%80%9d\/#primaryimage"},"thumbnailUrl":"http:\/\/www.bellunopress.it\/wp-content\/uploads\/2010\/05\/roberto-ciambetti.jpg","articleSection":["Cronaca\/Politica","Prima Pagina"],"inLanguage":"fr-FR"},{"@type":"WebPage","@id":"https:\/\/www.bellunopress.it\/2011\/03\/09\/leva-agevolata-per-gli-alpini-del-nord-ciambetti-%e2%80%9cche-sia-una-tradizione-del-nord-non-e-invenzione-della-lega%e2%80%9d\/","url":"https:\/\/www.bellunopress.it\/2011\/03\/09\/leva-agevolata-per-gli-alpini-del-nord-ciambetti-%e2%80%9cche-sia-una-tradizione-del-nord-non-e-invenzione-della-lega%e2%80%9d\/","name":"Leva \"agevolata\" per gli alpini del nord. Ciambetti: \u201cChe sia una tradizione del nord non \u00e8 invenzione della Lega\u201d - Bellunopress - Dolomiti","isPartOf":{"@id":"https:\/\/www.bellunopress.it\/#website"},"primaryImageOfPage":{"@id":"https:\/\/www.bellunopress.it\/2011\/03\/09\/leva-agevolata-per-gli-alpini-del-nord-ciambetti-%e2%80%9cche-sia-una-tradizione-del-nord-non-e-invenzione-della-lega%e2%80%9d\/#primaryimage"},"image":{"@id":"https:\/\/www.bellunopress.it\/2011\/03\/09\/leva-agevolata-per-gli-alpini-del-nord-ciambetti-%e2%80%9cche-sia-una-tradizione-del-nord-non-e-invenzione-della-lega%e2%80%9d\/#primaryimage"},"thumbnailUrl":"http:\/\/www.bellunopress.it\/wp-content\/uploads\/2010\/05\/roberto-ciambetti.jpg","datePublished":"2011-03-09T21:07:37+00:00","breadcrumb":{"@id":"https:\/\/www.bellunopress.it\/2011\/03\/09\/leva-agevolata-per-gli-alpini-del-nord-ciambetti-%e2%80%9cche-sia-una-tradizione-del-nord-non-e-invenzione-della-lega%e2%80%9d\/#breadcrumb"},"inLanguage":"fr-FR","potentialAction":[{"@type":"ReadAction","target":["https:\/\/www.bellunopress.it\/2011\/03\/09\/leva-agevolata-per-gli-alpini-del-nord-ciambetti-%e2%80%9cche-sia-una-tradizione-del-nord-non-e-invenzione-della-lega%e2%80%9d\/"]}]},{"@type":"ImageObject","inLanguage":"fr-FR","@id":"https:\/\/www.bellunopress.it\/2011\/03\/09\/leva-agevolata-per-gli-alpini-del-nord-ciambetti-%e2%80%9cche-sia-una-tradizione-del-nord-non-e-invenzione-della-lega%e2%80%9d\/#primaryimage","url":"http:\/\/www.bellunopress.it\/wp-content\/uploads\/2010\/05\/roberto-ciambetti.jpg","contentUrl":"http:\/\/www.bellunopress.it\/wp-content\/uploads\/2010\/05\/roberto-ciambetti.jpg"},{"@type":"BreadcrumbList","@id":"https:\/\/www.bellunopress.it\/2011\/03\/09\/leva-agevolata-per-gli-alpini-del-nord-ciambetti-%e2%80%9cche-sia-una-tradizione-del-nord-non-e-invenzione-della-lega%e2%80%9d\/#breadcrumb","itemListElement":[{"@type":"ListItem","position":1,"name":"Home","item":"https:\/\/www.bellunopress.it\/"},{"@type":"ListItem","position":2,"name":"Leva &#8220;agevolata&#8221; per gli alpini del nord. Ciambetti: \u201cChe sia una tradizione del nord non \u00e8 invenzione della Lega\u201d"}]},{"@type":"WebSite","@id":"https:\/\/www.bellunopress.it\/#website","url":"https:\/\/www.bellunopress.it\/","name":"Bellunopress - Dolomiti","description":"e-mail: redazione@bellunopress.it","publisher":{"@id":"https:\/\/www.bellunopress.it\/#organization"},"potentialAction":[{"@type":"SearchAction","target":{"@type":"EntryPoint","urlTemplate":"https:\/\/www.bellunopress.it\/?s={search_term_string}"},"query-input":{"@type":"PropertyValueSpecification","valueRequired":true,"valueName":"search_term_string"}}],"inLanguage":"fr-FR"},{"@type":"Organization","@id":"https:\/\/www.bellunopress.it\/#organization","name":"Bellunopress","url":"https:\/\/www.bellunopress.it\/","logo":{"@type":"ImageObject","inLanguage":"fr-FR","@id":"https:\/\/www.bellunopress.it\/#\/schema\/logo\/image\/","url":"https:\/\/www.bellunopress.it\/wp-content\/uploads\/2011\/05\/cropped-logo-bellunopress-.jpg","contentUrl":"https:\/\/www.bellunopress.it\/wp-content\/uploads\/2011\/05\/cropped-logo-bellunopress-.jpg","width":512,"height":512,"caption":"Bellunopress"},"image":{"@id":"https:\/\/www.bellunopress.it\/#\/schema\/logo\/image\/"},"sameAs":["https:\/\/www.facebook.com\/profile.php?id=100008943462799","https:\/\/x.com\/bellunopress","https:\/\/www.linkedin.com\/hp\/?dnr=JBzUWaJfMUw8vbXJJ2tVW5-I3jZKvC4wsoxE&amp;amp;amp;amp;amp;amp;trk=nav_responsive_tab_home","https:\/\/www.youtube.com\/channel\/UCxL0wu1uN0_3_7hGG0306cw"]},{"@type":"Person","@id":"https:\/\/www.bellunopress.it\/#\/schema\/person\/79bb06722b37ece1c03d3e94beb30d73","name":"r\u00e9daction","image":{"@type":"ImageObject","inLanguage":"fr-FR","@id":"https:\/\/secure.gravatar.com\/avatar\/37d968a2e67a6fd04c169c4bdef102d0bc5d31b2546345219e348575eb80e9a0?s=96&d=mm&r=g","url":"https:\/\/secure.gravatar.com\/avatar\/37d968a2e67a6fd04c169c4bdef102d0bc5d31b2546345219e348575eb80e9a0?s=96&d=mm&r=g","contentUrl":"https:\/\/secure.gravatar.com\/avatar\/37d968a2e67a6fd04c169c4bdef102d0bc5d31b2546345219e348575eb80e9a0?s=96&d=mm&r=g","caption":"redazione"},"sameAs":["http:\/\/www.bellunopress.it","https:\/\/x.com\/bellunopress"],"url":"https:\/\/www.bellunopress.it\/fr\/author\/redazione\/"}]}},"_links":{"self":[{"href":"https:\/\/www.bellunopress.it\/fr\/wp-json\/wp\/v2\/posts\/24628","targetHints":{"allow":["GET"]}}],"collection":[{"href":"https:\/\/www.bellunopress.it\/fr\/wp-json\/wp\/v2\/posts"}],"about":[{"href":"https:\/\/www.bellunopress.it\/fr\/wp-json\/wp\/v2\/types\/post"}],"author":[{"embeddable":true,"href":"https:\/\/www.bellunopress.it\/fr\/wp-json\/wp\/v2\/users\/2"}],"replies":[{"embeddable":true,"href":"https:\/\/www.bellunopress.it\/fr\/wp-json\/wp\/v2\/comments?post=24628"}],"version-history":[{"count":1,"href":"https:\/\/www.bellunopress.it\/fr\/wp-json\/wp\/v2\/posts\/24628\/revisions"}],"predecessor-version":[{"id":24629,"href":"https:\/\/www.bellunopress.it\/fr\/wp-json\/wp\/v2\/posts\/24628\/revisions\/24629"}],"wp:attachment":[{"href":"https:\/\/www.bellunopress.it\/fr\/wp-json\/wp\/v2\/media?parent=24628"}],"wp:term":[{"taxonomy":"category","embeddable":true,"href":"https:\/\/www.bellunopress.it\/fr\/wp-json\/wp\/v2\/categories?post=24628"},{"taxonomy":"post_tag","embeddable":true,"href":"https:\/\/www.bellunopress.it\/fr\/wp-json\/wp\/v2\/tags?post=24628"}],"curies":[{"name":"wp","href":"https:\/\/api.w.org\/{rel}","templated":true}]}}