{"id":24520,"date":"2011-03-09T22:23:54","date_gmt":"2011-03-09T21:23:54","guid":{"rendered":"http:\/\/www.bellunopress.it\/?p=24520"},"modified":"2011-03-09T22:52:40","modified_gmt":"2011-03-09T21:52:40","slug":"venerdi-notte-nataly-cool-allalibi-di-san-fior","status":"publish","type":"post","link":"https:\/\/www.bellunopress.it\/fr\/2011\/03\/09\/venerdi-notte-nataly-cool-allalibi-di-san-fior\/","title":{"rendered":"Venerd\u00ec notte Nataly Cool all&#8217;Alibi di San Fior"},"content":{"rendered":"<p><a href=\"http:\/\/www.bellunopress.it\/wp-content\/uploads\/2011\/03\/nataly-coole.jpg\"><img loading=\"lazy\" decoding=\"async\" class=\"alignleft size-full wp-image-24521\" title=\"nataly coole\" src=\"http:\/\/www.bellunopress.it\/wp-content\/uploads\/2011\/03\/nataly-coole.jpg\" alt=\"\" width=\"280\" height=\"217\" \/><\/a>Biondissima, conturbante, una realt\u00e0 parallela che venerd\u00ec notte (11\/12 marzo) apparir\u00e0 all&#8217;Alibi Club Revolution di San Fior, sulla statale Pontebbana. Nataly Cool, dalla trasmissione televisiva Cantando e Ballando su Canale Italia, passando per il &#8220;Sexy Bar&#8221; di Corrado Fumagalli, finalmente dal vivo a pochi chilometri da Belluno. La sexy star rivelazione del 2010 \u00e8 anche su Facebook, dove \u00e8 stata presa d&#8217;assalto dagli ammiratori. Alla fine del 2009 Nataly \u00e8 stata la modella protagonista di dodici indimenticabili scatti fotografici di nudo artistico finalizzati alla realizzazione del riuscitissimo calendario 2010. E poi del calendario 2011. L&#8217;Alibi \u00e8 aperto dal mercoled\u00ec alla domenica. Con frizzanti top girl che ti aspettano in un ambiente esclusivo, per dare alla tua serata il sapore del vero divertimento, immerso in magiche emozioni. Info: 0438 260590 <a href=\"http:\/\/www.alibirevolution.com\/\">www.alibirevolution.com<\/a><\/p>","protected":false},"excerpt":{"rendered":"<p>Biondissima, conturbante, una realt\u00e0 parallela che venerd\u00ec notte (11\/12 marzo) apparir\u00e0 all&#8217;Alibi Club Revolution di San Fior, sulla statale Pontebbana. Nataly Cool, dalla trasmissione televisiva Cantando e Ballando su Canale Italia, passando per il &#8220;Sexy Bar&#8221; di Corrado Fumagalli, finalmente dal vivo a pochi chilometri da Belluno. La sexy star rivelazione del 2010 \u00e8 anche [&hellip;]<\/p>\n","protected":false},"author":2,"featured_media":0,"comment_status":"closed","ping_status":"open","sticky":false,"template":"","format":"standard","meta":{"footnotes":""},"categories":[25,50],"tags":[],"class_list":["post-24520","post","type-post","status-publish","format-standard","category-pausa-caffe","category-pubbliredazionali"],"yoast_head":"<!-- This site is optimized with the Yoast SEO plugin v28.4 - https:\/\/yoast.com\/product\/yoast-seo-wordpress\/ -->\n<title>Venerd\u00ec notte Nataly Cool all&#039;Alibi di San Fior - Bellunopress - Dolomiti<\/title>\n<meta name=\"robots\" content=\"index, follow, max-snippet:-1, max-image-preview:large, max-video-preview:-1\" \/>\n<link rel=\"canonical\" href=\"https:\/\/www.bellunopress.it\/fr\/2011\/03\/09\/venerdi-notte-nataly-cool-allalibi-di-san-fior\/\" \/>\n<meta property=\"og:locale\" content=\"fr_FR\" \/>\n<meta property=\"og:type\" content=\"article\" \/>\n<meta property=\"og:title\" content=\"Venerd\u00ec notte Nataly Cool all&#039;Alibi di San Fior - Bellunopress - Dolomiti\" \/>\n<meta property=\"og:description\" content=\"Biondissima, conturbante, una realt\u00e0 parallela che venerd\u00ec notte (11\/12 marzo) apparir\u00e0 all&#8217;Alibi Club Revolution di San Fior, sulla statale Pontebbana. Nataly Cool, dalla trasmissione televisiva Cantando e Ballando su Canale Italia, passando per il &#8220;Sexy Bar&#8221; di Corrado Fumagalli, finalmente dal vivo a pochi chilometri da Belluno. La sexy star rivelazione del 2010 \u00e8 anche [&hellip;]\" \/>\n<meta property=\"og:url\" content=\"https:\/\/www.bellunopress.it\/fr\/2011\/03\/09\/venerdi-notte-nataly-cool-allalibi-di-san-fior\/\" \/>\n<meta property=\"og:site_name\" content=\"Bellunopress - Dolomiti\" \/>\n<meta property=\"article:publisher\" content=\"https:\/\/www.facebook.com\/profile.php?id=100008943462799\" \/>\n<meta property=\"article:published_time\" content=\"2011-03-09T21:23:54+00:00\" \/>\n<meta property=\"article:modified_time\" content=\"2011-03-09T21:52:40+00:00\" \/>\n<meta property=\"og:image\" content=\"http:\/\/www.bellunopress.it\/wp-content\/uploads\/2011\/03\/nataly-coole.jpg\" \/>\n<meta name=\"author\" content=\"redazione\" \/>\n<meta name=\"twitter:card\" content=\"summary_large_image\" \/>\n<meta name=\"twitter:creator\" content=\"@bellunopress\" \/>\n<meta name=\"twitter:site\" content=\"@bellunopress\" \/>\n<meta name=\"twitter:label1\" content=\"\u00c9crit par\" \/>\n\t<meta name=\"twitter:data1\" content=\"redazione\" \/>\n\t<meta name=\"twitter:label2\" content=\"Dur\u00e9e de lecture estim\u00e9e\" \/>\n\t<meta name=\"twitter:data2\" content=\"1 minute\" \/>\n<script type=\"application\/ld+json\" class=\"yoast-schema-graph\">{\"@context\":\"https:\\\/\\\/schema.org\",\"@graph\":[{\"@type\":\"Article\",\"@id\":\"https:\\\/\\\/www.bellunopress.it\\\/2011\\\/03\\\/09\\\/venerdi-notte-nataly-cool-allalibi-di-san-fior\\\/#article\",\"isPartOf\":{\"@id\":\"https:\\\/\\\/www.bellunopress.it\\\/2011\\\/03\\\/09\\\/venerdi-notte-nataly-cool-allalibi-di-san-fior\\\/\"},\"author\":{\"name\":\"redazione\",\"@id\":\"https:\\\/\\\/www.bellunopress.it\\\/#\\\/schema\\\/person\\\/79bb06722b37ece1c03d3e94beb30d73\"},\"headline\":\"Venerd\u00ec notte Nataly Cool all&#8217;Alibi di San Fior\",\"datePublished\":\"2011-03-09T21:23:54+00:00\",\"dateModified\":\"2011-03-09T21:52:40+00:00\",\"mainEntityOfPage\":{\"@id\":\"https:\\\/\\\/www.bellunopress.it\\\/2011\\\/03\\\/09\\\/venerdi-notte-nataly-cool-allalibi-di-san-fior\\\/\"},\"wordCount\":133,\"publisher\":{\"@id\":\"https:\\\/\\\/www.bellunopress.it\\\/#organization\"},\"image\":{\"@id\":\"https:\\\/\\\/www.bellunopress.it\\\/2011\\\/03\\\/09\\\/venerdi-notte-nataly-cool-allalibi-di-san-fior\\\/#primaryimage\"},\"thumbnailUrl\":\"http:\\\/\\\/www.bellunopress.it\\\/wp-content\\\/uploads\\\/2011\\\/03\\\/nataly-coole.jpg\",\"articleSection\":[\"Pausa Caff\u00e8\",\"Pubbliredazionali\"],\"inLanguage\":\"fr-FR\"},{\"@type\":\"WebPage\",\"@id\":\"https:\\\/\\\/www.bellunopress.it\\\/2011\\\/03\\\/09\\\/venerdi-notte-nataly-cool-allalibi-di-san-fior\\\/\",\"url\":\"https:\\\/\\\/www.bellunopress.it\\\/2011\\\/03\\\/09\\\/venerdi-notte-nataly-cool-allalibi-di-san-fior\\\/\",\"name\":\"Venerd\u00ec notte Nataly Cool all'Alibi di San Fior - Bellunopress - Dolomiti\",\"isPartOf\":{\"@id\":\"https:\\\/\\\/www.bellunopress.it\\\/#website\"},\"primaryImageOfPage\":{\"@id\":\"https:\\\/\\\/www.bellunopress.it\\\/2011\\\/03\\\/09\\\/venerdi-notte-nataly-cool-allalibi-di-san-fior\\\/#primaryimage\"},\"image\":{\"@id\":\"https:\\\/\\\/www.bellunopress.it\\\/2011\\\/03\\\/09\\\/venerdi-notte-nataly-cool-allalibi-di-san-fior\\\/#primaryimage\"},\"thumbnailUrl\":\"http:\\\/\\\/www.bellunopress.it\\\/wp-content\\\/uploads\\\/2011\\\/03\\\/nataly-coole.jpg\",\"datePublished\":\"2011-03-09T21:23:54+00:00\",\"dateModified\":\"2011-03-09T21:52:40+00:00\",\"breadcrumb\":{\"@id\":\"https:\\\/\\\/www.bellunopress.it\\\/2011\\\/03\\\/09\\\/venerdi-notte-nataly-cool-allalibi-di-san-fior\\\/#breadcrumb\"},\"inLanguage\":\"fr-FR\",\"potentialAction\":[{\"@type\":\"ReadAction\",\"target\":[\"https:\\\/\\\/www.bellunopress.it\\\/2011\\\/03\\\/09\\\/venerdi-notte-nataly-cool-allalibi-di-san-fior\\\/\"]}]},{\"@type\":\"ImageObject\",\"inLanguage\":\"fr-FR\",\"@id\":\"https:\\\/\\\/www.bellunopress.it\\\/2011\\\/03\\\/09\\\/venerdi-notte-nataly-cool-allalibi-di-san-fior\\\/#primaryimage\",\"url\":\"http:\\\/\\\/www.bellunopress.it\\\/wp-content\\\/uploads\\\/2011\\\/03\\\/nataly-coole.jpg\",\"contentUrl\":\"http:\\\/\\\/www.bellunopress.it\\\/wp-content\\\/uploads\\\/2011\\\/03\\\/nataly-coole.jpg\"},{\"@type\":\"BreadcrumbList\",\"@id\":\"https:\\\/\\\/www.bellunopress.it\\\/2011\\\/03\\\/09\\\/venerdi-notte-nataly-cool-allalibi-di-san-fior\\\/#breadcrumb\",\"itemListElement\":[{\"@type\":\"ListItem\",\"position\":1,\"name\":\"Home\",\"item\":\"https:\\\/\\\/www.bellunopress.it\\\/\"},{\"@type\":\"ListItem\",\"position\":2,\"name\":\"Venerd\u00ec notte Nataly Cool all&#8217;Alibi di San Fior\"}]},{\"@type\":\"WebSite\",\"@id\":\"https:\\\/\\\/www.bellunopress.it\\\/#website\",\"url\":\"https:\\\/\\\/www.bellunopress.it\\\/\",\"name\":\"Bellunopress - Dolomiti\",\"description\":\"e-mail: redazione@bellunopress.it\",\"publisher\":{\"@id\":\"https:\\\/\\\/www.bellunopress.it\\\/#organization\"},\"potentialAction\":[{\"@type\":\"SearchAction\",\"target\":{\"@type\":\"EntryPoint\",\"urlTemplate\":\"https:\\\/\\\/www.bellunopress.it\\\/?s={search_term_string}\"},\"query-input\":{\"@type\":\"PropertyValueSpecification\",\"valueRequired\":true,\"valueName\":\"search_term_string\"}}],\"inLanguage\":\"fr-FR\"},{\"@type\":\"Organization\",\"@id\":\"https:\\\/\\\/www.bellunopress.it\\\/#organization\",\"name\":\"Bellunopress\",\"url\":\"https:\\\/\\\/www.bellunopress.it\\\/\",\"logo\":{\"@type\":\"ImageObject\",\"inLanguage\":\"fr-FR\",\"@id\":\"https:\\\/\\\/www.bellunopress.it\\\/#\\\/schema\\\/logo\\\/image\\\/\",\"url\":\"https:\\\/\\\/www.bellunopress.it\\\/wp-content\\\/uploads\\\/2011\\\/05\\\/cropped-logo-bellunopress-.jpg\",\"contentUrl\":\"https:\\\/\\\/www.bellunopress.it\\\/wp-content\\\/uploads\\\/2011\\\/05\\\/cropped-logo-bellunopress-.jpg\",\"width\":512,\"height\":512,\"caption\":\"Bellunopress\"},\"image\":{\"@id\":\"https:\\\/\\\/www.bellunopress.it\\\/#\\\/schema\\\/logo\\\/image\\\/\"},\"sameAs\":[\"https:\\\/\\\/www.facebook.com\\\/profile.php?id=100008943462799\",\"https:\\\/\\\/x.com\\\/bellunopress\",\"https:\\\/\\\/www.linkedin.com\\\/hp\\\/?dnr=JBzUWaJfMUw8vbXJJ2tVW5-I3jZKvC4wsoxE&amp;amp;amp;amp;amp;amp;trk=nav_responsive_tab_home\",\"https:\\\/\\\/www.youtube.com\\\/channel\\\/UCxL0wu1uN0_3_7hGG0306cw\"]},{\"@type\":\"Person\",\"@id\":\"https:\\\/\\\/www.bellunopress.it\\\/#\\\/schema\\\/person\\\/79bb06722b37ece1c03d3e94beb30d73\",\"name\":\"redazione\",\"image\":{\"@type\":\"ImageObject\",\"inLanguage\":\"fr-FR\",\"@id\":\"https:\\\/\\\/secure.gravatar.com\\\/avatar\\\/37d968a2e67a6fd04c169c4bdef102d0bc5d31b2546345219e348575eb80e9a0?s=96&d=mm&r=g\",\"url\":\"https:\\\/\\\/secure.gravatar.com\\\/avatar\\\/37d968a2e67a6fd04c169c4bdef102d0bc5d31b2546345219e348575eb80e9a0?s=96&d=mm&r=g\",\"contentUrl\":\"https:\\\/\\\/secure.gravatar.com\\\/avatar\\\/37d968a2e67a6fd04c169c4bdef102d0bc5d31b2546345219e348575eb80e9a0?s=96&d=mm&r=g\",\"caption\":\"redazione\"},\"sameAs\":[\"http:\\\/\\\/www.bellunopress.it\",\"https:\\\/\\\/x.com\\\/bellunopress\"],\"url\":\"https:\\\/\\\/www.bellunopress.it\\\/fr\\\/author\\\/redazione\\\/\"}]}<\/script>\n<!-- \/ Yoast SEO plugin. -->","yoast_head_json":{"title":"Venerd\u00ec notte Nataly Cool all'Alibi di San Fior - Bellunopress - Dolomiti","robots":{"index":"index","follow":"follow","max-snippet":"max-snippet:-1","max-image-preview":"max-image-preview:large","max-video-preview":"max-video-preview:-1"},"canonical":"https:\/\/www.bellunopress.it\/fr\/2011\/03\/09\/venerdi-notte-nataly-cool-allalibi-di-san-fior\/","og_locale":"fr_FR","og_type":"article","og_title":"Venerd\u00ec notte Nataly Cool all'Alibi di San Fior - Bellunopress - Dolomiti","og_description":"Biondissima, conturbante, una realt\u00e0 parallela che venerd\u00ec notte (11\/12 marzo) apparir\u00e0 all&#8217;Alibi Club Revolution di San Fior, sulla statale Pontebbana. Nataly Cool, dalla trasmissione televisiva Cantando e Ballando su Canale Italia, passando per il &#8220;Sexy Bar&#8221; di Corrado Fumagalli, finalmente dal vivo a pochi chilometri da Belluno. La sexy star rivelazione del 2010 \u00e8 anche [&hellip;]","og_url":"https:\/\/www.bellunopress.it\/fr\/2011\/03\/09\/venerdi-notte-nataly-cool-allalibi-di-san-fior\/","og_site_name":"Bellunopress - Dolomiti","article_publisher":"https:\/\/www.facebook.com\/profile.php?id=100008943462799","article_published_time":"2011-03-09T21:23:54+00:00","article_modified_time":"2011-03-09T21:52:40+00:00","og_image":[{"url":"http:\/\/www.bellunopress.it\/wp-content\/uploads\/2011\/03\/nataly-coole.jpg","type":"","width":"","height":""}],"author":"redazione","twitter_card":"summary_large_image","twitter_creator":"@bellunopress","twitter_site":"@bellunopress","twitter_misc":{"\u00c9crit par":"redazione","Dur\u00e9e de lecture estim\u00e9e":"1 minute"},"schema":{"@context":"https:\/\/schema.org","@graph":[{"@type":"Article","@id":"https:\/\/www.bellunopress.it\/2011\/03\/09\/venerdi-notte-nataly-cool-allalibi-di-san-fior\/#article","isPartOf":{"@id":"https:\/\/www.bellunopress.it\/2011\/03\/09\/venerdi-notte-nataly-cool-allalibi-di-san-fior\/"},"author":{"name":"redazione","@id":"https:\/\/www.bellunopress.it\/#\/schema\/person\/79bb06722b37ece1c03d3e94beb30d73"},"headline":"Venerd\u00ec notte Nataly Cool all&#8217;Alibi di San Fior","datePublished":"2011-03-09T21:23:54+00:00","dateModified":"2011-03-09T21:52:40+00:00","mainEntityOfPage":{"@id":"https:\/\/www.bellunopress.it\/2011\/03\/09\/venerdi-notte-nataly-cool-allalibi-di-san-fior\/"},"wordCount":133,"publisher":{"@id":"https:\/\/www.bellunopress.it\/#organization"},"image":{"@id":"https:\/\/www.bellunopress.it\/2011\/03\/09\/venerdi-notte-nataly-cool-allalibi-di-san-fior\/#primaryimage"},"thumbnailUrl":"http:\/\/www.bellunopress.it\/wp-content\/uploads\/2011\/03\/nataly-coole.jpg","articleSection":["Pausa Caff\u00e8","Pubbliredazionali"],"inLanguage":"fr-FR"},{"@type":"WebPage","@id":"https:\/\/www.bellunopress.it\/2011\/03\/09\/venerdi-notte-nataly-cool-allalibi-di-san-fior\/","url":"https:\/\/www.bellunopress.it\/2011\/03\/09\/venerdi-notte-nataly-cool-allalibi-di-san-fior\/","name":"Venerd\u00ec notte Nataly Cool all'Alibi di San Fior - Bellunopress - Dolomiti","isPartOf":{"@id":"https:\/\/www.bellunopress.it\/#website"},"primaryImageOfPage":{"@id":"https:\/\/www.bellunopress.it\/2011\/03\/09\/venerdi-notte-nataly-cool-allalibi-di-san-fior\/#primaryimage"},"image":{"@id":"https:\/\/www.bellunopress.it\/2011\/03\/09\/venerdi-notte-nataly-cool-allalibi-di-san-fior\/#primaryimage"},"thumbnailUrl":"http:\/\/www.bellunopress.it\/wp-content\/uploads\/2011\/03\/nataly-coole.jpg","datePublished":"2011-03-09T21:23:54+00:00","dateModified":"2011-03-09T21:52:40+00:00","breadcrumb":{"@id":"https:\/\/www.bellunopress.it\/2011\/03\/09\/venerdi-notte-nataly-cool-allalibi-di-san-fior\/#breadcrumb"},"inLanguage":"fr-FR","potentialAction":[{"@type":"ReadAction","target":["https:\/\/www.bellunopress.it\/2011\/03\/09\/venerdi-notte-nataly-cool-allalibi-di-san-fior\/"]}]},{"@type":"ImageObject","inLanguage":"fr-FR","@id":"https:\/\/www.bellunopress.it\/2011\/03\/09\/venerdi-notte-nataly-cool-allalibi-di-san-fior\/#primaryimage","url":"http:\/\/www.bellunopress.it\/wp-content\/uploads\/2011\/03\/nataly-coole.jpg","contentUrl":"http:\/\/www.bellunopress.it\/wp-content\/uploads\/2011\/03\/nataly-coole.jpg"},{"@type":"BreadcrumbList","@id":"https:\/\/www.bellunopress.it\/2011\/03\/09\/venerdi-notte-nataly-cool-allalibi-di-san-fior\/#breadcrumb","itemListElement":[{"@type":"ListItem","position":1,"name":"Home","item":"https:\/\/www.bellunopress.it\/"},{"@type":"ListItem","position":2,"name":"Venerd\u00ec notte Nataly Cool all&#8217;Alibi di San Fior"}]},{"@type":"WebSite","@id":"https:\/\/www.bellunopress.it\/#website","url":"https:\/\/www.bellunopress.it\/","name":"Bellunopress - Dolomiti","description":"e-mail: redazione@bellunopress.it","publisher":{"@id":"https:\/\/www.bellunopress.it\/#organization"},"potentialAction":[{"@type":"SearchAction","target":{"@type":"EntryPoint","urlTemplate":"https:\/\/www.bellunopress.it\/?s={search_term_string}"},"query-input":{"@type":"PropertyValueSpecification","valueRequired":true,"valueName":"search_term_string"}}],"inLanguage":"fr-FR"},{"@type":"Organization","@id":"https:\/\/www.bellunopress.it\/#organization","name":"Bellunopress","url":"https:\/\/www.bellunopress.it\/","logo":{"@type":"ImageObject","inLanguage":"fr-FR","@id":"https:\/\/www.bellunopress.it\/#\/schema\/logo\/image\/","url":"https:\/\/www.bellunopress.it\/wp-content\/uploads\/2011\/05\/cropped-logo-bellunopress-.jpg","contentUrl":"https:\/\/www.bellunopress.it\/wp-content\/uploads\/2011\/05\/cropped-logo-bellunopress-.jpg","width":512,"height":512,"caption":"Bellunopress"},"image":{"@id":"https:\/\/www.bellunopress.it\/#\/schema\/logo\/image\/"},"sameAs":["https:\/\/www.facebook.com\/profile.php?id=100008943462799","https:\/\/x.com\/bellunopress","https:\/\/www.linkedin.com\/hp\/?dnr=JBzUWaJfMUw8vbXJJ2tVW5-I3jZKvC4wsoxE&amp;amp;amp;amp;amp;amp;trk=nav_responsive_tab_home","https:\/\/www.youtube.com\/channel\/UCxL0wu1uN0_3_7hGG0306cw"]},{"@type":"Person","@id":"https:\/\/www.bellunopress.it\/#\/schema\/person\/79bb06722b37ece1c03d3e94beb30d73","name":"r\u00e9daction","image":{"@type":"ImageObject","inLanguage":"fr-FR","@id":"https:\/\/secure.gravatar.com\/avatar\/37d968a2e67a6fd04c169c4bdef102d0bc5d31b2546345219e348575eb80e9a0?s=96&d=mm&r=g","url":"https:\/\/secure.gravatar.com\/avatar\/37d968a2e67a6fd04c169c4bdef102d0bc5d31b2546345219e348575eb80e9a0?s=96&d=mm&r=g","contentUrl":"https:\/\/secure.gravatar.com\/avatar\/37d968a2e67a6fd04c169c4bdef102d0bc5d31b2546345219e348575eb80e9a0?s=96&d=mm&r=g","caption":"redazione"},"sameAs":["http:\/\/www.bellunopress.it","https:\/\/x.com\/bellunopress"],"url":"https:\/\/www.bellunopress.it\/fr\/author\/redazione\/"}]}},"_links":{"self":[{"href":"https:\/\/www.bellunopress.it\/fr\/wp-json\/wp\/v2\/posts\/24520","targetHints":{"allow":["GET"]}}],"collection":[{"href":"https:\/\/www.bellunopress.it\/fr\/wp-json\/wp\/v2\/posts"}],"about":[{"href":"https:\/\/www.bellunopress.it\/fr\/wp-json\/wp\/v2\/types\/post"}],"author":[{"embeddable":true,"href":"https:\/\/www.bellunopress.it\/fr\/wp-json\/wp\/v2\/users\/2"}],"replies":[{"embeddable":true,"href":"https:\/\/www.bellunopress.it\/fr\/wp-json\/wp\/v2\/comments?post=24520"}],"version-history":[{"count":2,"href":"https:\/\/www.bellunopress.it\/fr\/wp-json\/wp\/v2\/posts\/24520\/revisions"}],"predecessor-version":[{"id":24641,"href":"https:\/\/www.bellunopress.it\/fr\/wp-json\/wp\/v2\/posts\/24520\/revisions\/24641"}],"wp:attachment":[{"href":"https:\/\/www.bellunopress.it\/fr\/wp-json\/wp\/v2\/media?parent=24520"}],"wp:term":[{"taxonomy":"category","embeddable":true,"href":"https:\/\/www.bellunopress.it\/fr\/wp-json\/wp\/v2\/categories?post=24520"},{"taxonomy":"post_tag","embeddable":true,"href":"https:\/\/www.bellunopress.it\/fr\/wp-json\/wp\/v2\/tags?post=24520"}],"curies":[{"name":"wp","href":"https:\/\/api.w.org\/{rel}","templated":true}]}}