{"id":2446,"date":"2009-04-07T21:07:34","date_gmt":"2009-04-07T20:07:34","guid":{"rendered":"http:\/\/www.bellunopress.it\/?p=2446"},"modified":"2009-04-07T21:07:34","modified_gmt":"2009-04-07T20:07:34","slug":"riprendono-il-20-aprile-i-lavori-nella-galleria-comelico","status":"publish","type":"post","link":"https:\/\/www.bellunopress.it\/fr\/2009\/04\/07\/riprendono-il-20-aprile-i-lavori-nella-galleria-comelico\/","title":{"rendered":"Riprendono il 20 aprile i lavori nella Galleria Comelico"},"content":{"rendered":"<p>Riprendono da luned\u00ec 20 aprile i lavori per il consolidamento della volta della Galleria Comelico. Il cantiere era stato sospeso per la stagione invernale.<br \/>\n\u00abSecondo l\u2019Anas per completare l\u2019intervento ci vorranno circa 30 giorni\u00bb, dice l\u2019assessore provinciale alla viabilit\u00e0, Quinto Piol. \u00abL\u2019impresa deve ultimare l\u2019impermeabilizzazione della volta, fare la regimazione delle acque, procedere alla verniciatura e successivamente dovr\u00e0 rifare l\u2019asfaltatura e disporre la segnaletica\u00bb<br \/>\nPer quanto concerne le limitazioni alla circolazione restano confermate quelle a suo tempo stabilite con l&#8217;ordinanza dell\u2019Anas numero 120 del 26 Novembre 2008 e cio\u00e8:<br \/>\n* interdizione del traffico veicolare dalle 22 alle 06 con deviazione dei mezzi pesanti oltre 3,5 tonnellate lungo la statale 51 \u2013 statale 52 &#8211; provinciale 49 direzione Cortina, Dobbiaco, San Candido, Santo Stefano Di Cadore e viceversa e deviazione dei mezzi fino a 3,5 tonnellate lungo la statale 532 e la provinciale 532 del Passo di San Antonio direzione Auronzo Di Cadore, Danta Di Cadore, San Nicol\u00f2 Di Comelico, Santo Stefano Di Cadore e viceversa;<br \/>\n* transito consentito nella galleria, con scorta, alle autocorriere di trasporto pubblico;<br \/>\nobbligo all&#8217;impresa appaltatrice di apporre la necessaria segnaletica a norma del Codice della Strada e di regolamentare il traffico con proprio Personale nell&#8217;eventualit\u00e0 di passaggio con mezzi di soccorso o adibiti a particolari urgenze o in caso di particolare intensit\u00e0 di traffico, nonch\u00e9 di istituire la guardiania diurna e notturna.<\/p>","protected":false},"excerpt":{"rendered":"<p>Riprendono da luned\u00ec 20 aprile i lavori per il consolidamento della volta della Galleria Comelico. Il cantiere era stato sospeso per la stagione invernale. \u00abSecondo l\u2019Anas per completare l\u2019intervento ci vorranno circa 30 giorni\u00bb, dice l\u2019assessore provinciale alla viabilit\u00e0, Quinto Piol. \u00abL\u2019impresa deve ultimare l\u2019impermeabilizzazione della volta, fare la regimazione delle acque, procedere alla verniciatura [&hellip;]<\/p>\n","protected":false},"author":2,"featured_media":0,"comment_status":"closed","ping_status":"open","sticky":false,"template":"","format":"standard","meta":{"footnotes":""},"categories":[5],"tags":[151],"class_list":["post-2446","post","type-post","status-publish","format-standard","category-cronaca","tag-cadore"],"yoast_head":"<!-- This site is optimized with the Yoast SEO plugin v28.4 - https:\/\/yoast.com\/product\/yoast-seo-wordpress\/ -->\n<title>Riprendono il 20 aprile i lavori nella Galleria Comelico - Bellunopress - Dolomiti<\/title>\n<meta name=\"robots\" content=\"index, follow, max-snippet:-1, max-image-preview:large, max-video-preview:-1\" \/>\n<link rel=\"canonical\" href=\"https:\/\/www.bellunopress.it\/fr\/2009\/04\/07\/riprendono-il-20-aprile-i-lavori-nella-galleria-comelico\/\" \/>\n<meta property=\"og:locale\" content=\"fr_FR\" \/>\n<meta property=\"og:type\" content=\"article\" \/>\n<meta property=\"og:title\" content=\"Riprendono il 20 aprile i lavori nella Galleria Comelico - Bellunopress - Dolomiti\" \/>\n<meta property=\"og:description\" content=\"Riprendono da luned\u00ec 20 aprile i lavori per il consolidamento della volta della Galleria Comelico. Il cantiere era stato sospeso per la stagione invernale. \u00abSecondo l\u2019Anas per completare l\u2019intervento ci vorranno circa 30 giorni\u00bb, dice l\u2019assessore provinciale alla viabilit\u00e0, Quinto Piol. \u00abL\u2019impresa deve ultimare l\u2019impermeabilizzazione della volta, fare la regimazione delle acque, procedere alla verniciatura [&hellip;]\" \/>\n<meta property=\"og:url\" content=\"https:\/\/www.bellunopress.it\/fr\/2009\/04\/07\/riprendono-il-20-aprile-i-lavori-nella-galleria-comelico\/\" \/>\n<meta property=\"og:site_name\" content=\"Bellunopress - Dolomiti\" \/>\n<meta property=\"article:publisher\" content=\"https:\/\/www.facebook.com\/profile.php?id=100008943462799\" \/>\n<meta property=\"article:published_time\" content=\"2009-04-07T20:07:34+00:00\" \/>\n<meta property=\"og:image\" content=\"http:\/\/www.bellunopress.it\/wp-content\/uploads\/2012\/07\/logo-bellunopress-250x250-2012.jpg\" \/>\n<meta name=\"author\" content=\"redazione\" \/>\n<meta name=\"twitter:card\" content=\"summary_large_image\" \/>\n<meta name=\"twitter:creator\" content=\"@bellunopress\" \/>\n<meta name=\"twitter:site\" content=\"@bellunopress\" \/>\n<meta name=\"twitter:label1\" content=\"\u00c9crit par\" \/>\n\t<meta name=\"twitter:data1\" content=\"redazione\" \/>\n\t<meta name=\"twitter:label2\" content=\"Dur\u00e9e de lecture estim\u00e9e\" \/>\n\t<meta name=\"twitter:data2\" content=\"1 minute\" \/>\n<script type=\"application\/ld+json\" class=\"yoast-schema-graph\">{\"@context\":\"https:\\\/\\\/schema.org\",\"@graph\":[{\"@type\":\"Article\",\"@id\":\"https:\\\/\\\/www.bellunopress.it\\\/2009\\\/04\\\/07\\\/riprendono-il-20-aprile-i-lavori-nella-galleria-comelico\\\/#article\",\"isPartOf\":{\"@id\":\"https:\\\/\\\/www.bellunopress.it\\\/2009\\\/04\\\/07\\\/riprendono-il-20-aprile-i-lavori-nella-galleria-comelico\\\/\"},\"author\":{\"name\":\"redazione\",\"@id\":\"https:\\\/\\\/www.bellunopress.it\\\/#\\\/schema\\\/person\\\/79bb06722b37ece1c03d3e94beb30d73\"},\"headline\":\"Riprendono il 20 aprile i lavori nella Galleria Comelico\",\"datePublished\":\"2009-04-07T20:07:34+00:00\",\"mainEntityOfPage\":{\"@id\":\"https:\\\/\\\/www.bellunopress.it\\\/2009\\\/04\\\/07\\\/riprendono-il-20-aprile-i-lavori-nella-galleria-comelico\\\/\"},\"wordCount\":228,\"publisher\":{\"@id\":\"https:\\\/\\\/www.bellunopress.it\\\/#organization\"},\"keywords\":[\"Cadore\"],\"articleSection\":[\"Cronaca\\\/Politica\"],\"inLanguage\":\"fr-FR\"},{\"@type\":\"WebPage\",\"@id\":\"https:\\\/\\\/www.bellunopress.it\\\/2009\\\/04\\\/07\\\/riprendono-il-20-aprile-i-lavori-nella-galleria-comelico\\\/\",\"url\":\"https:\\\/\\\/www.bellunopress.it\\\/2009\\\/04\\\/07\\\/riprendono-il-20-aprile-i-lavori-nella-galleria-comelico\\\/\",\"name\":\"Riprendono il 20 aprile i lavori nella Galleria Comelico - Bellunopress - Dolomiti\",\"isPartOf\":{\"@id\":\"https:\\\/\\\/www.bellunopress.it\\\/#website\"},\"datePublished\":\"2009-04-07T20:07:34+00:00\",\"breadcrumb\":{\"@id\":\"https:\\\/\\\/www.bellunopress.it\\\/2009\\\/04\\\/07\\\/riprendono-il-20-aprile-i-lavori-nella-galleria-comelico\\\/#breadcrumb\"},\"inLanguage\":\"fr-FR\",\"potentialAction\":[{\"@type\":\"ReadAction\",\"target\":[\"https:\\\/\\\/www.bellunopress.it\\\/2009\\\/04\\\/07\\\/riprendono-il-20-aprile-i-lavori-nella-galleria-comelico\\\/\"]}]},{\"@type\":\"BreadcrumbList\",\"@id\":\"https:\\\/\\\/www.bellunopress.it\\\/2009\\\/04\\\/07\\\/riprendono-il-20-aprile-i-lavori-nella-galleria-comelico\\\/#breadcrumb\",\"itemListElement\":[{\"@type\":\"ListItem\",\"position\":1,\"name\":\"Home\",\"item\":\"https:\\\/\\\/www.bellunopress.it\\\/\"},{\"@type\":\"ListItem\",\"position\":2,\"name\":\"Riprendono il 20 aprile i lavori nella Galleria Comelico\"}]},{\"@type\":\"WebSite\",\"@id\":\"https:\\\/\\\/www.bellunopress.it\\\/#website\",\"url\":\"https:\\\/\\\/www.bellunopress.it\\\/\",\"name\":\"Bellunopress - Dolomiti\",\"description\":\"e-mail: redazione@bellunopress.it\",\"publisher\":{\"@id\":\"https:\\\/\\\/www.bellunopress.it\\\/#organization\"},\"potentialAction\":[{\"@type\":\"SearchAction\",\"target\":{\"@type\":\"EntryPoint\",\"urlTemplate\":\"https:\\\/\\\/www.bellunopress.it\\\/?s={search_term_string}\"},\"query-input\":{\"@type\":\"PropertyValueSpecification\",\"valueRequired\":true,\"valueName\":\"search_term_string\"}}],\"inLanguage\":\"fr-FR\"},{\"@type\":\"Organization\",\"@id\":\"https:\\\/\\\/www.bellunopress.it\\\/#organization\",\"name\":\"Bellunopress\",\"url\":\"https:\\\/\\\/www.bellunopress.it\\\/\",\"logo\":{\"@type\":\"ImageObject\",\"inLanguage\":\"fr-FR\",\"@id\":\"https:\\\/\\\/www.bellunopress.it\\\/#\\\/schema\\\/logo\\\/image\\\/\",\"url\":\"https:\\\/\\\/www.bellunopress.it\\\/wp-content\\\/uploads\\\/2011\\\/05\\\/cropped-logo-bellunopress-.jpg\",\"contentUrl\":\"https:\\\/\\\/www.bellunopress.it\\\/wp-content\\\/uploads\\\/2011\\\/05\\\/cropped-logo-bellunopress-.jpg\",\"width\":512,\"height\":512,\"caption\":\"Bellunopress\"},\"image\":{\"@id\":\"https:\\\/\\\/www.bellunopress.it\\\/#\\\/schema\\\/logo\\\/image\\\/\"},\"sameAs\":[\"https:\\\/\\\/www.facebook.com\\\/profile.php?id=100008943462799\",\"https:\\\/\\\/x.com\\\/bellunopress\",\"https:\\\/\\\/www.linkedin.com\\\/hp\\\/?dnr=JBzUWaJfMUw8vbXJJ2tVW5-I3jZKvC4wsoxE&amp;amp;amp;amp;amp;amp;trk=nav_responsive_tab_home\",\"https:\\\/\\\/www.youtube.com\\\/channel\\\/UCxL0wu1uN0_3_7hGG0306cw\"]},{\"@type\":\"Person\",\"@id\":\"https:\\\/\\\/www.bellunopress.it\\\/#\\\/schema\\\/person\\\/79bb06722b37ece1c03d3e94beb30d73\",\"name\":\"redazione\",\"image\":{\"@type\":\"ImageObject\",\"inLanguage\":\"fr-FR\",\"@id\":\"https:\\\/\\\/secure.gravatar.com\\\/avatar\\\/37d968a2e67a6fd04c169c4bdef102d0bc5d31b2546345219e348575eb80e9a0?s=96&d=mm&r=g\",\"url\":\"https:\\\/\\\/secure.gravatar.com\\\/avatar\\\/37d968a2e67a6fd04c169c4bdef102d0bc5d31b2546345219e348575eb80e9a0?s=96&d=mm&r=g\",\"contentUrl\":\"https:\\\/\\\/secure.gravatar.com\\\/avatar\\\/37d968a2e67a6fd04c169c4bdef102d0bc5d31b2546345219e348575eb80e9a0?s=96&d=mm&r=g\",\"caption\":\"redazione\"},\"sameAs\":[\"http:\\\/\\\/www.bellunopress.it\",\"https:\\\/\\\/x.com\\\/bellunopress\"],\"url\":\"https:\\\/\\\/www.bellunopress.it\\\/fr\\\/author\\\/redazione\\\/\"}]}<\/script>\n<!-- \/ Yoast SEO plugin. -->","yoast_head_json":{"title":"Riprendono il 20 aprile i lavori nella Galleria Comelico - Bellunopress - Dolomiti","robots":{"index":"index","follow":"follow","max-snippet":"max-snippet:-1","max-image-preview":"max-image-preview:large","max-video-preview":"max-video-preview:-1"},"canonical":"https:\/\/www.bellunopress.it\/fr\/2009\/04\/07\/riprendono-il-20-aprile-i-lavori-nella-galleria-comelico\/","og_locale":"fr_FR","og_type":"article","og_title":"Riprendono il 20 aprile i lavori nella Galleria Comelico - Bellunopress - Dolomiti","og_description":"Riprendono da luned\u00ec 20 aprile i lavori per il consolidamento della volta della Galleria Comelico. Il cantiere era stato sospeso per la stagione invernale. \u00abSecondo l\u2019Anas per completare l\u2019intervento ci vorranno circa 30 giorni\u00bb, dice l\u2019assessore provinciale alla viabilit\u00e0, Quinto Piol. \u00abL\u2019impresa deve ultimare l\u2019impermeabilizzazione della volta, fare la regimazione delle acque, procedere alla verniciatura [&hellip;]","og_url":"https:\/\/www.bellunopress.it\/fr\/2009\/04\/07\/riprendono-il-20-aprile-i-lavori-nella-galleria-comelico\/","og_site_name":"Bellunopress - Dolomiti","article_publisher":"https:\/\/www.facebook.com\/profile.php?id=100008943462799","article_published_time":"2009-04-07T20:07:34+00:00","og_image":[{"url":"http:\/\/www.bellunopress.it\/wp-content\/uploads\/2012\/07\/logo-bellunopress-250x250-2012.jpg","type":"","width":"","height":""}],"author":"redazione","twitter_card":"summary_large_image","twitter_creator":"@bellunopress","twitter_site":"@bellunopress","twitter_misc":{"\u00c9crit par":"redazione","Dur\u00e9e de lecture estim\u00e9e":"1 minute"},"schema":{"@context":"https:\/\/schema.org","@graph":[{"@type":"Article","@id":"https:\/\/www.bellunopress.it\/2009\/04\/07\/riprendono-il-20-aprile-i-lavori-nella-galleria-comelico\/#article","isPartOf":{"@id":"https:\/\/www.bellunopress.it\/2009\/04\/07\/riprendono-il-20-aprile-i-lavori-nella-galleria-comelico\/"},"author":{"name":"redazione","@id":"https:\/\/www.bellunopress.it\/#\/schema\/person\/79bb06722b37ece1c03d3e94beb30d73"},"headline":"Riprendono il 20 aprile i lavori nella Galleria Comelico","datePublished":"2009-04-07T20:07:34+00:00","mainEntityOfPage":{"@id":"https:\/\/www.bellunopress.it\/2009\/04\/07\/riprendono-il-20-aprile-i-lavori-nella-galleria-comelico\/"},"wordCount":228,"publisher":{"@id":"https:\/\/www.bellunopress.it\/#organization"},"keywords":["Cadore"],"articleSection":["Cronaca\/Politica"],"inLanguage":"fr-FR"},{"@type":"WebPage","@id":"https:\/\/www.bellunopress.it\/2009\/04\/07\/riprendono-il-20-aprile-i-lavori-nella-galleria-comelico\/","url":"https:\/\/www.bellunopress.it\/2009\/04\/07\/riprendono-il-20-aprile-i-lavori-nella-galleria-comelico\/","name":"Riprendono il 20 aprile i lavori nella Galleria Comelico - Bellunopress - Dolomiti","isPartOf":{"@id":"https:\/\/www.bellunopress.it\/#website"},"datePublished":"2009-04-07T20:07:34+00:00","breadcrumb":{"@id":"https:\/\/www.bellunopress.it\/2009\/04\/07\/riprendono-il-20-aprile-i-lavori-nella-galleria-comelico\/#breadcrumb"},"inLanguage":"fr-FR","potentialAction":[{"@type":"ReadAction","target":["https:\/\/www.bellunopress.it\/2009\/04\/07\/riprendono-il-20-aprile-i-lavori-nella-galleria-comelico\/"]}]},{"@type":"BreadcrumbList","@id":"https:\/\/www.bellunopress.it\/2009\/04\/07\/riprendono-il-20-aprile-i-lavori-nella-galleria-comelico\/#breadcrumb","itemListElement":[{"@type":"ListItem","position":1,"name":"Home","item":"https:\/\/www.bellunopress.it\/"},{"@type":"ListItem","position":2,"name":"Riprendono il 20 aprile i lavori nella Galleria Comelico"}]},{"@type":"WebSite","@id":"https:\/\/www.bellunopress.it\/#website","url":"https:\/\/www.bellunopress.it\/","name":"Bellunopress - Dolomiti","description":"e-mail: redazione@bellunopress.it","publisher":{"@id":"https:\/\/www.bellunopress.it\/#organization"},"potentialAction":[{"@type":"SearchAction","target":{"@type":"EntryPoint","urlTemplate":"https:\/\/www.bellunopress.it\/?s={search_term_string}"},"query-input":{"@type":"PropertyValueSpecification","valueRequired":true,"valueName":"search_term_string"}}],"inLanguage":"fr-FR"},{"@type":"Organization","@id":"https:\/\/www.bellunopress.it\/#organization","name":"Bellunopress","url":"https:\/\/www.bellunopress.it\/","logo":{"@type":"ImageObject","inLanguage":"fr-FR","@id":"https:\/\/www.bellunopress.it\/#\/schema\/logo\/image\/","url":"https:\/\/www.bellunopress.it\/wp-content\/uploads\/2011\/05\/cropped-logo-bellunopress-.jpg","contentUrl":"https:\/\/www.bellunopress.it\/wp-content\/uploads\/2011\/05\/cropped-logo-bellunopress-.jpg","width":512,"height":512,"caption":"Bellunopress"},"image":{"@id":"https:\/\/www.bellunopress.it\/#\/schema\/logo\/image\/"},"sameAs":["https:\/\/www.facebook.com\/profile.php?id=100008943462799","https:\/\/x.com\/bellunopress","https:\/\/www.linkedin.com\/hp\/?dnr=JBzUWaJfMUw8vbXJJ2tVW5-I3jZKvC4wsoxE&amp;amp;amp;amp;amp;amp;trk=nav_responsive_tab_home","https:\/\/www.youtube.com\/channel\/UCxL0wu1uN0_3_7hGG0306cw"]},{"@type":"Person","@id":"https:\/\/www.bellunopress.it\/#\/schema\/person\/79bb06722b37ece1c03d3e94beb30d73","name":"r\u00e9daction","image":{"@type":"ImageObject","inLanguage":"fr-FR","@id":"https:\/\/secure.gravatar.com\/avatar\/37d968a2e67a6fd04c169c4bdef102d0bc5d31b2546345219e348575eb80e9a0?s=96&d=mm&r=g","url":"https:\/\/secure.gravatar.com\/avatar\/37d968a2e67a6fd04c169c4bdef102d0bc5d31b2546345219e348575eb80e9a0?s=96&d=mm&r=g","contentUrl":"https:\/\/secure.gravatar.com\/avatar\/37d968a2e67a6fd04c169c4bdef102d0bc5d31b2546345219e348575eb80e9a0?s=96&d=mm&r=g","caption":"redazione"},"sameAs":["http:\/\/www.bellunopress.it","https:\/\/x.com\/bellunopress"],"url":"https:\/\/www.bellunopress.it\/fr\/author\/redazione\/"}]}},"_links":{"self":[{"href":"https:\/\/www.bellunopress.it\/fr\/wp-json\/wp\/v2\/posts\/2446","targetHints":{"allow":["GET"]}}],"collection":[{"href":"https:\/\/www.bellunopress.it\/fr\/wp-json\/wp\/v2\/posts"}],"about":[{"href":"https:\/\/www.bellunopress.it\/fr\/wp-json\/wp\/v2\/types\/post"}],"author":[{"embeddable":true,"href":"https:\/\/www.bellunopress.it\/fr\/wp-json\/wp\/v2\/users\/2"}],"replies":[{"embeddable":true,"href":"https:\/\/www.bellunopress.it\/fr\/wp-json\/wp\/v2\/comments?post=2446"}],"version-history":[{"count":2,"href":"https:\/\/www.bellunopress.it\/fr\/wp-json\/wp\/v2\/posts\/2446\/revisions"}],"predecessor-version":[{"id":2448,"href":"https:\/\/www.bellunopress.it\/fr\/wp-json\/wp\/v2\/posts\/2446\/revisions\/2448"}],"wp:attachment":[{"href":"https:\/\/www.bellunopress.it\/fr\/wp-json\/wp\/v2\/media?parent=2446"}],"wp:term":[{"taxonomy":"category","embeddable":true,"href":"https:\/\/www.bellunopress.it\/fr\/wp-json\/wp\/v2\/categories?post=2446"},{"taxonomy":"post_tag","embeddable":true,"href":"https:\/\/www.bellunopress.it\/fr\/wp-json\/wp\/v2\/tags?post=2446"}],"curies":[{"name":"wp","href":"https:\/\/api.w.org\/{rel}","templated":true}]}}