{"id":2436,"date":"2009-04-07T17:41:29","date_gmt":"2009-04-07T16:41:29","guid":{"rendered":"http:\/\/www.bellunopress.it\/?p=2436"},"modified":"2009-04-07T17:41:29","modified_gmt":"2009-04-07T16:41:29","slug":"sergio-reolon-%c2%abper-la-ricostruzione-si-usi-la-sovrattassa-sulla-benzina-del-vajont%c2%bb","status":"publish","type":"post","link":"https:\/\/www.bellunopress.it\/fr\/2009\/04\/07\/sergio-reolon-%c2%abper-la-ricostruzione-si-usi-la-sovrattassa-sulla-benzina-del-vajont%c2%bb\/","title":{"rendered":"Sergio Reolon: \u00abPer la ricostruzione si usi la sovrattassa sulla benzina del Vajont\u00bb"},"content":{"rendered":"<p><a href=\"http:\/\/www.bellunopress.it\/wp-content\/uploads\/2009\/04\/sergio-reolon-90x90.jpg\"><img loading=\"lazy\" decoding=\"async\" class=\"alignleft size-medium wp-image-2437\" title=\"sergio-reolon-90x90\" src=\"http:\/\/www.bellunopress.it\/wp-content\/uploads\/2009\/04\/sergio-reolon-90x90.jpg\" alt=\"\" width=\"93\" height=\"93\" \/><\/a>\u00abUtilizziamo la sovrattassa sulle accise della benzina istituita dopo la catastrofe del Vajont per la ricostruzione delle zone terremotate dell\u2019Aquilano\u00bb. E\u2019 la proposta del presidente della Provincia di Belluno, Sergio Reolon. \u00abQuella sovrattassa\u00bb, fa notare il presidente, \u00ab\u00e8 servita per rimettere in piedi la nostra terra dopo la tragedia del 1963. Poich\u00e9 non \u00e8 mai stata tolta \u00e8 giusto che quella forma di solidariet\u00e0 oggi vada a beneficio delle popolazioni colpite dal terribile terremoto in Abruzzo. Fra l\u2019altro nel capoluogo abruzzese fu celebrato il processo del Vajont\u00bb. Intanto questa mattina la Provincia e il Comune di Belluno si sono accordati per aprire un conto corrente nel quale raccogliere i fondi da inviare alle zone terremotate. \u00abCon il sindaco di Belluno\u00bb, aggiorna Reolon, \u00absiamo d\u2019accordo di chiedere a tutti i Comuni, agli enti e ai privati di versare le loro offerte in questo conto\u00bb. Sempre stamattina Reolon ha scritto alla collega dell\u2019Aquila, Stefania Pezzopane, esprimendo il cordoglio della provincia di Belluno per le vittime dell&#8217;immane tragedia che ha colpito il capoluogo e gran parte dei comuni della provincia abruzzese. \u00abLe immagini televisive che via via ci hanno dato il quadro realistico, anche se purtroppo ancora provvisorio, delle vittime, dei dispersi e dei danni provocati dalla scossa tellurica di ieri mattina,\u00a0 ci consegnano una realt\u00e0 in ginocchio, ma gi\u00e0 desiderosa di ripartire e di ricostruire\u00bb, ha scritto Reolon.<\/p>","protected":false},"excerpt":{"rendered":"<p>\u00abUtilizziamo la sovrattassa sulle accise della benzina istituita dopo la catastrofe del Vajont per la ricostruzione delle zone terremotate dell\u2019Aquilano\u00bb. E\u2019 la proposta del presidente della Provincia di Belluno, Sergio Reolon. \u00abQuella sovrattassa\u00bb, fa notare il presidente, \u00ab\u00e8 servita per rimettere in piedi la nostra terra dopo la tragedia del 1963. Poich\u00e9 non \u00e8 mai [&hellip;]<\/p>\n","protected":false},"author":2,"featured_media":0,"comment_status":"closed","ping_status":"open","sticky":false,"template":"","format":"standard","meta":{"footnotes":""},"categories":[5,26],"tags":[139],"class_list":["post-2436","post","type-post","status-publish","format-standard","category-cronaca","category-prima-pagina","tag-belluno"],"yoast_head":"<!-- This site is optimized with the Yoast SEO plugin v28.4 - https:\/\/yoast.com\/product\/yoast-seo-wordpress\/ -->\n<title>Sergio Reolon: \u00abPer la ricostruzione si usi la sovrattassa sulla benzina del Vajont\u00bb - Bellunopress - Dolomiti<\/title>\n<meta name=\"robots\" content=\"index, follow, max-snippet:-1, max-image-preview:large, max-video-preview:-1\" \/>\n<link rel=\"canonical\" href=\"https:\/\/www.bellunopress.it\/fr\/2009\/04\/07\/sergio-reolon-\u00abper-la-ricostruzione-si-usi-la-sovrattassa-sulla-benzina-del-vajont\u00bb\/\" \/>\n<meta property=\"og:locale\" content=\"fr_FR\" \/>\n<meta property=\"og:type\" content=\"article\" \/>\n<meta property=\"og:title\" content=\"Sergio Reolon: \u00abPer la ricostruzione si usi la sovrattassa sulla benzina del Vajont\u00bb - Bellunopress - Dolomiti\" \/>\n<meta property=\"og:description\" content=\"\u00abUtilizziamo la sovrattassa sulle accise della benzina istituita dopo la catastrofe del Vajont per la ricostruzione delle zone terremotate dell\u2019Aquilano\u00bb. E\u2019 la proposta del presidente della Provincia di Belluno, Sergio Reolon. \u00abQuella sovrattassa\u00bb, fa notare il presidente, \u00ab\u00e8 servita per rimettere in piedi la nostra terra dopo la tragedia del 1963. Poich\u00e9 non \u00e8 mai [&hellip;]\" \/>\n<meta property=\"og:url\" content=\"https:\/\/www.bellunopress.it\/fr\/2009\/04\/07\/sergio-reolon-\u00abper-la-ricostruzione-si-usi-la-sovrattassa-sulla-benzina-del-vajont\u00bb\/\" \/>\n<meta property=\"og:site_name\" content=\"Bellunopress - Dolomiti\" \/>\n<meta property=\"article:publisher\" content=\"https:\/\/www.facebook.com\/profile.php?id=100008943462799\" \/>\n<meta property=\"article:published_time\" content=\"2009-04-07T16:41:29+00:00\" \/>\n<meta property=\"og:image\" content=\"http:\/\/www.bellunopress.it\/wp-content\/uploads\/2009\/04\/sergio-reolon-90x90.jpg\" \/>\n<meta name=\"author\" content=\"redazione\" \/>\n<meta name=\"twitter:card\" content=\"summary_large_image\" \/>\n<meta name=\"twitter:creator\" content=\"@bellunopress\" \/>\n<meta name=\"twitter:site\" content=\"@bellunopress\" \/>\n<meta name=\"twitter:label1\" content=\"\u00c9crit par\" \/>\n\t<meta name=\"twitter:data1\" content=\"redazione\" \/>\n\t<meta name=\"twitter:label2\" content=\"Dur\u00e9e de lecture estim\u00e9e\" \/>\n\t<meta name=\"twitter:data2\" content=\"1 minute\" \/>\n<script type=\"application\/ld+json\" class=\"yoast-schema-graph\">{\"@context\":\"https:\\\/\\\/schema.org\",\"@graph\":[{\"@type\":\"Article\",\"@id\":\"https:\\\/\\\/www.bellunopress.it\\\/2009\\\/04\\\/07\\\/sergio-reolon-%c2%abper-la-ricostruzione-si-usi-la-sovrattassa-sulla-benzina-del-vajont%c2%bb\\\/#article\",\"isPartOf\":{\"@id\":\"https:\\\/\\\/www.bellunopress.it\\\/2009\\\/04\\\/07\\\/sergio-reolon-%c2%abper-la-ricostruzione-si-usi-la-sovrattassa-sulla-benzina-del-vajont%c2%bb\\\/\"},\"author\":{\"name\":\"redazione\",\"@id\":\"https:\\\/\\\/www.bellunopress.it\\\/#\\\/schema\\\/person\\\/79bb06722b37ece1c03d3e94beb30d73\"},\"headline\":\"Sergio Reolon: \u00abPer la ricostruzione si usi la sovrattassa sulla benzina del Vajont\u00bb\",\"datePublished\":\"2009-04-07T16:41:29+00:00\",\"mainEntityOfPage\":{\"@id\":\"https:\\\/\\\/www.bellunopress.it\\\/2009\\\/04\\\/07\\\/sergio-reolon-%c2%abper-la-ricostruzione-si-usi-la-sovrattassa-sulla-benzina-del-vajont%c2%bb\\\/\"},\"wordCount\":240,\"publisher\":{\"@id\":\"https:\\\/\\\/www.bellunopress.it\\\/#organization\"},\"image\":{\"@id\":\"https:\\\/\\\/www.bellunopress.it\\\/2009\\\/04\\\/07\\\/sergio-reolon-%c2%abper-la-ricostruzione-si-usi-la-sovrattassa-sulla-benzina-del-vajont%c2%bb\\\/#primaryimage\"},\"thumbnailUrl\":\"http:\\\/\\\/www.bellunopress.it\\\/wp-content\\\/uploads\\\/2009\\\/04\\\/sergio-reolon-90x90.jpg\",\"keywords\":[\"Belluno\"],\"articleSection\":[\"Cronaca\\\/Politica\",\"Prima Pagina\"],\"inLanguage\":\"fr-FR\"},{\"@type\":\"WebPage\",\"@id\":\"https:\\\/\\\/www.bellunopress.it\\\/2009\\\/04\\\/07\\\/sergio-reolon-%c2%abper-la-ricostruzione-si-usi-la-sovrattassa-sulla-benzina-del-vajont%c2%bb\\\/\",\"url\":\"https:\\\/\\\/www.bellunopress.it\\\/2009\\\/04\\\/07\\\/sergio-reolon-%c2%abper-la-ricostruzione-si-usi-la-sovrattassa-sulla-benzina-del-vajont%c2%bb\\\/\",\"name\":\"Sergio Reolon: \u00abPer la ricostruzione si usi la sovrattassa sulla benzina del Vajont\u00bb - Bellunopress - Dolomiti\",\"isPartOf\":{\"@id\":\"https:\\\/\\\/www.bellunopress.it\\\/#website\"},\"primaryImageOfPage\":{\"@id\":\"https:\\\/\\\/www.bellunopress.it\\\/2009\\\/04\\\/07\\\/sergio-reolon-%c2%abper-la-ricostruzione-si-usi-la-sovrattassa-sulla-benzina-del-vajont%c2%bb\\\/#primaryimage\"},\"image\":{\"@id\":\"https:\\\/\\\/www.bellunopress.it\\\/2009\\\/04\\\/07\\\/sergio-reolon-%c2%abper-la-ricostruzione-si-usi-la-sovrattassa-sulla-benzina-del-vajont%c2%bb\\\/#primaryimage\"},\"thumbnailUrl\":\"http:\\\/\\\/www.bellunopress.it\\\/wp-content\\\/uploads\\\/2009\\\/04\\\/sergio-reolon-90x90.jpg\",\"datePublished\":\"2009-04-07T16:41:29+00:00\",\"breadcrumb\":{\"@id\":\"https:\\\/\\\/www.bellunopress.it\\\/2009\\\/04\\\/07\\\/sergio-reolon-%c2%abper-la-ricostruzione-si-usi-la-sovrattassa-sulla-benzina-del-vajont%c2%bb\\\/#breadcrumb\"},\"inLanguage\":\"fr-FR\",\"potentialAction\":[{\"@type\":\"ReadAction\",\"target\":[\"https:\\\/\\\/www.bellunopress.it\\\/2009\\\/04\\\/07\\\/sergio-reolon-%c2%abper-la-ricostruzione-si-usi-la-sovrattassa-sulla-benzina-del-vajont%c2%bb\\\/\"]}]},{\"@type\":\"ImageObject\",\"inLanguage\":\"fr-FR\",\"@id\":\"https:\\\/\\\/www.bellunopress.it\\\/2009\\\/04\\\/07\\\/sergio-reolon-%c2%abper-la-ricostruzione-si-usi-la-sovrattassa-sulla-benzina-del-vajont%c2%bb\\\/#primaryimage\",\"url\":\"http:\\\/\\\/www.bellunopress.it\\\/wp-content\\\/uploads\\\/2009\\\/04\\\/sergio-reolon-90x90.jpg\",\"contentUrl\":\"http:\\\/\\\/www.bellunopress.it\\\/wp-content\\\/uploads\\\/2009\\\/04\\\/sergio-reolon-90x90.jpg\"},{\"@type\":\"BreadcrumbList\",\"@id\":\"https:\\\/\\\/www.bellunopress.it\\\/2009\\\/04\\\/07\\\/sergio-reolon-%c2%abper-la-ricostruzione-si-usi-la-sovrattassa-sulla-benzina-del-vajont%c2%bb\\\/#breadcrumb\",\"itemListElement\":[{\"@type\":\"ListItem\",\"position\":1,\"name\":\"Home\",\"item\":\"https:\\\/\\\/www.bellunopress.it\\\/\"},{\"@type\":\"ListItem\",\"position\":2,\"name\":\"Sergio Reolon: \u00abPer la ricostruzione si usi la sovrattassa sulla benzina del Vajont\u00bb\"}]},{\"@type\":\"WebSite\",\"@id\":\"https:\\\/\\\/www.bellunopress.it\\\/#website\",\"url\":\"https:\\\/\\\/www.bellunopress.it\\\/\",\"name\":\"Bellunopress - Dolomiti\",\"description\":\"e-mail: redazione@bellunopress.it\",\"publisher\":{\"@id\":\"https:\\\/\\\/www.bellunopress.it\\\/#organization\"},\"potentialAction\":[{\"@type\":\"SearchAction\",\"target\":{\"@type\":\"EntryPoint\",\"urlTemplate\":\"https:\\\/\\\/www.bellunopress.it\\\/?s={search_term_string}\"},\"query-input\":{\"@type\":\"PropertyValueSpecification\",\"valueRequired\":true,\"valueName\":\"search_term_string\"}}],\"inLanguage\":\"fr-FR\"},{\"@type\":\"Organization\",\"@id\":\"https:\\\/\\\/www.bellunopress.it\\\/#organization\",\"name\":\"Bellunopress\",\"url\":\"https:\\\/\\\/www.bellunopress.it\\\/\",\"logo\":{\"@type\":\"ImageObject\",\"inLanguage\":\"fr-FR\",\"@id\":\"https:\\\/\\\/www.bellunopress.it\\\/#\\\/schema\\\/logo\\\/image\\\/\",\"url\":\"https:\\\/\\\/www.bellunopress.it\\\/wp-content\\\/uploads\\\/2011\\\/05\\\/cropped-logo-bellunopress-.jpg\",\"contentUrl\":\"https:\\\/\\\/www.bellunopress.it\\\/wp-content\\\/uploads\\\/2011\\\/05\\\/cropped-logo-bellunopress-.jpg\",\"width\":512,\"height\":512,\"caption\":\"Bellunopress\"},\"image\":{\"@id\":\"https:\\\/\\\/www.bellunopress.it\\\/#\\\/schema\\\/logo\\\/image\\\/\"},\"sameAs\":[\"https:\\\/\\\/www.facebook.com\\\/profile.php?id=100008943462799\",\"https:\\\/\\\/x.com\\\/bellunopress\",\"https:\\\/\\\/www.linkedin.com\\\/hp\\\/?dnr=JBzUWaJfMUw8vbXJJ2tVW5-I3jZKvC4wsoxE&amp;amp;amp;amp;amp;amp;trk=nav_responsive_tab_home\",\"https:\\\/\\\/www.youtube.com\\\/channel\\\/UCxL0wu1uN0_3_7hGG0306cw\"]},{\"@type\":\"Person\",\"@id\":\"https:\\\/\\\/www.bellunopress.it\\\/#\\\/schema\\\/person\\\/79bb06722b37ece1c03d3e94beb30d73\",\"name\":\"redazione\",\"image\":{\"@type\":\"ImageObject\",\"inLanguage\":\"fr-FR\",\"@id\":\"https:\\\/\\\/secure.gravatar.com\\\/avatar\\\/37d968a2e67a6fd04c169c4bdef102d0bc5d31b2546345219e348575eb80e9a0?s=96&d=mm&r=g\",\"url\":\"https:\\\/\\\/secure.gravatar.com\\\/avatar\\\/37d968a2e67a6fd04c169c4bdef102d0bc5d31b2546345219e348575eb80e9a0?s=96&d=mm&r=g\",\"contentUrl\":\"https:\\\/\\\/secure.gravatar.com\\\/avatar\\\/37d968a2e67a6fd04c169c4bdef102d0bc5d31b2546345219e348575eb80e9a0?s=96&d=mm&r=g\",\"caption\":\"redazione\"},\"sameAs\":[\"http:\\\/\\\/www.bellunopress.it\",\"https:\\\/\\\/x.com\\\/bellunopress\"],\"url\":\"https:\\\/\\\/www.bellunopress.it\\\/fr\\\/author\\\/redazione\\\/\"}]}<\/script>\n<!-- \/ Yoast SEO plugin. -->","yoast_head_json":{"title":"Sergio Reolon: \u00abPer la ricostruzione si usi la sovrattassa sulla benzina del Vajont\u00bb - Bellunopress - Dolomiti","robots":{"index":"index","follow":"follow","max-snippet":"max-snippet:-1","max-image-preview":"max-image-preview:large","max-video-preview":"max-video-preview:-1"},"canonical":"https:\/\/www.bellunopress.it\/fr\/2009\/04\/07\/sergio-reolon-\u00abper-la-ricostruzione-si-usi-la-sovrattassa-sulla-benzina-del-vajont\u00bb\/","og_locale":"fr_FR","og_type":"article","og_title":"Sergio Reolon: \u00abPer la ricostruzione si usi la sovrattassa sulla benzina del Vajont\u00bb - Bellunopress - Dolomiti","og_description":"\u00abUtilizziamo la sovrattassa sulle accise della benzina istituita dopo la catastrofe del Vajont per la ricostruzione delle zone terremotate dell\u2019Aquilano\u00bb. E\u2019 la proposta del presidente della Provincia di Belluno, Sergio Reolon. \u00abQuella sovrattassa\u00bb, fa notare il presidente, \u00ab\u00e8 servita per rimettere in piedi la nostra terra dopo la tragedia del 1963. Poich\u00e9 non \u00e8 mai [&hellip;]","og_url":"https:\/\/www.bellunopress.it\/fr\/2009\/04\/07\/sergio-reolon-\u00abper-la-ricostruzione-si-usi-la-sovrattassa-sulla-benzina-del-vajont\u00bb\/","og_site_name":"Bellunopress - Dolomiti","article_publisher":"https:\/\/www.facebook.com\/profile.php?id=100008943462799","article_published_time":"2009-04-07T16:41:29+00:00","og_image":[{"url":"http:\/\/www.bellunopress.it\/wp-content\/uploads\/2009\/04\/sergio-reolon-90x90.jpg","type":"","width":"","height":""}],"author":"redazione","twitter_card":"summary_large_image","twitter_creator":"@bellunopress","twitter_site":"@bellunopress","twitter_misc":{"\u00c9crit par":"redazione","Dur\u00e9e de lecture estim\u00e9e":"1 minute"},"schema":{"@context":"https:\/\/schema.org","@graph":[{"@type":"Article","@id":"https:\/\/www.bellunopress.it\/2009\/04\/07\/sergio-reolon-%c2%abper-la-ricostruzione-si-usi-la-sovrattassa-sulla-benzina-del-vajont%c2%bb\/#article","isPartOf":{"@id":"https:\/\/www.bellunopress.it\/2009\/04\/07\/sergio-reolon-%c2%abper-la-ricostruzione-si-usi-la-sovrattassa-sulla-benzina-del-vajont%c2%bb\/"},"author":{"name":"redazione","@id":"https:\/\/www.bellunopress.it\/#\/schema\/person\/79bb06722b37ece1c03d3e94beb30d73"},"headline":"Sergio Reolon: \u00abPer la ricostruzione si usi la sovrattassa sulla benzina del Vajont\u00bb","datePublished":"2009-04-07T16:41:29+00:00","mainEntityOfPage":{"@id":"https:\/\/www.bellunopress.it\/2009\/04\/07\/sergio-reolon-%c2%abper-la-ricostruzione-si-usi-la-sovrattassa-sulla-benzina-del-vajont%c2%bb\/"},"wordCount":240,"publisher":{"@id":"https:\/\/www.bellunopress.it\/#organization"},"image":{"@id":"https:\/\/www.bellunopress.it\/2009\/04\/07\/sergio-reolon-%c2%abper-la-ricostruzione-si-usi-la-sovrattassa-sulla-benzina-del-vajont%c2%bb\/#primaryimage"},"thumbnailUrl":"http:\/\/www.bellunopress.it\/wp-content\/uploads\/2009\/04\/sergio-reolon-90x90.jpg","keywords":["Belluno"],"articleSection":["Cronaca\/Politica","Prima Pagina"],"inLanguage":"fr-FR"},{"@type":"WebPage","@id":"https:\/\/www.bellunopress.it\/2009\/04\/07\/sergio-reolon-%c2%abper-la-ricostruzione-si-usi-la-sovrattassa-sulla-benzina-del-vajont%c2%bb\/","url":"https:\/\/www.bellunopress.it\/2009\/04\/07\/sergio-reolon-%c2%abper-la-ricostruzione-si-usi-la-sovrattassa-sulla-benzina-del-vajont%c2%bb\/","name":"Sergio Reolon: \u00abPer la ricostruzione si usi la sovrattassa sulla benzina del Vajont\u00bb - Bellunopress - Dolomiti","isPartOf":{"@id":"https:\/\/www.bellunopress.it\/#website"},"primaryImageOfPage":{"@id":"https:\/\/www.bellunopress.it\/2009\/04\/07\/sergio-reolon-%c2%abper-la-ricostruzione-si-usi-la-sovrattassa-sulla-benzina-del-vajont%c2%bb\/#primaryimage"},"image":{"@id":"https:\/\/www.bellunopress.it\/2009\/04\/07\/sergio-reolon-%c2%abper-la-ricostruzione-si-usi-la-sovrattassa-sulla-benzina-del-vajont%c2%bb\/#primaryimage"},"thumbnailUrl":"http:\/\/www.bellunopress.it\/wp-content\/uploads\/2009\/04\/sergio-reolon-90x90.jpg","datePublished":"2009-04-07T16:41:29+00:00","breadcrumb":{"@id":"https:\/\/www.bellunopress.it\/2009\/04\/07\/sergio-reolon-%c2%abper-la-ricostruzione-si-usi-la-sovrattassa-sulla-benzina-del-vajont%c2%bb\/#breadcrumb"},"inLanguage":"fr-FR","potentialAction":[{"@type":"ReadAction","target":["https:\/\/www.bellunopress.it\/2009\/04\/07\/sergio-reolon-%c2%abper-la-ricostruzione-si-usi-la-sovrattassa-sulla-benzina-del-vajont%c2%bb\/"]}]},{"@type":"ImageObject","inLanguage":"fr-FR","@id":"https:\/\/www.bellunopress.it\/2009\/04\/07\/sergio-reolon-%c2%abper-la-ricostruzione-si-usi-la-sovrattassa-sulla-benzina-del-vajont%c2%bb\/#primaryimage","url":"http:\/\/www.bellunopress.it\/wp-content\/uploads\/2009\/04\/sergio-reolon-90x90.jpg","contentUrl":"http:\/\/www.bellunopress.it\/wp-content\/uploads\/2009\/04\/sergio-reolon-90x90.jpg"},{"@type":"BreadcrumbList","@id":"https:\/\/www.bellunopress.it\/2009\/04\/07\/sergio-reolon-%c2%abper-la-ricostruzione-si-usi-la-sovrattassa-sulla-benzina-del-vajont%c2%bb\/#breadcrumb","itemListElement":[{"@type":"ListItem","position":1,"name":"Home","item":"https:\/\/www.bellunopress.it\/"},{"@type":"ListItem","position":2,"name":"Sergio Reolon: \u00abPer la ricostruzione si usi la sovrattassa sulla benzina del Vajont\u00bb"}]},{"@type":"WebSite","@id":"https:\/\/www.bellunopress.it\/#website","url":"https:\/\/www.bellunopress.it\/","name":"Bellunopress - Dolomiti","description":"e-mail: redazione@bellunopress.it","publisher":{"@id":"https:\/\/www.bellunopress.it\/#organization"},"potentialAction":[{"@type":"SearchAction","target":{"@type":"EntryPoint","urlTemplate":"https:\/\/www.bellunopress.it\/?s={search_term_string}"},"query-input":{"@type":"PropertyValueSpecification","valueRequired":true,"valueName":"search_term_string"}}],"inLanguage":"fr-FR"},{"@type":"Organization","@id":"https:\/\/www.bellunopress.it\/#organization","name":"Bellunopress","url":"https:\/\/www.bellunopress.it\/","logo":{"@type":"ImageObject","inLanguage":"fr-FR","@id":"https:\/\/www.bellunopress.it\/#\/schema\/logo\/image\/","url":"https:\/\/www.bellunopress.it\/wp-content\/uploads\/2011\/05\/cropped-logo-bellunopress-.jpg","contentUrl":"https:\/\/www.bellunopress.it\/wp-content\/uploads\/2011\/05\/cropped-logo-bellunopress-.jpg","width":512,"height":512,"caption":"Bellunopress"},"image":{"@id":"https:\/\/www.bellunopress.it\/#\/schema\/logo\/image\/"},"sameAs":["https:\/\/www.facebook.com\/profile.php?id=100008943462799","https:\/\/x.com\/bellunopress","https:\/\/www.linkedin.com\/hp\/?dnr=JBzUWaJfMUw8vbXJJ2tVW5-I3jZKvC4wsoxE&amp;amp;amp;amp;amp;amp;trk=nav_responsive_tab_home","https:\/\/www.youtube.com\/channel\/UCxL0wu1uN0_3_7hGG0306cw"]},{"@type":"Person","@id":"https:\/\/www.bellunopress.it\/#\/schema\/person\/79bb06722b37ece1c03d3e94beb30d73","name":"r\u00e9daction","image":{"@type":"ImageObject","inLanguage":"fr-FR","@id":"https:\/\/secure.gravatar.com\/avatar\/37d968a2e67a6fd04c169c4bdef102d0bc5d31b2546345219e348575eb80e9a0?s=96&d=mm&r=g","url":"https:\/\/secure.gravatar.com\/avatar\/37d968a2e67a6fd04c169c4bdef102d0bc5d31b2546345219e348575eb80e9a0?s=96&d=mm&r=g","contentUrl":"https:\/\/secure.gravatar.com\/avatar\/37d968a2e67a6fd04c169c4bdef102d0bc5d31b2546345219e348575eb80e9a0?s=96&d=mm&r=g","caption":"redazione"},"sameAs":["http:\/\/www.bellunopress.it","https:\/\/x.com\/bellunopress"],"url":"https:\/\/www.bellunopress.it\/fr\/author\/redazione\/"}]}},"_links":{"self":[{"href":"https:\/\/www.bellunopress.it\/fr\/wp-json\/wp\/v2\/posts\/2436","targetHints":{"allow":["GET"]}}],"collection":[{"href":"https:\/\/www.bellunopress.it\/fr\/wp-json\/wp\/v2\/posts"}],"about":[{"href":"https:\/\/www.bellunopress.it\/fr\/wp-json\/wp\/v2\/types\/post"}],"author":[{"embeddable":true,"href":"https:\/\/www.bellunopress.it\/fr\/wp-json\/wp\/v2\/users\/2"}],"replies":[{"embeddable":true,"href":"https:\/\/www.bellunopress.it\/fr\/wp-json\/wp\/v2\/comments?post=2436"}],"version-history":[{"count":1,"href":"https:\/\/www.bellunopress.it\/fr\/wp-json\/wp\/v2\/posts\/2436\/revisions"}],"predecessor-version":[{"id":2438,"href":"https:\/\/www.bellunopress.it\/fr\/wp-json\/wp\/v2\/posts\/2436\/revisions\/2438"}],"wp:attachment":[{"href":"https:\/\/www.bellunopress.it\/fr\/wp-json\/wp\/v2\/media?parent=2436"}],"wp:term":[{"taxonomy":"category","embeddable":true,"href":"https:\/\/www.bellunopress.it\/fr\/wp-json\/wp\/v2\/categories?post=2436"},{"taxonomy":"post_tag","embeddable":true,"href":"https:\/\/www.bellunopress.it\/fr\/wp-json\/wp\/v2\/tags?post=2436"}],"curies":[{"name":"wp","href":"https:\/\/api.w.org\/{rel}","templated":true}]}}