{"id":2416,"date":"2009-04-07T11:23:07","date_gmt":"2009-04-07T10:23:07","guid":{"rendered":"http:\/\/www.bellunopress.it\/?p=2416"},"modified":"2009-04-08T11:41:18","modified_gmt":"2009-04-08T10:41:18","slug":"domani-pomeriggio-a-belluno-l%e2%80%99incontro-tra-cacciari-dellai-e-reolon-su-autonomia-e-federalismo-fiscale","status":"publish","type":"post","link":"https:\/\/www.bellunopress.it\/fr\/2009\/04\/07\/domani-pomeriggio-a-belluno-l%e2%80%99incontro-tra-cacciari-dellai-e-reolon-su-autonomia-e-federalismo-fiscale\/","title":{"rendered":"Stasera a Borgo Pra l\u2019incontro tra Cacciari, Dellai e Reolon su autonomia e federalismo fiscale"},"content":{"rendered":"<p><a href=\"http:\/\/www.bellunopress.it\/wp-content\/uploads\/2009\/03\/sergio-reolon-270x180.jpg\"><img loading=\"lazy\" decoding=\"async\" class=\"alignleft size-medium wp-image-1380\" title=\"sergio-reolon-270x180\" src=\"http:\/\/www.bellunopress.it\/wp-content\/uploads\/2009\/03\/sergio-reolon-270x180.jpg\" alt=\"\" width=\"270\" height=\"180\" \/><\/a>Come si costruisce la piattaforma alpina. Stasera alle 18 in Sala De Luca (Borgo Pra &#8211; Belluno) il sindaco di Venezia, Massimo Cacciari e il presidente della Provincia autonoma di Trento, Lorenzo Dellai, affronteranno il tema &#8220;Per una montagna abitata: Provincia autonoma e federalismo fiscale&#8221; con il presidente della Provincia di Belluno, Sergio Reolon.<br \/>\n\u00abDobbiamo riportare le Alpi ad avere un ruolo centrale in Europa nella produzione di benessere, nella coesione sociale e nella valorizzazione ambientale\u00bb. Questa \u00e8 la piattaforma alpina secondo Sergio Reolon. \u00abSiamo convinti della necessit\u00e0 di far diventare la piattaforma alpina un grande progetto politico. Significa costruire relazioni e alleanze a livello orizzontale e non pi\u00f9 solo verticale\u00bb. Reolon insiste da tempo sul cambio di prospettiva indispensabile per uscire dalla crisi: \u00abL\u2019economia dei territori che oggi si affaccia all\u2019orizzonte domani sar\u00e0 predominante. La cosiddetta economia verde presume il superamento dell\u2019idea dell\u2019uso e del consumo per lasciare spazio al risparmio e alla valorizzazione. E\u2019 il come a diventare importante, non pi\u00f9 il quanto\u00bb.<br \/>\nSar\u00e0 decisivo, spiega Reolon, \u00abil valore strategico che assumono i territori. Inoltre non sar\u00e0 secondario ragionare su chi governa l\u2019uso delle risorse. In primo luogo dell\u2019acqua. Come \u00e8 fondamentale uscire dalla contrapposizione tra chi vuole le infrastrutture e chi si oppone. Io credo saranno centrali le discussioni su quali infrastrutture bisogner\u00e0 fare e se queste sono al servizio del territorio, oppure se vi si appoggiano per attraversarlo. Significa riportare la centralit\u00e0 sulla politica, sulle visioni strategiche e quindi sull\u2019autogoverno dei territori. Gli stati nazionali prima e le Regioni poi hanno fatto diventare le Alpi una frontiera e le hanno racchiuse dentro confini sempre pi\u00f9 ristretti rendendo i territori marginali. La piattaforma alpina ricolloca le alpi al centro dell\u2019Europa dal punto di vista culturale, sociale ed economico\u00bb. In ogni caso, avvisa Reolon, \u00abquesto nuovo ruolo delle Alpi non sar\u00e0 definito dalle Regioni n\u00e9 dagli stati nazionali, nei quali sono predominanti gli interessi delle aree metropolitane. Questa nuova opportunit\u00e0 per la montagna pu\u00f2 realizzarsi solo partendo dal governo locale. In questo senso l\u2019autonomia \u00e8 una condizione indispensabile per la Provincia di Belluno\u00bb L\u2019incontro pubblico di domani pomeriggio \u00e8 il terzo sul tema del disagio dei territori montani. Gli altri due, organizzati dalla Provincia di Belluno, hanno visto come protagonisti il presidente dell\u2019Aaster Aldo Bonomi e quello del Cai, Annibale Salsa.<\/p>","protected":false},"excerpt":{"rendered":"<p>Come si costruisce la piattaforma alpina. Stasera alle 18 in Sala De Luca (Borgo Pra &#8211; Belluno) il sindaco di Venezia, Massimo Cacciari e il presidente della Provincia autonoma di Trento, Lorenzo Dellai, affronteranno il tema &#8220;Per una montagna abitata: Provincia autonoma e federalismo fiscale&#8221; con il presidente della Provincia di Belluno, Sergio Reolon. \u00abDobbiamo [&hellip;]<\/p>\n","protected":false},"author":2,"featured_media":0,"comment_status":"closed","ping_status":"open","sticky":false,"template":"","format":"standard","meta":{"footnotes":""},"categories":[5],"tags":[139],"class_list":["post-2416","post","type-post","status-publish","format-standard","category-cronaca","tag-belluno"],"yoast_head":"<!-- This site is optimized with the Yoast SEO plugin v28.4 - https:\/\/yoast.com\/product\/yoast-seo-wordpress\/ -->\n<title>Stasera a Borgo Pra l\u2019incontro tra Cacciari, Dellai e Reolon su autonomia e federalismo fiscale - Bellunopress - Dolomiti<\/title>\n<meta name=\"robots\" content=\"index, follow, max-snippet:-1, max-image-preview:large, max-video-preview:-1\" \/>\n<link rel=\"canonical\" href=\"https:\/\/www.bellunopress.it\/fr\/2009\/04\/07\/domani-pomeriggio-a-belluno-l\u2019incontro-tra-cacciari-dellai-e-reolon-su-autonomia-e-federalismo-fiscale\/\" \/>\n<meta property=\"og:locale\" content=\"fr_FR\" \/>\n<meta property=\"og:type\" content=\"article\" \/>\n<meta property=\"og:title\" content=\"Stasera a Borgo Pra l\u2019incontro tra Cacciari, Dellai e Reolon su autonomia e federalismo fiscale - Bellunopress - Dolomiti\" \/>\n<meta property=\"og:description\" content=\"Come si costruisce la piattaforma alpina. Stasera alle 18 in Sala De Luca (Borgo Pra &#8211; Belluno) il sindaco di Venezia, Massimo Cacciari e il presidente della Provincia autonoma di Trento, Lorenzo Dellai, affronteranno il tema &#8220;Per una montagna abitata: Provincia autonoma e federalismo fiscale&#8221; con il presidente della Provincia di Belluno, Sergio Reolon. \u00abDobbiamo [&hellip;]\" \/>\n<meta property=\"og:url\" content=\"https:\/\/www.bellunopress.it\/fr\/2009\/04\/07\/domani-pomeriggio-a-belluno-l\u2019incontro-tra-cacciari-dellai-e-reolon-su-autonomia-e-federalismo-fiscale\/\" \/>\n<meta property=\"og:site_name\" content=\"Bellunopress - Dolomiti\" \/>\n<meta property=\"article:publisher\" content=\"https:\/\/www.facebook.com\/profile.php?id=100008943462799\" \/>\n<meta property=\"article:published_time\" content=\"2009-04-07T10:23:07+00:00\" \/>\n<meta property=\"article:modified_time\" content=\"2009-04-08T10:41:18+00:00\" \/>\n<meta property=\"og:image\" content=\"http:\/\/www.bellunopress.it\/wp-content\/uploads\/2009\/03\/sergio-reolon-270x180.jpg\" \/>\n<meta name=\"author\" content=\"redazione\" \/>\n<meta name=\"twitter:card\" content=\"summary_large_image\" \/>\n<meta name=\"twitter:creator\" content=\"@bellunopress\" \/>\n<meta name=\"twitter:site\" content=\"@bellunopress\" \/>\n<meta name=\"twitter:label1\" content=\"\u00c9crit par\" \/>\n\t<meta name=\"twitter:data1\" content=\"redazione\" \/>\n\t<meta name=\"twitter:label2\" content=\"Dur\u00e9e de lecture estim\u00e9e\" \/>\n\t<meta name=\"twitter:data2\" content=\"2 minutes\" \/>\n<script type=\"application\/ld+json\" class=\"yoast-schema-graph\">{\"@context\":\"https:\\\/\\\/schema.org\",\"@graph\":[{\"@type\":\"Article\",\"@id\":\"https:\\\/\\\/www.bellunopress.it\\\/2009\\\/04\\\/07\\\/domani-pomeriggio-a-belluno-l%e2%80%99incontro-tra-cacciari-dellai-e-reolon-su-autonomia-e-federalismo-fiscale\\\/#article\",\"isPartOf\":{\"@id\":\"https:\\\/\\\/www.bellunopress.it\\\/2009\\\/04\\\/07\\\/domani-pomeriggio-a-belluno-l%e2%80%99incontro-tra-cacciari-dellai-e-reolon-su-autonomia-e-federalismo-fiscale\\\/\"},\"author\":{\"name\":\"redazione\",\"@id\":\"https:\\\/\\\/www.bellunopress.it\\\/#\\\/schema\\\/person\\\/79bb06722b37ece1c03d3e94beb30d73\"},\"headline\":\"Stasera a Borgo Pra l\u2019incontro tra Cacciari, Dellai e Reolon su autonomia e federalismo fiscale\",\"datePublished\":\"2009-04-07T10:23:07+00:00\",\"dateModified\":\"2009-04-08T10:41:18+00:00\",\"mainEntityOfPage\":{\"@id\":\"https:\\\/\\\/www.bellunopress.it\\\/2009\\\/04\\\/07\\\/domani-pomeriggio-a-belluno-l%e2%80%99incontro-tra-cacciari-dellai-e-reolon-su-autonomia-e-federalismo-fiscale\\\/\"},\"wordCount\":405,\"publisher\":{\"@id\":\"https:\\\/\\\/www.bellunopress.it\\\/#organization\"},\"image\":{\"@id\":\"https:\\\/\\\/www.bellunopress.it\\\/2009\\\/04\\\/07\\\/domani-pomeriggio-a-belluno-l%e2%80%99incontro-tra-cacciari-dellai-e-reolon-su-autonomia-e-federalismo-fiscale\\\/#primaryimage\"},\"thumbnailUrl\":\"http:\\\/\\\/www.bellunopress.it\\\/wp-content\\\/uploads\\\/2009\\\/03\\\/sergio-reolon-270x180.jpg\",\"keywords\":[\"Belluno\"],\"articleSection\":[\"Cronaca\\\/Politica\"],\"inLanguage\":\"fr-FR\"},{\"@type\":\"WebPage\",\"@id\":\"https:\\\/\\\/www.bellunopress.it\\\/2009\\\/04\\\/07\\\/domani-pomeriggio-a-belluno-l%e2%80%99incontro-tra-cacciari-dellai-e-reolon-su-autonomia-e-federalismo-fiscale\\\/\",\"url\":\"https:\\\/\\\/www.bellunopress.it\\\/2009\\\/04\\\/07\\\/domani-pomeriggio-a-belluno-l%e2%80%99incontro-tra-cacciari-dellai-e-reolon-su-autonomia-e-federalismo-fiscale\\\/\",\"name\":\"Stasera a Borgo Pra l\u2019incontro tra Cacciari, Dellai e Reolon su autonomia e federalismo fiscale - Bellunopress - Dolomiti\",\"isPartOf\":{\"@id\":\"https:\\\/\\\/www.bellunopress.it\\\/#website\"},\"primaryImageOfPage\":{\"@id\":\"https:\\\/\\\/www.bellunopress.it\\\/2009\\\/04\\\/07\\\/domani-pomeriggio-a-belluno-l%e2%80%99incontro-tra-cacciari-dellai-e-reolon-su-autonomia-e-federalismo-fiscale\\\/#primaryimage\"},\"image\":{\"@id\":\"https:\\\/\\\/www.bellunopress.it\\\/2009\\\/04\\\/07\\\/domani-pomeriggio-a-belluno-l%e2%80%99incontro-tra-cacciari-dellai-e-reolon-su-autonomia-e-federalismo-fiscale\\\/#primaryimage\"},\"thumbnailUrl\":\"http:\\\/\\\/www.bellunopress.it\\\/wp-content\\\/uploads\\\/2009\\\/03\\\/sergio-reolon-270x180.jpg\",\"datePublished\":\"2009-04-07T10:23:07+00:00\",\"dateModified\":\"2009-04-08T10:41:18+00:00\",\"breadcrumb\":{\"@id\":\"https:\\\/\\\/www.bellunopress.it\\\/2009\\\/04\\\/07\\\/domani-pomeriggio-a-belluno-l%e2%80%99incontro-tra-cacciari-dellai-e-reolon-su-autonomia-e-federalismo-fiscale\\\/#breadcrumb\"},\"inLanguage\":\"fr-FR\",\"potentialAction\":[{\"@type\":\"ReadAction\",\"target\":[\"https:\\\/\\\/www.bellunopress.it\\\/2009\\\/04\\\/07\\\/domani-pomeriggio-a-belluno-l%e2%80%99incontro-tra-cacciari-dellai-e-reolon-su-autonomia-e-federalismo-fiscale\\\/\"]}]},{\"@type\":\"ImageObject\",\"inLanguage\":\"fr-FR\",\"@id\":\"https:\\\/\\\/www.bellunopress.it\\\/2009\\\/04\\\/07\\\/domani-pomeriggio-a-belluno-l%e2%80%99incontro-tra-cacciari-dellai-e-reolon-su-autonomia-e-federalismo-fiscale\\\/#primaryimage\",\"url\":\"http:\\\/\\\/www.bellunopress.it\\\/wp-content\\\/uploads\\\/2009\\\/03\\\/sergio-reolon-270x180.jpg\",\"contentUrl\":\"http:\\\/\\\/www.bellunopress.it\\\/wp-content\\\/uploads\\\/2009\\\/03\\\/sergio-reolon-270x180.jpg\"},{\"@type\":\"BreadcrumbList\",\"@id\":\"https:\\\/\\\/www.bellunopress.it\\\/2009\\\/04\\\/07\\\/domani-pomeriggio-a-belluno-l%e2%80%99incontro-tra-cacciari-dellai-e-reolon-su-autonomia-e-federalismo-fiscale\\\/#breadcrumb\",\"itemListElement\":[{\"@type\":\"ListItem\",\"position\":1,\"name\":\"Home\",\"item\":\"https:\\\/\\\/www.bellunopress.it\\\/\"},{\"@type\":\"ListItem\",\"position\":2,\"name\":\"Stasera a Borgo Pra l\u2019incontro tra Cacciari, Dellai e Reolon su autonomia e federalismo fiscale\"}]},{\"@type\":\"WebSite\",\"@id\":\"https:\\\/\\\/www.bellunopress.it\\\/#website\",\"url\":\"https:\\\/\\\/www.bellunopress.it\\\/\",\"name\":\"Bellunopress - Dolomiti\",\"description\":\"e-mail: redazione@bellunopress.it\",\"publisher\":{\"@id\":\"https:\\\/\\\/www.bellunopress.it\\\/#organization\"},\"potentialAction\":[{\"@type\":\"SearchAction\",\"target\":{\"@type\":\"EntryPoint\",\"urlTemplate\":\"https:\\\/\\\/www.bellunopress.it\\\/?s={search_term_string}\"},\"query-input\":{\"@type\":\"PropertyValueSpecification\",\"valueRequired\":true,\"valueName\":\"search_term_string\"}}],\"inLanguage\":\"fr-FR\"},{\"@type\":\"Organization\",\"@id\":\"https:\\\/\\\/www.bellunopress.it\\\/#organization\",\"name\":\"Bellunopress\",\"url\":\"https:\\\/\\\/www.bellunopress.it\\\/\",\"logo\":{\"@type\":\"ImageObject\",\"inLanguage\":\"fr-FR\",\"@id\":\"https:\\\/\\\/www.bellunopress.it\\\/#\\\/schema\\\/logo\\\/image\\\/\",\"url\":\"https:\\\/\\\/www.bellunopress.it\\\/wp-content\\\/uploads\\\/2011\\\/05\\\/cropped-logo-bellunopress-.jpg\",\"contentUrl\":\"https:\\\/\\\/www.bellunopress.it\\\/wp-content\\\/uploads\\\/2011\\\/05\\\/cropped-logo-bellunopress-.jpg\",\"width\":512,\"height\":512,\"caption\":\"Bellunopress\"},\"image\":{\"@id\":\"https:\\\/\\\/www.bellunopress.it\\\/#\\\/schema\\\/logo\\\/image\\\/\"},\"sameAs\":[\"https:\\\/\\\/www.facebook.com\\\/profile.php?id=100008943462799\",\"https:\\\/\\\/x.com\\\/bellunopress\",\"https:\\\/\\\/www.linkedin.com\\\/hp\\\/?dnr=JBzUWaJfMUw8vbXJJ2tVW5-I3jZKvC4wsoxE&amp;amp;amp;amp;amp;amp;trk=nav_responsive_tab_home\",\"https:\\\/\\\/www.youtube.com\\\/channel\\\/UCxL0wu1uN0_3_7hGG0306cw\"]},{\"@type\":\"Person\",\"@id\":\"https:\\\/\\\/www.bellunopress.it\\\/#\\\/schema\\\/person\\\/79bb06722b37ece1c03d3e94beb30d73\",\"name\":\"redazione\",\"image\":{\"@type\":\"ImageObject\",\"inLanguage\":\"fr-FR\",\"@id\":\"https:\\\/\\\/secure.gravatar.com\\\/avatar\\\/37d968a2e67a6fd04c169c4bdef102d0bc5d31b2546345219e348575eb80e9a0?s=96&d=mm&r=g\",\"url\":\"https:\\\/\\\/secure.gravatar.com\\\/avatar\\\/37d968a2e67a6fd04c169c4bdef102d0bc5d31b2546345219e348575eb80e9a0?s=96&d=mm&r=g\",\"contentUrl\":\"https:\\\/\\\/secure.gravatar.com\\\/avatar\\\/37d968a2e67a6fd04c169c4bdef102d0bc5d31b2546345219e348575eb80e9a0?s=96&d=mm&r=g\",\"caption\":\"redazione\"},\"sameAs\":[\"http:\\\/\\\/www.bellunopress.it\",\"https:\\\/\\\/x.com\\\/bellunopress\"],\"url\":\"https:\\\/\\\/www.bellunopress.it\\\/fr\\\/author\\\/redazione\\\/\"}]}<\/script>\n<!-- \/ Yoast SEO plugin. -->","yoast_head_json":{"title":"Stasera a Borgo Pra l\u2019incontro tra Cacciari, Dellai e Reolon su autonomia e federalismo fiscale - Bellunopress - Dolomiti","robots":{"index":"index","follow":"follow","max-snippet":"max-snippet:-1","max-image-preview":"max-image-preview:large","max-video-preview":"max-video-preview:-1"},"canonical":"https:\/\/www.bellunopress.it\/fr\/2009\/04\/07\/domani-pomeriggio-a-belluno-l\u2019incontro-tra-cacciari-dellai-e-reolon-su-autonomia-e-federalismo-fiscale\/","og_locale":"fr_FR","og_type":"article","og_title":"Stasera a Borgo Pra l\u2019incontro tra Cacciari, Dellai e Reolon su autonomia e federalismo fiscale - Bellunopress - Dolomiti","og_description":"Come si costruisce la piattaforma alpina. Stasera alle 18 in Sala De Luca (Borgo Pra &#8211; Belluno) il sindaco di Venezia, Massimo Cacciari e il presidente della Provincia autonoma di Trento, Lorenzo Dellai, affronteranno il tema &#8220;Per una montagna abitata: Provincia autonoma e federalismo fiscale&#8221; con il presidente della Provincia di Belluno, Sergio Reolon. \u00abDobbiamo [&hellip;]","og_url":"https:\/\/www.bellunopress.it\/fr\/2009\/04\/07\/domani-pomeriggio-a-belluno-l\u2019incontro-tra-cacciari-dellai-e-reolon-su-autonomia-e-federalismo-fiscale\/","og_site_name":"Bellunopress - Dolomiti","article_publisher":"https:\/\/www.facebook.com\/profile.php?id=100008943462799","article_published_time":"2009-04-07T10:23:07+00:00","article_modified_time":"2009-04-08T10:41:18+00:00","og_image":[{"url":"http:\/\/www.bellunopress.it\/wp-content\/uploads\/2009\/03\/sergio-reolon-270x180.jpg","type":"","width":"","height":""}],"author":"redazione","twitter_card":"summary_large_image","twitter_creator":"@bellunopress","twitter_site":"@bellunopress","twitter_misc":{"\u00c9crit par":"redazione","Dur\u00e9e de lecture estim\u00e9e":"2 minutes"},"schema":{"@context":"https:\/\/schema.org","@graph":[{"@type":"Article","@id":"https:\/\/www.bellunopress.it\/2009\/04\/07\/domani-pomeriggio-a-belluno-l%e2%80%99incontro-tra-cacciari-dellai-e-reolon-su-autonomia-e-federalismo-fiscale\/#article","isPartOf":{"@id":"https:\/\/www.bellunopress.it\/2009\/04\/07\/domani-pomeriggio-a-belluno-l%e2%80%99incontro-tra-cacciari-dellai-e-reolon-su-autonomia-e-federalismo-fiscale\/"},"author":{"name":"redazione","@id":"https:\/\/www.bellunopress.it\/#\/schema\/person\/79bb06722b37ece1c03d3e94beb30d73"},"headline":"Stasera a Borgo Pra l\u2019incontro tra Cacciari, Dellai e Reolon su autonomia e federalismo fiscale","datePublished":"2009-04-07T10:23:07+00:00","dateModified":"2009-04-08T10:41:18+00:00","mainEntityOfPage":{"@id":"https:\/\/www.bellunopress.it\/2009\/04\/07\/domani-pomeriggio-a-belluno-l%e2%80%99incontro-tra-cacciari-dellai-e-reolon-su-autonomia-e-federalismo-fiscale\/"},"wordCount":405,"publisher":{"@id":"https:\/\/www.bellunopress.it\/#organization"},"image":{"@id":"https:\/\/www.bellunopress.it\/2009\/04\/07\/domani-pomeriggio-a-belluno-l%e2%80%99incontro-tra-cacciari-dellai-e-reolon-su-autonomia-e-federalismo-fiscale\/#primaryimage"},"thumbnailUrl":"http:\/\/www.bellunopress.it\/wp-content\/uploads\/2009\/03\/sergio-reolon-270x180.jpg","keywords":["Belluno"],"articleSection":["Cronaca\/Politica"],"inLanguage":"fr-FR"},{"@type":"WebPage","@id":"https:\/\/www.bellunopress.it\/2009\/04\/07\/domani-pomeriggio-a-belluno-l%e2%80%99incontro-tra-cacciari-dellai-e-reolon-su-autonomia-e-federalismo-fiscale\/","url":"https:\/\/www.bellunopress.it\/2009\/04\/07\/domani-pomeriggio-a-belluno-l%e2%80%99incontro-tra-cacciari-dellai-e-reolon-su-autonomia-e-federalismo-fiscale\/","name":"Stasera a Borgo Pra l\u2019incontro tra Cacciari, Dellai e Reolon su autonomia e federalismo fiscale - Bellunopress - Dolomiti","isPartOf":{"@id":"https:\/\/www.bellunopress.it\/#website"},"primaryImageOfPage":{"@id":"https:\/\/www.bellunopress.it\/2009\/04\/07\/domani-pomeriggio-a-belluno-l%e2%80%99incontro-tra-cacciari-dellai-e-reolon-su-autonomia-e-federalismo-fiscale\/#primaryimage"},"image":{"@id":"https:\/\/www.bellunopress.it\/2009\/04\/07\/domani-pomeriggio-a-belluno-l%e2%80%99incontro-tra-cacciari-dellai-e-reolon-su-autonomia-e-federalismo-fiscale\/#primaryimage"},"thumbnailUrl":"http:\/\/www.bellunopress.it\/wp-content\/uploads\/2009\/03\/sergio-reolon-270x180.jpg","datePublished":"2009-04-07T10:23:07+00:00","dateModified":"2009-04-08T10:41:18+00:00","breadcrumb":{"@id":"https:\/\/www.bellunopress.it\/2009\/04\/07\/domani-pomeriggio-a-belluno-l%e2%80%99incontro-tra-cacciari-dellai-e-reolon-su-autonomia-e-federalismo-fiscale\/#breadcrumb"},"inLanguage":"fr-FR","potentialAction":[{"@type":"ReadAction","target":["https:\/\/www.bellunopress.it\/2009\/04\/07\/domani-pomeriggio-a-belluno-l%e2%80%99incontro-tra-cacciari-dellai-e-reolon-su-autonomia-e-federalismo-fiscale\/"]}]},{"@type":"ImageObject","inLanguage":"fr-FR","@id":"https:\/\/www.bellunopress.it\/2009\/04\/07\/domani-pomeriggio-a-belluno-l%e2%80%99incontro-tra-cacciari-dellai-e-reolon-su-autonomia-e-federalismo-fiscale\/#primaryimage","url":"http:\/\/www.bellunopress.it\/wp-content\/uploads\/2009\/03\/sergio-reolon-270x180.jpg","contentUrl":"http:\/\/www.bellunopress.it\/wp-content\/uploads\/2009\/03\/sergio-reolon-270x180.jpg"},{"@type":"BreadcrumbList","@id":"https:\/\/www.bellunopress.it\/2009\/04\/07\/domani-pomeriggio-a-belluno-l%e2%80%99incontro-tra-cacciari-dellai-e-reolon-su-autonomia-e-federalismo-fiscale\/#breadcrumb","itemListElement":[{"@type":"ListItem","position":1,"name":"Home","item":"https:\/\/www.bellunopress.it\/"},{"@type":"ListItem","position":2,"name":"Stasera a Borgo Pra l\u2019incontro tra Cacciari, Dellai e Reolon su autonomia e federalismo fiscale"}]},{"@type":"WebSite","@id":"https:\/\/www.bellunopress.it\/#website","url":"https:\/\/www.bellunopress.it\/","name":"Bellunopress - Dolomiti","description":"e-mail: redazione@bellunopress.it","publisher":{"@id":"https:\/\/www.bellunopress.it\/#organization"},"potentialAction":[{"@type":"SearchAction","target":{"@type":"EntryPoint","urlTemplate":"https:\/\/www.bellunopress.it\/?s={search_term_string}"},"query-input":{"@type":"PropertyValueSpecification","valueRequired":true,"valueName":"search_term_string"}}],"inLanguage":"fr-FR"},{"@type":"Organization","@id":"https:\/\/www.bellunopress.it\/#organization","name":"Bellunopress","url":"https:\/\/www.bellunopress.it\/","logo":{"@type":"ImageObject","inLanguage":"fr-FR","@id":"https:\/\/www.bellunopress.it\/#\/schema\/logo\/image\/","url":"https:\/\/www.bellunopress.it\/wp-content\/uploads\/2011\/05\/cropped-logo-bellunopress-.jpg","contentUrl":"https:\/\/www.bellunopress.it\/wp-content\/uploads\/2011\/05\/cropped-logo-bellunopress-.jpg","width":512,"height":512,"caption":"Bellunopress"},"image":{"@id":"https:\/\/www.bellunopress.it\/#\/schema\/logo\/image\/"},"sameAs":["https:\/\/www.facebook.com\/profile.php?id=100008943462799","https:\/\/x.com\/bellunopress","https:\/\/www.linkedin.com\/hp\/?dnr=JBzUWaJfMUw8vbXJJ2tVW5-I3jZKvC4wsoxE&amp;amp;amp;amp;amp;amp;trk=nav_responsive_tab_home","https:\/\/www.youtube.com\/channel\/UCxL0wu1uN0_3_7hGG0306cw"]},{"@type":"Person","@id":"https:\/\/www.bellunopress.it\/#\/schema\/person\/79bb06722b37ece1c03d3e94beb30d73","name":"r\u00e9daction","image":{"@type":"ImageObject","inLanguage":"fr-FR","@id":"https:\/\/secure.gravatar.com\/avatar\/37d968a2e67a6fd04c169c4bdef102d0bc5d31b2546345219e348575eb80e9a0?s=96&d=mm&r=g","url":"https:\/\/secure.gravatar.com\/avatar\/37d968a2e67a6fd04c169c4bdef102d0bc5d31b2546345219e348575eb80e9a0?s=96&d=mm&r=g","contentUrl":"https:\/\/secure.gravatar.com\/avatar\/37d968a2e67a6fd04c169c4bdef102d0bc5d31b2546345219e348575eb80e9a0?s=96&d=mm&r=g","caption":"redazione"},"sameAs":["http:\/\/www.bellunopress.it","https:\/\/x.com\/bellunopress"],"url":"https:\/\/www.bellunopress.it\/fr\/author\/redazione\/"}]}},"_links":{"self":[{"href":"https:\/\/www.bellunopress.it\/fr\/wp-json\/wp\/v2\/posts\/2416","targetHints":{"allow":["GET"]}}],"collection":[{"href":"https:\/\/www.bellunopress.it\/fr\/wp-json\/wp\/v2\/posts"}],"about":[{"href":"https:\/\/www.bellunopress.it\/fr\/wp-json\/wp\/v2\/types\/post"}],"author":[{"embeddable":true,"href":"https:\/\/www.bellunopress.it\/fr\/wp-json\/wp\/v2\/users\/2"}],"replies":[{"embeddable":true,"href":"https:\/\/www.bellunopress.it\/fr\/wp-json\/wp\/v2\/comments?post=2416"}],"version-history":[{"count":3,"href":"https:\/\/www.bellunopress.it\/fr\/wp-json\/wp\/v2\/posts\/2416\/revisions"}],"predecessor-version":[{"id":2470,"href":"https:\/\/www.bellunopress.it\/fr\/wp-json\/wp\/v2\/posts\/2416\/revisions\/2470"}],"wp:attachment":[{"href":"https:\/\/www.bellunopress.it\/fr\/wp-json\/wp\/v2\/media?parent=2416"}],"wp:term":[{"taxonomy":"category","embeddable":true,"href":"https:\/\/www.bellunopress.it\/fr\/wp-json\/wp\/v2\/categories?post=2416"},{"taxonomy":"post_tag","embeddable":true,"href":"https:\/\/www.bellunopress.it\/fr\/wp-json\/wp\/v2\/tags?post=2416"}],"curies":[{"name":"wp","href":"https:\/\/api.w.org\/{rel}","templated":true}]}}