{"id":23793,"date":"2011-02-10T20:11:44","date_gmt":"2011-02-10T19:11:44","guid":{"rendered":"http:\/\/www.bellunopress.it\/?p=23793"},"modified":"2011-02-10T20:11:44","modified_gmt":"2011-02-10T19:11:44","slug":"i-vini-furlan-di-motta-di-livenza-compiono-un-secolo-allinsegna-della-qualita-e-della-naturalita","status":"publish","type":"post","link":"https:\/\/www.bellunopress.it\/fr\/2011\/02\/10\/i-vini-furlan-di-motta-di-livenza-compiono-un-secolo-allinsegna-della-qualita-e-della-naturalita\/","title":{"rendered":"I vini Furlan di Motta di Livenza compiono un secolo all&#8217;insegna della qualit\u00e0 e della naturalit\u00e0"},"content":{"rendered":"<p><a href=\"http:\/\/www.bellunopress.it\/wp-content\/uploads\/2011\/02\/Vini-Furlan.jpg\"><img loading=\"lazy\" decoding=\"async\" class=\"alignleft size-full wp-image-23794\" title=\"Vini Furlan\" src=\"http:\/\/www.bellunopress.it\/wp-content\/uploads\/2011\/02\/Vini-Furlan.jpg\" alt=\"\" width=\"277\" height=\"175\" \/><\/a>L\u2019Azienda\u00a0 agricola Furlan \u00e8 presente a Malintrada di Motta di Livenza, nella ridente provincia di Treviso, fin dai primi anni del 900. Fu fondata da nonno Pietro e proseguita poi dal figlio Antonio fino ad arrivare al nipote Giuliano. L\u2019azienda ha sempre avuto una cura meticolosa dei vigneti, \u00e8 infatti da puntualizzare che la quantit\u00e0 viene sacrificata a favore della qualit\u00e0. Si \u00e8 dotata di moderne attrezzature per la vinificazione consapevole per\u00f2 che la pi\u00f9 alta tecnologia non pu\u00f2 sostituirsi alla natura. Essa infatti, come presupposto irrinunciabile per un buon vino, vanta la particolare natura argillosa dei terreni sui quali coltiva i propri vigneti, e questo contribuisce notevolmente\u00a0 ad ottenere vini dalla straordinaria ricchezza di profumi e sapori. L\u2019azienda pratica una vendita diretta a tutta la sua clientela nazionale e, recentemente, internazionale. La produzione dell\u2019azienda comprende i tradizionali vini rossi: MERLOT, CABERNET FRANC, CABERNET SAUVIGNON, RABOSO VERONESE.\u00a0 Vanta inoltre la produzione dei tipici vini bianchi: VERDUZZO TREVIGIANO, PINOT GRIGIO, PROSECCO DOC, INCROCIO MANZONI\u00a0 e TAI (nuova denominazione del TOCAI).<br \/>\nL\u2019azienda pu\u00f2 vantare le medaglie d\u2019oro ottenute negli anni alle mostre nazionali di vini, tra queste anche il \u201cMarengo d\u2019oro\u201d, per il Prosecco Doc Spumante,\u00a0 l\u2019Incrocio Manzoni e per il Cabernet Franc.<\/p>\n<p>AZIENDA AGRICOLA FURLAN GIULIANO<br \/>\nVia del Tocai, 27- 31045 Motta di Livenza (TV)<br \/>\nTel. 0422.860855 &#8211; Cell. 349.5133242<br \/>\ne-mail: furlan.g@alice.it<br \/>\nCoordinate satellitare: 45.7606, 12.5989<\/p>","protected":false},"excerpt":{"rendered":"<p>L\u2019Azienda\u00a0 agricola Furlan \u00e8 presente a Malintrada di Motta di Livenza, nella ridente provincia di Treviso, fin dai primi anni del 900. Fu fondata da nonno Pietro e proseguita poi dal figlio Antonio fino ad arrivare al nipote Giuliano. L\u2019azienda ha sempre avuto una cura meticolosa dei vigneti, \u00e8 infatti da puntualizzare che la quantit\u00e0 [&hellip;]<\/p>\n","protected":false},"author":2,"featured_media":0,"comment_status":"closed","ping_status":"open","sticky":false,"template":"","format":"standard","meta":{"footnotes":""},"categories":[25,50],"tags":[],"class_list":["post-23793","post","type-post","status-publish","format-standard","category-pausa-caffe","category-pubbliredazionali"],"yoast_head":"<!-- This site is optimized with the Yoast SEO plugin v28.4 - https:\/\/yoast.com\/product\/yoast-seo-wordpress\/ -->\n<title>I vini Furlan di Motta di Livenza compiono un secolo all&#039;insegna della qualit\u00e0 e della naturalit\u00e0 - Bellunopress - Dolomiti<\/title>\n<meta name=\"robots\" content=\"index, follow, max-snippet:-1, max-image-preview:large, max-video-preview:-1\" \/>\n<link rel=\"canonical\" href=\"https:\/\/www.bellunopress.it\/fr\/2011\/02\/10\/i-vini-furlan-di-motta-di-livenza-compiono-un-secolo-allinsegna-della-qualita-e-della-naturalita\/\" \/>\n<meta property=\"og:locale\" content=\"fr_FR\" \/>\n<meta property=\"og:type\" content=\"article\" \/>\n<meta property=\"og:title\" content=\"I vini Furlan di Motta di Livenza compiono un secolo all&#039;insegna della qualit\u00e0 e della naturalit\u00e0 - Bellunopress - Dolomiti\" \/>\n<meta property=\"og:description\" content=\"L\u2019Azienda\u00a0 agricola Furlan \u00e8 presente a Malintrada di Motta di Livenza, nella ridente provincia di Treviso, fin dai primi anni del 900. Fu fondata da nonno Pietro e proseguita poi dal figlio Antonio fino ad arrivare al nipote Giuliano. L\u2019azienda ha sempre avuto una cura meticolosa dei vigneti, \u00e8 infatti da puntualizzare che la quantit\u00e0 [&hellip;]\" \/>\n<meta property=\"og:url\" content=\"https:\/\/www.bellunopress.it\/fr\/2011\/02\/10\/i-vini-furlan-di-motta-di-livenza-compiono-un-secolo-allinsegna-della-qualita-e-della-naturalita\/\" \/>\n<meta property=\"og:site_name\" content=\"Bellunopress - Dolomiti\" \/>\n<meta property=\"article:publisher\" content=\"https:\/\/www.facebook.com\/profile.php?id=100008943462799\" \/>\n<meta property=\"article:published_time\" content=\"2011-02-10T19:11:44+00:00\" \/>\n<meta property=\"og:image\" content=\"http:\/\/www.bellunopress.it\/wp-content\/uploads\/2011\/02\/Vini-Furlan.jpg\" \/>\n<meta name=\"author\" content=\"redazione\" \/>\n<meta name=\"twitter:card\" content=\"summary_large_image\" \/>\n<meta name=\"twitter:creator\" content=\"@bellunopress\" \/>\n<meta name=\"twitter:site\" content=\"@bellunopress\" \/>\n<meta name=\"twitter:label1\" content=\"Written by\" \/>\n\t<meta name=\"twitter:data1\" content=\"redazione\" \/>\n\t<meta name=\"twitter:label2\" content=\"Est. reading time\" \/>\n\t<meta name=\"twitter:data2\" content=\"1 minute\" \/>\n<script type=\"application\/ld+json\" class=\"yoast-schema-graph\">{\"@context\":\"https:\\\/\\\/schema.org\",\"@graph\":[{\"@type\":\"Article\",\"@id\":\"https:\\\/\\\/www.bellunopress.it\\\/2011\\\/02\\\/10\\\/i-vini-furlan-di-motta-di-livenza-compiono-un-secolo-allinsegna-della-qualita-e-della-naturalita\\\/#article\",\"isPartOf\":{\"@id\":\"https:\\\/\\\/www.bellunopress.it\\\/2011\\\/02\\\/10\\\/i-vini-furlan-di-motta-di-livenza-compiono-un-secolo-allinsegna-della-qualita-e-della-naturalita\\\/\"},\"author\":{\"name\":\"redazione\",\"@id\":\"https:\\\/\\\/www.bellunopress.it\\\/#\\\/schema\\\/person\\\/79bb06722b37ece1c03d3e94beb30d73\"},\"headline\":\"I vini Furlan di Motta di Livenza compiono un secolo all&#8217;insegna della qualit\u00e0 e della naturalit\u00e0\",\"datePublished\":\"2011-02-10T19:11:44+00:00\",\"mainEntityOfPage\":{\"@id\":\"https:\\\/\\\/www.bellunopress.it\\\/2011\\\/02\\\/10\\\/i-vini-furlan-di-motta-di-livenza-compiono-un-secolo-allinsegna-della-qualita-e-della-naturalita\\\/\"},\"wordCount\":244,\"publisher\":{\"@id\":\"https:\\\/\\\/www.bellunopress.it\\\/#organization\"},\"image\":{\"@id\":\"https:\\\/\\\/www.bellunopress.it\\\/2011\\\/02\\\/10\\\/i-vini-furlan-di-motta-di-livenza-compiono-un-secolo-allinsegna-della-qualita-e-della-naturalita\\\/#primaryimage\"},\"thumbnailUrl\":\"http:\\\/\\\/www.bellunopress.it\\\/wp-content\\\/uploads\\\/2011\\\/02\\\/Vini-Furlan.jpg\",\"articleSection\":[\"Pausa Caff\u00e8\",\"Pubbliredazionali\"],\"inLanguage\":\"fr-FR\"},{\"@type\":\"WebPage\",\"@id\":\"https:\\\/\\\/www.bellunopress.it\\\/2011\\\/02\\\/10\\\/i-vini-furlan-di-motta-di-livenza-compiono-un-secolo-allinsegna-della-qualita-e-della-naturalita\\\/\",\"url\":\"https:\\\/\\\/www.bellunopress.it\\\/2011\\\/02\\\/10\\\/i-vini-furlan-di-motta-di-livenza-compiono-un-secolo-allinsegna-della-qualita-e-della-naturalita\\\/\",\"name\":\"I vini Furlan di Motta di Livenza compiono un secolo all'insegna della qualit\u00e0 e della naturalit\u00e0 - Bellunopress - Dolomiti\",\"isPartOf\":{\"@id\":\"https:\\\/\\\/www.bellunopress.it\\\/#website\"},\"primaryImageOfPage\":{\"@id\":\"https:\\\/\\\/www.bellunopress.it\\\/2011\\\/02\\\/10\\\/i-vini-furlan-di-motta-di-livenza-compiono-un-secolo-allinsegna-della-qualita-e-della-naturalita\\\/#primaryimage\"},\"image\":{\"@id\":\"https:\\\/\\\/www.bellunopress.it\\\/2011\\\/02\\\/10\\\/i-vini-furlan-di-motta-di-livenza-compiono-un-secolo-allinsegna-della-qualita-e-della-naturalita\\\/#primaryimage\"},\"thumbnailUrl\":\"http:\\\/\\\/www.bellunopress.it\\\/wp-content\\\/uploads\\\/2011\\\/02\\\/Vini-Furlan.jpg\",\"datePublished\":\"2011-02-10T19:11:44+00:00\",\"breadcrumb\":{\"@id\":\"https:\\\/\\\/www.bellunopress.it\\\/2011\\\/02\\\/10\\\/i-vini-furlan-di-motta-di-livenza-compiono-un-secolo-allinsegna-della-qualita-e-della-naturalita\\\/#breadcrumb\"},\"inLanguage\":\"fr-FR\",\"potentialAction\":[{\"@type\":\"ReadAction\",\"target\":[\"https:\\\/\\\/www.bellunopress.it\\\/2011\\\/02\\\/10\\\/i-vini-furlan-di-motta-di-livenza-compiono-un-secolo-allinsegna-della-qualita-e-della-naturalita\\\/\"]}]},{\"@type\":\"ImageObject\",\"inLanguage\":\"fr-FR\",\"@id\":\"https:\\\/\\\/www.bellunopress.it\\\/2011\\\/02\\\/10\\\/i-vini-furlan-di-motta-di-livenza-compiono-un-secolo-allinsegna-della-qualita-e-della-naturalita\\\/#primaryimage\",\"url\":\"http:\\\/\\\/www.bellunopress.it\\\/wp-content\\\/uploads\\\/2011\\\/02\\\/Vini-Furlan.jpg\",\"contentUrl\":\"http:\\\/\\\/www.bellunopress.it\\\/wp-content\\\/uploads\\\/2011\\\/02\\\/Vini-Furlan.jpg\"},{\"@type\":\"BreadcrumbList\",\"@id\":\"https:\\\/\\\/www.bellunopress.it\\\/2011\\\/02\\\/10\\\/i-vini-furlan-di-motta-di-livenza-compiono-un-secolo-allinsegna-della-qualita-e-della-naturalita\\\/#breadcrumb\",\"itemListElement\":[{\"@type\":\"ListItem\",\"position\":1,\"name\":\"Home\",\"item\":\"https:\\\/\\\/www.bellunopress.it\\\/\"},{\"@type\":\"ListItem\",\"position\":2,\"name\":\"I vini Furlan di Motta di Livenza compiono un secolo all&#8217;insegna della qualit\u00e0 e della naturalit\u00e0\"}]},{\"@type\":\"WebSite\",\"@id\":\"https:\\\/\\\/www.bellunopress.it\\\/#website\",\"url\":\"https:\\\/\\\/www.bellunopress.it\\\/\",\"name\":\"Bellunopress - Dolomiti\",\"description\":\"e-mail: redazione@bellunopress.it\",\"publisher\":{\"@id\":\"https:\\\/\\\/www.bellunopress.it\\\/#organization\"},\"potentialAction\":[{\"@type\":\"SearchAction\",\"target\":{\"@type\":\"EntryPoint\",\"urlTemplate\":\"https:\\\/\\\/www.bellunopress.it\\\/?s={search_term_string}\"},\"query-input\":{\"@type\":\"PropertyValueSpecification\",\"valueRequired\":true,\"valueName\":\"search_term_string\"}}],\"inLanguage\":\"fr-FR\"},{\"@type\":\"Organization\",\"@id\":\"https:\\\/\\\/www.bellunopress.it\\\/#organization\",\"name\":\"Bellunopress\",\"url\":\"https:\\\/\\\/www.bellunopress.it\\\/\",\"logo\":{\"@type\":\"ImageObject\",\"inLanguage\":\"fr-FR\",\"@id\":\"https:\\\/\\\/www.bellunopress.it\\\/#\\\/schema\\\/logo\\\/image\\\/\",\"url\":\"https:\\\/\\\/www.bellunopress.it\\\/wp-content\\\/uploads\\\/2011\\\/05\\\/cropped-logo-bellunopress-.jpg\",\"contentUrl\":\"https:\\\/\\\/www.bellunopress.it\\\/wp-content\\\/uploads\\\/2011\\\/05\\\/cropped-logo-bellunopress-.jpg\",\"width\":512,\"height\":512,\"caption\":\"Bellunopress\"},\"image\":{\"@id\":\"https:\\\/\\\/www.bellunopress.it\\\/#\\\/schema\\\/logo\\\/image\\\/\"},\"sameAs\":[\"https:\\\/\\\/www.facebook.com\\\/profile.php?id=100008943462799\",\"https:\\\/\\\/x.com\\\/bellunopress\",\"https:\\\/\\\/www.linkedin.com\\\/hp\\\/?dnr=JBzUWaJfMUw8vbXJJ2tVW5-I3jZKvC4wsoxE&amp;amp;amp;amp;amp;amp;trk=nav_responsive_tab_home\",\"https:\\\/\\\/www.youtube.com\\\/channel\\\/UCxL0wu1uN0_3_7hGG0306cw\"]},{\"@type\":\"Person\",\"@id\":\"https:\\\/\\\/www.bellunopress.it\\\/#\\\/schema\\\/person\\\/79bb06722b37ece1c03d3e94beb30d73\",\"name\":\"redazione\",\"image\":{\"@type\":\"ImageObject\",\"inLanguage\":\"fr-FR\",\"@id\":\"https:\\\/\\\/secure.gravatar.com\\\/avatar\\\/37d968a2e67a6fd04c169c4bdef102d0bc5d31b2546345219e348575eb80e9a0?s=96&d=mm&r=g\",\"url\":\"https:\\\/\\\/secure.gravatar.com\\\/avatar\\\/37d968a2e67a6fd04c169c4bdef102d0bc5d31b2546345219e348575eb80e9a0?s=96&d=mm&r=g\",\"contentUrl\":\"https:\\\/\\\/secure.gravatar.com\\\/avatar\\\/37d968a2e67a6fd04c169c4bdef102d0bc5d31b2546345219e348575eb80e9a0?s=96&d=mm&r=g\",\"caption\":\"redazione\"},\"sameAs\":[\"http:\\\/\\\/www.bellunopress.it\",\"https:\\\/\\\/x.com\\\/bellunopress\"],\"url\":\"https:\\\/\\\/www.bellunopress.it\\\/fr\\\/author\\\/redazione\\\/\"}]}<\/script>\n<!-- \/ Yoast SEO plugin. -->","yoast_head_json":{"title":"I vini Furlan di Motta di Livenza compiono un secolo all'insegna della qualit\u00e0 e della naturalit\u00e0 - Bellunopress - Dolomiti","robots":{"index":"index","follow":"follow","max-snippet":"max-snippet:-1","max-image-preview":"max-image-preview:large","max-video-preview":"max-video-preview:-1"},"canonical":"https:\/\/www.bellunopress.it\/fr\/2011\/02\/10\/i-vini-furlan-di-motta-di-livenza-compiono-un-secolo-allinsegna-della-qualita-e-della-naturalita\/","og_locale":"fr_FR","og_type":"article","og_title":"I vini Furlan di Motta di Livenza compiono un secolo all'insegna della qualit\u00e0 e della naturalit\u00e0 - Bellunopress - Dolomiti","og_description":"L\u2019Azienda\u00a0 agricola Furlan \u00e8 presente a Malintrada di Motta di Livenza, nella ridente provincia di Treviso, fin dai primi anni del 900. Fu fondata da nonno Pietro e proseguita poi dal figlio Antonio fino ad arrivare al nipote Giuliano. L\u2019azienda ha sempre avuto una cura meticolosa dei vigneti, \u00e8 infatti da puntualizzare che la quantit\u00e0 [&hellip;]","og_url":"https:\/\/www.bellunopress.it\/fr\/2011\/02\/10\/i-vini-furlan-di-motta-di-livenza-compiono-un-secolo-allinsegna-della-qualita-e-della-naturalita\/","og_site_name":"Bellunopress - Dolomiti","article_publisher":"https:\/\/www.facebook.com\/profile.php?id=100008943462799","article_published_time":"2011-02-10T19:11:44+00:00","og_image":[{"url":"http:\/\/www.bellunopress.it\/wp-content\/uploads\/2011\/02\/Vini-Furlan.jpg","type":"","width":"","height":""}],"author":"redazione","twitter_card":"summary_large_image","twitter_creator":"@bellunopress","twitter_site":"@bellunopress","twitter_misc":{"Written by":"redazione","Est. reading time":"1 minute"},"schema":{"@context":"https:\/\/schema.org","@graph":[{"@type":"Article","@id":"https:\/\/www.bellunopress.it\/2011\/02\/10\/i-vini-furlan-di-motta-di-livenza-compiono-un-secolo-allinsegna-della-qualita-e-della-naturalita\/#article","isPartOf":{"@id":"https:\/\/www.bellunopress.it\/2011\/02\/10\/i-vini-furlan-di-motta-di-livenza-compiono-un-secolo-allinsegna-della-qualita-e-della-naturalita\/"},"author":{"name":"redazione","@id":"https:\/\/www.bellunopress.it\/#\/schema\/person\/79bb06722b37ece1c03d3e94beb30d73"},"headline":"I vini Furlan di Motta di Livenza compiono un secolo all&#8217;insegna della qualit\u00e0 e della naturalit\u00e0","datePublished":"2011-02-10T19:11:44+00:00","mainEntityOfPage":{"@id":"https:\/\/www.bellunopress.it\/2011\/02\/10\/i-vini-furlan-di-motta-di-livenza-compiono-un-secolo-allinsegna-della-qualita-e-della-naturalita\/"},"wordCount":244,"publisher":{"@id":"https:\/\/www.bellunopress.it\/#organization"},"image":{"@id":"https:\/\/www.bellunopress.it\/2011\/02\/10\/i-vini-furlan-di-motta-di-livenza-compiono-un-secolo-allinsegna-della-qualita-e-della-naturalita\/#primaryimage"},"thumbnailUrl":"http:\/\/www.bellunopress.it\/wp-content\/uploads\/2011\/02\/Vini-Furlan.jpg","articleSection":["Pausa Caff\u00e8","Pubbliredazionali"],"inLanguage":"fr-FR"},{"@type":"WebPage","@id":"https:\/\/www.bellunopress.it\/2011\/02\/10\/i-vini-furlan-di-motta-di-livenza-compiono-un-secolo-allinsegna-della-qualita-e-della-naturalita\/","url":"https:\/\/www.bellunopress.it\/2011\/02\/10\/i-vini-furlan-di-motta-di-livenza-compiono-un-secolo-allinsegna-della-qualita-e-della-naturalita\/","name":"I vini Furlan di Motta di Livenza compiono un secolo all'insegna della qualit\u00e0 e della naturalit\u00e0 - Bellunopress - Dolomiti","isPartOf":{"@id":"https:\/\/www.bellunopress.it\/#website"},"primaryImageOfPage":{"@id":"https:\/\/www.bellunopress.it\/2011\/02\/10\/i-vini-furlan-di-motta-di-livenza-compiono-un-secolo-allinsegna-della-qualita-e-della-naturalita\/#primaryimage"},"image":{"@id":"https:\/\/www.bellunopress.it\/2011\/02\/10\/i-vini-furlan-di-motta-di-livenza-compiono-un-secolo-allinsegna-della-qualita-e-della-naturalita\/#primaryimage"},"thumbnailUrl":"http:\/\/www.bellunopress.it\/wp-content\/uploads\/2011\/02\/Vini-Furlan.jpg","datePublished":"2011-02-10T19:11:44+00:00","breadcrumb":{"@id":"https:\/\/www.bellunopress.it\/2011\/02\/10\/i-vini-furlan-di-motta-di-livenza-compiono-un-secolo-allinsegna-della-qualita-e-della-naturalita\/#breadcrumb"},"inLanguage":"fr-FR","potentialAction":[{"@type":"ReadAction","target":["https:\/\/www.bellunopress.it\/2011\/02\/10\/i-vini-furlan-di-motta-di-livenza-compiono-un-secolo-allinsegna-della-qualita-e-della-naturalita\/"]}]},{"@type":"ImageObject","inLanguage":"fr-FR","@id":"https:\/\/www.bellunopress.it\/2011\/02\/10\/i-vini-furlan-di-motta-di-livenza-compiono-un-secolo-allinsegna-della-qualita-e-della-naturalita\/#primaryimage","url":"http:\/\/www.bellunopress.it\/wp-content\/uploads\/2011\/02\/Vini-Furlan.jpg","contentUrl":"http:\/\/www.bellunopress.it\/wp-content\/uploads\/2011\/02\/Vini-Furlan.jpg"},{"@type":"BreadcrumbList","@id":"https:\/\/www.bellunopress.it\/2011\/02\/10\/i-vini-furlan-di-motta-di-livenza-compiono-un-secolo-allinsegna-della-qualita-e-della-naturalita\/#breadcrumb","itemListElement":[{"@type":"ListItem","position":1,"name":"Home","item":"https:\/\/www.bellunopress.it\/"},{"@type":"ListItem","position":2,"name":"I vini Furlan di Motta di Livenza compiono un secolo all&#8217;insegna della qualit\u00e0 e della naturalit\u00e0"}]},{"@type":"WebSite","@id":"https:\/\/www.bellunopress.it\/#website","url":"https:\/\/www.bellunopress.it\/","name":"Bellunopress - Dolomiti","description":"e-mail: redazione@bellunopress.it","publisher":{"@id":"https:\/\/www.bellunopress.it\/#organization"},"potentialAction":[{"@type":"SearchAction","target":{"@type":"EntryPoint","urlTemplate":"https:\/\/www.bellunopress.it\/?s={search_term_string}"},"query-input":{"@type":"PropertyValueSpecification","valueRequired":true,"valueName":"search_term_string"}}],"inLanguage":"fr-FR"},{"@type":"Organization","@id":"https:\/\/www.bellunopress.it\/#organization","name":"Bellunopress","url":"https:\/\/www.bellunopress.it\/","logo":{"@type":"ImageObject","inLanguage":"fr-FR","@id":"https:\/\/www.bellunopress.it\/#\/schema\/logo\/image\/","url":"https:\/\/www.bellunopress.it\/wp-content\/uploads\/2011\/05\/cropped-logo-bellunopress-.jpg","contentUrl":"https:\/\/www.bellunopress.it\/wp-content\/uploads\/2011\/05\/cropped-logo-bellunopress-.jpg","width":512,"height":512,"caption":"Bellunopress"},"image":{"@id":"https:\/\/www.bellunopress.it\/#\/schema\/logo\/image\/"},"sameAs":["https:\/\/www.facebook.com\/profile.php?id=100008943462799","https:\/\/x.com\/bellunopress","https:\/\/www.linkedin.com\/hp\/?dnr=JBzUWaJfMUw8vbXJJ2tVW5-I3jZKvC4wsoxE&amp;amp;amp;amp;amp;amp;trk=nav_responsive_tab_home","https:\/\/www.youtube.com\/channel\/UCxL0wu1uN0_3_7hGG0306cw"]},{"@type":"Person","@id":"https:\/\/www.bellunopress.it\/#\/schema\/person\/79bb06722b37ece1c03d3e94beb30d73","name":"r\u00e9daction","image":{"@type":"ImageObject","inLanguage":"fr-FR","@id":"https:\/\/secure.gravatar.com\/avatar\/37d968a2e67a6fd04c169c4bdef102d0bc5d31b2546345219e348575eb80e9a0?s=96&d=mm&r=g","url":"https:\/\/secure.gravatar.com\/avatar\/37d968a2e67a6fd04c169c4bdef102d0bc5d31b2546345219e348575eb80e9a0?s=96&d=mm&r=g","contentUrl":"https:\/\/secure.gravatar.com\/avatar\/37d968a2e67a6fd04c169c4bdef102d0bc5d31b2546345219e348575eb80e9a0?s=96&d=mm&r=g","caption":"redazione"},"sameAs":["http:\/\/www.bellunopress.it","https:\/\/x.com\/bellunopress"],"url":"https:\/\/www.bellunopress.it\/fr\/author\/redazione\/"}]}},"_links":{"self":[{"href":"https:\/\/www.bellunopress.it\/fr\/wp-json\/wp\/v2\/posts\/23793","targetHints":{"allow":["GET"]}}],"collection":[{"href":"https:\/\/www.bellunopress.it\/fr\/wp-json\/wp\/v2\/posts"}],"about":[{"href":"https:\/\/www.bellunopress.it\/fr\/wp-json\/wp\/v2\/types\/post"}],"author":[{"embeddable":true,"href":"https:\/\/www.bellunopress.it\/fr\/wp-json\/wp\/v2\/users\/2"}],"replies":[{"embeddable":true,"href":"https:\/\/www.bellunopress.it\/fr\/wp-json\/wp\/v2\/comments?post=23793"}],"version-history":[{"count":2,"href":"https:\/\/www.bellunopress.it\/fr\/wp-json\/wp\/v2\/posts\/23793\/revisions"}],"predecessor-version":[{"id":23796,"href":"https:\/\/www.bellunopress.it\/fr\/wp-json\/wp\/v2\/posts\/23793\/revisions\/23796"}],"wp:attachment":[{"href":"https:\/\/www.bellunopress.it\/fr\/wp-json\/wp\/v2\/media?parent=23793"}],"wp:term":[{"taxonomy":"category","embeddable":true,"href":"https:\/\/www.bellunopress.it\/fr\/wp-json\/wp\/v2\/categories?post=23793"},{"taxonomy":"post_tag","embeddable":true,"href":"https:\/\/www.bellunopress.it\/fr\/wp-json\/wp\/v2\/tags?post=23793"}],"curies":[{"name":"wp","href":"https:\/\/api.w.org\/{rel}","templated":true}]}}