{"id":23785,"date":"2011-02-10T20:37:19","date_gmt":"2011-02-10T19:37:19","guid":{"rendered":"http:\/\/www.bellunopress.it\/?p=23785"},"modified":"2011-02-10T12:40:06","modified_gmt":"2011-02-10T11:40:06","slug":"ritorna-la-dolce-vita-a-cortina-sabato-all%e2%80%99hotel-de-la-poste-e-in-corso-italia-la-sfilata-con-i-capi-della-pellicceria-antonello","status":"publish","type":"post","link":"https:\/\/www.bellunopress.it\/fr\/2011\/02\/10\/ritorna-la-dolce-vita-a-cortina-sabato-all%e2%80%99hotel-de-la-poste-e-in-corso-italia-la-sfilata-con-i-capi-della-pellicceria-antonello\/","title":{"rendered":"Ritorna la Dolce vita a Cortina: sabato all\u2019Hotel de La Poste e in Corso Italia, la sfilata con i capi della pellicceria Antonello"},"content":{"rendered":"<p><a href=\"http:\/\/www.bellunopress.it\/wp-content\/uploads\/2010\/06\/moda.jpg\"><img loading=\"lazy\" decoding=\"async\" class=\"alignleft size-full wp-image-16585\" title=\"moda\" src=\"http:\/\/www.bellunopress.it\/wp-content\/uploads\/2010\/06\/moda.jpg\" alt=\"\" width=\"162\" height=\"290\" \/><\/a>Una lezione di stile che viene dal passato. E\u2019 quella che dar\u00e0 Roberto Antonello, accreditato nome della pellicceria italiana, con la sfilata che porter\u00e0 in passerella le \u201cragazze della Cortina accanto\u201d, sabato 12 febbraio all\u2019Hotel de La Poste: un tuffo nella vita pi\u00f9 dolce di Cortina, oggi come allora, capitale dell\u2019eleganza. Proprio come accadeva nei favolosi anni della Dolce Vita ampezzana, dieci belle fanciulle, non mannequin professioniste ma habitu\u00e8 della Regina, sfileranno indossando le creazioni di alta sartoria della collezione 2011-2012 di Roberto Antonello. Capi unici, che rimandano a un\u2019immagine sofisticata e di grande raffinatezza, con tutto il fascino del made in Italy e della lavorazione artigianale. Un\u2019arte che Roberto Antonello ha appreso dal padre Giovanni, sarto esperto e pellicciaio, e che ha fatto sua trasformandola in un marchio di lusso e di affidabilit\u00e0. Un evento che forte del passato di una localit\u00e0 che ha fatto scuola in tema di stile guarda al futuro: in scena modelli che abbinano con estro ed eleganza le pellicce pi\u00f9 prestigiose a tessuti e colori diversi, moderni ma che trascendono le mode. Capi inediti, di forte personalit\u00e0 che rivelano le due anime della pellicceria: la linea classica dai capi intramontabili e dal design senza tempo e la linea sportiva, attenta alle tendenze fashion emergenti con creazioni pratiche e funzionali e uno stile fresco e grintoso. Il tutto in una cornice d\u2019eccezione, lo storico Hotel de La Poste, l\u2019albergo pi\u00f9 antico di Cortina, che ha ospitato attori, intellettuali, politici, e personaggi di fama mondiale. Un appuntamento nel segno dell\u2019heritage, della grande tradizione che riesce ancora a far sognare, grazie alla sapiente capacit\u00e0 di interpretazione e rinnovamento dell\u2019antico glamour. L\u2019amore per la cura del dettaglio, la perfezione e l\u2019eccellenza, che contraddistingue dal 1932 la Pellicceria Antonello, storica maison di Castelfranco Veneto, ha creato la sinergia con la Regina delle Dolomiti, vetrina da oltre un secolo di classe ed esclusivit\u00e0. Cortina, Regina delle Dolomiti per il suo patrimonio paesaggistico, turistico e di immagine. Cortina meta dall\u2019elite economica, politica e culturale italiana. Cortina e la sua storia: citt\u00e0 olimpica, luogo privilegiato della Dolce Vita, simbolo da oltre un secolo di esclusivit\u00e0 e stile. Cortina vetrina internazionale dell\u2019Italian Way of Life. Cortina e il suo ruolo di Image Maker e di Status Symbol, localit\u00e0 unica e irripetibile dell\u2019intero arco alpino.<\/p>","protected":false},"excerpt":{"rendered":"<p>Una lezione di stile che viene dal passato. E\u2019 quella che dar\u00e0 Roberto Antonello, accreditato nome della pellicceria italiana, con la sfilata che porter\u00e0 in passerella le \u201cragazze della Cortina accanto\u201d, sabato 12 febbraio all\u2019Hotel de La Poste: un tuffo nella vita pi\u00f9 dolce di Cortina, oggi come allora, capitale dell\u2019eleganza. Proprio come accadeva nei [&hellip;]<\/p>\n","protected":false},"author":2,"featured_media":0,"comment_status":"closed","ping_status":"open","sticky":false,"template":"","format":"standard","meta":{"footnotes":""},"categories":[27,25],"tags":[],"class_list":["post-23785","post","type-post","status-publish","format-standard","category-appuntamenti","category-pausa-caffe"],"yoast_head":"<!-- This site is optimized with the Yoast SEO plugin v28.4 - https:\/\/yoast.com\/product\/yoast-seo-wordpress\/ -->\n<title>Ritorna la Dolce vita a Cortina: sabato all\u2019Hotel de La Poste e in Corso Italia, la sfilata con i capi della pellicceria Antonello - Bellunopress - Dolomiti<\/title>\n<meta name=\"robots\" content=\"index, follow, max-snippet:-1, max-image-preview:large, max-video-preview:-1\" \/>\n<link rel=\"canonical\" href=\"https:\/\/www.bellunopress.it\/fr\/2011\/02\/10\/ritorna-la-dolce-vita-a-cortina-sabato-all\u2019hotel-de-la-poste-e-in-corso-italia-la-sfilata-con-i-capi-della-pellicceria-antonello\/\" \/>\n<meta property=\"og:locale\" content=\"fr_FR\" \/>\n<meta property=\"og:type\" content=\"article\" \/>\n<meta property=\"og:title\" content=\"Ritorna la Dolce vita a Cortina: sabato all\u2019Hotel de La Poste e in Corso Italia, la sfilata con i capi della pellicceria Antonello - Bellunopress - Dolomiti\" \/>\n<meta property=\"og:description\" content=\"Una lezione di stile che viene dal passato. E\u2019 quella che dar\u00e0 Roberto Antonello, accreditato nome della pellicceria italiana, con la sfilata che porter\u00e0 in passerella le \u201cragazze della Cortina accanto\u201d, sabato 12 febbraio all\u2019Hotel de La Poste: un tuffo nella vita pi\u00f9 dolce di Cortina, oggi come allora, capitale dell\u2019eleganza. Proprio come accadeva nei [&hellip;]\" \/>\n<meta property=\"og:url\" content=\"https:\/\/www.bellunopress.it\/fr\/2011\/02\/10\/ritorna-la-dolce-vita-a-cortina-sabato-all\u2019hotel-de-la-poste-e-in-corso-italia-la-sfilata-con-i-capi-della-pellicceria-antonello\/\" \/>\n<meta property=\"og:site_name\" content=\"Bellunopress - Dolomiti\" \/>\n<meta property=\"article:publisher\" content=\"https:\/\/www.facebook.com\/profile.php?id=100008943462799\" \/>\n<meta property=\"article:published_time\" content=\"2011-02-10T19:37:19+00:00\" \/>\n<meta property=\"og:image\" content=\"http:\/\/www.bellunopress.it\/wp-content\/uploads\/2010\/06\/moda.jpg\" \/>\n<meta name=\"author\" content=\"redazione\" \/>\n<meta name=\"twitter:card\" content=\"summary_large_image\" \/>\n<meta name=\"twitter:creator\" content=\"@bellunopress\" \/>\n<meta name=\"twitter:site\" content=\"@bellunopress\" \/>\n<meta name=\"twitter:label1\" content=\"\u00c9crit par\" \/>\n\t<meta name=\"twitter:data1\" content=\"redazione\" \/>\n\t<meta name=\"twitter:label2\" content=\"Dur\u00e9e de lecture estim\u00e9e\" \/>\n\t<meta name=\"twitter:data2\" content=\"2 minutes\" \/>\n<script type=\"application\/ld+json\" class=\"yoast-schema-graph\">{\"@context\":\"https:\\\/\\\/schema.org\",\"@graph\":[{\"@type\":\"Article\",\"@id\":\"https:\\\/\\\/www.bellunopress.it\\\/2011\\\/02\\\/10\\\/ritorna-la-dolce-vita-a-cortina-sabato-all%e2%80%99hotel-de-la-poste-e-in-corso-italia-la-sfilata-con-i-capi-della-pellicceria-antonello\\\/#article\",\"isPartOf\":{\"@id\":\"https:\\\/\\\/www.bellunopress.it\\\/2011\\\/02\\\/10\\\/ritorna-la-dolce-vita-a-cortina-sabato-all%e2%80%99hotel-de-la-poste-e-in-corso-italia-la-sfilata-con-i-capi-della-pellicceria-antonello\\\/\"},\"author\":{\"name\":\"redazione\",\"@id\":\"https:\\\/\\\/www.bellunopress.it\\\/#\\\/schema\\\/person\\\/79bb06722b37ece1c03d3e94beb30d73\"},\"headline\":\"Ritorna la Dolce vita a Cortina: sabato all\u2019Hotel de La Poste e in Corso Italia, la sfilata con i capi della pellicceria Antonello\",\"datePublished\":\"2011-02-10T19:37:19+00:00\",\"mainEntityOfPage\":{\"@id\":\"https:\\\/\\\/www.bellunopress.it\\\/2011\\\/02\\\/10\\\/ritorna-la-dolce-vita-a-cortina-sabato-all%e2%80%99hotel-de-la-poste-e-in-corso-italia-la-sfilata-con-i-capi-della-pellicceria-antonello\\\/\"},\"wordCount\":416,\"publisher\":{\"@id\":\"https:\\\/\\\/www.bellunopress.it\\\/#organization\"},\"image\":{\"@id\":\"https:\\\/\\\/www.bellunopress.it\\\/2011\\\/02\\\/10\\\/ritorna-la-dolce-vita-a-cortina-sabato-all%e2%80%99hotel-de-la-poste-e-in-corso-italia-la-sfilata-con-i-capi-della-pellicceria-antonello\\\/#primaryimage\"},\"thumbnailUrl\":\"http:\\\/\\\/www.bellunopress.it\\\/wp-content\\\/uploads\\\/2010\\\/06\\\/moda.jpg\",\"articleSection\":[\"Appuntamenti, Eventi\",\"Pausa Caff\u00e8\"],\"inLanguage\":\"fr-FR\"},{\"@type\":\"WebPage\",\"@id\":\"https:\\\/\\\/www.bellunopress.it\\\/2011\\\/02\\\/10\\\/ritorna-la-dolce-vita-a-cortina-sabato-all%e2%80%99hotel-de-la-poste-e-in-corso-italia-la-sfilata-con-i-capi-della-pellicceria-antonello\\\/\",\"url\":\"https:\\\/\\\/www.bellunopress.it\\\/2011\\\/02\\\/10\\\/ritorna-la-dolce-vita-a-cortina-sabato-all%e2%80%99hotel-de-la-poste-e-in-corso-italia-la-sfilata-con-i-capi-della-pellicceria-antonello\\\/\",\"name\":\"Ritorna la Dolce vita a Cortina: sabato all\u2019Hotel de La Poste e in Corso Italia, la sfilata con i capi della pellicceria Antonello - Bellunopress - Dolomiti\",\"isPartOf\":{\"@id\":\"https:\\\/\\\/www.bellunopress.it\\\/#website\"},\"primaryImageOfPage\":{\"@id\":\"https:\\\/\\\/www.bellunopress.it\\\/2011\\\/02\\\/10\\\/ritorna-la-dolce-vita-a-cortina-sabato-all%e2%80%99hotel-de-la-poste-e-in-corso-italia-la-sfilata-con-i-capi-della-pellicceria-antonello\\\/#primaryimage\"},\"image\":{\"@id\":\"https:\\\/\\\/www.bellunopress.it\\\/2011\\\/02\\\/10\\\/ritorna-la-dolce-vita-a-cortina-sabato-all%e2%80%99hotel-de-la-poste-e-in-corso-italia-la-sfilata-con-i-capi-della-pellicceria-antonello\\\/#primaryimage\"},\"thumbnailUrl\":\"http:\\\/\\\/www.bellunopress.it\\\/wp-content\\\/uploads\\\/2010\\\/06\\\/moda.jpg\",\"datePublished\":\"2011-02-10T19:37:19+00:00\",\"breadcrumb\":{\"@id\":\"https:\\\/\\\/www.bellunopress.it\\\/2011\\\/02\\\/10\\\/ritorna-la-dolce-vita-a-cortina-sabato-all%e2%80%99hotel-de-la-poste-e-in-corso-italia-la-sfilata-con-i-capi-della-pellicceria-antonello\\\/#breadcrumb\"},\"inLanguage\":\"fr-FR\",\"potentialAction\":[{\"@type\":\"ReadAction\",\"target\":[\"https:\\\/\\\/www.bellunopress.it\\\/2011\\\/02\\\/10\\\/ritorna-la-dolce-vita-a-cortina-sabato-all%e2%80%99hotel-de-la-poste-e-in-corso-italia-la-sfilata-con-i-capi-della-pellicceria-antonello\\\/\"]}]},{\"@type\":\"ImageObject\",\"inLanguage\":\"fr-FR\",\"@id\":\"https:\\\/\\\/www.bellunopress.it\\\/2011\\\/02\\\/10\\\/ritorna-la-dolce-vita-a-cortina-sabato-all%e2%80%99hotel-de-la-poste-e-in-corso-italia-la-sfilata-con-i-capi-della-pellicceria-antonello\\\/#primaryimage\",\"url\":\"http:\\\/\\\/www.bellunopress.it\\\/wp-content\\\/uploads\\\/2010\\\/06\\\/moda.jpg\",\"contentUrl\":\"http:\\\/\\\/www.bellunopress.it\\\/wp-content\\\/uploads\\\/2010\\\/06\\\/moda.jpg\"},{\"@type\":\"BreadcrumbList\",\"@id\":\"https:\\\/\\\/www.bellunopress.it\\\/2011\\\/02\\\/10\\\/ritorna-la-dolce-vita-a-cortina-sabato-all%e2%80%99hotel-de-la-poste-e-in-corso-italia-la-sfilata-con-i-capi-della-pellicceria-antonello\\\/#breadcrumb\",\"itemListElement\":[{\"@type\":\"ListItem\",\"position\":1,\"name\":\"Home\",\"item\":\"https:\\\/\\\/www.bellunopress.it\\\/\"},{\"@type\":\"ListItem\",\"position\":2,\"name\":\"Ritorna la Dolce vita a Cortina: sabato all\u2019Hotel de La Poste e in Corso Italia, la sfilata con i capi della pellicceria Antonello\"}]},{\"@type\":\"WebSite\",\"@id\":\"https:\\\/\\\/www.bellunopress.it\\\/#website\",\"url\":\"https:\\\/\\\/www.bellunopress.it\\\/\",\"name\":\"Bellunopress - Dolomiti\",\"description\":\"e-mail: redazione@bellunopress.it\",\"publisher\":{\"@id\":\"https:\\\/\\\/www.bellunopress.it\\\/#organization\"},\"potentialAction\":[{\"@type\":\"SearchAction\",\"target\":{\"@type\":\"EntryPoint\",\"urlTemplate\":\"https:\\\/\\\/www.bellunopress.it\\\/?s={search_term_string}\"},\"query-input\":{\"@type\":\"PropertyValueSpecification\",\"valueRequired\":true,\"valueName\":\"search_term_string\"}}],\"inLanguage\":\"fr-FR\"},{\"@type\":\"Organization\",\"@id\":\"https:\\\/\\\/www.bellunopress.it\\\/#organization\",\"name\":\"Bellunopress\",\"url\":\"https:\\\/\\\/www.bellunopress.it\\\/\",\"logo\":{\"@type\":\"ImageObject\",\"inLanguage\":\"fr-FR\",\"@id\":\"https:\\\/\\\/www.bellunopress.it\\\/#\\\/schema\\\/logo\\\/image\\\/\",\"url\":\"https:\\\/\\\/www.bellunopress.it\\\/wp-content\\\/uploads\\\/2011\\\/05\\\/cropped-logo-bellunopress-.jpg\",\"contentUrl\":\"https:\\\/\\\/www.bellunopress.it\\\/wp-content\\\/uploads\\\/2011\\\/05\\\/cropped-logo-bellunopress-.jpg\",\"width\":512,\"height\":512,\"caption\":\"Bellunopress\"},\"image\":{\"@id\":\"https:\\\/\\\/www.bellunopress.it\\\/#\\\/schema\\\/logo\\\/image\\\/\"},\"sameAs\":[\"https:\\\/\\\/www.facebook.com\\\/profile.php?id=100008943462799\",\"https:\\\/\\\/x.com\\\/bellunopress\",\"https:\\\/\\\/www.linkedin.com\\\/hp\\\/?dnr=JBzUWaJfMUw8vbXJJ2tVW5-I3jZKvC4wsoxE&amp;amp;amp;amp;amp;amp;trk=nav_responsive_tab_home\",\"https:\\\/\\\/www.youtube.com\\\/channel\\\/UCxL0wu1uN0_3_7hGG0306cw\"]},{\"@type\":\"Person\",\"@id\":\"https:\\\/\\\/www.bellunopress.it\\\/#\\\/schema\\\/person\\\/79bb06722b37ece1c03d3e94beb30d73\",\"name\":\"redazione\",\"image\":{\"@type\":\"ImageObject\",\"inLanguage\":\"fr-FR\",\"@id\":\"https:\\\/\\\/secure.gravatar.com\\\/avatar\\\/37d968a2e67a6fd04c169c4bdef102d0bc5d31b2546345219e348575eb80e9a0?s=96&d=mm&r=g\",\"url\":\"https:\\\/\\\/secure.gravatar.com\\\/avatar\\\/37d968a2e67a6fd04c169c4bdef102d0bc5d31b2546345219e348575eb80e9a0?s=96&d=mm&r=g\",\"contentUrl\":\"https:\\\/\\\/secure.gravatar.com\\\/avatar\\\/37d968a2e67a6fd04c169c4bdef102d0bc5d31b2546345219e348575eb80e9a0?s=96&d=mm&r=g\",\"caption\":\"redazione\"},\"sameAs\":[\"http:\\\/\\\/www.bellunopress.it\",\"https:\\\/\\\/x.com\\\/bellunopress\"],\"url\":\"https:\\\/\\\/www.bellunopress.it\\\/fr\\\/author\\\/redazione\\\/\"}]}<\/script>\n<!-- \/ Yoast SEO plugin. -->","yoast_head_json":{"title":"Ritorna la Dolce vita a Cortina: sabato all\u2019Hotel de La Poste e in Corso Italia, la sfilata con i capi della pellicceria Antonello - Bellunopress - Dolomiti","robots":{"index":"index","follow":"follow","max-snippet":"max-snippet:-1","max-image-preview":"max-image-preview:large","max-video-preview":"max-video-preview:-1"},"canonical":"https:\/\/www.bellunopress.it\/fr\/2011\/02\/10\/ritorna-la-dolce-vita-a-cortina-sabato-all\u2019hotel-de-la-poste-e-in-corso-italia-la-sfilata-con-i-capi-della-pellicceria-antonello\/","og_locale":"fr_FR","og_type":"article","og_title":"Ritorna la Dolce vita a Cortina: sabato all\u2019Hotel de La Poste e in Corso Italia, la sfilata con i capi della pellicceria Antonello - Bellunopress - Dolomiti","og_description":"Una lezione di stile che viene dal passato. E\u2019 quella che dar\u00e0 Roberto Antonello, accreditato nome della pellicceria italiana, con la sfilata che porter\u00e0 in passerella le \u201cragazze della Cortina accanto\u201d, sabato 12 febbraio all\u2019Hotel de La Poste: un tuffo nella vita pi\u00f9 dolce di Cortina, oggi come allora, capitale dell\u2019eleganza. Proprio come accadeva nei [&hellip;]","og_url":"https:\/\/www.bellunopress.it\/fr\/2011\/02\/10\/ritorna-la-dolce-vita-a-cortina-sabato-all\u2019hotel-de-la-poste-e-in-corso-italia-la-sfilata-con-i-capi-della-pellicceria-antonello\/","og_site_name":"Bellunopress - Dolomiti","article_publisher":"https:\/\/www.facebook.com\/profile.php?id=100008943462799","article_published_time":"2011-02-10T19:37:19+00:00","og_image":[{"url":"http:\/\/www.bellunopress.it\/wp-content\/uploads\/2010\/06\/moda.jpg","type":"","width":"","height":""}],"author":"redazione","twitter_card":"summary_large_image","twitter_creator":"@bellunopress","twitter_site":"@bellunopress","twitter_misc":{"\u00c9crit par":"redazione","Dur\u00e9e de lecture estim\u00e9e":"2 minutes"},"schema":{"@context":"https:\/\/schema.org","@graph":[{"@type":"Article","@id":"https:\/\/www.bellunopress.it\/2011\/02\/10\/ritorna-la-dolce-vita-a-cortina-sabato-all%e2%80%99hotel-de-la-poste-e-in-corso-italia-la-sfilata-con-i-capi-della-pellicceria-antonello\/#article","isPartOf":{"@id":"https:\/\/www.bellunopress.it\/2011\/02\/10\/ritorna-la-dolce-vita-a-cortina-sabato-all%e2%80%99hotel-de-la-poste-e-in-corso-italia-la-sfilata-con-i-capi-della-pellicceria-antonello\/"},"author":{"name":"redazione","@id":"https:\/\/www.bellunopress.it\/#\/schema\/person\/79bb06722b37ece1c03d3e94beb30d73"},"headline":"Ritorna la Dolce vita a Cortina: sabato all\u2019Hotel de La Poste e in Corso Italia, la sfilata con i capi della pellicceria Antonello","datePublished":"2011-02-10T19:37:19+00:00","mainEntityOfPage":{"@id":"https:\/\/www.bellunopress.it\/2011\/02\/10\/ritorna-la-dolce-vita-a-cortina-sabato-all%e2%80%99hotel-de-la-poste-e-in-corso-italia-la-sfilata-con-i-capi-della-pellicceria-antonello\/"},"wordCount":416,"publisher":{"@id":"https:\/\/www.bellunopress.it\/#organization"},"image":{"@id":"https:\/\/www.bellunopress.it\/2011\/02\/10\/ritorna-la-dolce-vita-a-cortina-sabato-all%e2%80%99hotel-de-la-poste-e-in-corso-italia-la-sfilata-con-i-capi-della-pellicceria-antonello\/#primaryimage"},"thumbnailUrl":"http:\/\/www.bellunopress.it\/wp-content\/uploads\/2010\/06\/moda.jpg","articleSection":["Appuntamenti, Eventi","Pausa Caff\u00e8"],"inLanguage":"fr-FR"},{"@type":"WebPage","@id":"https:\/\/www.bellunopress.it\/2011\/02\/10\/ritorna-la-dolce-vita-a-cortina-sabato-all%e2%80%99hotel-de-la-poste-e-in-corso-italia-la-sfilata-con-i-capi-della-pellicceria-antonello\/","url":"https:\/\/www.bellunopress.it\/2011\/02\/10\/ritorna-la-dolce-vita-a-cortina-sabato-all%e2%80%99hotel-de-la-poste-e-in-corso-italia-la-sfilata-con-i-capi-della-pellicceria-antonello\/","name":"Ritorna la Dolce vita a Cortina: sabato all\u2019Hotel de La Poste e in Corso Italia, la sfilata con i capi della pellicceria Antonello - Bellunopress - Dolomiti","isPartOf":{"@id":"https:\/\/www.bellunopress.it\/#website"},"primaryImageOfPage":{"@id":"https:\/\/www.bellunopress.it\/2011\/02\/10\/ritorna-la-dolce-vita-a-cortina-sabato-all%e2%80%99hotel-de-la-poste-e-in-corso-italia-la-sfilata-con-i-capi-della-pellicceria-antonello\/#primaryimage"},"image":{"@id":"https:\/\/www.bellunopress.it\/2011\/02\/10\/ritorna-la-dolce-vita-a-cortina-sabato-all%e2%80%99hotel-de-la-poste-e-in-corso-italia-la-sfilata-con-i-capi-della-pellicceria-antonello\/#primaryimage"},"thumbnailUrl":"http:\/\/www.bellunopress.it\/wp-content\/uploads\/2010\/06\/moda.jpg","datePublished":"2011-02-10T19:37:19+00:00","breadcrumb":{"@id":"https:\/\/www.bellunopress.it\/2011\/02\/10\/ritorna-la-dolce-vita-a-cortina-sabato-all%e2%80%99hotel-de-la-poste-e-in-corso-italia-la-sfilata-con-i-capi-della-pellicceria-antonello\/#breadcrumb"},"inLanguage":"fr-FR","potentialAction":[{"@type":"ReadAction","target":["https:\/\/www.bellunopress.it\/2011\/02\/10\/ritorna-la-dolce-vita-a-cortina-sabato-all%e2%80%99hotel-de-la-poste-e-in-corso-italia-la-sfilata-con-i-capi-della-pellicceria-antonello\/"]}]},{"@type":"ImageObject","inLanguage":"fr-FR","@id":"https:\/\/www.bellunopress.it\/2011\/02\/10\/ritorna-la-dolce-vita-a-cortina-sabato-all%e2%80%99hotel-de-la-poste-e-in-corso-italia-la-sfilata-con-i-capi-della-pellicceria-antonello\/#primaryimage","url":"http:\/\/www.bellunopress.it\/wp-content\/uploads\/2010\/06\/moda.jpg","contentUrl":"http:\/\/www.bellunopress.it\/wp-content\/uploads\/2010\/06\/moda.jpg"},{"@type":"BreadcrumbList","@id":"https:\/\/www.bellunopress.it\/2011\/02\/10\/ritorna-la-dolce-vita-a-cortina-sabato-all%e2%80%99hotel-de-la-poste-e-in-corso-italia-la-sfilata-con-i-capi-della-pellicceria-antonello\/#breadcrumb","itemListElement":[{"@type":"ListItem","position":1,"name":"Home","item":"https:\/\/www.bellunopress.it\/"},{"@type":"ListItem","position":2,"name":"Ritorna la Dolce vita a Cortina: sabato all\u2019Hotel de La Poste e in Corso Italia, la sfilata con i capi della pellicceria Antonello"}]},{"@type":"WebSite","@id":"https:\/\/www.bellunopress.it\/#website","url":"https:\/\/www.bellunopress.it\/","name":"Bellunopress - Dolomiti","description":"e-mail: redazione@bellunopress.it","publisher":{"@id":"https:\/\/www.bellunopress.it\/#organization"},"potentialAction":[{"@type":"SearchAction","target":{"@type":"EntryPoint","urlTemplate":"https:\/\/www.bellunopress.it\/?s={search_term_string}"},"query-input":{"@type":"PropertyValueSpecification","valueRequired":true,"valueName":"search_term_string"}}],"inLanguage":"fr-FR"},{"@type":"Organization","@id":"https:\/\/www.bellunopress.it\/#organization","name":"Bellunopress","url":"https:\/\/www.bellunopress.it\/","logo":{"@type":"ImageObject","inLanguage":"fr-FR","@id":"https:\/\/www.bellunopress.it\/#\/schema\/logo\/image\/","url":"https:\/\/www.bellunopress.it\/wp-content\/uploads\/2011\/05\/cropped-logo-bellunopress-.jpg","contentUrl":"https:\/\/www.bellunopress.it\/wp-content\/uploads\/2011\/05\/cropped-logo-bellunopress-.jpg","width":512,"height":512,"caption":"Bellunopress"},"image":{"@id":"https:\/\/www.bellunopress.it\/#\/schema\/logo\/image\/"},"sameAs":["https:\/\/www.facebook.com\/profile.php?id=100008943462799","https:\/\/x.com\/bellunopress","https:\/\/www.linkedin.com\/hp\/?dnr=JBzUWaJfMUw8vbXJJ2tVW5-I3jZKvC4wsoxE&amp;amp;amp;amp;amp;amp;trk=nav_responsive_tab_home","https:\/\/www.youtube.com\/channel\/UCxL0wu1uN0_3_7hGG0306cw"]},{"@type":"Person","@id":"https:\/\/www.bellunopress.it\/#\/schema\/person\/79bb06722b37ece1c03d3e94beb30d73","name":"r\u00e9daction","image":{"@type":"ImageObject","inLanguage":"fr-FR","@id":"https:\/\/secure.gravatar.com\/avatar\/37d968a2e67a6fd04c169c4bdef102d0bc5d31b2546345219e348575eb80e9a0?s=96&d=mm&r=g","url":"https:\/\/secure.gravatar.com\/avatar\/37d968a2e67a6fd04c169c4bdef102d0bc5d31b2546345219e348575eb80e9a0?s=96&d=mm&r=g","contentUrl":"https:\/\/secure.gravatar.com\/avatar\/37d968a2e67a6fd04c169c4bdef102d0bc5d31b2546345219e348575eb80e9a0?s=96&d=mm&r=g","caption":"redazione"},"sameAs":["http:\/\/www.bellunopress.it","https:\/\/x.com\/bellunopress"],"url":"https:\/\/www.bellunopress.it\/fr\/author\/redazione\/"}]}},"_links":{"self":[{"href":"https:\/\/www.bellunopress.it\/fr\/wp-json\/wp\/v2\/posts\/23785","targetHints":{"allow":["GET"]}}],"collection":[{"href":"https:\/\/www.bellunopress.it\/fr\/wp-json\/wp\/v2\/posts"}],"about":[{"href":"https:\/\/www.bellunopress.it\/fr\/wp-json\/wp\/v2\/types\/post"}],"author":[{"embeddable":true,"href":"https:\/\/www.bellunopress.it\/fr\/wp-json\/wp\/v2\/users\/2"}],"replies":[{"embeddable":true,"href":"https:\/\/www.bellunopress.it\/fr\/wp-json\/wp\/v2\/comments?post=23785"}],"version-history":[{"count":1,"href":"https:\/\/www.bellunopress.it\/fr\/wp-json\/wp\/v2\/posts\/23785\/revisions"}],"predecessor-version":[{"id":23786,"href":"https:\/\/www.bellunopress.it\/fr\/wp-json\/wp\/v2\/posts\/23785\/revisions\/23786"}],"wp:attachment":[{"href":"https:\/\/www.bellunopress.it\/fr\/wp-json\/wp\/v2\/media?parent=23785"}],"wp:term":[{"taxonomy":"category","embeddable":true,"href":"https:\/\/www.bellunopress.it\/fr\/wp-json\/wp\/v2\/categories?post=23785"},{"taxonomy":"post_tag","embeddable":true,"href":"https:\/\/www.bellunopress.it\/fr\/wp-json\/wp\/v2\/tags?post=23785"}],"curies":[{"name":"wp","href":"https:\/\/api.w.org\/{rel}","templated":true}]}}