{"id":2378,"date":"2009-04-06T20:55:18","date_gmt":"2009-04-06T19:55:18","guid":{"rendered":"http:\/\/www.bellunopress.it\/?p=2378"},"modified":"2009-04-07T12:08:54","modified_gmt":"2009-04-07T11:08:54","slug":"ascom-la-contesa-dellacqua-lassociazione-albergatori-sul-piede-di-guerra-invita-gli-associati-a-sospendere-i-pagamenti","status":"publish","type":"post","link":"https:\/\/www.bellunopress.it\/fr\/2009\/04\/06\/ascom-la-contesa-dellacqua-lassociazione-albergatori-sul-piede-di-guerra-invita-gli-associati-a-sospendere-i-pagamenti\/","title":{"rendered":"Ascom: La contesa dell&#8217;acqua. L&#8217;Associazione albergatori sul piede di guerra invita gli associati a sospendere i pagamenti"},"content":{"rendered":"<p><a href=\"http:\/\/www.bellunopress.it\/wp-content\/uploads\/2009\/04\/conferenza-ascom-6-aprile-2009-270x180.jpg\"><img loading=\"lazy\" decoding=\"async\" class=\"alignleft size-medium wp-image-2380\" title=\"conferenza-ascom-6-aprile-2009-270x180\" src=\"http:\/\/www.bellunopress.it\/wp-content\/uploads\/2009\/04\/conferenza-ascom-6-aprile-2009-270x180.jpg\" alt=\"\" width=\"280\" height=\"173\" \/><\/a>Il 10 ottobre 2008 l&#8217;Associazione degli Albergatori della provincia di Belluno scrive all&#8217;AATO\u00a0 una lettera\u00a0 con la quale si chiedeva che gli alberghi non fossero assimilati alle altre attivit\u00e0 produttive e che quindi potessero avere un canone idrico proprio. La lettera veniva motivata non solo da argomentazioni\u00a0 economico strategiche, ma supportata anche da specifici elementi giuridici. Dopo una serie di incontri e confronti con gli uffici dell&#8217;AATO con i dirigenti\u00a0 ed i funzionari dell&#8217;Associazione giungeva una lettera che assicurava che i Sindaci, nell&#8217;Assemblea del 21 novembre, avevano concordato di ridurre gli onerosi canoni che gravano sulle imprese alberghiere. Il 30 marzo, l&#8217;Assemblea dei Sindaci, lo stesso organo che aveva deliberato di riconoscere l&#8217;agevolazione, ritrattando quanto precedentemente\u00a0 deciso, ha respinto la proposta di eliminazione della terza eccedenza, lasciando quindi inalterati i canoni idrici che gravano sulle strutture alberghiere. La situazione ha dell&#8217;inverosimile nella sua incoerenza, nel momento in cui il turismo viene considerato universalmente in questa provincia come settore strategico di sviluppo, ma questo sta a significare che pubblico e privato debbono operare alla meglio per la sua competitivit\u00e0. Questa\u00a0 priorit\u00e0 viene nei fatti contraddetta dalla condiscendenza degli enti pubblici, ed in questo caso gran parte delle Amministrazioni comunali, verso un piano tariffario che vede certamente penalizzate le imprese alberghiere. Cifre alla mano i costi per un albergo standard della nostra provincia risultano essere mediamente superiori del 48 \u2013 50% rispetto ad un&#8217;analoga struttura della provincia di Bolzano dove si registra\u00a0 un comportamento coerente fra azioni concrete poste in essere dalla pubblica amministrazione e politica di sviluppo. Ma questo non \u00e8 l&#8217;ultimo caso di disinteresse della Pubblica Amministrazione verso gli alberghi, nella scorsa legislatura avevamo ottenuto direttamente dal Parlamento una favorevole interpretazione per l&#8217;utilizzo del Gas metano negli alberghi, ma nonostante le sollecitazioni fatte ai parlamentari bellunesi, al sottosegretario alle Finanze Giorgetti nonch\u00e9 al ministro Brunetta, gli uffici finanziari non hanno ancora dato disposizioni per la riduzione delle accise a favore delle proprie imprese. Questa \u00e8 l&#8217;ultima goccia ha fatto traboccare il vaso. La prossima settimana \u00e8 programmata una riunione del direttivo dell&#8217;Associazione Alberghi allargata a tutti gli imprenditori del settore che vorranno parteciparvi per studiare una linea di condotta comune affinch\u00e9 vengano riconosciute le istanze della categoria, e nel frattempo invita gli albergatori aderenti a sospendere temporaneamente i pagamenti.<\/p>","protected":false},"excerpt":{"rendered":"<p>Il 10 ottobre 2008 l&#8217;Associazione degli Albergatori della provincia di Belluno scrive all&#8217;AATO\u00a0 una lettera\u00a0 con la quale si chiedeva che gli alberghi non fossero assimilati alle altre attivit\u00e0 produttive e che quindi potessero avere un canone idrico proprio. La lettera veniva motivata non solo da argomentazioni\u00a0 economico strategiche, ma supportata anche da specifici elementi [&hellip;]<\/p>\n","protected":false},"author":2,"featured_media":0,"comment_status":"closed","ping_status":"open","sticky":false,"template":"","format":"standard","meta":{"footnotes":""},"categories":[5,26],"tags":[139],"class_list":["post-2378","post","type-post","status-publish","format-standard","category-cronaca","category-prima-pagina","tag-belluno"],"yoast_head":"<!-- This site is optimized with the Yoast SEO plugin v28.4 - https:\/\/yoast.com\/product\/yoast-seo-wordpress\/ -->\n<title>Ascom: La contesa dell&#039;acqua. L&#039;Associazione albergatori sul piede di guerra invita gli associati a sospendere i pagamenti  - Bellunopress - Dolomiti<\/title>\n<meta name=\"robots\" content=\"index, follow, max-snippet:-1, max-image-preview:large, max-video-preview:-1\" \/>\n<link rel=\"canonical\" href=\"https:\/\/www.bellunopress.it\/fr\/2009\/04\/06\/ascom-la-contesa-dellacqua-lassociazione-albergatori-sul-piede-di-guerra-invita-gli-associati-a-sospendere-i-pagamenti\/\" \/>\n<meta property=\"og:locale\" content=\"fr_FR\" \/>\n<meta property=\"og:type\" content=\"article\" \/>\n<meta property=\"og:title\" content=\"Ascom: La contesa dell&#039;acqua. L&#039;Associazione albergatori sul piede di guerra invita gli associati a sospendere i pagamenti  - Bellunopress - Dolomiti\" \/>\n<meta property=\"og:description\" content=\"Il 10 ottobre 2008 l&#8217;Associazione degli Albergatori della provincia di Belluno scrive all&#8217;AATO\u00a0 una lettera\u00a0 con la quale si chiedeva che gli alberghi non fossero assimilati alle altre attivit\u00e0 produttive e che quindi potessero avere un canone idrico proprio. La lettera veniva motivata non solo da argomentazioni\u00a0 economico strategiche, ma supportata anche da specifici elementi [&hellip;]\" \/>\n<meta property=\"og:url\" content=\"https:\/\/www.bellunopress.it\/fr\/2009\/04\/06\/ascom-la-contesa-dellacqua-lassociazione-albergatori-sul-piede-di-guerra-invita-gli-associati-a-sospendere-i-pagamenti\/\" \/>\n<meta property=\"og:site_name\" content=\"Bellunopress - Dolomiti\" \/>\n<meta property=\"article:publisher\" content=\"https:\/\/www.facebook.com\/profile.php?id=100008943462799\" \/>\n<meta property=\"article:published_time\" content=\"2009-04-06T19:55:18+00:00\" \/>\n<meta property=\"article:modified_time\" content=\"2009-04-07T11:08:54+00:00\" \/>\n<meta property=\"og:image\" content=\"http:\/\/www.bellunopress.it\/wp-content\/uploads\/2009\/04\/conferenza-ascom-6-aprile-2009-270x180.jpg\" \/>\n<meta name=\"author\" content=\"redazione\" \/>\n<meta name=\"twitter:card\" content=\"summary_large_image\" \/>\n<meta name=\"twitter:creator\" content=\"@bellunopress\" \/>\n<meta name=\"twitter:site\" content=\"@bellunopress\" \/>\n<meta name=\"twitter:label1\" content=\"\u00c9crit par\" \/>\n\t<meta name=\"twitter:data1\" content=\"redazione\" \/>\n\t<meta name=\"twitter:label2\" content=\"Dur\u00e9e de lecture estim\u00e9e\" \/>\n\t<meta name=\"twitter:data2\" content=\"2 minutes\" \/>\n<script type=\"application\/ld+json\" class=\"yoast-schema-graph\">{\"@context\":\"https:\\\/\\\/schema.org\",\"@graph\":[{\"@type\":\"Article\",\"@id\":\"https:\\\/\\\/www.bellunopress.it\\\/2009\\\/04\\\/06\\\/ascom-la-contesa-dellacqua-lassociazione-albergatori-sul-piede-di-guerra-invita-gli-associati-a-sospendere-i-pagamenti\\\/#article\",\"isPartOf\":{\"@id\":\"https:\\\/\\\/www.bellunopress.it\\\/2009\\\/04\\\/06\\\/ascom-la-contesa-dellacqua-lassociazione-albergatori-sul-piede-di-guerra-invita-gli-associati-a-sospendere-i-pagamenti\\\/\"},\"author\":{\"name\":\"redazione\",\"@id\":\"https:\\\/\\\/www.bellunopress.it\\\/#\\\/schema\\\/person\\\/79bb06722b37ece1c03d3e94beb30d73\"},\"headline\":\"Ascom: La contesa dell&#8217;acqua. L&#8217;Associazione albergatori sul piede di guerra invita gli associati a sospendere i pagamenti\",\"datePublished\":\"2009-04-06T19:55:18+00:00\",\"dateModified\":\"2009-04-07T11:08:54+00:00\",\"mainEntityOfPage\":{\"@id\":\"https:\\\/\\\/www.bellunopress.it\\\/2009\\\/04\\\/06\\\/ascom-la-contesa-dellacqua-lassociazione-albergatori-sul-piede-di-guerra-invita-gli-associati-a-sospendere-i-pagamenti\\\/\"},\"wordCount\":401,\"publisher\":{\"@id\":\"https:\\\/\\\/www.bellunopress.it\\\/#organization\"},\"image\":{\"@id\":\"https:\\\/\\\/www.bellunopress.it\\\/2009\\\/04\\\/06\\\/ascom-la-contesa-dellacqua-lassociazione-albergatori-sul-piede-di-guerra-invita-gli-associati-a-sospendere-i-pagamenti\\\/#primaryimage\"},\"thumbnailUrl\":\"http:\\\/\\\/www.bellunopress.it\\\/wp-content\\\/uploads\\\/2009\\\/04\\\/conferenza-ascom-6-aprile-2009-270x180.jpg\",\"keywords\":[\"Belluno\"],\"articleSection\":[\"Cronaca\\\/Politica\",\"Prima Pagina\"],\"inLanguage\":\"fr-FR\"},{\"@type\":\"WebPage\",\"@id\":\"https:\\\/\\\/www.bellunopress.it\\\/2009\\\/04\\\/06\\\/ascom-la-contesa-dellacqua-lassociazione-albergatori-sul-piede-di-guerra-invita-gli-associati-a-sospendere-i-pagamenti\\\/\",\"url\":\"https:\\\/\\\/www.bellunopress.it\\\/2009\\\/04\\\/06\\\/ascom-la-contesa-dellacqua-lassociazione-albergatori-sul-piede-di-guerra-invita-gli-associati-a-sospendere-i-pagamenti\\\/\",\"name\":\"Ascom: La contesa dell'acqua. L'Associazione albergatori sul piede di guerra invita gli associati a sospendere i pagamenti - Bellunopress - Dolomiti\",\"isPartOf\":{\"@id\":\"https:\\\/\\\/www.bellunopress.it\\\/#website\"},\"primaryImageOfPage\":{\"@id\":\"https:\\\/\\\/www.bellunopress.it\\\/2009\\\/04\\\/06\\\/ascom-la-contesa-dellacqua-lassociazione-albergatori-sul-piede-di-guerra-invita-gli-associati-a-sospendere-i-pagamenti\\\/#primaryimage\"},\"image\":{\"@id\":\"https:\\\/\\\/www.bellunopress.it\\\/2009\\\/04\\\/06\\\/ascom-la-contesa-dellacqua-lassociazione-albergatori-sul-piede-di-guerra-invita-gli-associati-a-sospendere-i-pagamenti\\\/#primaryimage\"},\"thumbnailUrl\":\"http:\\\/\\\/www.bellunopress.it\\\/wp-content\\\/uploads\\\/2009\\\/04\\\/conferenza-ascom-6-aprile-2009-270x180.jpg\",\"datePublished\":\"2009-04-06T19:55:18+00:00\",\"dateModified\":\"2009-04-07T11:08:54+00:00\",\"breadcrumb\":{\"@id\":\"https:\\\/\\\/www.bellunopress.it\\\/2009\\\/04\\\/06\\\/ascom-la-contesa-dellacqua-lassociazione-albergatori-sul-piede-di-guerra-invita-gli-associati-a-sospendere-i-pagamenti\\\/#breadcrumb\"},\"inLanguage\":\"fr-FR\",\"potentialAction\":[{\"@type\":\"ReadAction\",\"target\":[\"https:\\\/\\\/www.bellunopress.it\\\/2009\\\/04\\\/06\\\/ascom-la-contesa-dellacqua-lassociazione-albergatori-sul-piede-di-guerra-invita-gli-associati-a-sospendere-i-pagamenti\\\/\"]}]},{\"@type\":\"ImageObject\",\"inLanguage\":\"fr-FR\",\"@id\":\"https:\\\/\\\/www.bellunopress.it\\\/2009\\\/04\\\/06\\\/ascom-la-contesa-dellacqua-lassociazione-albergatori-sul-piede-di-guerra-invita-gli-associati-a-sospendere-i-pagamenti\\\/#primaryimage\",\"url\":\"http:\\\/\\\/www.bellunopress.it\\\/wp-content\\\/uploads\\\/2009\\\/04\\\/conferenza-ascom-6-aprile-2009-270x180.jpg\",\"contentUrl\":\"http:\\\/\\\/www.bellunopress.it\\\/wp-content\\\/uploads\\\/2009\\\/04\\\/conferenza-ascom-6-aprile-2009-270x180.jpg\"},{\"@type\":\"BreadcrumbList\",\"@id\":\"https:\\\/\\\/www.bellunopress.it\\\/2009\\\/04\\\/06\\\/ascom-la-contesa-dellacqua-lassociazione-albergatori-sul-piede-di-guerra-invita-gli-associati-a-sospendere-i-pagamenti\\\/#breadcrumb\",\"itemListElement\":[{\"@type\":\"ListItem\",\"position\":1,\"name\":\"Home\",\"item\":\"https:\\\/\\\/www.bellunopress.it\\\/\"},{\"@type\":\"ListItem\",\"position\":2,\"name\":\"Ascom: La contesa dell&#8217;acqua. L&#8217;Associazione albergatori sul piede di guerra invita gli associati a sospendere i pagamenti\"}]},{\"@type\":\"WebSite\",\"@id\":\"https:\\\/\\\/www.bellunopress.it\\\/#website\",\"url\":\"https:\\\/\\\/www.bellunopress.it\\\/\",\"name\":\"Bellunopress - Dolomiti\",\"description\":\"e-mail: redazione@bellunopress.it\",\"publisher\":{\"@id\":\"https:\\\/\\\/www.bellunopress.it\\\/#organization\"},\"potentialAction\":[{\"@type\":\"SearchAction\",\"target\":{\"@type\":\"EntryPoint\",\"urlTemplate\":\"https:\\\/\\\/www.bellunopress.it\\\/?s={search_term_string}\"},\"query-input\":{\"@type\":\"PropertyValueSpecification\",\"valueRequired\":true,\"valueName\":\"search_term_string\"}}],\"inLanguage\":\"fr-FR\"},{\"@type\":\"Organization\",\"@id\":\"https:\\\/\\\/www.bellunopress.it\\\/#organization\",\"name\":\"Bellunopress\",\"url\":\"https:\\\/\\\/www.bellunopress.it\\\/\",\"logo\":{\"@type\":\"ImageObject\",\"inLanguage\":\"fr-FR\",\"@id\":\"https:\\\/\\\/www.bellunopress.it\\\/#\\\/schema\\\/logo\\\/image\\\/\",\"url\":\"https:\\\/\\\/www.bellunopress.it\\\/wp-content\\\/uploads\\\/2011\\\/05\\\/cropped-logo-bellunopress-.jpg\",\"contentUrl\":\"https:\\\/\\\/www.bellunopress.it\\\/wp-content\\\/uploads\\\/2011\\\/05\\\/cropped-logo-bellunopress-.jpg\",\"width\":512,\"height\":512,\"caption\":\"Bellunopress\"},\"image\":{\"@id\":\"https:\\\/\\\/www.bellunopress.it\\\/#\\\/schema\\\/logo\\\/image\\\/\"},\"sameAs\":[\"https:\\\/\\\/www.facebook.com\\\/profile.php?id=100008943462799\",\"https:\\\/\\\/x.com\\\/bellunopress\",\"https:\\\/\\\/www.linkedin.com\\\/hp\\\/?dnr=JBzUWaJfMUw8vbXJJ2tVW5-I3jZKvC4wsoxE&amp;amp;amp;amp;amp;amp;trk=nav_responsive_tab_home\",\"https:\\\/\\\/www.youtube.com\\\/channel\\\/UCxL0wu1uN0_3_7hGG0306cw\"]},{\"@type\":\"Person\",\"@id\":\"https:\\\/\\\/www.bellunopress.it\\\/#\\\/schema\\\/person\\\/79bb06722b37ece1c03d3e94beb30d73\",\"name\":\"redazione\",\"image\":{\"@type\":\"ImageObject\",\"inLanguage\":\"fr-FR\",\"@id\":\"https:\\\/\\\/secure.gravatar.com\\\/avatar\\\/37d968a2e67a6fd04c169c4bdef102d0bc5d31b2546345219e348575eb80e9a0?s=96&d=mm&r=g\",\"url\":\"https:\\\/\\\/secure.gravatar.com\\\/avatar\\\/37d968a2e67a6fd04c169c4bdef102d0bc5d31b2546345219e348575eb80e9a0?s=96&d=mm&r=g\",\"contentUrl\":\"https:\\\/\\\/secure.gravatar.com\\\/avatar\\\/37d968a2e67a6fd04c169c4bdef102d0bc5d31b2546345219e348575eb80e9a0?s=96&d=mm&r=g\",\"caption\":\"redazione\"},\"sameAs\":[\"http:\\\/\\\/www.bellunopress.it\",\"https:\\\/\\\/x.com\\\/bellunopress\"],\"url\":\"https:\\\/\\\/www.bellunopress.it\\\/fr\\\/author\\\/redazione\\\/\"}]}<\/script>\n<!-- \/ Yoast SEO plugin. -->","yoast_head_json":{"title":"Ascom: La contesa dell'acqua. L'Associazione albergatori sul piede di guerra invita gli associati a sospendere i pagamenti  - Bellunopress - Dolomiti","robots":{"index":"index","follow":"follow","max-snippet":"max-snippet:-1","max-image-preview":"max-image-preview:large","max-video-preview":"max-video-preview:-1"},"canonical":"https:\/\/www.bellunopress.it\/fr\/2009\/04\/06\/ascom-la-contesa-dellacqua-lassociazione-albergatori-sul-piede-di-guerra-invita-gli-associati-a-sospendere-i-pagamenti\/","og_locale":"fr_FR","og_type":"article","og_title":"Ascom: La contesa dell'acqua. L'Associazione albergatori sul piede di guerra invita gli associati a sospendere i pagamenti  - Bellunopress - Dolomiti","og_description":"Il 10 ottobre 2008 l&#8217;Associazione degli Albergatori della provincia di Belluno scrive all&#8217;AATO\u00a0 una lettera\u00a0 con la quale si chiedeva che gli alberghi non fossero assimilati alle altre attivit\u00e0 produttive e che quindi potessero avere un canone idrico proprio. La lettera veniva motivata non solo da argomentazioni\u00a0 economico strategiche, ma supportata anche da specifici elementi [&hellip;]","og_url":"https:\/\/www.bellunopress.it\/fr\/2009\/04\/06\/ascom-la-contesa-dellacqua-lassociazione-albergatori-sul-piede-di-guerra-invita-gli-associati-a-sospendere-i-pagamenti\/","og_site_name":"Bellunopress - Dolomiti","article_publisher":"https:\/\/www.facebook.com\/profile.php?id=100008943462799","article_published_time":"2009-04-06T19:55:18+00:00","article_modified_time":"2009-04-07T11:08:54+00:00","og_image":[{"url":"http:\/\/www.bellunopress.it\/wp-content\/uploads\/2009\/04\/conferenza-ascom-6-aprile-2009-270x180.jpg","type":"","width":"","height":""}],"author":"redazione","twitter_card":"summary_large_image","twitter_creator":"@bellunopress","twitter_site":"@bellunopress","twitter_misc":{"\u00c9crit par":"redazione","Dur\u00e9e de lecture estim\u00e9e":"2 minutes"},"schema":{"@context":"https:\/\/schema.org","@graph":[{"@type":"Article","@id":"https:\/\/www.bellunopress.it\/2009\/04\/06\/ascom-la-contesa-dellacqua-lassociazione-albergatori-sul-piede-di-guerra-invita-gli-associati-a-sospendere-i-pagamenti\/#article","isPartOf":{"@id":"https:\/\/www.bellunopress.it\/2009\/04\/06\/ascom-la-contesa-dellacqua-lassociazione-albergatori-sul-piede-di-guerra-invita-gli-associati-a-sospendere-i-pagamenti\/"},"author":{"name":"redazione","@id":"https:\/\/www.bellunopress.it\/#\/schema\/person\/79bb06722b37ece1c03d3e94beb30d73"},"headline":"Ascom: La contesa dell&#8217;acqua. L&#8217;Associazione albergatori sul piede di guerra invita gli associati a sospendere i pagamenti","datePublished":"2009-04-06T19:55:18+00:00","dateModified":"2009-04-07T11:08:54+00:00","mainEntityOfPage":{"@id":"https:\/\/www.bellunopress.it\/2009\/04\/06\/ascom-la-contesa-dellacqua-lassociazione-albergatori-sul-piede-di-guerra-invita-gli-associati-a-sospendere-i-pagamenti\/"},"wordCount":401,"publisher":{"@id":"https:\/\/www.bellunopress.it\/#organization"},"image":{"@id":"https:\/\/www.bellunopress.it\/2009\/04\/06\/ascom-la-contesa-dellacqua-lassociazione-albergatori-sul-piede-di-guerra-invita-gli-associati-a-sospendere-i-pagamenti\/#primaryimage"},"thumbnailUrl":"http:\/\/www.bellunopress.it\/wp-content\/uploads\/2009\/04\/conferenza-ascom-6-aprile-2009-270x180.jpg","keywords":["Belluno"],"articleSection":["Cronaca\/Politica","Prima Pagina"],"inLanguage":"fr-FR"},{"@type":"WebPage","@id":"https:\/\/www.bellunopress.it\/2009\/04\/06\/ascom-la-contesa-dellacqua-lassociazione-albergatori-sul-piede-di-guerra-invita-gli-associati-a-sospendere-i-pagamenti\/","url":"https:\/\/www.bellunopress.it\/2009\/04\/06\/ascom-la-contesa-dellacqua-lassociazione-albergatori-sul-piede-di-guerra-invita-gli-associati-a-sospendere-i-pagamenti\/","name":"Ascom: La contesa dell'acqua. L'Associazione albergatori sul piede di guerra invita gli associati a sospendere i pagamenti - Bellunopress - Dolomiti","isPartOf":{"@id":"https:\/\/www.bellunopress.it\/#website"},"primaryImageOfPage":{"@id":"https:\/\/www.bellunopress.it\/2009\/04\/06\/ascom-la-contesa-dellacqua-lassociazione-albergatori-sul-piede-di-guerra-invita-gli-associati-a-sospendere-i-pagamenti\/#primaryimage"},"image":{"@id":"https:\/\/www.bellunopress.it\/2009\/04\/06\/ascom-la-contesa-dellacqua-lassociazione-albergatori-sul-piede-di-guerra-invita-gli-associati-a-sospendere-i-pagamenti\/#primaryimage"},"thumbnailUrl":"http:\/\/www.bellunopress.it\/wp-content\/uploads\/2009\/04\/conferenza-ascom-6-aprile-2009-270x180.jpg","datePublished":"2009-04-06T19:55:18+00:00","dateModified":"2009-04-07T11:08:54+00:00","breadcrumb":{"@id":"https:\/\/www.bellunopress.it\/2009\/04\/06\/ascom-la-contesa-dellacqua-lassociazione-albergatori-sul-piede-di-guerra-invita-gli-associati-a-sospendere-i-pagamenti\/#breadcrumb"},"inLanguage":"fr-FR","potentialAction":[{"@type":"ReadAction","target":["https:\/\/www.bellunopress.it\/2009\/04\/06\/ascom-la-contesa-dellacqua-lassociazione-albergatori-sul-piede-di-guerra-invita-gli-associati-a-sospendere-i-pagamenti\/"]}]},{"@type":"ImageObject","inLanguage":"fr-FR","@id":"https:\/\/www.bellunopress.it\/2009\/04\/06\/ascom-la-contesa-dellacqua-lassociazione-albergatori-sul-piede-di-guerra-invita-gli-associati-a-sospendere-i-pagamenti\/#primaryimage","url":"http:\/\/www.bellunopress.it\/wp-content\/uploads\/2009\/04\/conferenza-ascom-6-aprile-2009-270x180.jpg","contentUrl":"http:\/\/www.bellunopress.it\/wp-content\/uploads\/2009\/04\/conferenza-ascom-6-aprile-2009-270x180.jpg"},{"@type":"BreadcrumbList","@id":"https:\/\/www.bellunopress.it\/2009\/04\/06\/ascom-la-contesa-dellacqua-lassociazione-albergatori-sul-piede-di-guerra-invita-gli-associati-a-sospendere-i-pagamenti\/#breadcrumb","itemListElement":[{"@type":"ListItem","position":1,"name":"Home","item":"https:\/\/www.bellunopress.it\/"},{"@type":"ListItem","position":2,"name":"Ascom: La contesa dell&#8217;acqua. L&#8217;Associazione albergatori sul piede di guerra invita gli associati a sospendere i pagamenti"}]},{"@type":"WebSite","@id":"https:\/\/www.bellunopress.it\/#website","url":"https:\/\/www.bellunopress.it\/","name":"Bellunopress - Dolomiti","description":"e-mail: redazione@bellunopress.it","publisher":{"@id":"https:\/\/www.bellunopress.it\/#organization"},"potentialAction":[{"@type":"SearchAction","target":{"@type":"EntryPoint","urlTemplate":"https:\/\/www.bellunopress.it\/?s={search_term_string}"},"query-input":{"@type":"PropertyValueSpecification","valueRequired":true,"valueName":"search_term_string"}}],"inLanguage":"fr-FR"},{"@type":"Organization","@id":"https:\/\/www.bellunopress.it\/#organization","name":"Bellunopress","url":"https:\/\/www.bellunopress.it\/","logo":{"@type":"ImageObject","inLanguage":"fr-FR","@id":"https:\/\/www.bellunopress.it\/#\/schema\/logo\/image\/","url":"https:\/\/www.bellunopress.it\/wp-content\/uploads\/2011\/05\/cropped-logo-bellunopress-.jpg","contentUrl":"https:\/\/www.bellunopress.it\/wp-content\/uploads\/2011\/05\/cropped-logo-bellunopress-.jpg","width":512,"height":512,"caption":"Bellunopress"},"image":{"@id":"https:\/\/www.bellunopress.it\/#\/schema\/logo\/image\/"},"sameAs":["https:\/\/www.facebook.com\/profile.php?id=100008943462799","https:\/\/x.com\/bellunopress","https:\/\/www.linkedin.com\/hp\/?dnr=JBzUWaJfMUw8vbXJJ2tVW5-I3jZKvC4wsoxE&amp;amp;amp;amp;amp;amp;trk=nav_responsive_tab_home","https:\/\/www.youtube.com\/channel\/UCxL0wu1uN0_3_7hGG0306cw"]},{"@type":"Person","@id":"https:\/\/www.bellunopress.it\/#\/schema\/person\/79bb06722b37ece1c03d3e94beb30d73","name":"r\u00e9daction","image":{"@type":"ImageObject","inLanguage":"fr-FR","@id":"https:\/\/secure.gravatar.com\/avatar\/37d968a2e67a6fd04c169c4bdef102d0bc5d31b2546345219e348575eb80e9a0?s=96&d=mm&r=g","url":"https:\/\/secure.gravatar.com\/avatar\/37d968a2e67a6fd04c169c4bdef102d0bc5d31b2546345219e348575eb80e9a0?s=96&d=mm&r=g","contentUrl":"https:\/\/secure.gravatar.com\/avatar\/37d968a2e67a6fd04c169c4bdef102d0bc5d31b2546345219e348575eb80e9a0?s=96&d=mm&r=g","caption":"redazione"},"sameAs":["http:\/\/www.bellunopress.it","https:\/\/x.com\/bellunopress"],"url":"https:\/\/www.bellunopress.it\/fr\/author\/redazione\/"}]}},"_links":{"self":[{"href":"https:\/\/www.bellunopress.it\/fr\/wp-json\/wp\/v2\/posts\/2378","targetHints":{"allow":["GET"]}}],"collection":[{"href":"https:\/\/www.bellunopress.it\/fr\/wp-json\/wp\/v2\/posts"}],"about":[{"href":"https:\/\/www.bellunopress.it\/fr\/wp-json\/wp\/v2\/types\/post"}],"author":[{"embeddable":true,"href":"https:\/\/www.bellunopress.it\/fr\/wp-json\/wp\/v2\/users\/2"}],"replies":[{"embeddable":true,"href":"https:\/\/www.bellunopress.it\/fr\/wp-json\/wp\/v2\/comments?post=2378"}],"version-history":[{"count":4,"href":"https:\/\/www.bellunopress.it\/fr\/wp-json\/wp\/v2\/posts\/2378\/revisions"}],"predecessor-version":[{"id":2426,"href":"https:\/\/www.bellunopress.it\/fr\/wp-json\/wp\/v2\/posts\/2378\/revisions\/2426"}],"wp:attachment":[{"href":"https:\/\/www.bellunopress.it\/fr\/wp-json\/wp\/v2\/media?parent=2378"}],"wp:term":[{"taxonomy":"category","embeddable":true,"href":"https:\/\/www.bellunopress.it\/fr\/wp-json\/wp\/v2\/categories?post=2378"},{"taxonomy":"post_tag","embeddable":true,"href":"https:\/\/www.bellunopress.it\/fr\/wp-json\/wp\/v2\/tags?post=2378"}],"curies":[{"name":"wp","href":"https:\/\/api.w.org\/{rel}","templated":true}]}}