{"id":23750,"date":"2011-02-10T12:14:53","date_gmt":"2011-02-10T11:14:53","guid":{"rendered":"http:\/\/www.bellunopress.it\/?p=23750"},"modified":"2011-02-09T12:16:17","modified_gmt":"2011-02-09T11:16:17","slug":"venerdi-al-centro-rossi-di-belluno-labirinti-tra-ludico-e-sublime","status":"publish","type":"post","link":"https:\/\/www.bellunopress.it\/fr\/2011\/02\/10\/venerdi-al-centro-rossi-di-belluno-labirinti-tra-ludico-e-sublime\/","title":{"rendered":"Venerd\u00ec al Centro &#8220;Rossi&#8221; di Belluno, &#8220;Labirinti tra ludico e sublime&#8221;"},"content":{"rendered":"<p><a href=\"http:\/\/www.bellunopress.it\/wp-content\/uploads\/2010\/05\/centro-piero-rossi.jpg\"><img loading=\"lazy\" decoding=\"async\" class=\"alignleft size-full wp-image-15161\" title=\"centro-piero-rossi\" src=\"http:\/\/www.bellunopress.it\/wp-content\/uploads\/2010\/05\/centro-piero-rossi.jpg\" alt=\"\" width=\"140\" height=\"105\" \/><\/a>Venerd\u00ec 11 febbraio alle ore 18.30 al Centro Culturale Piero Rossi in Piazza Piloni a Belluno l\u2019Associazione Culturale Verba Volant presenta lo spettacolo Labirinti tra ludico e sublime della Compagnia di teatri sonori Impronte sul vento. La Compagnia si costituisce nel 2008, ma nasce sostanzialmente nel 2001, come costola della Compagnia di teatro-danza e multimedialit\u00e0 PassInversi, su iniziativa di Enrico Gasperi e Marco Valentino. Lo spettacolo modulare, che viene allora prodotto e che si evolve nel corso degli anni (Ritmi &amp; Suoni) debutta infatti nel 2001 alla Biennale di Arte Contemporanea di Porto Ercole. Dopo varie esperienze con altri musicisti, nel 2007, inizia la collaborazione con il musicista Nicola Della Colletta, per allargarsi ulteriormente nel 2008 al cantante e musicista Francesco De Bon. \u201cL\u2019obiettivo (ambizioso, non lo neghiamo) &#8211; dicono gli autori &#8211; \u00e8 quello di creare uno spettacolo teatral-musicale, una specie di concerto poetico che integri con interazioni semantiche poesia e musica e canzoni\u201d. Labirinti \u00e8 uno spettacolo che\u00a0 racconta (o almeno prova a farlo) una storia d\u2019amore, fatta di approcci, alti e bassi, riflessioni, tradimenti, delusioni e passioni, insomma la vita. Un percorso erotico amoroso che \u00e8 quasi un romanzo di formazione, un\u2019educazione sentimentale. La caratteristica peculiare di questo spettacolo \u00e8 quella di non essere mai stato replicato due volte uguale: tra cambi di formazione e di scaletta\u2026 lo spettacolo \u00e8 sempre nuovo, un reiterato work in progress. Per informazioni: Associazione Culturale Verba Volant ufficio presidenza, immagine&amp;comunicazione3479417347.<\/p>","protected":false},"excerpt":{"rendered":"<p>Venerd\u00ec 11 febbraio alle ore 18.30 al Centro Culturale Piero Rossi in Piazza Piloni a Belluno l\u2019Associazione Culturale Verba Volant presenta lo spettacolo Labirinti tra ludico e sublime della Compagnia di teatri sonori Impronte sul vento. La Compagnia si costituisce nel 2008, ma nasce sostanzialmente nel 2001, come costola della Compagnia di teatro-danza e multimedialit\u00e0 [&hellip;]<\/p>\n","protected":false},"author":2,"featured_media":0,"comment_status":"closed","ping_status":"open","sticky":false,"template":"","format":"standard","meta":{"footnotes":""},"categories":[27,25],"tags":[],"class_list":["post-23750","post","type-post","status-publish","format-standard","category-appuntamenti","category-pausa-caffe"],"yoast_head":"<!-- This site is optimized with the Yoast SEO plugin v28.4 - https:\/\/yoast.com\/product\/yoast-seo-wordpress\/ -->\n<title>Venerd\u00ec al Centro &quot;Rossi&quot; di Belluno, &quot;Labirinti tra ludico e sublime&quot; - Bellunopress - Dolomiti<\/title>\n<meta name=\"robots\" content=\"index, follow, max-snippet:-1, max-image-preview:large, max-video-preview:-1\" \/>\n<link rel=\"canonical\" href=\"https:\/\/www.bellunopress.it\/fr\/2011\/02\/10\/venerdi-al-centro-rossi-di-belluno-labirinti-tra-ludico-e-sublime\/\" \/>\n<meta property=\"og:locale\" content=\"fr_FR\" \/>\n<meta property=\"og:type\" content=\"article\" \/>\n<meta property=\"og:title\" content=\"Venerd\u00ec al Centro &quot;Rossi&quot; di Belluno, &quot;Labirinti tra ludico e sublime&quot; - Bellunopress - Dolomiti\" \/>\n<meta property=\"og:description\" content=\"Venerd\u00ec 11 febbraio alle ore 18.30 al Centro Culturale Piero Rossi in Piazza Piloni a Belluno l\u2019Associazione Culturale Verba Volant presenta lo spettacolo Labirinti tra ludico e sublime della Compagnia di teatri sonori Impronte sul vento. La Compagnia si costituisce nel 2008, ma nasce sostanzialmente nel 2001, come costola della Compagnia di teatro-danza e multimedialit\u00e0 [&hellip;]\" \/>\n<meta property=\"og:url\" content=\"https:\/\/www.bellunopress.it\/fr\/2011\/02\/10\/venerdi-al-centro-rossi-di-belluno-labirinti-tra-ludico-e-sublime\/\" \/>\n<meta property=\"og:site_name\" content=\"Bellunopress - Dolomiti\" \/>\n<meta property=\"article:publisher\" content=\"https:\/\/www.facebook.com\/profile.php?id=100008943462799\" \/>\n<meta property=\"article:published_time\" content=\"2011-02-10T11:14:53+00:00\" \/>\n<meta property=\"og:image\" content=\"http:\/\/www.bellunopress.it\/wp-content\/uploads\/2010\/05\/centro-piero-rossi.jpg\" \/>\n<meta name=\"author\" content=\"redazione\" \/>\n<meta name=\"twitter:card\" content=\"summary_large_image\" \/>\n<meta name=\"twitter:creator\" content=\"@bellunopress\" \/>\n<meta name=\"twitter:site\" content=\"@bellunopress\" \/>\n<meta name=\"twitter:label1\" content=\"\u00c9crit par\" \/>\n\t<meta name=\"twitter:data1\" content=\"redazione\" \/>\n\t<meta name=\"twitter:label2\" content=\"Dur\u00e9e de lecture estim\u00e9e\" \/>\n\t<meta name=\"twitter:data2\" content=\"1 minute\" \/>\n<script type=\"application\/ld+json\" class=\"yoast-schema-graph\">{\"@context\":\"https:\\\/\\\/schema.org\",\"@graph\":[{\"@type\":\"Article\",\"@id\":\"https:\\\/\\\/www.bellunopress.it\\\/2011\\\/02\\\/10\\\/venerdi-al-centro-rossi-di-belluno-labirinti-tra-ludico-e-sublime\\\/#article\",\"isPartOf\":{\"@id\":\"https:\\\/\\\/www.bellunopress.it\\\/2011\\\/02\\\/10\\\/venerdi-al-centro-rossi-di-belluno-labirinti-tra-ludico-e-sublime\\\/\"},\"author\":{\"name\":\"redazione\",\"@id\":\"https:\\\/\\\/www.bellunopress.it\\\/#\\\/schema\\\/person\\\/79bb06722b37ece1c03d3e94beb30d73\"},\"headline\":\"Venerd\u00ec al Centro &#8220;Rossi&#8221; di Belluno, &#8220;Labirinti tra ludico e sublime&#8221;\",\"datePublished\":\"2011-02-10T11:14:53+00:00\",\"mainEntityOfPage\":{\"@id\":\"https:\\\/\\\/www.bellunopress.it\\\/2011\\\/02\\\/10\\\/venerdi-al-centro-rossi-di-belluno-labirinti-tra-ludico-e-sublime\\\/\"},\"wordCount\":244,\"publisher\":{\"@id\":\"https:\\\/\\\/www.bellunopress.it\\\/#organization\"},\"image\":{\"@id\":\"https:\\\/\\\/www.bellunopress.it\\\/2011\\\/02\\\/10\\\/venerdi-al-centro-rossi-di-belluno-labirinti-tra-ludico-e-sublime\\\/#primaryimage\"},\"thumbnailUrl\":\"http:\\\/\\\/www.bellunopress.it\\\/wp-content\\\/uploads\\\/2010\\\/05\\\/centro-piero-rossi.jpg\",\"articleSection\":[\"Appuntamenti, Eventi\",\"Pausa Caff\u00e8\"],\"inLanguage\":\"fr-FR\"},{\"@type\":\"WebPage\",\"@id\":\"https:\\\/\\\/www.bellunopress.it\\\/2011\\\/02\\\/10\\\/venerdi-al-centro-rossi-di-belluno-labirinti-tra-ludico-e-sublime\\\/\",\"url\":\"https:\\\/\\\/www.bellunopress.it\\\/2011\\\/02\\\/10\\\/venerdi-al-centro-rossi-di-belluno-labirinti-tra-ludico-e-sublime\\\/\",\"name\":\"Venerd\u00ec al Centro \\\"Rossi\\\" di Belluno, \\\"Labirinti tra ludico e sublime\\\" - Bellunopress - Dolomiti\",\"isPartOf\":{\"@id\":\"https:\\\/\\\/www.bellunopress.it\\\/#website\"},\"primaryImageOfPage\":{\"@id\":\"https:\\\/\\\/www.bellunopress.it\\\/2011\\\/02\\\/10\\\/venerdi-al-centro-rossi-di-belluno-labirinti-tra-ludico-e-sublime\\\/#primaryimage\"},\"image\":{\"@id\":\"https:\\\/\\\/www.bellunopress.it\\\/2011\\\/02\\\/10\\\/venerdi-al-centro-rossi-di-belluno-labirinti-tra-ludico-e-sublime\\\/#primaryimage\"},\"thumbnailUrl\":\"http:\\\/\\\/www.bellunopress.it\\\/wp-content\\\/uploads\\\/2010\\\/05\\\/centro-piero-rossi.jpg\",\"datePublished\":\"2011-02-10T11:14:53+00:00\",\"breadcrumb\":{\"@id\":\"https:\\\/\\\/www.bellunopress.it\\\/2011\\\/02\\\/10\\\/venerdi-al-centro-rossi-di-belluno-labirinti-tra-ludico-e-sublime\\\/#breadcrumb\"},\"inLanguage\":\"fr-FR\",\"potentialAction\":[{\"@type\":\"ReadAction\",\"target\":[\"https:\\\/\\\/www.bellunopress.it\\\/2011\\\/02\\\/10\\\/venerdi-al-centro-rossi-di-belluno-labirinti-tra-ludico-e-sublime\\\/\"]}]},{\"@type\":\"ImageObject\",\"inLanguage\":\"fr-FR\",\"@id\":\"https:\\\/\\\/www.bellunopress.it\\\/2011\\\/02\\\/10\\\/venerdi-al-centro-rossi-di-belluno-labirinti-tra-ludico-e-sublime\\\/#primaryimage\",\"url\":\"http:\\\/\\\/www.bellunopress.it\\\/wp-content\\\/uploads\\\/2010\\\/05\\\/centro-piero-rossi.jpg\",\"contentUrl\":\"http:\\\/\\\/www.bellunopress.it\\\/wp-content\\\/uploads\\\/2010\\\/05\\\/centro-piero-rossi.jpg\"},{\"@type\":\"BreadcrumbList\",\"@id\":\"https:\\\/\\\/www.bellunopress.it\\\/2011\\\/02\\\/10\\\/venerdi-al-centro-rossi-di-belluno-labirinti-tra-ludico-e-sublime\\\/#breadcrumb\",\"itemListElement\":[{\"@type\":\"ListItem\",\"position\":1,\"name\":\"Home\",\"item\":\"https:\\\/\\\/www.bellunopress.it\\\/\"},{\"@type\":\"ListItem\",\"position\":2,\"name\":\"Venerd\u00ec al Centro &#8220;Rossi&#8221; di Belluno, &#8220;Labirinti tra ludico e sublime&#8221;\"}]},{\"@type\":\"WebSite\",\"@id\":\"https:\\\/\\\/www.bellunopress.it\\\/#website\",\"url\":\"https:\\\/\\\/www.bellunopress.it\\\/\",\"name\":\"Bellunopress - Dolomiti\",\"description\":\"e-mail: redazione@bellunopress.it\",\"publisher\":{\"@id\":\"https:\\\/\\\/www.bellunopress.it\\\/#organization\"},\"potentialAction\":[{\"@type\":\"SearchAction\",\"target\":{\"@type\":\"EntryPoint\",\"urlTemplate\":\"https:\\\/\\\/www.bellunopress.it\\\/?s={search_term_string}\"},\"query-input\":{\"@type\":\"PropertyValueSpecification\",\"valueRequired\":true,\"valueName\":\"search_term_string\"}}],\"inLanguage\":\"fr-FR\"},{\"@type\":\"Organization\",\"@id\":\"https:\\\/\\\/www.bellunopress.it\\\/#organization\",\"name\":\"Bellunopress\",\"url\":\"https:\\\/\\\/www.bellunopress.it\\\/\",\"logo\":{\"@type\":\"ImageObject\",\"inLanguage\":\"fr-FR\",\"@id\":\"https:\\\/\\\/www.bellunopress.it\\\/#\\\/schema\\\/logo\\\/image\\\/\",\"url\":\"https:\\\/\\\/www.bellunopress.it\\\/wp-content\\\/uploads\\\/2011\\\/05\\\/cropped-logo-bellunopress-.jpg\",\"contentUrl\":\"https:\\\/\\\/www.bellunopress.it\\\/wp-content\\\/uploads\\\/2011\\\/05\\\/cropped-logo-bellunopress-.jpg\",\"width\":512,\"height\":512,\"caption\":\"Bellunopress\"},\"image\":{\"@id\":\"https:\\\/\\\/www.bellunopress.it\\\/#\\\/schema\\\/logo\\\/image\\\/\"},\"sameAs\":[\"https:\\\/\\\/www.facebook.com\\\/profile.php?id=100008943462799\",\"https:\\\/\\\/x.com\\\/bellunopress\",\"https:\\\/\\\/www.linkedin.com\\\/hp\\\/?dnr=JBzUWaJfMUw8vbXJJ2tVW5-I3jZKvC4wsoxE&amp;amp;amp;amp;amp;amp;trk=nav_responsive_tab_home\",\"https:\\\/\\\/www.youtube.com\\\/channel\\\/UCxL0wu1uN0_3_7hGG0306cw\"]},{\"@type\":\"Person\",\"@id\":\"https:\\\/\\\/www.bellunopress.it\\\/#\\\/schema\\\/person\\\/79bb06722b37ece1c03d3e94beb30d73\",\"name\":\"redazione\",\"image\":{\"@type\":\"ImageObject\",\"inLanguage\":\"fr-FR\",\"@id\":\"https:\\\/\\\/secure.gravatar.com\\\/avatar\\\/37d968a2e67a6fd04c169c4bdef102d0bc5d31b2546345219e348575eb80e9a0?s=96&d=mm&r=g\",\"url\":\"https:\\\/\\\/secure.gravatar.com\\\/avatar\\\/37d968a2e67a6fd04c169c4bdef102d0bc5d31b2546345219e348575eb80e9a0?s=96&d=mm&r=g\",\"contentUrl\":\"https:\\\/\\\/secure.gravatar.com\\\/avatar\\\/37d968a2e67a6fd04c169c4bdef102d0bc5d31b2546345219e348575eb80e9a0?s=96&d=mm&r=g\",\"caption\":\"redazione\"},\"sameAs\":[\"http:\\\/\\\/www.bellunopress.it\",\"https:\\\/\\\/x.com\\\/bellunopress\"],\"url\":\"https:\\\/\\\/www.bellunopress.it\\\/fr\\\/author\\\/redazione\\\/\"}]}<\/script>\n<!-- \/ Yoast SEO plugin. -->","yoast_head_json":{"title":"Venerd\u00ec al Centro \"Rossi\" di Belluno, \"Labirinti tra ludico e sublime\" - Bellunopress - Dolomiti","robots":{"index":"index","follow":"follow","max-snippet":"max-snippet:-1","max-image-preview":"max-image-preview:large","max-video-preview":"max-video-preview:-1"},"canonical":"https:\/\/www.bellunopress.it\/fr\/2011\/02\/10\/venerdi-al-centro-rossi-di-belluno-labirinti-tra-ludico-e-sublime\/","og_locale":"fr_FR","og_type":"article","og_title":"Venerd\u00ec al Centro \"Rossi\" di Belluno, \"Labirinti tra ludico e sublime\" - Bellunopress - Dolomiti","og_description":"Venerd\u00ec 11 febbraio alle ore 18.30 al Centro Culturale Piero Rossi in Piazza Piloni a Belluno l\u2019Associazione Culturale Verba Volant presenta lo spettacolo Labirinti tra ludico e sublime della Compagnia di teatri sonori Impronte sul vento. La Compagnia si costituisce nel 2008, ma nasce sostanzialmente nel 2001, come costola della Compagnia di teatro-danza e multimedialit\u00e0 [&hellip;]","og_url":"https:\/\/www.bellunopress.it\/fr\/2011\/02\/10\/venerdi-al-centro-rossi-di-belluno-labirinti-tra-ludico-e-sublime\/","og_site_name":"Bellunopress - Dolomiti","article_publisher":"https:\/\/www.facebook.com\/profile.php?id=100008943462799","article_published_time":"2011-02-10T11:14:53+00:00","og_image":[{"url":"http:\/\/www.bellunopress.it\/wp-content\/uploads\/2010\/05\/centro-piero-rossi.jpg","type":"","width":"","height":""}],"author":"redazione","twitter_card":"summary_large_image","twitter_creator":"@bellunopress","twitter_site":"@bellunopress","twitter_misc":{"\u00c9crit par":"redazione","Dur\u00e9e de lecture estim\u00e9e":"1 minute"},"schema":{"@context":"https:\/\/schema.org","@graph":[{"@type":"Article","@id":"https:\/\/www.bellunopress.it\/2011\/02\/10\/venerdi-al-centro-rossi-di-belluno-labirinti-tra-ludico-e-sublime\/#article","isPartOf":{"@id":"https:\/\/www.bellunopress.it\/2011\/02\/10\/venerdi-al-centro-rossi-di-belluno-labirinti-tra-ludico-e-sublime\/"},"author":{"name":"redazione","@id":"https:\/\/www.bellunopress.it\/#\/schema\/person\/79bb06722b37ece1c03d3e94beb30d73"},"headline":"Venerd\u00ec al Centro &#8220;Rossi&#8221; di Belluno, &#8220;Labirinti tra ludico e sublime&#8221;","datePublished":"2011-02-10T11:14:53+00:00","mainEntityOfPage":{"@id":"https:\/\/www.bellunopress.it\/2011\/02\/10\/venerdi-al-centro-rossi-di-belluno-labirinti-tra-ludico-e-sublime\/"},"wordCount":244,"publisher":{"@id":"https:\/\/www.bellunopress.it\/#organization"},"image":{"@id":"https:\/\/www.bellunopress.it\/2011\/02\/10\/venerdi-al-centro-rossi-di-belluno-labirinti-tra-ludico-e-sublime\/#primaryimage"},"thumbnailUrl":"http:\/\/www.bellunopress.it\/wp-content\/uploads\/2010\/05\/centro-piero-rossi.jpg","articleSection":["Appuntamenti, Eventi","Pausa Caff\u00e8"],"inLanguage":"fr-FR"},{"@type":"WebPage","@id":"https:\/\/www.bellunopress.it\/2011\/02\/10\/venerdi-al-centro-rossi-di-belluno-labirinti-tra-ludico-e-sublime\/","url":"https:\/\/www.bellunopress.it\/2011\/02\/10\/venerdi-al-centro-rossi-di-belluno-labirinti-tra-ludico-e-sublime\/","name":"Venerd\u00ec al Centro \"Rossi\" di Belluno, \"Labirinti tra ludico e sublime\" - Bellunopress - Dolomiti","isPartOf":{"@id":"https:\/\/www.bellunopress.it\/#website"},"primaryImageOfPage":{"@id":"https:\/\/www.bellunopress.it\/2011\/02\/10\/venerdi-al-centro-rossi-di-belluno-labirinti-tra-ludico-e-sublime\/#primaryimage"},"image":{"@id":"https:\/\/www.bellunopress.it\/2011\/02\/10\/venerdi-al-centro-rossi-di-belluno-labirinti-tra-ludico-e-sublime\/#primaryimage"},"thumbnailUrl":"http:\/\/www.bellunopress.it\/wp-content\/uploads\/2010\/05\/centro-piero-rossi.jpg","datePublished":"2011-02-10T11:14:53+00:00","breadcrumb":{"@id":"https:\/\/www.bellunopress.it\/2011\/02\/10\/venerdi-al-centro-rossi-di-belluno-labirinti-tra-ludico-e-sublime\/#breadcrumb"},"inLanguage":"fr-FR","potentialAction":[{"@type":"ReadAction","target":["https:\/\/www.bellunopress.it\/2011\/02\/10\/venerdi-al-centro-rossi-di-belluno-labirinti-tra-ludico-e-sublime\/"]}]},{"@type":"ImageObject","inLanguage":"fr-FR","@id":"https:\/\/www.bellunopress.it\/2011\/02\/10\/venerdi-al-centro-rossi-di-belluno-labirinti-tra-ludico-e-sublime\/#primaryimage","url":"http:\/\/www.bellunopress.it\/wp-content\/uploads\/2010\/05\/centro-piero-rossi.jpg","contentUrl":"http:\/\/www.bellunopress.it\/wp-content\/uploads\/2010\/05\/centro-piero-rossi.jpg"},{"@type":"BreadcrumbList","@id":"https:\/\/www.bellunopress.it\/2011\/02\/10\/venerdi-al-centro-rossi-di-belluno-labirinti-tra-ludico-e-sublime\/#breadcrumb","itemListElement":[{"@type":"ListItem","position":1,"name":"Home","item":"https:\/\/www.bellunopress.it\/"},{"@type":"ListItem","position":2,"name":"Venerd\u00ec al Centro &#8220;Rossi&#8221; di Belluno, &#8220;Labirinti tra ludico e sublime&#8221;"}]},{"@type":"WebSite","@id":"https:\/\/www.bellunopress.it\/#website","url":"https:\/\/www.bellunopress.it\/","name":"Bellunopress - Dolomiti","description":"e-mail: redazione@bellunopress.it","publisher":{"@id":"https:\/\/www.bellunopress.it\/#organization"},"potentialAction":[{"@type":"SearchAction","target":{"@type":"EntryPoint","urlTemplate":"https:\/\/www.bellunopress.it\/?s={search_term_string}"},"query-input":{"@type":"PropertyValueSpecification","valueRequired":true,"valueName":"search_term_string"}}],"inLanguage":"fr-FR"},{"@type":"Organization","@id":"https:\/\/www.bellunopress.it\/#organization","name":"Bellunopress","url":"https:\/\/www.bellunopress.it\/","logo":{"@type":"ImageObject","inLanguage":"fr-FR","@id":"https:\/\/www.bellunopress.it\/#\/schema\/logo\/image\/","url":"https:\/\/www.bellunopress.it\/wp-content\/uploads\/2011\/05\/cropped-logo-bellunopress-.jpg","contentUrl":"https:\/\/www.bellunopress.it\/wp-content\/uploads\/2011\/05\/cropped-logo-bellunopress-.jpg","width":512,"height":512,"caption":"Bellunopress"},"image":{"@id":"https:\/\/www.bellunopress.it\/#\/schema\/logo\/image\/"},"sameAs":["https:\/\/www.facebook.com\/profile.php?id=100008943462799","https:\/\/x.com\/bellunopress","https:\/\/www.linkedin.com\/hp\/?dnr=JBzUWaJfMUw8vbXJJ2tVW5-I3jZKvC4wsoxE&amp;amp;amp;amp;amp;amp;trk=nav_responsive_tab_home","https:\/\/www.youtube.com\/channel\/UCxL0wu1uN0_3_7hGG0306cw"]},{"@type":"Person","@id":"https:\/\/www.bellunopress.it\/#\/schema\/person\/79bb06722b37ece1c03d3e94beb30d73","name":"r\u00e9daction","image":{"@type":"ImageObject","inLanguage":"fr-FR","@id":"https:\/\/secure.gravatar.com\/avatar\/37d968a2e67a6fd04c169c4bdef102d0bc5d31b2546345219e348575eb80e9a0?s=96&d=mm&r=g","url":"https:\/\/secure.gravatar.com\/avatar\/37d968a2e67a6fd04c169c4bdef102d0bc5d31b2546345219e348575eb80e9a0?s=96&d=mm&r=g","contentUrl":"https:\/\/secure.gravatar.com\/avatar\/37d968a2e67a6fd04c169c4bdef102d0bc5d31b2546345219e348575eb80e9a0?s=96&d=mm&r=g","caption":"redazione"},"sameAs":["http:\/\/www.bellunopress.it","https:\/\/x.com\/bellunopress"],"url":"https:\/\/www.bellunopress.it\/fr\/author\/redazione\/"}]}},"_links":{"self":[{"href":"https:\/\/www.bellunopress.it\/fr\/wp-json\/wp\/v2\/posts\/23750","targetHints":{"allow":["GET"]}}],"collection":[{"href":"https:\/\/www.bellunopress.it\/fr\/wp-json\/wp\/v2\/posts"}],"about":[{"href":"https:\/\/www.bellunopress.it\/fr\/wp-json\/wp\/v2\/types\/post"}],"author":[{"embeddable":true,"href":"https:\/\/www.bellunopress.it\/fr\/wp-json\/wp\/v2\/users\/2"}],"replies":[{"embeddable":true,"href":"https:\/\/www.bellunopress.it\/fr\/wp-json\/wp\/v2\/comments?post=23750"}],"version-history":[{"count":1,"href":"https:\/\/www.bellunopress.it\/fr\/wp-json\/wp\/v2\/posts\/23750\/revisions"}],"predecessor-version":[{"id":23751,"href":"https:\/\/www.bellunopress.it\/fr\/wp-json\/wp\/v2\/posts\/23750\/revisions\/23751"}],"wp:attachment":[{"href":"https:\/\/www.bellunopress.it\/fr\/wp-json\/wp\/v2\/media?parent=23750"}],"wp:term":[{"taxonomy":"category","embeddable":true,"href":"https:\/\/www.bellunopress.it\/fr\/wp-json\/wp\/v2\/categories?post=23750"},{"taxonomy":"post_tag","embeddable":true,"href":"https:\/\/www.bellunopress.it\/fr\/wp-json\/wp\/v2\/tags?post=23750"}],"curies":[{"name":"wp","href":"https:\/\/api.w.org\/{rel}","templated":true}]}}