{"id":23732,"date":"2011-02-10T21:08:43","date_gmt":"2011-02-10T20:08:43","guid":{"rendered":"http:\/\/www.bellunopress.it\/?p=23732"},"modified":"2011-02-08T21:12:39","modified_gmt":"2011-02-08T20:12:39","slug":"teatro-per-linfanzia-comincio-dai-3-domenica-il-gatto-e-gli-stivali","status":"publish","type":"post","link":"https:\/\/www.bellunopress.it\/fr\/2011\/02\/10\/teatro-per-linfanzia-comincio-dai-3-domenica-il-gatto-e-gli-stivali\/","title":{"rendered":"Teatro per l&#8217;infanzia &#8220;Comincio dai 3&#8221;: domenica &#8220;Il gatto e gli stivali&#8221;"},"content":{"rendered":"<p><a href=\"http:\/\/www.bellunopress.it\/wp-content\/uploads\/2010\/01\/teatro-comunale-leggeriss.jpg\"><img loading=\"lazy\" decoding=\"async\" class=\"alignleft size-full wp-image-11952\" title=\"teatro-comunale-leggeriss\" src=\"http:\/\/www.bellunopress.it\/wp-content\/uploads\/2010\/01\/teatro-comunale-leggeriss.jpg\" alt=\"\" width=\"135\" height=\"108\" \/><\/a>Dopo la settimana dedicata alle scuole primarie con BARATTOLI Storie di un cuoco e una bimba liberamente ispirato alle storie di Pippi Calzelunghe di Astrid Lindgren, che ha fatto registrare tutte le mattine il tutto esaurito, la Stagione di Teatro per l\u2019Infanzia e la Giovent\u00f9 \u201cComincio dai 3\u201d prosegue la sua programmazione con l\u2019ultima domenica dedicate alle famiglie; in scena il 13 febbraio alle ore 17:00 al Teatro Comunale di Belluno IL GATTO E GLI STIVALI. Condito di una verve tutta originale, ironico e molto divertente, ma al contempo pregno di quei messaggi propri della fiaba classica, Il gatto e gli stivali nella versione di Lucia Zotti attinge alla storia popolare, personalizzata grazie alle scelte registiche, all&#8217;interpretazione dei tre attori e alle musiche originali. Un giovane, alle prese con l&#8217;assunzione di responsabilit\u00e0 della propria vita, viene aiutato e condotto al successo da un gatto molto particolare. Il padre muore e lascia in eredit\u00e0 i suoi pochi e apparentemente poveri averi ai tre figli. Al pi\u00f9 giovane tocca il gatto di famiglia e il ragazzo se ne lamenta considerandolo inutile, ma il felino, grazie ad un paio di stivali magici che gli consentono di spostarsi velocemente, porta il suo padrone alla felicit\u00e0. La storia pone l\u2019accento su una qualit\u00e0 del sentire umano che spesso tende ad essere soffocata: quella dell&#8217;istinto primordiale, quell&#8217;istinto che, quasi magicamente, conduce a discernere la giusta strada nella giungla del vivere; a riconoscere fra gli incontri quelli positivi; ad aver il coraggio di affrontare gravi pericoli per realizzare un sogno; a credere che i sogni possono essere realizzati, se li nutriamo di significato concreto. Lo spettacolo \u00e8 una produzione Teatro Kismet OperA, testo e regia Lucia Zotti, con Monica Contini, Deianira Dragone e Nico Masciullo, disegno luci Vincent Longuemare, scene Nico Masciullo e Vincent Longuemare, musiche Nico Masciullo, costumi Monica Contini, maschere e oggetti di scena Massimiliano Massari. La Stagione di Teatro per l\u2019Infanzia e la Giovent\u00f9 \u201cComincio dai 3\u201d &#8211; organizzata da Tib Teatro, per la direzione artistica di Daniela Nicosia, con Comune di Belluno, Fondazione Teatri delle Dolomiti, Provincia di Belluno, Regione del Veneto, Ministero per i Beni e le Attivit\u00e0 Culturali, MIUR USR del Veneto Ufficio Scolastico Provinciale di Belluno e Agiscuola<br \/>\nINFO E PRENOTAZIONI 0437-950555 <a href=\"http:\/\/www.tibteatro.it\/\">www.tibteatro.it<\/a><\/p>","protected":false},"excerpt":{"rendered":"<p>Dopo la settimana dedicata alle scuole primarie con BARATTOLI Storie di un cuoco e una bimba liberamente ispirato alle storie di Pippi Calzelunghe di Astrid Lindgren, che ha fatto registrare tutte le mattine il tutto esaurito, la Stagione di Teatro per l\u2019Infanzia e la Giovent\u00f9 \u201cComincio dai 3\u201d prosegue la sua programmazione con l\u2019ultima domenica [&hellip;]<\/p>\n","protected":false},"author":2,"featured_media":0,"comment_status":"closed","ping_status":"open","sticky":false,"template":"","format":"standard","meta":{"footnotes":""},"categories":[3,25],"tags":[],"class_list":["post-23732","post","type-post","status-publish","format-standard","category-arte-cultura-spettacoli-scienza-archivi","category-pausa-caffe"],"yoast_head":"<!-- This site is optimized with the Yoast SEO plugin v28.4 - https:\/\/yoast.com\/product\/yoast-seo-wordpress\/ -->\n<title>Teatro per l&#039;infanzia &quot;Comincio dai 3&quot;: domenica &quot;Il gatto e gli stivali&quot; - Bellunopress - Dolomiti<\/title>\n<meta name=\"robots\" content=\"index, follow, max-snippet:-1, max-image-preview:large, max-video-preview:-1\" \/>\n<link rel=\"canonical\" href=\"https:\/\/www.bellunopress.it\/fr\/2011\/02\/10\/teatro-per-linfanzia-comincio-dai-3-domenica-il-gatto-e-gli-stivali\/\" \/>\n<meta property=\"og:locale\" content=\"fr_FR\" \/>\n<meta property=\"og:type\" content=\"article\" \/>\n<meta property=\"og:title\" content=\"Teatro per l&#039;infanzia &quot;Comincio dai 3&quot;: domenica &quot;Il gatto e gli stivali&quot; - Bellunopress - Dolomiti\" \/>\n<meta property=\"og:description\" content=\"Dopo la settimana dedicata alle scuole primarie con BARATTOLI Storie di un cuoco e una bimba liberamente ispirato alle storie di Pippi Calzelunghe di Astrid Lindgren, che ha fatto registrare tutte le mattine il tutto esaurito, la Stagione di Teatro per l\u2019Infanzia e la Giovent\u00f9 \u201cComincio dai 3\u201d prosegue la sua programmazione con l\u2019ultima domenica [&hellip;]\" \/>\n<meta property=\"og:url\" content=\"https:\/\/www.bellunopress.it\/fr\/2011\/02\/10\/teatro-per-linfanzia-comincio-dai-3-domenica-il-gatto-e-gli-stivali\/\" \/>\n<meta property=\"og:site_name\" content=\"Bellunopress - Dolomiti\" \/>\n<meta property=\"article:publisher\" content=\"https:\/\/www.facebook.com\/profile.php?id=100008943462799\" \/>\n<meta property=\"article:published_time\" content=\"2011-02-10T20:08:43+00:00\" \/>\n<meta property=\"og:image\" content=\"http:\/\/www.bellunopress.it\/wp-content\/uploads\/2010\/01\/teatro-comunale-leggeriss.jpg\" \/>\n<meta name=\"author\" content=\"redazione\" \/>\n<meta name=\"twitter:card\" content=\"summary_large_image\" \/>\n<meta name=\"twitter:creator\" content=\"@bellunopress\" \/>\n<meta name=\"twitter:site\" content=\"@bellunopress\" \/>\n<meta name=\"twitter:label1\" content=\"\u00c9crit par\" \/>\n\t<meta name=\"twitter:data1\" content=\"redazione\" \/>\n\t<meta name=\"twitter:label2\" content=\"Dur\u00e9e de lecture estim\u00e9e\" \/>\n\t<meta name=\"twitter:data2\" content=\"2 minutes\" \/>\n<script type=\"application\/ld+json\" class=\"yoast-schema-graph\">{\"@context\":\"https:\\\/\\\/schema.org\",\"@graph\":[{\"@type\":\"Article\",\"@id\":\"https:\\\/\\\/www.bellunopress.it\\\/2011\\\/02\\\/10\\\/teatro-per-linfanzia-comincio-dai-3-domenica-il-gatto-e-gli-stivali\\\/#article\",\"isPartOf\":{\"@id\":\"https:\\\/\\\/www.bellunopress.it\\\/2011\\\/02\\\/10\\\/teatro-per-linfanzia-comincio-dai-3-domenica-il-gatto-e-gli-stivali\\\/\"},\"author\":{\"name\":\"redazione\",\"@id\":\"https:\\\/\\\/www.bellunopress.it\\\/#\\\/schema\\\/person\\\/79bb06722b37ece1c03d3e94beb30d73\"},\"headline\":\"Teatro per l&#8217;infanzia &#8220;Comincio dai 3&#8221;: domenica &#8220;Il gatto e gli stivali&#8221;\",\"datePublished\":\"2011-02-10T20:08:43+00:00\",\"mainEntityOfPage\":{\"@id\":\"https:\\\/\\\/www.bellunopress.it\\\/2011\\\/02\\\/10\\\/teatro-per-linfanzia-comincio-dai-3-domenica-il-gatto-e-gli-stivali\\\/\"},\"wordCount\":390,\"publisher\":{\"@id\":\"https:\\\/\\\/www.bellunopress.it\\\/#organization\"},\"image\":{\"@id\":\"https:\\\/\\\/www.bellunopress.it\\\/2011\\\/02\\\/10\\\/teatro-per-linfanzia-comincio-dai-3-domenica-il-gatto-e-gli-stivali\\\/#primaryimage\"},\"thumbnailUrl\":\"http:\\\/\\\/www.bellunopress.it\\\/wp-content\\\/uploads\\\/2010\\\/01\\\/teatro-comunale-leggeriss.jpg\",\"articleSection\":[\"Arte, Cultura, Spettacoli, Scienza\",\"Pausa Caff\u00e8\"],\"inLanguage\":\"fr-FR\"},{\"@type\":\"WebPage\",\"@id\":\"https:\\\/\\\/www.bellunopress.it\\\/2011\\\/02\\\/10\\\/teatro-per-linfanzia-comincio-dai-3-domenica-il-gatto-e-gli-stivali\\\/\",\"url\":\"https:\\\/\\\/www.bellunopress.it\\\/2011\\\/02\\\/10\\\/teatro-per-linfanzia-comincio-dai-3-domenica-il-gatto-e-gli-stivali\\\/\",\"name\":\"Teatro per l'infanzia \\\"Comincio dai 3\\\": domenica \\\"Il gatto e gli stivali\\\" - Bellunopress - Dolomiti\",\"isPartOf\":{\"@id\":\"https:\\\/\\\/www.bellunopress.it\\\/#website\"},\"primaryImageOfPage\":{\"@id\":\"https:\\\/\\\/www.bellunopress.it\\\/2011\\\/02\\\/10\\\/teatro-per-linfanzia-comincio-dai-3-domenica-il-gatto-e-gli-stivali\\\/#primaryimage\"},\"image\":{\"@id\":\"https:\\\/\\\/www.bellunopress.it\\\/2011\\\/02\\\/10\\\/teatro-per-linfanzia-comincio-dai-3-domenica-il-gatto-e-gli-stivali\\\/#primaryimage\"},\"thumbnailUrl\":\"http:\\\/\\\/www.bellunopress.it\\\/wp-content\\\/uploads\\\/2010\\\/01\\\/teatro-comunale-leggeriss.jpg\",\"datePublished\":\"2011-02-10T20:08:43+00:00\",\"breadcrumb\":{\"@id\":\"https:\\\/\\\/www.bellunopress.it\\\/2011\\\/02\\\/10\\\/teatro-per-linfanzia-comincio-dai-3-domenica-il-gatto-e-gli-stivali\\\/#breadcrumb\"},\"inLanguage\":\"fr-FR\",\"potentialAction\":[{\"@type\":\"ReadAction\",\"target\":[\"https:\\\/\\\/www.bellunopress.it\\\/2011\\\/02\\\/10\\\/teatro-per-linfanzia-comincio-dai-3-domenica-il-gatto-e-gli-stivali\\\/\"]}]},{\"@type\":\"ImageObject\",\"inLanguage\":\"fr-FR\",\"@id\":\"https:\\\/\\\/www.bellunopress.it\\\/2011\\\/02\\\/10\\\/teatro-per-linfanzia-comincio-dai-3-domenica-il-gatto-e-gli-stivali\\\/#primaryimage\",\"url\":\"http:\\\/\\\/www.bellunopress.it\\\/wp-content\\\/uploads\\\/2010\\\/01\\\/teatro-comunale-leggeriss.jpg\",\"contentUrl\":\"http:\\\/\\\/www.bellunopress.it\\\/wp-content\\\/uploads\\\/2010\\\/01\\\/teatro-comunale-leggeriss.jpg\"},{\"@type\":\"BreadcrumbList\",\"@id\":\"https:\\\/\\\/www.bellunopress.it\\\/2011\\\/02\\\/10\\\/teatro-per-linfanzia-comincio-dai-3-domenica-il-gatto-e-gli-stivali\\\/#breadcrumb\",\"itemListElement\":[{\"@type\":\"ListItem\",\"position\":1,\"name\":\"Home\",\"item\":\"https:\\\/\\\/www.bellunopress.it\\\/\"},{\"@type\":\"ListItem\",\"position\":2,\"name\":\"Teatro per l&#8217;infanzia &#8220;Comincio dai 3&#8221;: domenica &#8220;Il gatto e gli stivali&#8221;\"}]},{\"@type\":\"WebSite\",\"@id\":\"https:\\\/\\\/www.bellunopress.it\\\/#website\",\"url\":\"https:\\\/\\\/www.bellunopress.it\\\/\",\"name\":\"Bellunopress - Dolomiti\",\"description\":\"e-mail: redazione@bellunopress.it\",\"publisher\":{\"@id\":\"https:\\\/\\\/www.bellunopress.it\\\/#organization\"},\"potentialAction\":[{\"@type\":\"SearchAction\",\"target\":{\"@type\":\"EntryPoint\",\"urlTemplate\":\"https:\\\/\\\/www.bellunopress.it\\\/?s={search_term_string}\"},\"query-input\":{\"@type\":\"PropertyValueSpecification\",\"valueRequired\":true,\"valueName\":\"search_term_string\"}}],\"inLanguage\":\"fr-FR\"},{\"@type\":\"Organization\",\"@id\":\"https:\\\/\\\/www.bellunopress.it\\\/#organization\",\"name\":\"Bellunopress\",\"url\":\"https:\\\/\\\/www.bellunopress.it\\\/\",\"logo\":{\"@type\":\"ImageObject\",\"inLanguage\":\"fr-FR\",\"@id\":\"https:\\\/\\\/www.bellunopress.it\\\/#\\\/schema\\\/logo\\\/image\\\/\",\"url\":\"https:\\\/\\\/www.bellunopress.it\\\/wp-content\\\/uploads\\\/2011\\\/05\\\/cropped-logo-bellunopress-.jpg\",\"contentUrl\":\"https:\\\/\\\/www.bellunopress.it\\\/wp-content\\\/uploads\\\/2011\\\/05\\\/cropped-logo-bellunopress-.jpg\",\"width\":512,\"height\":512,\"caption\":\"Bellunopress\"},\"image\":{\"@id\":\"https:\\\/\\\/www.bellunopress.it\\\/#\\\/schema\\\/logo\\\/image\\\/\"},\"sameAs\":[\"https:\\\/\\\/www.facebook.com\\\/profile.php?id=100008943462799\",\"https:\\\/\\\/x.com\\\/bellunopress\",\"https:\\\/\\\/www.linkedin.com\\\/hp\\\/?dnr=JBzUWaJfMUw8vbXJJ2tVW5-I3jZKvC4wsoxE&amp;amp;amp;amp;amp;amp;trk=nav_responsive_tab_home\",\"https:\\\/\\\/www.youtube.com\\\/channel\\\/UCxL0wu1uN0_3_7hGG0306cw\"]},{\"@type\":\"Person\",\"@id\":\"https:\\\/\\\/www.bellunopress.it\\\/#\\\/schema\\\/person\\\/79bb06722b37ece1c03d3e94beb30d73\",\"name\":\"redazione\",\"image\":{\"@type\":\"ImageObject\",\"inLanguage\":\"fr-FR\",\"@id\":\"https:\\\/\\\/secure.gravatar.com\\\/avatar\\\/37d968a2e67a6fd04c169c4bdef102d0bc5d31b2546345219e348575eb80e9a0?s=96&d=mm&r=g\",\"url\":\"https:\\\/\\\/secure.gravatar.com\\\/avatar\\\/37d968a2e67a6fd04c169c4bdef102d0bc5d31b2546345219e348575eb80e9a0?s=96&d=mm&r=g\",\"contentUrl\":\"https:\\\/\\\/secure.gravatar.com\\\/avatar\\\/37d968a2e67a6fd04c169c4bdef102d0bc5d31b2546345219e348575eb80e9a0?s=96&d=mm&r=g\",\"caption\":\"redazione\"},\"sameAs\":[\"http:\\\/\\\/www.bellunopress.it\",\"https:\\\/\\\/x.com\\\/bellunopress\"],\"url\":\"https:\\\/\\\/www.bellunopress.it\\\/fr\\\/author\\\/redazione\\\/\"}]}<\/script>\n<!-- \/ Yoast SEO plugin. -->","yoast_head_json":{"title":"Teatro per l'infanzia \"Comincio dai 3\": domenica \"Il gatto e gli stivali\" - Bellunopress - Dolomiti","robots":{"index":"index","follow":"follow","max-snippet":"max-snippet:-1","max-image-preview":"max-image-preview:large","max-video-preview":"max-video-preview:-1"},"canonical":"https:\/\/www.bellunopress.it\/fr\/2011\/02\/10\/teatro-per-linfanzia-comincio-dai-3-domenica-il-gatto-e-gli-stivali\/","og_locale":"fr_FR","og_type":"article","og_title":"Teatro per l'infanzia \"Comincio dai 3\": domenica \"Il gatto e gli stivali\" - Bellunopress - Dolomiti","og_description":"Dopo la settimana dedicata alle scuole primarie con BARATTOLI Storie di un cuoco e una bimba liberamente ispirato alle storie di Pippi Calzelunghe di Astrid Lindgren, che ha fatto registrare tutte le mattine il tutto esaurito, la Stagione di Teatro per l\u2019Infanzia e la Giovent\u00f9 \u201cComincio dai 3\u201d prosegue la sua programmazione con l\u2019ultima domenica [&hellip;]","og_url":"https:\/\/www.bellunopress.it\/fr\/2011\/02\/10\/teatro-per-linfanzia-comincio-dai-3-domenica-il-gatto-e-gli-stivali\/","og_site_name":"Bellunopress - Dolomiti","article_publisher":"https:\/\/www.facebook.com\/profile.php?id=100008943462799","article_published_time":"2011-02-10T20:08:43+00:00","og_image":[{"url":"http:\/\/www.bellunopress.it\/wp-content\/uploads\/2010\/01\/teatro-comunale-leggeriss.jpg","type":"","width":"","height":""}],"author":"redazione","twitter_card":"summary_large_image","twitter_creator":"@bellunopress","twitter_site":"@bellunopress","twitter_misc":{"\u00c9crit par":"redazione","Dur\u00e9e de lecture estim\u00e9e":"2 minutes"},"schema":{"@context":"https:\/\/schema.org","@graph":[{"@type":"Article","@id":"https:\/\/www.bellunopress.it\/2011\/02\/10\/teatro-per-linfanzia-comincio-dai-3-domenica-il-gatto-e-gli-stivali\/#article","isPartOf":{"@id":"https:\/\/www.bellunopress.it\/2011\/02\/10\/teatro-per-linfanzia-comincio-dai-3-domenica-il-gatto-e-gli-stivali\/"},"author":{"name":"redazione","@id":"https:\/\/www.bellunopress.it\/#\/schema\/person\/79bb06722b37ece1c03d3e94beb30d73"},"headline":"Teatro per l&#8217;infanzia &#8220;Comincio dai 3&#8221;: domenica &#8220;Il gatto e gli stivali&#8221;","datePublished":"2011-02-10T20:08:43+00:00","mainEntityOfPage":{"@id":"https:\/\/www.bellunopress.it\/2011\/02\/10\/teatro-per-linfanzia-comincio-dai-3-domenica-il-gatto-e-gli-stivali\/"},"wordCount":390,"publisher":{"@id":"https:\/\/www.bellunopress.it\/#organization"},"image":{"@id":"https:\/\/www.bellunopress.it\/2011\/02\/10\/teatro-per-linfanzia-comincio-dai-3-domenica-il-gatto-e-gli-stivali\/#primaryimage"},"thumbnailUrl":"http:\/\/www.bellunopress.it\/wp-content\/uploads\/2010\/01\/teatro-comunale-leggeriss.jpg","articleSection":["Arte, Cultura, Spettacoli, Scienza","Pausa Caff\u00e8"],"inLanguage":"fr-FR"},{"@type":"WebPage","@id":"https:\/\/www.bellunopress.it\/2011\/02\/10\/teatro-per-linfanzia-comincio-dai-3-domenica-il-gatto-e-gli-stivali\/","url":"https:\/\/www.bellunopress.it\/2011\/02\/10\/teatro-per-linfanzia-comincio-dai-3-domenica-il-gatto-e-gli-stivali\/","name":"Teatro per l'infanzia \"Comincio dai 3\": domenica \"Il gatto e gli stivali\" - Bellunopress - Dolomiti","isPartOf":{"@id":"https:\/\/www.bellunopress.it\/#website"},"primaryImageOfPage":{"@id":"https:\/\/www.bellunopress.it\/2011\/02\/10\/teatro-per-linfanzia-comincio-dai-3-domenica-il-gatto-e-gli-stivali\/#primaryimage"},"image":{"@id":"https:\/\/www.bellunopress.it\/2011\/02\/10\/teatro-per-linfanzia-comincio-dai-3-domenica-il-gatto-e-gli-stivali\/#primaryimage"},"thumbnailUrl":"http:\/\/www.bellunopress.it\/wp-content\/uploads\/2010\/01\/teatro-comunale-leggeriss.jpg","datePublished":"2011-02-10T20:08:43+00:00","breadcrumb":{"@id":"https:\/\/www.bellunopress.it\/2011\/02\/10\/teatro-per-linfanzia-comincio-dai-3-domenica-il-gatto-e-gli-stivali\/#breadcrumb"},"inLanguage":"fr-FR","potentialAction":[{"@type":"ReadAction","target":["https:\/\/www.bellunopress.it\/2011\/02\/10\/teatro-per-linfanzia-comincio-dai-3-domenica-il-gatto-e-gli-stivali\/"]}]},{"@type":"ImageObject","inLanguage":"fr-FR","@id":"https:\/\/www.bellunopress.it\/2011\/02\/10\/teatro-per-linfanzia-comincio-dai-3-domenica-il-gatto-e-gli-stivali\/#primaryimage","url":"http:\/\/www.bellunopress.it\/wp-content\/uploads\/2010\/01\/teatro-comunale-leggeriss.jpg","contentUrl":"http:\/\/www.bellunopress.it\/wp-content\/uploads\/2010\/01\/teatro-comunale-leggeriss.jpg"},{"@type":"BreadcrumbList","@id":"https:\/\/www.bellunopress.it\/2011\/02\/10\/teatro-per-linfanzia-comincio-dai-3-domenica-il-gatto-e-gli-stivali\/#breadcrumb","itemListElement":[{"@type":"ListItem","position":1,"name":"Home","item":"https:\/\/www.bellunopress.it\/"},{"@type":"ListItem","position":2,"name":"Teatro per l&#8217;infanzia &#8220;Comincio dai 3&#8221;: domenica &#8220;Il gatto e gli stivali&#8221;"}]},{"@type":"WebSite","@id":"https:\/\/www.bellunopress.it\/#website","url":"https:\/\/www.bellunopress.it\/","name":"Bellunopress - Dolomiti","description":"e-mail: redazione@bellunopress.it","publisher":{"@id":"https:\/\/www.bellunopress.it\/#organization"},"potentialAction":[{"@type":"SearchAction","target":{"@type":"EntryPoint","urlTemplate":"https:\/\/www.bellunopress.it\/?s={search_term_string}"},"query-input":{"@type":"PropertyValueSpecification","valueRequired":true,"valueName":"search_term_string"}}],"inLanguage":"fr-FR"},{"@type":"Organization","@id":"https:\/\/www.bellunopress.it\/#organization","name":"Bellunopress","url":"https:\/\/www.bellunopress.it\/","logo":{"@type":"ImageObject","inLanguage":"fr-FR","@id":"https:\/\/www.bellunopress.it\/#\/schema\/logo\/image\/","url":"https:\/\/www.bellunopress.it\/wp-content\/uploads\/2011\/05\/cropped-logo-bellunopress-.jpg","contentUrl":"https:\/\/www.bellunopress.it\/wp-content\/uploads\/2011\/05\/cropped-logo-bellunopress-.jpg","width":512,"height":512,"caption":"Bellunopress"},"image":{"@id":"https:\/\/www.bellunopress.it\/#\/schema\/logo\/image\/"},"sameAs":["https:\/\/www.facebook.com\/profile.php?id=100008943462799","https:\/\/x.com\/bellunopress","https:\/\/www.linkedin.com\/hp\/?dnr=JBzUWaJfMUw8vbXJJ2tVW5-I3jZKvC4wsoxE&amp;amp;amp;amp;amp;amp;trk=nav_responsive_tab_home","https:\/\/www.youtube.com\/channel\/UCxL0wu1uN0_3_7hGG0306cw"]},{"@type":"Person","@id":"https:\/\/www.bellunopress.it\/#\/schema\/person\/79bb06722b37ece1c03d3e94beb30d73","name":"r\u00e9daction","image":{"@type":"ImageObject","inLanguage":"fr-FR","@id":"https:\/\/secure.gravatar.com\/avatar\/37d968a2e67a6fd04c169c4bdef102d0bc5d31b2546345219e348575eb80e9a0?s=96&d=mm&r=g","url":"https:\/\/secure.gravatar.com\/avatar\/37d968a2e67a6fd04c169c4bdef102d0bc5d31b2546345219e348575eb80e9a0?s=96&d=mm&r=g","contentUrl":"https:\/\/secure.gravatar.com\/avatar\/37d968a2e67a6fd04c169c4bdef102d0bc5d31b2546345219e348575eb80e9a0?s=96&d=mm&r=g","caption":"redazione"},"sameAs":["http:\/\/www.bellunopress.it","https:\/\/x.com\/bellunopress"],"url":"https:\/\/www.bellunopress.it\/fr\/author\/redazione\/"}]}},"_links":{"self":[{"href":"https:\/\/www.bellunopress.it\/fr\/wp-json\/wp\/v2\/posts\/23732","targetHints":{"allow":["GET"]}}],"collection":[{"href":"https:\/\/www.bellunopress.it\/fr\/wp-json\/wp\/v2\/posts"}],"about":[{"href":"https:\/\/www.bellunopress.it\/fr\/wp-json\/wp\/v2\/types\/post"}],"author":[{"embeddable":true,"href":"https:\/\/www.bellunopress.it\/fr\/wp-json\/wp\/v2\/users\/2"}],"replies":[{"embeddable":true,"href":"https:\/\/www.bellunopress.it\/fr\/wp-json\/wp\/v2\/comments?post=23732"}],"version-history":[{"count":1,"href":"https:\/\/www.bellunopress.it\/fr\/wp-json\/wp\/v2\/posts\/23732\/revisions"}],"predecessor-version":[{"id":23733,"href":"https:\/\/www.bellunopress.it\/fr\/wp-json\/wp\/v2\/posts\/23732\/revisions\/23733"}],"wp:attachment":[{"href":"https:\/\/www.bellunopress.it\/fr\/wp-json\/wp\/v2\/media?parent=23732"}],"wp:term":[{"taxonomy":"category","embeddable":true,"href":"https:\/\/www.bellunopress.it\/fr\/wp-json\/wp\/v2\/categories?post=23732"},{"taxonomy":"post_tag","embeddable":true,"href":"https:\/\/www.bellunopress.it\/fr\/wp-json\/wp\/v2\/tags?post=23732"}],"curies":[{"name":"wp","href":"https:\/\/api.w.org\/{rel}","templated":true}]}}