{"id":23686,"date":"2011-02-07T19:56:59","date_gmt":"2011-02-07T18:56:59","guid":{"rendered":"http:\/\/www.bellunopress.it\/?p=23686"},"modified":"2011-02-07T19:56:59","modified_gmt":"2011-02-07T18:56:59","slug":"un-pezzo-di-cortina-nelle-grappe-di-bottega","status":"publish","type":"post","link":"https:\/\/www.bellunopress.it\/fr\/2011\/02\/07\/un-pezzo-di-cortina-nelle-grappe-di-bottega\/","title":{"rendered":"Un pezzo di Cortina nelle grappe di Bottega"},"content":{"rendered":"<p><a href=\"http:\/\/www.bellunopress.it\/wp-content\/uploads\/2011\/02\/Sandro_Bottega_titolare_della_Distilleria_Bottega.jpg\"><img loading=\"lazy\" decoding=\"async\" class=\"alignleft size-full wp-image-23687\" title=\"Sandro_Bottega,_titolare_della_Distilleria_Bottega\" src=\"http:\/\/www.bellunopress.it\/wp-content\/uploads\/2011\/02\/Sandro_Bottega_titolare_della_Distilleria_Bottega.jpg\" alt=\"\" width=\"218\" height=\"290\" \/><\/a>Una piccola miniatura in vetro soffiato di un monte con la scritta &#8220;Cortina&#8221; \u00e8 uno dei progetti dedicati all&#8217;hinterland bellunese da parte della Distilleria Bottega di Conegliano, azienda che da pi\u00f9 di mezzo secolo \u00e8 presente in maniera molto massiccia sulle tavole dei bellunesi con una vasta gamma di grappe, molte della quali artistiche, vini bianchi e rossi, e altre tiplgie di distillati e di liquori. Una novit\u00e0 che segue, di qualche anno, la famosa bottiglia Alexander, marchio sempre di propriet\u00e0 della Distilleria Bottega, che ha fatto furore nelle enoteche e nei locali pi\u00f9 in vista della mondanit\u00e0 cortinese, grazie ad uno scoiattolo vitreo all&#8217;interno della bottiglia stessa che l&#8217;ha resa anche prodotto ricercatissimo dai collezionisti di questo settore. &#8220;La provincia di Belluno&#8221;, afferma Sandro Bottega, titolare dell&#8217;azienda di famiglia, presente con le sue realizzazioni in circa 80 paesi nel mondo, &#8220;ci regala ogni anno grosse soddisfazioni, in quanto registriamo incrementi molto alti sui ricavi proprio in queste zone, grazie anche all&#8217;ottima grappa che produciamo. Abbiamo cos\u00ec deciso di immettere sul mercato nazionale e su quello estero, una nuova bottiglia dedicata a Cortina, augurandoci che possa raggiungere lo stesso successo che abbiamo riscontrato con la versione precedente, alcuni anni orsono. In progetto&#8221;, conclude Bottega, &#8220;c&#8217;\u00e8 anche un&#8217;altra bottiglia con dentro una miniatura in vetro soffiato di un monumento bellunese, che al momento \u00e8 ancora in fase di progettazione, ma che dovrebbe essere sul mercato a fine 2011&#8221;. L&#8217;azienda veneta \u00e8 molto conosciuta sul territorio anche per la collaborazione con le tenute vinicole di Al Bano, in Puglia, e con quelle di Stefania Sandrelli assieme alla quale produce un ottimo Chianti. (Fulco Naccari)<\/p>\n<p>nella foto: Sandro Bottega, titolare della Distilleria Bottega di Conegliano<\/p>","protected":false},"excerpt":{"rendered":"<p>Una piccola miniatura in vetro soffiato di un monte con la scritta &#8220;Cortina&#8221; \u00e8 uno dei progetti dedicati all&#8217;hinterland bellunese da parte della Distilleria Bottega di Conegliano, azienda che da pi\u00f9 di mezzo secolo \u00e8 presente in maniera molto massiccia sulle tavole dei bellunesi con una vasta gamma di grappe, molte della quali artistiche, vini [&hellip;]<\/p>\n","protected":false},"author":2,"featured_media":0,"comment_status":"closed","ping_status":"open","sticky":false,"template":"","format":"standard","meta":{"footnotes":""},"categories":[25,50],"tags":[2285,2286],"class_list":["post-23686","post","type-post","status-publish","format-standard","category-pausa-caffe","category-pubbliredazionali","tag-distilleria-bottega","tag-sandro-bottega"],"yoast_head":"<!-- This site is optimized with the Yoast SEO plugin v28.4 - https:\/\/yoast.com\/product\/yoast-seo-wordpress\/ -->\n<title>Un pezzo di Cortina nelle grappe di Bottega - Bellunopress - Dolomiti<\/title>\n<meta name=\"robots\" content=\"index, follow, max-snippet:-1, max-image-preview:large, max-video-preview:-1\" \/>\n<link rel=\"canonical\" href=\"https:\/\/www.bellunopress.it\/fr\/2011\/02\/07\/un-pezzo-di-cortina-nelle-grappe-di-bottega\/\" \/>\n<meta property=\"og:locale\" content=\"fr_FR\" \/>\n<meta property=\"og:type\" content=\"article\" \/>\n<meta property=\"og:title\" content=\"Un pezzo di Cortina nelle grappe di Bottega - Bellunopress - Dolomiti\" \/>\n<meta property=\"og:description\" content=\"Una piccola miniatura in vetro soffiato di un monte con la scritta &#8220;Cortina&#8221; \u00e8 uno dei progetti dedicati all&#8217;hinterland bellunese da parte della Distilleria Bottega di Conegliano, azienda che da pi\u00f9 di mezzo secolo \u00e8 presente in maniera molto massiccia sulle tavole dei bellunesi con una vasta gamma di grappe, molte della quali artistiche, vini [&hellip;]\" \/>\n<meta property=\"og:url\" content=\"https:\/\/www.bellunopress.it\/fr\/2011\/02\/07\/un-pezzo-di-cortina-nelle-grappe-di-bottega\/\" \/>\n<meta property=\"og:site_name\" content=\"Bellunopress - Dolomiti\" \/>\n<meta property=\"article:publisher\" content=\"https:\/\/www.facebook.com\/profile.php?id=100008943462799\" \/>\n<meta property=\"article:published_time\" content=\"2011-02-07T18:56:59+00:00\" \/>\n<meta property=\"og:image\" content=\"http:\/\/www.bellunopress.it\/wp-content\/uploads\/2011\/02\/Sandro_Bottega_titolare_della_Distilleria_Bottega.jpg\" \/>\n<meta name=\"author\" content=\"redazione\" \/>\n<meta name=\"twitter:card\" content=\"summary_large_image\" \/>\n<meta name=\"twitter:creator\" content=\"@bellunopress\" \/>\n<meta name=\"twitter:site\" content=\"@bellunopress\" \/>\n<meta name=\"twitter:label1\" content=\"Written by\" \/>\n\t<meta name=\"twitter:data1\" content=\"redazione\" \/>\n\t<meta name=\"twitter:label2\" content=\"Est. reading time\" \/>\n\t<meta name=\"twitter:data2\" content=\"1 minute\" \/>\n<script type=\"application\/ld+json\" class=\"yoast-schema-graph\">{\"@context\":\"https:\\\/\\\/schema.org\",\"@graph\":[{\"@type\":\"Article\",\"@id\":\"https:\\\/\\\/www.bellunopress.it\\\/2011\\\/02\\\/07\\\/un-pezzo-di-cortina-nelle-grappe-di-bottega\\\/#article\",\"isPartOf\":{\"@id\":\"https:\\\/\\\/www.bellunopress.it\\\/2011\\\/02\\\/07\\\/un-pezzo-di-cortina-nelle-grappe-di-bottega\\\/\"},\"author\":{\"name\":\"redazione\",\"@id\":\"https:\\\/\\\/www.bellunopress.it\\\/#\\\/schema\\\/person\\\/79bb06722b37ece1c03d3e94beb30d73\"},\"headline\":\"Un pezzo di Cortina nelle grappe di Bottega\",\"datePublished\":\"2011-02-07T18:56:59+00:00\",\"mainEntityOfPage\":{\"@id\":\"https:\\\/\\\/www.bellunopress.it\\\/2011\\\/02\\\/07\\\/un-pezzo-di-cortina-nelle-grappe-di-bottega\\\/\"},\"wordCount\":291,\"publisher\":{\"@id\":\"https:\\\/\\\/www.bellunopress.it\\\/#organization\"},\"image\":{\"@id\":\"https:\\\/\\\/www.bellunopress.it\\\/2011\\\/02\\\/07\\\/un-pezzo-di-cortina-nelle-grappe-di-bottega\\\/#primaryimage\"},\"thumbnailUrl\":\"http:\\\/\\\/www.bellunopress.it\\\/wp-content\\\/uploads\\\/2011\\\/02\\\/Sandro_Bottega_titolare_della_Distilleria_Bottega.jpg\",\"keywords\":[\"Distilleria Bottega\",\"Sandro Bottega\"],\"articleSection\":[\"Pausa Caff\u00e8\",\"Pubbliredazionali\"],\"inLanguage\":\"fr-FR\"},{\"@type\":\"WebPage\",\"@id\":\"https:\\\/\\\/www.bellunopress.it\\\/2011\\\/02\\\/07\\\/un-pezzo-di-cortina-nelle-grappe-di-bottega\\\/\",\"url\":\"https:\\\/\\\/www.bellunopress.it\\\/2011\\\/02\\\/07\\\/un-pezzo-di-cortina-nelle-grappe-di-bottega\\\/\",\"name\":\"Un pezzo di Cortina nelle grappe di Bottega - Bellunopress - Dolomiti\",\"isPartOf\":{\"@id\":\"https:\\\/\\\/www.bellunopress.it\\\/#website\"},\"primaryImageOfPage\":{\"@id\":\"https:\\\/\\\/www.bellunopress.it\\\/2011\\\/02\\\/07\\\/un-pezzo-di-cortina-nelle-grappe-di-bottega\\\/#primaryimage\"},\"image\":{\"@id\":\"https:\\\/\\\/www.bellunopress.it\\\/2011\\\/02\\\/07\\\/un-pezzo-di-cortina-nelle-grappe-di-bottega\\\/#primaryimage\"},\"thumbnailUrl\":\"http:\\\/\\\/www.bellunopress.it\\\/wp-content\\\/uploads\\\/2011\\\/02\\\/Sandro_Bottega_titolare_della_Distilleria_Bottega.jpg\",\"datePublished\":\"2011-02-07T18:56:59+00:00\",\"breadcrumb\":{\"@id\":\"https:\\\/\\\/www.bellunopress.it\\\/2011\\\/02\\\/07\\\/un-pezzo-di-cortina-nelle-grappe-di-bottega\\\/#breadcrumb\"},\"inLanguage\":\"fr-FR\",\"potentialAction\":[{\"@type\":\"ReadAction\",\"target\":[\"https:\\\/\\\/www.bellunopress.it\\\/2011\\\/02\\\/07\\\/un-pezzo-di-cortina-nelle-grappe-di-bottega\\\/\"]}]},{\"@type\":\"ImageObject\",\"inLanguage\":\"fr-FR\",\"@id\":\"https:\\\/\\\/www.bellunopress.it\\\/2011\\\/02\\\/07\\\/un-pezzo-di-cortina-nelle-grappe-di-bottega\\\/#primaryimage\",\"url\":\"http:\\\/\\\/www.bellunopress.it\\\/wp-content\\\/uploads\\\/2011\\\/02\\\/Sandro_Bottega_titolare_della_Distilleria_Bottega.jpg\",\"contentUrl\":\"http:\\\/\\\/www.bellunopress.it\\\/wp-content\\\/uploads\\\/2011\\\/02\\\/Sandro_Bottega_titolare_della_Distilleria_Bottega.jpg\"},{\"@type\":\"BreadcrumbList\",\"@id\":\"https:\\\/\\\/www.bellunopress.it\\\/2011\\\/02\\\/07\\\/un-pezzo-di-cortina-nelle-grappe-di-bottega\\\/#breadcrumb\",\"itemListElement\":[{\"@type\":\"ListItem\",\"position\":1,\"name\":\"Home\",\"item\":\"https:\\\/\\\/www.bellunopress.it\\\/\"},{\"@type\":\"ListItem\",\"position\":2,\"name\":\"Un pezzo di Cortina nelle grappe di Bottega\"}]},{\"@type\":\"WebSite\",\"@id\":\"https:\\\/\\\/www.bellunopress.it\\\/#website\",\"url\":\"https:\\\/\\\/www.bellunopress.it\\\/\",\"name\":\"Bellunopress - Dolomiti\",\"description\":\"e-mail: redazione@bellunopress.it\",\"publisher\":{\"@id\":\"https:\\\/\\\/www.bellunopress.it\\\/#organization\"},\"potentialAction\":[{\"@type\":\"SearchAction\",\"target\":{\"@type\":\"EntryPoint\",\"urlTemplate\":\"https:\\\/\\\/www.bellunopress.it\\\/?s={search_term_string}\"},\"query-input\":{\"@type\":\"PropertyValueSpecification\",\"valueRequired\":true,\"valueName\":\"search_term_string\"}}],\"inLanguage\":\"fr-FR\"},{\"@type\":\"Organization\",\"@id\":\"https:\\\/\\\/www.bellunopress.it\\\/#organization\",\"name\":\"Bellunopress\",\"url\":\"https:\\\/\\\/www.bellunopress.it\\\/\",\"logo\":{\"@type\":\"ImageObject\",\"inLanguage\":\"fr-FR\",\"@id\":\"https:\\\/\\\/www.bellunopress.it\\\/#\\\/schema\\\/logo\\\/image\\\/\",\"url\":\"https:\\\/\\\/www.bellunopress.it\\\/wp-content\\\/uploads\\\/2011\\\/05\\\/cropped-logo-bellunopress-.jpg\",\"contentUrl\":\"https:\\\/\\\/www.bellunopress.it\\\/wp-content\\\/uploads\\\/2011\\\/05\\\/cropped-logo-bellunopress-.jpg\",\"width\":512,\"height\":512,\"caption\":\"Bellunopress\"},\"image\":{\"@id\":\"https:\\\/\\\/www.bellunopress.it\\\/#\\\/schema\\\/logo\\\/image\\\/\"},\"sameAs\":[\"https:\\\/\\\/www.facebook.com\\\/profile.php?id=100008943462799\",\"https:\\\/\\\/x.com\\\/bellunopress\",\"https:\\\/\\\/www.linkedin.com\\\/hp\\\/?dnr=JBzUWaJfMUw8vbXJJ2tVW5-I3jZKvC4wsoxE&amp;amp;amp;amp;amp;amp;trk=nav_responsive_tab_home\",\"https:\\\/\\\/www.youtube.com\\\/channel\\\/UCxL0wu1uN0_3_7hGG0306cw\"]},{\"@type\":\"Person\",\"@id\":\"https:\\\/\\\/www.bellunopress.it\\\/#\\\/schema\\\/person\\\/79bb06722b37ece1c03d3e94beb30d73\",\"name\":\"redazione\",\"image\":{\"@type\":\"ImageObject\",\"inLanguage\":\"fr-FR\",\"@id\":\"https:\\\/\\\/secure.gravatar.com\\\/avatar\\\/37d968a2e67a6fd04c169c4bdef102d0bc5d31b2546345219e348575eb80e9a0?s=96&d=mm&r=g\",\"url\":\"https:\\\/\\\/secure.gravatar.com\\\/avatar\\\/37d968a2e67a6fd04c169c4bdef102d0bc5d31b2546345219e348575eb80e9a0?s=96&d=mm&r=g\",\"contentUrl\":\"https:\\\/\\\/secure.gravatar.com\\\/avatar\\\/37d968a2e67a6fd04c169c4bdef102d0bc5d31b2546345219e348575eb80e9a0?s=96&d=mm&r=g\",\"caption\":\"redazione\"},\"sameAs\":[\"http:\\\/\\\/www.bellunopress.it\",\"https:\\\/\\\/x.com\\\/bellunopress\"],\"url\":\"https:\\\/\\\/www.bellunopress.it\\\/fr\\\/author\\\/redazione\\\/\"}]}<\/script>\n<!-- \/ Yoast SEO plugin. -->","yoast_head_json":{"title":"Un pezzo di Cortina nelle grappe di Bottega - Bellunopress - Dolomiti","robots":{"index":"index","follow":"follow","max-snippet":"max-snippet:-1","max-image-preview":"max-image-preview:large","max-video-preview":"max-video-preview:-1"},"canonical":"https:\/\/www.bellunopress.it\/fr\/2011\/02\/07\/un-pezzo-di-cortina-nelle-grappe-di-bottega\/","og_locale":"fr_FR","og_type":"article","og_title":"Un pezzo di Cortina nelle grappe di Bottega - Bellunopress - Dolomiti","og_description":"Una piccola miniatura in vetro soffiato di un monte con la scritta &#8220;Cortina&#8221; \u00e8 uno dei progetti dedicati all&#8217;hinterland bellunese da parte della Distilleria Bottega di Conegliano, azienda che da pi\u00f9 di mezzo secolo \u00e8 presente in maniera molto massiccia sulle tavole dei bellunesi con una vasta gamma di grappe, molte della quali artistiche, vini [&hellip;]","og_url":"https:\/\/www.bellunopress.it\/fr\/2011\/02\/07\/un-pezzo-di-cortina-nelle-grappe-di-bottega\/","og_site_name":"Bellunopress - Dolomiti","article_publisher":"https:\/\/www.facebook.com\/profile.php?id=100008943462799","article_published_time":"2011-02-07T18:56:59+00:00","og_image":[{"url":"http:\/\/www.bellunopress.it\/wp-content\/uploads\/2011\/02\/Sandro_Bottega_titolare_della_Distilleria_Bottega.jpg","type":"","width":"","height":""}],"author":"redazione","twitter_card":"summary_large_image","twitter_creator":"@bellunopress","twitter_site":"@bellunopress","twitter_misc":{"Written by":"redazione","Est. reading time":"1 minute"},"schema":{"@context":"https:\/\/schema.org","@graph":[{"@type":"Article","@id":"https:\/\/www.bellunopress.it\/2011\/02\/07\/un-pezzo-di-cortina-nelle-grappe-di-bottega\/#article","isPartOf":{"@id":"https:\/\/www.bellunopress.it\/2011\/02\/07\/un-pezzo-di-cortina-nelle-grappe-di-bottega\/"},"author":{"name":"redazione","@id":"https:\/\/www.bellunopress.it\/#\/schema\/person\/79bb06722b37ece1c03d3e94beb30d73"},"headline":"Un pezzo di Cortina nelle grappe di Bottega","datePublished":"2011-02-07T18:56:59+00:00","mainEntityOfPage":{"@id":"https:\/\/www.bellunopress.it\/2011\/02\/07\/un-pezzo-di-cortina-nelle-grappe-di-bottega\/"},"wordCount":291,"publisher":{"@id":"https:\/\/www.bellunopress.it\/#organization"},"image":{"@id":"https:\/\/www.bellunopress.it\/2011\/02\/07\/un-pezzo-di-cortina-nelle-grappe-di-bottega\/#primaryimage"},"thumbnailUrl":"http:\/\/www.bellunopress.it\/wp-content\/uploads\/2011\/02\/Sandro_Bottega_titolare_della_Distilleria_Bottega.jpg","keywords":["Distilleria Bottega","Sandro Bottega"],"articleSection":["Pausa Caff\u00e8","Pubbliredazionali"],"inLanguage":"fr-FR"},{"@type":"WebPage","@id":"https:\/\/www.bellunopress.it\/2011\/02\/07\/un-pezzo-di-cortina-nelle-grappe-di-bottega\/","url":"https:\/\/www.bellunopress.it\/2011\/02\/07\/un-pezzo-di-cortina-nelle-grappe-di-bottega\/","name":"Un pezzo di Cortina nelle grappe di Bottega - Bellunopress - Dolomiti","isPartOf":{"@id":"https:\/\/www.bellunopress.it\/#website"},"primaryImageOfPage":{"@id":"https:\/\/www.bellunopress.it\/2011\/02\/07\/un-pezzo-di-cortina-nelle-grappe-di-bottega\/#primaryimage"},"image":{"@id":"https:\/\/www.bellunopress.it\/2011\/02\/07\/un-pezzo-di-cortina-nelle-grappe-di-bottega\/#primaryimage"},"thumbnailUrl":"http:\/\/www.bellunopress.it\/wp-content\/uploads\/2011\/02\/Sandro_Bottega_titolare_della_Distilleria_Bottega.jpg","datePublished":"2011-02-07T18:56:59+00:00","breadcrumb":{"@id":"https:\/\/www.bellunopress.it\/2011\/02\/07\/un-pezzo-di-cortina-nelle-grappe-di-bottega\/#breadcrumb"},"inLanguage":"fr-FR","potentialAction":[{"@type":"ReadAction","target":["https:\/\/www.bellunopress.it\/2011\/02\/07\/un-pezzo-di-cortina-nelle-grappe-di-bottega\/"]}]},{"@type":"ImageObject","inLanguage":"fr-FR","@id":"https:\/\/www.bellunopress.it\/2011\/02\/07\/un-pezzo-di-cortina-nelle-grappe-di-bottega\/#primaryimage","url":"http:\/\/www.bellunopress.it\/wp-content\/uploads\/2011\/02\/Sandro_Bottega_titolare_della_Distilleria_Bottega.jpg","contentUrl":"http:\/\/www.bellunopress.it\/wp-content\/uploads\/2011\/02\/Sandro_Bottega_titolare_della_Distilleria_Bottega.jpg"},{"@type":"BreadcrumbList","@id":"https:\/\/www.bellunopress.it\/2011\/02\/07\/un-pezzo-di-cortina-nelle-grappe-di-bottega\/#breadcrumb","itemListElement":[{"@type":"ListItem","position":1,"name":"Home","item":"https:\/\/www.bellunopress.it\/"},{"@type":"ListItem","position":2,"name":"Un pezzo di Cortina nelle grappe di Bottega"}]},{"@type":"WebSite","@id":"https:\/\/www.bellunopress.it\/#website","url":"https:\/\/www.bellunopress.it\/","name":"Bellunopress - Dolomiti","description":"e-mail: redazione@bellunopress.it","publisher":{"@id":"https:\/\/www.bellunopress.it\/#organization"},"potentialAction":[{"@type":"SearchAction","target":{"@type":"EntryPoint","urlTemplate":"https:\/\/www.bellunopress.it\/?s={search_term_string}"},"query-input":{"@type":"PropertyValueSpecification","valueRequired":true,"valueName":"search_term_string"}}],"inLanguage":"fr-FR"},{"@type":"Organization","@id":"https:\/\/www.bellunopress.it\/#organization","name":"Bellunopress","url":"https:\/\/www.bellunopress.it\/","logo":{"@type":"ImageObject","inLanguage":"fr-FR","@id":"https:\/\/www.bellunopress.it\/#\/schema\/logo\/image\/","url":"https:\/\/www.bellunopress.it\/wp-content\/uploads\/2011\/05\/cropped-logo-bellunopress-.jpg","contentUrl":"https:\/\/www.bellunopress.it\/wp-content\/uploads\/2011\/05\/cropped-logo-bellunopress-.jpg","width":512,"height":512,"caption":"Bellunopress"},"image":{"@id":"https:\/\/www.bellunopress.it\/#\/schema\/logo\/image\/"},"sameAs":["https:\/\/www.facebook.com\/profile.php?id=100008943462799","https:\/\/x.com\/bellunopress","https:\/\/www.linkedin.com\/hp\/?dnr=JBzUWaJfMUw8vbXJJ2tVW5-I3jZKvC4wsoxE&amp;amp;amp;amp;amp;amp;trk=nav_responsive_tab_home","https:\/\/www.youtube.com\/channel\/UCxL0wu1uN0_3_7hGG0306cw"]},{"@type":"Person","@id":"https:\/\/www.bellunopress.it\/#\/schema\/person\/79bb06722b37ece1c03d3e94beb30d73","name":"r\u00e9daction","image":{"@type":"ImageObject","inLanguage":"fr-FR","@id":"https:\/\/secure.gravatar.com\/avatar\/37d968a2e67a6fd04c169c4bdef102d0bc5d31b2546345219e348575eb80e9a0?s=96&d=mm&r=g","url":"https:\/\/secure.gravatar.com\/avatar\/37d968a2e67a6fd04c169c4bdef102d0bc5d31b2546345219e348575eb80e9a0?s=96&d=mm&r=g","contentUrl":"https:\/\/secure.gravatar.com\/avatar\/37d968a2e67a6fd04c169c4bdef102d0bc5d31b2546345219e348575eb80e9a0?s=96&d=mm&r=g","caption":"redazione"},"sameAs":["http:\/\/www.bellunopress.it","https:\/\/x.com\/bellunopress"],"url":"https:\/\/www.bellunopress.it\/fr\/author\/redazione\/"}]}},"_links":{"self":[{"href":"https:\/\/www.bellunopress.it\/fr\/wp-json\/wp\/v2\/posts\/23686","targetHints":{"allow":["GET"]}}],"collection":[{"href":"https:\/\/www.bellunopress.it\/fr\/wp-json\/wp\/v2\/posts"}],"about":[{"href":"https:\/\/www.bellunopress.it\/fr\/wp-json\/wp\/v2\/types\/post"}],"author":[{"embeddable":true,"href":"https:\/\/www.bellunopress.it\/fr\/wp-json\/wp\/v2\/users\/2"}],"replies":[{"embeddable":true,"href":"https:\/\/www.bellunopress.it\/fr\/wp-json\/wp\/v2\/comments?post=23686"}],"version-history":[{"count":1,"href":"https:\/\/www.bellunopress.it\/fr\/wp-json\/wp\/v2\/posts\/23686\/revisions"}],"predecessor-version":[{"id":23688,"href":"https:\/\/www.bellunopress.it\/fr\/wp-json\/wp\/v2\/posts\/23686\/revisions\/23688"}],"wp:attachment":[{"href":"https:\/\/www.bellunopress.it\/fr\/wp-json\/wp\/v2\/media?parent=23686"}],"wp:term":[{"taxonomy":"category","embeddable":true,"href":"https:\/\/www.bellunopress.it\/fr\/wp-json\/wp\/v2\/categories?post=23686"},{"taxonomy":"post_tag","embeddable":true,"href":"https:\/\/www.bellunopress.it\/fr\/wp-json\/wp\/v2\/tags?post=23686"}],"curies":[{"name":"wp","href":"https:\/\/api.w.org\/{rel}","templated":true}]}}